{"id":5819,"date":"2018-10-08T16:58:50","date_gmt":"2018-10-08T19:58:50","guid":{"rendered":"http:\/\/medicina.udd.cl\/medicina-santiago\/?p=5819"},"modified":"2018-10-17T12:23:03","modified_gmt":"2018-10-17T15:23:03","slug":"se-realizo-novedoso-seminario-de-urgencias-pediatricas","status":"publish","type":"post","link":"https:\/\/medicina.udd.cl\/medicina-santiago\/noticias\/2018\/10\/08\/se-realizo-novedoso-seminario-de-urgencias-pediatricas\/","title":{"rendered":"Se realiz\u00f3 novedoso Seminario de Urgencias Pedi\u00e1tricas"},"content":{"rendered":"<p>La importancia de una r\u00e1pida detecci\u00f3n a tiempo de las complicaciones que surgen en el \u00e1rea de urgencias, hace necesaria una especializaci\u00f3n que se centre en pediatr\u00eda, por ello el\u00a0d\u00eda 6 de octubre en la Facultad de Medicina Cl\u00ednica Alemana Universidad del desarrollo se llev\u00f3 a cabo un seminario con este foco que permiti\u00f3 entregar herramientas espec\u00edficas para el manejo del paciente pedi\u00e1trico en urgencias.<\/p>\n<p>La actividad organizada por la Academia Cient\u00edfica de Estudiantes de Medicina UDD (ACEM), con apoyo de la Carrera de Medicina y Postgrado, abordaron tem\u00e1ticas que van desde shock s\u00e9ptico, anafilaxia e intoxicaciones hasta una sesi\u00f3n interactiva de casos cl\u00ednicos a cargo de los becados de segundo a\u00f1o del Postgrado de Medicina de Urgencia menci\u00f3n Pediatr\u00eda.<\/p>\n<p>El p\u00fablico que asisti\u00f3 a la jornada comprendi\u00f3 estudiantes y profesionales del \u00e1rea de la salud, internos, becados de pediatr\u00eda, m\u00e9dicos de urgencia general y todos quienes se ven enfrentados en los diferentes servicios de urgencia a la consulta pedi\u00e1trica, la que se remite al 70% de los casos que llegan a esas unidades.<\/p>\n<p>Para la doctora Lupe Heredia, tutora y expositora, el seminario es una herramienta importante de actualizaci\u00f3n. \u201cEl paciente pedi\u00e1trico es dif\u00edcil, quienes trabajan en APS pueden contextualizar a los pacientes y se debe derivar de la mejor manera hacia urgencia. La idea final de estas exposiciones es traer temas que son del diario vivir y aplicar el conocimiento para optimizar el trabajo\u201d, dijo.<\/p>\n","protected":false},"excerpt":{"rendered":"<p>La consulta pedi\u00e1trica se remite al 70% de los casos que llegan a las unidades de urgencias. <\/p>\n","protected":false},"author":9192192,"featured_media":5822,"comment_status":"open","ping_status":"open","sticky":false,"template":"","format":"standard","meta":{"footnotes":""},"categories":[4],"tags":[],"class_list":["post-5819","post","type-post","status-publish","format-standard","has-post-thumbnail","hentry","category-noticias"],"yoast_head":"<!-- This site is optimized with the Yoast SEO plugin v26.9 - https:\/\/yoast.com\/product\/yoast-seo-wordpress\/ -->\n<title>Se realiz\u00f3 novedoso Seminario de Urgencias Pedi\u00e1tricas - Medicina<\/title>\n<meta name=\"robots\" content=\"index, follow, max-snippet:-1, max-image-preview:large, max-video-preview:-1\" \/>\n<link rel=\"canonical\" href=\"https:\/\/medicina.udd.cl\/medicina-santiago\/noticias\/2018\/10\/08\/se-realizo-novedoso-seminario-de-urgencias-pediatricas\/\" \/>\n<meta property=\"og:locale\" content=\"es_ES\" \/>\n<meta property=\"og:type\" content=\"article\" \/>\n<meta property=\"og:title\" content=\"Se realiz\u00f3 novedoso Seminario de Urgencias Pedi\u00e1tricas - Medicina\" \/>\n<meta property=\"og:description\" content=\"La consulta pedi\u00e1trica se remite al 70% de los casos que llegan a las unidades de urgencias.\" \/>\n<meta property=\"og:url\" content=\"https:\/\/medicina.udd.cl\/medicina-santiago\/noticias\/2018\/10\/08\/se-realizo-novedoso-seminario-de-urgencias-pediatricas\/\" \/>\n<meta property=\"og:site_name\" content=\"Medicina\" \/>\n<meta property=\"article:published_time\" content=\"2018-10-08T19:58:50+00:00\" \/>\n<meta property=\"article:modified_time\" content=\"2018-10-17T15:23:03+00:00\" \/>\n<meta property=\"og:image\" content=\"https:\/\/medicina.udd.cl\/medicina-santiago\/files\/2018\/10\/acem.jpg\" \/>\n\t<meta property=\"og:image:width\" content=\"960\" \/>\n\t<meta property=\"og:image:height\" content=\"720\" \/>\n\t<meta property=\"og:image:type\" content=\"image\/jpeg\" \/>\n<meta name=\"author\" content=\"paulinamunoz\" \/>\n<meta name=\"twitter:label1\" content=\"Escrito por\" \/>\n\t<meta name=\"twitter:data1\" content=\"paulinamunoz\" \/>\n\t<meta name=\"twitter:label2\" content=\"Tiempo de lectura\" \/>\n\t<meta name=\"twitter:data2\" content=\"1 minuto\" \/>\n<script type=\"application\/ld+json\" class=\"yoast-schema-graph\">{\"@context\":\"https:\/\/schema.org\",\"@graph\":[{\"@type\":\"Article\",\"@id\":\"https:\/\/medicina.udd.cl\/medicina-santiago\/noticias\/2018\/10\/08\/se-realizo-novedoso-seminario-de-urgencias-pediatricas\/#article\",\"isPartOf\":{\"@id\":\"https:\/\/medicina.udd.cl\/medicina-santiago\/noticias\/2018\/10\/08\/se-realizo-novedoso-seminario-de-urgencias-pediatricas\/\"},\"author\":{\"name\":\"paulinamunoz\",\"@id\":\"https:\/\/medicina.udd.cl\/medicina-santiago\/#\/schema\/person\/8bbd66125b574a40ec467c180c11f2e3\"},\"headline\":\"Se realiz\u00f3 novedoso Seminario de Urgencias Pedi\u00e1tricas\",\"datePublished\":\"2018-10-08T19:58:50+00:00\",\"dateModified\":\"2018-10-17T15:23:03+00:00\",\"mainEntityOfPage\":{\"@id\":\"https:\/\/medicina.udd.cl\/medicina-santiago\/noticias\/2018\/10\/08\/se-realizo-novedoso-seminario-de-urgencias-pediatricas\/\"},\"wordCount\":267,\"commentCount\":0,\"image\":{\"@id\":\"https:\/\/medicina.udd.cl\/medicina-santiago\/noticias\/2018\/10\/08\/se-realizo-novedoso-seminario-de-urgencias-pediatricas\/#primaryimage\"},\"thumbnailUrl\":\"https:\/\/medicina.udd.cl\/medicina-santiago\/files\/2018\/10\/acem.jpg\",\"articleSection\":[\"Noticias\"],\"inLanguage\":\"es\",\"potentialAction\":[{\"@type\":\"CommentAction\",\"name\":\"Comment\",\"target\":[\"https:\/\/medicina.udd.cl\/medicina-santiago\/noticias\/2018\/10\/08\/se-realizo-novedoso-seminario-de-urgencias-pediatricas\/#respond\"]}]},{\"@type\":\"WebPage\",\"@id\":\"https:\/\/medicina.udd.cl\/medicina-santiago\/noticias\/2018\/10\/08\/se-realizo-novedoso-seminario-de-urgencias-pediatricas\/\",\"url\":\"https:\/\/medicina.udd.cl\/medicina-santiago\/noticias\/2018\/10\/08\/se-realizo-novedoso-seminario-de-urgencias-pediatricas\/\",\"name\":\"Se realiz\u00f3 novedoso Seminario de Urgencias Pedi\u00e1tricas - Medicina\",\"isPartOf\":{\"@id\":\"https:\/\/medicina.udd.cl\/medicina-santiago\/#website\"},\"primaryImageOfPage\":{\"@id\":\"https:\/\/medicina.udd.cl\/medicina-santiago\/noticias\/2018\/10\/08\/se-realizo-novedoso-seminario-de-urgencias-pediatricas\/#primaryimage\"},\"image\":{\"@id\":\"https:\/\/medicina.udd.cl\/medicina-santiago\/noticias\/2018\/10\/08\/se-realizo-novedoso-seminario-de-urgencias-pediatricas\/#primaryimage\"},\"thumbnailUrl\":\"https:\/\/medicina.udd.cl\/medicina-santiago\/files\/2018\/10\/acem.jpg\",\"datePublished\":\"2018-10-08T19:58:50+00:00\",\"dateModified\":\"2018-10-17T15:23:03+00:00\",\"author\":{\"@id\":\"https:\/\/medicina.udd.cl\/medicina-santiago\/#\/schema\/person\/8bbd66125b574a40ec467c180c11f2e3\"},\"breadcrumb\":{\"@id\":\"https:\/\/medicina.udd.cl\/medicina-santiago\/noticias\/2018\/10\/08\/se-realizo-novedoso-seminario-de-urgencias-pediatricas\/#breadcrumb\"},\"inLanguage\":\"es\",\"potentialAction\":[{\"@type\":\"ReadAction\",\"target\":[\"https:\/\/medicina.udd.cl\/medicina-santiago\/noticias\/2018\/10\/08\/se-realizo-novedoso-seminario-de-urgencias-pediatricas\/\"]}]},{\"@type\":\"ImageObject\",\"inLanguage\":\"es\",\"@id\":\"https:\/\/medicina.udd.cl\/medicina-santiago\/noticias\/2018\/10\/08\/se-realizo-novedoso-seminario-de-urgencias-pediatricas\/#primaryimage\",\"url\":\"https:\/\/medicina.udd.cl\/medicina-santiago\/files\/2018\/10\/acem.jpg\",\"contentUrl\":\"https:\/\/medicina.udd.cl\/medicina-santiago\/files\/2018\/10\/acem.jpg\",\"width\":960,\"height\":720},{\"@type\":\"BreadcrumbList\",\"@id\":\"https:\/\/medicina.udd.cl\/medicina-santiago\/noticias\/2018\/10\/08\/se-realizo-novedoso-seminario-de-urgencias-pediatricas\/#breadcrumb\",\"itemListElement\":[{\"@type\":\"ListItem\",\"position\":1,\"name\":\"Home\",\"item\":\"https:\/\/medicina.udd.cl\/medicina-santiago\/\"},{\"@type\":\"ListItem\",\"position\":2,\"name\":\"Se realiz\u00f3 novedoso Seminario de Urgencias Pedi\u00e1tricas\"}]},{\"@type\":\"WebSite\",\"@id\":\"https:\/\/medicina.udd.cl\/medicina-santiago\/#website\",\"url\":\"https:\/\/medicina.udd.cl\/medicina-santiago\/\",\"name\":\"Medicina\",\"description\":\"Facultad de Medicina Cl\u00ednica Alemana Universidad del Desarrollo\",\"inLanguage\":\"es\"},{\"@type\":\"Person\",\"@id\":\"https:\/\/medicina.udd.cl\/medicina-santiago\/#\/schema\/person\/8bbd66125b574a40ec467c180c11f2e3\",\"name\":\"paulinamunoz\",\"image\":{\"@type\":\"ImageObject\",\"inLanguage\":\"es\",\"@id\":\"https:\/\/medicina.udd.cl\/medicina-santiago\/#\/schema\/person\/image\/\",\"url\":\"https:\/\/secure.gravatar.com\/avatar\/748ce8fb74e8f8077c4966697a3b3710ca0019e71a62146890c0dcdc705e7f3d?s=96&d=mm&r=g\",\"contentUrl\":\"https:\/\/secure.gravatar.com\/avatar\/748ce8fb74e8f8077c4966697a3b3710ca0019e71a62146890c0dcdc705e7f3d?s=96&d=mm&r=g\",\"caption\":\"paulinamunoz\"},\"url\":\"https:\/\/medicina.udd.cl\/medicina-santiago\/noticias\/author\/paulinamunoz\/\"}]}<\/script>\n<!-- \/ Yoast SEO plugin. -->","yoast_head_json":{"title":"Se realiz\u00f3 novedoso Seminario de Urgencias Pedi\u00e1tricas - Medicina","robots":{"index":"index","follow":"follow","max-snippet":"max-snippet:-1","max-image-preview":"max-image-preview:large","max-video-preview":"max-video-preview:-1"},"canonical":"https:\/\/medicina.udd.cl\/medicina-santiago\/noticias\/2018\/10\/08\/se-realizo-novedoso-seminario-de-urgencias-pediatricas\/","og_locale":"es_ES","og_type":"article","og_title":"Se realiz\u00f3 novedoso Seminario de Urgencias Pedi\u00e1tricas - Medicina","og_description":"La consulta pedi\u00e1trica se remite al 70% de los casos que llegan a las unidades de urgencias.","og_url":"https:\/\/medicina.udd.cl\/medicina-santiago\/noticias\/2018\/10\/08\/se-realizo-novedoso-seminario-de-urgencias-pediatricas\/","og_site_name":"Medicina","article_published_time":"2018-10-08T19:58:50+00:00","article_modified_time":"2018-10-17T15:23:03+00:00","og_image":[{"width":960,"height":720,"url":"https:\/\/medicina.udd.cl\/medicina-santiago\/files\/2018\/10\/acem.jpg","type":"image\/jpeg"}],"author":"paulinamunoz","twitter_misc":{"Escrito por":"paulinamunoz","Tiempo de lectura":"1 minuto"},"schema":{"@context":"https:\/\/schema.org","@graph":[{"@type":"Article","@id":"https:\/\/medicina.udd.cl\/medicina-santiago\/noticias\/2018\/10\/08\/se-realizo-novedoso-seminario-de-urgencias-pediatricas\/#article","isPartOf":{"@id":"https:\/\/medicina.udd.cl\/medicina-santiago\/noticias\/2018\/10\/08\/se-realizo-novedoso-seminario-de-urgencias-pediatricas\/"},"author":{"name":"paulinamunoz","@id":"https:\/\/medicina.udd.cl\/medicina-santiago\/#\/schema\/person\/8bbd66125b574a40ec467c180c11f2e3"},"headline":"Se realiz\u00f3 novedoso Seminario de Urgencias Pedi\u00e1tricas","datePublished":"2018-10-08T19:58:50+00:00","dateModified":"2018-10-17T15:23:03+00:00","mainEntityOfPage":{"@id":"https:\/\/medicina.udd.cl\/medicina-santiago\/noticias\/2018\/10\/08\/se-realizo-novedoso-seminario-de-urgencias-pediatricas\/"},"wordCount":267,"commentCount":0,"image":{"@id":"https:\/\/medicina.udd.cl\/medicina-santiago\/noticias\/2018\/10\/08\/se-realizo-novedoso-seminario-de-urgencias-pediatricas\/#primaryimage"},"thumbnailUrl":"https:\/\/medicina.udd.cl\/medicina-santiago\/files\/2018\/10\/acem.jpg","articleSection":["Noticias"],"inLanguage":"es","potentialAction":[{"@type":"CommentAction","name":"Comment","target":["https:\/\/medicina.udd.cl\/medicina-santiago\/noticias\/2018\/10\/08\/se-realizo-novedoso-seminario-de-urgencias-pediatricas\/#respond"]}]},{"@type":"WebPage","@id":"https:\/\/medicina.udd.cl\/medicina-santiago\/noticias\/2018\/10\/08\/se-realizo-novedoso-seminario-de-urgencias-pediatricas\/","url":"https:\/\/medicina.udd.cl\/medicina-santiago\/noticias\/2018\/10\/08\/se-realizo-novedoso-seminario-de-urgencias-pediatricas\/","name":"Se realiz\u00f3 novedoso Seminario de Urgencias Pedi\u00e1tricas - Medicina","isPartOf":{"@id":"https:\/\/medicina.udd.cl\/medicina-santiago\/#website"},"primaryImageOfPage":{"@id":"https:\/\/medicina.udd.cl\/medicina-santiago\/noticias\/2018\/10\/08\/se-realizo-novedoso-seminario-de-urgencias-pediatricas\/#primaryimage"},"image":{"@id":"https:\/\/medicina.udd.cl\/medicina-santiago\/noticias\/2018\/10\/08\/se-realizo-novedoso-seminario-de-urgencias-pediatricas\/#primaryimage"},"thumbnailUrl":"https:\/\/medicina.udd.cl\/medicina-santiago\/files\/2018\/10\/acem.jpg","datePublished":"2018-10-08T19:58:50+00:00","dateModified":"2018-10-17T15:23:03+00:00","author":{"@id":"https:\/\/medicina.udd.cl\/medicina-santiago\/#\/schema\/person\/8bbd66125b574a40ec467c180c11f2e3"},"breadcrumb":{"@id":"https:\/\/medicina.udd.cl\/medicina-santiago\/noticias\/2018\/10\/08\/se-realizo-novedoso-seminario-de-urgencias-pediatricas\/#breadcrumb"},"inLanguage":"es","potentialAction":[{"@type":"ReadAction","target":["https:\/\/medicina.udd.cl\/medicina-santiago\/noticias\/2018\/10\/08\/se-realizo-novedoso-seminario-de-urgencias-pediatricas\/"]}]},{"@type":"ImageObject","inLanguage":"es","@id":"https:\/\/medicina.udd.cl\/medicina-santiago\/noticias\/2018\/10\/08\/se-realizo-novedoso-seminario-de-urgencias-pediatricas\/#primaryimage","url":"https:\/\/medicina.udd.cl\/medicina-santiago\/files\/2018\/10\/acem.jpg","contentUrl":"https:\/\/medicina.udd.cl\/medicina-santiago\/files\/2018\/10\/acem.jpg","width":960,"height":720},{"@type":"BreadcrumbList","@id":"https:\/\/medicina.udd.cl\/medicina-santiago\/noticias\/2018\/10\/08\/se-realizo-novedoso-seminario-de-urgencias-pediatricas\/#breadcrumb","itemListElement":[{"@type":"ListItem","position":1,"name":"Home","item":"https:\/\/medicina.udd.cl\/medicina-santiago\/"},{"@type":"ListItem","position":2,"name":"Se realiz\u00f3 novedoso Seminario de Urgencias Pedi\u00e1tricas"}]},{"@type":"WebSite","@id":"https:\/\/medicina.udd.cl\/medicina-santiago\/#website","url":"https:\/\/medicina.udd.cl\/medicina-santiago\/","name":"Medicina","description":"Facultad de Medicina Cl\u00ednica Alemana Universidad del Desarrollo","inLanguage":"es"},{"@type":"Person","@id":"https:\/\/medicina.udd.cl\/medicina-santiago\/#\/schema\/person\/8bbd66125b574a40ec467c180c11f2e3","name":"paulinamunoz","image":{"@type":"ImageObject","inLanguage":"es","@id":"https:\/\/medicina.udd.cl\/medicina-santiago\/#\/schema\/person\/image\/","url":"https:\/\/secure.gravatar.com\/avatar\/748ce8fb74e8f8077c4966697a3b3710ca0019e71a62146890c0dcdc705e7f3d?s=96&d=mm&r=g","contentUrl":"https:\/\/secure.gravatar.com\/avatar\/748ce8fb74e8f8077c4966697a3b3710ca0019e71a62146890c0dcdc705e7f3d?s=96&d=mm&r=g","caption":"paulinamunoz"},"url":"https:\/\/medicina.udd.cl\/medicina-santiago\/noticias\/author\/paulinamunoz\/"}]}},"featured_image_url":"https:\/\/medicina.udd.cl\/medicina-santiago\/files\/2018\/10\/acem.jpg","_links":{"self":[{"href":"https:\/\/medicina.udd.cl\/medicina-santiago\/wp-json\/wp\/v2\/posts\/5819","targetHints":{"allow":["GET"]}}],"collection":[{"href":"https:\/\/medicina.udd.cl\/medicina-santiago\/wp-json\/wp\/v2\/posts"}],"about":[{"href":"https:\/\/medicina.udd.cl\/medicina-santiago\/wp-json\/wp\/v2\/types\/post"}],"author":[{"embeddable":true,"href":"https:\/\/medicina.udd.cl\/medicina-santiago\/wp-json\/wp\/v2\/users\/9192192"}],"replies":[{"embeddable":true,"href":"https:\/\/medicina.udd.cl\/medicina-santiago\/wp-json\/wp\/v2\/comments?post=5819"}],"version-history":[{"count":3,"href":"https:\/\/medicina.udd.cl\/medicina-santiago\/wp-json\/wp\/v2\/posts\/5819\/revisions"}],"predecessor-version":[{"id":5824,"href":"https:\/\/medicina.udd.cl\/medicina-santiago\/wp-json\/wp\/v2\/posts\/5819\/revisions\/5824"}],"wp:featuredmedia":[{"embeddable":true,"href":"https:\/\/medicina.udd.cl\/medicina-santiago\/wp-json\/wp\/v2\/media\/5822"}],"wp:attachment":[{"href":"https:\/\/medicina.udd.cl\/medicina-santiago\/wp-json\/wp\/v2\/media?parent=5819"}],"wp:term":[{"taxonomy":"category","embeddable":true,"href":"https:\/\/medicina.udd.cl\/medicina-santiago\/wp-json\/wp\/v2\/categories?post=5819"},{"taxonomy":"post_tag","embeddable":true,"href":"https:\/\/medicina.udd.cl\/medicina-santiago\/wp-json\/wp\/v2\/tags?post=5819"}],"curies":[{"name":"wp","href":"https:\/\/api.w.org\/{rel}","templated":true}]}}