{"id":8890,"date":"2023-10-24T17:35:01","date_gmt":"2023-10-24T20:35:01","guid":{"rendered":"https:\/\/medicina.udd.cl\/medicina-santiago\/?p=8890"},"modified":"2023-10-24T17:35:03","modified_gmt":"2023-10-24T20:35:03","slug":"residente-de-medicina-interna-udd-gano-mejor-presentacion-de-caso-clinico-en-xliv-congreso-de-sociedad-medica-de-santiago-2023","status":"publish","type":"post","link":"https:\/\/medicina.udd.cl\/medicina-santiago\/noticias\/2023\/10\/24\/residente-de-medicina-interna-udd-gano-mejor-presentacion-de-caso-clinico-en-xliv-congreso-de-sociedad-medica-de-santiago-2023\/","title":{"rendered":"Residente de Medicina Interna UDD gan\u00f3 mejor presentaci\u00f3n de caso cl\u00ednico en XLIV Congreso de Sociedad M\u00e9dica de Santiago 2023"},"content":{"rendered":"\n<figure class=\"wp-block-image aligncenter size-large\"><a href=\"https:\/\/medicina.udd.cl\/medicina-santiago\/files\/2023\/10\/postgrado-xliv-congreso-medicina-interna-2023.jpg\"><img loading=\"lazy\" decoding=\"async\" width=\"1024\" height=\"640\" src=\"https:\/\/medicina.udd.cl\/medicina-santiago\/files\/2023\/10\/postgrado-xliv-congreso-medicina-interna-2023-1024x640.jpg\" alt=\"\" class=\"wp-image-8899\" srcset=\"https:\/\/medicina.udd.cl\/medicina-santiago\/files\/2023\/10\/postgrado-xliv-congreso-medicina-interna-2023-1024x640.jpg 1024w, https:\/\/medicina.udd.cl\/medicina-santiago\/files\/2023\/10\/postgrado-xliv-congreso-medicina-interna-2023-300x188.jpg 300w, https:\/\/medicina.udd.cl\/medicina-santiago\/files\/2023\/10\/postgrado-xliv-congreso-medicina-interna-2023-768x480.jpg 768w, https:\/\/medicina.udd.cl\/medicina-santiago\/files\/2023\/10\/postgrado-xliv-congreso-medicina-interna-2023.jpg 1280w\" sizes=\"auto, (max-width: 1024px) 100vw, 1024px\" \/><\/a><\/figure>\n\n\n\n<p>En el marco del XLIV Congreso Chileno de Medicina Interna organizado por la Sociedad M\u00e9dica de Santiago (SMS), la Dra. Isabel Schilling, residente de segundo a\u00f1o de Medicina Interna de la Facultad de Medicina Cl\u00ednica Alemana Universidad del Desarrollo, junto a la colaboraci\u00f3n de cuatro internos de la carrera de Medicina UDD (Florencia Rojas, Mar\u00eda Ignacia Z\u00fa\u00f1iga, Ra\u00fal Cancino y Emiliano V\u00e1squez), se alz\u00f3 con el primer lugar en la presentaci\u00f3n de un caso cl\u00ednico titulado \u00abExpandiendo el espectro diagn\u00f3stico del dolor tor\u00e1cico agudo. Reporte de un caso de necrosis de la grasa peric\u00e1rdica.\u00bb<\/p>\n\n\n\n<p>El Dr. Pablo Gonz\u00e1lez, coordinador de Medicina Interna UDD, elogi\u00f3 el talento de los participantes y destac\u00f3 el papel fundamental de los residentes en la investigaci\u00f3n m\u00e9dica. Durante el congreso, los asistentes pudieron presenciar una variedad de trabajos presentados por residentes, becados, alumnos e internos de la Facultad, incluyendo p\u00f3steres y presentaciones de casos cl\u00ednicos, en este \u00faltimo fue donde la Dra. Isabel Schilling, se destac\u00f3 como la ganadora indiscutible de esta competencia.<\/p>\n\n\n\n<p>Adem\u00e1s de estas presentaciones de casos cl\u00ednicos, se llev\u00f3 a cabo las primeras Olimpiadas Nacionales de Medicina Interna, que atrajo a participantes de nueve facultades de medicina de todo Chile. En esta competencia, los residentes UDD de primero, segundo y tercer a\u00f1o compitieron en un exigente cuestionario y preguntas especializadas, finalizando en la quinta posici\u00f3n.<\/p>\n\n\n\n<p>La Facultad de Medicina felicita a todos los residentes que participaron en estas primeras Olimpiadas Nacionales de Medicina Interna, as\u00ed como a aquellos que contribuyeron con publicaciones de papers y casos cl\u00ednicos. En particular, la Dra. Isabel Schilling se lleva el reconocimiento por su destacado trabajo en el \u00e1mbito de la medicina interna.<\/p>\n\n\n\n<p>Lista de residentes de Medicina Interna de la UDD que participaron en el Congreso:<\/p>\n\n\n\n<ul class=\"wp-block-list\"><li>Dra. Mar\u00eda Dominga Garc\u00eda (3er a\u00f1o)<\/li><li>Dra. Sof\u00eda Bab\u00fan (3er a\u00f1o)<\/li><li>Dra. Lorena Ar\u00edzaga (3er a\u00f1o)<\/li><li>Dr. Francisco Maringer (3er a\u00f1o)<\/li><li>Dra. Mar\u00eda Jos\u00e9 Pradenas (3er a\u00f1o)<\/li><li>Dra. Consuelo P\u00e9rez-Cotapos (3er a\u00f1o)<\/li><li>Dra. Josefina Razmilic (3er a\u00f1o)<\/li><li>Dra. Isabel Schilling (2do a\u00f1o)<\/li><li>Dr. Pedro Err\u00e1zuriz (2do a\u00f1o)<\/li><li>Dra. Ignacia Sep\u00falveda (2do a\u00f1o)<\/li><li>Dra. Valeria Al\u00e9e (2do a\u00f1o)<\/li><li>Dra. Paula Huerta (2do a\u00f1o)<\/li><li>Dra. Josefa Oportus (2do a\u00f1o)<\/li><li>Dra. Francisca Le\u00f3n (2do a\u00f1o)<\/li><li>Dr. Diego Pe\u00f1ailillo (2do a\u00f1o)<\/li><li>Dra. Roc\u00edo Seguel (1er a\u00f1o)<\/li><li>Dr. Rodrigo Arias (1er a\u00f1o)<\/li><li>Dra. Nataly Salinas (1er a\u00f1o)<\/li><li>Dr. Eric Ram\u00edrez (1er a\u00f1o)<\/li><\/ul>\n\n\n\n<figure class=\"wp-block-gallery has-nested-images columns-default is-cropped wp-block-gallery-1 is-layout-flex wp-block-gallery-is-layout-flex\">\n<figure class=\"wp-block-image size-large\"><a href=\"https:\/\/medicina.udd.cl\/medicina-santiago\/files\/2023\/10\/postgrado-xliv-congreso-medicina-interna-2023-5.jpg\"><img loading=\"lazy\" decoding=\"async\" width=\"1280\" height=\"960\" data-id=\"8895\" src=\"https:\/\/medicina.udd.cl\/medicina-santiago\/files\/2023\/10\/postgrado-xliv-congreso-medicina-interna-2023-5.jpg\" alt=\"\" class=\"wp-image-8895\" srcset=\"https:\/\/medicina.udd.cl\/medicina-santiago\/files\/2023\/10\/postgrado-xliv-congreso-medicina-interna-2023-5.jpg 1280w, https:\/\/medicina.udd.cl\/medicina-santiago\/files\/2023\/10\/postgrado-xliv-congreso-medicina-interna-2023-5-300x225.jpg 300w, https:\/\/medicina.udd.cl\/medicina-santiago\/files\/2023\/10\/postgrado-xliv-congreso-medicina-interna-2023-5-1024x768.jpg 1024w, https:\/\/medicina.udd.cl\/medicina-santiago\/files\/2023\/10\/postgrado-xliv-congreso-medicina-interna-2023-5-768x576.jpg 768w\" sizes=\"auto, (max-width: 1280px) 100vw, 1280px\" \/><\/a><\/figure>\n\n\n\n<figure class=\"wp-block-image size-large\"><a href=\"https:\/\/medicina.udd.cl\/medicina-santiago\/files\/2023\/10\/postgrado-xliv-congreso-medicina-interna-2023-4.jpg\"><img loading=\"lazy\" decoding=\"async\" width=\"1280\" height=\"960\" data-id=\"8894\" src=\"https:\/\/medicina.udd.cl\/medicina-santiago\/files\/2023\/10\/postgrado-xliv-congreso-medicina-interna-2023-4.jpg\" alt=\"\" class=\"wp-image-8894\" srcset=\"https:\/\/medicina.udd.cl\/medicina-santiago\/files\/2023\/10\/postgrado-xliv-congreso-medicina-interna-2023-4.jpg 1280w, https:\/\/medicina.udd.cl\/medicina-santiago\/files\/2023\/10\/postgrado-xliv-congreso-medicina-interna-2023-4-300x225.jpg 300w, https:\/\/medicina.udd.cl\/medicina-santiago\/files\/2023\/10\/postgrado-xliv-congreso-medicina-interna-2023-4-1024x768.jpg 1024w, https:\/\/medicina.udd.cl\/medicina-santiago\/files\/2023\/10\/postgrado-xliv-congreso-medicina-interna-2023-4-768x576.jpg 768w\" sizes=\"auto, (max-width: 1280px) 100vw, 1280px\" \/><\/a><\/figure>\n\n\n\n<figure class=\"wp-block-image size-large\"><a href=\"https:\/\/medicina.udd.cl\/medicina-santiago\/files\/2023\/10\/postgrado-xliv-congreso-medicina-interna-2023-6.jpg\"><img loading=\"lazy\" decoding=\"async\" width=\"1280\" height=\"960\" data-id=\"8896\" src=\"https:\/\/medicina.udd.cl\/medicina-santiago\/files\/2023\/10\/postgrado-xliv-congreso-medicina-interna-2023-6.jpg\" alt=\"\" class=\"wp-image-8896\" srcset=\"https:\/\/medicina.udd.cl\/medicina-santiago\/files\/2023\/10\/postgrado-xliv-congreso-medicina-interna-2023-6.jpg 1280w, https:\/\/medicina.udd.cl\/medicina-santiago\/files\/2023\/10\/postgrado-xliv-congreso-medicina-interna-2023-6-300x225.jpg 300w, https:\/\/medicina.udd.cl\/medicina-santiago\/files\/2023\/10\/postgrado-xliv-congreso-medicina-interna-2023-6-1024x768.jpg 1024w, https:\/\/medicina.udd.cl\/medicina-santiago\/files\/2023\/10\/postgrado-xliv-congreso-medicina-interna-2023-6-768x576.jpg 768w\" sizes=\"auto, (max-width: 1280px) 100vw, 1280px\" \/><\/a><\/figure>\n\n\n\n<figure class=\"wp-block-image size-large\"><a href=\"https:\/\/medicina.udd.cl\/medicina-santiago\/files\/2023\/10\/postgrado-xliv-congreso-medicina-interna-2023-3.jpg\"><img loading=\"lazy\" decoding=\"async\" width=\"1280\" height=\"960\" data-id=\"8893\" src=\"https:\/\/medicina.udd.cl\/medicina-santiago\/files\/2023\/10\/postgrado-xliv-congreso-medicina-interna-2023-3.jpg\" alt=\"\" class=\"wp-image-8893\" srcset=\"https:\/\/medicina.udd.cl\/medicina-santiago\/files\/2023\/10\/postgrado-xliv-congreso-medicina-interna-2023-3.jpg 1280w, https:\/\/medicina.udd.cl\/medicina-santiago\/files\/2023\/10\/postgrado-xliv-congreso-medicina-interna-2023-3-300x225.jpg 300w, https:\/\/medicina.udd.cl\/medicina-santiago\/files\/2023\/10\/postgrado-xliv-congreso-medicina-interna-2023-3-1024x768.jpg 1024w, https:\/\/medicina.udd.cl\/medicina-santiago\/files\/2023\/10\/postgrado-xliv-congreso-medicina-interna-2023-3-768x576.jpg 768w\" sizes=\"auto, (max-width: 1280px) 100vw, 1280px\" \/><\/a><\/figure>\n\n\n\n<figure class=\"wp-block-image size-large\"><a href=\"https:\/\/medicina.udd.cl\/medicina-santiago\/files\/2023\/10\/postgrado-xliv-congreso-medicina-interna-2023-2.jpg\"><img loading=\"lazy\" decoding=\"async\" width=\"1280\" height=\"960\" data-id=\"8892\" src=\"https:\/\/medicina.udd.cl\/medicina-santiago\/files\/2023\/10\/postgrado-xliv-congreso-medicina-interna-2023-2.jpg\" alt=\"\" class=\"wp-image-8892\" srcset=\"https:\/\/medicina.udd.cl\/medicina-santiago\/files\/2023\/10\/postgrado-xliv-congreso-medicina-interna-2023-2.jpg 1280w, https:\/\/medicina.udd.cl\/medicina-santiago\/files\/2023\/10\/postgrado-xliv-congreso-medicina-interna-2023-2-300x225.jpg 300w, https:\/\/medicina.udd.cl\/medicina-santiago\/files\/2023\/10\/postgrado-xliv-congreso-medicina-interna-2023-2-1024x768.jpg 1024w, https:\/\/medicina.udd.cl\/medicina-santiago\/files\/2023\/10\/postgrado-xliv-congreso-medicina-interna-2023-2-768x576.jpg 768w\" sizes=\"auto, (max-width: 1280px) 100vw, 1280px\" \/><\/a><\/figure>\n<\/figure>\n","protected":false},"excerpt":{"rendered":"<p>En el marco del XLIV Congreso Chileno de Medicina Interna organizado por la Sociedad M\u00e9dica de Santiago (SMS), la Dra. Isabel Schilling, residente de segundo a\u00f1o de Medicina Interna de la Facultad de Medicina Cl\u00ednica Alemana Universidad del Desarrollo, junto a la colaboraci\u00f3n de cuatro internos de la carrera de Medicina UDD (Florencia Rojas, Mar\u00eda [&hellip;]<\/p>\n","protected":false},"author":9192219,"featured_media":8899,"comment_status":"closed","ping_status":"open","sticky":false,"template":"","format":"standard","meta":{"footnotes":""},"categories":[4],"tags":[],"class_list":["post-8890","post","type-post","status-publish","format-standard","has-post-thumbnail","hentry","category-noticias"],"yoast_head":"<!-- This site is optimized with the Yoast SEO plugin v26.9 - https:\/\/yoast.com\/product\/yoast-seo-wordpress\/ -->\n<title>Residente de Medicina Interna UDD gan\u00f3 mejor presentaci\u00f3n de caso cl\u00ednico en XLIV Congreso de Sociedad M\u00e9dica de Santiago 2023 - Medicina<\/title>\n<meta name=\"robots\" content=\"index, follow, max-snippet:-1, max-image-preview:large, max-video-preview:-1\" \/>\n<link rel=\"canonical\" href=\"https:\/\/medicina.udd.cl\/medicina-santiago\/noticias\/2023\/10\/24\/residente-de-medicina-interna-udd-gano-mejor-presentacion-de-caso-clinico-en-xliv-congreso-de-sociedad-medica-de-santiago-2023\/\" \/>\n<meta property=\"og:locale\" content=\"es_ES\" \/>\n<meta property=\"og:type\" content=\"article\" \/>\n<meta property=\"og:title\" content=\"Residente de Medicina Interna UDD gan\u00f3 mejor presentaci\u00f3n de caso cl\u00ednico en XLIV Congreso de Sociedad M\u00e9dica de Santiago 2023 - Medicina\" \/>\n<meta property=\"og:description\" content=\"En el marco del XLIV Congreso Chileno de Medicina Interna organizado por la Sociedad M\u00e9dica de Santiago (SMS), la Dra. Isabel Schilling, residente de segundo a\u00f1o de Medicina Interna de la Facultad de Medicina Cl\u00ednica Alemana Universidad del Desarrollo, junto a la colaboraci\u00f3n de cuatro internos de la carrera de Medicina UDD (Florencia Rojas, Mar\u00eda [&hellip;]\" \/>\n<meta property=\"og:url\" content=\"https:\/\/medicina.udd.cl\/medicina-santiago\/noticias\/2023\/10\/24\/residente-de-medicina-interna-udd-gano-mejor-presentacion-de-caso-clinico-en-xliv-congreso-de-sociedad-medica-de-santiago-2023\/\" \/>\n<meta property=\"og:site_name\" content=\"Medicina\" \/>\n<meta property=\"article:published_time\" content=\"2023-10-24T20:35:01+00:00\" \/>\n<meta property=\"article:modified_time\" content=\"2023-10-24T20:35:03+00:00\" \/>\n<meta property=\"og:image\" content=\"https:\/\/medicina.udd.cl\/medicina-santiago\/files\/2023\/10\/postgrado-xliv-congreso-medicina-interna-2023.jpg\" \/>\n\t<meta property=\"og:image:width\" content=\"1280\" \/>\n\t<meta property=\"og:image:height\" content=\"800\" \/>\n\t<meta property=\"og:image:type\" content=\"image\/jpeg\" \/>\n<meta name=\"author\" content=\"rbraidy\" \/>\n<meta name=\"twitter:label1\" content=\"Escrito por\" \/>\n\t<meta name=\"twitter:data1\" content=\"rbraidy\" \/>\n\t<meta name=\"twitter:label2\" content=\"Tiempo de lectura\" \/>\n\t<meta name=\"twitter:data2\" content=\"3 minutos\" \/>\n<script type=\"application\/ld+json\" class=\"yoast-schema-graph\">{\"@context\":\"https:\/\/schema.org\",\"@graph\":[{\"@type\":\"Article\",\"@id\":\"https:\/\/medicina.udd.cl\/medicina-santiago\/noticias\/2023\/10\/24\/residente-de-medicina-interna-udd-gano-mejor-presentacion-de-caso-clinico-en-xliv-congreso-de-sociedad-medica-de-santiago-2023\/#article\",\"isPartOf\":{\"@id\":\"https:\/\/medicina.udd.cl\/medicina-santiago\/noticias\/2023\/10\/24\/residente-de-medicina-interna-udd-gano-mejor-presentacion-de-caso-clinico-en-xliv-congreso-de-sociedad-medica-de-santiago-2023\/\"},\"author\":{\"name\":\"rbraidy\",\"@id\":\"https:\/\/medicina.udd.cl\/medicina-santiago\/#\/schema\/person\/dbc3705bf3a93e8be1ba6de0ef950341\"},\"headline\":\"Residente de Medicina Interna UDD gan\u00f3 mejor presentaci\u00f3n de caso cl\u00ednico en XLIV Congreso de Sociedad M\u00e9dica de Santiago 2023\",\"datePublished\":\"2023-10-24T20:35:01+00:00\",\"dateModified\":\"2023-10-24T20:35:03+00:00\",\"mainEntityOfPage\":{\"@id\":\"https:\/\/medicina.udd.cl\/medicina-santiago\/noticias\/2023\/10\/24\/residente-de-medicina-interna-udd-gano-mejor-presentacion-de-caso-clinico-en-xliv-congreso-de-sociedad-medica-de-santiago-2023\/\"},\"wordCount\":464,\"image\":{\"@id\":\"https:\/\/medicina.udd.cl\/medicina-santiago\/noticias\/2023\/10\/24\/residente-de-medicina-interna-udd-gano-mejor-presentacion-de-caso-clinico-en-xliv-congreso-de-sociedad-medica-de-santiago-2023\/#primaryimage\"},\"thumbnailUrl\":\"https:\/\/medicina.udd.cl\/medicina-santiago\/files\/2023\/10\/postgrado-xliv-congreso-medicina-interna-2023.jpg\",\"articleSection\":[\"Noticias\"],\"inLanguage\":\"es\"},{\"@type\":\"WebPage\",\"@id\":\"https:\/\/medicina.udd.cl\/medicina-santiago\/noticias\/2023\/10\/24\/residente-de-medicina-interna-udd-gano-mejor-presentacion-de-caso-clinico-en-xliv-congreso-de-sociedad-medica-de-santiago-2023\/\",\"url\":\"https:\/\/medicina.udd.cl\/medicina-santiago\/noticias\/2023\/10\/24\/residente-de-medicina-interna-udd-gano-mejor-presentacion-de-caso-clinico-en-xliv-congreso-de-sociedad-medica-de-santiago-2023\/\",\"name\":\"Residente de Medicina Interna UDD gan\u00f3 mejor presentaci\u00f3n de caso cl\u00ednico en XLIV Congreso de Sociedad M\u00e9dica de Santiago 2023 - Medicina\",\"isPartOf\":{\"@id\":\"https:\/\/medicina.udd.cl\/medicina-santiago\/#website\"},\"primaryImageOfPage\":{\"@id\":\"https:\/\/medicina.udd.cl\/medicina-santiago\/noticias\/2023\/10\/24\/residente-de-medicina-interna-udd-gano-mejor-presentacion-de-caso-clinico-en-xliv-congreso-de-sociedad-medica-de-santiago-2023\/#primaryimage\"},\"image\":{\"@id\":\"https:\/\/medicina.udd.cl\/medicina-santiago\/noticias\/2023\/10\/24\/residente-de-medicina-interna-udd-gano-mejor-presentacion-de-caso-clinico-en-xliv-congreso-de-sociedad-medica-de-santiago-2023\/#primaryimage\"},\"thumbnailUrl\":\"https:\/\/medicina.udd.cl\/medicina-santiago\/files\/2023\/10\/postgrado-xliv-congreso-medicina-interna-2023.jpg\",\"datePublished\":\"2023-10-24T20:35:01+00:00\",\"dateModified\":\"2023-10-24T20:35:03+00:00\",\"author\":{\"@id\":\"https:\/\/medicina.udd.cl\/medicina-santiago\/#\/schema\/person\/dbc3705bf3a93e8be1ba6de0ef950341\"},\"breadcrumb\":{\"@id\":\"https:\/\/medicina.udd.cl\/medicina-santiago\/noticias\/2023\/10\/24\/residente-de-medicina-interna-udd-gano-mejor-presentacion-de-caso-clinico-en-xliv-congreso-de-sociedad-medica-de-santiago-2023\/#breadcrumb\"},\"inLanguage\":\"es\",\"potentialAction\":[{\"@type\":\"ReadAction\",\"target\":[\"https:\/\/medicina.udd.cl\/medicina-santiago\/noticias\/2023\/10\/24\/residente-de-medicina-interna-udd-gano-mejor-presentacion-de-caso-clinico-en-xliv-congreso-de-sociedad-medica-de-santiago-2023\/\"]}]},{\"@type\":\"ImageObject\",\"inLanguage\":\"es\",\"@id\":\"https:\/\/medicina.udd.cl\/medicina-santiago\/noticias\/2023\/10\/24\/residente-de-medicina-interna-udd-gano-mejor-presentacion-de-caso-clinico-en-xliv-congreso-de-sociedad-medica-de-santiago-2023\/#primaryimage\",\"url\":\"https:\/\/medicina.udd.cl\/medicina-santiago\/files\/2023\/10\/postgrado-xliv-congreso-medicina-interna-2023.jpg\",\"contentUrl\":\"https:\/\/medicina.udd.cl\/medicina-santiago\/files\/2023\/10\/postgrado-xliv-congreso-medicina-interna-2023.jpg\",\"width\":1280,\"height\":800},{\"@type\":\"BreadcrumbList\",\"@id\":\"https:\/\/medicina.udd.cl\/medicina-santiago\/noticias\/2023\/10\/24\/residente-de-medicina-interna-udd-gano-mejor-presentacion-de-caso-clinico-en-xliv-congreso-de-sociedad-medica-de-santiago-2023\/#breadcrumb\",\"itemListElement\":[{\"@type\":\"ListItem\",\"position\":1,\"name\":\"Home\",\"item\":\"https:\/\/medicina.udd.cl\/medicina-santiago\/\"},{\"@type\":\"ListItem\",\"position\":2,\"name\":\"Residente de Medicina Interna UDD gan\u00f3 mejor presentaci\u00f3n de caso cl\u00ednico en XLIV Congreso de Sociedad M\u00e9dica de Santiago 2023\"}]},{\"@type\":\"WebSite\",\"@id\":\"https:\/\/medicina.udd.cl\/medicina-santiago\/#website\",\"url\":\"https:\/\/medicina.udd.cl\/medicina-santiago\/\",\"name\":\"Medicina\",\"description\":\"Facultad de Medicina Cl\u00ednica Alemana Universidad del Desarrollo\",\"inLanguage\":\"es\"},{\"@type\":\"Person\",\"@id\":\"https:\/\/medicina.udd.cl\/medicina-santiago\/#\/schema\/person\/dbc3705bf3a93e8be1ba6de0ef950341\",\"name\":\"rbraidy\",\"image\":{\"@type\":\"ImageObject\",\"inLanguage\":\"es\",\"@id\":\"https:\/\/medicina.udd.cl\/medicina-santiago\/#\/schema\/person\/image\/\",\"url\":\"https:\/\/secure.gravatar.com\/avatar\/0f8bc94637401590e45d2ce17eb65c274cb8870a219de6177f3f23e63fd8cdf3?s=96&d=mm&r=g\",\"contentUrl\":\"https:\/\/secure.gravatar.com\/avatar\/0f8bc94637401590e45d2ce17eb65c274cb8870a219de6177f3f23e63fd8cdf3?s=96&d=mm&r=g\",\"caption\":\"rbraidy\"},\"url\":\"https:\/\/medicina.udd.cl\/medicina-santiago\/noticias\/author\/rbraidy\/\"}]}<\/script>\n<!-- \/ Yoast SEO plugin. -->","yoast_head_json":{"title":"Residente de Medicina Interna UDD gan\u00f3 mejor presentaci\u00f3n de caso cl\u00ednico en XLIV Congreso de Sociedad M\u00e9dica de Santiago 2023 - Medicina","robots":{"index":"index","follow":"follow","max-snippet":"max-snippet:-1","max-image-preview":"max-image-preview:large","max-video-preview":"max-video-preview:-1"},"canonical":"https:\/\/medicina.udd.cl\/medicina-santiago\/noticias\/2023\/10\/24\/residente-de-medicina-interna-udd-gano-mejor-presentacion-de-caso-clinico-en-xliv-congreso-de-sociedad-medica-de-santiago-2023\/","og_locale":"es_ES","og_type":"article","og_title":"Residente de Medicina Interna UDD gan\u00f3 mejor presentaci\u00f3n de caso cl\u00ednico en XLIV Congreso de Sociedad M\u00e9dica de Santiago 2023 - Medicina","og_description":"En el marco del XLIV Congreso Chileno de Medicina Interna organizado por la Sociedad M\u00e9dica de Santiago (SMS), la Dra. Isabel Schilling, residente de segundo a\u00f1o de Medicina Interna de la Facultad de Medicina Cl\u00ednica Alemana Universidad del Desarrollo, junto a la colaboraci\u00f3n de cuatro internos de la carrera de Medicina UDD (Florencia Rojas, Mar\u00eda [&hellip;]","og_url":"https:\/\/medicina.udd.cl\/medicina-santiago\/noticias\/2023\/10\/24\/residente-de-medicina-interna-udd-gano-mejor-presentacion-de-caso-clinico-en-xliv-congreso-de-sociedad-medica-de-santiago-2023\/","og_site_name":"Medicina","article_published_time":"2023-10-24T20:35:01+00:00","article_modified_time":"2023-10-24T20:35:03+00:00","og_image":[{"width":1280,"height":800,"url":"https:\/\/medicina.udd.cl\/medicina-santiago\/files\/2023\/10\/postgrado-xliv-congreso-medicina-interna-2023.jpg","type":"image\/jpeg"}],"author":"rbraidy","twitter_misc":{"Escrito por":"rbraidy","Tiempo de lectura":"3 minutos"},"schema":{"@context":"https:\/\/schema.org","@graph":[{"@type":"Article","@id":"https:\/\/medicina.udd.cl\/medicina-santiago\/noticias\/2023\/10\/24\/residente-de-medicina-interna-udd-gano-mejor-presentacion-de-caso-clinico-en-xliv-congreso-de-sociedad-medica-de-santiago-2023\/#article","isPartOf":{"@id":"https:\/\/medicina.udd.cl\/medicina-santiago\/noticias\/2023\/10\/24\/residente-de-medicina-interna-udd-gano-mejor-presentacion-de-caso-clinico-en-xliv-congreso-de-sociedad-medica-de-santiago-2023\/"},"author":{"name":"rbraidy","@id":"https:\/\/medicina.udd.cl\/medicina-santiago\/#\/schema\/person\/dbc3705bf3a93e8be1ba6de0ef950341"},"headline":"Residente de Medicina Interna UDD gan\u00f3 mejor presentaci\u00f3n de caso cl\u00ednico en XLIV Congreso de Sociedad M\u00e9dica de Santiago 2023","datePublished":"2023-10-24T20:35:01+00:00","dateModified":"2023-10-24T20:35:03+00:00","mainEntityOfPage":{"@id":"https:\/\/medicina.udd.cl\/medicina-santiago\/noticias\/2023\/10\/24\/residente-de-medicina-interna-udd-gano-mejor-presentacion-de-caso-clinico-en-xliv-congreso-de-sociedad-medica-de-santiago-2023\/"},"wordCount":464,"image":{"@id":"https:\/\/medicina.udd.cl\/medicina-santiago\/noticias\/2023\/10\/24\/residente-de-medicina-interna-udd-gano-mejor-presentacion-de-caso-clinico-en-xliv-congreso-de-sociedad-medica-de-santiago-2023\/#primaryimage"},"thumbnailUrl":"https:\/\/medicina.udd.cl\/medicina-santiago\/files\/2023\/10\/postgrado-xliv-congreso-medicina-interna-2023.jpg","articleSection":["Noticias"],"inLanguage":"es"},{"@type":"WebPage","@id":"https:\/\/medicina.udd.cl\/medicina-santiago\/noticias\/2023\/10\/24\/residente-de-medicina-interna-udd-gano-mejor-presentacion-de-caso-clinico-en-xliv-congreso-de-sociedad-medica-de-santiago-2023\/","url":"https:\/\/medicina.udd.cl\/medicina-santiago\/noticias\/2023\/10\/24\/residente-de-medicina-interna-udd-gano-mejor-presentacion-de-caso-clinico-en-xliv-congreso-de-sociedad-medica-de-santiago-2023\/","name":"Residente de Medicina Interna UDD gan\u00f3 mejor presentaci\u00f3n de caso cl\u00ednico en XLIV Congreso de Sociedad M\u00e9dica de Santiago 2023 - Medicina","isPartOf":{"@id":"https:\/\/medicina.udd.cl\/medicina-santiago\/#website"},"primaryImageOfPage":{"@id":"https:\/\/medicina.udd.cl\/medicina-santiago\/noticias\/2023\/10\/24\/residente-de-medicina-interna-udd-gano-mejor-presentacion-de-caso-clinico-en-xliv-congreso-de-sociedad-medica-de-santiago-2023\/#primaryimage"},"image":{"@id":"https:\/\/medicina.udd.cl\/medicina-santiago\/noticias\/2023\/10\/24\/residente-de-medicina-interna-udd-gano-mejor-presentacion-de-caso-clinico-en-xliv-congreso-de-sociedad-medica-de-santiago-2023\/#primaryimage"},"thumbnailUrl":"https:\/\/medicina.udd.cl\/medicina-santiago\/files\/2023\/10\/postgrado-xliv-congreso-medicina-interna-2023.jpg","datePublished":"2023-10-24T20:35:01+00:00","dateModified":"2023-10-24T20:35:03+00:00","author":{"@id":"https:\/\/medicina.udd.cl\/medicina-santiago\/#\/schema\/person\/dbc3705bf3a93e8be1ba6de0ef950341"},"breadcrumb":{"@id":"https:\/\/medicina.udd.cl\/medicina-santiago\/noticias\/2023\/10\/24\/residente-de-medicina-interna-udd-gano-mejor-presentacion-de-caso-clinico-en-xliv-congreso-de-sociedad-medica-de-santiago-2023\/#breadcrumb"},"inLanguage":"es","potentialAction":[{"@type":"ReadAction","target":["https:\/\/medicina.udd.cl\/medicina-santiago\/noticias\/2023\/10\/24\/residente-de-medicina-interna-udd-gano-mejor-presentacion-de-caso-clinico-en-xliv-congreso-de-sociedad-medica-de-santiago-2023\/"]}]},{"@type":"ImageObject","inLanguage":"es","@id":"https:\/\/medicina.udd.cl\/medicina-santiago\/noticias\/2023\/10\/24\/residente-de-medicina-interna-udd-gano-mejor-presentacion-de-caso-clinico-en-xliv-congreso-de-sociedad-medica-de-santiago-2023\/#primaryimage","url":"https:\/\/medicina.udd.cl\/medicina-santiago\/files\/2023\/10\/postgrado-xliv-congreso-medicina-interna-2023.jpg","contentUrl":"https:\/\/medicina.udd.cl\/medicina-santiago\/files\/2023\/10\/postgrado-xliv-congreso-medicina-interna-2023.jpg","width":1280,"height":800},{"@type":"BreadcrumbList","@id":"https:\/\/medicina.udd.cl\/medicina-santiago\/noticias\/2023\/10\/24\/residente-de-medicina-interna-udd-gano-mejor-presentacion-de-caso-clinico-en-xliv-congreso-de-sociedad-medica-de-santiago-2023\/#breadcrumb","itemListElement":[{"@type":"ListItem","position":1,"name":"Home","item":"https:\/\/medicina.udd.cl\/medicina-santiago\/"},{"@type":"ListItem","position":2,"name":"Residente de Medicina Interna UDD gan\u00f3 mejor presentaci\u00f3n de caso cl\u00ednico en XLIV Congreso de Sociedad M\u00e9dica de Santiago 2023"}]},{"@type":"WebSite","@id":"https:\/\/medicina.udd.cl\/medicina-santiago\/#website","url":"https:\/\/medicina.udd.cl\/medicina-santiago\/","name":"Medicina","description":"Facultad de Medicina Cl\u00ednica Alemana Universidad del Desarrollo","inLanguage":"es"},{"@type":"Person","@id":"https:\/\/medicina.udd.cl\/medicina-santiago\/#\/schema\/person\/dbc3705bf3a93e8be1ba6de0ef950341","name":"rbraidy","image":{"@type":"ImageObject","inLanguage":"es","@id":"https:\/\/medicina.udd.cl\/medicina-santiago\/#\/schema\/person\/image\/","url":"https:\/\/secure.gravatar.com\/avatar\/0f8bc94637401590e45d2ce17eb65c274cb8870a219de6177f3f23e63fd8cdf3?s=96&d=mm&r=g","contentUrl":"https:\/\/secure.gravatar.com\/avatar\/0f8bc94637401590e45d2ce17eb65c274cb8870a219de6177f3f23e63fd8cdf3?s=96&d=mm&r=g","caption":"rbraidy"},"url":"https:\/\/medicina.udd.cl\/medicina-santiago\/noticias\/author\/rbraidy\/"}]}},"featured_image_url":"https:\/\/medicina.udd.cl\/medicina-santiago\/files\/2023\/10\/postgrado-xliv-congreso-medicina-interna-2023.jpg","_links":{"self":[{"href":"https:\/\/medicina.udd.cl\/medicina-santiago\/wp-json\/wp\/v2\/posts\/8890","targetHints":{"allow":["GET"]}}],"collection":[{"href":"https:\/\/medicina.udd.cl\/medicina-santiago\/wp-json\/wp\/v2\/posts"}],"about":[{"href":"https:\/\/medicina.udd.cl\/medicina-santiago\/wp-json\/wp\/v2\/types\/post"}],"author":[{"embeddable":true,"href":"https:\/\/medicina.udd.cl\/medicina-santiago\/wp-json\/wp\/v2\/users\/9192219"}],"replies":[{"embeddable":true,"href":"https:\/\/medicina.udd.cl\/medicina-santiago\/wp-json\/wp\/v2\/comments?post=8890"}],"version-history":[{"count":1,"href":"https:\/\/medicina.udd.cl\/medicina-santiago\/wp-json\/wp\/v2\/posts\/8890\/revisions"}],"predecessor-version":[{"id":8900,"href":"https:\/\/medicina.udd.cl\/medicina-santiago\/wp-json\/wp\/v2\/posts\/8890\/revisions\/8900"}],"wp:featuredmedia":[{"embeddable":true,"href":"https:\/\/medicina.udd.cl\/medicina-santiago\/wp-json\/wp\/v2\/media\/8899"}],"wp:attachment":[{"href":"https:\/\/medicina.udd.cl\/medicina-santiago\/wp-json\/wp\/v2\/media?parent=8890"}],"wp:term":[{"taxonomy":"category","embeddable":true,"href":"https:\/\/medicina.udd.cl\/medicina-santiago\/wp-json\/wp\/v2\/categories?post=8890"},{"taxonomy":"post_tag","embeddable":true,"href":"https:\/\/medicina.udd.cl\/medicina-santiago\/wp-json\/wp\/v2\/tags?post=8890"}],"curies":[{"name":"wp","href":"https:\/\/api.w.org\/{rel}","templated":true}]}}