{"id":9766,"date":"2024-06-06T17:33:59","date_gmt":"2024-06-06T21:33:59","guid":{"rendered":"https:\/\/medicina.udd.cl\/medicina-santiago\/?p=9766"},"modified":"2024-06-07T09:49:46","modified_gmt":"2024-06-07T13:49:46","slug":"estudiantes-de-medicina-udd-participan-en-jornada-medica-de-olimpiadas-especiales-en-colegio-diferencial-esperanza-de-renca","status":"publish","type":"post","link":"https:\/\/medicina.udd.cl\/medicina-santiago\/noticias\/2024\/06\/06\/estudiantes-de-medicina-udd-participan-en-jornada-medica-de-olimpiadas-especiales-en-colegio-diferencial-esperanza-de-renca\/","title":{"rendered":"Estudiantes de Medicina UDD participan en jornada m\u00e9dica de Olimpiadas Especiales en Colegio Diferencial Esperanza de Renca"},"content":{"rendered":"\n<figure class=\"wp-block-gallery has-nested-images columns-default is-cropped wp-block-gallery-1 is-layout-flex wp-block-gallery-is-layout-flex\">\n<figure class=\"wp-block-image size-large\"><a href=\"https:\/\/medicina.udd.cl\/medicina-santiago\/files\/2024\/06\/fm-med-olimpiadas-especiales-en-renca-20-1.jpg\"><img loading=\"lazy\" decoding=\"async\" width=\"768\" height=\"1024\" data-id=\"9829\" src=\"https:\/\/medicina.udd.cl\/medicina-santiago\/files\/2024\/06\/fm-med-olimpiadas-especiales-en-renca-20-1-768x1024.jpg\" alt=\"\" class=\"wp-image-9829\" srcset=\"https:\/\/medicina.udd.cl\/medicina-santiago\/files\/2024\/06\/fm-med-olimpiadas-especiales-en-renca-20-1-768x1024.jpg 768w, https:\/\/medicina.udd.cl\/medicina-santiago\/files\/2024\/06\/fm-med-olimpiadas-especiales-en-renca-20-1-225x300.jpg 225w, https:\/\/medicina.udd.cl\/medicina-santiago\/files\/2024\/06\/fm-med-olimpiadas-especiales-en-renca-20-1-1152x1536.jpg 1152w, https:\/\/medicina.udd.cl\/medicina-santiago\/files\/2024\/06\/fm-med-olimpiadas-especiales-en-renca-20-1.jpg 1200w\" sizes=\"auto, (max-width: 768px) 100vw, 768px\" \/><\/a><\/figure>\n\n\n\n<figure class=\"wp-block-image size-large\"><a href=\"https:\/\/medicina.udd.cl\/medicina-santiago\/files\/2024\/06\/fm-med-olimpiadas-especiales-en-renca-8.jpg\"><img loading=\"lazy\" decoding=\"async\" width=\"768\" height=\"1024\" data-id=\"9820\" src=\"https:\/\/medicina.udd.cl\/medicina-santiago\/files\/2024\/06\/fm-med-olimpiadas-especiales-en-renca-8-768x1024.jpg\" alt=\"\" class=\"wp-image-9820\" srcset=\"https:\/\/medicina.udd.cl\/medicina-santiago\/files\/2024\/06\/fm-med-olimpiadas-especiales-en-renca-8-768x1024.jpg 768w, https:\/\/medicina.udd.cl\/medicina-santiago\/files\/2024\/06\/fm-med-olimpiadas-especiales-en-renca-8-225x300.jpg 225w, https:\/\/medicina.udd.cl\/medicina-santiago\/files\/2024\/06\/fm-med-olimpiadas-especiales-en-renca-8-1152x1536.jpg 1152w, https:\/\/medicina.udd.cl\/medicina-santiago\/files\/2024\/06\/fm-med-olimpiadas-especiales-en-renca-8.jpg 1200w\" sizes=\"auto, (max-width: 768px) 100vw, 768px\" \/><\/a><\/figure>\n\n\n\n<figure class=\"wp-block-image size-large\"><a href=\"https:\/\/medicina.udd.cl\/medicina-santiago\/files\/2024\/06\/fm-med-olimpiadas-especiales-en-renca-24-1.jpg\"><img loading=\"lazy\" decoding=\"async\" width=\"670\" height=\"1024\" data-id=\"9835\" src=\"https:\/\/medicina.udd.cl\/medicina-santiago\/files\/2024\/06\/fm-med-olimpiadas-especiales-en-renca-24-1-670x1024.jpg\" alt=\"\" class=\"wp-image-9835\" srcset=\"https:\/\/medicina.udd.cl\/medicina-santiago\/files\/2024\/06\/fm-med-olimpiadas-especiales-en-renca-24-1-670x1024.jpg 670w, https:\/\/medicina.udd.cl\/medicina-santiago\/files\/2024\/06\/fm-med-olimpiadas-especiales-en-renca-24-1-196x300.jpg 196w, https:\/\/medicina.udd.cl\/medicina-santiago\/files\/2024\/06\/fm-med-olimpiadas-especiales-en-renca-24-1-768x1174.jpg 768w, https:\/\/medicina.udd.cl\/medicina-santiago\/files\/2024\/06\/fm-med-olimpiadas-especiales-en-renca-24-1.jpg 945w\" sizes=\"auto, (max-width: 670px) 100vw, 670px\" \/><\/a><\/figure>\n<\/figure>\n\n\n\n<p>En el marco de Olimpiadas Especiales Chile y gracias a la alianza con la Facultad de Medicina Cl\u00ednica Alemana de la Universidad del Desarrollo (UDD), seis estudiantes de Medicina, acompa\u00f1ados por la decana de la Facultad y directora cl\u00ednica de MedFest, Dra. Marcela Castillo, y la directora de la carrera, Dra. Mariana Jadue, visitaron el Colegio Diferencial Esperanza en la comuna de Renca para realizar evaluaciones m\u00e9dicas a 42 ni\u00f1os y j\u00f3venes con necesidades especiales.<\/p>\n\n\n\n<p>La jornada, liderada y organizada por la Dra. Camila Quintana, coordinadora del programa de Salud de las Olimpiadas Especiales Chile, fue enriquecedora y motivadora para todos los involucrados. La Dra. Mariana Jadue se\u00f1al\u00f3 la importancia del deporte para la salud f\u00edsica y mental de los ni\u00f1os y j\u00f3venes, as\u00ed como para su integraci\u00f3n social y trabajo en equipo.<\/p>\n\n\n\n<p>La directora de Medicina UDD tambi\u00e9n destac\u00f3 el impacto positivo de estas jornadas en los estudiantes, que encuentran sentido en su esfuerzo diario al poder diagnosticar y tratar a los pacientes. <em>\u201cCuando se enfrentan a un paciente, y gracias a las competencias que han ido desarrollando, pueden ir ejecutando un examen f\u00edsico efectivo que les permite hacer diagn\u00f3sticos, valoran much\u00edsimo estas instancias y su formaci\u00f3n previa. Detectaron, por ejemplo, muchos ni\u00f1os con problemas de audici\u00f3n y, gracias a la Dra. Marcela Castillo en su rol de otorrinolaring\u00f3loga, pudimos resolver problemas simples, pero tremendamente significativos\u201d<\/em>, a\u00f1adi\u00f3 la Dra. Jadue.<\/p>\n\n\n\n<p>Los estudiantes de tercer y segundo a\u00f1o de Medicina UDD, Nicol\u00e1s Mu\u00f1oz y Benjam\u00edn Gonz\u00e1lez, expresaron su satisfacci\u00f3n por participar por segunda vez en esta jornada. <em>\u201cEs maravilloso ver c\u00f3mo se forma una comunidad alrededor de estas jornadas. Los pap\u00e1s de los ni\u00f1os est\u00e1n siempre muy agradecidos por la labor que se realiza en pro del bienestar de sus hijos. Es incre\u00edble tener esta oportunidad de ser parte del equipo siendo estudiantes, aprendemos much\u00edsimo y nos sentimos muy capaces de atender a pacientes con calidad humana\u201d<\/em>, comentaron.<\/p>\n\n\n\n<p>Por su parte, Antonia Carvallo, estudiante de tercer a\u00f1o de Medicina UDD, destac\u00f3 la importancia de entender las necesidades de la persona durante un examen f\u00edsico, no imponi\u00e9ndose, sino trabajando juntos para lograr un resultado positivo y c\u00f3modo para la persona atendida. <em>\u201cFue una experiencia muy bonita. Nos toc\u00f3 atender a una adolescente llamada Denise, que antes de que ella llegara, nos contaron que le costaba comunicarse y era dif\u00edcil acercarse a ella. Nos toc\u00f3 poner en pr\u00e1ctica lo que nos han ense\u00f1ado, la parte m\u00e1s humana y como adaptarse a ella para poder realizarle el examen f\u00edsico y que al final ella pudiera sentirse c\u00f3moda con lo que est\u00e1bamos haciendo y ayudarla en lo m\u00e1s posible. Fue un aprendizaje muy valioso y un momento muy especial\u201d, destac\u00f3 la alumna. <\/em>Denise, congeni\u00f3 con las estudiantes de manera impresionante, y, contra lo pronosticado, permiti\u00f3 una evaluaci\u00f3n f\u00edsica completa, comunic\u00e1ndose incluso de manera verbal con ellas.<\/p>\n\n\n\n<p>Con respecto a la vivencia de los estudiantes en esta jornada, la decana de la Facultad de Medicina, Dra. Marcela Castillo, se\u00f1al\u00f3 que fue una instancia id\u00f3nea para que los alumnos pusieran en pr\u00e1ctica lo que se les est\u00e1 ense\u00f1ando, bas\u00e1ndose en la esencia del ser. \u201cEste es el momento m\u00e1gico de poner en pr\u00e1ctica lo que queremos que los estudiantes sean, y no me refiero a lo te\u00f3rico que puedan aprender al momento, sino que ellos tengan ese sentido m\u00e1gico de la esencia del ser, y en estas instancias, justamente lo viven y sienten en primera persona y es algo muy especial que sin duda los marca y les hace tener sentido de lo que pueden ayudar realmente a una persona\u201d, destac\u00f3 la Dra. Castillo. &nbsp;<\/p>\n\n\n\n<p>Asimismo, la Dra. Camila Quintana, coordinadora del programa de Salud de la Olimpiadas Especiales Chile, agradeci\u00f3 a la Universidad del Desarrollo y a su Facultad de Medicina, que a trav\u00e9s de las carreras de Nutrici\u00f3n y Diet\u00e9tica y Medicina, apoyan incansablemente jornada tras jornada.<\/p>\n\n\n\n<p>\u201cHay veces que dicen que atender a personas con Discapacidad Intelectual, TEA o sin lenguaje verbal es muy dif\u00edcil, que se necesitan herramientas y equipos especiales. Esta jornada que vivimos me refuerza lo que siempre he cre\u00eddo, que lo \u00fanico que se necesita es tener las ganas de hacer las cosas diferentes, y que ese peque\u00f1o cambio hace grandes diferencias. Por eso reitero mi agradecimiento al equipo valioso de la UDD por fomentar el cambio y promover la salud inclusiva\u201d, enfatiz\u00f3 la doctora Quintana.<\/p>\n\n\n\n<p>Finalmente, la Dra. Mariana Jadue hizo un llamado a m\u00e1s alumnos, docentes, tutores y exalumnos a sumarse a estas jornadas de las Olimpiadas Especiales, asegurando que es una experiencia \u00fanica. <em>\u201cEsta acci\u00f3n le da sentido a lo que estamos haciendo, que es formar a profesionales con calidad humana. Quiero decirles a los estudiantes que se animen a participar, es una instancia absolutamente segura donde ya tener la vocaci\u00f3n para estar estudiando medicina es suficiente para asistir y hacer un gran aporte. Ah\u00ed les ense\u00f1amos, aprenden, practican, as\u00ed que son todos bienvenidos y todos suman\u201d<\/em>, concluy\u00f3.<\/p>\n\n\n\n<figure class=\"wp-block-gallery has-nested-images columns-default is-cropped wp-block-gallery-2 is-layout-flex wp-block-gallery-is-layout-flex\">\n<figure class=\"wp-block-image size-large\"><a href=\"https:\/\/medicina.udd.cl\/medicina-santiago\/files\/2024\/06\/fm-med-olimpiadas-especiales-en-renca-30.jpg\"><img loading=\"lazy\" decoding=\"async\" width=\"768\" height=\"1024\" data-id=\"9805\" src=\"https:\/\/medicina.udd.cl\/medicina-santiago\/files\/2024\/06\/fm-med-olimpiadas-especiales-en-renca-30-768x1024.jpg\" alt=\"\" class=\"wp-image-9805\" srcset=\"https:\/\/medicina.udd.cl\/medicina-santiago\/files\/2024\/06\/fm-med-olimpiadas-especiales-en-renca-30-768x1024.jpg 768w, https:\/\/medicina.udd.cl\/medicina-santiago\/files\/2024\/06\/fm-med-olimpiadas-especiales-en-renca-30-225x300.jpg 225w, https:\/\/medicina.udd.cl\/medicina-santiago\/files\/2024\/06\/fm-med-olimpiadas-especiales-en-renca-30-1152x1536.jpg 1152w, https:\/\/medicina.udd.cl\/medicina-santiago\/files\/2024\/06\/fm-med-olimpiadas-especiales-en-renca-30.jpg 1500w\" sizes=\"auto, (max-width: 768px) 100vw, 768px\" \/><\/a><\/figure>\n\n\n\n<figure class=\"wp-block-image size-large\"><a href=\"https:\/\/medicina.udd.cl\/medicina-santiago\/files\/2024\/06\/fm-med-olimpiadas-especiales-en-renca-23-1.jpg\"><img loading=\"lazy\" decoding=\"async\" width=\"768\" height=\"1024\" data-id=\"9832\" src=\"https:\/\/medicina.udd.cl\/medicina-santiago\/files\/2024\/06\/fm-med-olimpiadas-especiales-en-renca-23-1-768x1024.jpg\" alt=\"\" class=\"wp-image-9832\" srcset=\"https:\/\/medicina.udd.cl\/medicina-santiago\/files\/2024\/06\/fm-med-olimpiadas-especiales-en-renca-23-1-768x1024.jpg 768w, https:\/\/medicina.udd.cl\/medicina-santiago\/files\/2024\/06\/fm-med-olimpiadas-especiales-en-renca-23-1-225x300.jpg 225w, https:\/\/medicina.udd.cl\/medicina-santiago\/files\/2024\/06\/fm-med-olimpiadas-especiales-en-renca-23-1-1152x1536.jpg 1152w, https:\/\/medicina.udd.cl\/medicina-santiago\/files\/2024\/06\/fm-med-olimpiadas-especiales-en-renca-23-1.jpg 1500w\" sizes=\"auto, (max-width: 768px) 100vw, 768px\" \/><\/a><\/figure>\n\n\n\n<figure class=\"wp-block-image size-large\"><a href=\"https:\/\/medicina.udd.cl\/medicina-santiago\/files\/2024\/06\/fm-med-olimpiadas-especiales-en-renca-14.jpg\"><img loading=\"lazy\" decoding=\"async\" width=\"768\" height=\"1024\" data-id=\"9823\" src=\"https:\/\/medicina.udd.cl\/medicina-santiago\/files\/2024\/06\/fm-med-olimpiadas-especiales-en-renca-14-768x1024.jpg\" alt=\"\" class=\"wp-image-9823\" srcset=\"https:\/\/medicina.udd.cl\/medicina-santiago\/files\/2024\/06\/fm-med-olimpiadas-especiales-en-renca-14-768x1024.jpg 768w, https:\/\/medicina.udd.cl\/medicina-santiago\/files\/2024\/06\/fm-med-olimpiadas-especiales-en-renca-14-225x300.jpg 225w, https:\/\/medicina.udd.cl\/medicina-santiago\/files\/2024\/06\/fm-med-olimpiadas-especiales-en-renca-14-1152x1536.jpg 1152w, https:\/\/medicina.udd.cl\/medicina-santiago\/files\/2024\/06\/fm-med-olimpiadas-especiales-en-renca-14.jpg 1200w\" sizes=\"auto, (max-width: 768px) 100vw, 768px\" \/><\/a><\/figure>\n\n\n\n<figure class=\"wp-block-image size-large\"><a href=\"https:\/\/medicina.udd.cl\/medicina-santiago\/files\/2024\/06\/fm-med-olimpiadas-especiales-en-renca-17-1.jpg\"><img loading=\"lazy\" decoding=\"async\" width=\"768\" height=\"1024\" data-id=\"9826\" src=\"https:\/\/medicina.udd.cl\/medicina-santiago\/files\/2024\/06\/fm-med-olimpiadas-especiales-en-renca-17-1-768x1024.jpg\" alt=\"\" class=\"wp-image-9826\" srcset=\"https:\/\/medicina.udd.cl\/medicina-santiago\/files\/2024\/06\/fm-med-olimpiadas-especiales-en-renca-17-1-768x1024.jpg 768w, https:\/\/medicina.udd.cl\/medicina-santiago\/files\/2024\/06\/fm-med-olimpiadas-especiales-en-renca-17-1-225x300.jpg 225w, https:\/\/medicina.udd.cl\/medicina-santiago\/files\/2024\/06\/fm-med-olimpiadas-especiales-en-renca-17-1-1152x1536.jpg 1152w, https:\/\/medicina.udd.cl\/medicina-santiago\/files\/2024\/06\/fm-med-olimpiadas-especiales-en-renca-17-1.jpg 1200w\" sizes=\"auto, (max-width: 768px) 100vw, 768px\" \/><\/a><\/figure>\n\n\n\n<figure class=\"wp-block-image size-large\"><a href=\"https:\/\/medicina.udd.cl\/medicina-santiago\/files\/2024\/06\/fm-med-olimpiadas-especiales-en-renca-29.jpg\"><img loading=\"lazy\" decoding=\"async\" width=\"768\" height=\"1024\" data-id=\"9802\" src=\"https:\/\/medicina.udd.cl\/medicina-santiago\/files\/2024\/06\/fm-med-olimpiadas-especiales-en-renca-29-768x1024.jpg\" alt=\"\" class=\"wp-image-9802\" srcset=\"https:\/\/medicina.udd.cl\/medicina-santiago\/files\/2024\/06\/fm-med-olimpiadas-especiales-en-renca-29-768x1024.jpg 768w, https:\/\/medicina.udd.cl\/medicina-santiago\/files\/2024\/06\/fm-med-olimpiadas-especiales-en-renca-29-225x300.jpg 225w, https:\/\/medicina.udd.cl\/medicina-santiago\/files\/2024\/06\/fm-med-olimpiadas-especiales-en-renca-29-1152x1536.jpg 1152w, https:\/\/medicina.udd.cl\/medicina-santiago\/files\/2024\/06\/fm-med-olimpiadas-especiales-en-renca-29.jpg 1500w\" sizes=\"auto, (max-width: 768px) 100vw, 768px\" \/><\/a><\/figure>\n\n\n\n<figure class=\"wp-block-image size-large\"><a href=\"https:\/\/medicina.udd.cl\/medicina-santiago\/files\/2024\/06\/fm-med-olimpiadas-especiales-en-renca-26.jpg\"><img loading=\"lazy\" decoding=\"async\" width=\"768\" height=\"1024\" data-id=\"9793\" src=\"https:\/\/medicina.udd.cl\/medicina-santiago\/files\/2024\/06\/fm-med-olimpiadas-especiales-en-renca-26-768x1024.jpg\" alt=\"\" class=\"wp-image-9793\" srcset=\"https:\/\/medicina.udd.cl\/medicina-santiago\/files\/2024\/06\/fm-med-olimpiadas-especiales-en-renca-26-768x1024.jpg 768w, https:\/\/medicina.udd.cl\/medicina-santiago\/files\/2024\/06\/fm-med-olimpiadas-especiales-en-renca-26-225x300.jpg 225w, https:\/\/medicina.udd.cl\/medicina-santiago\/files\/2024\/06\/fm-med-olimpiadas-especiales-en-renca-26-1152x1536.jpg 1152w, https:\/\/medicina.udd.cl\/medicina-santiago\/files\/2024\/06\/fm-med-olimpiadas-especiales-en-renca-26.jpg 1500w\" sizes=\"auto, (max-width: 768px) 100vw, 768px\" \/><\/a><\/figure>\n\n\n\n<figure class=\"wp-block-image size-large\"><a href=\"https:\/\/medicina.udd.cl\/medicina-santiago\/files\/2024\/06\/fm-med-olimpiadas-especiales-en-renca-25.jpg\"><img loading=\"lazy\" decoding=\"async\" width=\"768\" height=\"1024\" data-id=\"9790\" src=\"https:\/\/medicina.udd.cl\/medicina-santiago\/files\/2024\/06\/fm-med-olimpiadas-especiales-en-renca-25-768x1024.jpg\" alt=\"\" class=\"wp-image-9790\" srcset=\"https:\/\/medicina.udd.cl\/medicina-santiago\/files\/2024\/06\/fm-med-olimpiadas-especiales-en-renca-25-768x1024.jpg 768w, https:\/\/medicina.udd.cl\/medicina-santiago\/files\/2024\/06\/fm-med-olimpiadas-especiales-en-renca-25-225x300.jpg 225w, https:\/\/medicina.udd.cl\/medicina-santiago\/files\/2024\/06\/fm-med-olimpiadas-especiales-en-renca-25-1152x1536.jpg 1152w, https:\/\/medicina.udd.cl\/medicina-santiago\/files\/2024\/06\/fm-med-olimpiadas-especiales-en-renca-25.jpg 1500w\" sizes=\"auto, (max-width: 768px) 100vw, 768px\" \/><\/a><\/figure>\n\n\n\n<figure class=\"wp-block-image size-large\"><a href=\"https:\/\/medicina.udd.cl\/medicina-santiago\/files\/2024\/06\/fm-med-olimpiadas-especiales-en-renca-23.jpg\"><img loading=\"lazy\" decoding=\"async\" width=\"768\" height=\"1024\" data-id=\"9784\" src=\"https:\/\/medicina.udd.cl\/medicina-santiago\/files\/2024\/06\/fm-med-olimpiadas-especiales-en-renca-23-768x1024.jpg\" alt=\"\" class=\"wp-image-9784\" srcset=\"https:\/\/medicina.udd.cl\/medicina-santiago\/files\/2024\/06\/fm-med-olimpiadas-especiales-en-renca-23-768x1024.jpg 768w, https:\/\/medicina.udd.cl\/medicina-santiago\/files\/2024\/06\/fm-med-olimpiadas-especiales-en-renca-23-225x300.jpg 225w, https:\/\/medicina.udd.cl\/medicina-santiago\/files\/2024\/06\/fm-med-olimpiadas-especiales-en-renca-23-1152x1536.jpg 1152w, https:\/\/medicina.udd.cl\/medicina-santiago\/files\/2024\/06\/fm-med-olimpiadas-especiales-en-renca-23.jpg 1500w\" sizes=\"auto, (max-width: 768px) 100vw, 768px\" \/><\/a><\/figure>\n\n\n\n<figure class=\"wp-block-image size-large\"><a href=\"https:\/\/medicina.udd.cl\/medicina-santiago\/files\/2024\/06\/fm-med-olimpiadas-especiales-en-renca-22.jpg\"><img loading=\"lazy\" decoding=\"async\" width=\"768\" height=\"1024\" data-id=\"9781\" src=\"https:\/\/medicina.udd.cl\/medicina-santiago\/files\/2024\/06\/fm-med-olimpiadas-especiales-en-renca-22-768x1024.jpg\" alt=\"\" class=\"wp-image-9781\" srcset=\"https:\/\/medicina.udd.cl\/medicina-santiago\/files\/2024\/06\/fm-med-olimpiadas-especiales-en-renca-22-768x1024.jpg 768w, https:\/\/medicina.udd.cl\/medicina-santiago\/files\/2024\/06\/fm-med-olimpiadas-especiales-en-renca-22-225x300.jpg 225w, https:\/\/medicina.udd.cl\/medicina-santiago\/files\/2024\/06\/fm-med-olimpiadas-especiales-en-renca-22-1152x1536.jpg 1152w, https:\/\/medicina.udd.cl\/medicina-santiago\/files\/2024\/06\/fm-med-olimpiadas-especiales-en-renca-22.jpg 1500w\" sizes=\"auto, (max-width: 768px) 100vw, 768px\" \/><\/a><\/figure>\n\n\n\n<figure class=\"wp-block-image size-large\"><a href=\"https:\/\/medicina.udd.cl\/medicina-santiago\/files\/2024\/06\/fm-med-olimpiadas-especiales-en-renca-19.jpg\"><img loading=\"lazy\" decoding=\"async\" width=\"768\" height=\"1024\" data-id=\"9775\" src=\"https:\/\/medicina.udd.cl\/medicina-santiago\/files\/2024\/06\/fm-med-olimpiadas-especiales-en-renca-19-768x1024.jpg\" alt=\"\" class=\"wp-image-9775\" srcset=\"https:\/\/medicina.udd.cl\/medicina-santiago\/files\/2024\/06\/fm-med-olimpiadas-especiales-en-renca-19-768x1024.jpg 768w, https:\/\/medicina.udd.cl\/medicina-santiago\/files\/2024\/06\/fm-med-olimpiadas-especiales-en-renca-19-225x300.jpg 225w, https:\/\/medicina.udd.cl\/medicina-santiago\/files\/2024\/06\/fm-med-olimpiadas-especiales-en-renca-19-1152x1536.jpg 1152w, https:\/\/medicina.udd.cl\/medicina-santiago\/files\/2024\/06\/fm-med-olimpiadas-especiales-en-renca-19.jpg 1200w\" sizes=\"auto, (max-width: 768px) 100vw, 768px\" \/><\/a><\/figure>\n\n\n\n<figure class=\"wp-block-image size-large\"><a href=\"https:\/\/medicina.udd.cl\/medicina-santiago\/files\/2024\/06\/fm-med-olimpiadas-especiales-en-renca-17.jpg\"><img loading=\"lazy\" decoding=\"async\" width=\"768\" height=\"1024\" data-id=\"9772\" src=\"https:\/\/medicina.udd.cl\/medicina-santiago\/files\/2024\/06\/fm-med-olimpiadas-especiales-en-renca-17-768x1024.jpg\" alt=\"\" class=\"wp-image-9772\" srcset=\"https:\/\/medicina.udd.cl\/medicina-santiago\/files\/2024\/06\/fm-med-olimpiadas-especiales-en-renca-17-768x1024.jpg 768w, https:\/\/medicina.udd.cl\/medicina-santiago\/files\/2024\/06\/fm-med-olimpiadas-especiales-en-renca-17-225x300.jpg 225w, https:\/\/medicina.udd.cl\/medicina-santiago\/files\/2024\/06\/fm-med-olimpiadas-especiales-en-renca-17-1152x1536.jpg 1152w, https:\/\/medicina.udd.cl\/medicina-santiago\/files\/2024\/06\/fm-med-olimpiadas-especiales-en-renca-17.jpg 1200w\" sizes=\"auto, (max-width: 768px) 100vw, 768px\" \/><\/a><\/figure>\n\n\n\n<figure class=\"wp-block-image size-large\"><a href=\"https:\/\/medicina.udd.cl\/medicina-santiago\/files\/2024\/06\/fm-med-olimpiadas-especiales-en-renca-16.jpg\"><img loading=\"lazy\" decoding=\"async\" width=\"768\" height=\"1024\" data-id=\"9769\" src=\"https:\/\/medicina.udd.cl\/medicina-santiago\/files\/2024\/06\/fm-med-olimpiadas-especiales-en-renca-16-768x1024.jpg\" alt=\"\" class=\"wp-image-9769\" srcset=\"https:\/\/medicina.udd.cl\/medicina-santiago\/files\/2024\/06\/fm-med-olimpiadas-especiales-en-renca-16-768x1024.jpg 768w, https:\/\/medicina.udd.cl\/medicina-santiago\/files\/2024\/06\/fm-med-olimpiadas-especiales-en-renca-16-225x300.jpg 225w, https:\/\/medicina.udd.cl\/medicina-santiago\/files\/2024\/06\/fm-med-olimpiadas-especiales-en-renca-16-1152x1536.jpg 1152w, https:\/\/medicina.udd.cl\/medicina-santiago\/files\/2024\/06\/fm-med-olimpiadas-especiales-en-renca-16.jpg 1200w\" sizes=\"auto, (max-width: 768px) 100vw, 768px\" \/><\/a><\/figure>\n\n\n\n<figure class=\"wp-block-image size-large\"><a href=\"https:\/\/medicina.udd.cl\/medicina-santiago\/files\/2024\/06\/fm-med-olimpiadas-especiales-en-renca-13.jpg\"><img loading=\"lazy\" decoding=\"async\" width=\"768\" height=\"1024\" data-id=\"9838\" src=\"https:\/\/medicina.udd.cl\/medicina-santiago\/files\/2024\/06\/fm-med-olimpiadas-especiales-en-renca-13-768x1024.jpg\" alt=\"\" class=\"wp-image-9838\" srcset=\"https:\/\/medicina.udd.cl\/medicina-santiago\/files\/2024\/06\/fm-med-olimpiadas-especiales-en-renca-13-768x1024.jpg 768w, https:\/\/medicina.udd.cl\/medicina-santiago\/files\/2024\/06\/fm-med-olimpiadas-especiales-en-renca-13-225x300.jpg 225w, https:\/\/medicina.udd.cl\/medicina-santiago\/files\/2024\/06\/fm-med-olimpiadas-especiales-en-renca-13-1152x1536.jpg 1152w, https:\/\/medicina.udd.cl\/medicina-santiago\/files\/2024\/06\/fm-med-olimpiadas-especiales-en-renca-13.jpg 1200w\" sizes=\"auto, (max-width: 768px) 100vw, 768px\" \/><\/a><\/figure>\n\n\n\n<figure class=\"wp-block-image size-large\"><a href=\"https:\/\/medicina.udd.cl\/medicina-santiago\/files\/2024\/06\/fm-med-olimpiadas-especiales-en-renca-7.jpg\"><img loading=\"lazy\" decoding=\"async\" width=\"768\" height=\"1024\" data-id=\"9817\" src=\"https:\/\/medicina.udd.cl\/medicina-santiago\/files\/2024\/06\/fm-med-olimpiadas-especiales-en-renca-7-768x1024.jpg\" alt=\"\" class=\"wp-image-9817\" srcset=\"https:\/\/medicina.udd.cl\/medicina-santiago\/files\/2024\/06\/fm-med-olimpiadas-especiales-en-renca-7-768x1024.jpg 768w, https:\/\/medicina.udd.cl\/medicina-santiago\/files\/2024\/06\/fm-med-olimpiadas-especiales-en-renca-7-225x300.jpg 225w, https:\/\/medicina.udd.cl\/medicina-santiago\/files\/2024\/06\/fm-med-olimpiadas-especiales-en-renca-7-1152x1536.jpg 1152w, https:\/\/medicina.udd.cl\/medicina-santiago\/files\/2024\/06\/fm-med-olimpiadas-especiales-en-renca-7.jpg 1200w\" sizes=\"auto, (max-width: 768px) 100vw, 768px\" \/><\/a><\/figure>\n\n\n\n<figure class=\"wp-block-image size-large\"><a href=\"https:\/\/medicina.udd.cl\/medicina-santiago\/files\/2024\/06\/fm-med-olimpiadas-especiales-en-renca-3.jpg\"><img loading=\"lazy\" decoding=\"async\" width=\"1024\" height=\"768\" data-id=\"9811\" src=\"https:\/\/medicina.udd.cl\/medicina-santiago\/files\/2024\/06\/fm-med-olimpiadas-especiales-en-renca-3-1024x768.jpg\" alt=\"\" class=\"wp-image-9811\" srcset=\"https:\/\/medicina.udd.cl\/medicina-santiago\/files\/2024\/06\/fm-med-olimpiadas-especiales-en-renca-3-1024x768.jpg 1024w, https:\/\/medicina.udd.cl\/medicina-santiago\/files\/2024\/06\/fm-med-olimpiadas-especiales-en-renca-3-300x225.jpg 300w, https:\/\/medicina.udd.cl\/medicina-santiago\/files\/2024\/06\/fm-med-olimpiadas-especiales-en-renca-3-768x576.jpg 768w, https:\/\/medicina.udd.cl\/medicina-santiago\/files\/2024\/06\/fm-med-olimpiadas-especiales-en-renca-3-1536x1152.jpg 1536w, https:\/\/medicina.udd.cl\/medicina-santiago\/files\/2024\/06\/fm-med-olimpiadas-especiales-en-renca-3.jpg 1600w\" sizes=\"auto, (max-width: 1024px) 100vw, 1024px\" \/><\/a><\/figure>\n<\/figure>\n\n\n\n<figure class=\"wp-block-image aligncenter size-large\"><a href=\"https:\/\/medicina.udd.cl\/medicina-santiago\/files\/2024\/06\/fm-med-olimpiadas-especiales-en-renca-31.jpg\"><img loading=\"lazy\" decoding=\"async\" width=\"1024\" height=\"768\" src=\"https:\/\/medicina.udd.cl\/medicina-santiago\/files\/2024\/06\/fm-med-olimpiadas-especiales-en-renca-31-1024x768.jpg\" alt=\"\" class=\"wp-image-9808\" srcset=\"https:\/\/medicina.udd.cl\/medicina-santiago\/files\/2024\/06\/fm-med-olimpiadas-especiales-en-renca-31-1024x768.jpg 1024w, https:\/\/medicina.udd.cl\/medicina-santiago\/files\/2024\/06\/fm-med-olimpiadas-especiales-en-renca-31-300x225.jpg 300w, https:\/\/medicina.udd.cl\/medicina-santiago\/files\/2024\/06\/fm-med-olimpiadas-especiales-en-renca-31-768x576.jpg 768w, https:\/\/medicina.udd.cl\/medicina-santiago\/files\/2024\/06\/fm-med-olimpiadas-especiales-en-renca-31-1536x1152.jpg 1536w, https:\/\/medicina.udd.cl\/medicina-santiago\/files\/2024\/06\/fm-med-olimpiadas-especiales-en-renca-31.jpg 1600w\" sizes=\"auto, (max-width: 1024px) 100vw, 1024px\" \/><\/a><\/figure>\n","protected":false},"excerpt":{"rendered":"<p>En el marco de Olimpiadas Especiales Chile y gracias a la alianza con la Facultad de Medicina Cl\u00ednica Alemana de la Universidad del Desarrollo (UDD), seis estudiantes de Medicina, acompa\u00f1ados por la decana de la Facultad y directora cl\u00ednica de MedFest, Dra. Marcela Castillo, y la directora de la carrera, Dra. Mariana Jadue, visitaron el [&hellip;]<\/p>\n","protected":false},"author":9192219,"featured_media":9808,"comment_status":"closed","ping_status":"open","sticky":false,"template":"","format":"standard","meta":{"footnotes":""},"categories":[4],"tags":[],"class_list":["post-9766","post","type-post","status-publish","format-standard","has-post-thumbnail","hentry","category-noticias"],"yoast_head":"<!-- This site is optimized with the Yoast SEO plugin v26.9 - https:\/\/yoast.com\/product\/yoast-seo-wordpress\/ -->\n<title>Estudiantes de Medicina UDD participan en jornada m\u00e9dica de Olimpiadas Especiales en Colegio Diferencial Esperanza de Renca - Medicina<\/title>\n<meta name=\"robots\" content=\"index, follow, max-snippet:-1, max-image-preview:large, max-video-preview:-1\" \/>\n<link rel=\"canonical\" href=\"https:\/\/medicina.udd.cl\/medicina-santiago\/noticias\/2024\/06\/06\/estudiantes-de-medicina-udd-participan-en-jornada-medica-de-olimpiadas-especiales-en-colegio-diferencial-esperanza-de-renca\/\" \/>\n<meta property=\"og:locale\" content=\"es_ES\" \/>\n<meta property=\"og:type\" content=\"article\" \/>\n<meta property=\"og:title\" content=\"Estudiantes de Medicina UDD participan en jornada m\u00e9dica de Olimpiadas Especiales en Colegio Diferencial Esperanza de Renca - Medicina\" \/>\n<meta property=\"og:description\" content=\"En el marco de Olimpiadas Especiales Chile y gracias a la alianza con la Facultad de Medicina Cl\u00ednica Alemana de la Universidad del Desarrollo (UDD), seis estudiantes de Medicina, acompa\u00f1ados por la decana de la Facultad y directora cl\u00ednica de MedFest, Dra. Marcela Castillo, y la directora de la carrera, Dra. Mariana Jadue, visitaron el [&hellip;]\" \/>\n<meta property=\"og:url\" content=\"https:\/\/medicina.udd.cl\/medicina-santiago\/noticias\/2024\/06\/06\/estudiantes-de-medicina-udd-participan-en-jornada-medica-de-olimpiadas-especiales-en-colegio-diferencial-esperanza-de-renca\/\" \/>\n<meta property=\"og:site_name\" content=\"Medicina\" \/>\n<meta property=\"article:published_time\" content=\"2024-06-06T21:33:59+00:00\" \/>\n<meta property=\"article:modified_time\" content=\"2024-06-07T13:49:46+00:00\" \/>\n<meta property=\"og:image\" content=\"https:\/\/medicina.udd.cl\/medicina-santiago\/files\/2024\/06\/fm-med-olimpiadas-especiales-en-renca-31.jpg\" \/>\n\t<meta property=\"og:image:width\" content=\"1600\" \/>\n\t<meta property=\"og:image:height\" content=\"1200\" \/>\n\t<meta property=\"og:image:type\" content=\"image\/jpeg\" \/>\n<meta name=\"author\" content=\"rbraidy\" \/>\n<meta name=\"twitter:label1\" content=\"Escrito por\" \/>\n\t<meta name=\"twitter:data1\" content=\"rbraidy\" \/>\n\t<meta name=\"twitter:label2\" content=\"Tiempo de lectura\" \/>\n\t<meta name=\"twitter:data2\" content=\"8 minutos\" \/>\n<script type=\"application\/ld+json\" class=\"yoast-schema-graph\">{\"@context\":\"https:\/\/schema.org\",\"@graph\":[{\"@type\":\"Article\",\"@id\":\"https:\/\/medicina.udd.cl\/medicina-santiago\/noticias\/2024\/06\/06\/estudiantes-de-medicina-udd-participan-en-jornada-medica-de-olimpiadas-especiales-en-colegio-diferencial-esperanza-de-renca\/#article\",\"isPartOf\":{\"@id\":\"https:\/\/medicina.udd.cl\/medicina-santiago\/noticias\/2024\/06\/06\/estudiantes-de-medicina-udd-participan-en-jornada-medica-de-olimpiadas-especiales-en-colegio-diferencial-esperanza-de-renca\/\"},\"author\":{\"name\":\"rbraidy\",\"@id\":\"https:\/\/medicina.udd.cl\/medicina-santiago\/#\/schema\/person\/dbc3705bf3a93e8be1ba6de0ef950341\"},\"headline\":\"Estudiantes de Medicina UDD participan en jornada m\u00e9dica de Olimpiadas Especiales en Colegio Diferencial Esperanza de Renca\",\"datePublished\":\"2024-06-06T21:33:59+00:00\",\"dateModified\":\"2024-06-07T13:49:46+00:00\",\"mainEntityOfPage\":{\"@id\":\"https:\/\/medicina.udd.cl\/medicina-santiago\/noticias\/2024\/06\/06\/estudiantes-de-medicina-udd-participan-en-jornada-medica-de-olimpiadas-especiales-en-colegio-diferencial-esperanza-de-renca\/\"},\"wordCount\":905,\"image\":{\"@id\":\"https:\/\/medicina.udd.cl\/medicina-santiago\/noticias\/2024\/06\/06\/estudiantes-de-medicina-udd-participan-en-jornada-medica-de-olimpiadas-especiales-en-colegio-diferencial-esperanza-de-renca\/#primaryimage\"},\"thumbnailUrl\":\"https:\/\/medicina.udd.cl\/medicina-santiago\/files\/2024\/06\/fm-med-olimpiadas-especiales-en-renca-31.jpg\",\"articleSection\":[\"Noticias\"],\"inLanguage\":\"es\"},{\"@type\":\"WebPage\",\"@id\":\"https:\/\/medicina.udd.cl\/medicina-santiago\/noticias\/2024\/06\/06\/estudiantes-de-medicina-udd-participan-en-jornada-medica-de-olimpiadas-especiales-en-colegio-diferencial-esperanza-de-renca\/\",\"url\":\"https:\/\/medicina.udd.cl\/medicina-santiago\/noticias\/2024\/06\/06\/estudiantes-de-medicina-udd-participan-en-jornada-medica-de-olimpiadas-especiales-en-colegio-diferencial-esperanza-de-renca\/\",\"name\":\"Estudiantes de Medicina UDD participan en jornada m\u00e9dica de Olimpiadas Especiales en Colegio Diferencial Esperanza de Renca - Medicina\",\"isPartOf\":{\"@id\":\"https:\/\/medicina.udd.cl\/medicina-santiago\/#website\"},\"primaryImageOfPage\":{\"@id\":\"https:\/\/medicina.udd.cl\/medicina-santiago\/noticias\/2024\/06\/06\/estudiantes-de-medicina-udd-participan-en-jornada-medica-de-olimpiadas-especiales-en-colegio-diferencial-esperanza-de-renca\/#primaryimage\"},\"image\":{\"@id\":\"https:\/\/medicina.udd.cl\/medicina-santiago\/noticias\/2024\/06\/06\/estudiantes-de-medicina-udd-participan-en-jornada-medica-de-olimpiadas-especiales-en-colegio-diferencial-esperanza-de-renca\/#primaryimage\"},\"thumbnailUrl\":\"https:\/\/medicina.udd.cl\/medicina-santiago\/files\/2024\/06\/fm-med-olimpiadas-especiales-en-renca-31.jpg\",\"datePublished\":\"2024-06-06T21:33:59+00:00\",\"dateModified\":\"2024-06-07T13:49:46+00:00\",\"author\":{\"@id\":\"https:\/\/medicina.udd.cl\/medicina-santiago\/#\/schema\/person\/dbc3705bf3a93e8be1ba6de0ef950341\"},\"breadcrumb\":{\"@id\":\"https:\/\/medicina.udd.cl\/medicina-santiago\/noticias\/2024\/06\/06\/estudiantes-de-medicina-udd-participan-en-jornada-medica-de-olimpiadas-especiales-en-colegio-diferencial-esperanza-de-renca\/#breadcrumb\"},\"inLanguage\":\"es\",\"potentialAction\":[{\"@type\":\"ReadAction\",\"target\":[\"https:\/\/medicina.udd.cl\/medicina-santiago\/noticias\/2024\/06\/06\/estudiantes-de-medicina-udd-participan-en-jornada-medica-de-olimpiadas-especiales-en-colegio-diferencial-esperanza-de-renca\/\"]}]},{\"@type\":\"ImageObject\",\"inLanguage\":\"es\",\"@id\":\"https:\/\/medicina.udd.cl\/medicina-santiago\/noticias\/2024\/06\/06\/estudiantes-de-medicina-udd-participan-en-jornada-medica-de-olimpiadas-especiales-en-colegio-diferencial-esperanza-de-renca\/#primaryimage\",\"url\":\"https:\/\/medicina.udd.cl\/medicina-santiago\/files\/2024\/06\/fm-med-olimpiadas-especiales-en-renca-31.jpg\",\"contentUrl\":\"https:\/\/medicina.udd.cl\/medicina-santiago\/files\/2024\/06\/fm-med-olimpiadas-especiales-en-renca-31.jpg\",\"width\":1600,\"height\":1200},{\"@type\":\"BreadcrumbList\",\"@id\":\"https:\/\/medicina.udd.cl\/medicina-santiago\/noticias\/2024\/06\/06\/estudiantes-de-medicina-udd-participan-en-jornada-medica-de-olimpiadas-especiales-en-colegio-diferencial-esperanza-de-renca\/#breadcrumb\",\"itemListElement\":[{\"@type\":\"ListItem\",\"position\":1,\"name\":\"Home\",\"item\":\"https:\/\/medicina.udd.cl\/medicina-santiago\/\"},{\"@type\":\"ListItem\",\"position\":2,\"name\":\"Estudiantes de Medicina UDD participan en jornada m\u00e9dica de Olimpiadas Especiales en Colegio Diferencial Esperanza de Renca\"}]},{\"@type\":\"WebSite\",\"@id\":\"https:\/\/medicina.udd.cl\/medicina-santiago\/#website\",\"url\":\"https:\/\/medicina.udd.cl\/medicina-santiago\/\",\"name\":\"Medicina\",\"description\":\"Facultad de Medicina Cl\u00ednica Alemana Universidad del Desarrollo\",\"inLanguage\":\"es\"},{\"@type\":\"Person\",\"@id\":\"https:\/\/medicina.udd.cl\/medicina-santiago\/#\/schema\/person\/dbc3705bf3a93e8be1ba6de0ef950341\",\"name\":\"rbraidy\",\"image\":{\"@type\":\"ImageObject\",\"inLanguage\":\"es\",\"@id\":\"https:\/\/medicina.udd.cl\/medicina-santiago\/#\/schema\/person\/image\/\",\"url\":\"https:\/\/secure.gravatar.com\/avatar\/0f8bc94637401590e45d2ce17eb65c274cb8870a219de6177f3f23e63fd8cdf3?s=96&d=mm&r=g\",\"contentUrl\":\"https:\/\/secure.gravatar.com\/avatar\/0f8bc94637401590e45d2ce17eb65c274cb8870a219de6177f3f23e63fd8cdf3?s=96&d=mm&r=g\",\"caption\":\"rbraidy\"},\"url\":\"https:\/\/medicina.udd.cl\/medicina-santiago\/noticias\/author\/rbraidy\/\"}]}<\/script>\n<!-- \/ Yoast SEO plugin. -->","yoast_head_json":{"title":"Estudiantes de Medicina UDD participan en jornada m\u00e9dica de Olimpiadas Especiales en Colegio Diferencial Esperanza de Renca - Medicina","robots":{"index":"index","follow":"follow","max-snippet":"max-snippet:-1","max-image-preview":"max-image-preview:large","max-video-preview":"max-video-preview:-1"},"canonical":"https:\/\/medicina.udd.cl\/medicina-santiago\/noticias\/2024\/06\/06\/estudiantes-de-medicina-udd-participan-en-jornada-medica-de-olimpiadas-especiales-en-colegio-diferencial-esperanza-de-renca\/","og_locale":"es_ES","og_type":"article","og_title":"Estudiantes de Medicina UDD participan en jornada m\u00e9dica de Olimpiadas Especiales en Colegio Diferencial Esperanza de Renca - Medicina","og_description":"En el marco de Olimpiadas Especiales Chile y gracias a la alianza con la Facultad de Medicina Cl\u00ednica Alemana de la Universidad del Desarrollo (UDD), seis estudiantes de Medicina, acompa\u00f1ados por la decana de la Facultad y directora cl\u00ednica de MedFest, Dra. Marcela Castillo, y la directora de la carrera, Dra. Mariana Jadue, visitaron el [&hellip;]","og_url":"https:\/\/medicina.udd.cl\/medicina-santiago\/noticias\/2024\/06\/06\/estudiantes-de-medicina-udd-participan-en-jornada-medica-de-olimpiadas-especiales-en-colegio-diferencial-esperanza-de-renca\/","og_site_name":"Medicina","article_published_time":"2024-06-06T21:33:59+00:00","article_modified_time":"2024-06-07T13:49:46+00:00","og_image":[{"width":1600,"height":1200,"url":"https:\/\/medicina.udd.cl\/medicina-santiago\/files\/2024\/06\/fm-med-olimpiadas-especiales-en-renca-31.jpg","type":"image\/jpeg"}],"author":"rbraidy","twitter_misc":{"Escrito por":"rbraidy","Tiempo de lectura":"8 minutos"},"schema":{"@context":"https:\/\/schema.org","@graph":[{"@type":"Article","@id":"https:\/\/medicina.udd.cl\/medicina-santiago\/noticias\/2024\/06\/06\/estudiantes-de-medicina-udd-participan-en-jornada-medica-de-olimpiadas-especiales-en-colegio-diferencial-esperanza-de-renca\/#article","isPartOf":{"@id":"https:\/\/medicina.udd.cl\/medicina-santiago\/noticias\/2024\/06\/06\/estudiantes-de-medicina-udd-participan-en-jornada-medica-de-olimpiadas-especiales-en-colegio-diferencial-esperanza-de-renca\/"},"author":{"name":"rbraidy","@id":"https:\/\/medicina.udd.cl\/medicina-santiago\/#\/schema\/person\/dbc3705bf3a93e8be1ba6de0ef950341"},"headline":"Estudiantes de Medicina UDD participan en jornada m\u00e9dica de Olimpiadas Especiales en Colegio Diferencial Esperanza de Renca","datePublished":"2024-06-06T21:33:59+00:00","dateModified":"2024-06-07T13:49:46+00:00","mainEntityOfPage":{"@id":"https:\/\/medicina.udd.cl\/medicina-santiago\/noticias\/2024\/06\/06\/estudiantes-de-medicina-udd-participan-en-jornada-medica-de-olimpiadas-especiales-en-colegio-diferencial-esperanza-de-renca\/"},"wordCount":905,"image":{"@id":"https:\/\/medicina.udd.cl\/medicina-santiago\/noticias\/2024\/06\/06\/estudiantes-de-medicina-udd-participan-en-jornada-medica-de-olimpiadas-especiales-en-colegio-diferencial-esperanza-de-renca\/#primaryimage"},"thumbnailUrl":"https:\/\/medicina.udd.cl\/medicina-santiago\/files\/2024\/06\/fm-med-olimpiadas-especiales-en-renca-31.jpg","articleSection":["Noticias"],"inLanguage":"es"},{"@type":"WebPage","@id":"https:\/\/medicina.udd.cl\/medicina-santiago\/noticias\/2024\/06\/06\/estudiantes-de-medicina-udd-participan-en-jornada-medica-de-olimpiadas-especiales-en-colegio-diferencial-esperanza-de-renca\/","url":"https:\/\/medicina.udd.cl\/medicina-santiago\/noticias\/2024\/06\/06\/estudiantes-de-medicina-udd-participan-en-jornada-medica-de-olimpiadas-especiales-en-colegio-diferencial-esperanza-de-renca\/","name":"Estudiantes de Medicina UDD participan en jornada m\u00e9dica de Olimpiadas Especiales en Colegio Diferencial Esperanza de Renca - Medicina","isPartOf":{"@id":"https:\/\/medicina.udd.cl\/medicina-santiago\/#website"},"primaryImageOfPage":{"@id":"https:\/\/medicina.udd.cl\/medicina-santiago\/noticias\/2024\/06\/06\/estudiantes-de-medicina-udd-participan-en-jornada-medica-de-olimpiadas-especiales-en-colegio-diferencial-esperanza-de-renca\/#primaryimage"},"image":{"@id":"https:\/\/medicina.udd.cl\/medicina-santiago\/noticias\/2024\/06\/06\/estudiantes-de-medicina-udd-participan-en-jornada-medica-de-olimpiadas-especiales-en-colegio-diferencial-esperanza-de-renca\/#primaryimage"},"thumbnailUrl":"https:\/\/medicina.udd.cl\/medicina-santiago\/files\/2024\/06\/fm-med-olimpiadas-especiales-en-renca-31.jpg","datePublished":"2024-06-06T21:33:59+00:00","dateModified":"2024-06-07T13:49:46+00:00","author":{"@id":"https:\/\/medicina.udd.cl\/medicina-santiago\/#\/schema\/person\/dbc3705bf3a93e8be1ba6de0ef950341"},"breadcrumb":{"@id":"https:\/\/medicina.udd.cl\/medicina-santiago\/noticias\/2024\/06\/06\/estudiantes-de-medicina-udd-participan-en-jornada-medica-de-olimpiadas-especiales-en-colegio-diferencial-esperanza-de-renca\/#breadcrumb"},"inLanguage":"es","potentialAction":[{"@type":"ReadAction","target":["https:\/\/medicina.udd.cl\/medicina-santiago\/noticias\/2024\/06\/06\/estudiantes-de-medicina-udd-participan-en-jornada-medica-de-olimpiadas-especiales-en-colegio-diferencial-esperanza-de-renca\/"]}]},{"@type":"ImageObject","inLanguage":"es","@id":"https:\/\/medicina.udd.cl\/medicina-santiago\/noticias\/2024\/06\/06\/estudiantes-de-medicina-udd-participan-en-jornada-medica-de-olimpiadas-especiales-en-colegio-diferencial-esperanza-de-renca\/#primaryimage","url":"https:\/\/medicina.udd.cl\/medicina-santiago\/files\/2024\/06\/fm-med-olimpiadas-especiales-en-renca-31.jpg","contentUrl":"https:\/\/medicina.udd.cl\/medicina-santiago\/files\/2024\/06\/fm-med-olimpiadas-especiales-en-renca-31.jpg","width":1600,"height":1200},{"@type":"BreadcrumbList","@id":"https:\/\/medicina.udd.cl\/medicina-santiago\/noticias\/2024\/06\/06\/estudiantes-de-medicina-udd-participan-en-jornada-medica-de-olimpiadas-especiales-en-colegio-diferencial-esperanza-de-renca\/#breadcrumb","itemListElement":[{"@type":"ListItem","position":1,"name":"Home","item":"https:\/\/medicina.udd.cl\/medicina-santiago\/"},{"@type":"ListItem","position":2,"name":"Estudiantes de Medicina UDD participan en jornada m\u00e9dica de Olimpiadas Especiales en Colegio Diferencial Esperanza de Renca"}]},{"@type":"WebSite","@id":"https:\/\/medicina.udd.cl\/medicina-santiago\/#website","url":"https:\/\/medicina.udd.cl\/medicina-santiago\/","name":"Medicina","description":"Facultad de Medicina Cl\u00ednica Alemana Universidad del Desarrollo","inLanguage":"es"},{"@type":"Person","@id":"https:\/\/medicina.udd.cl\/medicina-santiago\/#\/schema\/person\/dbc3705bf3a93e8be1ba6de0ef950341","name":"rbraidy","image":{"@type":"ImageObject","inLanguage":"es","@id":"https:\/\/medicina.udd.cl\/medicina-santiago\/#\/schema\/person\/image\/","url":"https:\/\/secure.gravatar.com\/avatar\/0f8bc94637401590e45d2ce17eb65c274cb8870a219de6177f3f23e63fd8cdf3?s=96&d=mm&r=g","contentUrl":"https:\/\/secure.gravatar.com\/avatar\/0f8bc94637401590e45d2ce17eb65c274cb8870a219de6177f3f23e63fd8cdf3?s=96&d=mm&r=g","caption":"rbraidy"},"url":"https:\/\/medicina.udd.cl\/medicina-santiago\/noticias\/author\/rbraidy\/"}]}},"featured_image_url":"https:\/\/medicina.udd.cl\/medicina-santiago\/files\/2024\/06\/fm-med-olimpiadas-especiales-en-renca-31.jpg","_links":{"self":[{"href":"https:\/\/medicina.udd.cl\/medicina-santiago\/wp-json\/wp\/v2\/posts\/9766","targetHints":{"allow":["GET"]}}],"collection":[{"href":"https:\/\/medicina.udd.cl\/medicina-santiago\/wp-json\/wp\/v2\/posts"}],"about":[{"href":"https:\/\/medicina.udd.cl\/medicina-santiago\/wp-json\/wp\/v2\/types\/post"}],"author":[{"embeddable":true,"href":"https:\/\/medicina.udd.cl\/medicina-santiago\/wp-json\/wp\/v2\/users\/9192219"}],"replies":[{"embeddable":true,"href":"https:\/\/medicina.udd.cl\/medicina-santiago\/wp-json\/wp\/v2\/comments?post=9766"}],"version-history":[{"count":3,"href":"https:\/\/medicina.udd.cl\/medicina-santiago\/wp-json\/wp\/v2\/posts\/9766\/revisions"}],"predecessor-version":[{"id":9847,"href":"https:\/\/medicina.udd.cl\/medicina-santiago\/wp-json\/wp\/v2\/posts\/9766\/revisions\/9847"}],"wp:featuredmedia":[{"embeddable":true,"href":"https:\/\/medicina.udd.cl\/medicina-santiago\/wp-json\/wp\/v2\/media\/9808"}],"wp:attachment":[{"href":"https:\/\/medicina.udd.cl\/medicina-santiago\/wp-json\/wp\/v2\/media?parent=9766"}],"wp:term":[{"taxonomy":"category","embeddable":true,"href":"https:\/\/medicina.udd.cl\/medicina-santiago\/wp-json\/wp\/v2\/categories?post=9766"},{"taxonomy":"post_tag","embeddable":true,"href":"https:\/\/medicina.udd.cl\/medicina-santiago\/wp-json\/wp\/v2\/tags?post=9766"}],"curies":[{"name":"wp","href":"https:\/\/api.w.org\/{rel}","templated":true}]}}