{"id":142,"date":"2012-11-21T11:32:24","date_gmt":"2012-11-21T14:32:24","guid":{"rendered":"http:\/\/medicina.udd.cl\/neurologia\/?p=142"},"modified":"2012-11-21T11:32:24","modified_gmt":"2012-11-21T14:32:24","slug":"titulacion-de-programas-de-postgrado-2012","status":"publish","type":"post","link":"https:\/\/medicina.udd.cl\/neurologia\/noticias\/2012\/11\/21\/titulacion-de-programas-de-postgrado-2012\/","title":{"rendered":"Titulaci\u00f3n de programas de Postgrado 2012"},"content":{"rendered":"<div class=\"content-images entry-gallery\"><ul id=\"photos-entry\"><li id=\"image-0\"><img decoding=\"async\" src=\"https:\/\/medicina.udd.cl\/thumbnails\/index.php?src=wp-content\/uploads\/medicina\/blogs.dir\/39\/files\/2012\/11\/Postgrado_2.jpg&amp;w=430&amp;h=270&amp;zc=1&amp;q=100\" alt=\"Postgrado_2\" \/><h3>Postgrado_2<\/h3><\/li><li id=\"image-1\"><img decoding=\"async\" src=\"https:\/\/medicina.udd.cl\/thumbnails\/index.php?src=wp-content\/uploads\/medicina\/blogs.dir\/39\/files\/2012\/11\/Postgrado_.jpg&amp;w=430&amp;h=270&amp;zc=1&amp;q=100\" alt=\"Postgrado_\" \/><h3>Postgrado_<\/h3><\/li><li id=\"image-2\"><img decoding=\"async\" src=\"https:\/\/medicina.udd.cl\/thumbnails\/index.php?src=wp-content\/uploads\/medicina\/blogs.dir\/39\/files\/2012\/11\/Postgrado.jpg&amp;w=430&amp;h=270&amp;zc=1&amp;q=100\" alt=\"Postgrado\" \/><h3>Postgrado<\/h3><\/li><li id=\"image-3\"><img decoding=\"async\" src=\"https:\/\/medicina.udd.cl\/thumbnails\/index.php?src=wp-content\/uploads\/medicina\/blogs.dir\/39\/files\/2012\/11\/Postgrado_1.jpg&amp;w=430&amp;h=270&amp;zc=1&amp;q=100\" alt=\"Postgrado_1\" \/><h3>Postgrado_1<\/h3><\/li><\/ul><ul class=\"paginate-gallery\"><li><a href=\"#image-0\" title=\"Postgrado_2\">Postgrado_2<\/a><\/li>\n<li><a href=\"#image-1\" title=\"Postgrado_\">Postgrado_<\/a><\/li>\n<li><a href=\"#image-2\" title=\"Postgrado\">Postgrado<\/a><\/li>\n<li><a href=\"#image-3\" title=\"Postgrado_1\">Postgrado_1<\/a><\/li>\n<\/ul><\/div>\n<p>El pasado 25 de agosto se realiz\u00f3 la ceremonia de graduaci\u00f3n de Postgrados de la\u00a0<a rel=\"External\" class=\"out\" href=\"http:\/\/medicina.udd.cl\/\">Facultad de Medicina Cl\u00ednica Alemana Universidad del Desarrollo<\/a> con la presencia de las autoridades de la Universidad.<\/p>\n<p>Los alumnos egresaron de los siguientes post\u00edtulos:<\/p>\n<ul>\n<li>Post\u00edtulo de Especialidad M\u00e9dica en Ginecolog\u00eda y Obstetricia<\/li>\n<li>Post\u00edtulo de Especialidad M\u00e9dica en Medicina Interna<\/li>\n<li>Post\u00edtulo de Especialidad M\u00e9dica en Radiolog\u00eda<\/li>\n<li>Post\u00edtulo de Especialidad M\u00e9dica en Cirug\u00eda General<\/li>\n<li>Post\u00edtulo de Especialidad M\u00e9dica en Pediatr\u00eda<\/li>\n<li>Post\u00edtulo de Especialidad M\u00e9dica en Traumatolog\u00eda y Ortopedia<\/li>\n<li>Post\u00edtulo de Subespecialidad M\u00e9dica en Infectolog\u00eda Pedi\u00e1trica<\/li>\n<li>Post\u00edtulo de Cirug\u00eda Reconstructiva de Pelvis y Cadera<\/li>\n<li>Post\u00edtulo de neurolog\u00eda Vascular<\/li>\n<li>Post\u00edtulo de Ecocardiograf\u00eda del Adulto<\/li>\n<li>Post\u00edtulo de Neurorradiolog\u00eda<\/li>\n<li>Post\u00edtulo de Especialidad de Enfermer\u00eda en Intensivo Pedi\u00e1trico<\/li>\n<li>Post\u00edtulo de Especialidad de Enfermer\u00eda en Intensivo del Adulto<\/li>\n<li>Post\u00edtulo de Especialidad de Enfermer\u00eda en Hemodi\u00e1lisis y Trasplante Renal,<\/li>\n<li>Post\u00edtulo de Tecnolog\u00eda M\u00e9dica en Ultrasonido<\/li>\n<\/ul>\n<p>Adem\u00e1s, en la ocasi\u00f3n se entregaron los diplomas a los egresados del Mag\u00edster en Gesti\u00f3n en Salud, a los egresados de los diplomado en Gesti\u00f3n en Salud y Cuidado de Enfermer\u00eda en Unidades de Cuidados Intensivos Adulto.<\/p>\n","protected":false},"excerpt":{"rendered":"<p>La Facultad de Medicina Cl\u00ednica Alemana Universidad del Desarrollo gradu\u00f3  a 54 profesionales de la salud en los diferentes Post\u00edtulos de Especializaci\u00f3n.<\/p>\n","protected":false},"author":9192219,"featured_media":0,"comment_status":"closed","ping_status":"closed","sticky":false,"template":"","format":"standard","meta":{"footnotes":""},"categories":[4],"tags":[],"class_list":["post-142","post","type-post","status-publish","format-standard","hentry","category-noticias"],"yoast_head":"<!-- This site is optimized with the Yoast SEO plugin v26.9 - https:\/\/yoast.com\/product\/yoast-seo-wordpress\/ -->\n<title>Titulaci\u00f3n de programas de Postgrado 2012<\/title>\n<meta name=\"description\" content=\"La Facultad de Medicina Cl\u00ednica Alemana Universidad del Desarrollo gradu\u00f3 a 54 profesionales de la salud en los diferentes Post\u00edtulos de Especializaci\u00f3n.\" \/>\n<meta name=\"robots\" content=\"index, follow, max-snippet:-1, max-image-preview:large, max-video-preview:-1\" \/>\n<link rel=\"canonical\" href=\"https:\/\/medicina.udd.cl\/neurologia\/noticias\/2012\/11\/21\/titulacion-de-programas-de-postgrado-2012\/\" \/>\n<meta property=\"og:locale\" content=\"es_ES\" \/>\n<meta property=\"og:type\" content=\"article\" \/>\n<meta property=\"og:title\" content=\"Titulaci\u00f3n de programas de Postgrado 2012\" \/>\n<meta property=\"og:description\" content=\"La Facultad de Medicina Cl\u00ednica Alemana Universidad del Desarrollo gradu\u00f3 a 54 profesionales de la salud en los diferentes Post\u00edtulos de Especializaci\u00f3n.\" \/>\n<meta property=\"og:url\" content=\"https:\/\/medicina.udd.cl\/neurologia\/noticias\/2012\/11\/21\/titulacion-de-programas-de-postgrado-2012\/\" \/>\n<meta property=\"og:site_name\" content=\"Especialidad en Neurolog\u00eda\" \/>\n<meta property=\"article:published_time\" content=\"2012-11-21T14:32:24+00:00\" \/>\n<meta property=\"og:image\" content=\"https:\/\/medicina.udd.cl\/thumbnails\/index.php?src=wp-content\/uploads\/medicina\/blogs.dir\/39\/files\/2012\/11\/Postgrado_.jpg&amp;w=430&amp;h=270&amp;zc=1&amp;q=100\" \/>\n<meta name=\"author\" content=\"rbraidy\" \/>\n<meta name=\"twitter:label1\" content=\"Escrito por\" \/>\n\t<meta name=\"twitter:data1\" content=\"rbraidy\" \/>\n\t<meta name=\"twitter:label2\" content=\"Tiempo de lectura\" \/>\n\t<meta name=\"twitter:data2\" content=\"1 minuto\" \/>\n<script type=\"application\/ld+json\" class=\"yoast-schema-graph\">{\"@context\":\"https:\/\/schema.org\",\"@graph\":[{\"@type\":\"Article\",\"@id\":\"https:\/\/medicina.udd.cl\/neurologia\/noticias\/2012\/11\/21\/titulacion-de-programas-de-postgrado-2012\/#article\",\"isPartOf\":{\"@id\":\"https:\/\/medicina.udd.cl\/neurologia\/noticias\/2012\/11\/21\/titulacion-de-programas-de-postgrado-2012\/\"},\"author\":{\"name\":\"rbraidy\",\"@id\":\"https:\/\/medicina.udd.cl\/neurologia\/#\/schema\/person\/dbc3705bf3a93e8be1ba6de0ef950341\"},\"headline\":\"Titulaci\u00f3n de programas de Postgrado 2012\",\"datePublished\":\"2012-11-21T14:32:24+00:00\",\"mainEntityOfPage\":{\"@id\":\"https:\/\/medicina.udd.cl\/neurologia\/noticias\/2012\/11\/21\/titulacion-de-programas-de-postgrado-2012\/\"},\"wordCount\":233,\"articleSection\":[\"Noticias\"],\"inLanguage\":\"es\"},{\"@type\":\"WebPage\",\"@id\":\"https:\/\/medicina.udd.cl\/neurologia\/noticias\/2012\/11\/21\/titulacion-de-programas-de-postgrado-2012\/\",\"url\":\"https:\/\/medicina.udd.cl\/neurologia\/noticias\/2012\/11\/21\/titulacion-de-programas-de-postgrado-2012\/\",\"name\":\"Titulaci\u00f3n de programas de Postgrado 2012\",\"isPartOf\":{\"@id\":\"https:\/\/medicina.udd.cl\/neurologia\/#website\"},\"datePublished\":\"2012-11-21T14:32:24+00:00\",\"author\":{\"@id\":\"https:\/\/medicina.udd.cl\/neurologia\/#\/schema\/person\/dbc3705bf3a93e8be1ba6de0ef950341\"},\"description\":\"La Facultad de Medicina Cl\u00ednica Alemana Universidad del Desarrollo gradu\u00f3 a 54 profesionales de la salud en los diferentes Post\u00edtulos de Especializaci\u00f3n.\",\"breadcrumb\":{\"@id\":\"https:\/\/medicina.udd.cl\/neurologia\/noticias\/2012\/11\/21\/titulacion-de-programas-de-postgrado-2012\/#breadcrumb\"},\"inLanguage\":\"es\",\"potentialAction\":[{\"@type\":\"ReadAction\",\"target\":[\"https:\/\/medicina.udd.cl\/neurologia\/noticias\/2012\/11\/21\/titulacion-de-programas-de-postgrado-2012\/\"]}]},{\"@type\":\"BreadcrumbList\",\"@id\":\"https:\/\/medicina.udd.cl\/neurologia\/noticias\/2012\/11\/21\/titulacion-de-programas-de-postgrado-2012\/#breadcrumb\",\"itemListElement\":[{\"@type\":\"ListItem\",\"position\":1,\"name\":\"Home\",\"item\":\"https:\/\/medicina.udd.cl\/neurologia\/\"},{\"@type\":\"ListItem\",\"position\":2,\"name\":\"Titulaci\u00f3n de programas de Postgrado 2012\"}]},{\"@type\":\"WebSite\",\"@id\":\"https:\/\/medicina.udd.cl\/neurologia\/#website\",\"url\":\"https:\/\/medicina.udd.cl\/neurologia\/\",\"name\":\"Especialidad en Neurolog\u00eda\",\"description\":\"Otro sitio m\u00e1s de Medicina\",\"potentialAction\":[{\"@type\":\"SearchAction\",\"target\":{\"@type\":\"EntryPoint\",\"urlTemplate\":\"https:\/\/medicina.udd.cl\/neurologia\/?s={search_term_string}\"},\"query-input\":{\"@type\":\"PropertyValueSpecification\",\"valueRequired\":true,\"valueName\":\"search_term_string\"}}],\"inLanguage\":\"es\"},{\"@type\":\"Person\",\"@id\":\"https:\/\/medicina.udd.cl\/neurologia\/#\/schema\/person\/dbc3705bf3a93e8be1ba6de0ef950341\",\"name\":\"rbraidy\",\"image\":{\"@type\":\"ImageObject\",\"inLanguage\":\"es\",\"@id\":\"https:\/\/medicina.udd.cl\/neurologia\/#\/schema\/person\/image\/\",\"url\":\"https:\/\/secure.gravatar.com\/avatar\/0f8bc94637401590e45d2ce17eb65c274cb8870a219de6177f3f23e63fd8cdf3?s=96&d=mm&r=g\",\"contentUrl\":\"https:\/\/secure.gravatar.com\/avatar\/0f8bc94637401590e45d2ce17eb65c274cb8870a219de6177f3f23e63fd8cdf3?s=96&d=mm&r=g\",\"caption\":\"rbraidy\"},\"url\":\"https:\/\/medicina.udd.cl\/neurologia\/noticias\/author\/rbraidy\/\"}]}<\/script>\n<!-- \/ Yoast SEO plugin. -->","yoast_head_json":{"title":"Titulaci\u00f3n de programas de Postgrado 2012","description":"La Facultad de Medicina Cl\u00ednica Alemana Universidad del Desarrollo gradu\u00f3 a 54 profesionales de la salud en los diferentes Post\u00edtulos de Especializaci\u00f3n.","robots":{"index":"index","follow":"follow","max-snippet":"max-snippet:-1","max-image-preview":"max-image-preview:large","max-video-preview":"max-video-preview:-1"},"canonical":"https:\/\/medicina.udd.cl\/neurologia\/noticias\/2012\/11\/21\/titulacion-de-programas-de-postgrado-2012\/","og_locale":"es_ES","og_type":"article","og_title":"Titulaci\u00f3n de programas de Postgrado 2012","og_description":"La Facultad de Medicina Cl\u00ednica Alemana Universidad del Desarrollo gradu\u00f3 a 54 profesionales de la salud en los diferentes Post\u00edtulos de Especializaci\u00f3n.","og_url":"https:\/\/medicina.udd.cl\/neurologia\/noticias\/2012\/11\/21\/titulacion-de-programas-de-postgrado-2012\/","og_site_name":"Especialidad en Neurolog\u00eda","article_published_time":"2012-11-21T14:32:24+00:00","og_image":[{"url":"https:\/\/medicina.udd.cl\/thumbnails\/index.php?src=wp-content\/uploads\/medicina\/blogs.dir\/39\/files\/2012\/11\/Postgrado_.jpg&amp;w=430&amp;h=270&amp;zc=1&amp;q=100","type":"","width":"","height":""}],"author":"rbraidy","twitter_misc":{"Escrito por":"rbraidy","Tiempo de lectura":"1 minuto"},"schema":{"@context":"https:\/\/schema.org","@graph":[{"@type":"Article","@id":"https:\/\/medicina.udd.cl\/neurologia\/noticias\/2012\/11\/21\/titulacion-de-programas-de-postgrado-2012\/#article","isPartOf":{"@id":"https:\/\/medicina.udd.cl\/neurologia\/noticias\/2012\/11\/21\/titulacion-de-programas-de-postgrado-2012\/"},"author":{"name":"rbraidy","@id":"https:\/\/medicina.udd.cl\/neurologia\/#\/schema\/person\/dbc3705bf3a93e8be1ba6de0ef950341"},"headline":"Titulaci\u00f3n de programas de Postgrado 2012","datePublished":"2012-11-21T14:32:24+00:00","mainEntityOfPage":{"@id":"https:\/\/medicina.udd.cl\/neurologia\/noticias\/2012\/11\/21\/titulacion-de-programas-de-postgrado-2012\/"},"wordCount":233,"articleSection":["Noticias"],"inLanguage":"es"},{"@type":"WebPage","@id":"https:\/\/medicina.udd.cl\/neurologia\/noticias\/2012\/11\/21\/titulacion-de-programas-de-postgrado-2012\/","url":"https:\/\/medicina.udd.cl\/neurologia\/noticias\/2012\/11\/21\/titulacion-de-programas-de-postgrado-2012\/","name":"Titulaci\u00f3n de programas de Postgrado 2012","isPartOf":{"@id":"https:\/\/medicina.udd.cl\/neurologia\/#website"},"datePublished":"2012-11-21T14:32:24+00:00","author":{"@id":"https:\/\/medicina.udd.cl\/neurologia\/#\/schema\/person\/dbc3705bf3a93e8be1ba6de0ef950341"},"description":"La Facultad de Medicina Cl\u00ednica Alemana Universidad del Desarrollo gradu\u00f3 a 54 profesionales de la salud en los diferentes Post\u00edtulos de Especializaci\u00f3n.","breadcrumb":{"@id":"https:\/\/medicina.udd.cl\/neurologia\/noticias\/2012\/11\/21\/titulacion-de-programas-de-postgrado-2012\/#breadcrumb"},"inLanguage":"es","potentialAction":[{"@type":"ReadAction","target":["https:\/\/medicina.udd.cl\/neurologia\/noticias\/2012\/11\/21\/titulacion-de-programas-de-postgrado-2012\/"]}]},{"@type":"BreadcrumbList","@id":"https:\/\/medicina.udd.cl\/neurologia\/noticias\/2012\/11\/21\/titulacion-de-programas-de-postgrado-2012\/#breadcrumb","itemListElement":[{"@type":"ListItem","position":1,"name":"Home","item":"https:\/\/medicina.udd.cl\/neurologia\/"},{"@type":"ListItem","position":2,"name":"Titulaci\u00f3n de programas de Postgrado 2012"}]},{"@type":"WebSite","@id":"https:\/\/medicina.udd.cl\/neurologia\/#website","url":"https:\/\/medicina.udd.cl\/neurologia\/","name":"Especialidad en Neurolog\u00eda","description":"Otro sitio m\u00e1s de Medicina","potentialAction":[{"@type":"SearchAction","target":{"@type":"EntryPoint","urlTemplate":"https:\/\/medicina.udd.cl\/neurologia\/?s={search_term_string}"},"query-input":{"@type":"PropertyValueSpecification","valueRequired":true,"valueName":"search_term_string"}}],"inLanguage":"es"},{"@type":"Person","@id":"https:\/\/medicina.udd.cl\/neurologia\/#\/schema\/person\/dbc3705bf3a93e8be1ba6de0ef950341","name":"rbraidy","image":{"@type":"ImageObject","inLanguage":"es","@id":"https:\/\/medicina.udd.cl\/neurologia\/#\/schema\/person\/image\/","url":"https:\/\/secure.gravatar.com\/avatar\/0f8bc94637401590e45d2ce17eb65c274cb8870a219de6177f3f23e63fd8cdf3?s=96&d=mm&r=g","contentUrl":"https:\/\/secure.gravatar.com\/avatar\/0f8bc94637401590e45d2ce17eb65c274cb8870a219de6177f3f23e63fd8cdf3?s=96&d=mm&r=g","caption":"rbraidy"},"url":"https:\/\/medicina.udd.cl\/neurologia\/noticias\/author\/rbraidy\/"}]}},"_links":{"self":[{"href":"https:\/\/medicina.udd.cl\/neurologia\/wp-json\/wp\/v2\/posts\/142","targetHints":{"allow":["GET"]}}],"collection":[{"href":"https:\/\/medicina.udd.cl\/neurologia\/wp-json\/wp\/v2\/posts"}],"about":[{"href":"https:\/\/medicina.udd.cl\/neurologia\/wp-json\/wp\/v2\/types\/post"}],"author":[{"embeddable":true,"href":"https:\/\/medicina.udd.cl\/neurologia\/wp-json\/wp\/v2\/users\/9192219"}],"replies":[{"embeddable":true,"href":"https:\/\/medicina.udd.cl\/neurologia\/wp-json\/wp\/v2\/comments?post=142"}],"version-history":[{"count":1,"href":"https:\/\/medicina.udd.cl\/neurologia\/wp-json\/wp\/v2\/posts\/142\/revisions"}],"predecessor-version":[{"id":147,"href":"https:\/\/medicina.udd.cl\/neurologia\/wp-json\/wp\/v2\/posts\/142\/revisions\/147"}],"wp:attachment":[{"href":"https:\/\/medicina.udd.cl\/neurologia\/wp-json\/wp\/v2\/media?parent=142"}],"wp:term":[{"taxonomy":"category","embeddable":true,"href":"https:\/\/medicina.udd.cl\/neurologia\/wp-json\/wp\/v2\/categories?post=142"},{"taxonomy":"post_tag","embeddable":true,"href":"https:\/\/medicina.udd.cl\/neurologia\/wp-json\/wp\/v2\/tags?post=142"}],"curies":[{"name":"wp","href":"https:\/\/api.w.org\/{rel}","templated":true}]}}