{"id":47,"date":"2010-11-25T16:21:21","date_gmt":"2010-11-25T19:21:21","guid":{"rendered":"http:\/\/medicina.udd.cl\/neurologia\/2010\/11\/25\/graduacion-de-postgrado-de-la-facultad-de-medicina-clinica-alemana-universidad-del-desarrollo\/"},"modified":"2010-11-25T16:21:21","modified_gmt":"2010-11-25T19:21:21","slug":"graduacion-de-postgrado-de-la-facultad-de-medicina-clinica-alemana-universidad-del-desarrollo","status":"publish","type":"post","link":"https:\/\/medicina.udd.cl\/neurologia\/noticias\/2010\/11\/25\/graduacion-de-postgrado-de-la-facultad-de-medicina-clinica-alemana-universidad-del-desarrollo\/","title":{"rendered":"Graduaci\u00f3n de Postgrado de la Facultad de Medicina Cl\u00ednica Alemana Universidad del Desarrollo"},"content":{"rendered":"<p style=\"text-align: justify\"><a href=\"http:\/\/medicina.udd.cl\/neurologia\/files\/2010\/11\/titulaci\u00f3n.jpg\" class=\"thickbox\"><img loading=\"lazy\" decoding=\"async\" class=\"alignleft size-medium wp-image-46\" title=\"titulaci\u00f3n\" src=\"http:\/\/medicina.udd.cl\/neurologia\/files\/2010\/11\/titulaci\u00f3n-300x188.jpg\" alt=\"\" width=\"300\" height=\"188\" srcset=\"https:\/\/medicina.udd.cl\/neurologia\/files\/2010\/11\/titulaci\u00f3n-300x188.jpg 300w, https:\/\/medicina.udd.cl\/neurologia\/files\/2010\/11\/titulaci\u00f3n.jpg 430w\" sizes=\"auto, (max-width: 300px) 100vw, 300px\" \/><\/a>Con la presencia de la Subsecretaria de Salud, Dra. Liliana Jadue, se realiz\u00f3 la ceremonia de graduaci\u00f3n de Postgrados de la Facultad de Medicina Cl\u00ednica Alemana Universidad del Desarrollo.<\/p>\n<p style=\"text-align: justify\">En esta ocasi\u00f3n se entregaron los diplomas a los egresados\u00a0del Magister en Gesti\u00f3n en Salud y a los egresados del Diplomado en Gesti\u00f3n en Salud.\u00a0En su intervenci\u00f3n la subsecretaria felicit\u00f3 a los graduados &#8211;\u00a0a quienes les hizo clases antes de ingresar al gobierno \u2013 y los invit\u00f3 a trabajar preocupados por\u00a0la salud p\u00fablica del pa\u00eds.<\/p>\n<p style=\"text-align: justify\">Tambi\u00e9n recibieron su diploma\u00a0los\u00a0egresados de los postitulos de especializaci\u00f3n de la Facultad de Medicina. El decano de la Facultad, Dr. Pablo Vial\u00a0destac\u00f3 la importancia\u00a0que tiene\u00a0la especializaci\u00f3n en el \u00e1rea de la salud y es por esto que la Facultad est\u00e1 haciendo grandes esfuerzos por ampliar la oferta de postgrados en conjunto\u00a0con la\u00a0Cl\u00ednica Alemana y el Hospital Padre Hurtado.<\/p>\n<p style=\"text-align: justify\">Los postitulos que egresaron alumnos este a\u00f1o fueron:<\/p>\n<p style=\"text-align: justify\">&#8211; Post\u00edtulo de Sub Especialidad en Ecocardiograf\u00eda en Adulto<br \/>\n&#8211;\u00a0Post\u00edtulo de Especialidad de Enfermer\u00eda en Di\u00e1lisis y Transplante Renal<br \/>\n&#8211;\u00a0Post\u00edtulo de Especialidad de Enfermer\u00eda en Intensivo Adulto<br \/>\n&#8211; Post\u00edtulo de Especialidad De Tecnolog\u00eda M\u00e9dica en Ultrasonido<br \/>\n&#8211; Post\u00edtulo de Especialidad M\u00e9dica en Cirug\u00eda General<br \/>\n&#8211; Post\u00edtulo de Especialidad M\u00e9dica en Ginecolog\u00eda y Obstetricia<br \/>\n&#8211; Post\u00edtulo de Especialidad M\u00e9dica en medicina Interna<br \/>\n&#8211; Post\u00edtulo de Especialidad M\u00e9dica en Radiolog\u00eda<br \/>\n&#8211; Post\u00edtulo Sub Especialidad M\u00e9dica en Cirug\u00eda Artrosc\u00f3pica de Rodilla y Hombro<br \/>\n&#8211; Post\u00edtulo Sub Especialidad M\u00e9dica en Tomograf\u00eda Computada y Resonancia Magn\u00e9tica<br \/>\n&#8211; Post\u00edtulo de Sub Especialidad M\u00e9dica en Medicina Intensiva en Pediatr\u00eda<\/p>\n","protected":false},"excerpt":{"rendered":"<p>Este a\u00f1os se graduaron los egresados del Mag\u00edster en Gesti\u00f3n en Salud, del Diplomado en Gesti\u00f3n en Salud y los post\u00edtulos de especializaci\u00f3n de la Facultad de Medicina.<\/p>\n","protected":false},"author":1,"featured_media":0,"comment_status":"open","ping_status":"open","sticky":false,"template":"","format":"standard","meta":{"footnotes":""},"categories":[4],"tags":[],"class_list":["post-47","post","type-post","status-publish","format-standard","hentry","category-noticias"],"yoast_head":"<!-- This site is optimized with the Yoast SEO plugin v26.9 - https:\/\/yoast.com\/product\/yoast-seo-wordpress\/ -->\n<title>Graduaci\u00f3n de Postgrado de la Facultad de Medicina Cl\u00ednica Alemana Universidad del Desarrollo - Especialidad en Neurolog\u00eda<\/title>\n<meta name=\"robots\" content=\"index, follow, max-snippet:-1, max-image-preview:large, max-video-preview:-1\" \/>\n<link rel=\"canonical\" href=\"https:\/\/medicina.udd.cl\/neurologia\/noticias\/2010\/11\/25\/graduacion-de-postgrado-de-la-facultad-de-medicina-clinica-alemana-universidad-del-desarrollo\/\" \/>\n<meta property=\"og:locale\" content=\"es_ES\" \/>\n<meta property=\"og:type\" content=\"article\" \/>\n<meta property=\"og:title\" content=\"Graduaci\u00f3n de Postgrado de la Facultad de Medicina Cl\u00ednica Alemana Universidad del Desarrollo - Especialidad en Neurolog\u00eda\" \/>\n<meta property=\"og:description\" content=\"Este a\u00f1os se graduaron los egresados del Mag\u00edster en Gesti\u00f3n en Salud, del Diplomado en Gesti\u00f3n en Salud y los post\u00edtulos de especializaci\u00f3n de la Facultad de Medicina.\" \/>\n<meta property=\"og:url\" content=\"https:\/\/medicina.udd.cl\/neurologia\/noticias\/2010\/11\/25\/graduacion-de-postgrado-de-la-facultad-de-medicina-clinica-alemana-universidad-del-desarrollo\/\" \/>\n<meta property=\"og:site_name\" content=\"Especialidad en Neurolog\u00eda\" \/>\n<meta property=\"article:published_time\" content=\"2010-11-25T19:21:21+00:00\" \/>\n<meta name=\"author\" content=\"admin\" \/>\n<meta name=\"twitter:label1\" content=\"Escrito por\" \/>\n\t<meta name=\"twitter:data1\" content=\"admin\" \/>\n\t<meta name=\"twitter:label2\" content=\"Tiempo de lectura\" \/>\n\t<meta name=\"twitter:data2\" content=\"2 minutos\" \/>\n<script type=\"application\/ld+json\" class=\"yoast-schema-graph\">{\"@context\":\"https:\/\/schema.org\",\"@graph\":[{\"@type\":\"Article\",\"@id\":\"https:\/\/medicina.udd.cl\/neurologia\/noticias\/2010\/11\/25\/graduacion-de-postgrado-de-la-facultad-de-medicina-clinica-alemana-universidad-del-desarrollo\/#article\",\"isPartOf\":{\"@id\":\"https:\/\/medicina.udd.cl\/neurologia\/noticias\/2010\/11\/25\/graduacion-de-postgrado-de-la-facultad-de-medicina-clinica-alemana-universidad-del-desarrollo\/\"},\"author\":{\"name\":\"admin\",\"@id\":\"https:\/\/medicina.udd.cl\/neurologia\/#\/schema\/person\/f7abfa784c86da427e89287831f96ab7\"},\"headline\":\"Graduaci\u00f3n de Postgrado de la Facultad de Medicina Cl\u00ednica Alemana Universidad del Desarrollo\",\"datePublished\":\"2010-11-25T19:21:21+00:00\",\"mainEntityOfPage\":{\"@id\":\"https:\/\/medicina.udd.cl\/neurologia\/noticias\/2010\/11\/25\/graduacion-de-postgrado-de-la-facultad-de-medicina-clinica-alemana-universidad-del-desarrollo\/\"},\"wordCount\":324,\"commentCount\":0,\"articleSection\":[\"Noticias\"],\"inLanguage\":\"es\",\"potentialAction\":[{\"@type\":\"CommentAction\",\"name\":\"Comment\",\"target\":[\"https:\/\/medicina.udd.cl\/neurologia\/noticias\/2010\/11\/25\/graduacion-de-postgrado-de-la-facultad-de-medicina-clinica-alemana-universidad-del-desarrollo\/#respond\"]}]},{\"@type\":\"WebPage\",\"@id\":\"https:\/\/medicina.udd.cl\/neurologia\/noticias\/2010\/11\/25\/graduacion-de-postgrado-de-la-facultad-de-medicina-clinica-alemana-universidad-del-desarrollo\/\",\"url\":\"https:\/\/medicina.udd.cl\/neurologia\/noticias\/2010\/11\/25\/graduacion-de-postgrado-de-la-facultad-de-medicina-clinica-alemana-universidad-del-desarrollo\/\",\"name\":\"Graduaci\u00f3n de Postgrado de la Facultad de Medicina Cl\u00ednica Alemana Universidad del Desarrollo - Especialidad en Neurolog\u00eda\",\"isPartOf\":{\"@id\":\"https:\/\/medicina.udd.cl\/neurologia\/#website\"},\"datePublished\":\"2010-11-25T19:21:21+00:00\",\"author\":{\"@id\":\"https:\/\/medicina.udd.cl\/neurologia\/#\/schema\/person\/f7abfa784c86da427e89287831f96ab7\"},\"breadcrumb\":{\"@id\":\"https:\/\/medicina.udd.cl\/neurologia\/noticias\/2010\/11\/25\/graduacion-de-postgrado-de-la-facultad-de-medicina-clinica-alemana-universidad-del-desarrollo\/#breadcrumb\"},\"inLanguage\":\"es\",\"potentialAction\":[{\"@type\":\"ReadAction\",\"target\":[\"https:\/\/medicina.udd.cl\/neurologia\/noticias\/2010\/11\/25\/graduacion-de-postgrado-de-la-facultad-de-medicina-clinica-alemana-universidad-del-desarrollo\/\"]}]},{\"@type\":\"BreadcrumbList\",\"@id\":\"https:\/\/medicina.udd.cl\/neurologia\/noticias\/2010\/11\/25\/graduacion-de-postgrado-de-la-facultad-de-medicina-clinica-alemana-universidad-del-desarrollo\/#breadcrumb\",\"itemListElement\":[{\"@type\":\"ListItem\",\"position\":1,\"name\":\"Home\",\"item\":\"https:\/\/medicina.udd.cl\/neurologia\/\"},{\"@type\":\"ListItem\",\"position\":2,\"name\":\"Graduaci\u00f3n de Postgrado de la Facultad de Medicina Cl\u00ednica Alemana Universidad del Desarrollo\"}]},{\"@type\":\"WebSite\",\"@id\":\"https:\/\/medicina.udd.cl\/neurologia\/#website\",\"url\":\"https:\/\/medicina.udd.cl\/neurologia\/\",\"name\":\"Especialidad en Neurolog\u00eda\",\"description\":\"Otro sitio m\u00e1s de Medicina\",\"potentialAction\":[{\"@type\":\"SearchAction\",\"target\":{\"@type\":\"EntryPoint\",\"urlTemplate\":\"https:\/\/medicina.udd.cl\/neurologia\/?s={search_term_string}\"},\"query-input\":{\"@type\":\"PropertyValueSpecification\",\"valueRequired\":true,\"valueName\":\"search_term_string\"}}],\"inLanguage\":\"es\"},{\"@type\":\"Person\",\"@id\":\"https:\/\/medicina.udd.cl\/neurologia\/#\/schema\/person\/f7abfa784c86da427e89287831f96ab7\",\"name\":\"admin\",\"image\":{\"@type\":\"ImageObject\",\"inLanguage\":\"es\",\"@id\":\"https:\/\/medicina.udd.cl\/neurologia\/#\/schema\/person\/image\/\",\"url\":\"https:\/\/secure.gravatar.com\/avatar\/3cb6da298954dfb54457c0910b8c9ca010abd8d87a60f7d701b6ce4254e1c642?s=96&d=mm&r=g\",\"contentUrl\":\"https:\/\/secure.gravatar.com\/avatar\/3cb6da298954dfb54457c0910b8c9ca010abd8d87a60f7d701b6ce4254e1c642?s=96&d=mm&r=g\",\"caption\":\"admin\"},\"url\":\"https:\/\/medicina.udd.cl\/neurologia\/noticias\/author\/admin\/\"}]}<\/script>\n<!-- \/ Yoast SEO plugin. -->","yoast_head_json":{"title":"Graduaci\u00f3n de Postgrado de la Facultad de Medicina Cl\u00ednica Alemana Universidad del Desarrollo - Especialidad en Neurolog\u00eda","robots":{"index":"index","follow":"follow","max-snippet":"max-snippet:-1","max-image-preview":"max-image-preview:large","max-video-preview":"max-video-preview:-1"},"canonical":"https:\/\/medicina.udd.cl\/neurologia\/noticias\/2010\/11\/25\/graduacion-de-postgrado-de-la-facultad-de-medicina-clinica-alemana-universidad-del-desarrollo\/","og_locale":"es_ES","og_type":"article","og_title":"Graduaci\u00f3n de Postgrado de la Facultad de Medicina Cl\u00ednica Alemana Universidad del Desarrollo - Especialidad en Neurolog\u00eda","og_description":"Este a\u00f1os se graduaron los egresados del Mag\u00edster en Gesti\u00f3n en Salud, del Diplomado en Gesti\u00f3n en Salud y los post\u00edtulos de especializaci\u00f3n de la Facultad de Medicina.","og_url":"https:\/\/medicina.udd.cl\/neurologia\/noticias\/2010\/11\/25\/graduacion-de-postgrado-de-la-facultad-de-medicina-clinica-alemana-universidad-del-desarrollo\/","og_site_name":"Especialidad en Neurolog\u00eda","article_published_time":"2010-11-25T19:21:21+00:00","author":"admin","twitter_misc":{"Escrito por":"admin","Tiempo de lectura":"2 minutos"},"schema":{"@context":"https:\/\/schema.org","@graph":[{"@type":"Article","@id":"https:\/\/medicina.udd.cl\/neurologia\/noticias\/2010\/11\/25\/graduacion-de-postgrado-de-la-facultad-de-medicina-clinica-alemana-universidad-del-desarrollo\/#article","isPartOf":{"@id":"https:\/\/medicina.udd.cl\/neurologia\/noticias\/2010\/11\/25\/graduacion-de-postgrado-de-la-facultad-de-medicina-clinica-alemana-universidad-del-desarrollo\/"},"author":{"name":"admin","@id":"https:\/\/medicina.udd.cl\/neurologia\/#\/schema\/person\/f7abfa784c86da427e89287831f96ab7"},"headline":"Graduaci\u00f3n de Postgrado de la Facultad de Medicina Cl\u00ednica Alemana Universidad del Desarrollo","datePublished":"2010-11-25T19:21:21+00:00","mainEntityOfPage":{"@id":"https:\/\/medicina.udd.cl\/neurologia\/noticias\/2010\/11\/25\/graduacion-de-postgrado-de-la-facultad-de-medicina-clinica-alemana-universidad-del-desarrollo\/"},"wordCount":324,"commentCount":0,"articleSection":["Noticias"],"inLanguage":"es","potentialAction":[{"@type":"CommentAction","name":"Comment","target":["https:\/\/medicina.udd.cl\/neurologia\/noticias\/2010\/11\/25\/graduacion-de-postgrado-de-la-facultad-de-medicina-clinica-alemana-universidad-del-desarrollo\/#respond"]}]},{"@type":"WebPage","@id":"https:\/\/medicina.udd.cl\/neurologia\/noticias\/2010\/11\/25\/graduacion-de-postgrado-de-la-facultad-de-medicina-clinica-alemana-universidad-del-desarrollo\/","url":"https:\/\/medicina.udd.cl\/neurologia\/noticias\/2010\/11\/25\/graduacion-de-postgrado-de-la-facultad-de-medicina-clinica-alemana-universidad-del-desarrollo\/","name":"Graduaci\u00f3n de Postgrado de la Facultad de Medicina Cl\u00ednica Alemana Universidad del Desarrollo - Especialidad en Neurolog\u00eda","isPartOf":{"@id":"https:\/\/medicina.udd.cl\/neurologia\/#website"},"datePublished":"2010-11-25T19:21:21+00:00","author":{"@id":"https:\/\/medicina.udd.cl\/neurologia\/#\/schema\/person\/f7abfa784c86da427e89287831f96ab7"},"breadcrumb":{"@id":"https:\/\/medicina.udd.cl\/neurologia\/noticias\/2010\/11\/25\/graduacion-de-postgrado-de-la-facultad-de-medicina-clinica-alemana-universidad-del-desarrollo\/#breadcrumb"},"inLanguage":"es","potentialAction":[{"@type":"ReadAction","target":["https:\/\/medicina.udd.cl\/neurologia\/noticias\/2010\/11\/25\/graduacion-de-postgrado-de-la-facultad-de-medicina-clinica-alemana-universidad-del-desarrollo\/"]}]},{"@type":"BreadcrumbList","@id":"https:\/\/medicina.udd.cl\/neurologia\/noticias\/2010\/11\/25\/graduacion-de-postgrado-de-la-facultad-de-medicina-clinica-alemana-universidad-del-desarrollo\/#breadcrumb","itemListElement":[{"@type":"ListItem","position":1,"name":"Home","item":"https:\/\/medicina.udd.cl\/neurologia\/"},{"@type":"ListItem","position":2,"name":"Graduaci\u00f3n de Postgrado de la Facultad de Medicina Cl\u00ednica Alemana Universidad del Desarrollo"}]},{"@type":"WebSite","@id":"https:\/\/medicina.udd.cl\/neurologia\/#website","url":"https:\/\/medicina.udd.cl\/neurologia\/","name":"Especialidad en Neurolog\u00eda","description":"Otro sitio m\u00e1s de Medicina","potentialAction":[{"@type":"SearchAction","target":{"@type":"EntryPoint","urlTemplate":"https:\/\/medicina.udd.cl\/neurologia\/?s={search_term_string}"},"query-input":{"@type":"PropertyValueSpecification","valueRequired":true,"valueName":"search_term_string"}}],"inLanguage":"es"},{"@type":"Person","@id":"https:\/\/medicina.udd.cl\/neurologia\/#\/schema\/person\/f7abfa784c86da427e89287831f96ab7","name":"admin","image":{"@type":"ImageObject","inLanguage":"es","@id":"https:\/\/medicina.udd.cl\/neurologia\/#\/schema\/person\/image\/","url":"https:\/\/secure.gravatar.com\/avatar\/3cb6da298954dfb54457c0910b8c9ca010abd8d87a60f7d701b6ce4254e1c642?s=96&d=mm&r=g","contentUrl":"https:\/\/secure.gravatar.com\/avatar\/3cb6da298954dfb54457c0910b8c9ca010abd8d87a60f7d701b6ce4254e1c642?s=96&d=mm&r=g","caption":"admin"},"url":"https:\/\/medicina.udd.cl\/neurologia\/noticias\/author\/admin\/"}]}},"_links":{"self":[{"href":"https:\/\/medicina.udd.cl\/neurologia\/wp-json\/wp\/v2\/posts\/47","targetHints":{"allow":["GET"]}}],"collection":[{"href":"https:\/\/medicina.udd.cl\/neurologia\/wp-json\/wp\/v2\/posts"}],"about":[{"href":"https:\/\/medicina.udd.cl\/neurologia\/wp-json\/wp\/v2\/types\/post"}],"author":[{"embeddable":true,"href":"https:\/\/medicina.udd.cl\/neurologia\/wp-json\/wp\/v2\/users\/1"}],"replies":[{"embeddable":true,"href":"https:\/\/medicina.udd.cl\/neurologia\/wp-json\/wp\/v2\/comments?post=47"}],"version-history":[{"count":0,"href":"https:\/\/medicina.udd.cl\/neurologia\/wp-json\/wp\/v2\/posts\/47\/revisions"}],"wp:attachment":[{"href":"https:\/\/medicina.udd.cl\/neurologia\/wp-json\/wp\/v2\/media?parent=47"}],"wp:term":[{"taxonomy":"category","embeddable":true,"href":"https:\/\/medicina.udd.cl\/neurologia\/wp-json\/wp\/v2\/categories?post=47"},{"taxonomy":"post_tag","embeddable":true,"href":"https:\/\/medicina.udd.cl\/neurologia\/wp-json\/wp\/v2\/tags?post=47"}],"curies":[{"name":"wp","href":"https:\/\/api.w.org\/{rel}","templated":true}]}}