{"id":52,"date":"2010-11-25T17:01:25","date_gmt":"2010-11-25T20:01:25","guid":{"rendered":"http:\/\/medicina.udd.cl\/neurologia\/2010\/11\/25\/especialidad-en-neurologia\/"},"modified":"2010-11-25T17:01:25","modified_gmt":"2010-11-25T20:01:25","slug":"especialidad-en-neurologia","status":"publish","type":"post","link":"https:\/\/medicina.udd.cl\/neurologia\/noticias\/2010\/11\/25\/especialidad-en-neurologia\/","title":{"rendered":"Especialidad en Neurolog\u00eda"},"content":{"rendered":"<p style=\"text-align: justify\"><a href=\"http:\/\/medicina.udd.cl\/neurologia\/files\/2010\/11\/CAS2.jpg\" class=\"thickbox\"><img loading=\"lazy\" decoding=\"async\" class=\"alignleft size-thumbnail wp-image-51\" title=\"CAS2\" src=\"http:\/\/medicina.udd.cl\/neurologia\/files\/2010\/11\/CAS2-150x150.jpg\" alt=\"\" width=\"150\" height=\"150\" srcset=\"https:\/\/medicina.udd.cl\/neurologia\/files\/2010\/11\/CAS2-150x150.jpg 150w, https:\/\/medicina.udd.cl\/neurologia\/files\/2010\/11\/CAS2-62x62.jpg 62w, https:\/\/medicina.udd.cl\/neurologia\/files\/2010\/11\/CAS2-126x126.jpg 126w\" sizes=\"auto, (max-width: 150px) 100vw, 150px\" \/><\/a>El desarrollo cient\u00edfico, t\u00e9cnico y asistencial en el \u00e1rea de la Medicina ha provocado el surgimiento de necesidades crecientes de perfeccionamiento profesional y especializaci\u00f3n para m\u00e9dicos chilenos y extranjeros en las distintas especialidades en general y la neurolog\u00eda en particular. Se requieren m\u00e1s y mejores programas de formaci\u00f3n, que permitan producir verdaderos expertos en materias o \u00e1reas de una determinada especialidad tradicional y que al mismo tiempo integren los nuevos conocimientos y herramientas de estas disciplinas.<\/p>\n<p style=\"text-align: justify\">Los programas de Post\u00edtulo de la Facultad de Medicina Cl\u00ednica Alemana Universidad del Desarrollo tienen por objeto la formaci\u00f3n de especialistas en las distintas \u00e1reas de la Medicina, siendo orientados espec\u00edficamente a m\u00e9dicos nacionales o extranjeros.<\/p>\n<p style=\"text-align: justify\">La formaci\u00f3n dentro del programa contempla la adquisici\u00f3n de los conocimientos te\u00f3ricos y las habilidades correspondientes a trav\u00e9s de una capacitaci\u00f3n progresiva, dirigida a resolver problemas m\u00e9dicos complejos y actuales. El aprendizaje te\u00f3rico se basa en la discusi\u00f3n con el equipo docente de la situaci\u00f3n particular de cada paciente, y en reuniones bibliogr\u00e1ficas, cl\u00ednicas y an\u00e1tomo-cl\u00ednicas, donde es un valor fundamental la actitud cr\u00edtica, la indagaci\u00f3n y la producci\u00f3n de conocimiento.<\/p>\n<p style=\"text-align: justify\">En este programa de postgrado, el alumno se incorpora, junto a sus docentes, a un amplio equipo de trabajo, lo que constituye una excelente oportunidad para su formaci\u00f3n integral, humana y profesional.<\/p>\n<p style=\"text-align: justify\"><strong>Contacto:<\/strong><\/p>\n<p style=\"text-align: justify\">Mar\u00eda Beatriz Saavedra<br \/>\n<a rel=\"External\" class=\"out\" href=\"mailto:mbsaavedra@udd.cl\">mbsaavedra@udd.cl<\/a><\/p>\n","protected":false},"excerpt":{"rendered":"<p>La Facultad de Medicina Cl\u00ednica Alemana Universidad del Desarrollo y su departamento de Postgrado abri\u00f3 nueva especialidad. <\/p>\n","protected":false},"author":1,"featured_media":0,"comment_status":"open","ping_status":"open","sticky":false,"template":"","format":"standard","meta":{"footnotes":""},"categories":[1],"tags":[],"class_list":["post-52","post","type-post","status-publish","format-standard","hentry","category-sin-categoria"],"yoast_head":"<!-- This site is optimized with the Yoast SEO plugin v26.9 - https:\/\/yoast.com\/product\/yoast-seo-wordpress\/ -->\n<title>Especialidad en Neurolog\u00eda - Especialidad en Neurolog\u00eda<\/title>\n<meta name=\"robots\" content=\"index, follow, max-snippet:-1, max-image-preview:large, max-video-preview:-1\" \/>\n<link rel=\"canonical\" href=\"https:\/\/medicina.udd.cl\/neurologia\/noticias\/2010\/11\/25\/especialidad-en-neurologia\/\" \/>\n<meta property=\"og:locale\" content=\"es_ES\" \/>\n<meta property=\"og:type\" content=\"article\" \/>\n<meta property=\"og:title\" content=\"Especialidad en Neurolog\u00eda - Especialidad en Neurolog\u00eda\" \/>\n<meta property=\"og:description\" content=\"La Facultad de Medicina Cl\u00ednica Alemana Universidad del Desarrollo y su departamento de Postgrado abri\u00f3 nueva especialidad.\" \/>\n<meta property=\"og:url\" content=\"https:\/\/medicina.udd.cl\/neurologia\/noticias\/2010\/11\/25\/especialidad-en-neurologia\/\" \/>\n<meta property=\"og:site_name\" content=\"Especialidad en Neurolog\u00eda\" \/>\n<meta property=\"article:published_time\" content=\"2010-11-25T20:01:25+00:00\" \/>\n<meta property=\"og:image\" content=\"http:\/\/medicina.udd.cl\/neurologia\/files\/2010\/11\/CAS2-150x150.jpg\" \/>\n<meta name=\"author\" content=\"admin\" \/>\n<meta name=\"twitter:label1\" content=\"Escrito por\" \/>\n\t<meta name=\"twitter:data1\" content=\"admin\" \/>\n\t<meta name=\"twitter:label2\" content=\"Tiempo de lectura\" \/>\n\t<meta name=\"twitter:data2\" content=\"1 minuto\" \/>\n<script type=\"application\/ld+json\" class=\"yoast-schema-graph\">{\"@context\":\"https:\/\/schema.org\",\"@graph\":[{\"@type\":\"Article\",\"@id\":\"https:\/\/medicina.udd.cl\/neurologia\/noticias\/2010\/11\/25\/especialidad-en-neurologia\/#article\",\"isPartOf\":{\"@id\":\"https:\/\/medicina.udd.cl\/neurologia\/noticias\/2010\/11\/25\/especialidad-en-neurologia\/\"},\"author\":{\"name\":\"admin\",\"@id\":\"https:\/\/medicina.udd.cl\/neurologia\/#\/schema\/person\/f7abfa784c86da427e89287831f96ab7\"},\"headline\":\"Especialidad en Neurolog\u00eda\",\"datePublished\":\"2010-11-25T20:01:25+00:00\",\"mainEntityOfPage\":{\"@id\":\"https:\/\/medicina.udd.cl\/neurologia\/noticias\/2010\/11\/25\/especialidad-en-neurologia\/\"},\"wordCount\":256,\"commentCount\":5,\"image\":{\"@id\":\"https:\/\/medicina.udd.cl\/neurologia\/noticias\/2010\/11\/25\/especialidad-en-neurologia\/#primaryimage\"},\"thumbnailUrl\":\"http:\/\/medicina.udd.cl\/neurologia\/files\/2010\/11\/CAS2-150x150.jpg\",\"inLanguage\":\"es\",\"potentialAction\":[{\"@type\":\"CommentAction\",\"name\":\"Comment\",\"target\":[\"https:\/\/medicina.udd.cl\/neurologia\/noticias\/2010\/11\/25\/especialidad-en-neurologia\/#respond\"]}]},{\"@type\":\"WebPage\",\"@id\":\"https:\/\/medicina.udd.cl\/neurologia\/noticias\/2010\/11\/25\/especialidad-en-neurologia\/\",\"url\":\"https:\/\/medicina.udd.cl\/neurologia\/noticias\/2010\/11\/25\/especialidad-en-neurologia\/\",\"name\":\"Especialidad en Neurolog\u00eda - Especialidad en Neurolog\u00eda\",\"isPartOf\":{\"@id\":\"https:\/\/medicina.udd.cl\/neurologia\/#website\"},\"primaryImageOfPage\":{\"@id\":\"https:\/\/medicina.udd.cl\/neurologia\/noticias\/2010\/11\/25\/especialidad-en-neurologia\/#primaryimage\"},\"image\":{\"@id\":\"https:\/\/medicina.udd.cl\/neurologia\/noticias\/2010\/11\/25\/especialidad-en-neurologia\/#primaryimage\"},\"thumbnailUrl\":\"http:\/\/medicina.udd.cl\/neurologia\/files\/2010\/11\/CAS2-150x150.jpg\",\"datePublished\":\"2010-11-25T20:01:25+00:00\",\"author\":{\"@id\":\"https:\/\/medicina.udd.cl\/neurologia\/#\/schema\/person\/f7abfa784c86da427e89287831f96ab7\"},\"breadcrumb\":{\"@id\":\"https:\/\/medicina.udd.cl\/neurologia\/noticias\/2010\/11\/25\/especialidad-en-neurologia\/#breadcrumb\"},\"inLanguage\":\"es\",\"potentialAction\":[{\"@type\":\"ReadAction\",\"target\":[\"https:\/\/medicina.udd.cl\/neurologia\/noticias\/2010\/11\/25\/especialidad-en-neurologia\/\"]}]},{\"@type\":\"ImageObject\",\"inLanguage\":\"es\",\"@id\":\"https:\/\/medicina.udd.cl\/neurologia\/noticias\/2010\/11\/25\/especialidad-en-neurologia\/#primaryimage\",\"url\":\"https:\/\/medicina.udd.cl\/neurologia\/files\/2010\/11\/CAS2.jpg\",\"contentUrl\":\"https:\/\/medicina.udd.cl\/neurologia\/files\/2010\/11\/CAS2.jpg\",\"width\":1696,\"height\":2544},{\"@type\":\"BreadcrumbList\",\"@id\":\"https:\/\/medicina.udd.cl\/neurologia\/noticias\/2010\/11\/25\/especialidad-en-neurologia\/#breadcrumb\",\"itemListElement\":[{\"@type\":\"ListItem\",\"position\":1,\"name\":\"Home\",\"item\":\"https:\/\/medicina.udd.cl\/neurologia\/\"},{\"@type\":\"ListItem\",\"position\":2,\"name\":\"Especialidad en Neurolog\u00eda\"}]},{\"@type\":\"WebSite\",\"@id\":\"https:\/\/medicina.udd.cl\/neurologia\/#website\",\"url\":\"https:\/\/medicina.udd.cl\/neurologia\/\",\"name\":\"Especialidad en Neurolog\u00eda\",\"description\":\"Otro sitio m\u00e1s de Medicina\",\"potentialAction\":[{\"@type\":\"SearchAction\",\"target\":{\"@type\":\"EntryPoint\",\"urlTemplate\":\"https:\/\/medicina.udd.cl\/neurologia\/?s={search_term_string}\"},\"query-input\":{\"@type\":\"PropertyValueSpecification\",\"valueRequired\":true,\"valueName\":\"search_term_string\"}}],\"inLanguage\":\"es\"},{\"@type\":\"Person\",\"@id\":\"https:\/\/medicina.udd.cl\/neurologia\/#\/schema\/person\/f7abfa784c86da427e89287831f96ab7\",\"name\":\"admin\",\"image\":{\"@type\":\"ImageObject\",\"inLanguage\":\"es\",\"@id\":\"https:\/\/medicina.udd.cl\/neurologia\/#\/schema\/person\/image\/\",\"url\":\"https:\/\/secure.gravatar.com\/avatar\/3cb6da298954dfb54457c0910b8c9ca010abd8d87a60f7d701b6ce4254e1c642?s=96&d=mm&r=g\",\"contentUrl\":\"https:\/\/secure.gravatar.com\/avatar\/3cb6da298954dfb54457c0910b8c9ca010abd8d87a60f7d701b6ce4254e1c642?s=96&d=mm&r=g\",\"caption\":\"admin\"},\"url\":\"https:\/\/medicina.udd.cl\/neurologia\/noticias\/author\/admin\/\"}]}<\/script>\n<!-- \/ Yoast SEO plugin. -->","yoast_head_json":{"title":"Especialidad en Neurolog\u00eda - Especialidad en Neurolog\u00eda","robots":{"index":"index","follow":"follow","max-snippet":"max-snippet:-1","max-image-preview":"max-image-preview:large","max-video-preview":"max-video-preview:-1"},"canonical":"https:\/\/medicina.udd.cl\/neurologia\/noticias\/2010\/11\/25\/especialidad-en-neurologia\/","og_locale":"es_ES","og_type":"article","og_title":"Especialidad en Neurolog\u00eda - Especialidad en Neurolog\u00eda","og_description":"La Facultad de Medicina Cl\u00ednica Alemana Universidad del Desarrollo y su departamento de Postgrado abri\u00f3 nueva especialidad.","og_url":"https:\/\/medicina.udd.cl\/neurologia\/noticias\/2010\/11\/25\/especialidad-en-neurologia\/","og_site_name":"Especialidad en Neurolog\u00eda","article_published_time":"2010-11-25T20:01:25+00:00","og_image":[{"url":"http:\/\/medicina.udd.cl\/neurologia\/files\/2010\/11\/CAS2-150x150.jpg","type":"","width":"","height":""}],"author":"admin","twitter_misc":{"Escrito por":"admin","Tiempo de lectura":"1 minuto"},"schema":{"@context":"https:\/\/schema.org","@graph":[{"@type":"Article","@id":"https:\/\/medicina.udd.cl\/neurologia\/noticias\/2010\/11\/25\/especialidad-en-neurologia\/#article","isPartOf":{"@id":"https:\/\/medicina.udd.cl\/neurologia\/noticias\/2010\/11\/25\/especialidad-en-neurologia\/"},"author":{"name":"admin","@id":"https:\/\/medicina.udd.cl\/neurologia\/#\/schema\/person\/f7abfa784c86da427e89287831f96ab7"},"headline":"Especialidad en Neurolog\u00eda","datePublished":"2010-11-25T20:01:25+00:00","mainEntityOfPage":{"@id":"https:\/\/medicina.udd.cl\/neurologia\/noticias\/2010\/11\/25\/especialidad-en-neurologia\/"},"wordCount":256,"commentCount":5,"image":{"@id":"https:\/\/medicina.udd.cl\/neurologia\/noticias\/2010\/11\/25\/especialidad-en-neurologia\/#primaryimage"},"thumbnailUrl":"http:\/\/medicina.udd.cl\/neurologia\/files\/2010\/11\/CAS2-150x150.jpg","inLanguage":"es","potentialAction":[{"@type":"CommentAction","name":"Comment","target":["https:\/\/medicina.udd.cl\/neurologia\/noticias\/2010\/11\/25\/especialidad-en-neurologia\/#respond"]}]},{"@type":"WebPage","@id":"https:\/\/medicina.udd.cl\/neurologia\/noticias\/2010\/11\/25\/especialidad-en-neurologia\/","url":"https:\/\/medicina.udd.cl\/neurologia\/noticias\/2010\/11\/25\/especialidad-en-neurologia\/","name":"Especialidad en Neurolog\u00eda - Especialidad en Neurolog\u00eda","isPartOf":{"@id":"https:\/\/medicina.udd.cl\/neurologia\/#website"},"primaryImageOfPage":{"@id":"https:\/\/medicina.udd.cl\/neurologia\/noticias\/2010\/11\/25\/especialidad-en-neurologia\/#primaryimage"},"image":{"@id":"https:\/\/medicina.udd.cl\/neurologia\/noticias\/2010\/11\/25\/especialidad-en-neurologia\/#primaryimage"},"thumbnailUrl":"http:\/\/medicina.udd.cl\/neurologia\/files\/2010\/11\/CAS2-150x150.jpg","datePublished":"2010-11-25T20:01:25+00:00","author":{"@id":"https:\/\/medicina.udd.cl\/neurologia\/#\/schema\/person\/f7abfa784c86da427e89287831f96ab7"},"breadcrumb":{"@id":"https:\/\/medicina.udd.cl\/neurologia\/noticias\/2010\/11\/25\/especialidad-en-neurologia\/#breadcrumb"},"inLanguage":"es","potentialAction":[{"@type":"ReadAction","target":["https:\/\/medicina.udd.cl\/neurologia\/noticias\/2010\/11\/25\/especialidad-en-neurologia\/"]}]},{"@type":"ImageObject","inLanguage":"es","@id":"https:\/\/medicina.udd.cl\/neurologia\/noticias\/2010\/11\/25\/especialidad-en-neurologia\/#primaryimage","url":"https:\/\/medicina.udd.cl\/neurologia\/files\/2010\/11\/CAS2.jpg","contentUrl":"https:\/\/medicina.udd.cl\/neurologia\/files\/2010\/11\/CAS2.jpg","width":1696,"height":2544},{"@type":"BreadcrumbList","@id":"https:\/\/medicina.udd.cl\/neurologia\/noticias\/2010\/11\/25\/especialidad-en-neurologia\/#breadcrumb","itemListElement":[{"@type":"ListItem","position":1,"name":"Home","item":"https:\/\/medicina.udd.cl\/neurologia\/"},{"@type":"ListItem","position":2,"name":"Especialidad en Neurolog\u00eda"}]},{"@type":"WebSite","@id":"https:\/\/medicina.udd.cl\/neurologia\/#website","url":"https:\/\/medicina.udd.cl\/neurologia\/","name":"Especialidad en Neurolog\u00eda","description":"Otro sitio m\u00e1s de Medicina","potentialAction":[{"@type":"SearchAction","target":{"@type":"EntryPoint","urlTemplate":"https:\/\/medicina.udd.cl\/neurologia\/?s={search_term_string}"},"query-input":{"@type":"PropertyValueSpecification","valueRequired":true,"valueName":"search_term_string"}}],"inLanguage":"es"},{"@type":"Person","@id":"https:\/\/medicina.udd.cl\/neurologia\/#\/schema\/person\/f7abfa784c86da427e89287831f96ab7","name":"admin","image":{"@type":"ImageObject","inLanguage":"es","@id":"https:\/\/medicina.udd.cl\/neurologia\/#\/schema\/person\/image\/","url":"https:\/\/secure.gravatar.com\/avatar\/3cb6da298954dfb54457c0910b8c9ca010abd8d87a60f7d701b6ce4254e1c642?s=96&d=mm&r=g","contentUrl":"https:\/\/secure.gravatar.com\/avatar\/3cb6da298954dfb54457c0910b8c9ca010abd8d87a60f7d701b6ce4254e1c642?s=96&d=mm&r=g","caption":"admin"},"url":"https:\/\/medicina.udd.cl\/neurologia\/noticias\/author\/admin\/"}]}},"_links":{"self":[{"href":"https:\/\/medicina.udd.cl\/neurologia\/wp-json\/wp\/v2\/posts\/52","targetHints":{"allow":["GET"]}}],"collection":[{"href":"https:\/\/medicina.udd.cl\/neurologia\/wp-json\/wp\/v2\/posts"}],"about":[{"href":"https:\/\/medicina.udd.cl\/neurologia\/wp-json\/wp\/v2\/types\/post"}],"author":[{"embeddable":true,"href":"https:\/\/medicina.udd.cl\/neurologia\/wp-json\/wp\/v2\/users\/1"}],"replies":[{"embeddable":true,"href":"https:\/\/medicina.udd.cl\/neurologia\/wp-json\/wp\/v2\/comments?post=52"}],"version-history":[{"count":0,"href":"https:\/\/medicina.udd.cl\/neurologia\/wp-json\/wp\/v2\/posts\/52\/revisions"}],"wp:attachment":[{"href":"https:\/\/medicina.udd.cl\/neurologia\/wp-json\/wp\/v2\/media?parent=52"}],"wp:term":[{"taxonomy":"category","embeddable":true,"href":"https:\/\/medicina.udd.cl\/neurologia\/wp-json\/wp\/v2\/categories?post=52"},{"taxonomy":"post_tag","embeddable":true,"href":"https:\/\/medicina.udd.cl\/neurologia\/wp-json\/wp\/v2\/tags?post=52"}],"curies":[{"name":"wp","href":"https:\/\/api.w.org\/{rel}","templated":true}]}}