{"id":63,"date":"2010-12-16T12:12:52","date_gmt":"2010-12-16T15:12:52","guid":{"rendered":"http:\/\/medicina.udd.cl\/neurologia\/2010\/12\/16\/clinica-udd-recibio-a-medicos-especialistas-de-todo-el-pais\/"},"modified":"2010-12-16T12:12:52","modified_gmt":"2010-12-16T15:12:52","slug":"clinica-udd-recibio-a-medicos-especialistas-de-todo-el-pais","status":"publish","type":"post","link":"https:\/\/medicina.udd.cl\/neurologia\/noticias\/2010\/12\/16\/clinica-udd-recibio-a-medicos-especialistas-de-todo-el-pais\/","title":{"rendered":"Cl\u00ednica UDD recibi\u00f3 a m\u00e9dicos especialistas de todo el pa\u00eds"},"content":{"rendered":"<p style=\"text-align: justify\"><a href=\"http:\/\/medicina.udd.cl\/neurologia\/files\/2010\/12\/cl\u00ednica-udd-022.jpg\" class=\"thickbox\"><img loading=\"lazy\" decoding=\"async\" class=\"alignleft size-medium wp-image-62\" title=\"cl\u00ednica udd\" src=\"http:\/\/medicina.udd.cl\/neurologia\/files\/2010\/12\/cl\u00ednica-udd-022-300x225.jpg\" alt=\"\" width=\"300\" height=\"225\" srcset=\"https:\/\/medicina.udd.cl\/neurologia\/files\/2010\/12\/cl\u00ednica-udd-022-300x225.jpg 300w, https:\/\/medicina.udd.cl\/neurologia\/files\/2010\/12\/cl\u00ednica-udd-022-768x576.jpg 768w, https:\/\/medicina.udd.cl\/neurologia\/files\/2010\/12\/cl\u00ednica-udd-022-1024x768.jpg 1024w, https:\/\/medicina.udd.cl\/neurologia\/files\/2010\/12\/cl\u00ednica-udd-022.jpg 2048w\" sizes=\"auto, (max-width: 300px) 100vw, 300px\" \/><\/a>El viernes 10 de diciembre se realiz\u00f3\u00a0la\u00a0\u00a0jornada de intercambio de experiencias de los participantes en el programa de formaci\u00f3n de m\u00e9dicos especialistas b\u00e1sicos para la atenci\u00f3n primaria de la salud urbana de Chile.<\/p>\n<p style=\"text-align: justify\">El prop\u00f3sito del encuentro fue promover un espacio de intercambio y discusi\u00f3n de los temas relacionados con la gesti\u00f3n acad\u00e9mica y administrativa del programa, con el fin de generar informaci\u00f3n y propuestas para optimizar su desarrollo.<\/p>\n<p style=\"text-align: justify\">El Dr. Pablo Vial, decano de la Facultad de Medicina CAS-UDD, fue el encargado de abrir la jornada. \u201cEsta instancia naci\u00f3 para dar respuesta a dos necesidades. Primero, la de tener m\u00e1s m\u00e9dicos especialistas y, segundo, para crear programas m\u00e1s atractivos dedicados a j\u00f3venes con vocaci\u00f3n de servicio\u201d, explic\u00f3. Adem\u00e1s, agreg\u00f3 que esta formaci\u00f3n se basa en un contexto de trabajo en equipo con otros profesionales de la salud.<\/p>\n<p style=\"text-align: justify\">Por su parte, el Dr. Pablo Araya, jefe del Departamento de Formaci\u00f3n, Capacitaci\u00f3n y Estudios del\u00a0Ministerio de Salud, \u00a0dijo que para el a\u00f1o 2011 se espera que 1.500 m\u00e9dicos est\u00e9n especializ\u00e1ndose. \u201cAdem\u00e1s, como reto propusimos crear la especialidad de geriatr\u00eda, por lo que esperamos contar con el apoyo de las universidades\u201d, recalc\u00f3.<\/p>\n<p style=\"text-align: justify\"><strong>Durante la jornada<\/strong><\/p>\n<p style=\"text-align: justify\">Debido a la importancia de la atenci\u00f3n primaria de salud (APS), y pese a los progresos en su implementaci\u00f3n, actualmente persisten problemas derivados de los diferentes actores que participan en el proceso.\u00a0Esto se ve expresado -entre otros- a un d\u00e9ficit cuantitativo de m\u00e9dicos, una alta rotaci\u00f3n de ellos y una baja resolutividad, que resulta en un exceso de derivaciones a los hospitales y de consultas en servicios de urgencia, as\u00ed como en una percepci\u00f3n de insatisfacci\u00f3n en la poblaci\u00f3n asistida.<\/p>\n<p style=\"text-align: justify\">De esta forma,\u00a0a lo largo de\u00a0la jornada los asistentes se dividieron en ocho grupos de trabajo formados por directivos universitarios, de servicios de salud, municipales y representantes de centros de salud y becados, quienes discutieron distintos temas relacionados al actual programa de formaci\u00f3n de m\u00e9dicos especialistas para la atenci\u00f3n primaria de salud urbana.<\/p>\n","protected":false},"excerpt":{"rendered":"<p>La jornada fue organizada por el Ministerio de Salud y la Universidad del Desarrollo.<\/p>\n","protected":false},"author":1,"featured_media":0,"comment_status":"open","ping_status":"open","sticky":false,"template":"","format":"standard","meta":{"footnotes":""},"categories":[4],"tags":[],"class_list":["post-63","post","type-post","status-publish","format-standard","hentry","category-noticias"],"yoast_head":"<!-- This site is optimized with the Yoast SEO plugin v26.9 - https:\/\/yoast.com\/product\/yoast-seo-wordpress\/ -->\n<title>Cl\u00ednica UDD recibi\u00f3 a m\u00e9dicos especialistas de todo el pa\u00eds - Especialidad en Neurolog\u00eda<\/title>\n<meta name=\"robots\" content=\"index, follow, max-snippet:-1, max-image-preview:large, max-video-preview:-1\" \/>\n<link rel=\"canonical\" href=\"https:\/\/medicina.udd.cl\/neurologia\/noticias\/2010\/12\/16\/clinica-udd-recibio-a-medicos-especialistas-de-todo-el-pais\/\" \/>\n<meta property=\"og:locale\" content=\"es_ES\" \/>\n<meta property=\"og:type\" content=\"article\" \/>\n<meta property=\"og:title\" content=\"Cl\u00ednica UDD recibi\u00f3 a m\u00e9dicos especialistas de todo el pa\u00eds - Especialidad en Neurolog\u00eda\" \/>\n<meta property=\"og:description\" content=\"La jornada fue organizada por el Ministerio de Salud y la Universidad del Desarrollo.\" \/>\n<meta property=\"og:url\" content=\"https:\/\/medicina.udd.cl\/neurologia\/noticias\/2010\/12\/16\/clinica-udd-recibio-a-medicos-especialistas-de-todo-el-pais\/\" \/>\n<meta property=\"og:site_name\" content=\"Especialidad en Neurolog\u00eda\" \/>\n<meta property=\"article:published_time\" content=\"2010-12-16T15:12:52+00:00\" \/>\n<meta name=\"author\" content=\"admin\" \/>\n<meta name=\"twitter:label1\" content=\"Escrito por\" \/>\n\t<meta name=\"twitter:data1\" content=\"admin\" \/>\n\t<meta name=\"twitter:label2\" content=\"Tiempo de lectura\" \/>\n\t<meta name=\"twitter:data2\" content=\"2 minutos\" \/>\n<script type=\"application\/ld+json\" class=\"yoast-schema-graph\">{\"@context\":\"https:\/\/schema.org\",\"@graph\":[{\"@type\":\"Article\",\"@id\":\"https:\/\/medicina.udd.cl\/neurologia\/noticias\/2010\/12\/16\/clinica-udd-recibio-a-medicos-especialistas-de-todo-el-pais\/#article\",\"isPartOf\":{\"@id\":\"https:\/\/medicina.udd.cl\/neurologia\/noticias\/2010\/12\/16\/clinica-udd-recibio-a-medicos-especialistas-de-todo-el-pais\/\"},\"author\":{\"name\":\"admin\",\"@id\":\"https:\/\/medicina.udd.cl\/neurologia\/#\/schema\/person\/f7abfa784c86da427e89287831f96ab7\"},\"headline\":\"Cl\u00ednica UDD recibi\u00f3 a m\u00e9dicos especialistas de todo el pa\u00eds\",\"datePublished\":\"2010-12-16T15:12:52+00:00\",\"mainEntityOfPage\":{\"@id\":\"https:\/\/medicina.udd.cl\/neurologia\/noticias\/2010\/12\/16\/clinica-udd-recibio-a-medicos-especialistas-de-todo-el-pais\/\"},\"wordCount\":377,\"commentCount\":0,\"articleSection\":[\"Noticias\"],\"inLanguage\":\"es\",\"potentialAction\":[{\"@type\":\"CommentAction\",\"name\":\"Comment\",\"target\":[\"https:\/\/medicina.udd.cl\/neurologia\/noticias\/2010\/12\/16\/clinica-udd-recibio-a-medicos-especialistas-de-todo-el-pais\/#respond\"]}]},{\"@type\":\"WebPage\",\"@id\":\"https:\/\/medicina.udd.cl\/neurologia\/noticias\/2010\/12\/16\/clinica-udd-recibio-a-medicos-especialistas-de-todo-el-pais\/\",\"url\":\"https:\/\/medicina.udd.cl\/neurologia\/noticias\/2010\/12\/16\/clinica-udd-recibio-a-medicos-especialistas-de-todo-el-pais\/\",\"name\":\"Cl\u00ednica UDD recibi\u00f3 a m\u00e9dicos especialistas de todo el pa\u00eds - Especialidad en Neurolog\u00eda\",\"isPartOf\":{\"@id\":\"https:\/\/medicina.udd.cl\/neurologia\/#website\"},\"datePublished\":\"2010-12-16T15:12:52+00:00\",\"author\":{\"@id\":\"https:\/\/medicina.udd.cl\/neurologia\/#\/schema\/person\/f7abfa784c86da427e89287831f96ab7\"},\"breadcrumb\":{\"@id\":\"https:\/\/medicina.udd.cl\/neurologia\/noticias\/2010\/12\/16\/clinica-udd-recibio-a-medicos-especialistas-de-todo-el-pais\/#breadcrumb\"},\"inLanguage\":\"es\",\"potentialAction\":[{\"@type\":\"ReadAction\",\"target\":[\"https:\/\/medicina.udd.cl\/neurologia\/noticias\/2010\/12\/16\/clinica-udd-recibio-a-medicos-especialistas-de-todo-el-pais\/\"]}]},{\"@type\":\"BreadcrumbList\",\"@id\":\"https:\/\/medicina.udd.cl\/neurologia\/noticias\/2010\/12\/16\/clinica-udd-recibio-a-medicos-especialistas-de-todo-el-pais\/#breadcrumb\",\"itemListElement\":[{\"@type\":\"ListItem\",\"position\":1,\"name\":\"Home\",\"item\":\"https:\/\/medicina.udd.cl\/neurologia\/\"},{\"@type\":\"ListItem\",\"position\":2,\"name\":\"Cl\u00ednica UDD recibi\u00f3 a m\u00e9dicos especialistas de todo el pa\u00eds\"}]},{\"@type\":\"WebSite\",\"@id\":\"https:\/\/medicina.udd.cl\/neurologia\/#website\",\"url\":\"https:\/\/medicina.udd.cl\/neurologia\/\",\"name\":\"Especialidad en Neurolog\u00eda\",\"description\":\"Otro sitio m\u00e1s de Medicina\",\"potentialAction\":[{\"@type\":\"SearchAction\",\"target\":{\"@type\":\"EntryPoint\",\"urlTemplate\":\"https:\/\/medicina.udd.cl\/neurologia\/?s={search_term_string}\"},\"query-input\":{\"@type\":\"PropertyValueSpecification\",\"valueRequired\":true,\"valueName\":\"search_term_string\"}}],\"inLanguage\":\"es\"},{\"@type\":\"Person\",\"@id\":\"https:\/\/medicina.udd.cl\/neurologia\/#\/schema\/person\/f7abfa784c86da427e89287831f96ab7\",\"name\":\"admin\",\"image\":{\"@type\":\"ImageObject\",\"inLanguage\":\"es\",\"@id\":\"https:\/\/medicina.udd.cl\/neurologia\/#\/schema\/person\/image\/\",\"url\":\"https:\/\/secure.gravatar.com\/avatar\/3cb6da298954dfb54457c0910b8c9ca010abd8d87a60f7d701b6ce4254e1c642?s=96&d=mm&r=g\",\"contentUrl\":\"https:\/\/secure.gravatar.com\/avatar\/3cb6da298954dfb54457c0910b8c9ca010abd8d87a60f7d701b6ce4254e1c642?s=96&d=mm&r=g\",\"caption\":\"admin\"},\"url\":\"https:\/\/medicina.udd.cl\/neurologia\/noticias\/author\/admin\/\"}]}<\/script>\n<!-- \/ Yoast SEO plugin. -->","yoast_head_json":{"title":"Cl\u00ednica UDD recibi\u00f3 a m\u00e9dicos especialistas de todo el pa\u00eds - Especialidad en Neurolog\u00eda","robots":{"index":"index","follow":"follow","max-snippet":"max-snippet:-1","max-image-preview":"max-image-preview:large","max-video-preview":"max-video-preview:-1"},"canonical":"https:\/\/medicina.udd.cl\/neurologia\/noticias\/2010\/12\/16\/clinica-udd-recibio-a-medicos-especialistas-de-todo-el-pais\/","og_locale":"es_ES","og_type":"article","og_title":"Cl\u00ednica UDD recibi\u00f3 a m\u00e9dicos especialistas de todo el pa\u00eds - Especialidad en Neurolog\u00eda","og_description":"La jornada fue organizada por el Ministerio de Salud y la Universidad del Desarrollo.","og_url":"https:\/\/medicina.udd.cl\/neurologia\/noticias\/2010\/12\/16\/clinica-udd-recibio-a-medicos-especialistas-de-todo-el-pais\/","og_site_name":"Especialidad en Neurolog\u00eda","article_published_time":"2010-12-16T15:12:52+00:00","author":"admin","twitter_misc":{"Escrito por":"admin","Tiempo de lectura":"2 minutos"},"schema":{"@context":"https:\/\/schema.org","@graph":[{"@type":"Article","@id":"https:\/\/medicina.udd.cl\/neurologia\/noticias\/2010\/12\/16\/clinica-udd-recibio-a-medicos-especialistas-de-todo-el-pais\/#article","isPartOf":{"@id":"https:\/\/medicina.udd.cl\/neurologia\/noticias\/2010\/12\/16\/clinica-udd-recibio-a-medicos-especialistas-de-todo-el-pais\/"},"author":{"name":"admin","@id":"https:\/\/medicina.udd.cl\/neurologia\/#\/schema\/person\/f7abfa784c86da427e89287831f96ab7"},"headline":"Cl\u00ednica UDD recibi\u00f3 a m\u00e9dicos especialistas de todo el pa\u00eds","datePublished":"2010-12-16T15:12:52+00:00","mainEntityOfPage":{"@id":"https:\/\/medicina.udd.cl\/neurologia\/noticias\/2010\/12\/16\/clinica-udd-recibio-a-medicos-especialistas-de-todo-el-pais\/"},"wordCount":377,"commentCount":0,"articleSection":["Noticias"],"inLanguage":"es","potentialAction":[{"@type":"CommentAction","name":"Comment","target":["https:\/\/medicina.udd.cl\/neurologia\/noticias\/2010\/12\/16\/clinica-udd-recibio-a-medicos-especialistas-de-todo-el-pais\/#respond"]}]},{"@type":"WebPage","@id":"https:\/\/medicina.udd.cl\/neurologia\/noticias\/2010\/12\/16\/clinica-udd-recibio-a-medicos-especialistas-de-todo-el-pais\/","url":"https:\/\/medicina.udd.cl\/neurologia\/noticias\/2010\/12\/16\/clinica-udd-recibio-a-medicos-especialistas-de-todo-el-pais\/","name":"Cl\u00ednica UDD recibi\u00f3 a m\u00e9dicos especialistas de todo el pa\u00eds - Especialidad en Neurolog\u00eda","isPartOf":{"@id":"https:\/\/medicina.udd.cl\/neurologia\/#website"},"datePublished":"2010-12-16T15:12:52+00:00","author":{"@id":"https:\/\/medicina.udd.cl\/neurologia\/#\/schema\/person\/f7abfa784c86da427e89287831f96ab7"},"breadcrumb":{"@id":"https:\/\/medicina.udd.cl\/neurologia\/noticias\/2010\/12\/16\/clinica-udd-recibio-a-medicos-especialistas-de-todo-el-pais\/#breadcrumb"},"inLanguage":"es","potentialAction":[{"@type":"ReadAction","target":["https:\/\/medicina.udd.cl\/neurologia\/noticias\/2010\/12\/16\/clinica-udd-recibio-a-medicos-especialistas-de-todo-el-pais\/"]}]},{"@type":"BreadcrumbList","@id":"https:\/\/medicina.udd.cl\/neurologia\/noticias\/2010\/12\/16\/clinica-udd-recibio-a-medicos-especialistas-de-todo-el-pais\/#breadcrumb","itemListElement":[{"@type":"ListItem","position":1,"name":"Home","item":"https:\/\/medicina.udd.cl\/neurologia\/"},{"@type":"ListItem","position":2,"name":"Cl\u00ednica UDD recibi\u00f3 a m\u00e9dicos especialistas de todo el pa\u00eds"}]},{"@type":"WebSite","@id":"https:\/\/medicina.udd.cl\/neurologia\/#website","url":"https:\/\/medicina.udd.cl\/neurologia\/","name":"Especialidad en Neurolog\u00eda","description":"Otro sitio m\u00e1s de Medicina","potentialAction":[{"@type":"SearchAction","target":{"@type":"EntryPoint","urlTemplate":"https:\/\/medicina.udd.cl\/neurologia\/?s={search_term_string}"},"query-input":{"@type":"PropertyValueSpecification","valueRequired":true,"valueName":"search_term_string"}}],"inLanguage":"es"},{"@type":"Person","@id":"https:\/\/medicina.udd.cl\/neurologia\/#\/schema\/person\/f7abfa784c86da427e89287831f96ab7","name":"admin","image":{"@type":"ImageObject","inLanguage":"es","@id":"https:\/\/medicina.udd.cl\/neurologia\/#\/schema\/person\/image\/","url":"https:\/\/secure.gravatar.com\/avatar\/3cb6da298954dfb54457c0910b8c9ca010abd8d87a60f7d701b6ce4254e1c642?s=96&d=mm&r=g","contentUrl":"https:\/\/secure.gravatar.com\/avatar\/3cb6da298954dfb54457c0910b8c9ca010abd8d87a60f7d701b6ce4254e1c642?s=96&d=mm&r=g","caption":"admin"},"url":"https:\/\/medicina.udd.cl\/neurologia\/noticias\/author\/admin\/"}]}},"_links":{"self":[{"href":"https:\/\/medicina.udd.cl\/neurologia\/wp-json\/wp\/v2\/posts\/63","targetHints":{"allow":["GET"]}}],"collection":[{"href":"https:\/\/medicina.udd.cl\/neurologia\/wp-json\/wp\/v2\/posts"}],"about":[{"href":"https:\/\/medicina.udd.cl\/neurologia\/wp-json\/wp\/v2\/types\/post"}],"author":[{"embeddable":true,"href":"https:\/\/medicina.udd.cl\/neurologia\/wp-json\/wp\/v2\/users\/1"}],"replies":[{"embeddable":true,"href":"https:\/\/medicina.udd.cl\/neurologia\/wp-json\/wp\/v2\/comments?post=63"}],"version-history":[{"count":0,"href":"https:\/\/medicina.udd.cl\/neurologia\/wp-json\/wp\/v2\/posts\/63\/revisions"}],"wp:attachment":[{"href":"https:\/\/medicina.udd.cl\/neurologia\/wp-json\/wp\/v2\/media?parent=63"}],"wp:term":[{"taxonomy":"category","embeddable":true,"href":"https:\/\/medicina.udd.cl\/neurologia\/wp-json\/wp\/v2\/categories?post=63"},{"taxonomy":"post_tag","embeddable":true,"href":"https:\/\/medicina.udd.cl\/neurologia\/wp-json\/wp\/v2\/tags?post=63"}],"curies":[{"name":"wp","href":"https:\/\/api.w.org\/{rel}","templated":true}]}}