{"id":70,"date":"2011-04-07T11:44:33","date_gmt":"2011-04-07T15:44:33","guid":{"rendered":"http:\/\/medicina.udd.cl\/neurologia\/?p=70"},"modified":"2011-04-08T11:36:44","modified_gmt":"2011-04-08T15:36:44","slug":"inicio-de-becas-mixtas","status":"publish","type":"post","link":"https:\/\/medicina.udd.cl\/neurologia\/noticias\/2011\/04\/07\/inicio-de-becas-mixtas\/","title":{"rendered":"Inicio de becas mixtas"},"content":{"rendered":"<p style=\"text-align: justify;\"><a href=\"http:\/\/medicina.udd.cl\/neurologia\/files\/2011\/04\/becados-044.jpg\" class=\"thickbox\"><img loading=\"lazy\" decoding=\"async\" class=\"alignleft size-medium wp-image-71\" title=\"becados\" src=\"http:\/\/medicina.udd.cl\/neurologia\/files\/2011\/04\/becados-044-300x222.jpg\" alt=\"\" width=\"300\" height=\"222\" \/><\/a>El pasado viernes 1 de abril se dio la bienvenida a los m\u00e9dicos que eligieron las becas mixtas, un programa destinado a la atenci\u00f3n primaria de salud en las especialidades de Medicina Interna, Obstetricia y Ginecolog\u00eda, Pediatr\u00eda y Neurolog\u00eda.<\/p>\n<p style=\"text-align: justify;\">Al encuentro asistieron autoridades, jefes de departamento, directores de los consultorios y docentes que preparar\u00e1n el camino de los futuros especialistas.<\/p>\n<p style=\"text-align: justify;\">\u201cLos programas mixtos est\u00e1n destinados a aumentar la capacidad resolutiva de la atenci\u00f3n p\u00fablica de salud y, adem\u00e1s, contribuyen a la formaci\u00f3n de especialistas para el desarrollo arm\u00f3nico de recursos humanos del sector\u201d, explica el Dr. Ricardo Lillo, director de Postgrado de la Facultad de Medicina.<\/p>\n<p style=\"text-align: justify;\">El Dr. Ernesto Behnke, director del Hospital Padre Hurtado, tambi\u00e9n se hizo presente en el encuentro, y les habl\u00f3 sobre el concepto de enfermedad y c\u00f3mo la medicina era basada en las creencias, luego en la ciencia y actualmente en la evidencia.<\/p>\n<p style=\"text-align: justify;\">El Dr. Manuel Ipinza, miembro del Ministerio de Salud y coordinador general del programa, agradeci\u00f3 la iniciativa de la Facultad de Medicina y le dio la bienvenida a la tercera generaci\u00f3n de m\u00e9dicos que opta por esta modalidad. \u201cLa especializaci\u00f3n y subespecializaci\u00f3n es parte del desarrollo humano en todo \u00e1mbitos de cosas. En el caso de ustedes, llegar\u00e1n a los consultorios para abarcar distintas especialidades y estar\u00e1n m\u00e1s preparados que un m\u00e9dico general\u201d, les dijo.<\/p>\n<p style=\"text-align: justify;\">Con una duraci\u00f3n de seis a\u00f1os, los becados cumplir\u00e1n un rol fundamental en las comunas de La Granja, La Pintana y San Ram\u00f3n. Adem\u00e1s, se capacitar\u00e1n en las \u00e1reas de <strong>Salud Familiar<\/strong>, <strong>Salud P\u00fablica y Gesti\u00f3n<\/strong> y <strong>Bio\u00e9tica y Docencia<\/strong> con el prop\u00f3sito de aplicar estos conocimientos en el desempe\u00f1o de su labor en la atenci\u00f3n primaria, ense\u00f1anza y capacitaci\u00f3n.<\/p>\n","protected":false},"excerpt":{"rendered":"<p>Por tercer a\u00f1o consecutivo se realiza este programa trabajado en conjunto con el Ministerio de Salud de Chile. <\/p>\n","protected":false},"author":9192219,"featured_media":0,"comment_status":"open","ping_status":"open","sticky":false,"template":"","format":"standard","meta":{"footnotes":""},"categories":[4],"tags":[],"class_list":["post-70","post","type-post","status-publish","format-standard","hentry","category-noticias"],"yoast_head":"<!-- This site is optimized with the Yoast SEO plugin v26.9 - https:\/\/yoast.com\/product\/yoast-seo-wordpress\/ -->\n<title>Inicio de becas mixtas - Especialidad en Neurolog\u00eda<\/title>\n<meta name=\"robots\" content=\"index, follow, max-snippet:-1, max-image-preview:large, max-video-preview:-1\" \/>\n<link rel=\"canonical\" href=\"https:\/\/medicina.udd.cl\/neurologia\/noticias\/2011\/04\/07\/inicio-de-becas-mixtas\/\" \/>\n<meta property=\"og:locale\" content=\"es_ES\" \/>\n<meta property=\"og:type\" content=\"article\" \/>\n<meta property=\"og:title\" content=\"Inicio de becas mixtas - Especialidad en Neurolog\u00eda\" \/>\n<meta property=\"og:description\" content=\"Por tercer a\u00f1o consecutivo se realiza este programa trabajado en conjunto con el Ministerio de Salud de Chile.\" \/>\n<meta property=\"og:url\" content=\"https:\/\/medicina.udd.cl\/neurologia\/noticias\/2011\/04\/07\/inicio-de-becas-mixtas\/\" \/>\n<meta property=\"og:site_name\" content=\"Especialidad en Neurolog\u00eda\" \/>\n<meta property=\"article:published_time\" content=\"2011-04-07T15:44:33+00:00\" \/>\n<meta property=\"article:modified_time\" content=\"2011-04-08T15:36:44+00:00\" \/>\n<meta property=\"og:image\" content=\"http:\/\/medicina.udd.cl\/neurologia\/files\/2011\/04\/becados-044-300x222.jpg\" \/>\n<meta name=\"author\" content=\"rbraidy\" \/>\n<meta name=\"twitter:label1\" content=\"Escrito por\" \/>\n\t<meta name=\"twitter:data1\" content=\"rbraidy\" \/>\n\t<meta name=\"twitter:label2\" content=\"Tiempo de lectura\" \/>\n\t<meta name=\"twitter:data2\" content=\"2 minutos\" \/>\n<script type=\"application\/ld+json\" class=\"yoast-schema-graph\">{\"@context\":\"https:\/\/schema.org\",\"@graph\":[{\"@type\":\"Article\",\"@id\":\"https:\/\/medicina.udd.cl\/neurologia\/noticias\/2011\/04\/07\/inicio-de-becas-mixtas\/#article\",\"isPartOf\":{\"@id\":\"https:\/\/medicina.udd.cl\/neurologia\/noticias\/2011\/04\/07\/inicio-de-becas-mixtas\/\"},\"author\":{\"name\":\"rbraidy\",\"@id\":\"https:\/\/medicina.udd.cl\/neurologia\/#\/schema\/person\/dbc3705bf3a93e8be1ba6de0ef950341\"},\"headline\":\"Inicio de becas mixtas\",\"datePublished\":\"2011-04-07T15:44:33+00:00\",\"dateModified\":\"2011-04-08T15:36:44+00:00\",\"mainEntityOfPage\":{\"@id\":\"https:\/\/medicina.udd.cl\/neurologia\/noticias\/2011\/04\/07\/inicio-de-becas-mixtas\/\"},\"wordCount\":322,\"commentCount\":0,\"image\":{\"@id\":\"https:\/\/medicina.udd.cl\/neurologia\/noticias\/2011\/04\/07\/inicio-de-becas-mixtas\/#primaryimage\"},\"thumbnailUrl\":\"http:\/\/medicina.udd.cl\/neurologia\/files\/2011\/04\/becados-044-300x222.jpg\",\"articleSection\":[\"Noticias\"],\"inLanguage\":\"es\",\"potentialAction\":[{\"@type\":\"CommentAction\",\"name\":\"Comment\",\"target\":[\"https:\/\/medicina.udd.cl\/neurologia\/noticias\/2011\/04\/07\/inicio-de-becas-mixtas\/#respond\"]}]},{\"@type\":\"WebPage\",\"@id\":\"https:\/\/medicina.udd.cl\/neurologia\/noticias\/2011\/04\/07\/inicio-de-becas-mixtas\/\",\"url\":\"https:\/\/medicina.udd.cl\/neurologia\/noticias\/2011\/04\/07\/inicio-de-becas-mixtas\/\",\"name\":\"Inicio de becas mixtas - Especialidad en Neurolog\u00eda\",\"isPartOf\":{\"@id\":\"https:\/\/medicina.udd.cl\/neurologia\/#website\"},\"primaryImageOfPage\":{\"@id\":\"https:\/\/medicina.udd.cl\/neurologia\/noticias\/2011\/04\/07\/inicio-de-becas-mixtas\/#primaryimage\"},\"image\":{\"@id\":\"https:\/\/medicina.udd.cl\/neurologia\/noticias\/2011\/04\/07\/inicio-de-becas-mixtas\/#primaryimage\"},\"thumbnailUrl\":\"http:\/\/medicina.udd.cl\/neurologia\/files\/2011\/04\/becados-044-300x222.jpg\",\"datePublished\":\"2011-04-07T15:44:33+00:00\",\"dateModified\":\"2011-04-08T15:36:44+00:00\",\"author\":{\"@id\":\"https:\/\/medicina.udd.cl\/neurologia\/#\/schema\/person\/dbc3705bf3a93e8be1ba6de0ef950341\"},\"breadcrumb\":{\"@id\":\"https:\/\/medicina.udd.cl\/neurologia\/noticias\/2011\/04\/07\/inicio-de-becas-mixtas\/#breadcrumb\"},\"inLanguage\":\"es\",\"potentialAction\":[{\"@type\":\"ReadAction\",\"target\":[\"https:\/\/medicina.udd.cl\/neurologia\/noticias\/2011\/04\/07\/inicio-de-becas-mixtas\/\"]}]},{\"@type\":\"ImageObject\",\"inLanguage\":\"es\",\"@id\":\"https:\/\/medicina.udd.cl\/neurologia\/noticias\/2011\/04\/07\/inicio-de-becas-mixtas\/#primaryimage\",\"url\":\"https:\/\/medicina.udd.cl\/neurologia\/files\/2011\/04\/becados-044.jpg\",\"contentUrl\":\"https:\/\/medicina.udd.cl\/neurologia\/files\/2011\/04\/becados-044.jpg\",\"width\":2345,\"height\":1742},{\"@type\":\"BreadcrumbList\",\"@id\":\"https:\/\/medicina.udd.cl\/neurologia\/noticias\/2011\/04\/07\/inicio-de-becas-mixtas\/#breadcrumb\",\"itemListElement\":[{\"@type\":\"ListItem\",\"position\":1,\"name\":\"Home\",\"item\":\"https:\/\/medicina.udd.cl\/neurologia\/\"},{\"@type\":\"ListItem\",\"position\":2,\"name\":\"Inicio de becas mixtas\"}]},{\"@type\":\"WebSite\",\"@id\":\"https:\/\/medicina.udd.cl\/neurologia\/#website\",\"url\":\"https:\/\/medicina.udd.cl\/neurologia\/\",\"name\":\"Especialidad en Neurolog\u00eda\",\"description\":\"Otro sitio m\u00e1s de Medicina\",\"potentialAction\":[{\"@type\":\"SearchAction\",\"target\":{\"@type\":\"EntryPoint\",\"urlTemplate\":\"https:\/\/medicina.udd.cl\/neurologia\/?s={search_term_string}\"},\"query-input\":{\"@type\":\"PropertyValueSpecification\",\"valueRequired\":true,\"valueName\":\"search_term_string\"}}],\"inLanguage\":\"es\"},{\"@type\":\"Person\",\"@id\":\"https:\/\/medicina.udd.cl\/neurologia\/#\/schema\/person\/dbc3705bf3a93e8be1ba6de0ef950341\",\"name\":\"rbraidy\",\"image\":{\"@type\":\"ImageObject\",\"inLanguage\":\"es\",\"@id\":\"https:\/\/medicina.udd.cl\/neurologia\/#\/schema\/person\/image\/\",\"url\":\"https:\/\/secure.gravatar.com\/avatar\/0f8bc94637401590e45d2ce17eb65c274cb8870a219de6177f3f23e63fd8cdf3?s=96&d=mm&r=g\",\"contentUrl\":\"https:\/\/secure.gravatar.com\/avatar\/0f8bc94637401590e45d2ce17eb65c274cb8870a219de6177f3f23e63fd8cdf3?s=96&d=mm&r=g\",\"caption\":\"rbraidy\"},\"url\":\"https:\/\/medicina.udd.cl\/neurologia\/noticias\/author\/rbraidy\/\"}]}<\/script>\n<!-- \/ Yoast SEO plugin. -->","yoast_head_json":{"title":"Inicio de becas mixtas - Especialidad en Neurolog\u00eda","robots":{"index":"index","follow":"follow","max-snippet":"max-snippet:-1","max-image-preview":"max-image-preview:large","max-video-preview":"max-video-preview:-1"},"canonical":"https:\/\/medicina.udd.cl\/neurologia\/noticias\/2011\/04\/07\/inicio-de-becas-mixtas\/","og_locale":"es_ES","og_type":"article","og_title":"Inicio de becas mixtas - Especialidad en Neurolog\u00eda","og_description":"Por tercer a\u00f1o consecutivo se realiza este programa trabajado en conjunto con el Ministerio de Salud de Chile.","og_url":"https:\/\/medicina.udd.cl\/neurologia\/noticias\/2011\/04\/07\/inicio-de-becas-mixtas\/","og_site_name":"Especialidad en Neurolog\u00eda","article_published_time":"2011-04-07T15:44:33+00:00","article_modified_time":"2011-04-08T15:36:44+00:00","og_image":[{"url":"http:\/\/medicina.udd.cl\/neurologia\/files\/2011\/04\/becados-044-300x222.jpg","type":"","width":"","height":""}],"author":"rbraidy","twitter_misc":{"Escrito por":"rbraidy","Tiempo de lectura":"2 minutos"},"schema":{"@context":"https:\/\/schema.org","@graph":[{"@type":"Article","@id":"https:\/\/medicina.udd.cl\/neurologia\/noticias\/2011\/04\/07\/inicio-de-becas-mixtas\/#article","isPartOf":{"@id":"https:\/\/medicina.udd.cl\/neurologia\/noticias\/2011\/04\/07\/inicio-de-becas-mixtas\/"},"author":{"name":"rbraidy","@id":"https:\/\/medicina.udd.cl\/neurologia\/#\/schema\/person\/dbc3705bf3a93e8be1ba6de0ef950341"},"headline":"Inicio de becas mixtas","datePublished":"2011-04-07T15:44:33+00:00","dateModified":"2011-04-08T15:36:44+00:00","mainEntityOfPage":{"@id":"https:\/\/medicina.udd.cl\/neurologia\/noticias\/2011\/04\/07\/inicio-de-becas-mixtas\/"},"wordCount":322,"commentCount":0,"image":{"@id":"https:\/\/medicina.udd.cl\/neurologia\/noticias\/2011\/04\/07\/inicio-de-becas-mixtas\/#primaryimage"},"thumbnailUrl":"http:\/\/medicina.udd.cl\/neurologia\/files\/2011\/04\/becados-044-300x222.jpg","articleSection":["Noticias"],"inLanguage":"es","potentialAction":[{"@type":"CommentAction","name":"Comment","target":["https:\/\/medicina.udd.cl\/neurologia\/noticias\/2011\/04\/07\/inicio-de-becas-mixtas\/#respond"]}]},{"@type":"WebPage","@id":"https:\/\/medicina.udd.cl\/neurologia\/noticias\/2011\/04\/07\/inicio-de-becas-mixtas\/","url":"https:\/\/medicina.udd.cl\/neurologia\/noticias\/2011\/04\/07\/inicio-de-becas-mixtas\/","name":"Inicio de becas mixtas - Especialidad en Neurolog\u00eda","isPartOf":{"@id":"https:\/\/medicina.udd.cl\/neurologia\/#website"},"primaryImageOfPage":{"@id":"https:\/\/medicina.udd.cl\/neurologia\/noticias\/2011\/04\/07\/inicio-de-becas-mixtas\/#primaryimage"},"image":{"@id":"https:\/\/medicina.udd.cl\/neurologia\/noticias\/2011\/04\/07\/inicio-de-becas-mixtas\/#primaryimage"},"thumbnailUrl":"http:\/\/medicina.udd.cl\/neurologia\/files\/2011\/04\/becados-044-300x222.jpg","datePublished":"2011-04-07T15:44:33+00:00","dateModified":"2011-04-08T15:36:44+00:00","author":{"@id":"https:\/\/medicina.udd.cl\/neurologia\/#\/schema\/person\/dbc3705bf3a93e8be1ba6de0ef950341"},"breadcrumb":{"@id":"https:\/\/medicina.udd.cl\/neurologia\/noticias\/2011\/04\/07\/inicio-de-becas-mixtas\/#breadcrumb"},"inLanguage":"es","potentialAction":[{"@type":"ReadAction","target":["https:\/\/medicina.udd.cl\/neurologia\/noticias\/2011\/04\/07\/inicio-de-becas-mixtas\/"]}]},{"@type":"ImageObject","inLanguage":"es","@id":"https:\/\/medicina.udd.cl\/neurologia\/noticias\/2011\/04\/07\/inicio-de-becas-mixtas\/#primaryimage","url":"https:\/\/medicina.udd.cl\/neurologia\/files\/2011\/04\/becados-044.jpg","contentUrl":"https:\/\/medicina.udd.cl\/neurologia\/files\/2011\/04\/becados-044.jpg","width":2345,"height":1742},{"@type":"BreadcrumbList","@id":"https:\/\/medicina.udd.cl\/neurologia\/noticias\/2011\/04\/07\/inicio-de-becas-mixtas\/#breadcrumb","itemListElement":[{"@type":"ListItem","position":1,"name":"Home","item":"https:\/\/medicina.udd.cl\/neurologia\/"},{"@type":"ListItem","position":2,"name":"Inicio de becas mixtas"}]},{"@type":"WebSite","@id":"https:\/\/medicina.udd.cl\/neurologia\/#website","url":"https:\/\/medicina.udd.cl\/neurologia\/","name":"Especialidad en Neurolog\u00eda","description":"Otro sitio m\u00e1s de Medicina","potentialAction":[{"@type":"SearchAction","target":{"@type":"EntryPoint","urlTemplate":"https:\/\/medicina.udd.cl\/neurologia\/?s={search_term_string}"},"query-input":{"@type":"PropertyValueSpecification","valueRequired":true,"valueName":"search_term_string"}}],"inLanguage":"es"},{"@type":"Person","@id":"https:\/\/medicina.udd.cl\/neurologia\/#\/schema\/person\/dbc3705bf3a93e8be1ba6de0ef950341","name":"rbraidy","image":{"@type":"ImageObject","inLanguage":"es","@id":"https:\/\/medicina.udd.cl\/neurologia\/#\/schema\/person\/image\/","url":"https:\/\/secure.gravatar.com\/avatar\/0f8bc94637401590e45d2ce17eb65c274cb8870a219de6177f3f23e63fd8cdf3?s=96&d=mm&r=g","contentUrl":"https:\/\/secure.gravatar.com\/avatar\/0f8bc94637401590e45d2ce17eb65c274cb8870a219de6177f3f23e63fd8cdf3?s=96&d=mm&r=g","caption":"rbraidy"},"url":"https:\/\/medicina.udd.cl\/neurologia\/noticias\/author\/rbraidy\/"}]}},"_links":{"self":[{"href":"https:\/\/medicina.udd.cl\/neurologia\/wp-json\/wp\/v2\/posts\/70","targetHints":{"allow":["GET"]}}],"collection":[{"href":"https:\/\/medicina.udd.cl\/neurologia\/wp-json\/wp\/v2\/posts"}],"about":[{"href":"https:\/\/medicina.udd.cl\/neurologia\/wp-json\/wp\/v2\/types\/post"}],"author":[{"embeddable":true,"href":"https:\/\/medicina.udd.cl\/neurologia\/wp-json\/wp\/v2\/users\/9192219"}],"replies":[{"embeddable":true,"href":"https:\/\/medicina.udd.cl\/neurologia\/wp-json\/wp\/v2\/comments?post=70"}],"version-history":[{"count":2,"href":"https:\/\/medicina.udd.cl\/neurologia\/wp-json\/wp\/v2\/posts\/70\/revisions"}],"predecessor-version":[{"id":73,"href":"https:\/\/medicina.udd.cl\/neurologia\/wp-json\/wp\/v2\/posts\/70\/revisions\/73"}],"wp:attachment":[{"href":"https:\/\/medicina.udd.cl\/neurologia\/wp-json\/wp\/v2\/media?parent=70"}],"wp:term":[{"taxonomy":"category","embeddable":true,"href":"https:\/\/medicina.udd.cl\/neurologia\/wp-json\/wp\/v2\/categories?post=70"},{"taxonomy":"post_tag","embeddable":true,"href":"https:\/\/medicina.udd.cl\/neurologia\/wp-json\/wp\/v2\/tags?post=70"}],"curies":[{"name":"wp","href":"https:\/\/api.w.org\/{rel}","templated":true}]}}