{"id":1224,"date":"2013-03-22T11:39:44","date_gmt":"2013-03-22T15:39:44","guid":{"rendered":"http:\/\/medicina.udd.cl\/nutricion-dietetica-santiago\/?p=1224"},"modified":"2013-03-22T11:39:44","modified_gmt":"2013-03-22T15:39:44","slug":"trinidad-covarrubias-nutricionista-su-compromiso-con-ensena-chile","status":"publish","type":"post","link":"https:\/\/medicina.udd.cl\/nutricion-dietetica-santiago\/noticias\/2013\/03\/22\/trinidad-covarrubias-nutricionista-su-compromiso-con-ensena-chile\/","title":{"rendered":"Trinidad Covarrubias, nutricionista: Su compromiso con Ense\u00f1a Chile"},"content":{"rendered":"<div id=\"gallery-1\" class=\"carousel slide carousel-gallery\" data-ride=\"false\" data-interval=\"false\"><div class=\"carousel-inner\" role=\"listbox\"><figure class=\"carousel-item active\"><img loading=\"lazy\" decoding=\"async\" width=\"400\" height=\"246\" src=\"https:\/\/medicina.udd.cl\/nutricion-dietetica-santiago\/files\/2013\/03\/Trinidad-en-Pitrufqu\u00e9n.jpg\" class=\"attachment-landscape_952 size-landscape_952\" alt=\"\" srcset=\"https:\/\/medicina.udd.cl\/nutricion-dietetica-santiago\/files\/2013\/03\/Trinidad-en-Pitrufqu\u00e9n.jpg 400w, https:\/\/medicina.udd.cl\/nutricion-dietetica-santiago\/files\/2013\/03\/Trinidad-en-Pitrufqu\u00e9n-300x185.jpg 300w\" sizes=\"auto, (max-width: 400px) 100vw, 400px\" \/><\/figure><figure class=\"carousel-item\"><img loading=\"lazy\" decoding=\"async\" width=\"400\" height=\"300\" src=\"https:\/\/medicina.udd.cl\/nutricion-dietetica-santiago\/files\/2013\/03\/Trinidad-se-prepar\u00f3-con-Ense\u00f1a-Chile.jpg\" class=\"attachment-landscape_952 size-landscape_952\" alt=\"\" srcset=\"https:\/\/medicina.udd.cl\/nutricion-dietetica-santiago\/files\/2013\/03\/Trinidad-se-prepar\u00f3-con-Ense\u00f1a-Chile.jpg 400w, https:\/\/medicina.udd.cl\/nutricion-dietetica-santiago\/files\/2013\/03\/Trinidad-se-prepar\u00f3-con-Ense\u00f1a-Chile-300x225.jpg 300w\" sizes=\"auto, (max-width: 400px) 100vw, 400px\" \/><\/figure><\/div><footer class=\"carousel-footer\"><div class=\"carousel-counter\"><span class=\"carousel-counter-current\"><\/span> \/ <span class=\"carousel-counter-total\"><\/span><\/div><a class=\"carousel-control-prev\" href=\"#gallery-1\" role=\"button\" data-slide=\"prev\"><svg aria-hidden=\"true\" class=\"svg-chevron-left-dims\"><use xlink:href='https:\/\/medicina.udd.cl\/nutricion-dietetica-santiago\/wp-content\/themes\/facultades-2018\/assets\/img\/svg\/dist\/main.svg?version=1695853099#chevron-left'><\/use><\/svg><span class=\"sr-only\">Anterior<\/span><\/a><a class=\"carousel-control-next\" href=\"#gallery-1\" role=\"button\" data-slide=\"next\"><svg aria-hidden=\"true\" class=\"svg-chevron-right-dims\"><use xlink:href='https:\/\/medicina.udd.cl\/nutricion-dietetica-santiago\/wp-content\/themes\/facultades-2018\/assets\/img\/svg\/dist\/main.svg?version=1695853099#chevron-right'><\/use><\/svg><span class=\"sr-only\">Siguiente<\/span><\/a><\/footer><\/div>\n<p>A d\u00edas de recibir su t\u00edtulo profesional de la carrera de Nutrici\u00f3n y Diet\u00e9tica de nuestra Facultad de Medicina, Trinidad Covarrubias, relata su experiencia en Pitrufqu\u00e9n, en la Regi\u00f3n de la Araucan\u00eda, en donde parti\u00f3 como profesora, a hacer clases en un liceo polit\u00e9cnico, por medio de la Fundaci\u00f3n Ense\u00f1a Chile.<\/p>\n<p><strong>&#8211; \u00bfEn qu\u00e9 consiste tu compromiso y las actividades que vas a desarrollar en Pitrufqu\u00e9n?<\/strong><\/p>\n<p>&#8211; La visi\u00f3n de Ense\u00f1a Chile es que \u201cUn d\u00eda todo los ni\u00f1os en Chile recibir\u00e1n Educaci\u00f3n de Calidad\u201d. Para ello recluta a j\u00f3venes profesionales que vayan a hacer clases a los colegios con mayor nivel de vulnerabilidad para as\u00ed disminuir la brecha educativa. Es as\u00ed estoy haciendo clases a los alumnos de II\u00b0 Medio y de\u00a0 III\u00b0Medio de la especialidad de Atenci\u00f3n en Enfermer\u00eda del \u2018Liceo Polit\u00e9cnico Pitrufqu\u00e9n\u2019.<\/p>\n<p>Esta experiencia, que la tendr\u00e1 por 2 a\u00f1os en la regi\u00f3n es nueva para ella. Cuenta: \u00abHe tenido experiencia en hacer clases particulares o un par de ayudant\u00edas en la universidad, pero nunca he hecho clases en colegios. De todas formas, en enero pasado los seleccionados de Ense\u00f1a Chile participamos de un Instituto de Verano. De domingo a viernes, \u00a0alojanmos en una Residencia en Nos, desde donde todos los d\u00edas \u00edbamos a una escuela de Puente Alto a recibir capacitaciones y, a la vez, a hacer preuniversitario a alumnos de diversas comunas vulnerables de Santiago que voluntariamente quieren preparar la PSU. All\u00ed adquir\u00ed las habilidades para desempe\u00f1arme como profesora\u00bb.<\/p>\n<p><strong>&#8211; \u00bfCu\u00e1l es tu motivaci\u00f3n para emprender iniciativas como estas?<\/strong><\/p>\n<p>&#8211; En primer lugar me movi\u00f3 el que me encanta ense\u00f1ar. Luego, al ver la enorme desigualdad en la educaci\u00f3n en Chile, \u00a0quiero ayudar a generar conciencia de que todos los ni\u00f1os son capaces de aprender a un nivel de excelencia, que depende simplemente de confiar en ellos, de motivarlos y de dirigir las mejores estrategias para entregar una ense\u00f1anza de calidad.<\/p>\n<p>Otro factor de motivaci\u00f3n que me llev\u00f3 a postular a la Fundaci\u00f3n fue la oportunidad de hacer clases en alg\u00fan colegio del sur de Chile. Hace tiempo ten\u00eda las ganas de irme a vivir al sur por lo lindo que es y por la mejor calidad de vida que all\u00ed se experimenta.<\/p>\n<p><strong>&#8211; \u00bfQu\u00e9 esperas de estos dos a\u00f1os?<\/strong><\/p>\n<p>&#8211; Espero que esta experiencia sea de enorme crecimiento, tanto para mis alumnos como para m\u00ed. Participar en acciones como \u00e9sta, sin duda ayudan a desarrollar habilidades de liderazgo y potenciar las habilidades blandas. \u00c9stas ser\u00e1n enormes herramientas para desarrollarme luego, en mi futuro profesional.<\/p>\n","protected":false},"excerpt":{"rendered":"<p>Su experiencia en Pitrufqu\u00e9n, en la Regi\u00f3n de la Araucan\u00eda, donde lleg\u00f3 por medio de la Fundaci\u00f3n Ense\u00f1a Chile.<\/p>\n","protected":false},"author":1,"featured_media":0,"comment_status":"closed","ping_status":"closed","sticky":false,"template":"","format":"standard","meta":{"footnotes":""},"categories":[4,1],"tags":[],"class_list":["post-1224","post","type-post","status-publish","format-standard","hentry","category-noticias","category-sin-categoria"],"yoast_head":"<!-- This site is optimized with the Yoast SEO plugin v26.9 - https:\/\/yoast.com\/product\/yoast-seo-wordpress\/ -->\n<title>Trinidad Covarrubias, nutricionista: Su compromiso con Ense\u00f1a Chile<\/title>\n<meta name=\"description\" content=\"Su experiencia en Pitrufqu\u00e9n, en la Regi\u00f3n de la Araucan\u00eda, donde lleg\u00f3 por medio de la Fundaci\u00f3n Ense\u00f1a Chile.\" \/>\n<meta name=\"robots\" content=\"index, follow, max-snippet:-1, max-image-preview:large, max-video-preview:-1\" \/>\n<link rel=\"canonical\" href=\"https:\/\/medicina.udd.cl\/nutricion-dietetica-santiago\/noticias\/2013\/03\/22\/trinidad-covarrubias-nutricionista-su-compromiso-con-ensena-chile\/\" \/>\n<meta property=\"og:locale\" content=\"es_ES\" \/>\n<meta property=\"og:type\" content=\"article\" \/>\n<meta property=\"og:title\" content=\"Trinidad Covarrubias, nutricionista: Su compromiso con Ense\u00f1a Chile\" \/>\n<meta property=\"og:description\" content=\"Su experiencia en Pitrufqu\u00e9n, en la Regi\u00f3n de la Araucan\u00eda, donde lleg\u00f3 por medio de la Fundaci\u00f3n Ense\u00f1a Chile.\" \/>\n<meta property=\"og:url\" content=\"https:\/\/medicina.udd.cl\/nutricion-dietetica-santiago\/noticias\/2013\/03\/22\/trinidad-covarrubias-nutricionista-su-compromiso-con-ensena-chile\/\" \/>\n<meta property=\"og:site_name\" content=\"Nutrici\u00f3n y Diet\u00e9tica\" \/>\n<meta property=\"article:published_time\" content=\"2013-03-22T15:39:44+00:00\" \/>\n<meta property=\"og:image\" content=\"https:\/\/medicina.udd.cl\/nutricion-dietetica-santiago\/files\/2013\/03\/Trinidad-en-Pitrufqu\u00e9n.jpg\" \/>\n<meta name=\"author\" content=\"admin\" \/>\n<meta name=\"twitter:label1\" content=\"Escrito por\" \/>\n\t<meta name=\"twitter:data1\" content=\"admin\" \/>\n\t<meta name=\"twitter:label2\" content=\"Tiempo de lectura\" \/>\n\t<meta name=\"twitter:data2\" content=\"2 minutos\" \/>\n<script type=\"application\/ld+json\" class=\"yoast-schema-graph\">{\"@context\":\"https:\/\/schema.org\",\"@graph\":[{\"@type\":\"Article\",\"@id\":\"https:\/\/medicina.udd.cl\/nutricion-dietetica-santiago\/noticias\/2013\/03\/22\/trinidad-covarrubias-nutricionista-su-compromiso-con-ensena-chile\/#article\",\"isPartOf\":{\"@id\":\"https:\/\/medicina.udd.cl\/nutricion-dietetica-santiago\/noticias\/2013\/03\/22\/trinidad-covarrubias-nutricionista-su-compromiso-con-ensena-chile\/\"},\"author\":{\"name\":\"admin\",\"@id\":\"https:\/\/medicina.udd.cl\/nutricion-dietetica-santiago\/#\/schema\/person\/f7abfa784c86da427e89287831f96ab7\"},\"headline\":\"Trinidad Covarrubias, nutricionista: Su compromiso con Ense\u00f1a Chile\",\"datePublished\":\"2013-03-22T15:39:44+00:00\",\"mainEntityOfPage\":{\"@id\":\"https:\/\/medicina.udd.cl\/nutricion-dietetica-santiago\/noticias\/2013\/03\/22\/trinidad-covarrubias-nutricionista-su-compromiso-con-ensena-chile\/\"},\"wordCount\":470,\"articleSection\":[\"Noticias\"],\"inLanguage\":\"es\"},{\"@type\":\"WebPage\",\"@id\":\"https:\/\/medicina.udd.cl\/nutricion-dietetica-santiago\/noticias\/2013\/03\/22\/trinidad-covarrubias-nutricionista-su-compromiso-con-ensena-chile\/\",\"url\":\"https:\/\/medicina.udd.cl\/nutricion-dietetica-santiago\/noticias\/2013\/03\/22\/trinidad-covarrubias-nutricionista-su-compromiso-con-ensena-chile\/\",\"name\":\"Trinidad Covarrubias, nutricionista: Su compromiso con Ense\u00f1a Chile\",\"isPartOf\":{\"@id\":\"https:\/\/medicina.udd.cl\/nutricion-dietetica-santiago\/#website\"},\"datePublished\":\"2013-03-22T15:39:44+00:00\",\"author\":{\"@id\":\"https:\/\/medicina.udd.cl\/nutricion-dietetica-santiago\/#\/schema\/person\/f7abfa784c86da427e89287831f96ab7\"},\"description\":\"Su experiencia en Pitrufqu\u00e9n, en la Regi\u00f3n de la Araucan\u00eda, donde lleg\u00f3 por medio de la Fundaci\u00f3n Ense\u00f1a Chile.\",\"breadcrumb\":{\"@id\":\"https:\/\/medicina.udd.cl\/nutricion-dietetica-santiago\/noticias\/2013\/03\/22\/trinidad-covarrubias-nutricionista-su-compromiso-con-ensena-chile\/#breadcrumb\"},\"inLanguage\":\"es\",\"potentialAction\":[{\"@type\":\"ReadAction\",\"target\":[\"https:\/\/medicina.udd.cl\/nutricion-dietetica-santiago\/noticias\/2013\/03\/22\/trinidad-covarrubias-nutricionista-su-compromiso-con-ensena-chile\/\"]}]},{\"@type\":\"BreadcrumbList\",\"@id\":\"https:\/\/medicina.udd.cl\/nutricion-dietetica-santiago\/noticias\/2013\/03\/22\/trinidad-covarrubias-nutricionista-su-compromiso-con-ensena-chile\/#breadcrumb\",\"itemListElement\":[{\"@type\":\"ListItem\",\"position\":1,\"name\":\"Home\",\"item\":\"https:\/\/medicina.udd.cl\/nutricion-dietetica-santiago\/\"},{\"@type\":\"ListItem\",\"position\":2,\"name\":\"Trinidad Covarrubias, nutricionista: Su compromiso con Ense\u00f1a Chile\"}]},{\"@type\":\"WebSite\",\"@id\":\"https:\/\/medicina.udd.cl\/nutricion-dietetica-santiago\/#website\",\"url\":\"https:\/\/medicina.udd.cl\/nutricion-dietetica-santiago\/\",\"name\":\"Nutrici\u00f3n y Diet\u00e9tica\",\"description\":\"Facultad de Medicina C\u00ednica Alemana Universidad del Desarrollo\",\"inLanguage\":\"es\"},{\"@type\":\"Person\",\"@id\":\"https:\/\/medicina.udd.cl\/nutricion-dietetica-santiago\/#\/schema\/person\/f7abfa784c86da427e89287831f96ab7\",\"name\":\"admin\",\"image\":{\"@type\":\"ImageObject\",\"inLanguage\":\"es\",\"@id\":\"https:\/\/medicina.udd.cl\/nutricion-dietetica-santiago\/#\/schema\/person\/image\/\",\"url\":\"https:\/\/secure.gravatar.com\/avatar\/3cb6da298954dfb54457c0910b8c9ca010abd8d87a60f7d701b6ce4254e1c642?s=96&d=mm&r=g\",\"contentUrl\":\"https:\/\/secure.gravatar.com\/avatar\/3cb6da298954dfb54457c0910b8c9ca010abd8d87a60f7d701b6ce4254e1c642?s=96&d=mm&r=g\",\"caption\":\"admin\"},\"url\":\"https:\/\/medicina.udd.cl\/nutricion-dietetica-santiago\/noticias\/author\/admin\/\"}]}<\/script>\n<!-- \/ Yoast SEO plugin. -->","yoast_head_json":{"title":"Trinidad Covarrubias, nutricionista: Su compromiso con Ense\u00f1a Chile","description":"Su experiencia en Pitrufqu\u00e9n, en la Regi\u00f3n de la Araucan\u00eda, donde lleg\u00f3 por medio de la Fundaci\u00f3n Ense\u00f1a Chile.","robots":{"index":"index","follow":"follow","max-snippet":"max-snippet:-1","max-image-preview":"max-image-preview:large","max-video-preview":"max-video-preview:-1"},"canonical":"https:\/\/medicina.udd.cl\/nutricion-dietetica-santiago\/noticias\/2013\/03\/22\/trinidad-covarrubias-nutricionista-su-compromiso-con-ensena-chile\/","og_locale":"es_ES","og_type":"article","og_title":"Trinidad Covarrubias, nutricionista: Su compromiso con Ense\u00f1a Chile","og_description":"Su experiencia en Pitrufqu\u00e9n, en la Regi\u00f3n de la Araucan\u00eda, donde lleg\u00f3 por medio de la Fundaci\u00f3n Ense\u00f1a Chile.","og_url":"https:\/\/medicina.udd.cl\/nutricion-dietetica-santiago\/noticias\/2013\/03\/22\/trinidad-covarrubias-nutricionista-su-compromiso-con-ensena-chile\/","og_site_name":"Nutrici\u00f3n y Diet\u00e9tica","article_published_time":"2013-03-22T15:39:44+00:00","og_image":[{"url":"https:\/\/medicina.udd.cl\/nutricion-dietetica-santiago\/files\/2013\/03\/Trinidad-en-Pitrufqu\u00e9n.jpg","type":"","width":"","height":""}],"author":"admin","twitter_misc":{"Escrito por":"admin","Tiempo de lectura":"2 minutos"},"schema":{"@context":"https:\/\/schema.org","@graph":[{"@type":"Article","@id":"https:\/\/medicina.udd.cl\/nutricion-dietetica-santiago\/noticias\/2013\/03\/22\/trinidad-covarrubias-nutricionista-su-compromiso-con-ensena-chile\/#article","isPartOf":{"@id":"https:\/\/medicina.udd.cl\/nutricion-dietetica-santiago\/noticias\/2013\/03\/22\/trinidad-covarrubias-nutricionista-su-compromiso-con-ensena-chile\/"},"author":{"name":"admin","@id":"https:\/\/medicina.udd.cl\/nutricion-dietetica-santiago\/#\/schema\/person\/f7abfa784c86da427e89287831f96ab7"},"headline":"Trinidad Covarrubias, nutricionista: Su compromiso con Ense\u00f1a Chile","datePublished":"2013-03-22T15:39:44+00:00","mainEntityOfPage":{"@id":"https:\/\/medicina.udd.cl\/nutricion-dietetica-santiago\/noticias\/2013\/03\/22\/trinidad-covarrubias-nutricionista-su-compromiso-con-ensena-chile\/"},"wordCount":470,"articleSection":["Noticias"],"inLanguage":"es"},{"@type":"WebPage","@id":"https:\/\/medicina.udd.cl\/nutricion-dietetica-santiago\/noticias\/2013\/03\/22\/trinidad-covarrubias-nutricionista-su-compromiso-con-ensena-chile\/","url":"https:\/\/medicina.udd.cl\/nutricion-dietetica-santiago\/noticias\/2013\/03\/22\/trinidad-covarrubias-nutricionista-su-compromiso-con-ensena-chile\/","name":"Trinidad Covarrubias, nutricionista: Su compromiso con Ense\u00f1a Chile","isPartOf":{"@id":"https:\/\/medicina.udd.cl\/nutricion-dietetica-santiago\/#website"},"datePublished":"2013-03-22T15:39:44+00:00","author":{"@id":"https:\/\/medicina.udd.cl\/nutricion-dietetica-santiago\/#\/schema\/person\/f7abfa784c86da427e89287831f96ab7"},"description":"Su experiencia en Pitrufqu\u00e9n, en la Regi\u00f3n de la Araucan\u00eda, donde lleg\u00f3 por medio de la Fundaci\u00f3n Ense\u00f1a Chile.","breadcrumb":{"@id":"https:\/\/medicina.udd.cl\/nutricion-dietetica-santiago\/noticias\/2013\/03\/22\/trinidad-covarrubias-nutricionista-su-compromiso-con-ensena-chile\/#breadcrumb"},"inLanguage":"es","potentialAction":[{"@type":"ReadAction","target":["https:\/\/medicina.udd.cl\/nutricion-dietetica-santiago\/noticias\/2013\/03\/22\/trinidad-covarrubias-nutricionista-su-compromiso-con-ensena-chile\/"]}]},{"@type":"BreadcrumbList","@id":"https:\/\/medicina.udd.cl\/nutricion-dietetica-santiago\/noticias\/2013\/03\/22\/trinidad-covarrubias-nutricionista-su-compromiso-con-ensena-chile\/#breadcrumb","itemListElement":[{"@type":"ListItem","position":1,"name":"Home","item":"https:\/\/medicina.udd.cl\/nutricion-dietetica-santiago\/"},{"@type":"ListItem","position":2,"name":"Trinidad Covarrubias, nutricionista: Su compromiso con Ense\u00f1a Chile"}]},{"@type":"WebSite","@id":"https:\/\/medicina.udd.cl\/nutricion-dietetica-santiago\/#website","url":"https:\/\/medicina.udd.cl\/nutricion-dietetica-santiago\/","name":"Nutrici\u00f3n y Diet\u00e9tica","description":"Facultad de Medicina C\u00ednica Alemana Universidad del Desarrollo","inLanguage":"es"},{"@type":"Person","@id":"https:\/\/medicina.udd.cl\/nutricion-dietetica-santiago\/#\/schema\/person\/f7abfa784c86da427e89287831f96ab7","name":"admin","image":{"@type":"ImageObject","inLanguage":"es","@id":"https:\/\/medicina.udd.cl\/nutricion-dietetica-santiago\/#\/schema\/person\/image\/","url":"https:\/\/secure.gravatar.com\/avatar\/3cb6da298954dfb54457c0910b8c9ca010abd8d87a60f7d701b6ce4254e1c642?s=96&d=mm&r=g","contentUrl":"https:\/\/secure.gravatar.com\/avatar\/3cb6da298954dfb54457c0910b8c9ca010abd8d87a60f7d701b6ce4254e1c642?s=96&d=mm&r=g","caption":"admin"},"url":"https:\/\/medicina.udd.cl\/nutricion-dietetica-santiago\/noticias\/author\/admin\/"}]}},"featured_image_url":null,"_links":{"self":[{"href":"https:\/\/medicina.udd.cl\/nutricion-dietetica-santiago\/wp-json\/wp\/v2\/posts\/1224","targetHints":{"allow":["GET"]}}],"collection":[{"href":"https:\/\/medicina.udd.cl\/nutricion-dietetica-santiago\/wp-json\/wp\/v2\/posts"}],"about":[{"href":"https:\/\/medicina.udd.cl\/nutricion-dietetica-santiago\/wp-json\/wp\/v2\/types\/post"}],"author":[{"embeddable":true,"href":"https:\/\/medicina.udd.cl\/nutricion-dietetica-santiago\/wp-json\/wp\/v2\/users\/1"}],"replies":[{"embeddable":true,"href":"https:\/\/medicina.udd.cl\/nutricion-dietetica-santiago\/wp-json\/wp\/v2\/comments?post=1224"}],"version-history":[{"count":2,"href":"https:\/\/medicina.udd.cl\/nutricion-dietetica-santiago\/wp-json\/wp\/v2\/posts\/1224\/revisions"}],"predecessor-version":[{"id":1229,"href":"https:\/\/medicina.udd.cl\/nutricion-dietetica-santiago\/wp-json\/wp\/v2\/posts\/1224\/revisions\/1229"}],"wp:attachment":[{"href":"https:\/\/medicina.udd.cl\/nutricion-dietetica-santiago\/wp-json\/wp\/v2\/media?parent=1224"}],"wp:term":[{"taxonomy":"category","embeddable":true,"href":"https:\/\/medicina.udd.cl\/nutricion-dietetica-santiago\/wp-json\/wp\/v2\/categories?post=1224"},{"taxonomy":"post_tag","embeddable":true,"href":"https:\/\/medicina.udd.cl\/nutricion-dietetica-santiago\/wp-json\/wp\/v2\/tags?post=1224"}],"curies":[{"name":"wp","href":"https:\/\/api.w.org\/{rel}","templated":true}]}}