{"id":1317,"date":"2013-04-24T13:45:54","date_gmt":"2013-04-24T17:45:54","guid":{"rendered":"http:\/\/medicina.udd.cl\/nutricion-dietetica-santiago\/?p=1317"},"modified":"2013-05-24T16:44:07","modified_gmt":"2013-05-24T20:44:07","slug":"taller-practico-de-gastronomia-y-obesidad-infantil-en-la-udd","status":"publish","type":"post","link":"https:\/\/medicina.udd.cl\/nutricion-dietetica-santiago\/noticias\/2013\/04\/24\/taller-practico-de-gastronomia-y-obesidad-infantil-en-la-udd\/","title":{"rendered":"Taller pr\u00e1ctico de gastronom\u00eda y obesidad infantil en la UDD"},"content":{"rendered":"<div id=\"gallery-1\" class=\"carousel slide carousel-gallery\" data-ride=\"false\" data-interval=\"false\"><div class=\"carousel-inner\" role=\"listbox\"><figure class=\"carousel-item active\"><img loading=\"lazy\" decoding=\"async\" width=\"640\" height=\"427\" src=\"https:\/\/medicina.udd.cl\/nutricion-dietetica-santiago\/files\/2013\/05\/taller-obe-81.jpg\" class=\"attachment-landscape_952 size-landscape_952\" alt=\"\" srcset=\"https:\/\/medicina.udd.cl\/nutricion-dietetica-santiago\/files\/2013\/05\/taller-obe-81.jpg 640w, https:\/\/medicina.udd.cl\/nutricion-dietetica-santiago\/files\/2013\/05\/taller-obe-81-300x200.jpg 300w\" sizes=\"auto, (max-width: 640px) 100vw, 640px\" \/><\/figure><figure class=\"carousel-item\"><img loading=\"lazy\" decoding=\"async\" width=\"640\" height=\"427\" src=\"https:\/\/medicina.udd.cl\/nutricion-dietetica-santiago\/files\/2013\/05\/taller-obe-8.jpg\" class=\"attachment-landscape_952 size-landscape_952\" alt=\"\" srcset=\"https:\/\/medicina.udd.cl\/nutricion-dietetica-santiago\/files\/2013\/05\/taller-obe-8.jpg 640w, https:\/\/medicina.udd.cl\/nutricion-dietetica-santiago\/files\/2013\/05\/taller-obe-8-300x200.jpg 300w\" sizes=\"auto, (max-width: 640px) 100vw, 640px\" \/><\/figure><figure class=\"carousel-item\"><img loading=\"lazy\" decoding=\"async\" width=\"640\" height=\"416\" src=\"https:\/\/medicina.udd.cl\/nutricion-dietetica-santiago\/files\/2013\/05\/taller-obe-6.jpg\" class=\"attachment-landscape_952 size-landscape_952\" alt=\"\" srcset=\"https:\/\/medicina.udd.cl\/nutricion-dietetica-santiago\/files\/2013\/05\/taller-obe-6.jpg 640w, https:\/\/medicina.udd.cl\/nutricion-dietetica-santiago\/files\/2013\/05\/taller-obe-6-300x195.jpg 300w, https:\/\/medicina.udd.cl\/nutricion-dietetica-santiago\/files\/2013\/05\/taller-obe-6-125x80.jpg 125w, https:\/\/medicina.udd.cl\/nutricion-dietetica-santiago\/files\/2013\/05\/taller-obe-6-340x220.jpg 340w\" sizes=\"auto, (max-width: 640px) 100vw, 640px\" \/><\/figure><figure class=\"carousel-item\"><img loading=\"lazy\" decoding=\"async\" width=\"640\" height=\"426\" src=\"https:\/\/medicina.udd.cl\/nutricion-dietetica-santiago\/files\/2013\/05\/taller-obe-5.jpg\" class=\"attachment-landscape_952 size-landscape_952\" alt=\"\" srcset=\"https:\/\/medicina.udd.cl\/nutricion-dietetica-santiago\/files\/2013\/05\/taller-obe-5.jpg 640w, https:\/\/medicina.udd.cl\/nutricion-dietetica-santiago\/files\/2013\/05\/taller-obe-5-300x200.jpg 300w\" sizes=\"auto, (max-width: 640px) 100vw, 640px\" \/><\/figure><figure class=\"carousel-item\"><img loading=\"lazy\" decoding=\"async\" width=\"640\" height=\"427\" src=\"https:\/\/medicina.udd.cl\/nutricion-dietetica-santiago\/files\/2013\/05\/taller-obe-4.jpg\" class=\"attachment-landscape_952 size-landscape_952\" alt=\"\" srcset=\"https:\/\/medicina.udd.cl\/nutricion-dietetica-santiago\/files\/2013\/05\/taller-obe-4.jpg 640w, https:\/\/medicina.udd.cl\/nutricion-dietetica-santiago\/files\/2013\/05\/taller-obe-4-300x200.jpg 300w\" sizes=\"auto, (max-width: 640px) 100vw, 640px\" \/><\/figure><figure class=\"carousel-item\"><img loading=\"lazy\" decoding=\"async\" width=\"640\" height=\"427\" src=\"https:\/\/medicina.udd.cl\/nutricion-dietetica-santiago\/files\/2013\/05\/taller-obe-3.jpg\" class=\"attachment-landscape_952 size-landscape_952\" alt=\"\" srcset=\"https:\/\/medicina.udd.cl\/nutricion-dietetica-santiago\/files\/2013\/05\/taller-obe-3.jpg 640w, https:\/\/medicina.udd.cl\/nutricion-dietetica-santiago\/files\/2013\/05\/taller-obe-3-300x200.jpg 300w\" sizes=\"auto, (max-width: 640px) 100vw, 640px\" \/><\/figure><figure class=\"carousel-item\"><img loading=\"lazy\" decoding=\"async\" width=\"640\" height=\"427\" src=\"https:\/\/medicina.udd.cl\/nutricion-dietetica-santiago\/files\/2013\/05\/taller-obe-2.jpg\" class=\"attachment-landscape_952 size-landscape_952\" alt=\"\" srcset=\"https:\/\/medicina.udd.cl\/nutricion-dietetica-santiago\/files\/2013\/05\/taller-obe-2.jpg 640w, https:\/\/medicina.udd.cl\/nutricion-dietetica-santiago\/files\/2013\/05\/taller-obe-2-300x200.jpg 300w\" sizes=\"auto, (max-width: 640px) 100vw, 640px\" \/><\/figure><figure class=\"carousel-item\"><img loading=\"lazy\" decoding=\"async\" width=\"640\" height=\"428\" src=\"https:\/\/medicina.udd.cl\/nutricion-dietetica-santiago\/files\/2013\/05\/taller-obe-1.jpg\" class=\"attachment-landscape_952 size-landscape_952\" alt=\"\" srcset=\"https:\/\/medicina.udd.cl\/nutricion-dietetica-santiago\/files\/2013\/05\/taller-obe-1.jpg 640w, https:\/\/medicina.udd.cl\/nutricion-dietetica-santiago\/files\/2013\/05\/taller-obe-1-300x201.jpg 300w\" sizes=\"auto, (max-width: 640px) 100vw, 640px\" \/><\/figure><\/div><footer class=\"carousel-footer\"><div class=\"carousel-counter\"><span class=\"carousel-counter-current\"><\/span> \/ <span class=\"carousel-counter-total\"><\/span><\/div><a class=\"carousel-control-prev\" href=\"#gallery-1\" role=\"button\" data-slide=\"prev\"><svg aria-hidden=\"true\" class=\"svg-chevron-left-dims\"><use xlink:href='https:\/\/medicina.udd.cl\/nutricion-dietetica-santiago\/wp-content\/themes\/facultades-2018\/assets\/img\/svg\/dist\/main.svg?version=1695853099#chevron-left'><\/use><\/svg><span class=\"sr-only\">Anterior<\/span><\/a><a class=\"carousel-control-next\" href=\"#gallery-1\" role=\"button\" data-slide=\"next\"><svg aria-hidden=\"true\" class=\"svg-chevron-right-dims\"><use xlink:href='https:\/\/medicina.udd.cl\/nutricion-dietetica-santiago\/wp-content\/themes\/facultades-2018\/assets\/img\/svg\/dist\/main.svg?version=1695853099#chevron-right'><\/use><\/svg><span class=\"sr-only\">Siguiente<\/span><\/a><\/footer><\/div>\n<p>Geles y Cristina Duch no s\u00f3lo son hermanas, sino tambi\u00e9n socias. Y se complementan tan bien, que sus charlas son en simult\u00e1nea: mientras una cocina, la otra \u2013por ejemplo- comenta el aporte nutricional del plato.<\/p>\n<p>Esa fue la din\u00e1mica en que se desarroll\u00f3 el taller de \u201cGastronom\u00eda y obesidad infantil\u201d dictado en la escuela de Nutrici\u00f3n y Diet\u00e9tica de la UDD, que dirige Rinat Ratner.<\/p>\n<p>Los alumnos tuvieron la posibilidad de ver en detalle el contenido y preparaci\u00f3n de cada receta, probar los platos y tambi\u00e9n cocinar algunas de las sugerencias de Cristina Duch, la chef.<\/p>\n<p>Por su parte, Geles Duch abord\u00f3 aspectos como el aporte cal\u00f3rico de los alimentos, c\u00f3mo obtener una dieta balanceada en ni\u00f1os que no siempre comen todo lo que les sirven, qu\u00e9 detalles se deben atender a la hora de planificar las comidas diarias, etc.<\/p>\n<p>La docente y chef de la carrera de Nutrici\u00f3n y Diet\u00e9tica, Sylvana Freire, colabor\u00f3 en la preparaci\u00f3n de las recetas, especialmente en la etapa del curso desarrollada en el laboratorio de gastronom\u00eda.<\/p>\n<p>Como el \u00e9nfasis estuvo puesto en la prevenci\u00f3n de la obesidad infantil, particip\u00f3 tambi\u00e9n en este taller el m\u00e9dico pediatra Francisco Moraga, quien se refiri\u00f3 a las complicaciones de esta enfermedad no s\u00f3lo en los menores de edad, sino que tambi\u00e9n sus consecuencias en los adultos.<\/p>\n","protected":false},"excerpt":{"rendered":"<p>Una chef y una nutricionista espa\u00f1ola ense\u00f1aron a cocinar atractivo y sano para los ni\u00f1os.<\/p>\n","protected":false},"author":1,"featured_media":0,"comment_status":"open","ping_status":"open","sticky":false,"template":"","format":"standard","meta":{"footnotes":""},"categories":[4],"tags":[],"class_list":["post-1317","post","type-post","status-publish","format-standard","hentry","category-noticias"],"yoast_head":"<!-- This site is optimized with the Yoast SEO plugin v26.9 - https:\/\/yoast.com\/product\/yoast-seo-wordpress\/ -->\n<title>Taller pr\u00e1ctico de gastronom\u00eda y obesidad infantil en la UDD - Nutrici\u00f3n y Diet\u00e9tica<\/title>\n<meta name=\"robots\" content=\"index, follow, max-snippet:-1, max-image-preview:large, max-video-preview:-1\" \/>\n<link rel=\"canonical\" href=\"https:\/\/medicina.udd.cl\/nutricion-dietetica-santiago\/noticias\/2013\/04\/24\/taller-practico-de-gastronomia-y-obesidad-infantil-en-la-udd\/\" \/>\n<meta property=\"og:locale\" content=\"es_ES\" \/>\n<meta property=\"og:type\" content=\"article\" \/>\n<meta property=\"og:title\" content=\"Taller pr\u00e1ctico de gastronom\u00eda y obesidad infantil en la UDD - Nutrici\u00f3n y Diet\u00e9tica\" \/>\n<meta property=\"og:description\" content=\"Una chef y una nutricionista espa\u00f1ola ense\u00f1aron a cocinar atractivo y sano para los ni\u00f1os.\" \/>\n<meta property=\"og:url\" content=\"https:\/\/medicina.udd.cl\/nutricion-dietetica-santiago\/noticias\/2013\/04\/24\/taller-practico-de-gastronomia-y-obesidad-infantil-en-la-udd\/\" \/>\n<meta property=\"og:site_name\" content=\"Nutrici\u00f3n y Diet\u00e9tica\" \/>\n<meta property=\"article:published_time\" content=\"2013-04-24T17:45:54+00:00\" \/>\n<meta property=\"article:modified_time\" content=\"2013-05-24T20:44:07+00:00\" \/>\n<meta property=\"og:image\" content=\"https:\/\/medicina.udd.cl\/nutricion-dietetica-santiago\/files\/2013\/05\/taller-obe-81.jpg\" \/>\n<meta name=\"author\" content=\"admin\" \/>\n<meta name=\"twitter:label1\" content=\"Escrito por\" \/>\n\t<meta name=\"twitter:data1\" content=\"admin\" \/>\n\t<meta name=\"twitter:label2\" content=\"Tiempo de lectura\" \/>\n\t<meta name=\"twitter:data2\" content=\"1 minuto\" \/>\n<script type=\"application\/ld+json\" class=\"yoast-schema-graph\">{\"@context\":\"https:\/\/schema.org\",\"@graph\":[{\"@type\":\"Article\",\"@id\":\"https:\/\/medicina.udd.cl\/nutricion-dietetica-santiago\/noticias\/2013\/04\/24\/taller-practico-de-gastronomia-y-obesidad-infantil-en-la-udd\/#article\",\"isPartOf\":{\"@id\":\"https:\/\/medicina.udd.cl\/nutricion-dietetica-santiago\/noticias\/2013\/04\/24\/taller-practico-de-gastronomia-y-obesidad-infantil-en-la-udd\/\"},\"author\":{\"name\":\"admin\",\"@id\":\"https:\/\/medicina.udd.cl\/nutricion-dietetica-santiago\/#\/schema\/person\/f7abfa784c86da427e89287831f96ab7\"},\"headline\":\"Taller pr\u00e1ctico de gastronom\u00eda y obesidad infantil en la UDD\",\"datePublished\":\"2013-04-24T17:45:54+00:00\",\"dateModified\":\"2013-05-24T20:44:07+00:00\",\"mainEntityOfPage\":{\"@id\":\"https:\/\/medicina.udd.cl\/nutricion-dietetica-santiago\/noticias\/2013\/04\/24\/taller-practico-de-gastronomia-y-obesidad-infantil-en-la-udd\/\"},\"wordCount\":254,\"commentCount\":0,\"articleSection\":[\"Noticias\"],\"inLanguage\":\"es\",\"potentialAction\":[{\"@type\":\"CommentAction\",\"name\":\"Comment\",\"target\":[\"https:\/\/medicina.udd.cl\/nutricion-dietetica-santiago\/noticias\/2013\/04\/24\/taller-practico-de-gastronomia-y-obesidad-infantil-en-la-udd\/#respond\"]}]},{\"@type\":\"WebPage\",\"@id\":\"https:\/\/medicina.udd.cl\/nutricion-dietetica-santiago\/noticias\/2013\/04\/24\/taller-practico-de-gastronomia-y-obesidad-infantil-en-la-udd\/\",\"url\":\"https:\/\/medicina.udd.cl\/nutricion-dietetica-santiago\/noticias\/2013\/04\/24\/taller-practico-de-gastronomia-y-obesidad-infantil-en-la-udd\/\",\"name\":\"Taller pr\u00e1ctico de gastronom\u00eda y obesidad infantil en la UDD - Nutrici\u00f3n y Diet\u00e9tica\",\"isPartOf\":{\"@id\":\"https:\/\/medicina.udd.cl\/nutricion-dietetica-santiago\/#website\"},\"datePublished\":\"2013-04-24T17:45:54+00:00\",\"dateModified\":\"2013-05-24T20:44:07+00:00\",\"author\":{\"@id\":\"https:\/\/medicina.udd.cl\/nutricion-dietetica-santiago\/#\/schema\/person\/f7abfa784c86da427e89287831f96ab7\"},\"breadcrumb\":{\"@id\":\"https:\/\/medicina.udd.cl\/nutricion-dietetica-santiago\/noticias\/2013\/04\/24\/taller-practico-de-gastronomia-y-obesidad-infantil-en-la-udd\/#breadcrumb\"},\"inLanguage\":\"es\",\"potentialAction\":[{\"@type\":\"ReadAction\",\"target\":[\"https:\/\/medicina.udd.cl\/nutricion-dietetica-santiago\/noticias\/2013\/04\/24\/taller-practico-de-gastronomia-y-obesidad-infantil-en-la-udd\/\"]}]},{\"@type\":\"BreadcrumbList\",\"@id\":\"https:\/\/medicina.udd.cl\/nutricion-dietetica-santiago\/noticias\/2013\/04\/24\/taller-practico-de-gastronomia-y-obesidad-infantil-en-la-udd\/#breadcrumb\",\"itemListElement\":[{\"@type\":\"ListItem\",\"position\":1,\"name\":\"Home\",\"item\":\"https:\/\/medicina.udd.cl\/nutricion-dietetica-santiago\/\"},{\"@type\":\"ListItem\",\"position\":2,\"name\":\"Taller pr\u00e1ctico de gastronom\u00eda y obesidad infantil en la UDD\"}]},{\"@type\":\"WebSite\",\"@id\":\"https:\/\/medicina.udd.cl\/nutricion-dietetica-santiago\/#website\",\"url\":\"https:\/\/medicina.udd.cl\/nutricion-dietetica-santiago\/\",\"name\":\"Nutrici\u00f3n y Diet\u00e9tica\",\"description\":\"Facultad de Medicina C\u00ednica Alemana Universidad del Desarrollo\",\"inLanguage\":\"es\"},{\"@type\":\"Person\",\"@id\":\"https:\/\/medicina.udd.cl\/nutricion-dietetica-santiago\/#\/schema\/person\/f7abfa784c86da427e89287831f96ab7\",\"name\":\"admin\",\"image\":{\"@type\":\"ImageObject\",\"inLanguage\":\"es\",\"@id\":\"https:\/\/medicina.udd.cl\/nutricion-dietetica-santiago\/#\/schema\/person\/image\/\",\"url\":\"https:\/\/secure.gravatar.com\/avatar\/3cb6da298954dfb54457c0910b8c9ca010abd8d87a60f7d701b6ce4254e1c642?s=96&d=mm&r=g\",\"contentUrl\":\"https:\/\/secure.gravatar.com\/avatar\/3cb6da298954dfb54457c0910b8c9ca010abd8d87a60f7d701b6ce4254e1c642?s=96&d=mm&r=g\",\"caption\":\"admin\"},\"url\":\"https:\/\/medicina.udd.cl\/nutricion-dietetica-santiago\/noticias\/author\/admin\/\"}]}<\/script>\n<!-- \/ Yoast SEO plugin. -->","yoast_head_json":{"title":"Taller pr\u00e1ctico de gastronom\u00eda y obesidad infantil en la UDD - Nutrici\u00f3n y Diet\u00e9tica","robots":{"index":"index","follow":"follow","max-snippet":"max-snippet:-1","max-image-preview":"max-image-preview:large","max-video-preview":"max-video-preview:-1"},"canonical":"https:\/\/medicina.udd.cl\/nutricion-dietetica-santiago\/noticias\/2013\/04\/24\/taller-practico-de-gastronomia-y-obesidad-infantil-en-la-udd\/","og_locale":"es_ES","og_type":"article","og_title":"Taller pr\u00e1ctico de gastronom\u00eda y obesidad infantil en la UDD - Nutrici\u00f3n y Diet\u00e9tica","og_description":"Una chef y una nutricionista espa\u00f1ola ense\u00f1aron a cocinar atractivo y sano para los ni\u00f1os.","og_url":"https:\/\/medicina.udd.cl\/nutricion-dietetica-santiago\/noticias\/2013\/04\/24\/taller-practico-de-gastronomia-y-obesidad-infantil-en-la-udd\/","og_site_name":"Nutrici\u00f3n y Diet\u00e9tica","article_published_time":"2013-04-24T17:45:54+00:00","article_modified_time":"2013-05-24T20:44:07+00:00","og_image":[{"url":"https:\/\/medicina.udd.cl\/nutricion-dietetica-santiago\/files\/2013\/05\/taller-obe-81.jpg","type":"","width":"","height":""}],"author":"admin","twitter_misc":{"Escrito por":"admin","Tiempo de lectura":"1 minuto"},"schema":{"@context":"https:\/\/schema.org","@graph":[{"@type":"Article","@id":"https:\/\/medicina.udd.cl\/nutricion-dietetica-santiago\/noticias\/2013\/04\/24\/taller-practico-de-gastronomia-y-obesidad-infantil-en-la-udd\/#article","isPartOf":{"@id":"https:\/\/medicina.udd.cl\/nutricion-dietetica-santiago\/noticias\/2013\/04\/24\/taller-practico-de-gastronomia-y-obesidad-infantil-en-la-udd\/"},"author":{"name":"admin","@id":"https:\/\/medicina.udd.cl\/nutricion-dietetica-santiago\/#\/schema\/person\/f7abfa784c86da427e89287831f96ab7"},"headline":"Taller pr\u00e1ctico de gastronom\u00eda y obesidad infantil en la UDD","datePublished":"2013-04-24T17:45:54+00:00","dateModified":"2013-05-24T20:44:07+00:00","mainEntityOfPage":{"@id":"https:\/\/medicina.udd.cl\/nutricion-dietetica-santiago\/noticias\/2013\/04\/24\/taller-practico-de-gastronomia-y-obesidad-infantil-en-la-udd\/"},"wordCount":254,"commentCount":0,"articleSection":["Noticias"],"inLanguage":"es","potentialAction":[{"@type":"CommentAction","name":"Comment","target":["https:\/\/medicina.udd.cl\/nutricion-dietetica-santiago\/noticias\/2013\/04\/24\/taller-practico-de-gastronomia-y-obesidad-infantil-en-la-udd\/#respond"]}]},{"@type":"WebPage","@id":"https:\/\/medicina.udd.cl\/nutricion-dietetica-santiago\/noticias\/2013\/04\/24\/taller-practico-de-gastronomia-y-obesidad-infantil-en-la-udd\/","url":"https:\/\/medicina.udd.cl\/nutricion-dietetica-santiago\/noticias\/2013\/04\/24\/taller-practico-de-gastronomia-y-obesidad-infantil-en-la-udd\/","name":"Taller pr\u00e1ctico de gastronom\u00eda y obesidad infantil en la UDD - Nutrici\u00f3n y Diet\u00e9tica","isPartOf":{"@id":"https:\/\/medicina.udd.cl\/nutricion-dietetica-santiago\/#website"},"datePublished":"2013-04-24T17:45:54+00:00","dateModified":"2013-05-24T20:44:07+00:00","author":{"@id":"https:\/\/medicina.udd.cl\/nutricion-dietetica-santiago\/#\/schema\/person\/f7abfa784c86da427e89287831f96ab7"},"breadcrumb":{"@id":"https:\/\/medicina.udd.cl\/nutricion-dietetica-santiago\/noticias\/2013\/04\/24\/taller-practico-de-gastronomia-y-obesidad-infantil-en-la-udd\/#breadcrumb"},"inLanguage":"es","potentialAction":[{"@type":"ReadAction","target":["https:\/\/medicina.udd.cl\/nutricion-dietetica-santiago\/noticias\/2013\/04\/24\/taller-practico-de-gastronomia-y-obesidad-infantil-en-la-udd\/"]}]},{"@type":"BreadcrumbList","@id":"https:\/\/medicina.udd.cl\/nutricion-dietetica-santiago\/noticias\/2013\/04\/24\/taller-practico-de-gastronomia-y-obesidad-infantil-en-la-udd\/#breadcrumb","itemListElement":[{"@type":"ListItem","position":1,"name":"Home","item":"https:\/\/medicina.udd.cl\/nutricion-dietetica-santiago\/"},{"@type":"ListItem","position":2,"name":"Taller pr\u00e1ctico de gastronom\u00eda y obesidad infantil en la UDD"}]},{"@type":"WebSite","@id":"https:\/\/medicina.udd.cl\/nutricion-dietetica-santiago\/#website","url":"https:\/\/medicina.udd.cl\/nutricion-dietetica-santiago\/","name":"Nutrici\u00f3n y Diet\u00e9tica","description":"Facultad de Medicina C\u00ednica Alemana Universidad del Desarrollo","inLanguage":"es"},{"@type":"Person","@id":"https:\/\/medicina.udd.cl\/nutricion-dietetica-santiago\/#\/schema\/person\/f7abfa784c86da427e89287831f96ab7","name":"admin","image":{"@type":"ImageObject","inLanguage":"es","@id":"https:\/\/medicina.udd.cl\/nutricion-dietetica-santiago\/#\/schema\/person\/image\/","url":"https:\/\/secure.gravatar.com\/avatar\/3cb6da298954dfb54457c0910b8c9ca010abd8d87a60f7d701b6ce4254e1c642?s=96&d=mm&r=g","contentUrl":"https:\/\/secure.gravatar.com\/avatar\/3cb6da298954dfb54457c0910b8c9ca010abd8d87a60f7d701b6ce4254e1c642?s=96&d=mm&r=g","caption":"admin"},"url":"https:\/\/medicina.udd.cl\/nutricion-dietetica-santiago\/noticias\/author\/admin\/"}]}},"featured_image_url":null,"_links":{"self":[{"href":"https:\/\/medicina.udd.cl\/nutricion-dietetica-santiago\/wp-json\/wp\/v2\/posts\/1317","targetHints":{"allow":["GET"]}}],"collection":[{"href":"https:\/\/medicina.udd.cl\/nutricion-dietetica-santiago\/wp-json\/wp\/v2\/posts"}],"about":[{"href":"https:\/\/medicina.udd.cl\/nutricion-dietetica-santiago\/wp-json\/wp\/v2\/types\/post"}],"author":[{"embeddable":true,"href":"https:\/\/medicina.udd.cl\/nutricion-dietetica-santiago\/wp-json\/wp\/v2\/users\/1"}],"replies":[{"embeddable":true,"href":"https:\/\/medicina.udd.cl\/nutricion-dietetica-santiago\/wp-json\/wp\/v2\/comments?post=1317"}],"version-history":[{"count":4,"href":"https:\/\/medicina.udd.cl\/nutricion-dietetica-santiago\/wp-json\/wp\/v2\/posts\/1317\/revisions"}],"predecessor-version":[{"id":1329,"href":"https:\/\/medicina.udd.cl\/nutricion-dietetica-santiago\/wp-json\/wp\/v2\/posts\/1317\/revisions\/1329"}],"wp:attachment":[{"href":"https:\/\/medicina.udd.cl\/nutricion-dietetica-santiago\/wp-json\/wp\/v2\/media?parent=1317"}],"wp:term":[{"taxonomy":"category","embeddable":true,"href":"https:\/\/medicina.udd.cl\/nutricion-dietetica-santiago\/wp-json\/wp\/v2\/categories?post=1317"},{"taxonomy":"post_tag","embeddable":true,"href":"https:\/\/medicina.udd.cl\/nutricion-dietetica-santiago\/wp-json\/wp\/v2\/tags?post=1317"}],"curies":[{"name":"wp","href":"https:\/\/api.w.org\/{rel}","templated":true}]}}