{"id":1476,"date":"2013-08-08T16:23:06","date_gmt":"2013-08-08T20:23:06","guid":{"rendered":"http:\/\/medicina.udd.cl\/nutricion-dietetica-santiago\/?p=1476"},"modified":"2013-09-03T11:59:23","modified_gmt":"2013-09-03T15:59:23","slug":"vive-sano-ahora-en-concepcion","status":"publish","type":"post","link":"https:\/\/medicina.udd.cl\/nutricion-dietetica-santiago\/noticias\/2013\/08\/08\/vive-sano-ahora-en-concepcion\/","title":{"rendered":"Exitoso lanzamiento de Vive Sano en Concepci\u00f3n"},"content":{"rendered":"<p>&nbsp;<\/p>\n<div id=\"gallery-1\" class=\"carousel slide carousel-gallery\" data-ride=\"false\" data-interval=\"false\"><div class=\"carousel-inner\" role=\"listbox\"><figure class=\"carousel-item active\"><img loading=\"lazy\" decoding=\"async\" width=\"430\" height=\"270\" src=\"https:\/\/medicina.udd.cl\/nutricion-dietetica-santiago\/files\/2013\/08\/index-2.jpg\" class=\"attachment-landscape_952 size-landscape_952\" alt=\"\" srcset=\"https:\/\/medicina.udd.cl\/nutricion-dietetica-santiago\/files\/2013\/08\/index-2.jpg 430w, https:\/\/medicina.udd.cl\/nutricion-dietetica-santiago\/files\/2013\/08\/index-2-300x188.jpg 300w\" sizes=\"auto, (max-width: 430px) 100vw, 430px\" \/><figcaption class=\"carousel-caption\">Lanzamiento Vive Sano en Concepci\u00f3n<\/figcaption><\/figure><figure class=\"carousel-item\"><img loading=\"lazy\" decoding=\"async\" width=\"430\" height=\"270\" src=\"https:\/\/medicina.udd.cl\/nutricion-dietetica-santiago\/files\/2013\/08\/index-4.jpg\" class=\"attachment-landscape_952 size-landscape_952\" alt=\"\" srcset=\"https:\/\/medicina.udd.cl\/nutricion-dietetica-santiago\/files\/2013\/08\/index-4.jpg 430w, https:\/\/medicina.udd.cl\/nutricion-dietetica-santiago\/files\/2013\/08\/index-4-300x188.jpg 300w\" sizes=\"auto, (max-width: 430px) 100vw, 430px\" \/><figcaption class=\"carousel-caption\">Lanzamiento Vive Sano en Concepci\u00f3n<\/figcaption><\/figure><figure class=\"carousel-item\"><img loading=\"lazy\" decoding=\"async\" width=\"430\" height=\"270\" src=\"https:\/\/medicina.udd.cl\/nutricion-dietetica-santiago\/files\/2013\/08\/index-3.jpg\" class=\"attachment-landscape_952 size-landscape_952\" alt=\"\" srcset=\"https:\/\/medicina.udd.cl\/nutricion-dietetica-santiago\/files\/2013\/08\/index-3.jpg 430w, https:\/\/medicina.udd.cl\/nutricion-dietetica-santiago\/files\/2013\/08\/index-3-300x188.jpg 300w\" sizes=\"auto, (max-width: 430px) 100vw, 430px\" \/><figcaption class=\"carousel-caption\">Lanzamiento Vive Sano en Concepci\u00f3n<\/figcaption><\/figure><figure class=\"carousel-item\"><img loading=\"lazy\" decoding=\"async\" width=\"430\" height=\"270\" src=\"https:\/\/medicina.udd.cl\/nutricion-dietetica-santiago\/files\/2013\/08\/index-1.jpg\" class=\"attachment-landscape_952 size-landscape_952\" alt=\"\" srcset=\"https:\/\/medicina.udd.cl\/nutricion-dietetica-santiago\/files\/2013\/08\/index-1.jpg 430w, https:\/\/medicina.udd.cl\/nutricion-dietetica-santiago\/files\/2013\/08\/index-1-300x188.jpg 300w\" sizes=\"auto, (max-width: 430px) 100vw, 430px\" \/><figcaption class=\"carousel-caption\">Lanzamiento Vive Sano en Concepci\u00f3n<\/figcaption><\/figure><figure class=\"carousel-item\"><img loading=\"lazy\" decoding=\"async\" width=\"770\" height=\"534\" src=\"https:\/\/medicina.udd.cl\/nutricion-dietetica-santiago\/files\/2013\/08\/Logo-ViveSano-Final_Alta.jpg\" class=\"attachment-landscape_952 size-landscape_952\" alt=\"\" srcset=\"https:\/\/medicina.udd.cl\/nutricion-dietetica-santiago\/files\/2013\/08\/Logo-ViveSano-Final_Alta.jpg 5538w, https:\/\/medicina.udd.cl\/nutricion-dietetica-santiago\/files\/2013\/08\/Logo-ViveSano-Final_Alta-300x208.jpg 300w, https:\/\/medicina.udd.cl\/nutricion-dietetica-santiago\/files\/2013\/08\/Logo-ViveSano-Final_Alta-768x532.jpg 768w, https:\/\/medicina.udd.cl\/nutricion-dietetica-santiago\/files\/2013\/08\/Logo-ViveSano-Final_Alta-1024x710.jpg 1024w, https:\/\/medicina.udd.cl\/nutricion-dietetica-santiago\/files\/2013\/08\/Logo-ViveSano-Final_Alta-960x665.jpg 960w\" sizes=\"auto, (max-width: 770px) 100vw, 770px\" \/><figcaption class=\"carousel-caption\">Lanzamiento Vive Sano en Concepci\u00f3n<\/figcaption><\/figure><\/div><footer class=\"carousel-footer\"><div class=\"carousel-counter\"><span class=\"carousel-counter-current\"><\/span> \/ <span class=\"carousel-counter-total\"><\/span><\/div><a class=\"carousel-control-prev\" href=\"#gallery-1\" role=\"button\" data-slide=\"prev\"><svg aria-hidden=\"true\" class=\"svg-chevron-left-dims\"><use xlink:href='https:\/\/medicina.udd.cl\/nutricion-dietetica-santiago\/wp-content\/themes\/facultades-2018\/assets\/img\/svg\/dist\/main.svg?version=1695853099#chevron-left'><\/use><\/svg><span class=\"sr-only\">Anterior<\/span><\/a><a class=\"carousel-control-next\" href=\"#gallery-1\" role=\"button\" data-slide=\"next\"><svg aria-hidden=\"true\" class=\"svg-chevron-right-dims\"><use xlink:href='https:\/\/medicina.udd.cl\/nutricion-dietetica-santiago\/wp-content\/themes\/facultades-2018\/assets\/img\/svg\/dist\/main.svg?version=1695853099#chevron-right'><\/use><\/svg><span class=\"sr-only\">Siguiente<\/span><\/a><\/footer><\/div>\n<p>Con el objetivo de formar parte de la soluci\u00f3n e impulsar cambios desde la temprana edad, <strong>Fundaci\u00f3n Banm\u00e9dica y la Escuela de Nutrici\u00f3n y Diet\u00e9tica de la Universidad del Desarrollo de Santiago<\/strong> <strong>crearon hace 7 a\u00f1os el programa de intervenci\u00f3n \u201cVive Sano\u201d<\/strong>, iniciativa que busca reducir el sobrepeso y obesidad en ni\u00f1os de entre kinder y 4\u00ba b\u00e1sico, involucrando en dicho desaf\u00edo a toda la comunidad escolar, incluidos apoderados y profesores.<\/p>\n<p>Hoy, tras lograr positivos resultados en diferentes escuelas de<strong> cinco comunas de la Regi\u00f3n Metropolitana<\/strong>, esta iniciativa se extiende por primera vez a regiones, siendo la <strong>Escuela Sargento Candelaria de la comuna San Pedro de la Paz<\/strong> la primera en sumarse.<\/p>\n<p>\u201cVive Sano busca lograr cambios cualitativos y cuantitativos en la salud y calidad de vida de los colegios intervenidos. La gente no sabe lo que come. Por eso hay que educar no s\u00f3lo a los ni\u00f1os, sino que tambi\u00e9n a los padres\u201d, afirm\u00f3 <strong>Victoria Halab\u00ed, directora de la Escuela de Nutrici\u00f3n y Diet\u00e9tica de la Universidad del Desarrollo sede Concepci\u00f3n<\/strong>.<\/p>\n<p><strong>La directora de la Escuela de Santiago, Rinat Ratner, se sum\u00f3 al festejo<\/strong>: \u201cEstamos muy contentos de que Vive Sano se haya extendido a Concepci\u00f3n. En Santiago ha sido muy enriquecedor, tanto para los ni\u00f1os como para nosotros. Ha sido un ganar, ganar\u201d.<\/p>\n<p>Asimismo,<strong> Sebasti\u00e1n Balmaceda, director ejecutivo de Fundaci\u00f3n Banm\u00e9dica<\/strong>, asegur\u00f3 que \u201cpromover estilos de vida saludable y disminuir el sobrepeso y obesidad en los ni\u00f1os de hoy genera adultos sanos el d\u00eda de ma\u00f1ana. Por eso, como Fundaci\u00f3n Banm\u00e9dica estamos convencidos que este tipo de iniciativas son extraordinariamente necesarias para mejorar la salud de los chilenos en el mediano plazo\u201d.<\/p>\n<p>El programa incorpora a la jornada escolar a un equipo multidisciplinario, compuesto por nutricionistas y profesores de Educaci\u00f3n F\u00edsica, los cuales trabajan con los ni\u00f1os y\u00a0 sus profesores, a fin de que aprendan estilos de vida saludables y la importancia de una buena nutrici\u00f3n, acompa\u00f1ada de actividad f\u00edsica.<\/p>\n<p><strong>Revisa el art\u00edculo que public\u00f3 El Diario de Concepci\u00f3n sobre el lanzamiento:<\/strong><\/p>\n<p><a href=\"http:\/\/medicina.udd.cl\/nutricion-dietetica-santiago\/files\/2013\/08\/Vive-Sano-El-Diario-de-Concepci\u00f3n.jpg\"><img loading=\"lazy\" decoding=\"async\" class=\"aligncenter size-medium wp-image-1486\" alt=\"Vive Sano - El Diario de Concepci\u00f3n\" src=\"http:\/\/medicina.udd.cl\/nutricion-dietetica-santiago\/files\/2013\/08\/Vive-Sano-El-Diario-de-Concepci\u00f3n-300x169.jpg\" width=\"300\" height=\"169\" srcset=\"https:\/\/medicina.udd.cl\/nutricion-dietetica-santiago\/files\/2013\/08\/Vive-Sano-El-Diario-de-Concepci\u00f3n-300x169.jpg 300w, https:\/\/medicina.udd.cl\/nutricion-dietetica-santiago\/files\/2013\/08\/Vive-Sano-El-Diario-de-Concepci\u00f3n-768x433.jpg 768w, https:\/\/medicina.udd.cl\/nutricion-dietetica-santiago\/files\/2013\/08\/Vive-Sano-El-Diario-de-Concepci\u00f3n-1024x577.jpg 1024w, https:\/\/medicina.udd.cl\/nutricion-dietetica-santiago\/files\/2013\/08\/Vive-Sano-El-Diario-de-Concepci\u00f3n-800x450.jpg 800w, https:\/\/medicina.udd.cl\/nutricion-dietetica-santiago\/files\/2013\/08\/Vive-Sano-El-Diario-de-Concepci\u00f3n-960x541.jpg 960w, https:\/\/medicina.udd.cl\/nutricion-dietetica-santiago\/files\/2013\/08\/Vive-Sano-El-Diario-de-Concepci\u00f3n.jpg 1800w\" sizes=\"auto, (max-width: 300px) 100vw, 300px\" \/><a href=\"http:\/\/medicina.udd.cl\/nutricion-dietetica-santiago\/files\/2013\/08\/Vive-Sano-Concepci\u00f3n-El-Mercurio.jpg\"><img loading=\"lazy\" decoding=\"async\" class=\"aligncenter size-medium wp-image-1621\" alt=\"Vive Sano Concepci\u00f3n - El Mercurio\" src=\"http:\/\/medicina.udd.cl\/nutricion-dietetica-santiago\/files\/2013\/08\/Vive-Sano-Concepci\u00f3n-El-Mercurio-300x162.jpg\" width=\"300\" height=\"162\" \/><\/a><\/a><\/p>\n","protected":false},"excerpt":{"rendered":"<p>Con la presencia del Alcalde de San Pedro de la Paz, representantes de Fundaci\u00f3n Banm\u00e9dica y la Universidad del Desarrollo se inaugur\u00f3 oficialmente \u201cVive Sano\u201d en la Regi\u00f3n del B\u00edo B\u00edo.<\/p>\n","protected":false},"author":40,"featured_media":1448,"comment_status":"open","ping_status":"open","sticky":false,"template":"","format":"standard","meta":{"footnotes":""},"categories":[4],"tags":[],"class_list":["post-1476","post","type-post","status-publish","format-standard","has-post-thumbnail","hentry","category-noticias"],"yoast_head":"<!-- This site is optimized with the Yoast SEO plugin v26.9 - https:\/\/yoast.com\/product\/yoast-seo-wordpress\/ -->\n<title>Exitoso lanzamiento de Vive Sano en Concepci\u00f3n - Nutrici\u00f3n y Diet\u00e9tica<\/title>\n<meta name=\"robots\" content=\"index, follow, max-snippet:-1, max-image-preview:large, max-video-preview:-1\" \/>\n<link rel=\"canonical\" href=\"https:\/\/medicina.udd.cl\/nutricion-dietetica-santiago\/noticias\/2013\/08\/08\/vive-sano-ahora-en-concepcion\/\" \/>\n<meta property=\"og:locale\" content=\"es_ES\" \/>\n<meta property=\"og:type\" content=\"article\" \/>\n<meta property=\"og:title\" content=\"Exitoso lanzamiento de Vive Sano en Concepci\u00f3n - Nutrici\u00f3n y Diet\u00e9tica\" \/>\n<meta property=\"og:description\" content=\"Con la presencia del Alcalde de San Pedro de la Paz, representantes de Fundaci\u00f3n Banm\u00e9dica y la Universidad del Desarrollo se inaugur\u00f3 oficialmente \u201cVive Sano\u201d en la Regi\u00f3n del B\u00edo B\u00edo.\" \/>\n<meta property=\"og:url\" content=\"https:\/\/medicina.udd.cl\/nutricion-dietetica-santiago\/noticias\/2013\/08\/08\/vive-sano-ahora-en-concepcion\/\" \/>\n<meta property=\"og:site_name\" content=\"Nutrici\u00f3n y Diet\u00e9tica\" \/>\n<meta property=\"article:published_time\" content=\"2013-08-08T20:23:06+00:00\" \/>\n<meta property=\"article:modified_time\" content=\"2013-09-03T15:59:23+00:00\" \/>\n<meta property=\"og:image\" content=\"https:\/\/medicina.udd.cl\/nutricion-dietetica-santiago\/files\/2011\/09\/Logo-ViveSano-Final_Alta-1024x710.jpg\" \/>\n\t<meta property=\"og:image:width\" content=\"1024\" \/>\n\t<meta property=\"og:image:height\" content=\"710\" \/>\n\t<meta property=\"og:image:type\" content=\"image\/jpeg\" \/>\n<meta name=\"twitter:label1\" content=\"Escrito por\" \/>\n\t<meta name=\"twitter:data1\" content=\"\" \/>\n\t<meta name=\"twitter:label2\" content=\"Tiempo de lectura\" \/>\n\t<meta name=\"twitter:data2\" content=\"2 minutos\" \/>\n<script type=\"application\/ld+json\" class=\"yoast-schema-graph\">{\"@context\":\"https:\/\/schema.org\",\"@graph\":[{\"@type\":\"Article\",\"@id\":\"https:\/\/medicina.udd.cl\/nutricion-dietetica-santiago\/noticias\/2013\/08\/08\/vive-sano-ahora-en-concepcion\/#article\",\"isPartOf\":{\"@id\":\"https:\/\/medicina.udd.cl\/nutricion-dietetica-santiago\/noticias\/2013\/08\/08\/vive-sano-ahora-en-concepcion\/\"},\"author\":{\"name\":\"\",\"@id\":\"\"},\"headline\":\"Exitoso lanzamiento de Vive Sano en Concepci\u00f3n\",\"datePublished\":\"2013-08-08T20:23:06+00:00\",\"dateModified\":\"2013-09-03T15:59:23+00:00\",\"mainEntityOfPage\":{\"@id\":\"https:\/\/medicina.udd.cl\/nutricion-dietetica-santiago\/noticias\/2013\/08\/08\/vive-sano-ahora-en-concepcion\/\"},\"wordCount\":378,\"commentCount\":0,\"image\":{\"@id\":\"https:\/\/medicina.udd.cl\/nutricion-dietetica-santiago\/noticias\/2013\/08\/08\/vive-sano-ahora-en-concepcion\/#primaryimage\"},\"thumbnailUrl\":\"https:\/\/medicina.udd.cl\/nutricion-dietetica-santiago\/files\/2011\/09\/Logo-ViveSano-Final_Alta.jpg\",\"articleSection\":[\"Noticias\"],\"inLanguage\":\"es\",\"potentialAction\":[{\"@type\":\"CommentAction\",\"name\":\"Comment\",\"target\":[\"https:\/\/medicina.udd.cl\/nutricion-dietetica-santiago\/noticias\/2013\/08\/08\/vive-sano-ahora-en-concepcion\/#respond\"]}]},{\"@type\":\"WebPage\",\"@id\":\"https:\/\/medicina.udd.cl\/nutricion-dietetica-santiago\/noticias\/2013\/08\/08\/vive-sano-ahora-en-concepcion\/\",\"url\":\"https:\/\/medicina.udd.cl\/nutricion-dietetica-santiago\/noticias\/2013\/08\/08\/vive-sano-ahora-en-concepcion\/\",\"name\":\"Exitoso lanzamiento de Vive Sano en Concepci\u00f3n - Nutrici\u00f3n y Diet\u00e9tica\",\"isPartOf\":{\"@id\":\"https:\/\/medicina.udd.cl\/nutricion-dietetica-santiago\/#website\"},\"primaryImageOfPage\":{\"@id\":\"https:\/\/medicina.udd.cl\/nutricion-dietetica-santiago\/noticias\/2013\/08\/08\/vive-sano-ahora-en-concepcion\/#primaryimage\"},\"image\":{\"@id\":\"https:\/\/medicina.udd.cl\/nutricion-dietetica-santiago\/noticias\/2013\/08\/08\/vive-sano-ahora-en-concepcion\/#primaryimage\"},\"thumbnailUrl\":\"https:\/\/medicina.udd.cl\/nutricion-dietetica-santiago\/files\/2011\/09\/Logo-ViveSano-Final_Alta.jpg\",\"datePublished\":\"2013-08-08T20:23:06+00:00\",\"dateModified\":\"2013-09-03T15:59:23+00:00\",\"author\":{\"@id\":\"\"},\"breadcrumb\":{\"@id\":\"https:\/\/medicina.udd.cl\/nutricion-dietetica-santiago\/noticias\/2013\/08\/08\/vive-sano-ahora-en-concepcion\/#breadcrumb\"},\"inLanguage\":\"es\",\"potentialAction\":[{\"@type\":\"ReadAction\",\"target\":[\"https:\/\/medicina.udd.cl\/nutricion-dietetica-santiago\/noticias\/2013\/08\/08\/vive-sano-ahora-en-concepcion\/\"]}]},{\"@type\":\"ImageObject\",\"inLanguage\":\"es\",\"@id\":\"https:\/\/medicina.udd.cl\/nutricion-dietetica-santiago\/noticias\/2013\/08\/08\/vive-sano-ahora-en-concepcion\/#primaryimage\",\"url\":\"https:\/\/medicina.udd.cl\/nutricion-dietetica-santiago\/files\/2011\/09\/Logo-ViveSano-Final_Alta.jpg\",\"contentUrl\":\"https:\/\/medicina.udd.cl\/nutricion-dietetica-santiago\/files\/2011\/09\/Logo-ViveSano-Final_Alta.jpg\",\"width\":5538,\"height\":3839},{\"@type\":\"BreadcrumbList\",\"@id\":\"https:\/\/medicina.udd.cl\/nutricion-dietetica-santiago\/noticias\/2013\/08\/08\/vive-sano-ahora-en-concepcion\/#breadcrumb\",\"itemListElement\":[{\"@type\":\"ListItem\",\"position\":1,\"name\":\"Home\",\"item\":\"https:\/\/medicina.udd.cl\/nutricion-dietetica-santiago\/\"},{\"@type\":\"ListItem\",\"position\":2,\"name\":\"Exitoso lanzamiento de Vive Sano en Concepci\u00f3n\"}]},{\"@type\":\"WebSite\",\"@id\":\"https:\/\/medicina.udd.cl\/nutricion-dietetica-santiago\/#website\",\"url\":\"https:\/\/medicina.udd.cl\/nutricion-dietetica-santiago\/\",\"name\":\"Nutrici\u00f3n y Diet\u00e9tica\",\"description\":\"Facultad de Medicina C\u00ednica Alemana Universidad del Desarrollo\",\"inLanguage\":\"es\"},{\"@type\":\"Person\",\"@id\":\"\",\"url\":\"https:\/\/medicina.udd.cl\/nutricion-dietetica-santiago\/noticias\/author\/\"}]}<\/script>\n<!-- \/ Yoast SEO plugin. -->","yoast_head_json":{"title":"Exitoso lanzamiento de Vive Sano en Concepci\u00f3n - Nutrici\u00f3n y Diet\u00e9tica","robots":{"index":"index","follow":"follow","max-snippet":"max-snippet:-1","max-image-preview":"max-image-preview:large","max-video-preview":"max-video-preview:-1"},"canonical":"https:\/\/medicina.udd.cl\/nutricion-dietetica-santiago\/noticias\/2013\/08\/08\/vive-sano-ahora-en-concepcion\/","og_locale":"es_ES","og_type":"article","og_title":"Exitoso lanzamiento de Vive Sano en Concepci\u00f3n - Nutrici\u00f3n y Diet\u00e9tica","og_description":"Con la presencia del Alcalde de San Pedro de la Paz, representantes de Fundaci\u00f3n Banm\u00e9dica y la Universidad del Desarrollo se inaugur\u00f3 oficialmente \u201cVive Sano\u201d en la Regi\u00f3n del B\u00edo B\u00edo.","og_url":"https:\/\/medicina.udd.cl\/nutricion-dietetica-santiago\/noticias\/2013\/08\/08\/vive-sano-ahora-en-concepcion\/","og_site_name":"Nutrici\u00f3n y Diet\u00e9tica","article_published_time":"2013-08-08T20:23:06+00:00","article_modified_time":"2013-09-03T15:59:23+00:00","og_image":[{"width":1024,"height":710,"url":"https:\/\/medicina.udd.cl\/nutricion-dietetica-santiago\/files\/2011\/09\/Logo-ViveSano-Final_Alta-1024x710.jpg","type":"image\/jpeg"}],"twitter_misc":{"Escrito por":"","Tiempo de lectura":"2 minutos"},"schema":{"@context":"https:\/\/schema.org","@graph":[{"@type":"Article","@id":"https:\/\/medicina.udd.cl\/nutricion-dietetica-santiago\/noticias\/2013\/08\/08\/vive-sano-ahora-en-concepcion\/#article","isPartOf":{"@id":"https:\/\/medicina.udd.cl\/nutricion-dietetica-santiago\/noticias\/2013\/08\/08\/vive-sano-ahora-en-concepcion\/"},"author":{"name":"","@id":""},"headline":"Exitoso lanzamiento de Vive Sano en Concepci\u00f3n","datePublished":"2013-08-08T20:23:06+00:00","dateModified":"2013-09-03T15:59:23+00:00","mainEntityOfPage":{"@id":"https:\/\/medicina.udd.cl\/nutricion-dietetica-santiago\/noticias\/2013\/08\/08\/vive-sano-ahora-en-concepcion\/"},"wordCount":378,"commentCount":0,"image":{"@id":"https:\/\/medicina.udd.cl\/nutricion-dietetica-santiago\/noticias\/2013\/08\/08\/vive-sano-ahora-en-concepcion\/#primaryimage"},"thumbnailUrl":"https:\/\/medicina.udd.cl\/nutricion-dietetica-santiago\/files\/2011\/09\/Logo-ViveSano-Final_Alta.jpg","articleSection":["Noticias"],"inLanguage":"es","potentialAction":[{"@type":"CommentAction","name":"Comment","target":["https:\/\/medicina.udd.cl\/nutricion-dietetica-santiago\/noticias\/2013\/08\/08\/vive-sano-ahora-en-concepcion\/#respond"]}]},{"@type":"WebPage","@id":"https:\/\/medicina.udd.cl\/nutricion-dietetica-santiago\/noticias\/2013\/08\/08\/vive-sano-ahora-en-concepcion\/","url":"https:\/\/medicina.udd.cl\/nutricion-dietetica-santiago\/noticias\/2013\/08\/08\/vive-sano-ahora-en-concepcion\/","name":"Exitoso lanzamiento de Vive Sano en Concepci\u00f3n - Nutrici\u00f3n y Diet\u00e9tica","isPartOf":{"@id":"https:\/\/medicina.udd.cl\/nutricion-dietetica-santiago\/#website"},"primaryImageOfPage":{"@id":"https:\/\/medicina.udd.cl\/nutricion-dietetica-santiago\/noticias\/2013\/08\/08\/vive-sano-ahora-en-concepcion\/#primaryimage"},"image":{"@id":"https:\/\/medicina.udd.cl\/nutricion-dietetica-santiago\/noticias\/2013\/08\/08\/vive-sano-ahora-en-concepcion\/#primaryimage"},"thumbnailUrl":"https:\/\/medicina.udd.cl\/nutricion-dietetica-santiago\/files\/2011\/09\/Logo-ViveSano-Final_Alta.jpg","datePublished":"2013-08-08T20:23:06+00:00","dateModified":"2013-09-03T15:59:23+00:00","author":{"@id":""},"breadcrumb":{"@id":"https:\/\/medicina.udd.cl\/nutricion-dietetica-santiago\/noticias\/2013\/08\/08\/vive-sano-ahora-en-concepcion\/#breadcrumb"},"inLanguage":"es","potentialAction":[{"@type":"ReadAction","target":["https:\/\/medicina.udd.cl\/nutricion-dietetica-santiago\/noticias\/2013\/08\/08\/vive-sano-ahora-en-concepcion\/"]}]},{"@type":"ImageObject","inLanguage":"es","@id":"https:\/\/medicina.udd.cl\/nutricion-dietetica-santiago\/noticias\/2013\/08\/08\/vive-sano-ahora-en-concepcion\/#primaryimage","url":"https:\/\/medicina.udd.cl\/nutricion-dietetica-santiago\/files\/2011\/09\/Logo-ViveSano-Final_Alta.jpg","contentUrl":"https:\/\/medicina.udd.cl\/nutricion-dietetica-santiago\/files\/2011\/09\/Logo-ViveSano-Final_Alta.jpg","width":5538,"height":3839},{"@type":"BreadcrumbList","@id":"https:\/\/medicina.udd.cl\/nutricion-dietetica-santiago\/noticias\/2013\/08\/08\/vive-sano-ahora-en-concepcion\/#breadcrumb","itemListElement":[{"@type":"ListItem","position":1,"name":"Home","item":"https:\/\/medicina.udd.cl\/nutricion-dietetica-santiago\/"},{"@type":"ListItem","position":2,"name":"Exitoso lanzamiento de Vive Sano en Concepci\u00f3n"}]},{"@type":"WebSite","@id":"https:\/\/medicina.udd.cl\/nutricion-dietetica-santiago\/#website","url":"https:\/\/medicina.udd.cl\/nutricion-dietetica-santiago\/","name":"Nutrici\u00f3n y Diet\u00e9tica","description":"Facultad de Medicina C\u00ednica Alemana Universidad del Desarrollo","inLanguage":"es"},{"@type":"Person","@id":"","url":"https:\/\/medicina.udd.cl\/nutricion-dietetica-santiago\/noticias\/author\/"}]}},"featured_image_url":"https:\/\/medicina.udd.cl\/nutricion-dietetica-santiago\/files\/2011\/09\/Logo-ViveSano-Final_Alta.jpg","_links":{"self":[{"href":"https:\/\/medicina.udd.cl\/nutricion-dietetica-santiago\/wp-json\/wp\/v2\/posts\/1476","targetHints":{"allow":["GET"]}}],"collection":[{"href":"https:\/\/medicina.udd.cl\/nutricion-dietetica-santiago\/wp-json\/wp\/v2\/posts"}],"about":[{"href":"https:\/\/medicina.udd.cl\/nutricion-dietetica-santiago\/wp-json\/wp\/v2\/types\/post"}],"author":[{"embeddable":true,"href":"https:\/\/medicina.udd.cl\/nutricion-dietetica-santiago\/wp-json\/wp\/v2\/users\/40"}],"replies":[{"embeddable":true,"href":"https:\/\/medicina.udd.cl\/nutricion-dietetica-santiago\/wp-json\/wp\/v2\/comments?post=1476"}],"version-history":[{"count":8,"href":"https:\/\/medicina.udd.cl\/nutricion-dietetica-santiago\/wp-json\/wp\/v2\/posts\/1476\/revisions"}],"predecessor-version":[{"id":1626,"href":"https:\/\/medicina.udd.cl\/nutricion-dietetica-santiago\/wp-json\/wp\/v2\/posts\/1476\/revisions\/1626"}],"wp:featuredmedia":[{"embeddable":true,"href":"https:\/\/medicina.udd.cl\/nutricion-dietetica-santiago\/wp-json\/wp\/v2\/media\/1448"}],"wp:attachment":[{"href":"https:\/\/medicina.udd.cl\/nutricion-dietetica-santiago\/wp-json\/wp\/v2\/media?parent=1476"}],"wp:term":[{"taxonomy":"category","embeddable":true,"href":"https:\/\/medicina.udd.cl\/nutricion-dietetica-santiago\/wp-json\/wp\/v2\/categories?post=1476"},{"taxonomy":"post_tag","embeddable":true,"href":"https:\/\/medicina.udd.cl\/nutricion-dietetica-santiago\/wp-json\/wp\/v2\/tags?post=1476"}],"curies":[{"name":"wp","href":"https:\/\/api.w.org\/{rel}","templated":true}]}}