{"id":1939,"date":"2014-01-22T09:45:22","date_gmt":"2014-01-22T12:45:22","guid":{"rendered":"http:\/\/medicina.udd.cl\/nutricion-dietetica-santiago\/?p=1939"},"modified":"2014-01-22T09:54:24","modified_gmt":"2014-01-22T12:54:24","slug":"testimonio-de-ex-alumna-combatir-la-obesidad-infantil-con-un-emprendimiento","status":"publish","type":"post","link":"https:\/\/medicina.udd.cl\/nutricion-dietetica-santiago\/noticias\/2014\/01\/22\/testimonio-de-ex-alumna-combatir-la-obesidad-infantil-con-un-emprendimiento\/","title":{"rendered":"Testimonio de ex alumna: Combatir la obesidad infantil con un emprendimiento"},"content":{"rendered":"<p><a href=\"http:\/\/medicina.udd.cl\/nutricion-dietetica-santiago\/files\/2014\/01\/Colegio-Jorge-Huneeus-140.jpg\"><img loading=\"lazy\" decoding=\"async\" class=\"alignright size-medium wp-image-1940\" alt=\"Colegio Jorge Huneeus 140\" src=\"http:\/\/medicina.udd.cl\/nutricion-dietetica-santiago\/files\/2014\/01\/Colegio-Jorge-Huneeus-140-225x300.jpg\" width=\"225\" height=\"300\" srcset=\"https:\/\/medicina.udd.cl\/nutricion-dietetica-santiago\/files\/2014\/01\/Colegio-Jorge-Huneeus-140-225x300.jpg 225w, https:\/\/medicina.udd.cl\/nutricion-dietetica-santiago\/files\/2014\/01\/Colegio-Jorge-Huneeus-140.jpg 600w\" sizes=\"auto, (max-width: 225px) 100vw, 225px\" \/><\/a>\u00abEn junio de 2012, casi seis meses despu\u00e9s de haberme titulado en la carrera de <strong>Nutrici\u00f3n y Diet\u00e9tica de la UDD<\/strong>, cree un programa que se llama <strong><a href=\"http:\/\/crecesaludable.com\/wp\/\" target=\"_blank\">\u201cCrece Saludable\u201d<\/a><\/strong>, una empresa de promoci\u00f3n de h\u00e1bitos y ambiente saludable para establecimientos educacionales municipales, subvencionados y particulares. Me dije \u201cno pierdo nada, as\u00ed que voy a emprender en lo que me gusta a m\u00ed\u201d. El primer semestre de creada la empresa, implementamos el programa en el colegio Jorge Huneeus de La Pintana, a principios de 2013 empezamos en dos colegio de Renca y durante este a\u00f1o trabajaremos en San Miguel y La Florida.<\/p>\n<p><strong>Esta idea tambi\u00e9n naci\u00f3 con la creaci\u00f3n de la Ley 20.606, conocida como la \u00abLey S\u00faper 8\u00bb<\/strong>, que dice que los colegios tienen que tener educaci\u00f3n en nutrici\u00f3n, promoci\u00f3n de alimentaci\u00f3n saludable y los efectos nocivos de la comida chatarra. Los establecimientos educacionales deber\u00edan invertir en nutricionistas tal como lo hacen en psic\u00f3logos y orientadores.<\/p>\n<p>Y hay mucho que hacer. <strong>Hay un problema que es la obesidad y el sobrepeso, por tanto existe una oportunidad y un desaf\u00edo como nutricionistas<\/strong>. Seg\u00fan el SIMCE, en 2010 esta enfermedad afectaba al 40% de los ni\u00f1os y en 2012 a un 44%. Los colegios tienen que tomar conciencia que el sobrepeso no s\u00f3lo afecta la est\u00e9tica -que al final eso da lo mismo-, afecta la hiperactividad, la concentraci\u00f3n en clases, en el rendimiento escolar, la autoestima, la ansiedad y c\u00f3mo los ni\u00f1os se desarrollan socialmente. Entonces, est\u00e1 todo interrelacionado con lo que abarca un equipo multidisciplinario de un establecimiento educacional.<\/p>\n<p><strong>El programa \u201cCrece Saludable\u201d tiene el patrocinio del gobierno a trav\u00e9s de \u201c<a href=\"http:\/\/www.eligevivirsano.cl\/\" target=\"_blank\">Elige Vivir Sano<\/a>\u201d que encabeza la Primera Dama<\/strong>, y busca educar motivando, concientizando, sensibilizando, reforzando y monitoreando h\u00e1bitos y estilos de vida saludable a trav\u00e9s de dos ejes, con el objetivo de tener resultados a corto y largo plazo y h\u00e1bitos permanentes en el tiempo:<\/p>\n<p><strong><a href=\"http:\/\/medicina.udd.cl\/nutricion-dietetica-santiago\/files\/2014\/01\/Colegio-Jorge-Huneeus-018.jpg\"><img loading=\"lazy\" decoding=\"async\" class=\"alignleft size-medium wp-image-1941\" alt=\"Colegio Jorge Huneeus 018\" src=\"http:\/\/medicina.udd.cl\/nutricion-dietetica-santiago\/files\/2014\/01\/Colegio-Jorge-Huneeus-018-300x225.jpg\" width=\"300\" height=\"225\" srcset=\"https:\/\/medicina.udd.cl\/nutricion-dietetica-santiago\/files\/2014\/01\/Colegio-Jorge-Huneeus-018-300x225.jpg 300w, https:\/\/medicina.udd.cl\/nutricion-dietetica-santiago\/files\/2014\/01\/Colegio-Jorge-Huneeus-018-768x576.jpg 768w, https:\/\/medicina.udd.cl\/nutricion-dietetica-santiago\/files\/2014\/01\/Colegio-Jorge-Huneeus-018-1024x768.jpg 1024w, https:\/\/medicina.udd.cl\/nutricion-dietetica-santiago\/files\/2014\/01\/Colegio-Jorge-Huneeus-018-960x720.jpg 960w\" sizes=\"auto, (max-width: 300px) 100vw, 300px\" \/><\/a>El primer eje es la Promoci\u00f3n de Salud<\/strong> con talleres para alumnos, apoderados y profesores. A los profesores se les entrega herramientas b\u00e1sicas para que incentiven los h\u00e1bitos de comida saludables y motive a los alumnos y padres en las reuniones de apoderados y consejos de curso. Trabajamos con grupos objetivos, que son de k\u00ednder a segundo b\u00e1sico, porque esa es la edad en que se consolidan los h\u00e1bitos alimenticios. Si no se consolidan, despu\u00e9s es muy dif\u00edcil de revertirlos. Y tambi\u00e9n nos enfocamos en 5to y 6to b\u00e1sico, para reforzar lo visto en los otros a\u00f1os y para prevenir trastornos alimenticios.<\/p>\n<p>Tambi\u00e9n realizamos actividades masivas de promoci\u00f3n de salud a todo el colegio. Hacemos la Semana de la Nutrici\u00f3n donde presentamos obras de teatro, \u201czumbatones\u201d y recreos activos para que los alumnos se empapen de la vida saludable y as\u00ed todo el colegio reme hacia un mismo objetivo. Tambi\u00e9n est\u00e1 el D\u00eda del Desaf\u00edo Deportivo, la instalaci\u00f3n de afiches y la implementaci\u00f3n de huertos y el kiosco saludable.<\/p>\n<p><strong>Y est\u00e1 el eje de Prevenci\u00f3n<\/strong>, que lo enfocamos en consultas nutricionales a los alumnos con obesidad severa, como apoyo a los talleres te\u00f3ricos y pr\u00e1cticos.<\/p>\n<p>Para este a\u00f1o queremos implementar en nuestro sitio web una p\u00e1gina en donde el apoderado acceda con el rut de su hijo y vea las evaluaciones y las pautas de alimentaci\u00f3n, porque sabemos que si no tenemos el apoyo de los padres, es dif\u00edcil lograr un cambio permanente. <strong>Es precisamente el trabajo con los padres lo que m\u00e1s cuesta de este programa.<\/strong><\/p>\n<p><a href=\"http:\/\/medicina.udd.cl\/nutricion-dietetica-santiago\/files\/2014\/01\/1387219173115.jpg\"><img loading=\"lazy\" decoding=\"async\" class=\"alignright size-medium wp-image-1942\" alt=\"1387219173115\" src=\"http:\/\/medicina.udd.cl\/nutricion-dietetica-santiago\/files\/2014\/01\/1387219173115-300x225.jpg\" width=\"300\" height=\"225\" srcset=\"https:\/\/medicina.udd.cl\/nutricion-dietetica-santiago\/files\/2014\/01\/1387219173115-300x225.jpg 300w, https:\/\/medicina.udd.cl\/nutricion-dietetica-santiago\/files\/2014\/01\/1387219173115.jpg 408w\" sizes=\"auto, (max-width: 300px) 100vw, 300px\" \/><\/a>En este a\u00f1o y medio hemos visto resultados concretos de nuestra intervenci\u00f3n. En promedio, los ni\u00f1os han bajado en un 3% el \u00cdndice de Masa Corporal, y la encuesta que implementamos al principio y al final del programa refleja que est\u00e1n comiendo menos chatarra y m\u00e1s fruta y verduras. Tambi\u00e9n hay cambios conductuales y de pensamiento: hay ni\u00f1os que antes dibujaban dinosaurios comiendo una persona y ahora los dibujan comiendo frutas, han llegado pap\u00e1s reclamando que sus hijos ahora se niegan a comer hot dog y otros cambiaron sus colaciones por fruta. <strong>Nosotras, para ellos, somos las \u201ct\u00edas saludables\u201d<\/strong>.<\/p>\n<p>Para m\u00ed este trabajo es demasiado gratificante y trascendental. Soy una persona muy social entonces esto de verdad me llena como profesional, porque no es decirle a los ni\u00f1os que s\u00f3lo se alimenten sano, sino que <strong>les estoy regalando 10 a\u00f1os de vida si hacemos el trabajo bien, les estoy regalando una vida sin enfermedades y m\u00e1s feliz<\/strong>. Tenemos ni\u00f1os que en k\u00ednder pesan 64 kilos, esos ni\u00f1itos no se pueden poner chalecos ni abrochar los zapatos. Entonces uno adquiere una responsabilidad demasiado grande y con demasiadas cosas por hacer. Estamos regalando autoestima, seguridad, m\u00e1s amigos, porque la nutrici\u00f3n afecta todos los sentidos de la vida. Espero que este programa crezca y que podemos ayudar a muchas m\u00e1s personas.<\/p>\n<p><strong>La Universidad del Desarrollo me ayud\u00f3 a tener la curiosidad por emprender, de plantearme el desaf\u00edo y pensar que en verdad todos pueden emprender si se lo proponen<\/strong>, si trabajan y se esfuerzan por eso. Si a uno en verdad le apasionan las cosas, uno lo puede lograr\u00bb.<\/p>\n<p>&nbsp;<\/p>\n","protected":false},"excerpt":{"rendered":"<p>Valentina Cruz fund\u00f3 en 2012 la empresa \u00abCrece Saludable\u00bb con el fin de combatir esta enfermedad que afecta al 44% de los ni\u00f1os del pa\u00eds.<\/p>\n","protected":false},"author":40,"featured_media":1946,"comment_status":"open","ping_status":"open","sticky":false,"template":"","format":"standard","meta":{"footnotes":""},"categories":[4,8580],"tags":[],"class_list":["post-1939","post","type-post","status-publish","format-standard","has-post-thumbnail","hentry","category-noticias","category-testimonio"],"yoast_head":"<!-- This site is optimized with the Yoast SEO plugin v26.9 - https:\/\/yoast.com\/product\/yoast-seo-wordpress\/ -->\n<title>Combatir la obesidad infantil con un emprendimiento - Nutrici\u00f3n UDD<\/title>\n<meta name=\"description\" content=\"Conoce el testimonio de la ex alumna de la Facultad de Medicina CAS-UDD Valentina Cruz, que fund\u00f3 en 2012 la empresa &quot;Crece Saludable&quot;.\" \/>\n<meta name=\"robots\" content=\"index, follow, max-snippet:-1, max-image-preview:large, max-video-preview:-1\" \/>\n<link rel=\"canonical\" href=\"https:\/\/medicina.udd.cl\/nutricion-dietetica-santiago\/noticias\/2014\/01\/22\/testimonio-de-ex-alumna-combatir-la-obesidad-infantil-con-un-emprendimiento\/\" \/>\n<meta property=\"og:locale\" content=\"es_ES\" \/>\n<meta property=\"og:type\" content=\"article\" \/>\n<meta property=\"og:title\" content=\"Combatir la obesidad infantil con un emprendimiento - Nutrici\u00f3n UDD\" \/>\n<meta property=\"og:description\" content=\"Conoce el testimonio de la ex alumna de la Facultad de Medicina CAS-UDD Valentina Cruz, que fund\u00f3 en 2012 la empresa &quot;Crece Saludable&quot;.\" \/>\n<meta property=\"og:url\" content=\"https:\/\/medicina.udd.cl\/nutricion-dietetica-santiago\/noticias\/2014\/01\/22\/testimonio-de-ex-alumna-combatir-la-obesidad-infantil-con-un-emprendimiento\/\" \/>\n<meta property=\"og:site_name\" content=\"Nutrici\u00f3n y Diet\u00e9tica\" \/>\n<meta property=\"article:published_time\" content=\"2014-01-22T12:45:22+00:00\" \/>\n<meta property=\"article:modified_time\" content=\"2014-01-22T12:54:24+00:00\" \/>\n<meta property=\"og:image\" content=\"https:\/\/medicina.udd.cl\/nutricion-dietetica-santiago\/files\/2014\/01\/Colegio-Jorge-Huneeus-2.jpg\" \/>\n\t<meta property=\"og:image:width\" content=\"600\" \/>\n\t<meta property=\"og:image:height\" content=\"583\" \/>\n\t<meta property=\"og:image:type\" content=\"image\/jpeg\" \/>\n<meta name=\"twitter:label1\" content=\"Escrito por\" \/>\n\t<meta name=\"twitter:data1\" content=\"\" \/>\n\t<meta name=\"twitter:label2\" content=\"Tiempo de lectura\" \/>\n\t<meta name=\"twitter:data2\" content=\"5 minutos\" \/>\n<script type=\"application\/ld+json\" class=\"yoast-schema-graph\">{\"@context\":\"https:\/\/schema.org\",\"@graph\":[{\"@type\":\"Article\",\"@id\":\"https:\/\/medicina.udd.cl\/nutricion-dietetica-santiago\/noticias\/2014\/01\/22\/testimonio-de-ex-alumna-combatir-la-obesidad-infantil-con-un-emprendimiento\/#article\",\"isPartOf\":{\"@id\":\"https:\/\/medicina.udd.cl\/nutricion-dietetica-santiago\/noticias\/2014\/01\/22\/testimonio-de-ex-alumna-combatir-la-obesidad-infantil-con-un-emprendimiento\/\"},\"author\":{\"name\":\"\",\"@id\":\"\"},\"headline\":\"Testimonio de ex alumna: Combatir la obesidad infantil con un emprendimiento\",\"datePublished\":\"2014-01-22T12:45:22+00:00\",\"dateModified\":\"2014-01-22T12:54:24+00:00\",\"mainEntityOfPage\":{\"@id\":\"https:\/\/medicina.udd.cl\/nutricion-dietetica-santiago\/noticias\/2014\/01\/22\/testimonio-de-ex-alumna-combatir-la-obesidad-infantil-con-un-emprendimiento\/\"},\"wordCount\":913,\"commentCount\":0,\"image\":{\"@id\":\"https:\/\/medicina.udd.cl\/nutricion-dietetica-santiago\/noticias\/2014\/01\/22\/testimonio-de-ex-alumna-combatir-la-obesidad-infantil-con-un-emprendimiento\/#primaryimage\"},\"thumbnailUrl\":\"https:\/\/medicina.udd.cl\/nutricion-dietetica-santiago\/files\/2014\/01\/Colegio-Jorge-Huneeus-2.jpg\",\"articleSection\":[\"Noticias\",\"Testimonio\"],\"inLanguage\":\"es\",\"potentialAction\":[{\"@type\":\"CommentAction\",\"name\":\"Comment\",\"target\":[\"https:\/\/medicina.udd.cl\/nutricion-dietetica-santiago\/noticias\/2014\/01\/22\/testimonio-de-ex-alumna-combatir-la-obesidad-infantil-con-un-emprendimiento\/#respond\"]}]},{\"@type\":\"WebPage\",\"@id\":\"https:\/\/medicina.udd.cl\/nutricion-dietetica-santiago\/noticias\/2014\/01\/22\/testimonio-de-ex-alumna-combatir-la-obesidad-infantil-con-un-emprendimiento\/\",\"url\":\"https:\/\/medicina.udd.cl\/nutricion-dietetica-santiago\/noticias\/2014\/01\/22\/testimonio-de-ex-alumna-combatir-la-obesidad-infantil-con-un-emprendimiento\/\",\"name\":\"Combatir la obesidad infantil con un emprendimiento - Nutrici\u00f3n UDD\",\"isPartOf\":{\"@id\":\"https:\/\/medicina.udd.cl\/nutricion-dietetica-santiago\/#website\"},\"primaryImageOfPage\":{\"@id\":\"https:\/\/medicina.udd.cl\/nutricion-dietetica-santiago\/noticias\/2014\/01\/22\/testimonio-de-ex-alumna-combatir-la-obesidad-infantil-con-un-emprendimiento\/#primaryimage\"},\"image\":{\"@id\":\"https:\/\/medicina.udd.cl\/nutricion-dietetica-santiago\/noticias\/2014\/01\/22\/testimonio-de-ex-alumna-combatir-la-obesidad-infantil-con-un-emprendimiento\/#primaryimage\"},\"thumbnailUrl\":\"https:\/\/medicina.udd.cl\/nutricion-dietetica-santiago\/files\/2014\/01\/Colegio-Jorge-Huneeus-2.jpg\",\"datePublished\":\"2014-01-22T12:45:22+00:00\",\"dateModified\":\"2014-01-22T12:54:24+00:00\",\"author\":{\"@id\":\"\"},\"description\":\"Conoce el testimonio de la ex alumna de la Facultad de Medicina CAS-UDD Valentina Cruz, que fund\u00f3 en 2012 la empresa \\\"Crece Saludable\\\".\",\"breadcrumb\":{\"@id\":\"https:\/\/medicina.udd.cl\/nutricion-dietetica-santiago\/noticias\/2014\/01\/22\/testimonio-de-ex-alumna-combatir-la-obesidad-infantil-con-un-emprendimiento\/#breadcrumb\"},\"inLanguage\":\"es\",\"potentialAction\":[{\"@type\":\"ReadAction\",\"target\":[\"https:\/\/medicina.udd.cl\/nutricion-dietetica-santiago\/noticias\/2014\/01\/22\/testimonio-de-ex-alumna-combatir-la-obesidad-infantil-con-un-emprendimiento\/\"]}]},{\"@type\":\"ImageObject\",\"inLanguage\":\"es\",\"@id\":\"https:\/\/medicina.udd.cl\/nutricion-dietetica-santiago\/noticias\/2014\/01\/22\/testimonio-de-ex-alumna-combatir-la-obesidad-infantil-con-un-emprendimiento\/#primaryimage\",\"url\":\"https:\/\/medicina.udd.cl\/nutricion-dietetica-santiago\/files\/2014\/01\/Colegio-Jorge-Huneeus-2.jpg\",\"contentUrl\":\"https:\/\/medicina.udd.cl\/nutricion-dietetica-santiago\/files\/2014\/01\/Colegio-Jorge-Huneeus-2.jpg\",\"width\":600,\"height\":583},{\"@type\":\"BreadcrumbList\",\"@id\":\"https:\/\/medicina.udd.cl\/nutricion-dietetica-santiago\/noticias\/2014\/01\/22\/testimonio-de-ex-alumna-combatir-la-obesidad-infantil-con-un-emprendimiento\/#breadcrumb\",\"itemListElement\":[{\"@type\":\"ListItem\",\"position\":1,\"name\":\"Home\",\"item\":\"https:\/\/medicina.udd.cl\/nutricion-dietetica-santiago\/\"},{\"@type\":\"ListItem\",\"position\":2,\"name\":\"Testimonio de ex alumna: Combatir la obesidad infantil con un emprendimiento\"}]},{\"@type\":\"WebSite\",\"@id\":\"https:\/\/medicina.udd.cl\/nutricion-dietetica-santiago\/#website\",\"url\":\"https:\/\/medicina.udd.cl\/nutricion-dietetica-santiago\/\",\"name\":\"Nutrici\u00f3n y Diet\u00e9tica\",\"description\":\"Facultad de Medicina C\u00ednica Alemana Universidad del Desarrollo\",\"inLanguage\":\"es\"},{\"@type\":\"Person\",\"@id\":\"\",\"url\":\"https:\/\/medicina.udd.cl\/nutricion-dietetica-santiago\/noticias\/author\/\"}]}<\/script>\n<!-- \/ Yoast SEO plugin. -->","yoast_head_json":{"title":"Combatir la obesidad infantil con un emprendimiento - Nutrici\u00f3n UDD","description":"Conoce el testimonio de la ex alumna de la Facultad de Medicina CAS-UDD Valentina Cruz, que fund\u00f3 en 2012 la empresa \"Crece Saludable\".","robots":{"index":"index","follow":"follow","max-snippet":"max-snippet:-1","max-image-preview":"max-image-preview:large","max-video-preview":"max-video-preview:-1"},"canonical":"https:\/\/medicina.udd.cl\/nutricion-dietetica-santiago\/noticias\/2014\/01\/22\/testimonio-de-ex-alumna-combatir-la-obesidad-infantil-con-un-emprendimiento\/","og_locale":"es_ES","og_type":"article","og_title":"Combatir la obesidad infantil con un emprendimiento - Nutrici\u00f3n UDD","og_description":"Conoce el testimonio de la ex alumna de la Facultad de Medicina CAS-UDD Valentina Cruz, que fund\u00f3 en 2012 la empresa \"Crece Saludable\".","og_url":"https:\/\/medicina.udd.cl\/nutricion-dietetica-santiago\/noticias\/2014\/01\/22\/testimonio-de-ex-alumna-combatir-la-obesidad-infantil-con-un-emprendimiento\/","og_site_name":"Nutrici\u00f3n y Diet\u00e9tica","article_published_time":"2014-01-22T12:45:22+00:00","article_modified_time":"2014-01-22T12:54:24+00:00","og_image":[{"width":600,"height":583,"url":"https:\/\/medicina.udd.cl\/nutricion-dietetica-santiago\/files\/2014\/01\/Colegio-Jorge-Huneeus-2.jpg","type":"image\/jpeg"}],"twitter_misc":{"Escrito por":"","Tiempo de lectura":"5 minutos"},"schema":{"@context":"https:\/\/schema.org","@graph":[{"@type":"Article","@id":"https:\/\/medicina.udd.cl\/nutricion-dietetica-santiago\/noticias\/2014\/01\/22\/testimonio-de-ex-alumna-combatir-la-obesidad-infantil-con-un-emprendimiento\/#article","isPartOf":{"@id":"https:\/\/medicina.udd.cl\/nutricion-dietetica-santiago\/noticias\/2014\/01\/22\/testimonio-de-ex-alumna-combatir-la-obesidad-infantil-con-un-emprendimiento\/"},"author":{"name":"","@id":""},"headline":"Testimonio de ex alumna: Combatir la obesidad infantil con un emprendimiento","datePublished":"2014-01-22T12:45:22+00:00","dateModified":"2014-01-22T12:54:24+00:00","mainEntityOfPage":{"@id":"https:\/\/medicina.udd.cl\/nutricion-dietetica-santiago\/noticias\/2014\/01\/22\/testimonio-de-ex-alumna-combatir-la-obesidad-infantil-con-un-emprendimiento\/"},"wordCount":913,"commentCount":0,"image":{"@id":"https:\/\/medicina.udd.cl\/nutricion-dietetica-santiago\/noticias\/2014\/01\/22\/testimonio-de-ex-alumna-combatir-la-obesidad-infantil-con-un-emprendimiento\/#primaryimage"},"thumbnailUrl":"https:\/\/medicina.udd.cl\/nutricion-dietetica-santiago\/files\/2014\/01\/Colegio-Jorge-Huneeus-2.jpg","articleSection":["Noticias","Testimonio"],"inLanguage":"es","potentialAction":[{"@type":"CommentAction","name":"Comment","target":["https:\/\/medicina.udd.cl\/nutricion-dietetica-santiago\/noticias\/2014\/01\/22\/testimonio-de-ex-alumna-combatir-la-obesidad-infantil-con-un-emprendimiento\/#respond"]}]},{"@type":"WebPage","@id":"https:\/\/medicina.udd.cl\/nutricion-dietetica-santiago\/noticias\/2014\/01\/22\/testimonio-de-ex-alumna-combatir-la-obesidad-infantil-con-un-emprendimiento\/","url":"https:\/\/medicina.udd.cl\/nutricion-dietetica-santiago\/noticias\/2014\/01\/22\/testimonio-de-ex-alumna-combatir-la-obesidad-infantil-con-un-emprendimiento\/","name":"Combatir la obesidad infantil con un emprendimiento - Nutrici\u00f3n UDD","isPartOf":{"@id":"https:\/\/medicina.udd.cl\/nutricion-dietetica-santiago\/#website"},"primaryImageOfPage":{"@id":"https:\/\/medicina.udd.cl\/nutricion-dietetica-santiago\/noticias\/2014\/01\/22\/testimonio-de-ex-alumna-combatir-la-obesidad-infantil-con-un-emprendimiento\/#primaryimage"},"image":{"@id":"https:\/\/medicina.udd.cl\/nutricion-dietetica-santiago\/noticias\/2014\/01\/22\/testimonio-de-ex-alumna-combatir-la-obesidad-infantil-con-un-emprendimiento\/#primaryimage"},"thumbnailUrl":"https:\/\/medicina.udd.cl\/nutricion-dietetica-santiago\/files\/2014\/01\/Colegio-Jorge-Huneeus-2.jpg","datePublished":"2014-01-22T12:45:22+00:00","dateModified":"2014-01-22T12:54:24+00:00","author":{"@id":""},"description":"Conoce el testimonio de la ex alumna de la Facultad de Medicina CAS-UDD Valentina Cruz, que fund\u00f3 en 2012 la empresa \"Crece Saludable\".","breadcrumb":{"@id":"https:\/\/medicina.udd.cl\/nutricion-dietetica-santiago\/noticias\/2014\/01\/22\/testimonio-de-ex-alumna-combatir-la-obesidad-infantil-con-un-emprendimiento\/#breadcrumb"},"inLanguage":"es","potentialAction":[{"@type":"ReadAction","target":["https:\/\/medicina.udd.cl\/nutricion-dietetica-santiago\/noticias\/2014\/01\/22\/testimonio-de-ex-alumna-combatir-la-obesidad-infantil-con-un-emprendimiento\/"]}]},{"@type":"ImageObject","inLanguage":"es","@id":"https:\/\/medicina.udd.cl\/nutricion-dietetica-santiago\/noticias\/2014\/01\/22\/testimonio-de-ex-alumna-combatir-la-obesidad-infantil-con-un-emprendimiento\/#primaryimage","url":"https:\/\/medicina.udd.cl\/nutricion-dietetica-santiago\/files\/2014\/01\/Colegio-Jorge-Huneeus-2.jpg","contentUrl":"https:\/\/medicina.udd.cl\/nutricion-dietetica-santiago\/files\/2014\/01\/Colegio-Jorge-Huneeus-2.jpg","width":600,"height":583},{"@type":"BreadcrumbList","@id":"https:\/\/medicina.udd.cl\/nutricion-dietetica-santiago\/noticias\/2014\/01\/22\/testimonio-de-ex-alumna-combatir-la-obesidad-infantil-con-un-emprendimiento\/#breadcrumb","itemListElement":[{"@type":"ListItem","position":1,"name":"Home","item":"https:\/\/medicina.udd.cl\/nutricion-dietetica-santiago\/"},{"@type":"ListItem","position":2,"name":"Testimonio de ex alumna: Combatir la obesidad infantil con un emprendimiento"}]},{"@type":"WebSite","@id":"https:\/\/medicina.udd.cl\/nutricion-dietetica-santiago\/#website","url":"https:\/\/medicina.udd.cl\/nutricion-dietetica-santiago\/","name":"Nutrici\u00f3n y Diet\u00e9tica","description":"Facultad de Medicina C\u00ednica Alemana Universidad del Desarrollo","inLanguage":"es"},{"@type":"Person","@id":"","url":"https:\/\/medicina.udd.cl\/nutricion-dietetica-santiago\/noticias\/author\/"}]}},"featured_image_url":"https:\/\/medicina.udd.cl\/nutricion-dietetica-santiago\/files\/2014\/01\/Colegio-Jorge-Huneeus-2.jpg","_links":{"self":[{"href":"https:\/\/medicina.udd.cl\/nutricion-dietetica-santiago\/wp-json\/wp\/v2\/posts\/1939","targetHints":{"allow":["GET"]}}],"collection":[{"href":"https:\/\/medicina.udd.cl\/nutricion-dietetica-santiago\/wp-json\/wp\/v2\/posts"}],"about":[{"href":"https:\/\/medicina.udd.cl\/nutricion-dietetica-santiago\/wp-json\/wp\/v2\/types\/post"}],"author":[{"embeddable":true,"href":"https:\/\/medicina.udd.cl\/nutricion-dietetica-santiago\/wp-json\/wp\/v2\/users\/40"}],"replies":[{"embeddable":true,"href":"https:\/\/medicina.udd.cl\/nutricion-dietetica-santiago\/wp-json\/wp\/v2\/comments?post=1939"}],"version-history":[{"count":12,"href":"https:\/\/medicina.udd.cl\/nutricion-dietetica-santiago\/wp-json\/wp\/v2\/posts\/1939\/revisions"}],"predecessor-version":[{"id":1956,"href":"https:\/\/medicina.udd.cl\/nutricion-dietetica-santiago\/wp-json\/wp\/v2\/posts\/1939\/revisions\/1956"}],"wp:featuredmedia":[{"embeddable":true,"href":"https:\/\/medicina.udd.cl\/nutricion-dietetica-santiago\/wp-json\/wp\/v2\/media\/1946"}],"wp:attachment":[{"href":"https:\/\/medicina.udd.cl\/nutricion-dietetica-santiago\/wp-json\/wp\/v2\/media?parent=1939"}],"wp:term":[{"taxonomy":"category","embeddable":true,"href":"https:\/\/medicina.udd.cl\/nutricion-dietetica-santiago\/wp-json\/wp\/v2\/categories?post=1939"},{"taxonomy":"post_tag","embeddable":true,"href":"https:\/\/medicina.udd.cl\/nutricion-dietetica-santiago\/wp-json\/wp\/v2\/tags?post=1939"}],"curies":[{"name":"wp","href":"https:\/\/api.w.org\/{rel}","templated":true}]}}