{"id":321,"date":"2011-10-12T15:40:07","date_gmt":"2011-10-12T18:40:07","guid":{"rendered":"http:\/\/medicina.udd.cl\/nutricion-dietetica-santiago\/?p=321"},"modified":"2011-10-25T15:18:30","modified_gmt":"2011-10-25T18:18:30","slug":"talleres-de-nutricion-y-dietetica","status":"publish","type":"post","link":"https:\/\/medicina.udd.cl\/nutricion-dietetica-santiago\/noticias\/2011\/10\/12\/talleres-de-nutricion-y-dietetica\/","title":{"rendered":"Talleres de Nutrici\u00f3n y Diet\u00e9tica"},"content":{"rendered":"<p style=\"text-align: justify;\">La carrera de Nutrici\u00f3n y Diet\u00e9tica de la Facultad de Medicina Cl\u00ednica Alemana Universidad del Desarrollo te invita a participar de los siguientes talleres orientados al per\u00edodo de postulaci\u00f3n 2012 de nuestra carrera:<\/p>\n<p style=\"text-align: justify;\"><strong><a href=\"http:\/\/medicina.udd.cl\/nutricion-dietetica-santiago\/files\/2011\/10\/foto-banner.jpg\"><\/a>Nutrici\u00f3n Deportiva<\/strong><\/p>\n<p style=\"text-align: justify;\">D\u00eda a realizar: S\u00e1bado 29 de octubre<br \/>\nCupos: 20 alumnos<br \/>\nLugar: Laboratorio de Evaluaci\u00f3n Nutricional de la Escuela de Nutrici\u00f3n y Diet\u00e9tica, Facultad de Medicina Cl\u00ednica Alemana Universidad del Desarrollo<br \/>\nPersona a cargo: Gonzalo Rozas<br \/>\nHorario: Desde las 10:30 a las 13:30 horas<\/p>\n<p style=\"text-align: justify;\"><strong>Combatiendo la Diabetes con un toque gastron\u00f3mico<\/strong><\/p>\n<p style=\"text-align: justify;\">D\u00eda a realizar: S\u00e1bado 19 de noviembre<br \/>\nCupos: 25 alumnos<br \/>\nLugar: Laboratorio de Gastronom\u00eda de la Escuela de Nutrici\u00f3n y Diet\u00e9tica, Facultad de Medicina Cl\u00ednica Alemana Universidad del Desarrollo<br \/>\nPersona a cargo: Sylvana Freire y Alejandra Mora<br \/>\nHorario: Desde las 11:00 a las 13:00 horas<\/p>\n<p style=\"text-align: justify;\"><strong>Inscripciones:<br \/>\n<\/strong>Macarena Yolito: <a href=\"mailto:myolito@udd.cl\">myolito@udd.cl<\/a><br \/>\nLoreto S\u00e1nchez: <a href=\"mailto:loretosanchez@udd.cl\">loretosanchez@udd.cl<\/a><br \/>\nAvenida Las Condes 15.827, Lo Barnechea<br \/>\n\u00a0(02) 3279525<\/p>\n","protected":false},"excerpt":{"rendered":"<p>Los talleres est\u00e1n orientados a los estudiantes de tercero y cuarto medio interesados en ingresar a la carrera. <\/p>\n","protected":false},"author":1,"featured_media":0,"comment_status":"open","ping_status":"open","sticky":false,"template":"","format":"standard","meta":{"footnotes":""},"categories":[1],"tags":[],"class_list":["post-321","post","type-post","status-publish","format-standard","hentry","category-sin-categoria"],"yoast_head":"<!-- This site is optimized with the Yoast SEO plugin v26.9 - https:\/\/yoast.com\/product\/yoast-seo-wordpress\/ -->\n<title>Talleres de Nutrici\u00f3n y Diet\u00e9tica - Nutrici\u00f3n y Diet\u00e9tica<\/title>\n<meta name=\"robots\" content=\"index, follow, max-snippet:-1, max-image-preview:large, max-video-preview:-1\" \/>\n<link rel=\"canonical\" href=\"https:\/\/medicina.udd.cl\/nutricion-dietetica-santiago\/noticias\/2011\/10\/12\/talleres-de-nutricion-y-dietetica\/\" \/>\n<meta property=\"og:locale\" content=\"es_ES\" \/>\n<meta property=\"og:type\" content=\"article\" \/>\n<meta property=\"og:title\" content=\"Talleres de Nutrici\u00f3n y Diet\u00e9tica - Nutrici\u00f3n y Diet\u00e9tica\" \/>\n<meta property=\"og:description\" content=\"Los talleres est\u00e1n orientados a los estudiantes de tercero y cuarto medio interesados en ingresar a la carrera.\" \/>\n<meta property=\"og:url\" content=\"https:\/\/medicina.udd.cl\/nutricion-dietetica-santiago\/noticias\/2011\/10\/12\/talleres-de-nutricion-y-dietetica\/\" \/>\n<meta property=\"og:site_name\" content=\"Nutrici\u00f3n y Diet\u00e9tica\" \/>\n<meta property=\"article:published_time\" content=\"2011-10-12T18:40:07+00:00\" \/>\n<meta property=\"article:modified_time\" content=\"2011-10-25T18:18:30+00:00\" \/>\n<meta name=\"author\" content=\"admin\" \/>\n<meta name=\"twitter:label1\" content=\"Escrito por\" \/>\n\t<meta name=\"twitter:data1\" content=\"admin\" \/>\n\t<meta name=\"twitter:label2\" content=\"Tiempo de lectura\" \/>\n\t<meta name=\"twitter:data2\" content=\"1 minuto\" \/>\n<script type=\"application\/ld+json\" class=\"yoast-schema-graph\">{\"@context\":\"https:\/\/schema.org\",\"@graph\":[{\"@type\":\"Article\",\"@id\":\"https:\/\/medicina.udd.cl\/nutricion-dietetica-santiago\/noticias\/2011\/10\/12\/talleres-de-nutricion-y-dietetica\/#article\",\"isPartOf\":{\"@id\":\"https:\/\/medicina.udd.cl\/nutricion-dietetica-santiago\/noticias\/2011\/10\/12\/talleres-de-nutricion-y-dietetica\/\"},\"author\":{\"name\":\"admin\",\"@id\":\"https:\/\/medicina.udd.cl\/nutricion-dietetica-santiago\/#\/schema\/person\/f7abfa784c86da427e89287831f96ab7\"},\"headline\":\"Talleres de Nutrici\u00f3n y Diet\u00e9tica\",\"datePublished\":\"2011-10-12T18:40:07+00:00\",\"dateModified\":\"2011-10-25T18:18:30+00:00\",\"mainEntityOfPage\":{\"@id\":\"https:\/\/medicina.udd.cl\/nutricion-dietetica-santiago\/noticias\/2011\/10\/12\/talleres-de-nutricion-y-dietetica\/\"},\"wordCount\":164,\"commentCount\":2,\"inLanguage\":\"es\",\"potentialAction\":[{\"@type\":\"CommentAction\",\"name\":\"Comment\",\"target\":[\"https:\/\/medicina.udd.cl\/nutricion-dietetica-santiago\/noticias\/2011\/10\/12\/talleres-de-nutricion-y-dietetica\/#respond\"]}]},{\"@type\":\"WebPage\",\"@id\":\"https:\/\/medicina.udd.cl\/nutricion-dietetica-santiago\/noticias\/2011\/10\/12\/talleres-de-nutricion-y-dietetica\/\",\"url\":\"https:\/\/medicina.udd.cl\/nutricion-dietetica-santiago\/noticias\/2011\/10\/12\/talleres-de-nutricion-y-dietetica\/\",\"name\":\"Talleres de Nutrici\u00f3n y Diet\u00e9tica - Nutrici\u00f3n y Diet\u00e9tica\",\"isPartOf\":{\"@id\":\"https:\/\/medicina.udd.cl\/nutricion-dietetica-santiago\/#website\"},\"datePublished\":\"2011-10-12T18:40:07+00:00\",\"dateModified\":\"2011-10-25T18:18:30+00:00\",\"author\":{\"@id\":\"https:\/\/medicina.udd.cl\/nutricion-dietetica-santiago\/#\/schema\/person\/f7abfa784c86da427e89287831f96ab7\"},\"breadcrumb\":{\"@id\":\"https:\/\/medicina.udd.cl\/nutricion-dietetica-santiago\/noticias\/2011\/10\/12\/talleres-de-nutricion-y-dietetica\/#breadcrumb\"},\"inLanguage\":\"es\",\"potentialAction\":[{\"@type\":\"ReadAction\",\"target\":[\"https:\/\/medicina.udd.cl\/nutricion-dietetica-santiago\/noticias\/2011\/10\/12\/talleres-de-nutricion-y-dietetica\/\"]}]},{\"@type\":\"BreadcrumbList\",\"@id\":\"https:\/\/medicina.udd.cl\/nutricion-dietetica-santiago\/noticias\/2011\/10\/12\/talleres-de-nutricion-y-dietetica\/#breadcrumb\",\"itemListElement\":[{\"@type\":\"ListItem\",\"position\":1,\"name\":\"Home\",\"item\":\"https:\/\/medicina.udd.cl\/nutricion-dietetica-santiago\/\"},{\"@type\":\"ListItem\",\"position\":2,\"name\":\"Talleres de Nutrici\u00f3n y Diet\u00e9tica\"}]},{\"@type\":\"WebSite\",\"@id\":\"https:\/\/medicina.udd.cl\/nutricion-dietetica-santiago\/#website\",\"url\":\"https:\/\/medicina.udd.cl\/nutricion-dietetica-santiago\/\",\"name\":\"Nutrici\u00f3n y Diet\u00e9tica\",\"description\":\"Facultad de Medicina C\u00ednica Alemana Universidad del Desarrollo\",\"inLanguage\":\"es\"},{\"@type\":\"Person\",\"@id\":\"https:\/\/medicina.udd.cl\/nutricion-dietetica-santiago\/#\/schema\/person\/f7abfa784c86da427e89287831f96ab7\",\"name\":\"admin\",\"image\":{\"@type\":\"ImageObject\",\"inLanguage\":\"es\",\"@id\":\"https:\/\/medicina.udd.cl\/nutricion-dietetica-santiago\/#\/schema\/person\/image\/\",\"url\":\"https:\/\/secure.gravatar.com\/avatar\/3cb6da298954dfb54457c0910b8c9ca010abd8d87a60f7d701b6ce4254e1c642?s=96&d=mm&r=g\",\"contentUrl\":\"https:\/\/secure.gravatar.com\/avatar\/3cb6da298954dfb54457c0910b8c9ca010abd8d87a60f7d701b6ce4254e1c642?s=96&d=mm&r=g\",\"caption\":\"admin\"},\"url\":\"https:\/\/medicina.udd.cl\/nutricion-dietetica-santiago\/noticias\/author\/admin\/\"}]}<\/script>\n<!-- \/ Yoast SEO plugin. -->","yoast_head_json":{"title":"Talleres de Nutrici\u00f3n y Diet\u00e9tica - Nutrici\u00f3n y Diet\u00e9tica","robots":{"index":"index","follow":"follow","max-snippet":"max-snippet:-1","max-image-preview":"max-image-preview:large","max-video-preview":"max-video-preview:-1"},"canonical":"https:\/\/medicina.udd.cl\/nutricion-dietetica-santiago\/noticias\/2011\/10\/12\/talleres-de-nutricion-y-dietetica\/","og_locale":"es_ES","og_type":"article","og_title":"Talleres de Nutrici\u00f3n y Diet\u00e9tica - Nutrici\u00f3n y Diet\u00e9tica","og_description":"Los talleres est\u00e1n orientados a los estudiantes de tercero y cuarto medio interesados en ingresar a la carrera.","og_url":"https:\/\/medicina.udd.cl\/nutricion-dietetica-santiago\/noticias\/2011\/10\/12\/talleres-de-nutricion-y-dietetica\/","og_site_name":"Nutrici\u00f3n y Diet\u00e9tica","article_published_time":"2011-10-12T18:40:07+00:00","article_modified_time":"2011-10-25T18:18:30+00:00","author":"admin","twitter_misc":{"Escrito por":"admin","Tiempo de lectura":"1 minuto"},"schema":{"@context":"https:\/\/schema.org","@graph":[{"@type":"Article","@id":"https:\/\/medicina.udd.cl\/nutricion-dietetica-santiago\/noticias\/2011\/10\/12\/talleres-de-nutricion-y-dietetica\/#article","isPartOf":{"@id":"https:\/\/medicina.udd.cl\/nutricion-dietetica-santiago\/noticias\/2011\/10\/12\/talleres-de-nutricion-y-dietetica\/"},"author":{"name":"admin","@id":"https:\/\/medicina.udd.cl\/nutricion-dietetica-santiago\/#\/schema\/person\/f7abfa784c86da427e89287831f96ab7"},"headline":"Talleres de Nutrici\u00f3n y Diet\u00e9tica","datePublished":"2011-10-12T18:40:07+00:00","dateModified":"2011-10-25T18:18:30+00:00","mainEntityOfPage":{"@id":"https:\/\/medicina.udd.cl\/nutricion-dietetica-santiago\/noticias\/2011\/10\/12\/talleres-de-nutricion-y-dietetica\/"},"wordCount":164,"commentCount":2,"inLanguage":"es","potentialAction":[{"@type":"CommentAction","name":"Comment","target":["https:\/\/medicina.udd.cl\/nutricion-dietetica-santiago\/noticias\/2011\/10\/12\/talleres-de-nutricion-y-dietetica\/#respond"]}]},{"@type":"WebPage","@id":"https:\/\/medicina.udd.cl\/nutricion-dietetica-santiago\/noticias\/2011\/10\/12\/talleres-de-nutricion-y-dietetica\/","url":"https:\/\/medicina.udd.cl\/nutricion-dietetica-santiago\/noticias\/2011\/10\/12\/talleres-de-nutricion-y-dietetica\/","name":"Talleres de Nutrici\u00f3n y Diet\u00e9tica - Nutrici\u00f3n y Diet\u00e9tica","isPartOf":{"@id":"https:\/\/medicina.udd.cl\/nutricion-dietetica-santiago\/#website"},"datePublished":"2011-10-12T18:40:07+00:00","dateModified":"2011-10-25T18:18:30+00:00","author":{"@id":"https:\/\/medicina.udd.cl\/nutricion-dietetica-santiago\/#\/schema\/person\/f7abfa784c86da427e89287831f96ab7"},"breadcrumb":{"@id":"https:\/\/medicina.udd.cl\/nutricion-dietetica-santiago\/noticias\/2011\/10\/12\/talleres-de-nutricion-y-dietetica\/#breadcrumb"},"inLanguage":"es","potentialAction":[{"@type":"ReadAction","target":["https:\/\/medicina.udd.cl\/nutricion-dietetica-santiago\/noticias\/2011\/10\/12\/talleres-de-nutricion-y-dietetica\/"]}]},{"@type":"BreadcrumbList","@id":"https:\/\/medicina.udd.cl\/nutricion-dietetica-santiago\/noticias\/2011\/10\/12\/talleres-de-nutricion-y-dietetica\/#breadcrumb","itemListElement":[{"@type":"ListItem","position":1,"name":"Home","item":"https:\/\/medicina.udd.cl\/nutricion-dietetica-santiago\/"},{"@type":"ListItem","position":2,"name":"Talleres de Nutrici\u00f3n y Diet\u00e9tica"}]},{"@type":"WebSite","@id":"https:\/\/medicina.udd.cl\/nutricion-dietetica-santiago\/#website","url":"https:\/\/medicina.udd.cl\/nutricion-dietetica-santiago\/","name":"Nutrici\u00f3n y Diet\u00e9tica","description":"Facultad de Medicina C\u00ednica Alemana Universidad del Desarrollo","inLanguage":"es"},{"@type":"Person","@id":"https:\/\/medicina.udd.cl\/nutricion-dietetica-santiago\/#\/schema\/person\/f7abfa784c86da427e89287831f96ab7","name":"admin","image":{"@type":"ImageObject","inLanguage":"es","@id":"https:\/\/medicina.udd.cl\/nutricion-dietetica-santiago\/#\/schema\/person\/image\/","url":"https:\/\/secure.gravatar.com\/avatar\/3cb6da298954dfb54457c0910b8c9ca010abd8d87a60f7d701b6ce4254e1c642?s=96&d=mm&r=g","contentUrl":"https:\/\/secure.gravatar.com\/avatar\/3cb6da298954dfb54457c0910b8c9ca010abd8d87a60f7d701b6ce4254e1c642?s=96&d=mm&r=g","caption":"admin"},"url":"https:\/\/medicina.udd.cl\/nutricion-dietetica-santiago\/noticias\/author\/admin\/"}]}},"featured_image_url":null,"_links":{"self":[{"href":"https:\/\/medicina.udd.cl\/nutricion-dietetica-santiago\/wp-json\/wp\/v2\/posts\/321","targetHints":{"allow":["GET"]}}],"collection":[{"href":"https:\/\/medicina.udd.cl\/nutricion-dietetica-santiago\/wp-json\/wp\/v2\/posts"}],"about":[{"href":"https:\/\/medicina.udd.cl\/nutricion-dietetica-santiago\/wp-json\/wp\/v2\/types\/post"}],"author":[{"embeddable":true,"href":"https:\/\/medicina.udd.cl\/nutricion-dietetica-santiago\/wp-json\/wp\/v2\/users\/1"}],"replies":[{"embeddable":true,"href":"https:\/\/medicina.udd.cl\/nutricion-dietetica-santiago\/wp-json\/wp\/v2\/comments?post=321"}],"version-history":[{"count":7,"href":"https:\/\/medicina.udd.cl\/nutricion-dietetica-santiago\/wp-json\/wp\/v2\/posts\/321\/revisions"}],"predecessor-version":[{"id":397,"href":"https:\/\/medicina.udd.cl\/nutricion-dietetica-santiago\/wp-json\/wp\/v2\/posts\/321\/revisions\/397"}],"wp:attachment":[{"href":"https:\/\/medicina.udd.cl\/nutricion-dietetica-santiago\/wp-json\/wp\/v2\/media?parent=321"}],"wp:term":[{"taxonomy":"category","embeddable":true,"href":"https:\/\/medicina.udd.cl\/nutricion-dietetica-santiago\/wp-json\/wp\/v2\/categories?post=321"},{"taxonomy":"post_tag","embeddable":true,"href":"https:\/\/medicina.udd.cl\/nutricion-dietetica-santiago\/wp-json\/wp\/v2\/tags?post=321"}],"curies":[{"name":"wp","href":"https:\/\/api.w.org\/{rel}","templated":true}]}}