{"id":414,"date":"2011-11-11T16:00:55","date_gmt":"2011-11-11T19:00:55","guid":{"rendered":"http:\/\/medicina.udd.cl\/nutricion-dietetica-santiago\/?p=414"},"modified":"2012-01-05T08:23:12","modified_gmt":"2012-01-05T11:23:12","slug":"dr-fernando-monckeberg-dicto-conferencia-a-estudiantes","status":"publish","type":"post","link":"https:\/\/medicina.udd.cl\/nutricion-dietetica-santiago\/noticias\/2011\/11\/11\/dr-fernando-monckeberg-dicto-conferencia-a-estudiantes\/","title":{"rendered":"Dr. Fernando Monckeberg dict\u00f3 conferencia a estudiantes"},"content":{"rendered":"<p style=\"text-align: justify;\"><a href=\"http:\/\/medicina.udd.cl\/nutricion-dietetica-santiago\/files\/2011\/11\/desarr12n.jpg\"><\/a>El Premio Nacional de Ciencias Aplicadas y Tecnol\u00f3gicas 1998, Dr. Fernando Monckeberg, visit\u00f3 la <a href=\"http:\/\/medicina.udd.cl\/\">Facultad de Medicina Cl\u00ednica Alemana Universidad del Desarrollo<\/a> para dictar la charla<strong> \u201cNutrici\u00f3n y Desarrollo del sistema nervioso durante los 2 primeros a\u00f1os de vida\u201d<\/strong> como parte de la asignatura de Evaluaci\u00f3n Nutricional en Pediatr\u00eda de la carrera de <a href=\"http:\/\/medicina.udd.cl\/nutricion-dietetica-santiago\/\">Nutrici\u00f3n y Diet\u00e9tica.<\/a><\/p>\n<p style=\"text-align: justify;\">La actividad se realiz\u00f3 el pasado mi\u00e9rcoles 9 de noviembre en la sede Fray Le\u00f3n. Los asistentes fueron en su mayor\u00eda alumnos, quienes incluso llevaron el libro \u201cContra viento y marea\u201d que utilizan como bibliograf\u00eda obligatoria del curso\u00a0para que el especialista los autografiara.<\/p>\n<p style=\"text-align: justify;\"><em>\u201cEl Dr. Fernando Monckeberg es una persona muy importante en la historia de la salud p\u00fablica de este pa\u00eds, incluso marc\u00f3 mi trabajo como m\u00e9dico\u201d,<\/em> coment\u00f3 al inicio de la actividad la directora de las carreras de la salud, Dra. Liliana Jadue.<\/p>\n<p style=\"text-align: justify;\">Por su parte, el destacado m\u00e9dico manifest\u00f3 su satisfacci\u00f3n por estar conversando con los j\u00f3venes \u201c<em>Ustedes, que comienzan reci\u00e9n sus estudios y vida profesional, seguramente van a ver otras cosas en unos a\u00f1os m\u00e1s, es dif\u00edcil imaginar qu\u00e9 es lo que va a venir en el futuro, pero tengo la certeza que va a ser muy diferente de lo que estamos viendo hoy d\u00eda y ese es su desaf\u00edo\u201d.<\/em><\/p>\n<p style=\"text-align: justify;\">En la exposici\u00f3n se habl\u00f3\u00a0sobre la importancia de la buena alimentaci\u00f3n\u00a0durante los dos primeros a\u00f1os de vida, mostrando sus investigaciones con impactantes resultados gr\u00e1ficos. En uno de ellos se comparan neuronas pertenecientes a dos lactantes de la misma edad. Uno normal que falleci\u00f3 por un accidente y el otro desnutrido perteneciente a una familia de extrema pobreza. Los resultados muestran una marcada diferencia entre uno y otro, lo que lleva a \u00a0concluir que la falta de estimulaci\u00f3n o las limitaciones nutricionales atrofian o hacen desaparecer las dendritas nueronales.<\/p>\n<p style=\"text-align: justify;\">Luego de la conferencia, los estudiantes tuvieron la oportunidad de tener un tiempo para realizar preguntas y aclarar sus dudas. El Dr. Fernando Monckeberg manifest\u00f3 su entusiasmo de participar en estas instancias que lo acercan a las nuevas generaciones, ya que ellas tendr\u00e1n el desaf\u00edo de comprender los problemas nutricionales del futuro.<\/p>\n<p style=\"text-align: justify;\"><strong>Una carrera dedicada al pa\u00eds<\/strong><\/p>\n<p style=\"text-align: justify;\">El profesor formado en la Universidad de Chile, tiene investigaciones y docencia realizadas en la Universidad de\u00a0\u00a0Harvard a finales de la d\u00e9cada de los 50. Adem\u00e1s, es miembro de prestigiadas instituciones nacionales e internacionales, especialmente en el \u00e1mbito pedi\u00e1trico y nutricional, ha desplegado una amplia labor de investigaci\u00f3n cient\u00edfica publicando art\u00edculos trabajos en revistas y libros dentro y fuera del pa\u00eds.<\/p>\n<p style=\"text-align: justify;\">El especialista ha dedicado su vida a la superaci\u00f3n del subdesarrollo en nuestro pa\u00eds. Su primer objetivo, por los a\u00f1os 60, fue disminuir la mortalidad infantil, luchando contra la desnutrici\u00f3n y a trav\u00e9s de la salud primaria. Luego se empe\u00f1\u00f3 en lograr que m\u00e1s ni\u00f1os asistieran y permanecieran en la escuela. En este tiempo cre\u00f3: el Instituto de Nutrici\u00f3n y Tecnolog\u00eda de los Alimentos (INTA), y la Corporaci\u00f3n de la Nutrici\u00f3n Infantil (CONIN).<\/p>\n<div id=\"gallery-1\" class=\"carousel slide carousel-gallery\" data-ride=\"false\" data-interval=\"false\"><div class=\"carousel-inner\" role=\"listbox\"><figure class=\"carousel-item active\"><img loading=\"lazy\" decoding=\"async\" width=\"250\" height=\"152\" src=\"https:\/\/medicina.udd.cl\/nutricion-dietetica-santiago\/files\/2011\/11\/desarr12n.jpg\" class=\"attachment-landscape_952 size-landscape_952\" alt=\"\" \/><\/figure><figure class=\"carousel-item\"><img loading=\"lazy\" decoding=\"async\" width=\"801\" height=\"534\" src=\"https:\/\/medicina.udd.cl\/nutricion-dietetica-santiago\/files\/2011\/11\/IMG_9093.jpg\" class=\"attachment-landscape_952 size-landscape_952\" alt=\"\" srcset=\"https:\/\/medicina.udd.cl\/nutricion-dietetica-santiago\/files\/2011\/11\/IMG_9093.jpg 2592w, https:\/\/medicina.udd.cl\/nutricion-dietetica-santiago\/files\/2011\/11\/IMG_9093-300x200.jpg 300w, https:\/\/medicina.udd.cl\/nutricion-dietetica-santiago\/files\/2011\/11\/IMG_9093-768x512.jpg 768w, https:\/\/medicina.udd.cl\/nutricion-dietetica-santiago\/files\/2011\/11\/IMG_9093-1024x683.jpg 1024w, https:\/\/medicina.udd.cl\/nutricion-dietetica-santiago\/files\/2011\/11\/IMG_9093-960x640.jpg 960w\" sizes=\"auto, (max-width: 801px) 100vw, 801px\" \/><\/figure><figure class=\"carousel-item\"><img loading=\"lazy\" decoding=\"async\" width=\"801\" height=\"534\" src=\"https:\/\/medicina.udd.cl\/nutricion-dietetica-santiago\/files\/2011\/11\/IMG_9095.jpg\" class=\"attachment-landscape_952 size-landscape_952\" alt=\"\" srcset=\"https:\/\/medicina.udd.cl\/nutricion-dietetica-santiago\/files\/2011\/11\/IMG_9095.jpg 2592w, https:\/\/medicina.udd.cl\/nutricion-dietetica-santiago\/files\/2011\/11\/IMG_9095-300x200.jpg 300w, https:\/\/medicina.udd.cl\/nutricion-dietetica-santiago\/files\/2011\/11\/IMG_9095-768x512.jpg 768w, https:\/\/medicina.udd.cl\/nutricion-dietetica-santiago\/files\/2011\/11\/IMG_9095-1024x683.jpg 1024w, https:\/\/medicina.udd.cl\/nutricion-dietetica-santiago\/files\/2011\/11\/IMG_9095-960x640.jpg 960w\" sizes=\"auto, (max-width: 801px) 100vw, 801px\" \/><\/figure><figure class=\"carousel-item\"><img loading=\"lazy\" decoding=\"async\" width=\"801\" height=\"534\" src=\"https:\/\/medicina.udd.cl\/nutricion-dietetica-santiago\/files\/2011\/11\/IMG_9098.jpg\" class=\"attachment-landscape_952 size-landscape_952\" alt=\"\" srcset=\"https:\/\/medicina.udd.cl\/nutricion-dietetica-santiago\/files\/2011\/11\/IMG_9098.jpg 2592w, https:\/\/medicina.udd.cl\/nutricion-dietetica-santiago\/files\/2011\/11\/IMG_9098-300x200.jpg 300w, https:\/\/medicina.udd.cl\/nutricion-dietetica-santiago\/files\/2011\/11\/IMG_9098-768x512.jpg 768w, https:\/\/medicina.udd.cl\/nutricion-dietetica-santiago\/files\/2011\/11\/IMG_9098-1024x683.jpg 1024w, https:\/\/medicina.udd.cl\/nutricion-dietetica-santiago\/files\/2011\/11\/IMG_9098-960x640.jpg 960w\" sizes=\"auto, (max-width: 801px) 100vw, 801px\" \/><\/figure><\/div><footer class=\"carousel-footer\"><div class=\"carousel-counter\"><span class=\"carousel-counter-current\"><\/span> \/ <span class=\"carousel-counter-total\"><\/span><\/div><a class=\"carousel-control-prev\" href=\"#gallery-1\" role=\"button\" data-slide=\"prev\"><svg aria-hidden=\"true\" class=\"svg-chevron-left-dims\"><use xlink:href='https:\/\/medicina.udd.cl\/nutricion-dietetica-santiago\/wp-content\/themes\/facultades-2018\/assets\/img\/svg\/dist\/main.svg?version=1695853099#chevron-left'><\/use><\/svg><span class=\"sr-only\">Anterior<\/span><\/a><a class=\"carousel-control-next\" href=\"#gallery-1\" role=\"button\" data-slide=\"next\"><svg aria-hidden=\"true\" class=\"svg-chevron-right-dims\"><use xlink:href='https:\/\/medicina.udd.cl\/nutricion-dietetica-santiago\/wp-content\/themes\/facultades-2018\/assets\/img\/svg\/dist\/main.svg?version=1695853099#chevron-right'><\/use><\/svg><span class=\"sr-only\">Siguiente<\/span><\/a><\/footer><\/div>\n","protected":false},"excerpt":{"rendered":"<p>El destacado m\u00e9dico especialista en Nutrici\u00f3n convers\u00f3 de los desaf\u00edos que tendr\u00e1n que enfrentar los futuros profesionales.<\/p>\n","protected":false},"author":1,"featured_media":0,"comment_status":"open","ping_status":"open","sticky":false,"template":"","format":"standard","meta":{"footnotes":""},"categories":[4],"tags":[],"class_list":["post-414","post","type-post","status-publish","format-standard","hentry","category-noticias"],"yoast_head":"<!-- This site is optimized with the Yoast SEO plugin v26.9 - https:\/\/yoast.com\/product\/yoast-seo-wordpress\/ -->\n<title>Dr. Fernando Monckeberg dict\u00f3 conferencia a estudiantes - Nutrici\u00f3n y Diet\u00e9tica<\/title>\n<meta name=\"robots\" content=\"index, follow, max-snippet:-1, max-image-preview:large, max-video-preview:-1\" \/>\n<link rel=\"canonical\" href=\"https:\/\/medicina.udd.cl\/nutricion-dietetica-santiago\/noticias\/2011\/11\/11\/dr-fernando-monckeberg-dicto-conferencia-a-estudiantes\/\" \/>\n<meta property=\"og:locale\" content=\"es_ES\" \/>\n<meta property=\"og:type\" content=\"article\" \/>\n<meta property=\"og:title\" content=\"Dr. Fernando Monckeberg dict\u00f3 conferencia a estudiantes - Nutrici\u00f3n y Diet\u00e9tica\" \/>\n<meta property=\"og:description\" content=\"El destacado m\u00e9dico especialista en Nutrici\u00f3n convers\u00f3 de los desaf\u00edos que tendr\u00e1n que enfrentar los futuros profesionales.\" \/>\n<meta property=\"og:url\" content=\"https:\/\/medicina.udd.cl\/nutricion-dietetica-santiago\/noticias\/2011\/11\/11\/dr-fernando-monckeberg-dicto-conferencia-a-estudiantes\/\" \/>\n<meta property=\"og:site_name\" content=\"Nutrici\u00f3n y Diet\u00e9tica\" \/>\n<meta property=\"article:published_time\" content=\"2011-11-11T19:00:55+00:00\" \/>\n<meta property=\"article:modified_time\" content=\"2012-01-05T11:23:12+00:00\" \/>\n<meta property=\"og:image\" content=\"https:\/\/medicina.udd.cl\/nutricion-dietetica-santiago\/files\/2011\/11\/desarr12n.jpg\" \/>\n<meta name=\"author\" content=\"admin\" \/>\n<meta name=\"twitter:label1\" content=\"Escrito por\" \/>\n\t<meta name=\"twitter:data1\" content=\"admin\" \/>\n\t<meta name=\"twitter:label2\" content=\"Tiempo de lectura\" \/>\n\t<meta name=\"twitter:data2\" content=\"3 minutos\" \/>\n<script type=\"application\/ld+json\" class=\"yoast-schema-graph\">{\"@context\":\"https:\/\/schema.org\",\"@graph\":[{\"@type\":\"Article\",\"@id\":\"https:\/\/medicina.udd.cl\/nutricion-dietetica-santiago\/noticias\/2011\/11\/11\/dr-fernando-monckeberg-dicto-conferencia-a-estudiantes\/#article\",\"isPartOf\":{\"@id\":\"https:\/\/medicina.udd.cl\/nutricion-dietetica-santiago\/noticias\/2011\/11\/11\/dr-fernando-monckeberg-dicto-conferencia-a-estudiantes\/\"},\"author\":{\"name\":\"admin\",\"@id\":\"https:\/\/medicina.udd.cl\/nutricion-dietetica-santiago\/#\/schema\/person\/f7abfa784c86da427e89287831f96ab7\"},\"headline\":\"Dr. Fernando Monckeberg dict\u00f3 conferencia a estudiantes\",\"datePublished\":\"2011-11-11T19:00:55+00:00\",\"dateModified\":\"2012-01-05T11:23:12+00:00\",\"mainEntityOfPage\":{\"@id\":\"https:\/\/medicina.udd.cl\/nutricion-dietetica-santiago\/noticias\/2011\/11\/11\/dr-fernando-monckeberg-dicto-conferencia-a-estudiantes\/\"},\"wordCount\":548,\"commentCount\":0,\"articleSection\":[\"Noticias\"],\"inLanguage\":\"es\",\"potentialAction\":[{\"@type\":\"CommentAction\",\"name\":\"Comment\",\"target\":[\"https:\/\/medicina.udd.cl\/nutricion-dietetica-santiago\/noticias\/2011\/11\/11\/dr-fernando-monckeberg-dicto-conferencia-a-estudiantes\/#respond\"]}]},{\"@type\":\"WebPage\",\"@id\":\"https:\/\/medicina.udd.cl\/nutricion-dietetica-santiago\/noticias\/2011\/11\/11\/dr-fernando-monckeberg-dicto-conferencia-a-estudiantes\/\",\"url\":\"https:\/\/medicina.udd.cl\/nutricion-dietetica-santiago\/noticias\/2011\/11\/11\/dr-fernando-monckeberg-dicto-conferencia-a-estudiantes\/\",\"name\":\"Dr. Fernando Monckeberg dict\u00f3 conferencia a estudiantes - Nutrici\u00f3n y Diet\u00e9tica\",\"isPartOf\":{\"@id\":\"https:\/\/medicina.udd.cl\/nutricion-dietetica-santiago\/#website\"},\"datePublished\":\"2011-11-11T19:00:55+00:00\",\"dateModified\":\"2012-01-05T11:23:12+00:00\",\"author\":{\"@id\":\"https:\/\/medicina.udd.cl\/nutricion-dietetica-santiago\/#\/schema\/person\/f7abfa784c86da427e89287831f96ab7\"},\"breadcrumb\":{\"@id\":\"https:\/\/medicina.udd.cl\/nutricion-dietetica-santiago\/noticias\/2011\/11\/11\/dr-fernando-monckeberg-dicto-conferencia-a-estudiantes\/#breadcrumb\"},\"inLanguage\":\"es\",\"potentialAction\":[{\"@type\":\"ReadAction\",\"target\":[\"https:\/\/medicina.udd.cl\/nutricion-dietetica-santiago\/noticias\/2011\/11\/11\/dr-fernando-monckeberg-dicto-conferencia-a-estudiantes\/\"]}]},{\"@type\":\"BreadcrumbList\",\"@id\":\"https:\/\/medicina.udd.cl\/nutricion-dietetica-santiago\/noticias\/2011\/11\/11\/dr-fernando-monckeberg-dicto-conferencia-a-estudiantes\/#breadcrumb\",\"itemListElement\":[{\"@type\":\"ListItem\",\"position\":1,\"name\":\"Home\",\"item\":\"https:\/\/medicina.udd.cl\/nutricion-dietetica-santiago\/\"},{\"@type\":\"ListItem\",\"position\":2,\"name\":\"Dr. Fernando Monckeberg dict\u00f3 conferencia a estudiantes\"}]},{\"@type\":\"WebSite\",\"@id\":\"https:\/\/medicina.udd.cl\/nutricion-dietetica-santiago\/#website\",\"url\":\"https:\/\/medicina.udd.cl\/nutricion-dietetica-santiago\/\",\"name\":\"Nutrici\u00f3n y Diet\u00e9tica\",\"description\":\"Facultad de Medicina C\u00ednica Alemana Universidad del Desarrollo\",\"inLanguage\":\"es\"},{\"@type\":\"Person\",\"@id\":\"https:\/\/medicina.udd.cl\/nutricion-dietetica-santiago\/#\/schema\/person\/f7abfa784c86da427e89287831f96ab7\",\"name\":\"admin\",\"image\":{\"@type\":\"ImageObject\",\"inLanguage\":\"es\",\"@id\":\"https:\/\/medicina.udd.cl\/nutricion-dietetica-santiago\/#\/schema\/person\/image\/\",\"url\":\"https:\/\/secure.gravatar.com\/avatar\/3cb6da298954dfb54457c0910b8c9ca010abd8d87a60f7d701b6ce4254e1c642?s=96&d=mm&r=g\",\"contentUrl\":\"https:\/\/secure.gravatar.com\/avatar\/3cb6da298954dfb54457c0910b8c9ca010abd8d87a60f7d701b6ce4254e1c642?s=96&d=mm&r=g\",\"caption\":\"admin\"},\"url\":\"https:\/\/medicina.udd.cl\/nutricion-dietetica-santiago\/noticias\/author\/admin\/\"}]}<\/script>\n<!-- \/ Yoast SEO plugin. -->","yoast_head_json":{"title":"Dr. Fernando Monckeberg dict\u00f3 conferencia a estudiantes - Nutrici\u00f3n y Diet\u00e9tica","robots":{"index":"index","follow":"follow","max-snippet":"max-snippet:-1","max-image-preview":"max-image-preview:large","max-video-preview":"max-video-preview:-1"},"canonical":"https:\/\/medicina.udd.cl\/nutricion-dietetica-santiago\/noticias\/2011\/11\/11\/dr-fernando-monckeberg-dicto-conferencia-a-estudiantes\/","og_locale":"es_ES","og_type":"article","og_title":"Dr. Fernando Monckeberg dict\u00f3 conferencia a estudiantes - Nutrici\u00f3n y Diet\u00e9tica","og_description":"El destacado m\u00e9dico especialista en Nutrici\u00f3n convers\u00f3 de los desaf\u00edos que tendr\u00e1n que enfrentar los futuros profesionales.","og_url":"https:\/\/medicina.udd.cl\/nutricion-dietetica-santiago\/noticias\/2011\/11\/11\/dr-fernando-monckeberg-dicto-conferencia-a-estudiantes\/","og_site_name":"Nutrici\u00f3n y Diet\u00e9tica","article_published_time":"2011-11-11T19:00:55+00:00","article_modified_time":"2012-01-05T11:23:12+00:00","og_image":[{"url":"https:\/\/medicina.udd.cl\/nutricion-dietetica-santiago\/files\/2011\/11\/desarr12n.jpg","type":"","width":"","height":""}],"author":"admin","twitter_misc":{"Escrito por":"admin","Tiempo de lectura":"3 minutos"},"schema":{"@context":"https:\/\/schema.org","@graph":[{"@type":"Article","@id":"https:\/\/medicina.udd.cl\/nutricion-dietetica-santiago\/noticias\/2011\/11\/11\/dr-fernando-monckeberg-dicto-conferencia-a-estudiantes\/#article","isPartOf":{"@id":"https:\/\/medicina.udd.cl\/nutricion-dietetica-santiago\/noticias\/2011\/11\/11\/dr-fernando-monckeberg-dicto-conferencia-a-estudiantes\/"},"author":{"name":"admin","@id":"https:\/\/medicina.udd.cl\/nutricion-dietetica-santiago\/#\/schema\/person\/f7abfa784c86da427e89287831f96ab7"},"headline":"Dr. Fernando Monckeberg dict\u00f3 conferencia a estudiantes","datePublished":"2011-11-11T19:00:55+00:00","dateModified":"2012-01-05T11:23:12+00:00","mainEntityOfPage":{"@id":"https:\/\/medicina.udd.cl\/nutricion-dietetica-santiago\/noticias\/2011\/11\/11\/dr-fernando-monckeberg-dicto-conferencia-a-estudiantes\/"},"wordCount":548,"commentCount":0,"articleSection":["Noticias"],"inLanguage":"es","potentialAction":[{"@type":"CommentAction","name":"Comment","target":["https:\/\/medicina.udd.cl\/nutricion-dietetica-santiago\/noticias\/2011\/11\/11\/dr-fernando-monckeberg-dicto-conferencia-a-estudiantes\/#respond"]}]},{"@type":"WebPage","@id":"https:\/\/medicina.udd.cl\/nutricion-dietetica-santiago\/noticias\/2011\/11\/11\/dr-fernando-monckeberg-dicto-conferencia-a-estudiantes\/","url":"https:\/\/medicina.udd.cl\/nutricion-dietetica-santiago\/noticias\/2011\/11\/11\/dr-fernando-monckeberg-dicto-conferencia-a-estudiantes\/","name":"Dr. Fernando Monckeberg dict\u00f3 conferencia a estudiantes - Nutrici\u00f3n y Diet\u00e9tica","isPartOf":{"@id":"https:\/\/medicina.udd.cl\/nutricion-dietetica-santiago\/#website"},"datePublished":"2011-11-11T19:00:55+00:00","dateModified":"2012-01-05T11:23:12+00:00","author":{"@id":"https:\/\/medicina.udd.cl\/nutricion-dietetica-santiago\/#\/schema\/person\/f7abfa784c86da427e89287831f96ab7"},"breadcrumb":{"@id":"https:\/\/medicina.udd.cl\/nutricion-dietetica-santiago\/noticias\/2011\/11\/11\/dr-fernando-monckeberg-dicto-conferencia-a-estudiantes\/#breadcrumb"},"inLanguage":"es","potentialAction":[{"@type":"ReadAction","target":["https:\/\/medicina.udd.cl\/nutricion-dietetica-santiago\/noticias\/2011\/11\/11\/dr-fernando-monckeberg-dicto-conferencia-a-estudiantes\/"]}]},{"@type":"BreadcrumbList","@id":"https:\/\/medicina.udd.cl\/nutricion-dietetica-santiago\/noticias\/2011\/11\/11\/dr-fernando-monckeberg-dicto-conferencia-a-estudiantes\/#breadcrumb","itemListElement":[{"@type":"ListItem","position":1,"name":"Home","item":"https:\/\/medicina.udd.cl\/nutricion-dietetica-santiago\/"},{"@type":"ListItem","position":2,"name":"Dr. Fernando Monckeberg dict\u00f3 conferencia a estudiantes"}]},{"@type":"WebSite","@id":"https:\/\/medicina.udd.cl\/nutricion-dietetica-santiago\/#website","url":"https:\/\/medicina.udd.cl\/nutricion-dietetica-santiago\/","name":"Nutrici\u00f3n y Diet\u00e9tica","description":"Facultad de Medicina C\u00ednica Alemana Universidad del Desarrollo","inLanguage":"es"},{"@type":"Person","@id":"https:\/\/medicina.udd.cl\/nutricion-dietetica-santiago\/#\/schema\/person\/f7abfa784c86da427e89287831f96ab7","name":"admin","image":{"@type":"ImageObject","inLanguage":"es","@id":"https:\/\/medicina.udd.cl\/nutricion-dietetica-santiago\/#\/schema\/person\/image\/","url":"https:\/\/secure.gravatar.com\/avatar\/3cb6da298954dfb54457c0910b8c9ca010abd8d87a60f7d701b6ce4254e1c642?s=96&d=mm&r=g","contentUrl":"https:\/\/secure.gravatar.com\/avatar\/3cb6da298954dfb54457c0910b8c9ca010abd8d87a60f7d701b6ce4254e1c642?s=96&d=mm&r=g","caption":"admin"},"url":"https:\/\/medicina.udd.cl\/nutricion-dietetica-santiago\/noticias\/author\/admin\/"}]}},"featured_image_url":null,"_links":{"self":[{"href":"https:\/\/medicina.udd.cl\/nutricion-dietetica-santiago\/wp-json\/wp\/v2\/posts\/414","targetHints":{"allow":["GET"]}}],"collection":[{"href":"https:\/\/medicina.udd.cl\/nutricion-dietetica-santiago\/wp-json\/wp\/v2\/posts"}],"about":[{"href":"https:\/\/medicina.udd.cl\/nutricion-dietetica-santiago\/wp-json\/wp\/v2\/types\/post"}],"author":[{"embeddable":true,"href":"https:\/\/medicina.udd.cl\/nutricion-dietetica-santiago\/wp-json\/wp\/v2\/users\/1"}],"replies":[{"embeddable":true,"href":"https:\/\/medicina.udd.cl\/nutricion-dietetica-santiago\/wp-json\/wp\/v2\/comments?post=414"}],"version-history":[{"count":12,"href":"https:\/\/medicina.udd.cl\/nutricion-dietetica-santiago\/wp-json\/wp\/v2\/posts\/414\/revisions"}],"predecessor-version":[{"id":555,"href":"https:\/\/medicina.udd.cl\/nutricion-dietetica-santiago\/wp-json\/wp\/v2\/posts\/414\/revisions\/555"}],"wp:attachment":[{"href":"https:\/\/medicina.udd.cl\/nutricion-dietetica-santiago\/wp-json\/wp\/v2\/media?parent=414"}],"wp:term":[{"taxonomy":"category","embeddable":true,"href":"https:\/\/medicina.udd.cl\/nutricion-dietetica-santiago\/wp-json\/wp\/v2\/categories?post=414"},{"taxonomy":"post_tag","embeddable":true,"href":"https:\/\/medicina.udd.cl\/nutricion-dietetica-santiago\/wp-json\/wp\/v2\/tags?post=414"}],"curies":[{"name":"wp","href":"https:\/\/api.w.org\/{rel}","templated":true}]}}