{"id":4878,"date":"2019-03-01T11:23:31","date_gmt":"2019-03-01T14:23:31","guid":{"rendered":"http:\/\/medicina.udd.cl\/nutricion-dietetica-santiago\/?p=4878"},"modified":"2019-03-01T15:58:38","modified_gmt":"2019-03-01T18:58:38","slug":"docentes-de-nutricion-udd-se-adjudican-fondef","status":"publish","type":"post","link":"https:\/\/medicina.udd.cl\/nutricion-dietetica-santiago\/noticias\/2019\/03\/01\/docentes-de-nutricion-udd-se-adjudican-fondef\/","title":{"rendered":"Docentes de Nutrici\u00f3n UDD Se adjudican FONDEF"},"content":{"rendered":"<p><a href=\"\/\/medicina.udd.cl\/nutricion-dietetica-santiago\/files\/2019\/03\/ni\u00f1os-manzanas.png\"><img loading=\"lazy\" decoding=\"async\" class=\"size-medium wp-image-4904 aligncenter\" src=\"\/\/medicina.udd.cl\/nutricion-dietetica-santiago\/files\/2019\/03\/ni\u00f1os-manzanas-300x225.png\" alt=\"\" width=\"300\" height=\"225\" srcset=\"https:\/\/medicina.udd.cl\/nutricion-dietetica-santiago\/files\/2019\/03\/ni\u00f1os-manzanas-300x225.png 300w, https:\/\/medicina.udd.cl\/nutricion-dietetica-santiago\/files\/2019\/03\/ni\u00f1os-manzanas.png 457w\" sizes=\"auto, (max-width: 300px) 100vw, 300px\" \/><\/a><\/p>\n<p>El proyecto \u00abDesarrollo, escalamiento y validaci\u00f3n de un sistema integrado de intervenciones en escolares en alimentaci\u00f3n, actividad f\u00edsica y entorno comunitario en ciudad sur\u00bb de la Facultad de Medicina Cl\u00ednica Alemana Universidad del Desarrollo, en conjunto con la Universidad de Santiago (USACH), fue una de las 17 iniciativas que se adjudicaron fondos de CONICYT, a trav\u00e9s de su s\u00e9ptima edici\u00f3n del Concurso de Investigaci\u00f3n Tecnol\u00f3gica 2018 programa IDeA del FONDEF.<\/p>\n<p>El plan de trabajo, considerado uno de los m\u00e1s atractivos y con mayor impacto social, es liderado por el Dr. Tito Pizarro Vice-Decano de la Universidad de Santiago y la Directora de la carrera de Nutrici\u00f3n de la UDD, en conjunto con su equipo de trabajo, las acad\u00e9micas Anna Christina Pinheiro y Daiana Quintiliano y otros profesionales de la USACH, el cual consiste en incluir a personas de diferentes comunas en la ayuda e implementaci\u00f3n de din\u00e1micas que fomenten el desarrollo de entornos m\u00e1s saludables en el ambiente escolar.<\/p>\n<p>\u00abIntervenciones en escolares, que incluyen el componente de alimentaci\u00f3n y actividad f\u00edsica han existido muchos, pero los resultados no han sido alentadores, ya que, al t\u00e9rmino de la intervenci\u00f3n, \u00e9stos no permanecen. Nuestra propuesta considera articular e incorporar la participaci\u00f3n ciudadana en el modelo de intervenci\u00f3n que considera los componentes de alimentaci\u00f3n y actividad f\u00edsica, adem\u00e1s de un fuerte componente tecnol\u00f3gico y la incorporaci\u00f3n de medidas estructurales, fomentando la instalaci\u00f3n de h\u00e1bitos saludables en la comunidad escolar\u00bb, se\u00f1al\u00f3 Pinheiro.<\/p>\n<figure id=\"attachment_4903\" aria-describedby=\"caption-attachment-4903\" style=\"width: 300px\" class=\"wp-caption aligncenter\"><a href=\"\/\/medicina.udd.cl\/nutricion-dietetica-santiago\/files\/2019\/03\/ni\u00f1os-escuela-1.jpg\"><img loading=\"lazy\" decoding=\"async\" class=\"wp-image-4903 size-medium\" src=\"\/\/medicina.udd.cl\/nutricion-dietetica-santiago\/files\/2019\/03\/ni\u00f1os-escuela-1-300x199.jpg\" alt=\"\" width=\"300\" height=\"199\" srcset=\"https:\/\/medicina.udd.cl\/nutricion-dietetica-santiago\/files\/2019\/03\/ni\u00f1os-escuela-1-300x199.jpg 300w, https:\/\/medicina.udd.cl\/nutricion-dietetica-santiago\/files\/2019\/03\/ni\u00f1os-escuela-1-768x509.jpg 768w, https:\/\/medicina.udd.cl\/nutricion-dietetica-santiago\/files\/2019\/03\/ni\u00f1os-escuela-1-1024x678.jpg 1024w, https:\/\/medicina.udd.cl\/nutricion-dietetica-santiago\/files\/2019\/03\/ni\u00f1os-escuela-1-960x636.jpg 960w\" sizes=\"auto, (max-width: 300px) 100vw, 300px\" \/><\/a><figcaption id=\"caption-attachment-4903\" class=\"wp-caption-text\">Escolares disfrutando momento de recreaci\u00f3n<\/figcaption><\/figure>\n<p>En este contexto, ser\u00e1n seis las comunas que se ver\u00e1n beneficiadas con este proyecto, las cuales pertenecen a la Asociaci\u00f3n de Municipios Ciudad Sur \u2013 \u201cCiudad Sur\u201d, en la zona sur de la Regi\u00f3n Metropolitana de Santiago, entre \u00e9stas se encuentran Lo Espejo, El Bosque, Pedro Aguirre Cerda, La Granja, San Ram\u00f3n y San Joaqu\u00edn, cubriendo un territorio de aproximadamente 635.000 habitantes.<\/p>\n<p>\u201cNos sentimos muy orgullosos de este logro que sin duda nos posiciona dentro del \u00e1rea de investigaci\u00f3n en nutrici\u00f3n y salud y nos permite reforzar el sello de responsabilidad p\u00fablica e innovaci\u00f3n de la instituci\u00f3n, as\u00ed como revivir y reformular el Programa Vive Sano, que durante 10 a\u00f1os realizamos en escuelas de alta vulnerabilidad en 7 comunas de Chile, con 5870 alumnos intervenidos\u201d, destac\u00f3, Rinat Ratner.<\/p>\n<p>El objetivo de IDeA, Investigaci\u00f3n y Desarrollo en Acci\u00f3n, es apoyar financieramente la ejecuci\u00f3n de proyectos de investigaci\u00f3n, logrando as\u00ed, fortalecer la base cient\u00edfica y tecnol\u00f3gica e impulsar la formaci\u00f3n de capital humano avanzado; promoviendo una cultura cient\u00edfica y tecnol\u00f3gica en la poblaci\u00f3n, orientados preferentemente al desarrollo econ\u00f3mico y social del pa\u00eds.<\/p>\n","protected":false},"excerpt":{"rendered":"<p>El proyecto \u00abDesarrollo, escalamiento y validaci\u00f3n de un sistema integrado de intervenciones en escolares en alimentaci\u00f3n, actividad f\u00edsica y entorno comunitario en ciudad sur\u00bb de la Facultad de Medicina Cl\u00ednica Alemana Universidad del Desarrollo, en conjunto con la Universidad de Santiago (USACH), fue una de las 17 iniciativas que se adjudicaron fondos de CONICYT, a [&hellip;]<\/p>\n","protected":false},"author":9192218,"featured_media":4879,"comment_status":"open","ping_status":"open","sticky":false,"template":"","format":"standard","meta":{"footnotes":""},"categories":[4,1],"tags":[],"class_list":["post-4878","post","type-post","status-publish","format-standard","has-post-thumbnail","hentry","category-noticias","category-sin-categoria"],"yoast_head":"<!-- This site is optimized with the Yoast SEO plugin v26.9 - https:\/\/yoast.com\/product\/yoast-seo-wordpress\/ -->\n<title>Docentes de Nutrici\u00f3n UDD Se adjudican FONDEF - Nutrici\u00f3n y Diet\u00e9tica<\/title>\n<meta name=\"robots\" content=\"index, follow, max-snippet:-1, max-image-preview:large, max-video-preview:-1\" \/>\n<link rel=\"canonical\" href=\"https:\/\/medicina.udd.cl\/nutricion-dietetica-santiago\/noticias\/2019\/03\/01\/docentes-de-nutricion-udd-se-adjudican-fondef\/\" \/>\n<meta property=\"og:locale\" content=\"es_ES\" \/>\n<meta property=\"og:type\" content=\"article\" \/>\n<meta property=\"og:title\" content=\"Docentes de Nutrici\u00f3n UDD Se adjudican FONDEF - Nutrici\u00f3n y Diet\u00e9tica\" \/>\n<meta property=\"og:description\" content=\"El proyecto \u00abDesarrollo, escalamiento y validaci\u00f3n de un sistema integrado de intervenciones en escolares en alimentaci\u00f3n, actividad f\u00edsica y entorno comunitario en ciudad sur\u00bb de la Facultad de Medicina Cl\u00ednica Alemana Universidad del Desarrollo, en conjunto con la Universidad de Santiago (USACH), fue una de las 17 iniciativas que se adjudicaron fondos de CONICYT, a [&hellip;]\" \/>\n<meta property=\"og:url\" content=\"https:\/\/medicina.udd.cl\/nutricion-dietetica-santiago\/noticias\/2019\/03\/01\/docentes-de-nutricion-udd-se-adjudican-fondef\/\" \/>\n<meta property=\"og:site_name\" content=\"Nutrici\u00f3n y Diet\u00e9tica\" \/>\n<meta property=\"article:published_time\" content=\"2019-03-01T14:23:31+00:00\" \/>\n<meta property=\"article:modified_time\" content=\"2019-03-01T18:58:38+00:00\" \/>\n<meta property=\"og:image\" content=\"https:\/\/medicina.udd.cl\/nutricion-dietetica-santiago\/files\/2019\/03\/ni\u00f1os-escuela-1024x678.jpg\" \/>\n\t<meta property=\"og:image:width\" content=\"1024\" \/>\n\t<meta property=\"og:image:height\" content=\"678\" \/>\n\t<meta property=\"og:image:type\" content=\"image\/jpeg\" \/>\n<meta name=\"twitter:label1\" content=\"Escrito por\" \/>\n\t<meta name=\"twitter:data1\" content=\"\" \/>\n\t<meta name=\"twitter:label2\" content=\"Tiempo de lectura\" \/>\n\t<meta name=\"twitter:data2\" content=\"2 minutos\" \/>\n<script type=\"application\/ld+json\" class=\"yoast-schema-graph\">{\"@context\":\"https:\/\/schema.org\",\"@graph\":[{\"@type\":\"Article\",\"@id\":\"https:\/\/medicina.udd.cl\/nutricion-dietetica-santiago\/noticias\/2019\/03\/01\/docentes-de-nutricion-udd-se-adjudican-fondef\/#article\",\"isPartOf\":{\"@id\":\"https:\/\/medicina.udd.cl\/nutricion-dietetica-santiago\/noticias\/2019\/03\/01\/docentes-de-nutricion-udd-se-adjudican-fondef\/\"},\"author\":{\"name\":\"\",\"@id\":\"\"},\"headline\":\"Docentes de Nutrici\u00f3n UDD Se adjudican FONDEF\",\"datePublished\":\"2019-03-01T14:23:31+00:00\",\"dateModified\":\"2019-03-01T18:58:38+00:00\",\"mainEntityOfPage\":{\"@id\":\"https:\/\/medicina.udd.cl\/nutricion-dietetica-santiago\/noticias\/2019\/03\/01\/docentes-de-nutricion-udd-se-adjudican-fondef\/\"},\"wordCount\":485,\"commentCount\":0,\"image\":{\"@id\":\"https:\/\/medicina.udd.cl\/nutricion-dietetica-santiago\/noticias\/2019\/03\/01\/docentes-de-nutricion-udd-se-adjudican-fondef\/#primaryimage\"},\"thumbnailUrl\":\"https:\/\/medicina.udd.cl\/nutricion-dietetica-santiago\/files\/2019\/03\/ni\u00f1os-escuela.jpg\",\"articleSection\":[\"Noticias\"],\"inLanguage\":\"es\",\"potentialAction\":[{\"@type\":\"CommentAction\",\"name\":\"Comment\",\"target\":[\"https:\/\/medicina.udd.cl\/nutricion-dietetica-santiago\/noticias\/2019\/03\/01\/docentes-de-nutricion-udd-se-adjudican-fondef\/#respond\"]}]},{\"@type\":\"WebPage\",\"@id\":\"https:\/\/medicina.udd.cl\/nutricion-dietetica-santiago\/noticias\/2019\/03\/01\/docentes-de-nutricion-udd-se-adjudican-fondef\/\",\"url\":\"https:\/\/medicina.udd.cl\/nutricion-dietetica-santiago\/noticias\/2019\/03\/01\/docentes-de-nutricion-udd-se-adjudican-fondef\/\",\"name\":\"Docentes de Nutrici\u00f3n UDD Se adjudican FONDEF - Nutrici\u00f3n y Diet\u00e9tica\",\"isPartOf\":{\"@id\":\"https:\/\/medicina.udd.cl\/nutricion-dietetica-santiago\/#website\"},\"primaryImageOfPage\":{\"@id\":\"https:\/\/medicina.udd.cl\/nutricion-dietetica-santiago\/noticias\/2019\/03\/01\/docentes-de-nutricion-udd-se-adjudican-fondef\/#primaryimage\"},\"image\":{\"@id\":\"https:\/\/medicina.udd.cl\/nutricion-dietetica-santiago\/noticias\/2019\/03\/01\/docentes-de-nutricion-udd-se-adjudican-fondef\/#primaryimage\"},\"thumbnailUrl\":\"https:\/\/medicina.udd.cl\/nutricion-dietetica-santiago\/files\/2019\/03\/ni\u00f1os-escuela.jpg\",\"datePublished\":\"2019-03-01T14:23:31+00:00\",\"dateModified\":\"2019-03-01T18:58:38+00:00\",\"author\":{\"@id\":\"\"},\"breadcrumb\":{\"@id\":\"https:\/\/medicina.udd.cl\/nutricion-dietetica-santiago\/noticias\/2019\/03\/01\/docentes-de-nutricion-udd-se-adjudican-fondef\/#breadcrumb\"},\"inLanguage\":\"es\",\"potentialAction\":[{\"@type\":\"ReadAction\",\"target\":[\"https:\/\/medicina.udd.cl\/nutricion-dietetica-santiago\/noticias\/2019\/03\/01\/docentes-de-nutricion-udd-se-adjudican-fondef\/\"]}]},{\"@type\":\"ImageObject\",\"inLanguage\":\"es\",\"@id\":\"https:\/\/medicina.udd.cl\/nutricion-dietetica-santiago\/noticias\/2019\/03\/01\/docentes-de-nutricion-udd-se-adjudican-fondef\/#primaryimage\",\"url\":\"https:\/\/medicina.udd.cl\/nutricion-dietetica-santiago\/files\/2019\/03\/ni\u00f1os-escuela.jpg\",\"contentUrl\":\"https:\/\/medicina.udd.cl\/nutricion-dietetica-santiago\/files\/2019\/03\/ni\u00f1os-escuela.jpg\",\"width\":4928,\"height\":3264},{\"@type\":\"BreadcrumbList\",\"@id\":\"https:\/\/medicina.udd.cl\/nutricion-dietetica-santiago\/noticias\/2019\/03\/01\/docentes-de-nutricion-udd-se-adjudican-fondef\/#breadcrumb\",\"itemListElement\":[{\"@type\":\"ListItem\",\"position\":1,\"name\":\"Home\",\"item\":\"https:\/\/medicina.udd.cl\/nutricion-dietetica-santiago\/\"},{\"@type\":\"ListItem\",\"position\":2,\"name\":\"Docentes de Nutrici\u00f3n UDD Se adjudican FONDEF\"}]},{\"@type\":\"WebSite\",\"@id\":\"https:\/\/medicina.udd.cl\/nutricion-dietetica-santiago\/#website\",\"url\":\"https:\/\/medicina.udd.cl\/nutricion-dietetica-santiago\/\",\"name\":\"Nutrici\u00f3n y Diet\u00e9tica\",\"description\":\"Facultad de Medicina C\u00ednica Alemana Universidad del Desarrollo\",\"inLanguage\":\"es\"},{\"@type\":\"Person\",\"@id\":\"\",\"url\":\"https:\/\/medicina.udd.cl\/nutricion-dietetica-santiago\/noticias\/author\/\"}]}<\/script>\n<!-- \/ Yoast SEO plugin. -->","yoast_head_json":{"title":"Docentes de Nutrici\u00f3n UDD Se adjudican FONDEF - Nutrici\u00f3n y Diet\u00e9tica","robots":{"index":"index","follow":"follow","max-snippet":"max-snippet:-1","max-image-preview":"max-image-preview:large","max-video-preview":"max-video-preview:-1"},"canonical":"https:\/\/medicina.udd.cl\/nutricion-dietetica-santiago\/noticias\/2019\/03\/01\/docentes-de-nutricion-udd-se-adjudican-fondef\/","og_locale":"es_ES","og_type":"article","og_title":"Docentes de Nutrici\u00f3n UDD Se adjudican FONDEF - Nutrici\u00f3n y Diet\u00e9tica","og_description":"El proyecto \u00abDesarrollo, escalamiento y validaci\u00f3n de un sistema integrado de intervenciones en escolares en alimentaci\u00f3n, actividad f\u00edsica y entorno comunitario en ciudad sur\u00bb de la Facultad de Medicina Cl\u00ednica Alemana Universidad del Desarrollo, en conjunto con la Universidad de Santiago (USACH), fue una de las 17 iniciativas que se adjudicaron fondos de CONICYT, a [&hellip;]","og_url":"https:\/\/medicina.udd.cl\/nutricion-dietetica-santiago\/noticias\/2019\/03\/01\/docentes-de-nutricion-udd-se-adjudican-fondef\/","og_site_name":"Nutrici\u00f3n y Diet\u00e9tica","article_published_time":"2019-03-01T14:23:31+00:00","article_modified_time":"2019-03-01T18:58:38+00:00","og_image":[{"width":1024,"height":678,"url":"https:\/\/medicina.udd.cl\/nutricion-dietetica-santiago\/files\/2019\/03\/ni\u00f1os-escuela-1024x678.jpg","type":"image\/jpeg"}],"twitter_misc":{"Escrito por":"","Tiempo de lectura":"2 minutos"},"schema":{"@context":"https:\/\/schema.org","@graph":[{"@type":"Article","@id":"https:\/\/medicina.udd.cl\/nutricion-dietetica-santiago\/noticias\/2019\/03\/01\/docentes-de-nutricion-udd-se-adjudican-fondef\/#article","isPartOf":{"@id":"https:\/\/medicina.udd.cl\/nutricion-dietetica-santiago\/noticias\/2019\/03\/01\/docentes-de-nutricion-udd-se-adjudican-fondef\/"},"author":{"name":"","@id":""},"headline":"Docentes de Nutrici\u00f3n UDD Se adjudican FONDEF","datePublished":"2019-03-01T14:23:31+00:00","dateModified":"2019-03-01T18:58:38+00:00","mainEntityOfPage":{"@id":"https:\/\/medicina.udd.cl\/nutricion-dietetica-santiago\/noticias\/2019\/03\/01\/docentes-de-nutricion-udd-se-adjudican-fondef\/"},"wordCount":485,"commentCount":0,"image":{"@id":"https:\/\/medicina.udd.cl\/nutricion-dietetica-santiago\/noticias\/2019\/03\/01\/docentes-de-nutricion-udd-se-adjudican-fondef\/#primaryimage"},"thumbnailUrl":"https:\/\/medicina.udd.cl\/nutricion-dietetica-santiago\/files\/2019\/03\/ni\u00f1os-escuela.jpg","articleSection":["Noticias"],"inLanguage":"es","potentialAction":[{"@type":"CommentAction","name":"Comment","target":["https:\/\/medicina.udd.cl\/nutricion-dietetica-santiago\/noticias\/2019\/03\/01\/docentes-de-nutricion-udd-se-adjudican-fondef\/#respond"]}]},{"@type":"WebPage","@id":"https:\/\/medicina.udd.cl\/nutricion-dietetica-santiago\/noticias\/2019\/03\/01\/docentes-de-nutricion-udd-se-adjudican-fondef\/","url":"https:\/\/medicina.udd.cl\/nutricion-dietetica-santiago\/noticias\/2019\/03\/01\/docentes-de-nutricion-udd-se-adjudican-fondef\/","name":"Docentes de Nutrici\u00f3n UDD Se adjudican FONDEF - Nutrici\u00f3n y Diet\u00e9tica","isPartOf":{"@id":"https:\/\/medicina.udd.cl\/nutricion-dietetica-santiago\/#website"},"primaryImageOfPage":{"@id":"https:\/\/medicina.udd.cl\/nutricion-dietetica-santiago\/noticias\/2019\/03\/01\/docentes-de-nutricion-udd-se-adjudican-fondef\/#primaryimage"},"image":{"@id":"https:\/\/medicina.udd.cl\/nutricion-dietetica-santiago\/noticias\/2019\/03\/01\/docentes-de-nutricion-udd-se-adjudican-fondef\/#primaryimage"},"thumbnailUrl":"https:\/\/medicina.udd.cl\/nutricion-dietetica-santiago\/files\/2019\/03\/ni\u00f1os-escuela.jpg","datePublished":"2019-03-01T14:23:31+00:00","dateModified":"2019-03-01T18:58:38+00:00","author":{"@id":""},"breadcrumb":{"@id":"https:\/\/medicina.udd.cl\/nutricion-dietetica-santiago\/noticias\/2019\/03\/01\/docentes-de-nutricion-udd-se-adjudican-fondef\/#breadcrumb"},"inLanguage":"es","potentialAction":[{"@type":"ReadAction","target":["https:\/\/medicina.udd.cl\/nutricion-dietetica-santiago\/noticias\/2019\/03\/01\/docentes-de-nutricion-udd-se-adjudican-fondef\/"]}]},{"@type":"ImageObject","inLanguage":"es","@id":"https:\/\/medicina.udd.cl\/nutricion-dietetica-santiago\/noticias\/2019\/03\/01\/docentes-de-nutricion-udd-se-adjudican-fondef\/#primaryimage","url":"https:\/\/medicina.udd.cl\/nutricion-dietetica-santiago\/files\/2019\/03\/ni\u00f1os-escuela.jpg","contentUrl":"https:\/\/medicina.udd.cl\/nutricion-dietetica-santiago\/files\/2019\/03\/ni\u00f1os-escuela.jpg","width":4928,"height":3264},{"@type":"BreadcrumbList","@id":"https:\/\/medicina.udd.cl\/nutricion-dietetica-santiago\/noticias\/2019\/03\/01\/docentes-de-nutricion-udd-se-adjudican-fondef\/#breadcrumb","itemListElement":[{"@type":"ListItem","position":1,"name":"Home","item":"https:\/\/medicina.udd.cl\/nutricion-dietetica-santiago\/"},{"@type":"ListItem","position":2,"name":"Docentes de Nutrici\u00f3n UDD Se adjudican FONDEF"}]},{"@type":"WebSite","@id":"https:\/\/medicina.udd.cl\/nutricion-dietetica-santiago\/#website","url":"https:\/\/medicina.udd.cl\/nutricion-dietetica-santiago\/","name":"Nutrici\u00f3n y Diet\u00e9tica","description":"Facultad de Medicina C\u00ednica Alemana Universidad del Desarrollo","inLanguage":"es"},{"@type":"Person","@id":"","url":"https:\/\/medicina.udd.cl\/nutricion-dietetica-santiago\/noticias\/author\/"}]}},"featured_image_url":"https:\/\/medicina.udd.cl\/nutricion-dietetica-santiago\/files\/2019\/03\/ni\u00f1os-escuela.jpg","_links":{"self":[{"href":"https:\/\/medicina.udd.cl\/nutricion-dietetica-santiago\/wp-json\/wp\/v2\/posts\/4878","targetHints":{"allow":["GET"]}}],"collection":[{"href":"https:\/\/medicina.udd.cl\/nutricion-dietetica-santiago\/wp-json\/wp\/v2\/posts"}],"about":[{"href":"https:\/\/medicina.udd.cl\/nutricion-dietetica-santiago\/wp-json\/wp\/v2\/types\/post"}],"author":[{"embeddable":true,"href":"https:\/\/medicina.udd.cl\/nutricion-dietetica-santiago\/wp-json\/wp\/v2\/users\/9192218"}],"replies":[{"embeddable":true,"href":"https:\/\/medicina.udd.cl\/nutricion-dietetica-santiago\/wp-json\/wp\/v2\/comments?post=4878"}],"version-history":[{"count":3,"href":"https:\/\/medicina.udd.cl\/nutricion-dietetica-santiago\/wp-json\/wp\/v2\/posts\/4878\/revisions"}],"predecessor-version":[{"id":4906,"href":"https:\/\/medicina.udd.cl\/nutricion-dietetica-santiago\/wp-json\/wp\/v2\/posts\/4878\/revisions\/4906"}],"wp:featuredmedia":[{"embeddable":true,"href":"https:\/\/medicina.udd.cl\/nutricion-dietetica-santiago\/wp-json\/wp\/v2\/media\/4879"}],"wp:attachment":[{"href":"https:\/\/medicina.udd.cl\/nutricion-dietetica-santiago\/wp-json\/wp\/v2\/media?parent=4878"}],"wp:term":[{"taxonomy":"category","embeddable":true,"href":"https:\/\/medicina.udd.cl\/nutricion-dietetica-santiago\/wp-json\/wp\/v2\/categories?post=4878"},{"taxonomy":"post_tag","embeddable":true,"href":"https:\/\/medicina.udd.cl\/nutricion-dietetica-santiago\/wp-json\/wp\/v2\/tags?post=4878"}],"curies":[{"name":"wp","href":"https:\/\/api.w.org\/{rel}","templated":true}]}}