{"id":5166,"date":"2019-11-26T14:02:12","date_gmt":"2019-11-26T17:02:12","guid":{"rendered":"http:\/\/medicina.udd.cl\/nutricion-dietetica-santiago\/?p=5166"},"modified":"2019-12-22T22:34:24","modified_gmt":"2019-12-23T01:34:24","slug":"estudiantes-y-egresados-udd-presentan-proyectos-de-emprendimiento-e-innovacion-en-nutriemprende-2019","status":"publish","type":"post","link":"https:\/\/medicina.udd.cl\/nutricion-dietetica-santiago\/noticias\/2019\/11\/26\/estudiantes-y-egresados-udd-presentan-proyectos-de-emprendimiento-e-innovacion-en-nutriemprende-2019\/","title":{"rendered":"Estudiantes y egresados UDD presentan proyectos de emprendimiento e innovaci\u00f3n en Nutriemprende 2019"},"content":{"rendered":"<div id=\"gallery-1\" class=\"carousel slide carousel-gallery\" data-ride=\"false\" data-interval=\"false\"><div class=\"carousel-inner\" role=\"listbox\"><figure class=\"carousel-item active\"><img loading=\"lazy\" decoding=\"async\" width=\"952\" height=\"534\" src=\"https:\/\/medicina.udd.cl\/nutricion-dietetica-santiago\/files\/2019\/11\/IMG-20191120-WA0078-952x534.jpg\" class=\"attachment-landscape_952 size-landscape_952\" alt=\"\" srcset=\"https:\/\/medicina.udd.cl\/nutricion-dietetica-santiago\/files\/2019\/11\/IMG-20191120-WA0078-952x534.jpg 952w, https:\/\/medicina.udd.cl\/nutricion-dietetica-santiago\/files\/2019\/11\/IMG-20191120-WA0078-680x382.jpg 680w\" sizes=\"auto, (max-width: 952px) 100vw, 952px\" \/><\/figure><figure class=\"carousel-item\"><img loading=\"lazy\" decoding=\"async\" width=\"952\" height=\"534\" src=\"https:\/\/medicina.udd.cl\/nutricion-dietetica-santiago\/files\/2019\/11\/IMG_20191120_114114-952x534.jpg\" class=\"attachment-landscape_952 size-landscape_952\" alt=\"\" srcset=\"https:\/\/medicina.udd.cl\/nutricion-dietetica-santiago\/files\/2019\/11\/IMG_20191120_114114-952x534.jpg 952w, https:\/\/medicina.udd.cl\/nutricion-dietetica-santiago\/files\/2019\/11\/IMG_20191120_114114-1366x768.jpg 1366w, https:\/\/medicina.udd.cl\/nutricion-dietetica-santiago\/files\/2019\/11\/IMG_20191120_114114-680x382.jpg 680w\" sizes=\"auto, (max-width: 952px) 100vw, 952px\" \/><figcaption class=\"carousel-caption\">smart<\/figcaption><\/figure><figure class=\"carousel-item\"><img loading=\"lazy\" decoding=\"async\" width=\"952\" height=\"534\" src=\"https:\/\/medicina.udd.cl\/nutricion-dietetica-santiago\/files\/2019\/11\/IMG_20191120_114015-952x534.jpg\" class=\"attachment-landscape_952 size-landscape_952\" alt=\"\" srcset=\"https:\/\/medicina.udd.cl\/nutricion-dietetica-santiago\/files\/2019\/11\/IMG_20191120_114015-952x534.jpg 952w, https:\/\/medicina.udd.cl\/nutricion-dietetica-santiago\/files\/2019\/11\/IMG_20191120_114015-1366x768.jpg 1366w, https:\/\/medicina.udd.cl\/nutricion-dietetica-santiago\/files\/2019\/11\/IMG_20191120_114015-680x382.jpg 680w\" sizes=\"auto, (max-width: 952px) 100vw, 952px\" \/><figcaption class=\"carousel-caption\">smart<\/figcaption><\/figure><figure class=\"carousel-item\"><img loading=\"lazy\" decoding=\"async\" width=\"952\" height=\"534\" src=\"https:\/\/medicina.udd.cl\/nutricion-dietetica-santiago\/files\/2019\/11\/IMG_20191120_101321-952x534.jpg\" class=\"attachment-landscape_952 size-landscape_952\" alt=\"\" srcset=\"https:\/\/medicina.udd.cl\/nutricion-dietetica-santiago\/files\/2019\/11\/IMG_20191120_101321-952x534.jpg 952w, https:\/\/medicina.udd.cl\/nutricion-dietetica-santiago\/files\/2019\/11\/IMG_20191120_101321-1366x768.jpg 1366w, https:\/\/medicina.udd.cl\/nutricion-dietetica-santiago\/files\/2019\/11\/IMG_20191120_101321-680x382.jpg 680w\" sizes=\"auto, (max-width: 952px) 100vw, 952px\" \/><figcaption class=\"carousel-caption\">smart<\/figcaption><\/figure><\/div><footer class=\"carousel-footer\"><div class=\"carousel-counter\"><span class=\"carousel-counter-current\"><\/span> \/ <span class=\"carousel-counter-total\"><\/span><\/div><a class=\"carousel-control-prev\" href=\"#gallery-1\" role=\"button\" data-slide=\"prev\"><svg aria-hidden=\"true\" class=\"svg-chevron-left-dims\"><use xlink:href='https:\/\/medicina.udd.cl\/nutricion-dietetica-santiago\/wp-content\/themes\/facultades-2018\/assets\/img\/svg\/dist\/main.svg?version=1695853099#chevron-left'><\/use><\/svg><span class=\"sr-only\">Anterior<\/span><\/a><a class=\"carousel-control-next\" href=\"#gallery-1\" role=\"button\" data-slide=\"next\"><svg aria-hidden=\"true\" class=\"svg-chevron-right-dims\"><use xlink:href='https:\/\/medicina.udd.cl\/nutricion-dietetica-santiago\/wp-content\/themes\/facultades-2018\/assets\/img\/svg\/dist\/main.svg?version=1695853099#chevron-right'><\/use><\/svg><span class=\"sr-only\">Siguiente<\/span><\/a><\/footer><\/div>\n<p>Egresados y alumnos de 5to a\u00f1o de la carrera de Nutrici\u00f3n y Diet\u00e9tica, y de otras carreras de la UDD, participaron en la segunda versi\u00f3n de Nutriemprende, actividad que\u00a0da a conocer una selecci\u00f3n de proyectos de emprendimiento e innovaci\u00f3n que destacaron en diferentes iniciativas de la Universidad del Desarrollo, con el objetivo de\u00a0incentivar a otros alumnos a crear sus propias ideas, adem\u00e1s de darlos a conocer.<\/p>\n<p>Los estudiantes de Nutrici\u00f3n presentaron trabajos elaborados en el marco del ramo de industria alimentaria y marketing aplicado (8 alumnos), a quienes se sum\u00f3 un grupo de tres nutricionistas tituladas en el 2018; estudiantes de Publicidad, mostrando su emprendimiento que es su tesis; y una titulada de Dise\u00f1o Gr\u00e1fico junto a un externo, que ya tiene su empresa funcionando.<\/p>\n<p>Estos trabajos fueron:<\/p>\n<ul>\n<li>Thamar, snack saludable a base de d\u00e1tiles, cacao y frutos secos (nutricionistas tituladas)<\/li>\n<li>Snat, alimento para deportistas\u00a0(estudiantes de 5\u00b0 a\u00f1o de Publicidad)<\/li>\n<li>Braaawn, brownie de porotos negros (estudiantes de 5\u00b0 a\u00f1o de Nutrici\u00f3n)<\/li>\n<li>Canaan, galletas a base de harinas de garbanzos (estudiantes de 5\u00b0 a\u00f1o de Nutrici\u00f3n)<\/li>\n<li>Eat clever, galletas de harinas de cereal y legumbre con chip de chocolate (egresada de dise\u00f1o gr\u00e1fico y un externo)<\/li>\n<\/ul>\n<p>Como jurados de la actividad \u2013que organizada la directora de la carrera Nutrici\u00f3n\u00a0y Diet\u00e9tica, Rinat Ratner, junto a la coordinadora \u00e1rea alimentos, Natalia Vega- participaron Valentina Montenegro, subdirectora de Emprendimiento Santiago; Andr\u00e9s\u00a0Ilabaca: Director comercial del espacio Food and Service; Maria Luz Gonzalez, creadora y fundadora de\u00a0Sabores sin Culpa; y Mar\u00eda P\u00eda Cruz, docente de Nutrici\u00f3n\u00a0y Diet\u00e9tica.<\/p>\n","protected":false},"excerpt":{"rendered":"<p>Egresados y alumnos de 5to a\u00f1o de la carrera de Nutrici\u00f3n y Diet\u00e9tica, y de otras carreras de la UDD, participaron en la segunda versi\u00f3n de Nutriemprende, actividad que\u00a0da a conocer una selecci\u00f3n de proyectos de emprendimiento e innovaci\u00f3n que destacaron en diferentes iniciativas de la Universidad del Desarrollo, con el objetivo de\u00a0incentivar a otros [&hellip;]<\/p>\n","protected":false},"author":9192219,"featured_media":5169,"comment_status":"open","ping_status":"open","sticky":false,"template":"","format":"standard","meta":{"footnotes":""},"categories":[4],"tags":[],"class_list":["post-5166","post","type-post","status-publish","format-standard","has-post-thumbnail","hentry","category-noticias"],"yoast_head":"<!-- This site is optimized with the Yoast SEO plugin v26.9 - https:\/\/yoast.com\/product\/yoast-seo-wordpress\/ -->\n<title>Estudiantes y egresados UDD presentan proyectos de emprendimiento e innovaci\u00f3n en Nutriemprende 2019 - Nutrici\u00f3n y Diet\u00e9tica<\/title>\n<meta name=\"robots\" content=\"index, follow, max-snippet:-1, max-image-preview:large, max-video-preview:-1\" \/>\n<link rel=\"canonical\" href=\"https:\/\/medicina.udd.cl\/nutricion-dietetica-santiago\/noticias\/2019\/11\/26\/estudiantes-y-egresados-udd-presentan-proyectos-de-emprendimiento-e-innovacion-en-nutriemprende-2019\/\" \/>\n<meta property=\"og:locale\" content=\"es_ES\" \/>\n<meta property=\"og:type\" content=\"article\" \/>\n<meta property=\"og:title\" content=\"Estudiantes y egresados UDD presentan proyectos de emprendimiento e innovaci\u00f3n en Nutriemprende 2019 - Nutrici\u00f3n y Diet\u00e9tica\" \/>\n<meta property=\"og:description\" content=\"Egresados y alumnos de 5to a\u00f1o de la carrera de Nutrici\u00f3n y Diet\u00e9tica, y de otras carreras de la UDD, participaron en la segunda versi\u00f3n de Nutriemprende, actividad que\u00a0da a conocer una selecci\u00f3n de proyectos de emprendimiento e innovaci\u00f3n que destacaron en diferentes iniciativas de la Universidad del Desarrollo, con el objetivo de\u00a0incentivar a otros [&hellip;]\" \/>\n<meta property=\"og:url\" content=\"https:\/\/medicina.udd.cl\/nutricion-dietetica-santiago\/noticias\/2019\/11\/26\/estudiantes-y-egresados-udd-presentan-proyectos-de-emprendimiento-e-innovacion-en-nutriemprende-2019\/\" \/>\n<meta property=\"og:site_name\" content=\"Nutrici\u00f3n y Diet\u00e9tica\" \/>\n<meta property=\"article:published_time\" content=\"2019-11-26T17:02:12+00:00\" \/>\n<meta property=\"article:modified_time\" content=\"2019-12-23T01:34:24+00:00\" \/>\n<meta property=\"og:image\" content=\"https:\/\/medicina.udd.cl\/nutricion-dietetica-santiago\/files\/2019\/11\/IMG_20191120_114114-1024x768.jpg\" \/>\n\t<meta property=\"og:image:width\" content=\"1024\" \/>\n\t<meta property=\"og:image:height\" content=\"768\" \/>\n\t<meta property=\"og:image:type\" content=\"image\/jpeg\" \/>\n<meta name=\"author\" content=\"rbraidy\" \/>\n<meta name=\"twitter:label1\" content=\"Escrito por\" \/>\n\t<meta name=\"twitter:data1\" content=\"rbraidy\" \/>\n\t<meta name=\"twitter:label2\" content=\"Tiempo de lectura\" \/>\n\t<meta name=\"twitter:data2\" content=\"1 minuto\" \/>\n<script type=\"application\/ld+json\" class=\"yoast-schema-graph\">{\"@context\":\"https:\/\/schema.org\",\"@graph\":[{\"@type\":\"Article\",\"@id\":\"https:\/\/medicina.udd.cl\/nutricion-dietetica-santiago\/noticias\/2019\/11\/26\/estudiantes-y-egresados-udd-presentan-proyectos-de-emprendimiento-e-innovacion-en-nutriemprende-2019\/#article\",\"isPartOf\":{\"@id\":\"https:\/\/medicina.udd.cl\/nutricion-dietetica-santiago\/noticias\/2019\/11\/26\/estudiantes-y-egresados-udd-presentan-proyectos-de-emprendimiento-e-innovacion-en-nutriemprende-2019\/\"},\"author\":{\"name\":\"rbraidy\",\"@id\":\"https:\/\/medicina.udd.cl\/nutricion-dietetica-santiago\/#\/schema\/person\/dbc3705bf3a93e8be1ba6de0ef950341\"},\"headline\":\"Estudiantes y egresados UDD presentan proyectos de emprendimiento e innovaci\u00f3n en Nutriemprende 2019\",\"datePublished\":\"2019-11-26T17:02:12+00:00\",\"dateModified\":\"2019-12-23T01:34:24+00:00\",\"mainEntityOfPage\":{\"@id\":\"https:\/\/medicina.udd.cl\/nutricion-dietetica-santiago\/noticias\/2019\/11\/26\/estudiantes-y-egresados-udd-presentan-proyectos-de-emprendimiento-e-innovacion-en-nutriemprende-2019\/\"},\"wordCount\":293,\"commentCount\":0,\"image\":{\"@id\":\"https:\/\/medicina.udd.cl\/nutricion-dietetica-santiago\/noticias\/2019\/11\/26\/estudiantes-y-egresados-udd-presentan-proyectos-de-emprendimiento-e-innovacion-en-nutriemprende-2019\/#primaryimage\"},\"thumbnailUrl\":\"https:\/\/medicina.udd.cl\/nutricion-dietetica-santiago\/files\/2019\/11\/IMG_20191120_114114.jpg\",\"articleSection\":[\"Noticias\"],\"inLanguage\":\"es\",\"potentialAction\":[{\"@type\":\"CommentAction\",\"name\":\"Comment\",\"target\":[\"https:\/\/medicina.udd.cl\/nutricion-dietetica-santiago\/noticias\/2019\/11\/26\/estudiantes-y-egresados-udd-presentan-proyectos-de-emprendimiento-e-innovacion-en-nutriemprende-2019\/#respond\"]}]},{\"@type\":\"WebPage\",\"@id\":\"https:\/\/medicina.udd.cl\/nutricion-dietetica-santiago\/noticias\/2019\/11\/26\/estudiantes-y-egresados-udd-presentan-proyectos-de-emprendimiento-e-innovacion-en-nutriemprende-2019\/\",\"url\":\"https:\/\/medicina.udd.cl\/nutricion-dietetica-santiago\/noticias\/2019\/11\/26\/estudiantes-y-egresados-udd-presentan-proyectos-de-emprendimiento-e-innovacion-en-nutriemprende-2019\/\",\"name\":\"Estudiantes y egresados UDD presentan proyectos de emprendimiento e innovaci\u00f3n en Nutriemprende 2019 - Nutrici\u00f3n y Diet\u00e9tica\",\"isPartOf\":{\"@id\":\"https:\/\/medicina.udd.cl\/nutricion-dietetica-santiago\/#website\"},\"primaryImageOfPage\":{\"@id\":\"https:\/\/medicina.udd.cl\/nutricion-dietetica-santiago\/noticias\/2019\/11\/26\/estudiantes-y-egresados-udd-presentan-proyectos-de-emprendimiento-e-innovacion-en-nutriemprende-2019\/#primaryimage\"},\"image\":{\"@id\":\"https:\/\/medicina.udd.cl\/nutricion-dietetica-santiago\/noticias\/2019\/11\/26\/estudiantes-y-egresados-udd-presentan-proyectos-de-emprendimiento-e-innovacion-en-nutriemprende-2019\/#primaryimage\"},\"thumbnailUrl\":\"https:\/\/medicina.udd.cl\/nutricion-dietetica-santiago\/files\/2019\/11\/IMG_20191120_114114.jpg\",\"datePublished\":\"2019-11-26T17:02:12+00:00\",\"dateModified\":\"2019-12-23T01:34:24+00:00\",\"author\":{\"@id\":\"https:\/\/medicina.udd.cl\/nutricion-dietetica-santiago\/#\/schema\/person\/dbc3705bf3a93e8be1ba6de0ef950341\"},\"breadcrumb\":{\"@id\":\"https:\/\/medicina.udd.cl\/nutricion-dietetica-santiago\/noticias\/2019\/11\/26\/estudiantes-y-egresados-udd-presentan-proyectos-de-emprendimiento-e-innovacion-en-nutriemprende-2019\/#breadcrumb\"},\"inLanguage\":\"es\",\"potentialAction\":[{\"@type\":\"ReadAction\",\"target\":[\"https:\/\/medicina.udd.cl\/nutricion-dietetica-santiago\/noticias\/2019\/11\/26\/estudiantes-y-egresados-udd-presentan-proyectos-de-emprendimiento-e-innovacion-en-nutriemprende-2019\/\"]}]},{\"@type\":\"ImageObject\",\"inLanguage\":\"es\",\"@id\":\"https:\/\/medicina.udd.cl\/nutricion-dietetica-santiago\/noticias\/2019\/11\/26\/estudiantes-y-egresados-udd-presentan-proyectos-de-emprendimiento-e-innovacion-en-nutriemprende-2019\/#primaryimage\",\"url\":\"https:\/\/medicina.udd.cl\/nutricion-dietetica-santiago\/files\/2019\/11\/IMG_20191120_114114.jpg\",\"contentUrl\":\"https:\/\/medicina.udd.cl\/nutricion-dietetica-santiago\/files\/2019\/11\/IMG_20191120_114114.jpg\",\"width\":4160,\"height\":3120,\"caption\":\"smart\"},{\"@type\":\"BreadcrumbList\",\"@id\":\"https:\/\/medicina.udd.cl\/nutricion-dietetica-santiago\/noticias\/2019\/11\/26\/estudiantes-y-egresados-udd-presentan-proyectos-de-emprendimiento-e-innovacion-en-nutriemprende-2019\/#breadcrumb\",\"itemListElement\":[{\"@type\":\"ListItem\",\"position\":1,\"name\":\"Home\",\"item\":\"https:\/\/medicina.udd.cl\/nutricion-dietetica-santiago\/\"},{\"@type\":\"ListItem\",\"position\":2,\"name\":\"Estudiantes y egresados UDD presentan proyectos de emprendimiento e innovaci\u00f3n en Nutriemprende 2019\"}]},{\"@type\":\"WebSite\",\"@id\":\"https:\/\/medicina.udd.cl\/nutricion-dietetica-santiago\/#website\",\"url\":\"https:\/\/medicina.udd.cl\/nutricion-dietetica-santiago\/\",\"name\":\"Nutrici\u00f3n y Diet\u00e9tica\",\"description\":\"Facultad de Medicina C\u00ednica Alemana Universidad del Desarrollo\",\"inLanguage\":\"es\"},{\"@type\":\"Person\",\"@id\":\"https:\/\/medicina.udd.cl\/nutricion-dietetica-santiago\/#\/schema\/person\/dbc3705bf3a93e8be1ba6de0ef950341\",\"name\":\"rbraidy\",\"image\":{\"@type\":\"ImageObject\",\"inLanguage\":\"es\",\"@id\":\"https:\/\/medicina.udd.cl\/nutricion-dietetica-santiago\/#\/schema\/person\/image\/\",\"url\":\"https:\/\/secure.gravatar.com\/avatar\/0f8bc94637401590e45d2ce17eb65c274cb8870a219de6177f3f23e63fd8cdf3?s=96&d=mm&r=g\",\"contentUrl\":\"https:\/\/secure.gravatar.com\/avatar\/0f8bc94637401590e45d2ce17eb65c274cb8870a219de6177f3f23e63fd8cdf3?s=96&d=mm&r=g\",\"caption\":\"rbraidy\"},\"url\":\"https:\/\/medicina.udd.cl\/nutricion-dietetica-santiago\/noticias\/author\/rbraidy\/\"}]}<\/script>\n<!-- \/ Yoast SEO plugin. -->","yoast_head_json":{"title":"Estudiantes y egresados UDD presentan proyectos de emprendimiento e innovaci\u00f3n en Nutriemprende 2019 - Nutrici\u00f3n y Diet\u00e9tica","robots":{"index":"index","follow":"follow","max-snippet":"max-snippet:-1","max-image-preview":"max-image-preview:large","max-video-preview":"max-video-preview:-1"},"canonical":"https:\/\/medicina.udd.cl\/nutricion-dietetica-santiago\/noticias\/2019\/11\/26\/estudiantes-y-egresados-udd-presentan-proyectos-de-emprendimiento-e-innovacion-en-nutriemprende-2019\/","og_locale":"es_ES","og_type":"article","og_title":"Estudiantes y egresados UDD presentan proyectos de emprendimiento e innovaci\u00f3n en Nutriemprende 2019 - Nutrici\u00f3n y Diet\u00e9tica","og_description":"Egresados y alumnos de 5to a\u00f1o de la carrera de Nutrici\u00f3n y Diet\u00e9tica, y de otras carreras de la UDD, participaron en la segunda versi\u00f3n de Nutriemprende, actividad que\u00a0da a conocer una selecci\u00f3n de proyectos de emprendimiento e innovaci\u00f3n que destacaron en diferentes iniciativas de la Universidad del Desarrollo, con el objetivo de\u00a0incentivar a otros [&hellip;]","og_url":"https:\/\/medicina.udd.cl\/nutricion-dietetica-santiago\/noticias\/2019\/11\/26\/estudiantes-y-egresados-udd-presentan-proyectos-de-emprendimiento-e-innovacion-en-nutriemprende-2019\/","og_site_name":"Nutrici\u00f3n y Diet\u00e9tica","article_published_time":"2019-11-26T17:02:12+00:00","article_modified_time":"2019-12-23T01:34:24+00:00","og_image":[{"width":1024,"height":768,"url":"https:\/\/medicina.udd.cl\/nutricion-dietetica-santiago\/files\/2019\/11\/IMG_20191120_114114-1024x768.jpg","type":"image\/jpeg"}],"author":"rbraidy","twitter_misc":{"Escrito por":"rbraidy","Tiempo de lectura":"1 minuto"},"schema":{"@context":"https:\/\/schema.org","@graph":[{"@type":"Article","@id":"https:\/\/medicina.udd.cl\/nutricion-dietetica-santiago\/noticias\/2019\/11\/26\/estudiantes-y-egresados-udd-presentan-proyectos-de-emprendimiento-e-innovacion-en-nutriemprende-2019\/#article","isPartOf":{"@id":"https:\/\/medicina.udd.cl\/nutricion-dietetica-santiago\/noticias\/2019\/11\/26\/estudiantes-y-egresados-udd-presentan-proyectos-de-emprendimiento-e-innovacion-en-nutriemprende-2019\/"},"author":{"name":"rbraidy","@id":"https:\/\/medicina.udd.cl\/nutricion-dietetica-santiago\/#\/schema\/person\/dbc3705bf3a93e8be1ba6de0ef950341"},"headline":"Estudiantes y egresados UDD presentan proyectos de emprendimiento e innovaci\u00f3n en Nutriemprende 2019","datePublished":"2019-11-26T17:02:12+00:00","dateModified":"2019-12-23T01:34:24+00:00","mainEntityOfPage":{"@id":"https:\/\/medicina.udd.cl\/nutricion-dietetica-santiago\/noticias\/2019\/11\/26\/estudiantes-y-egresados-udd-presentan-proyectos-de-emprendimiento-e-innovacion-en-nutriemprende-2019\/"},"wordCount":293,"commentCount":0,"image":{"@id":"https:\/\/medicina.udd.cl\/nutricion-dietetica-santiago\/noticias\/2019\/11\/26\/estudiantes-y-egresados-udd-presentan-proyectos-de-emprendimiento-e-innovacion-en-nutriemprende-2019\/#primaryimage"},"thumbnailUrl":"https:\/\/medicina.udd.cl\/nutricion-dietetica-santiago\/files\/2019\/11\/IMG_20191120_114114.jpg","articleSection":["Noticias"],"inLanguage":"es","potentialAction":[{"@type":"CommentAction","name":"Comment","target":["https:\/\/medicina.udd.cl\/nutricion-dietetica-santiago\/noticias\/2019\/11\/26\/estudiantes-y-egresados-udd-presentan-proyectos-de-emprendimiento-e-innovacion-en-nutriemprende-2019\/#respond"]}]},{"@type":"WebPage","@id":"https:\/\/medicina.udd.cl\/nutricion-dietetica-santiago\/noticias\/2019\/11\/26\/estudiantes-y-egresados-udd-presentan-proyectos-de-emprendimiento-e-innovacion-en-nutriemprende-2019\/","url":"https:\/\/medicina.udd.cl\/nutricion-dietetica-santiago\/noticias\/2019\/11\/26\/estudiantes-y-egresados-udd-presentan-proyectos-de-emprendimiento-e-innovacion-en-nutriemprende-2019\/","name":"Estudiantes y egresados UDD presentan proyectos de emprendimiento e innovaci\u00f3n en Nutriemprende 2019 - Nutrici\u00f3n y Diet\u00e9tica","isPartOf":{"@id":"https:\/\/medicina.udd.cl\/nutricion-dietetica-santiago\/#website"},"primaryImageOfPage":{"@id":"https:\/\/medicina.udd.cl\/nutricion-dietetica-santiago\/noticias\/2019\/11\/26\/estudiantes-y-egresados-udd-presentan-proyectos-de-emprendimiento-e-innovacion-en-nutriemprende-2019\/#primaryimage"},"image":{"@id":"https:\/\/medicina.udd.cl\/nutricion-dietetica-santiago\/noticias\/2019\/11\/26\/estudiantes-y-egresados-udd-presentan-proyectos-de-emprendimiento-e-innovacion-en-nutriemprende-2019\/#primaryimage"},"thumbnailUrl":"https:\/\/medicina.udd.cl\/nutricion-dietetica-santiago\/files\/2019\/11\/IMG_20191120_114114.jpg","datePublished":"2019-11-26T17:02:12+00:00","dateModified":"2019-12-23T01:34:24+00:00","author":{"@id":"https:\/\/medicina.udd.cl\/nutricion-dietetica-santiago\/#\/schema\/person\/dbc3705bf3a93e8be1ba6de0ef950341"},"breadcrumb":{"@id":"https:\/\/medicina.udd.cl\/nutricion-dietetica-santiago\/noticias\/2019\/11\/26\/estudiantes-y-egresados-udd-presentan-proyectos-de-emprendimiento-e-innovacion-en-nutriemprende-2019\/#breadcrumb"},"inLanguage":"es","potentialAction":[{"@type":"ReadAction","target":["https:\/\/medicina.udd.cl\/nutricion-dietetica-santiago\/noticias\/2019\/11\/26\/estudiantes-y-egresados-udd-presentan-proyectos-de-emprendimiento-e-innovacion-en-nutriemprende-2019\/"]}]},{"@type":"ImageObject","inLanguage":"es","@id":"https:\/\/medicina.udd.cl\/nutricion-dietetica-santiago\/noticias\/2019\/11\/26\/estudiantes-y-egresados-udd-presentan-proyectos-de-emprendimiento-e-innovacion-en-nutriemprende-2019\/#primaryimage","url":"https:\/\/medicina.udd.cl\/nutricion-dietetica-santiago\/files\/2019\/11\/IMG_20191120_114114.jpg","contentUrl":"https:\/\/medicina.udd.cl\/nutricion-dietetica-santiago\/files\/2019\/11\/IMG_20191120_114114.jpg","width":4160,"height":3120,"caption":"smart"},{"@type":"BreadcrumbList","@id":"https:\/\/medicina.udd.cl\/nutricion-dietetica-santiago\/noticias\/2019\/11\/26\/estudiantes-y-egresados-udd-presentan-proyectos-de-emprendimiento-e-innovacion-en-nutriemprende-2019\/#breadcrumb","itemListElement":[{"@type":"ListItem","position":1,"name":"Home","item":"https:\/\/medicina.udd.cl\/nutricion-dietetica-santiago\/"},{"@type":"ListItem","position":2,"name":"Estudiantes y egresados UDD presentan proyectos de emprendimiento e innovaci\u00f3n en Nutriemprende 2019"}]},{"@type":"WebSite","@id":"https:\/\/medicina.udd.cl\/nutricion-dietetica-santiago\/#website","url":"https:\/\/medicina.udd.cl\/nutricion-dietetica-santiago\/","name":"Nutrici\u00f3n y Diet\u00e9tica","description":"Facultad de Medicina C\u00ednica Alemana Universidad del Desarrollo","inLanguage":"es"},{"@type":"Person","@id":"https:\/\/medicina.udd.cl\/nutricion-dietetica-santiago\/#\/schema\/person\/dbc3705bf3a93e8be1ba6de0ef950341","name":"rbraidy","image":{"@type":"ImageObject","inLanguage":"es","@id":"https:\/\/medicina.udd.cl\/nutricion-dietetica-santiago\/#\/schema\/person\/image\/","url":"https:\/\/secure.gravatar.com\/avatar\/0f8bc94637401590e45d2ce17eb65c274cb8870a219de6177f3f23e63fd8cdf3?s=96&d=mm&r=g","contentUrl":"https:\/\/secure.gravatar.com\/avatar\/0f8bc94637401590e45d2ce17eb65c274cb8870a219de6177f3f23e63fd8cdf3?s=96&d=mm&r=g","caption":"rbraidy"},"url":"https:\/\/medicina.udd.cl\/nutricion-dietetica-santiago\/noticias\/author\/rbraidy\/"}]}},"featured_image_url":"https:\/\/medicina.udd.cl\/nutricion-dietetica-santiago\/files\/2019\/11\/IMG_20191120_114114.jpg","_links":{"self":[{"href":"https:\/\/medicina.udd.cl\/nutricion-dietetica-santiago\/wp-json\/wp\/v2\/posts\/5166","targetHints":{"allow":["GET"]}}],"collection":[{"href":"https:\/\/medicina.udd.cl\/nutricion-dietetica-santiago\/wp-json\/wp\/v2\/posts"}],"about":[{"href":"https:\/\/medicina.udd.cl\/nutricion-dietetica-santiago\/wp-json\/wp\/v2\/types\/post"}],"author":[{"embeddable":true,"href":"https:\/\/medicina.udd.cl\/nutricion-dietetica-santiago\/wp-json\/wp\/v2\/users\/9192219"}],"replies":[{"embeddable":true,"href":"https:\/\/medicina.udd.cl\/nutricion-dietetica-santiago\/wp-json\/wp\/v2\/comments?post=5166"}],"version-history":[{"count":1,"href":"https:\/\/medicina.udd.cl\/nutricion-dietetica-santiago\/wp-json\/wp\/v2\/posts\/5166\/revisions"}],"predecessor-version":[{"id":5216,"href":"https:\/\/medicina.udd.cl\/nutricion-dietetica-santiago\/wp-json\/wp\/v2\/posts\/5166\/revisions\/5216"}],"wp:featuredmedia":[{"embeddable":true,"href":"https:\/\/medicina.udd.cl\/nutricion-dietetica-santiago\/wp-json\/wp\/v2\/media\/5169"}],"wp:attachment":[{"href":"https:\/\/medicina.udd.cl\/nutricion-dietetica-santiago\/wp-json\/wp\/v2\/media?parent=5166"}],"wp:term":[{"taxonomy":"category","embeddable":true,"href":"https:\/\/medicina.udd.cl\/nutricion-dietetica-santiago\/wp-json\/wp\/v2\/categories?post=5166"},{"taxonomy":"post_tag","embeddable":true,"href":"https:\/\/medicina.udd.cl\/nutricion-dietetica-santiago\/wp-json\/wp\/v2\/tags?post=5166"}],"curies":[{"name":"wp","href":"https:\/\/api.w.org\/{rel}","templated":true}]}}