{"id":5186,"date":"2019-12-19T18:21:31","date_gmt":"2019-12-19T21:21:31","guid":{"rendered":"http:\/\/medicina.udd.cl\/nutricion-dietetica-santiago\/?p=5186"},"modified":"2019-12-22T22:34:24","modified_gmt":"2019-12-23T01:34:24","slug":"expertos-reflexionan-sobre-buenas-practicas-para-promover-la-salud-en-escuelas","status":"publish","type":"post","link":"https:\/\/medicina.udd.cl\/nutricion-dietetica-santiago\/noticias\/2019\/12\/19\/expertos-reflexionan-sobre-buenas-practicas-para-promover-la-salud-en-escuelas\/","title":{"rendered":"Expertos reflexionan sobre buenas pr\u00e1cticas para promover la salud en escuelas"},"content":{"rendered":"\n<p><\/p>\n\n\n<div id=\"gallery-1\" class=\"carousel slide carousel-gallery\" data-ride=\"false\" data-interval=\"false\"><div class=\"carousel-inner\" role=\"listbox\"><figure class=\"carousel-item active\"><img loading=\"lazy\" decoding=\"async\" width=\"952\" height=\"534\" src=\"https:\/\/medicina.udd.cl\/nutricion-dietetica-santiago\/files\/2019\/12\/IMG_2147-1-952x534.jpg\" class=\"attachment-landscape_952 size-landscape_952\" alt=\"\" srcset=\"https:\/\/medicina.udd.cl\/nutricion-dietetica-santiago\/files\/2019\/12\/IMG_2147-1-952x534.jpg 952w, https:\/\/medicina.udd.cl\/nutricion-dietetica-santiago\/files\/2019\/12\/IMG_2147-1-1366x768.jpg 1366w, https:\/\/medicina.udd.cl\/nutricion-dietetica-santiago\/files\/2019\/12\/IMG_2147-1-680x382.jpg 680w\" sizes=\"auto, (max-width: 952px) 100vw, 952px\" \/><\/figure><figure class=\"carousel-item\"><img loading=\"lazy\" decoding=\"async\" width=\"952\" height=\"534\" src=\"https:\/\/medicina.udd.cl\/nutricion-dietetica-santiago\/files\/2019\/12\/IMG_2142-952x534.jpg\" class=\"attachment-landscape_952 size-landscape_952\" alt=\"\" srcset=\"https:\/\/medicina.udd.cl\/nutricion-dietetica-santiago\/files\/2019\/12\/IMG_2142-952x534.jpg 952w, https:\/\/medicina.udd.cl\/nutricion-dietetica-santiago\/files\/2019\/12\/IMG_2142-1366x768.jpg 1366w, https:\/\/medicina.udd.cl\/nutricion-dietetica-santiago\/files\/2019\/12\/IMG_2142-680x382.jpg 680w\" sizes=\"auto, (max-width: 952px) 100vw, 952px\" \/><\/figure><figure class=\"carousel-item\"><img loading=\"lazy\" decoding=\"async\" width=\"952\" height=\"534\" src=\"https:\/\/medicina.udd.cl\/nutricion-dietetica-santiago\/files\/2019\/12\/IMG_2148-1-952x534.jpg\" class=\"attachment-landscape_952 size-landscape_952\" alt=\"\" srcset=\"https:\/\/medicina.udd.cl\/nutricion-dietetica-santiago\/files\/2019\/12\/IMG_2148-1-952x534.jpg 952w, https:\/\/medicina.udd.cl\/nutricion-dietetica-santiago\/files\/2019\/12\/IMG_2148-1-1366x768.jpg 1366w, https:\/\/medicina.udd.cl\/nutricion-dietetica-santiago\/files\/2019\/12\/IMG_2148-1-680x382.jpg 680w\" sizes=\"auto, (max-width: 952px) 100vw, 952px\" \/><\/figure><figure class=\"carousel-item\"><img loading=\"lazy\" decoding=\"async\" width=\"952\" height=\"534\" src=\"https:\/\/medicina.udd.cl\/nutricion-dietetica-santiago\/files\/2019\/12\/IMG_2146-952x534.jpg\" class=\"attachment-landscape_952 size-landscape_952\" alt=\"\" srcset=\"https:\/\/medicina.udd.cl\/nutricion-dietetica-santiago\/files\/2019\/12\/IMG_2146-952x534.jpg 952w, https:\/\/medicina.udd.cl\/nutricion-dietetica-santiago\/files\/2019\/12\/IMG_2146-1366x768.jpg 1366w, https:\/\/medicina.udd.cl\/nutricion-dietetica-santiago\/files\/2019\/12\/IMG_2146-680x382.jpg 680w\" sizes=\"auto, (max-width: 952px) 100vw, 952px\" \/><\/figure><figure class=\"carousel-item\"><img loading=\"lazy\" decoding=\"async\" width=\"952\" height=\"534\" src=\"https:\/\/medicina.udd.cl\/nutricion-dietetica-santiago\/files\/2019\/12\/IMG_2158-1-952x534.jpg\" class=\"attachment-landscape_952 size-landscape_952\" alt=\"\" srcset=\"https:\/\/medicina.udd.cl\/nutricion-dietetica-santiago\/files\/2019\/12\/IMG_2158-1-952x534.jpg 952w, https:\/\/medicina.udd.cl\/nutricion-dietetica-santiago\/files\/2019\/12\/IMG_2158-1-1366x768.jpg 1366w, https:\/\/medicina.udd.cl\/nutricion-dietetica-santiago\/files\/2019\/12\/IMG_2158-1-680x382.jpg 680w\" sizes=\"auto, (max-width: 952px) 100vw, 952px\" \/><\/figure><figure class=\"carousel-item\"><img loading=\"lazy\" decoding=\"async\" width=\"952\" height=\"534\" src=\"https:\/\/medicina.udd.cl\/nutricion-dietetica-santiago\/files\/2019\/12\/IMG_2172-1-952x534.jpg\" class=\"attachment-landscape_952 size-landscape_952\" alt=\"\" srcset=\"https:\/\/medicina.udd.cl\/nutricion-dietetica-santiago\/files\/2019\/12\/IMG_2172-1-952x534.jpg 952w, https:\/\/medicina.udd.cl\/nutricion-dietetica-santiago\/files\/2019\/12\/IMG_2172-1-1366x768.jpg 1366w, https:\/\/medicina.udd.cl\/nutricion-dietetica-santiago\/files\/2019\/12\/IMG_2172-1-680x382.jpg 680w\" sizes=\"auto, (max-width: 952px) 100vw, 952px\" \/><\/figure><figure class=\"carousel-item\"><img loading=\"lazy\" decoding=\"async\" width=\"952\" height=\"534\" src=\"https:\/\/medicina.udd.cl\/nutricion-dietetica-santiago\/files\/2019\/12\/IMG_2156-1-952x534.jpg\" class=\"attachment-landscape_952 size-landscape_952\" alt=\"\" srcset=\"https:\/\/medicina.udd.cl\/nutricion-dietetica-santiago\/files\/2019\/12\/IMG_2156-1-952x534.jpg 952w, https:\/\/medicina.udd.cl\/nutricion-dietetica-santiago\/files\/2019\/12\/IMG_2156-1-1366x768.jpg 1366w, https:\/\/medicina.udd.cl\/nutricion-dietetica-santiago\/files\/2019\/12\/IMG_2156-1-680x382.jpg 680w\" sizes=\"auto, (max-width: 952px) 100vw, 952px\" \/><\/figure><figure class=\"carousel-item\"><img loading=\"lazy\" decoding=\"async\" width=\"952\" height=\"534\" src=\"https:\/\/medicina.udd.cl\/nutricion-dietetica-santiago\/files\/2019\/12\/IMG_2152-1-952x534.jpg\" class=\"attachment-landscape_952 size-landscape_952\" alt=\"\" srcset=\"https:\/\/medicina.udd.cl\/nutricion-dietetica-santiago\/files\/2019\/12\/IMG_2152-1-952x534.jpg 952w, https:\/\/medicina.udd.cl\/nutricion-dietetica-santiago\/files\/2019\/12\/IMG_2152-1-1366x768.jpg 1366w, https:\/\/medicina.udd.cl\/nutricion-dietetica-santiago\/files\/2019\/12\/IMG_2152-1-680x382.jpg 680w\" sizes=\"auto, (max-width: 952px) 100vw, 952px\" \/><\/figure><figure class=\"carousel-item\"><img loading=\"lazy\" decoding=\"async\" width=\"952\" height=\"534\" src=\"https:\/\/medicina.udd.cl\/nutricion-dietetica-santiago\/files\/2019\/12\/IMG_2165-1-952x534.jpg\" class=\"attachment-landscape_952 size-landscape_952\" alt=\"\" srcset=\"https:\/\/medicina.udd.cl\/nutricion-dietetica-santiago\/files\/2019\/12\/IMG_2165-1-952x534.jpg 952w, https:\/\/medicina.udd.cl\/nutricion-dietetica-santiago\/files\/2019\/12\/IMG_2165-1-1366x768.jpg 1366w, https:\/\/medicina.udd.cl\/nutricion-dietetica-santiago\/files\/2019\/12\/IMG_2165-1-680x382.jpg 680w\" sizes=\"auto, (max-width: 952px) 100vw, 952px\" \/><\/figure><\/div><footer class=\"carousel-footer\"><div class=\"carousel-counter\"><span class=\"carousel-counter-current\"><\/span> \/ <span class=\"carousel-counter-total\"><\/span><\/div><a class=\"carousel-control-prev\" href=\"#gallery-1\" role=\"button\" data-slide=\"prev\"><svg aria-hidden=\"true\" class=\"svg-chevron-left-dims\"><use xlink:href='https:\/\/medicina.udd.cl\/nutricion-dietetica-santiago\/wp-content\/themes\/facultades-2018\/assets\/img\/svg\/dist\/main.svg?version=1695853099#chevron-left'><\/use><\/svg><span class=\"sr-only\">Anterior<\/span><\/a><a class=\"carousel-control-next\" href=\"#gallery-1\" role=\"button\" data-slide=\"next\"><svg aria-hidden=\"true\" class=\"svg-chevron-right-dims\"><use xlink:href='https:\/\/medicina.udd.cl\/nutricion-dietetica-santiago\/wp-content\/themes\/facultades-2018\/assets\/img\/svg\/dist\/main.svg?version=1695853099#chevron-right'><\/use><\/svg><span class=\"sr-only\">Siguiente<\/span><\/a><\/footer><\/div>\n\n\n<p>En el marco del seminario \u201cReflexiones sobre buenas pr\u00e1cticas, oportunidades y brechas para la implementaci\u00f3n de programas de promoci\u00f3n de estilos de vida saludable en el ambiente escolar\u201d, organizado por la carrera de Nutrici\u00f3n y Diet\u00e9tica de la Facultad de Medicina Cl\u00ednica Alemana Universidad del Desarrollo, en conjunto con la Facultad de Ciencias M\u00e9dicas de la Universidad de Santiago (USACH), varios expertos de distintas universidades y organizaciones presentaron y discutieron sobre lo aprendido en diferentes programas que buscan promover h\u00e1bitos saludables y prevenir la obesidad en ni\u00f1os.<\/p>\n\n\n\n<p>Rinat Ratner, directora de Nutrici\u00f3n y Diet\u00e9tica UDD, coment\u00f3 los resultados del programa UDD, <em>Vive Sano,<\/em> proyecto que estuvo durante 10 a\u00f1os en las escuelas municipales de alta vulnerabilidad.<\/p>\n\n\n\n<p>\u201cLa intenci\u00f3n de este seminario es ver los factores de \u00e9xito y fracaso de estos programas, y de las conclusiones se pretende mejorar el proyecto FONDEF que nos adjudicamos y est\u00e1 en marcha\u201d, indic\u00f3 Ratner refiri\u00e9ndose al proyecto \u201cDesarrollo, escalamiento y validaci\u00f3n de un sistema integrado de intervenciones en escolares en alimentaci\u00f3n, actividad f\u00edsica y entorno comunitario en Ciudad Sur\u201d.<\/p>\n\n\n<figure id=\"attachment_5196\" aria-describedby=\"caption-attachment-5196\" style=\"width: 300px\" class=\"wp-caption alignnone\"><a href=\"https:\/\/medicina.udd.cl\/nutricion-dietetica-santiago\/files\/2019\/12\/IMG_2164.jpg\"><img loading=\"lazy\" decoding=\"async\" class=\"wp-image-5196 size-medium\" src=\"https:\/\/medicina.udd.cl\/nutricion-dietetica-santiago\/files\/2019\/12\/IMG_2164-300x200.jpg\" alt=\"\" width=\"300\" height=\"200\" srcset=\"https:\/\/medicina.udd.cl\/nutricion-dietetica-santiago\/files\/2019\/12\/IMG_2164-300x200.jpg 300w, https:\/\/medicina.udd.cl\/nutricion-dietetica-santiago\/files\/2019\/12\/IMG_2164-768x512.jpg 768w, https:\/\/medicina.udd.cl\/nutricion-dietetica-santiago\/files\/2019\/12\/IMG_2164-1024x683.jpg 1024w\" sizes=\"auto, (max-width: 300px) 100vw, 300px\" \/><\/a><figcaption id=\"caption-attachment-5196\" class=\"wp-caption-text\">Rinat Ratner<\/figcaption><\/figure>\n\n\n<p>Respecto a \u00e9ste \u00faltimo punto, este a\u00f1o 2019 se hicieron evaluaciones en terreno de los ni\u00f1os que entran al proyecto, se levantaron parlamentos y resultados de los estudiantes de las escuelas que van hacer intervenidas. En marzo 2020 se retomar\u00e1n las evaluaciones e iniciar\u00e1n las intervenciones en las escuelas.<\/p>\n\n\n\n<p>\u201cEl objetivo de este proyecto es contribuir a mejorar el entorno, aplicar la tecnolog\u00eda y crear un producto que sea replicable en todo el pa\u00eds, para combatir la obesidad infantil\u201d, se\u00f1al\u00f3 Tito Pizarro, vicedecano Docencia de la Facultad Ciencias M\u00e9dicas, Universidad de Santiago y parte del equipo FONDEF.<\/p>\n\n\n<figure id=\"attachment_5194\" aria-describedby=\"caption-attachment-5194\" style=\"width: 300px\" class=\"wp-caption alignnone\"><a href=\"https:\/\/medicina.udd.cl\/nutricion-dietetica-santiago\/files\/2019\/12\/IMG_2154.jpg\"><img loading=\"lazy\" decoding=\"async\" class=\"wp-image-5194 size-medium\" src=\"https:\/\/medicina.udd.cl\/nutricion-dietetica-santiago\/files\/2019\/12\/IMG_2154-300x200.jpg\" alt=\"\" width=\"300\" height=\"200\" srcset=\"https:\/\/medicina.udd.cl\/nutricion-dietetica-santiago\/files\/2019\/12\/IMG_2154-300x200.jpg 300w, https:\/\/medicina.udd.cl\/nutricion-dietetica-santiago\/files\/2019\/12\/IMG_2154-768x512.jpg 768w, https:\/\/medicina.udd.cl\/nutricion-dietetica-santiago\/files\/2019\/12\/IMG_2154-1024x683.jpg 1024w\" sizes=\"auto, (max-width: 300px) 100vw, 300px\" \/><\/a><figcaption id=\"caption-attachment-5194\" class=\"wp-caption-text\">Tito Pizarro<\/figcaption><\/figure>\n\n\n<p> Entre los expertos estuvieron la doctora Liliana Jadue, vicedecana de las Carreras de la Salud UDD; Cristian Cofr\u00e9, director de Escuela de Ciencias de la Actividad F\u00edsica USACH; Nelly Bustos, acad\u00e9mica del Instituto de Nutrici\u00f3n y Tecnolog\u00eda en Alimentos (INTA), de la Universidad de Chile; Macarena Carranza, Project manager del proyecto Juntos Santiago, as\u00ed como tambi\u00e9n representantes de la Junta Nacional de Auxilio Escolar y Becas (JUNAEB). <\/p>\n\n\n<p><a href=\"https:\/\/medicina.udd.cl\/nutricion-dietetica-santiago\/files\/2019\/12\/Equipo-Fondef.jpg\"><img loading=\"lazy\" decoding=\"async\" class=\"size-medium wp-image-5188 aligncenter\" src=\"https:\/\/medicina.udd.cl\/nutricion-dietetica-santiago\/files\/2019\/12\/Equipo-Fondef-300x259.jpg\" alt=\"\" width=\"300\" height=\"259\" srcset=\"https:\/\/medicina.udd.cl\/nutricion-dietetica-santiago\/files\/2019\/12\/Equipo-Fondef-300x259.jpg 300w, https:\/\/medicina.udd.cl\/nutricion-dietetica-santiago\/files\/2019\/12\/Equipo-Fondef-768x664.jpg 768w, https:\/\/medicina.udd.cl\/nutricion-dietetica-santiago\/files\/2019\/12\/Equipo-Fondef.jpg 948w\" sizes=\"auto, (max-width: 300px) 100vw, 300px\" \/><\/a><\/p>\n\n\n<p><\/p>\n","protected":false},"excerpt":{"rendered":"<p>En el marco del seminario \u201cReflexiones sobre buenas pr\u00e1cticas, oportunidades y brechas para la implementaci\u00f3n de programas de promoci\u00f3n de estilos de vida saludable en el ambiente escolar\u201d, organizado por la carrera de Nutrici\u00f3n y Diet\u00e9tica de la Facultad de Medicina Cl\u00ednica Alemana Universidad del Desarrollo, en conjunto con la Facultad de Ciencias M\u00e9dicas de [&hellip;]<\/p>\n","protected":false},"author":9192219,"featured_media":5187,"comment_status":"open","ping_status":"open","sticky":false,"template":"","format":"standard","meta":{"footnotes":""},"categories":[4],"tags":[],"class_list":["post-5186","post","type-post","status-publish","format-standard","has-post-thumbnail","hentry","category-noticias"],"yoast_head":"<!-- This site is optimized with the Yoast SEO plugin v26.9 - https:\/\/yoast.com\/product\/yoast-seo-wordpress\/ -->\n<title>Expertos reflexionan sobre buenas pr\u00e1cticas para promover la salud en escuelas - Nutrici\u00f3n y Diet\u00e9tica<\/title>\n<meta name=\"robots\" content=\"index, follow, max-snippet:-1, max-image-preview:large, max-video-preview:-1\" \/>\n<link rel=\"canonical\" href=\"https:\/\/medicina.udd.cl\/nutricion-dietetica-santiago\/noticias\/2019\/12\/19\/expertos-reflexionan-sobre-buenas-practicas-para-promover-la-salud-en-escuelas\/\" \/>\n<meta property=\"og:locale\" content=\"es_ES\" \/>\n<meta property=\"og:type\" content=\"article\" \/>\n<meta property=\"og:title\" content=\"Expertos reflexionan sobre buenas pr\u00e1cticas para promover la salud en escuelas - Nutrici\u00f3n y Diet\u00e9tica\" \/>\n<meta property=\"og:description\" content=\"En el marco del seminario \u201cReflexiones sobre buenas pr\u00e1cticas, oportunidades y brechas para la implementaci\u00f3n de programas de promoci\u00f3n de estilos de vida saludable en el ambiente escolar\u201d, organizado por la carrera de Nutrici\u00f3n y Diet\u00e9tica de la Facultad de Medicina Cl\u00ednica Alemana Universidad del Desarrollo, en conjunto con la Facultad de Ciencias M\u00e9dicas de [&hellip;]\" \/>\n<meta property=\"og:url\" content=\"https:\/\/medicina.udd.cl\/nutricion-dietetica-santiago\/noticias\/2019\/12\/19\/expertos-reflexionan-sobre-buenas-practicas-para-promover-la-salud-en-escuelas\/\" \/>\n<meta property=\"og:site_name\" content=\"Nutrici\u00f3n y Diet\u00e9tica\" \/>\n<meta property=\"article:published_time\" content=\"2019-12-19T21:21:31+00:00\" \/>\n<meta property=\"article:modified_time\" content=\"2019-12-23T01:34:24+00:00\" \/>\n<meta property=\"og:image\" content=\"https:\/\/medicina.udd.cl\/nutricion-dietetica-santiago\/files\/2019\/12\/IMG_2158-1024x683.jpg\" \/>\n\t<meta property=\"og:image:width\" content=\"1024\" \/>\n\t<meta property=\"og:image:height\" content=\"683\" \/>\n\t<meta property=\"og:image:type\" content=\"image\/jpeg\" \/>\n<meta name=\"author\" content=\"rbraidy\" \/>\n<meta name=\"twitter:label1\" content=\"Escrito por\" \/>\n\t<meta name=\"twitter:data1\" content=\"rbraidy\" \/>\n\t<meta name=\"twitter:label2\" content=\"Tiempo de lectura\" \/>\n\t<meta name=\"twitter:data2\" content=\"2 minutos\" \/>\n<script type=\"application\/ld+json\" class=\"yoast-schema-graph\">{\"@context\":\"https:\/\/schema.org\",\"@graph\":[{\"@type\":\"Article\",\"@id\":\"https:\/\/medicina.udd.cl\/nutricion-dietetica-santiago\/noticias\/2019\/12\/19\/expertos-reflexionan-sobre-buenas-practicas-para-promover-la-salud-en-escuelas\/#article\",\"isPartOf\":{\"@id\":\"https:\/\/medicina.udd.cl\/nutricion-dietetica-santiago\/noticias\/2019\/12\/19\/expertos-reflexionan-sobre-buenas-practicas-para-promover-la-salud-en-escuelas\/\"},\"author\":{\"name\":\"rbraidy\",\"@id\":\"https:\/\/medicina.udd.cl\/nutricion-dietetica-santiago\/#\/schema\/person\/dbc3705bf3a93e8be1ba6de0ef950341\"},\"headline\":\"Expertos reflexionan sobre buenas pr\u00e1cticas para promover la salud en escuelas\",\"datePublished\":\"2019-12-19T21:21:31+00:00\",\"dateModified\":\"2019-12-23T01:34:24+00:00\",\"mainEntityOfPage\":{\"@id\":\"https:\/\/medicina.udd.cl\/nutricion-dietetica-santiago\/noticias\/2019\/12\/19\/expertos-reflexionan-sobre-buenas-practicas-para-promover-la-salud-en-escuelas\/\"},\"wordCount\":399,\"commentCount\":0,\"image\":{\"@id\":\"https:\/\/medicina.udd.cl\/nutricion-dietetica-santiago\/noticias\/2019\/12\/19\/expertos-reflexionan-sobre-buenas-practicas-para-promover-la-salud-en-escuelas\/#primaryimage\"},\"thumbnailUrl\":\"https:\/\/medicina.udd.cl\/nutricion-dietetica-santiago\/files\/2019\/12\/IMG_2158.jpg\",\"articleSection\":[\"Noticias\"],\"inLanguage\":\"es\",\"potentialAction\":[{\"@type\":\"CommentAction\",\"name\":\"Comment\",\"target\":[\"https:\/\/medicina.udd.cl\/nutricion-dietetica-santiago\/noticias\/2019\/12\/19\/expertos-reflexionan-sobre-buenas-practicas-para-promover-la-salud-en-escuelas\/#respond\"]}]},{\"@type\":\"WebPage\",\"@id\":\"https:\/\/medicina.udd.cl\/nutricion-dietetica-santiago\/noticias\/2019\/12\/19\/expertos-reflexionan-sobre-buenas-practicas-para-promover-la-salud-en-escuelas\/\",\"url\":\"https:\/\/medicina.udd.cl\/nutricion-dietetica-santiago\/noticias\/2019\/12\/19\/expertos-reflexionan-sobre-buenas-practicas-para-promover-la-salud-en-escuelas\/\",\"name\":\"Expertos reflexionan sobre buenas pr\u00e1cticas para promover la salud en escuelas - Nutrici\u00f3n y Diet\u00e9tica\",\"isPartOf\":{\"@id\":\"https:\/\/medicina.udd.cl\/nutricion-dietetica-santiago\/#website\"},\"primaryImageOfPage\":{\"@id\":\"https:\/\/medicina.udd.cl\/nutricion-dietetica-santiago\/noticias\/2019\/12\/19\/expertos-reflexionan-sobre-buenas-practicas-para-promover-la-salud-en-escuelas\/#primaryimage\"},\"image\":{\"@id\":\"https:\/\/medicina.udd.cl\/nutricion-dietetica-santiago\/noticias\/2019\/12\/19\/expertos-reflexionan-sobre-buenas-practicas-para-promover-la-salud-en-escuelas\/#primaryimage\"},\"thumbnailUrl\":\"https:\/\/medicina.udd.cl\/nutricion-dietetica-santiago\/files\/2019\/12\/IMG_2158.jpg\",\"datePublished\":\"2019-12-19T21:21:31+00:00\",\"dateModified\":\"2019-12-23T01:34:24+00:00\",\"author\":{\"@id\":\"https:\/\/medicina.udd.cl\/nutricion-dietetica-santiago\/#\/schema\/person\/dbc3705bf3a93e8be1ba6de0ef950341\"},\"breadcrumb\":{\"@id\":\"https:\/\/medicina.udd.cl\/nutricion-dietetica-santiago\/noticias\/2019\/12\/19\/expertos-reflexionan-sobre-buenas-practicas-para-promover-la-salud-en-escuelas\/#breadcrumb\"},\"inLanguage\":\"es\",\"potentialAction\":[{\"@type\":\"ReadAction\",\"target\":[\"https:\/\/medicina.udd.cl\/nutricion-dietetica-santiago\/noticias\/2019\/12\/19\/expertos-reflexionan-sobre-buenas-practicas-para-promover-la-salud-en-escuelas\/\"]}]},{\"@type\":\"ImageObject\",\"inLanguage\":\"es\",\"@id\":\"https:\/\/medicina.udd.cl\/nutricion-dietetica-santiago\/noticias\/2019\/12\/19\/expertos-reflexionan-sobre-buenas-practicas-para-promover-la-salud-en-escuelas\/#primaryimage\",\"url\":\"https:\/\/medicina.udd.cl\/nutricion-dietetica-santiago\/files\/2019\/12\/IMG_2158.jpg\",\"contentUrl\":\"https:\/\/medicina.udd.cl\/nutricion-dietetica-santiago\/files\/2019\/12\/IMG_2158.jpg\",\"width\":5184,\"height\":3456},{\"@type\":\"BreadcrumbList\",\"@id\":\"https:\/\/medicina.udd.cl\/nutricion-dietetica-santiago\/noticias\/2019\/12\/19\/expertos-reflexionan-sobre-buenas-practicas-para-promover-la-salud-en-escuelas\/#breadcrumb\",\"itemListElement\":[{\"@type\":\"ListItem\",\"position\":1,\"name\":\"Home\",\"item\":\"https:\/\/medicina.udd.cl\/nutricion-dietetica-santiago\/\"},{\"@type\":\"ListItem\",\"position\":2,\"name\":\"Expertos reflexionan sobre buenas pr\u00e1cticas para promover la salud en escuelas\"}]},{\"@type\":\"WebSite\",\"@id\":\"https:\/\/medicina.udd.cl\/nutricion-dietetica-santiago\/#website\",\"url\":\"https:\/\/medicina.udd.cl\/nutricion-dietetica-santiago\/\",\"name\":\"Nutrici\u00f3n y Diet\u00e9tica\",\"description\":\"Facultad de Medicina C\u00ednica Alemana Universidad del Desarrollo\",\"inLanguage\":\"es\"},{\"@type\":\"Person\",\"@id\":\"https:\/\/medicina.udd.cl\/nutricion-dietetica-santiago\/#\/schema\/person\/dbc3705bf3a93e8be1ba6de0ef950341\",\"name\":\"rbraidy\",\"image\":{\"@type\":\"ImageObject\",\"inLanguage\":\"es\",\"@id\":\"https:\/\/medicina.udd.cl\/nutricion-dietetica-santiago\/#\/schema\/person\/image\/\",\"url\":\"https:\/\/secure.gravatar.com\/avatar\/0f8bc94637401590e45d2ce17eb65c274cb8870a219de6177f3f23e63fd8cdf3?s=96&d=mm&r=g\",\"contentUrl\":\"https:\/\/secure.gravatar.com\/avatar\/0f8bc94637401590e45d2ce17eb65c274cb8870a219de6177f3f23e63fd8cdf3?s=96&d=mm&r=g\",\"caption\":\"rbraidy\"},\"url\":\"https:\/\/medicina.udd.cl\/nutricion-dietetica-santiago\/noticias\/author\/rbraidy\/\"}]}<\/script>\n<!-- \/ Yoast SEO plugin. -->","yoast_head_json":{"title":"Expertos reflexionan sobre buenas pr\u00e1cticas para promover la salud en escuelas - Nutrici\u00f3n y Diet\u00e9tica","robots":{"index":"index","follow":"follow","max-snippet":"max-snippet:-1","max-image-preview":"max-image-preview:large","max-video-preview":"max-video-preview:-1"},"canonical":"https:\/\/medicina.udd.cl\/nutricion-dietetica-santiago\/noticias\/2019\/12\/19\/expertos-reflexionan-sobre-buenas-practicas-para-promover-la-salud-en-escuelas\/","og_locale":"es_ES","og_type":"article","og_title":"Expertos reflexionan sobre buenas pr\u00e1cticas para promover la salud en escuelas - Nutrici\u00f3n y Diet\u00e9tica","og_description":"En el marco del seminario \u201cReflexiones sobre buenas pr\u00e1cticas, oportunidades y brechas para la implementaci\u00f3n de programas de promoci\u00f3n de estilos de vida saludable en el ambiente escolar\u201d, organizado por la carrera de Nutrici\u00f3n y Diet\u00e9tica de la Facultad de Medicina Cl\u00ednica Alemana Universidad del Desarrollo, en conjunto con la Facultad de Ciencias M\u00e9dicas de [&hellip;]","og_url":"https:\/\/medicina.udd.cl\/nutricion-dietetica-santiago\/noticias\/2019\/12\/19\/expertos-reflexionan-sobre-buenas-practicas-para-promover-la-salud-en-escuelas\/","og_site_name":"Nutrici\u00f3n y Diet\u00e9tica","article_published_time":"2019-12-19T21:21:31+00:00","article_modified_time":"2019-12-23T01:34:24+00:00","og_image":[{"width":1024,"height":683,"url":"https:\/\/medicina.udd.cl\/nutricion-dietetica-santiago\/files\/2019\/12\/IMG_2158-1024x683.jpg","type":"image\/jpeg"}],"author":"rbraidy","twitter_misc":{"Escrito por":"rbraidy","Tiempo de lectura":"2 minutos"},"schema":{"@context":"https:\/\/schema.org","@graph":[{"@type":"Article","@id":"https:\/\/medicina.udd.cl\/nutricion-dietetica-santiago\/noticias\/2019\/12\/19\/expertos-reflexionan-sobre-buenas-practicas-para-promover-la-salud-en-escuelas\/#article","isPartOf":{"@id":"https:\/\/medicina.udd.cl\/nutricion-dietetica-santiago\/noticias\/2019\/12\/19\/expertos-reflexionan-sobre-buenas-practicas-para-promover-la-salud-en-escuelas\/"},"author":{"name":"rbraidy","@id":"https:\/\/medicina.udd.cl\/nutricion-dietetica-santiago\/#\/schema\/person\/dbc3705bf3a93e8be1ba6de0ef950341"},"headline":"Expertos reflexionan sobre buenas pr\u00e1cticas para promover la salud en escuelas","datePublished":"2019-12-19T21:21:31+00:00","dateModified":"2019-12-23T01:34:24+00:00","mainEntityOfPage":{"@id":"https:\/\/medicina.udd.cl\/nutricion-dietetica-santiago\/noticias\/2019\/12\/19\/expertos-reflexionan-sobre-buenas-practicas-para-promover-la-salud-en-escuelas\/"},"wordCount":399,"commentCount":0,"image":{"@id":"https:\/\/medicina.udd.cl\/nutricion-dietetica-santiago\/noticias\/2019\/12\/19\/expertos-reflexionan-sobre-buenas-practicas-para-promover-la-salud-en-escuelas\/#primaryimage"},"thumbnailUrl":"https:\/\/medicina.udd.cl\/nutricion-dietetica-santiago\/files\/2019\/12\/IMG_2158.jpg","articleSection":["Noticias"],"inLanguage":"es","potentialAction":[{"@type":"CommentAction","name":"Comment","target":["https:\/\/medicina.udd.cl\/nutricion-dietetica-santiago\/noticias\/2019\/12\/19\/expertos-reflexionan-sobre-buenas-practicas-para-promover-la-salud-en-escuelas\/#respond"]}]},{"@type":"WebPage","@id":"https:\/\/medicina.udd.cl\/nutricion-dietetica-santiago\/noticias\/2019\/12\/19\/expertos-reflexionan-sobre-buenas-practicas-para-promover-la-salud-en-escuelas\/","url":"https:\/\/medicina.udd.cl\/nutricion-dietetica-santiago\/noticias\/2019\/12\/19\/expertos-reflexionan-sobre-buenas-practicas-para-promover-la-salud-en-escuelas\/","name":"Expertos reflexionan sobre buenas pr\u00e1cticas para promover la salud en escuelas - Nutrici\u00f3n y Diet\u00e9tica","isPartOf":{"@id":"https:\/\/medicina.udd.cl\/nutricion-dietetica-santiago\/#website"},"primaryImageOfPage":{"@id":"https:\/\/medicina.udd.cl\/nutricion-dietetica-santiago\/noticias\/2019\/12\/19\/expertos-reflexionan-sobre-buenas-practicas-para-promover-la-salud-en-escuelas\/#primaryimage"},"image":{"@id":"https:\/\/medicina.udd.cl\/nutricion-dietetica-santiago\/noticias\/2019\/12\/19\/expertos-reflexionan-sobre-buenas-practicas-para-promover-la-salud-en-escuelas\/#primaryimage"},"thumbnailUrl":"https:\/\/medicina.udd.cl\/nutricion-dietetica-santiago\/files\/2019\/12\/IMG_2158.jpg","datePublished":"2019-12-19T21:21:31+00:00","dateModified":"2019-12-23T01:34:24+00:00","author":{"@id":"https:\/\/medicina.udd.cl\/nutricion-dietetica-santiago\/#\/schema\/person\/dbc3705bf3a93e8be1ba6de0ef950341"},"breadcrumb":{"@id":"https:\/\/medicina.udd.cl\/nutricion-dietetica-santiago\/noticias\/2019\/12\/19\/expertos-reflexionan-sobre-buenas-practicas-para-promover-la-salud-en-escuelas\/#breadcrumb"},"inLanguage":"es","potentialAction":[{"@type":"ReadAction","target":["https:\/\/medicina.udd.cl\/nutricion-dietetica-santiago\/noticias\/2019\/12\/19\/expertos-reflexionan-sobre-buenas-practicas-para-promover-la-salud-en-escuelas\/"]}]},{"@type":"ImageObject","inLanguage":"es","@id":"https:\/\/medicina.udd.cl\/nutricion-dietetica-santiago\/noticias\/2019\/12\/19\/expertos-reflexionan-sobre-buenas-practicas-para-promover-la-salud-en-escuelas\/#primaryimage","url":"https:\/\/medicina.udd.cl\/nutricion-dietetica-santiago\/files\/2019\/12\/IMG_2158.jpg","contentUrl":"https:\/\/medicina.udd.cl\/nutricion-dietetica-santiago\/files\/2019\/12\/IMG_2158.jpg","width":5184,"height":3456},{"@type":"BreadcrumbList","@id":"https:\/\/medicina.udd.cl\/nutricion-dietetica-santiago\/noticias\/2019\/12\/19\/expertos-reflexionan-sobre-buenas-practicas-para-promover-la-salud-en-escuelas\/#breadcrumb","itemListElement":[{"@type":"ListItem","position":1,"name":"Home","item":"https:\/\/medicina.udd.cl\/nutricion-dietetica-santiago\/"},{"@type":"ListItem","position":2,"name":"Expertos reflexionan sobre buenas pr\u00e1cticas para promover la salud en escuelas"}]},{"@type":"WebSite","@id":"https:\/\/medicina.udd.cl\/nutricion-dietetica-santiago\/#website","url":"https:\/\/medicina.udd.cl\/nutricion-dietetica-santiago\/","name":"Nutrici\u00f3n y Diet\u00e9tica","description":"Facultad de Medicina C\u00ednica Alemana Universidad del Desarrollo","inLanguage":"es"},{"@type":"Person","@id":"https:\/\/medicina.udd.cl\/nutricion-dietetica-santiago\/#\/schema\/person\/dbc3705bf3a93e8be1ba6de0ef950341","name":"rbraidy","image":{"@type":"ImageObject","inLanguage":"es","@id":"https:\/\/medicina.udd.cl\/nutricion-dietetica-santiago\/#\/schema\/person\/image\/","url":"https:\/\/secure.gravatar.com\/avatar\/0f8bc94637401590e45d2ce17eb65c274cb8870a219de6177f3f23e63fd8cdf3?s=96&d=mm&r=g","contentUrl":"https:\/\/secure.gravatar.com\/avatar\/0f8bc94637401590e45d2ce17eb65c274cb8870a219de6177f3f23e63fd8cdf3?s=96&d=mm&r=g","caption":"rbraidy"},"url":"https:\/\/medicina.udd.cl\/nutricion-dietetica-santiago\/noticias\/author\/rbraidy\/"}]}},"featured_image_url":"https:\/\/medicina.udd.cl\/nutricion-dietetica-santiago\/files\/2019\/12\/IMG_2158.jpg","_links":{"self":[{"href":"https:\/\/medicina.udd.cl\/nutricion-dietetica-santiago\/wp-json\/wp\/v2\/posts\/5186","targetHints":{"allow":["GET"]}}],"collection":[{"href":"https:\/\/medicina.udd.cl\/nutricion-dietetica-santiago\/wp-json\/wp\/v2\/posts"}],"about":[{"href":"https:\/\/medicina.udd.cl\/nutricion-dietetica-santiago\/wp-json\/wp\/v2\/types\/post"}],"author":[{"embeddable":true,"href":"https:\/\/medicina.udd.cl\/nutricion-dietetica-santiago\/wp-json\/wp\/v2\/users\/9192219"}],"replies":[{"embeddable":true,"href":"https:\/\/medicina.udd.cl\/nutricion-dietetica-santiago\/wp-json\/wp\/v2\/comments?post=5186"}],"version-history":[{"count":3,"href":"https:\/\/medicina.udd.cl\/nutricion-dietetica-santiago\/wp-json\/wp\/v2\/posts\/5186\/revisions"}],"predecessor-version":[{"id":5215,"href":"https:\/\/medicina.udd.cl\/nutricion-dietetica-santiago\/wp-json\/wp\/v2\/posts\/5186\/revisions\/5215"}],"wp:featuredmedia":[{"embeddable":true,"href":"https:\/\/medicina.udd.cl\/nutricion-dietetica-santiago\/wp-json\/wp\/v2\/media\/5187"}],"wp:attachment":[{"href":"https:\/\/medicina.udd.cl\/nutricion-dietetica-santiago\/wp-json\/wp\/v2\/media?parent=5186"}],"wp:term":[{"taxonomy":"category","embeddable":true,"href":"https:\/\/medicina.udd.cl\/nutricion-dietetica-santiago\/wp-json\/wp\/v2\/categories?post=5186"},{"taxonomy":"post_tag","embeddable":true,"href":"https:\/\/medicina.udd.cl\/nutricion-dietetica-santiago\/wp-json\/wp\/v2\/tags?post=5186"}],"curies":[{"name":"wp","href":"https:\/\/api.w.org\/{rel}","templated":true}]}}