{"id":5539,"date":"2020-06-25T17:51:07","date_gmt":"2020-06-25T21:51:07","guid":{"rendered":"http:\/\/medicina.udd.cl\/nutricion-dietetica-santiago\/?p=5539"},"modified":"2020-09-09T16:13:15","modified_gmt":"2020-09-09T19:13:15","slug":"en-tiempos-de-pandemia-nutricion-y-dietetica-contribuye-a-la-educacion-saludable-de-atletas-con-discapacidad","status":"publish","type":"post","link":"https:\/\/medicina.udd.cl\/nutricion-dietetica-santiago\/noticias\/2020\/06\/25\/en-tiempos-de-pandemia-nutricion-y-dietetica-contribuye-a-la-educacion-saludable-de-atletas-con-discapacidad\/","title":{"rendered":"En tiempos de pandemia, Nutrici\u00f3n y Diet\u00e9tica contribuye a la educaci\u00f3n saludable de atletas con discapacidad"},"content":{"rendered":"<div id=\"gallery-1\" class=\"carousel slide carousel-gallery\" data-ride=\"false\" data-interval=\"false\"><div class=\"carousel-inner\" role=\"listbox\"><figure class=\"carousel-item active\"><img loading=\"lazy\" decoding=\"async\" width=\"952\" height=\"534\" src=\"https:\/\/medicina.udd.cl\/nutricion-dietetica-santiago\/files\/2020\/06\/O.E-2-952x534.png\" class=\"attachment-landscape_952 size-landscape_952\" alt=\"\" srcset=\"https:\/\/medicina.udd.cl\/nutricion-dietetica-santiago\/files\/2020\/06\/O.E-2-952x534.png 952w, https:\/\/medicina.udd.cl\/nutricion-dietetica-santiago\/files\/2020\/06\/O.E-2-680x382.png 680w\" sizes=\"auto, (max-width: 952px) 100vw, 952px\" \/><\/figure><figure class=\"carousel-item\"><img loading=\"lazy\" decoding=\"async\" width=\"578\" height=\"534\" src=\"https:\/\/medicina.udd.cl\/nutricion-dietetica-santiago\/files\/2020\/06\/O.E-1-578x534.png\" class=\"attachment-landscape_952 size-landscape_952\" alt=\"\" \/><\/figure><figure class=\"carousel-item\"><img loading=\"lazy\" decoding=\"async\" width=\"952\" height=\"534\" src=\"https:\/\/medicina.udd.cl\/nutricion-dietetica-santiago\/files\/2020\/06\/O.E-3-952x534.png\" class=\"attachment-landscape_952 size-landscape_952\" alt=\"\" srcset=\"https:\/\/medicina.udd.cl\/nutricion-dietetica-santiago\/files\/2020\/06\/O.E-3-952x534.png 952w, https:\/\/medicina.udd.cl\/nutricion-dietetica-santiago\/files\/2020\/06\/O.E-3-680x382.png 680w\" sizes=\"auto, (max-width: 952px) 100vw, 952px\" \/><\/figure><figure class=\"carousel-item\"><img loading=\"lazy\" decoding=\"async\" width=\"952\" height=\"534\" src=\"https:\/\/medicina.udd.cl\/nutricion-dietetica-santiago\/files\/2020\/06\/Logo-O.E-952x534.png\" class=\"attachment-landscape_952 size-landscape_952\" alt=\"\" srcset=\"https:\/\/medicina.udd.cl\/nutricion-dietetica-santiago\/files\/2020\/06\/Logo-O.E-952x534.png 952w, https:\/\/medicina.udd.cl\/nutricion-dietetica-santiago\/files\/2020\/06\/Logo-O.E-680x382.png 680w\" sizes=\"auto, (max-width: 952px) 100vw, 952px\" \/><\/figure><\/div><footer class=\"carousel-footer\"><div class=\"carousel-counter\"><span class=\"carousel-counter-current\"><\/span> \/ <span class=\"carousel-counter-total\"><\/span><\/div><a class=\"carousel-control-prev\" href=\"#gallery-1\" role=\"button\" data-slide=\"prev\"><svg aria-hidden=\"true\" class=\"svg-chevron-left-dims\"><use xlink:href='https:\/\/medicina.udd.cl\/nutricion-dietetica-santiago\/wp-content\/themes\/facultades-2018\/assets\/img\/svg\/dist\/main.svg?version=1695853099#chevron-left'><\/use><\/svg><span class=\"sr-only\">Anterior<\/span><\/a><a class=\"carousel-control-next\" href=\"#gallery-1\" role=\"button\" data-slide=\"next\"><svg aria-hidden=\"true\" class=\"svg-chevron-right-dims\"><use xlink:href='https:\/\/medicina.udd.cl\/nutricion-dietetica-santiago\/wp-content\/themes\/facultades-2018\/assets\/img\/svg\/dist\/main.svg?version=1695853099#chevron-right'><\/use><\/svg><span class=\"sr-only\">Siguiente<\/span><\/a><\/footer><\/div>\n\n\n<p>Desde el a\u00f1o 2017, la carrera de Nutrici\u00f3n y Diet\u00e9tica de la Facultad de Medicina Cl\u00ednica Alemana Universidad del Desarrollo se encuentra apoyando a Olimpiadas Especiales, organizaci\u00f3n deportiva sin fines de lucro que busca la inclusi\u00f3n de personas con discapacidad intelectual.<\/p>\n\n\n\n<p>Estos apoyos los realizan tanto estudiantes como docentes de la carrera y se traducen en talleres de evaluaci\u00f3n nutricional, stand de alimentaci\u00f3n saludable, actividades educativas y charlas de nutrici\u00f3n dirigidas a personas con discapacidad intelectual. Iniciativas que han debido adaptarse a estos tiempos de pandemia, a trav\u00e9s de charlas virtuales a los entrenadores, padres y\/o cuidadores de estos atletas, para que as\u00ed puedan mantener h\u00e1bitos alimenticios saludables durante la cuarentena.&nbsp;<\/p>\n\n\n\n<p>\u201cEl trabajo que hacemos desde la carrera de Nutrici\u00f3n y Diet\u00e9tica, en conjunto con la fundaci\u00f3n de Olimpiadas Especiales Chile es fundamental, ya que nos permite aportar desde un pilar b\u00e1sico como lo es una alimentaci\u00f3n saludable, en la consecuci\u00f3n de los objetivos de estos atletas\u201d, se\u00f1ala Cristi\u00e1n Sep\u00falveda, docente de Nutrici\u00f3n y Diet\u00e9tica y colaborador de la Fundaci\u00f3n Olimpiadas Especiales Chile.<\/p>\n\n\n\n<p>Actualmente, Olimpiadas Especiales se encuentra presente en 192 pa\u00edses y en su organizaci\u00f3n participan m\u00e1s de 5 millones de atletas y m\u00e1s de 1 mill\u00f3n de entrenadores y voluntarios. En Chile est\u00e1 presente en 5 regiones y contempla 9 deportes: tenis, atletismo, f\u00fatbol, equitaci\u00f3n, tenis de mesa, bochas, B\u00e1squetbol, esqu\u00ed, snowboard; totalizando m\u00e1s de 4.700 atletas participantes.<\/p>\n","protected":false},"excerpt":{"rendered":"<p>Desde el a\u00f1o 2017, la carrera de Nutrici\u00f3n y Diet\u00e9tica de la Facultad de Medicina Cl\u00ednica Alemana Universidad del Desarrollo se encuentra apoyando a Olimpiadas Especiales, organizaci\u00f3n deportiva sin fines de lucro que busca la inclusi\u00f3n de personas con discapacidad intelectual. Estos apoyos los realizan tanto estudiantes como docentes de la carrera y se traducen [&hellip;]<\/p>\n","protected":false},"author":9192219,"featured_media":5621,"comment_status":"open","ping_status":"open","sticky":false,"template":"","format":"standard","meta":{"footnotes":""},"categories":[4],"tags":[],"class_list":["post-5539","post","type-post","status-publish","format-standard","has-post-thumbnail","hentry","category-noticias"],"yoast_head":"<!-- This site is optimized with the Yoast SEO plugin v26.9 - https:\/\/yoast.com\/product\/yoast-seo-wordpress\/ -->\n<title>En tiempos de pandemia, Nutrici\u00f3n y Diet\u00e9tica contribuye a la educaci\u00f3n saludable de atletas con discapacidad - Nutrici\u00f3n y Diet\u00e9tica<\/title>\n<meta name=\"robots\" content=\"index, follow, max-snippet:-1, max-image-preview:large, max-video-preview:-1\" \/>\n<link rel=\"canonical\" href=\"https:\/\/medicina.udd.cl\/nutricion-dietetica-santiago\/noticias\/2020\/06\/25\/en-tiempos-de-pandemia-nutricion-y-dietetica-contribuye-a-la-educacion-saludable-de-atletas-con-discapacidad\/\" \/>\n<meta property=\"og:locale\" content=\"es_ES\" \/>\n<meta property=\"og:type\" content=\"article\" \/>\n<meta property=\"og:title\" content=\"En tiempos de pandemia, Nutrici\u00f3n y Diet\u00e9tica contribuye a la educaci\u00f3n saludable de atletas con discapacidad - Nutrici\u00f3n y Diet\u00e9tica\" \/>\n<meta property=\"og:description\" content=\"Desde el a\u00f1o 2017, la carrera de Nutrici\u00f3n y Diet\u00e9tica de la Facultad de Medicina Cl\u00ednica Alemana Universidad del Desarrollo se encuentra apoyando a Olimpiadas Especiales, organizaci\u00f3n deportiva sin fines de lucro que busca la inclusi\u00f3n de personas con discapacidad intelectual. Estos apoyos los realizan tanto estudiantes como docentes de la carrera y se traducen [&hellip;]\" \/>\n<meta property=\"og:url\" content=\"https:\/\/medicina.udd.cl\/nutricion-dietetica-santiago\/noticias\/2020\/06\/25\/en-tiempos-de-pandemia-nutricion-y-dietetica-contribuye-a-la-educacion-saludable-de-atletas-con-discapacidad\/\" \/>\n<meta property=\"og:site_name\" content=\"Nutrici\u00f3n y Diet\u00e9tica\" \/>\n<meta property=\"article:published_time\" content=\"2020-06-25T21:51:07+00:00\" \/>\n<meta property=\"article:modified_time\" content=\"2020-09-09T19:13:15+00:00\" \/>\n<meta property=\"og:image\" content=\"https:\/\/medicina.udd.cl\/nutricion-dietetica-santiago\/files\/2020\/06\/olimpiadasnutri.jpg\" \/>\n\t<meta property=\"og:image:width\" content=\"739\" \/>\n\t<meta property=\"og:image:height\" content=\"477\" \/>\n\t<meta property=\"og:image:type\" content=\"image\/jpeg\" \/>\n<meta name=\"author\" content=\"rbraidy\" \/>\n<meta name=\"twitter:label1\" content=\"Escrito por\" \/>\n\t<meta name=\"twitter:data1\" content=\"rbraidy\" \/>\n\t<meta name=\"twitter:label2\" content=\"Tiempo de lectura\" \/>\n\t<meta name=\"twitter:data2\" content=\"1 minuto\" \/>\n<script type=\"application\/ld+json\" class=\"yoast-schema-graph\">{\"@context\":\"https:\/\/schema.org\",\"@graph\":[{\"@type\":\"Article\",\"@id\":\"https:\/\/medicina.udd.cl\/nutricion-dietetica-santiago\/noticias\/2020\/06\/25\/en-tiempos-de-pandemia-nutricion-y-dietetica-contribuye-a-la-educacion-saludable-de-atletas-con-discapacidad\/#article\",\"isPartOf\":{\"@id\":\"https:\/\/medicina.udd.cl\/nutricion-dietetica-santiago\/noticias\/2020\/06\/25\/en-tiempos-de-pandemia-nutricion-y-dietetica-contribuye-a-la-educacion-saludable-de-atletas-con-discapacidad\/\"},\"author\":{\"name\":\"rbraidy\",\"@id\":\"https:\/\/medicina.udd.cl\/nutricion-dietetica-santiago\/#\/schema\/person\/dbc3705bf3a93e8be1ba6de0ef950341\"},\"headline\":\"En tiempos de pandemia, Nutrici\u00f3n y Diet\u00e9tica contribuye a la educaci\u00f3n saludable de atletas con discapacidad\",\"datePublished\":\"2020-06-25T21:51:07+00:00\",\"dateModified\":\"2020-09-09T19:13:15+00:00\",\"mainEntityOfPage\":{\"@id\":\"https:\/\/medicina.udd.cl\/nutricion-dietetica-santiago\/noticias\/2020\/06\/25\/en-tiempos-de-pandemia-nutricion-y-dietetica-contribuye-a-la-educacion-saludable-de-atletas-con-discapacidad\/\"},\"wordCount\":278,\"commentCount\":0,\"image\":{\"@id\":\"https:\/\/medicina.udd.cl\/nutricion-dietetica-santiago\/noticias\/2020\/06\/25\/en-tiempos-de-pandemia-nutricion-y-dietetica-contribuye-a-la-educacion-saludable-de-atletas-con-discapacidad\/#primaryimage\"},\"thumbnailUrl\":\"https:\/\/medicina.udd.cl\/nutricion-dietetica-santiago\/files\/2020\/06\/olimpiadasnutri.jpg\",\"articleSection\":[\"Noticias\"],\"inLanguage\":\"es\",\"potentialAction\":[{\"@type\":\"CommentAction\",\"name\":\"Comment\",\"target\":[\"https:\/\/medicina.udd.cl\/nutricion-dietetica-santiago\/noticias\/2020\/06\/25\/en-tiempos-de-pandemia-nutricion-y-dietetica-contribuye-a-la-educacion-saludable-de-atletas-con-discapacidad\/#respond\"]}]},{\"@type\":\"WebPage\",\"@id\":\"https:\/\/medicina.udd.cl\/nutricion-dietetica-santiago\/noticias\/2020\/06\/25\/en-tiempos-de-pandemia-nutricion-y-dietetica-contribuye-a-la-educacion-saludable-de-atletas-con-discapacidad\/\",\"url\":\"https:\/\/medicina.udd.cl\/nutricion-dietetica-santiago\/noticias\/2020\/06\/25\/en-tiempos-de-pandemia-nutricion-y-dietetica-contribuye-a-la-educacion-saludable-de-atletas-con-discapacidad\/\",\"name\":\"En tiempos de pandemia, Nutrici\u00f3n y Diet\u00e9tica contribuye a la educaci\u00f3n saludable de atletas con discapacidad - Nutrici\u00f3n y Diet\u00e9tica\",\"isPartOf\":{\"@id\":\"https:\/\/medicina.udd.cl\/nutricion-dietetica-santiago\/#website\"},\"primaryImageOfPage\":{\"@id\":\"https:\/\/medicina.udd.cl\/nutricion-dietetica-santiago\/noticias\/2020\/06\/25\/en-tiempos-de-pandemia-nutricion-y-dietetica-contribuye-a-la-educacion-saludable-de-atletas-con-discapacidad\/#primaryimage\"},\"image\":{\"@id\":\"https:\/\/medicina.udd.cl\/nutricion-dietetica-santiago\/noticias\/2020\/06\/25\/en-tiempos-de-pandemia-nutricion-y-dietetica-contribuye-a-la-educacion-saludable-de-atletas-con-discapacidad\/#primaryimage\"},\"thumbnailUrl\":\"https:\/\/medicina.udd.cl\/nutricion-dietetica-santiago\/files\/2020\/06\/olimpiadasnutri.jpg\",\"datePublished\":\"2020-06-25T21:51:07+00:00\",\"dateModified\":\"2020-09-09T19:13:15+00:00\",\"author\":{\"@id\":\"https:\/\/medicina.udd.cl\/nutricion-dietetica-santiago\/#\/schema\/person\/dbc3705bf3a93e8be1ba6de0ef950341\"},\"breadcrumb\":{\"@id\":\"https:\/\/medicina.udd.cl\/nutricion-dietetica-santiago\/noticias\/2020\/06\/25\/en-tiempos-de-pandemia-nutricion-y-dietetica-contribuye-a-la-educacion-saludable-de-atletas-con-discapacidad\/#breadcrumb\"},\"inLanguage\":\"es\",\"potentialAction\":[{\"@type\":\"ReadAction\",\"target\":[\"https:\/\/medicina.udd.cl\/nutricion-dietetica-santiago\/noticias\/2020\/06\/25\/en-tiempos-de-pandemia-nutricion-y-dietetica-contribuye-a-la-educacion-saludable-de-atletas-con-discapacidad\/\"]}]},{\"@type\":\"ImageObject\",\"inLanguage\":\"es\",\"@id\":\"https:\/\/medicina.udd.cl\/nutricion-dietetica-santiago\/noticias\/2020\/06\/25\/en-tiempos-de-pandemia-nutricion-y-dietetica-contribuye-a-la-educacion-saludable-de-atletas-con-discapacidad\/#primaryimage\",\"url\":\"https:\/\/medicina.udd.cl\/nutricion-dietetica-santiago\/files\/2020\/06\/olimpiadasnutri.jpg\",\"contentUrl\":\"https:\/\/medicina.udd.cl\/nutricion-dietetica-santiago\/files\/2020\/06\/olimpiadasnutri.jpg\",\"width\":739,\"height\":477},{\"@type\":\"BreadcrumbList\",\"@id\":\"https:\/\/medicina.udd.cl\/nutricion-dietetica-santiago\/noticias\/2020\/06\/25\/en-tiempos-de-pandemia-nutricion-y-dietetica-contribuye-a-la-educacion-saludable-de-atletas-con-discapacidad\/#breadcrumb\",\"itemListElement\":[{\"@type\":\"ListItem\",\"position\":1,\"name\":\"Home\",\"item\":\"https:\/\/medicina.udd.cl\/nutricion-dietetica-santiago\/\"},{\"@type\":\"ListItem\",\"position\":2,\"name\":\"En tiempos de pandemia, Nutrici\u00f3n y Diet\u00e9tica contribuye a la educaci\u00f3n saludable de atletas con discapacidad\"}]},{\"@type\":\"WebSite\",\"@id\":\"https:\/\/medicina.udd.cl\/nutricion-dietetica-santiago\/#website\",\"url\":\"https:\/\/medicina.udd.cl\/nutricion-dietetica-santiago\/\",\"name\":\"Nutrici\u00f3n y Diet\u00e9tica\",\"description\":\"Facultad de Medicina C\u00ednica Alemana Universidad del Desarrollo\",\"inLanguage\":\"es\"},{\"@type\":\"Person\",\"@id\":\"https:\/\/medicina.udd.cl\/nutricion-dietetica-santiago\/#\/schema\/person\/dbc3705bf3a93e8be1ba6de0ef950341\",\"name\":\"rbraidy\",\"image\":{\"@type\":\"ImageObject\",\"inLanguage\":\"es\",\"@id\":\"https:\/\/medicina.udd.cl\/nutricion-dietetica-santiago\/#\/schema\/person\/image\/\",\"url\":\"https:\/\/secure.gravatar.com\/avatar\/0f8bc94637401590e45d2ce17eb65c274cb8870a219de6177f3f23e63fd8cdf3?s=96&d=mm&r=g\",\"contentUrl\":\"https:\/\/secure.gravatar.com\/avatar\/0f8bc94637401590e45d2ce17eb65c274cb8870a219de6177f3f23e63fd8cdf3?s=96&d=mm&r=g\",\"caption\":\"rbraidy\"},\"url\":\"https:\/\/medicina.udd.cl\/nutricion-dietetica-santiago\/noticias\/author\/rbraidy\/\"}]}<\/script>\n<!-- \/ Yoast SEO plugin. -->","yoast_head_json":{"title":"En tiempos de pandemia, Nutrici\u00f3n y Diet\u00e9tica contribuye a la educaci\u00f3n saludable de atletas con discapacidad - Nutrici\u00f3n y Diet\u00e9tica","robots":{"index":"index","follow":"follow","max-snippet":"max-snippet:-1","max-image-preview":"max-image-preview:large","max-video-preview":"max-video-preview:-1"},"canonical":"https:\/\/medicina.udd.cl\/nutricion-dietetica-santiago\/noticias\/2020\/06\/25\/en-tiempos-de-pandemia-nutricion-y-dietetica-contribuye-a-la-educacion-saludable-de-atletas-con-discapacidad\/","og_locale":"es_ES","og_type":"article","og_title":"En tiempos de pandemia, Nutrici\u00f3n y Diet\u00e9tica contribuye a la educaci\u00f3n saludable de atletas con discapacidad - Nutrici\u00f3n y Diet\u00e9tica","og_description":"Desde el a\u00f1o 2017, la carrera de Nutrici\u00f3n y Diet\u00e9tica de la Facultad de Medicina Cl\u00ednica Alemana Universidad del Desarrollo se encuentra apoyando a Olimpiadas Especiales, organizaci\u00f3n deportiva sin fines de lucro que busca la inclusi\u00f3n de personas con discapacidad intelectual. Estos apoyos los realizan tanto estudiantes como docentes de la carrera y se traducen [&hellip;]","og_url":"https:\/\/medicina.udd.cl\/nutricion-dietetica-santiago\/noticias\/2020\/06\/25\/en-tiempos-de-pandemia-nutricion-y-dietetica-contribuye-a-la-educacion-saludable-de-atletas-con-discapacidad\/","og_site_name":"Nutrici\u00f3n y Diet\u00e9tica","article_published_time":"2020-06-25T21:51:07+00:00","article_modified_time":"2020-09-09T19:13:15+00:00","og_image":[{"width":739,"height":477,"url":"https:\/\/medicina.udd.cl\/nutricion-dietetica-santiago\/files\/2020\/06\/olimpiadasnutri.jpg","type":"image\/jpeg"}],"author":"rbraidy","twitter_misc":{"Escrito por":"rbraidy","Tiempo de lectura":"1 minuto"},"schema":{"@context":"https:\/\/schema.org","@graph":[{"@type":"Article","@id":"https:\/\/medicina.udd.cl\/nutricion-dietetica-santiago\/noticias\/2020\/06\/25\/en-tiempos-de-pandemia-nutricion-y-dietetica-contribuye-a-la-educacion-saludable-de-atletas-con-discapacidad\/#article","isPartOf":{"@id":"https:\/\/medicina.udd.cl\/nutricion-dietetica-santiago\/noticias\/2020\/06\/25\/en-tiempos-de-pandemia-nutricion-y-dietetica-contribuye-a-la-educacion-saludable-de-atletas-con-discapacidad\/"},"author":{"name":"rbraidy","@id":"https:\/\/medicina.udd.cl\/nutricion-dietetica-santiago\/#\/schema\/person\/dbc3705bf3a93e8be1ba6de0ef950341"},"headline":"En tiempos de pandemia, Nutrici\u00f3n y Diet\u00e9tica contribuye a la educaci\u00f3n saludable de atletas con discapacidad","datePublished":"2020-06-25T21:51:07+00:00","dateModified":"2020-09-09T19:13:15+00:00","mainEntityOfPage":{"@id":"https:\/\/medicina.udd.cl\/nutricion-dietetica-santiago\/noticias\/2020\/06\/25\/en-tiempos-de-pandemia-nutricion-y-dietetica-contribuye-a-la-educacion-saludable-de-atletas-con-discapacidad\/"},"wordCount":278,"commentCount":0,"image":{"@id":"https:\/\/medicina.udd.cl\/nutricion-dietetica-santiago\/noticias\/2020\/06\/25\/en-tiempos-de-pandemia-nutricion-y-dietetica-contribuye-a-la-educacion-saludable-de-atletas-con-discapacidad\/#primaryimage"},"thumbnailUrl":"https:\/\/medicina.udd.cl\/nutricion-dietetica-santiago\/files\/2020\/06\/olimpiadasnutri.jpg","articleSection":["Noticias"],"inLanguage":"es","potentialAction":[{"@type":"CommentAction","name":"Comment","target":["https:\/\/medicina.udd.cl\/nutricion-dietetica-santiago\/noticias\/2020\/06\/25\/en-tiempos-de-pandemia-nutricion-y-dietetica-contribuye-a-la-educacion-saludable-de-atletas-con-discapacidad\/#respond"]}]},{"@type":"WebPage","@id":"https:\/\/medicina.udd.cl\/nutricion-dietetica-santiago\/noticias\/2020\/06\/25\/en-tiempos-de-pandemia-nutricion-y-dietetica-contribuye-a-la-educacion-saludable-de-atletas-con-discapacidad\/","url":"https:\/\/medicina.udd.cl\/nutricion-dietetica-santiago\/noticias\/2020\/06\/25\/en-tiempos-de-pandemia-nutricion-y-dietetica-contribuye-a-la-educacion-saludable-de-atletas-con-discapacidad\/","name":"En tiempos de pandemia, Nutrici\u00f3n y Diet\u00e9tica contribuye a la educaci\u00f3n saludable de atletas con discapacidad - Nutrici\u00f3n y Diet\u00e9tica","isPartOf":{"@id":"https:\/\/medicina.udd.cl\/nutricion-dietetica-santiago\/#website"},"primaryImageOfPage":{"@id":"https:\/\/medicina.udd.cl\/nutricion-dietetica-santiago\/noticias\/2020\/06\/25\/en-tiempos-de-pandemia-nutricion-y-dietetica-contribuye-a-la-educacion-saludable-de-atletas-con-discapacidad\/#primaryimage"},"image":{"@id":"https:\/\/medicina.udd.cl\/nutricion-dietetica-santiago\/noticias\/2020\/06\/25\/en-tiempos-de-pandemia-nutricion-y-dietetica-contribuye-a-la-educacion-saludable-de-atletas-con-discapacidad\/#primaryimage"},"thumbnailUrl":"https:\/\/medicina.udd.cl\/nutricion-dietetica-santiago\/files\/2020\/06\/olimpiadasnutri.jpg","datePublished":"2020-06-25T21:51:07+00:00","dateModified":"2020-09-09T19:13:15+00:00","author":{"@id":"https:\/\/medicina.udd.cl\/nutricion-dietetica-santiago\/#\/schema\/person\/dbc3705bf3a93e8be1ba6de0ef950341"},"breadcrumb":{"@id":"https:\/\/medicina.udd.cl\/nutricion-dietetica-santiago\/noticias\/2020\/06\/25\/en-tiempos-de-pandemia-nutricion-y-dietetica-contribuye-a-la-educacion-saludable-de-atletas-con-discapacidad\/#breadcrumb"},"inLanguage":"es","potentialAction":[{"@type":"ReadAction","target":["https:\/\/medicina.udd.cl\/nutricion-dietetica-santiago\/noticias\/2020\/06\/25\/en-tiempos-de-pandemia-nutricion-y-dietetica-contribuye-a-la-educacion-saludable-de-atletas-con-discapacidad\/"]}]},{"@type":"ImageObject","inLanguage":"es","@id":"https:\/\/medicina.udd.cl\/nutricion-dietetica-santiago\/noticias\/2020\/06\/25\/en-tiempos-de-pandemia-nutricion-y-dietetica-contribuye-a-la-educacion-saludable-de-atletas-con-discapacidad\/#primaryimage","url":"https:\/\/medicina.udd.cl\/nutricion-dietetica-santiago\/files\/2020\/06\/olimpiadasnutri.jpg","contentUrl":"https:\/\/medicina.udd.cl\/nutricion-dietetica-santiago\/files\/2020\/06\/olimpiadasnutri.jpg","width":739,"height":477},{"@type":"BreadcrumbList","@id":"https:\/\/medicina.udd.cl\/nutricion-dietetica-santiago\/noticias\/2020\/06\/25\/en-tiempos-de-pandemia-nutricion-y-dietetica-contribuye-a-la-educacion-saludable-de-atletas-con-discapacidad\/#breadcrumb","itemListElement":[{"@type":"ListItem","position":1,"name":"Home","item":"https:\/\/medicina.udd.cl\/nutricion-dietetica-santiago\/"},{"@type":"ListItem","position":2,"name":"En tiempos de pandemia, Nutrici\u00f3n y Diet\u00e9tica contribuye a la educaci\u00f3n saludable de atletas con discapacidad"}]},{"@type":"WebSite","@id":"https:\/\/medicina.udd.cl\/nutricion-dietetica-santiago\/#website","url":"https:\/\/medicina.udd.cl\/nutricion-dietetica-santiago\/","name":"Nutrici\u00f3n y Diet\u00e9tica","description":"Facultad de Medicina C\u00ednica Alemana Universidad del Desarrollo","inLanguage":"es"},{"@type":"Person","@id":"https:\/\/medicina.udd.cl\/nutricion-dietetica-santiago\/#\/schema\/person\/dbc3705bf3a93e8be1ba6de0ef950341","name":"rbraidy","image":{"@type":"ImageObject","inLanguage":"es","@id":"https:\/\/medicina.udd.cl\/nutricion-dietetica-santiago\/#\/schema\/person\/image\/","url":"https:\/\/secure.gravatar.com\/avatar\/0f8bc94637401590e45d2ce17eb65c274cb8870a219de6177f3f23e63fd8cdf3?s=96&d=mm&r=g","contentUrl":"https:\/\/secure.gravatar.com\/avatar\/0f8bc94637401590e45d2ce17eb65c274cb8870a219de6177f3f23e63fd8cdf3?s=96&d=mm&r=g","caption":"rbraidy"},"url":"https:\/\/medicina.udd.cl\/nutricion-dietetica-santiago\/noticias\/author\/rbraidy\/"}]}},"featured_image_url":"https:\/\/medicina.udd.cl\/nutricion-dietetica-santiago\/files\/2020\/06\/olimpiadasnutri.jpg","_links":{"self":[{"href":"https:\/\/medicina.udd.cl\/nutricion-dietetica-santiago\/wp-json\/wp\/v2\/posts\/5539","targetHints":{"allow":["GET"]}}],"collection":[{"href":"https:\/\/medicina.udd.cl\/nutricion-dietetica-santiago\/wp-json\/wp\/v2\/posts"}],"about":[{"href":"https:\/\/medicina.udd.cl\/nutricion-dietetica-santiago\/wp-json\/wp\/v2\/types\/post"}],"author":[{"embeddable":true,"href":"https:\/\/medicina.udd.cl\/nutricion-dietetica-santiago\/wp-json\/wp\/v2\/users\/9192219"}],"replies":[{"embeddable":true,"href":"https:\/\/medicina.udd.cl\/nutricion-dietetica-santiago\/wp-json\/wp\/v2\/comments?post=5539"}],"version-history":[{"count":2,"href":"https:\/\/medicina.udd.cl\/nutricion-dietetica-santiago\/wp-json\/wp\/v2\/posts\/5539\/revisions"}],"predecessor-version":[{"id":5622,"href":"https:\/\/medicina.udd.cl\/nutricion-dietetica-santiago\/wp-json\/wp\/v2\/posts\/5539\/revisions\/5622"}],"wp:featuredmedia":[{"embeddable":true,"href":"https:\/\/medicina.udd.cl\/nutricion-dietetica-santiago\/wp-json\/wp\/v2\/media\/5621"}],"wp:attachment":[{"href":"https:\/\/medicina.udd.cl\/nutricion-dietetica-santiago\/wp-json\/wp\/v2\/media?parent=5539"}],"wp:term":[{"taxonomy":"category","embeddable":true,"href":"https:\/\/medicina.udd.cl\/nutricion-dietetica-santiago\/wp-json\/wp\/v2\/categories?post=5539"},{"taxonomy":"post_tag","embeddable":true,"href":"https:\/\/medicina.udd.cl\/nutricion-dietetica-santiago\/wp-json\/wp\/v2\/tags?post=5539"}],"curies":[{"name":"wp","href":"https:\/\/api.w.org\/{rel}","templated":true}]}}