{"id":7250,"date":"2023-11-09T11:55:44","date_gmt":"2023-11-09T14:55:44","guid":{"rendered":"https:\/\/medicina.udd.cl\/nutricion-dietetica-santiago\/?p=7250"},"modified":"2023-11-10T09:33:13","modified_gmt":"2023-11-10T12:33:13","slug":"la-udd-y-usach-se-adjudican-proyecto-fondef-que-buscara-la-implementacion-de-intervenciones-en-alimentacion-y-actividad-fisica-de-estudiantes","status":"publish","type":"post","link":"https:\/\/medicina.udd.cl\/nutricion-dietetica-santiago\/noticias\/2023\/11\/09\/la-udd-y-usach-se-adjudican-proyecto-fondef-que-buscara-la-implementacion-de-intervenciones-en-alimentacion-y-actividad-fisica-de-estudiantes\/","title":{"rendered":"UDD y USACH se adjudican proyecto Fondef que buscar\u00e1 mejorar los h\u00e1bitos de alimentaci\u00f3n saludable y actividad f\u00edsica de escolares"},"content":{"rendered":"\n<figure class=\"wp-block-gallery has-nested-images columns-default is-cropped wp-block-gallery-1 is-layout-flex wp-block-gallery-is-layout-flex\">\n<figure class=\"wp-block-image size-large\"><a href=\"https:\/\/medicina.udd.cl\/nutricion-dietetica-santiago\/files\/2023\/11\/nut-proyecto-fondef-escuelas-publicas-4.jpg\"><img loading=\"lazy\" decoding=\"async\" width=\"1600\" height=\"1200\" data-id=\"7253\" src=\"https:\/\/medicina.udd.cl\/nutricion-dietetica-santiago\/files\/2023\/11\/nut-proyecto-fondef-escuelas-publicas-4.jpg\" alt=\"\" class=\"wp-image-7253\" srcset=\"https:\/\/medicina.udd.cl\/nutricion-dietetica-santiago\/files\/2023\/11\/nut-proyecto-fondef-escuelas-publicas-4.jpg 1600w, https:\/\/medicina.udd.cl\/nutricion-dietetica-santiago\/files\/2023\/11\/nut-proyecto-fondef-escuelas-publicas-4-300x225.jpg 300w, https:\/\/medicina.udd.cl\/nutricion-dietetica-santiago\/files\/2023\/11\/nut-proyecto-fondef-escuelas-publicas-4-1024x768.jpg 1024w, https:\/\/medicina.udd.cl\/nutricion-dietetica-santiago\/files\/2023\/11\/nut-proyecto-fondef-escuelas-publicas-4-768x576.jpg 768w, https:\/\/medicina.udd.cl\/nutricion-dietetica-santiago\/files\/2023\/11\/nut-proyecto-fondef-escuelas-publicas-4-1536x1152.jpg 1536w\" sizes=\"auto, (max-width: 1600px) 100vw, 1600px\" \/><\/a><\/figure>\n\n\n\n<figure class=\"wp-block-image size-large\"><a href=\"https:\/\/medicina.udd.cl\/nutricion-dietetica-santiago\/files\/2023\/11\/nut-proyecto-fondef-escuelas-publicas-2.jpg\"><img loading=\"lazy\" decoding=\"async\" width=\"1032\" height=\"774\" data-id=\"7251\" src=\"https:\/\/medicina.udd.cl\/nutricion-dietetica-santiago\/files\/2023\/11\/nut-proyecto-fondef-escuelas-publicas-2.jpg\" alt=\"\" class=\"wp-image-7251\" srcset=\"https:\/\/medicina.udd.cl\/nutricion-dietetica-santiago\/files\/2023\/11\/nut-proyecto-fondef-escuelas-publicas-2.jpg 1032w, https:\/\/medicina.udd.cl\/nutricion-dietetica-santiago\/files\/2023\/11\/nut-proyecto-fondef-escuelas-publicas-2-300x225.jpg 300w, https:\/\/medicina.udd.cl\/nutricion-dietetica-santiago\/files\/2023\/11\/nut-proyecto-fondef-escuelas-publicas-2-1024x768.jpg 1024w, https:\/\/medicina.udd.cl\/nutricion-dietetica-santiago\/files\/2023\/11\/nut-proyecto-fondef-escuelas-publicas-2-768x576.jpg 768w\" sizes=\"auto, (max-width: 1032px) 100vw, 1032px\" \/><\/a><\/figure>\n\n\n\n<figure class=\"wp-block-image size-large\"><a href=\"https:\/\/medicina.udd.cl\/nutricion-dietetica-santiago\/files\/2023\/11\/nut-proyecto-fondef-escuelas-publicas-6.jpg\"><img loading=\"lazy\" decoding=\"async\" width=\"1100\" height=\"825\" data-id=\"7255\" src=\"https:\/\/medicina.udd.cl\/nutricion-dietetica-santiago\/files\/2023\/11\/nut-proyecto-fondef-escuelas-publicas-6.jpg\" alt=\"\" class=\"wp-image-7255\" srcset=\"https:\/\/medicina.udd.cl\/nutricion-dietetica-santiago\/files\/2023\/11\/nut-proyecto-fondef-escuelas-publicas-6.jpg 1100w, https:\/\/medicina.udd.cl\/nutricion-dietetica-santiago\/files\/2023\/11\/nut-proyecto-fondef-escuelas-publicas-6-300x225.jpg 300w, https:\/\/medicina.udd.cl\/nutricion-dietetica-santiago\/files\/2023\/11\/nut-proyecto-fondef-escuelas-publicas-6-1024x768.jpg 1024w, https:\/\/medicina.udd.cl\/nutricion-dietetica-santiago\/files\/2023\/11\/nut-proyecto-fondef-escuelas-publicas-6-768x576.jpg 768w\" sizes=\"auto, (max-width: 1100px) 100vw, 1100px\" \/><\/a><\/figure>\n<\/figure>\n\n\n\n<p>En la \u00faltima convocatoria Fondef-Idea 2023, la Universidad del Desarrollo (UDD), a trav\u00e9s de la carrera de Nutrici\u00f3n y Diet\u00e9tica de la Facultad de Medicina y la Facultad de Educaci\u00f3n, en conjunto con la Universidad de Santiago de Chile (USACH), se adjudicaron el proyecto&nbsp;<em>\u201cImplementaci\u00f3n del Sistema Integrado de Intervenciones en Alimentaci\u00f3n y Actividad F\u00edsica para mejorar los h\u00e1bitos alimentarios y de actividad f\u00edsica de estudiantes de establecimientos educacionales pertenecientes a un Servicio Local de Educaci\u00f3n P\u00fablica\u201d (IT23I0031)<\/em>.<\/p>\n\n\n\n<p>El proyecto cuenta con la participaci\u00f3n de acad\u00e9micos tanto de la carrera de Nutrici\u00f3n y Diet\u00e9tica y de la Facultad de Educaci\u00f3n UDD, junto con acad\u00e9micos de la Escuela de Ciencias de la Actividad F\u00edsica, el Deporte y la Salud, adem\u00e1s del Centro de Ciencias y Tecnolog\u00edas en Alimentos, ambos de la USACH. &nbsp;Esta iniciativa considera tambi\u00e9n la colaboraci\u00f3n con universidades nacionales (Universidad del B\u00edo-B\u00edo) e internacionales (UNESP-Brasil). De igual manera, se trabajar\u00e1 con entidades asociadas como lo es el Servicio de Educaci\u00f3n Local Gabriela Mistral (SLEPGM) y la Junta Nacional de Auxilio Escolar y Becas (JUNAEB).<\/p>\n\n\n\n<p>La directora alterna del proyecto y acad\u00e9mica de Nutrici\u00f3n y Diet\u00e9tica UDD, Nut. Anna Pinheiro, se\u00f1al\u00f3 que la propuesta da continuidad a los trabajos y l\u00ednea de investigaci\u00f3n iniciada con el proyecto Fondef&nbsp;<a href=\"https:\/\/www.udd.cl\/noticias\/2019\/07\/22\/udd-y-u-de-santiago-presentan-proyecto-fondef-para-disminuir-altas-tasas-de-obesidadl\/\">IT18I0016<\/a>&nbsp;(2019-2022), d\u00f3nde se buscar\u00e1 implementar el Sistema de Intervenciones, dise\u00f1ado y probado en el proyecto anterior, en esa oportunidad en un Servicio Local de Educaci\u00f3n P\u00fablica (SLEP).<\/p>\n\n\n\n<p><em>\u201cEl proyecto actual tiene como objetivo mejorar los h\u00e1bitos alimentarios y de actividad f\u00edsica de estudiantes del primer ciclo b\u00e1sico de establecimientos educacionales pertenecientes a el SLEPGM, por medio de la implementaci\u00f3n de un Sistema Integrado de Intervenciones en Alimentaci\u00f3n y Actividad F\u00edsica (SIAF)\u201d<\/em>, indic\u00f3 Pinheiro.<\/p>\n\n\n\n<p>Adem\u00e1s de incorporar el SIAF en el SLEPGM como parte de sus programas de trabajo en los establecimientos educacionales, la propuesta buscar\u00e1, en seis escuelas de tres comunas del SLEPGM, mejorar los h\u00e1bitos de alimentaci\u00f3n saludable y actividad f\u00edsica en la comunidad escolar del primer ciclo b\u00e1sico.&nbsp;<em>\u201cUna de las fortalezas de la propuesta ser\u00e1 el acompa\u00f1amiento del proceso de implementaci\u00f3n del SIAF, tanto en las escuelas como en el SLEP, por acad\u00e9micos especialistas en gesti\u00f3n escolar, reforzando la importancia de la participaci\u00f3n de la Facultad de Educaci\u00f3n UDD, as\u00ed como de la Escuela de Ciencias de la Actividad F\u00edsica, el Deporte y la Salud de la USACH\u201d<\/em>, destac\u00f3 Tito Pizarro, director del proyecto.<\/p>\n\n\n\n<p>En el pa\u00eds, persisten las elevadas prevalencias de exceso de peso (53,0%) y obesidad (26,2%) en la poblaci\u00f3n escolar, siendo que, al ingresar a la ense\u00f1anza b\u00e1sica, 28,8% de los y las escolares tienen obesidad y 53,6% exceso de peso seg\u00fan el&nbsp;<a href=\"https:\/\/www.junaeb.cl\/wp-content\/uploads\/2023\/06\/Mapa-Nutricional-2022.pdf\">Mapa Nutricional<\/a>&nbsp;realizado por la JUNAEB en 2022. A nivel internacional, existe consenso en que las intervenciones contra la obesidad infantil enfocadas en promover una alimentaci\u00f3n saludable y de actividad f\u00edsica, deben ser desarrolladas en el entorno que se desarrollan los ni\u00f1os y adolescentes, el hogar y la escuela. La FAO se\u00f1ala que&nbsp;<em>\u00abun entorno alimentario escolar saludable permite y anima a la comunidad escolar a tomar decisiones alimentarias coherentes con las dietas m\u00e1s sanas y la instalaci\u00f3n de un mayor bienestar \u201c.<\/em><\/p>\n\n\n\n<p>En este contexto, Pizarro se\u00f1al\u00f3 que esta propuesta buscar\u00e1 sobre todo la instalaci\u00f3n de medidas estructurales tales como la integraci\u00f3n de contenidos relacionados a vida saludable en el curriculum escolar utilizando el&nbsp;<a href=\"https:\/\/medicina.udd.cl\/nutricion-dietetica-santiago\/files\/2022\/03\/PROPUESTAS-DE-PLANIFICACI%C3%93N_COMPLETO.pdf\">modelo dise\u00f1ado<\/a>&nbsp;por las carreras de Nutrici\u00f3n y Pedagog\u00eda en Educaci\u00f3n B\u00e1sica de la UDD. Adem\u00e1s, contempla la intervenci\u00f3n en las clases de educaci\u00f3n f\u00edsica y espacios para la pr\u00e1ctica de actividad f\u00edsica en la escuela, utilizando el&nbsp;<a href=\"https:\/\/medicina.udd.cl\/nutricion-dietetica-santiago\/files\/2022\/03\/Manual-de-fuerza-y-juegos_COMPLETO-1.pdf\">modelo dise\u00f1ado<\/a>&nbsp;por la carrera de Pedagog\u00eda en Educaci\u00f3n F\u00edsica de la USACH.&nbsp;<em>\u201cLos entornos escolares ser\u00e1n trabajados, buscando la implementaci\u00f3n de espacios favorables para una alimentaci\u00f3n saludable y sostenible tanto dentro como alrededor de las escuelas\u201d<\/em>, precis\u00f3 el director del proyecto y acad\u00e9mico de la USACH.<\/p>\n\n\n\n<p>Se espera que los resultados apoyen la implementaci\u00f3n de pol\u00edticas p\u00fablicas que puedan hacer un abordaje m\u00e1s integral del problema de la obesidad infantil, desde los territorios y con pertinencia local.<\/p>\n\n\n\n<figure class=\"wp-block-image aligncenter size-large\"><a href=\"https:\/\/medicina.udd.cl\/nutricion-dietetica-santiago\/files\/2023\/11\/nut-proyecto-fondef-escuelas-publicas-5.jpg\"><img loading=\"lazy\" decoding=\"async\" width=\"576\" height=\"1024\" src=\"https:\/\/medicina.udd.cl\/nutricion-dietetica-santiago\/files\/2023\/11\/nut-proyecto-fondef-escuelas-publicas-5-576x1024.jpg\" alt=\"\" class=\"wp-image-7254\" srcset=\"https:\/\/medicina.udd.cl\/nutricion-dietetica-santiago\/files\/2023\/11\/nut-proyecto-fondef-escuelas-publicas-5-576x1024.jpg 576w, https:\/\/medicina.udd.cl\/nutricion-dietetica-santiago\/files\/2023\/11\/nut-proyecto-fondef-escuelas-publicas-5-169x300.jpg 169w, https:\/\/medicina.udd.cl\/nutricion-dietetica-santiago\/files\/2023\/11\/nut-proyecto-fondef-escuelas-publicas-5.jpg 619w\" sizes=\"auto, (max-width: 576px) 100vw, 576px\" \/><\/a><\/figure>\n","protected":false},"excerpt":{"rendered":"<p>En la \u00faltima convocatoria Fondef-Idea 2023, la Universidad del Desarrollo (UDD), a trav\u00e9s de la carrera de Nutrici\u00f3n y Diet\u00e9tica de la Facultad de Medicina y la Facultad de Educaci\u00f3n, en conjunto con la Universidad de Santiago de Chile (USACH), se adjudicaron el proyecto&nbsp;\u201cImplementaci\u00f3n del Sistema Integrado de Intervenciones en Alimentaci\u00f3n y Actividad F\u00edsica para [&hellip;]<\/p>\n","protected":false},"author":9192219,"featured_media":7253,"comment_status":"closed","ping_status":"open","sticky":false,"template":"","format":"standard","meta":{"footnotes":""},"categories":[4],"tags":[],"class_list":["post-7250","post","type-post","status-publish","format-standard","has-post-thumbnail","hentry","category-noticias"],"yoast_head":"<!-- This site is optimized with the Yoast SEO plugin v26.9 - https:\/\/yoast.com\/product\/yoast-seo-wordpress\/ -->\n<title>UDD y USACH se adjudican proyecto Fondef que buscar\u00e1 mejorar los h\u00e1bitos de alimentaci\u00f3n saludable y actividad f\u00edsica de escolares - Nutrici\u00f3n y Diet\u00e9tica<\/title>\n<meta name=\"robots\" content=\"index, follow, max-snippet:-1, max-image-preview:large, max-video-preview:-1\" \/>\n<link rel=\"canonical\" href=\"https:\/\/medicina.udd.cl\/nutricion-dietetica-santiago\/noticias\/2023\/11\/09\/la-udd-y-usach-se-adjudican-proyecto-fondef-que-buscara-la-implementacion-de-intervenciones-en-alimentacion-y-actividad-fisica-de-estudiantes\/\" \/>\n<meta property=\"og:locale\" content=\"es_ES\" \/>\n<meta property=\"og:type\" content=\"article\" \/>\n<meta property=\"og:title\" content=\"UDD y USACH se adjudican proyecto Fondef que buscar\u00e1 mejorar los h\u00e1bitos de alimentaci\u00f3n saludable y actividad f\u00edsica de escolares - Nutrici\u00f3n y Diet\u00e9tica\" \/>\n<meta property=\"og:description\" content=\"En la \u00faltima convocatoria Fondef-Idea 2023, la Universidad del Desarrollo (UDD), a trav\u00e9s de la carrera de Nutrici\u00f3n y Diet\u00e9tica de la Facultad de Medicina y la Facultad de Educaci\u00f3n, en conjunto con la Universidad de Santiago de Chile (USACH), se adjudicaron el proyecto&nbsp;\u201cImplementaci\u00f3n del Sistema Integrado de Intervenciones en Alimentaci\u00f3n y Actividad F\u00edsica para [&hellip;]\" \/>\n<meta property=\"og:url\" content=\"https:\/\/medicina.udd.cl\/nutricion-dietetica-santiago\/noticias\/2023\/11\/09\/la-udd-y-usach-se-adjudican-proyecto-fondef-que-buscara-la-implementacion-de-intervenciones-en-alimentacion-y-actividad-fisica-de-estudiantes\/\" \/>\n<meta property=\"og:site_name\" content=\"Nutrici\u00f3n y Diet\u00e9tica\" \/>\n<meta property=\"article:published_time\" content=\"2023-11-09T14:55:44+00:00\" \/>\n<meta property=\"article:modified_time\" content=\"2023-11-10T12:33:13+00:00\" \/>\n<meta property=\"og:image\" content=\"https:\/\/medicina.udd.cl\/nutricion-dietetica-santiago\/files\/2023\/11\/nut-proyecto-fondef-escuelas-publicas-4.jpg\" \/>\n\t<meta property=\"og:image:width\" content=\"1600\" \/>\n\t<meta property=\"og:image:height\" content=\"1200\" \/>\n\t<meta property=\"og:image:type\" content=\"image\/jpeg\" \/>\n<meta name=\"author\" content=\"rbraidy\" \/>\n<meta name=\"twitter:label1\" content=\"Escrito por\" \/>\n\t<meta name=\"twitter:data1\" content=\"rbraidy\" \/>\n\t<meta name=\"twitter:label2\" content=\"Tiempo de lectura\" \/>\n\t<meta name=\"twitter:data2\" content=\"4 minutos\" \/>\n<script type=\"application\/ld+json\" class=\"yoast-schema-graph\">{\"@context\":\"https:\/\/schema.org\",\"@graph\":[{\"@type\":\"Article\",\"@id\":\"https:\/\/medicina.udd.cl\/nutricion-dietetica-santiago\/noticias\/2023\/11\/09\/la-udd-y-usach-se-adjudican-proyecto-fondef-que-buscara-la-implementacion-de-intervenciones-en-alimentacion-y-actividad-fisica-de-estudiantes\/#article\",\"isPartOf\":{\"@id\":\"https:\/\/medicina.udd.cl\/nutricion-dietetica-santiago\/noticias\/2023\/11\/09\/la-udd-y-usach-se-adjudican-proyecto-fondef-que-buscara-la-implementacion-de-intervenciones-en-alimentacion-y-actividad-fisica-de-estudiantes\/\"},\"author\":{\"name\":\"rbraidy\",\"@id\":\"https:\/\/medicina.udd.cl\/nutricion-dietetica-santiago\/#\/schema\/person\/dbc3705bf3a93e8be1ba6de0ef950341\"},\"headline\":\"UDD y USACH se adjudican proyecto Fondef que buscar\u00e1 mejorar los h\u00e1bitos de alimentaci\u00f3n saludable y actividad f\u00edsica de escolares\",\"datePublished\":\"2023-11-09T14:55:44+00:00\",\"dateModified\":\"2023-11-10T12:33:13+00:00\",\"mainEntityOfPage\":{\"@id\":\"https:\/\/medicina.udd.cl\/nutricion-dietetica-santiago\/noticias\/2023\/11\/09\/la-udd-y-usach-se-adjudican-proyecto-fondef-que-buscara-la-implementacion-de-intervenciones-en-alimentacion-y-actividad-fisica-de-estudiantes\/\"},\"wordCount\":790,\"image\":{\"@id\":\"https:\/\/medicina.udd.cl\/nutricion-dietetica-santiago\/noticias\/2023\/11\/09\/la-udd-y-usach-se-adjudican-proyecto-fondef-que-buscara-la-implementacion-de-intervenciones-en-alimentacion-y-actividad-fisica-de-estudiantes\/#primaryimage\"},\"thumbnailUrl\":\"https:\/\/medicina.udd.cl\/nutricion-dietetica-santiago\/files\/2023\/11\/nut-proyecto-fondef-escuelas-publicas-4.jpg\",\"articleSection\":[\"Noticias\"],\"inLanguage\":\"es\"},{\"@type\":\"WebPage\",\"@id\":\"https:\/\/medicina.udd.cl\/nutricion-dietetica-santiago\/noticias\/2023\/11\/09\/la-udd-y-usach-se-adjudican-proyecto-fondef-que-buscara-la-implementacion-de-intervenciones-en-alimentacion-y-actividad-fisica-de-estudiantes\/\",\"url\":\"https:\/\/medicina.udd.cl\/nutricion-dietetica-santiago\/noticias\/2023\/11\/09\/la-udd-y-usach-se-adjudican-proyecto-fondef-que-buscara-la-implementacion-de-intervenciones-en-alimentacion-y-actividad-fisica-de-estudiantes\/\",\"name\":\"UDD y USACH se adjudican proyecto Fondef que buscar\u00e1 mejorar los h\u00e1bitos de alimentaci\u00f3n saludable y actividad f\u00edsica de escolares - Nutrici\u00f3n y Diet\u00e9tica\",\"isPartOf\":{\"@id\":\"https:\/\/medicina.udd.cl\/nutricion-dietetica-santiago\/#website\"},\"primaryImageOfPage\":{\"@id\":\"https:\/\/medicina.udd.cl\/nutricion-dietetica-santiago\/noticias\/2023\/11\/09\/la-udd-y-usach-se-adjudican-proyecto-fondef-que-buscara-la-implementacion-de-intervenciones-en-alimentacion-y-actividad-fisica-de-estudiantes\/#primaryimage\"},\"image\":{\"@id\":\"https:\/\/medicina.udd.cl\/nutricion-dietetica-santiago\/noticias\/2023\/11\/09\/la-udd-y-usach-se-adjudican-proyecto-fondef-que-buscara-la-implementacion-de-intervenciones-en-alimentacion-y-actividad-fisica-de-estudiantes\/#primaryimage\"},\"thumbnailUrl\":\"https:\/\/medicina.udd.cl\/nutricion-dietetica-santiago\/files\/2023\/11\/nut-proyecto-fondef-escuelas-publicas-4.jpg\",\"datePublished\":\"2023-11-09T14:55:44+00:00\",\"dateModified\":\"2023-11-10T12:33:13+00:00\",\"author\":{\"@id\":\"https:\/\/medicina.udd.cl\/nutricion-dietetica-santiago\/#\/schema\/person\/dbc3705bf3a93e8be1ba6de0ef950341\"},\"breadcrumb\":{\"@id\":\"https:\/\/medicina.udd.cl\/nutricion-dietetica-santiago\/noticias\/2023\/11\/09\/la-udd-y-usach-se-adjudican-proyecto-fondef-que-buscara-la-implementacion-de-intervenciones-en-alimentacion-y-actividad-fisica-de-estudiantes\/#breadcrumb\"},\"inLanguage\":\"es\",\"potentialAction\":[{\"@type\":\"ReadAction\",\"target\":[\"https:\/\/medicina.udd.cl\/nutricion-dietetica-santiago\/noticias\/2023\/11\/09\/la-udd-y-usach-se-adjudican-proyecto-fondef-que-buscara-la-implementacion-de-intervenciones-en-alimentacion-y-actividad-fisica-de-estudiantes\/\"]}]},{\"@type\":\"ImageObject\",\"inLanguage\":\"es\",\"@id\":\"https:\/\/medicina.udd.cl\/nutricion-dietetica-santiago\/noticias\/2023\/11\/09\/la-udd-y-usach-se-adjudican-proyecto-fondef-que-buscara-la-implementacion-de-intervenciones-en-alimentacion-y-actividad-fisica-de-estudiantes\/#primaryimage\",\"url\":\"https:\/\/medicina.udd.cl\/nutricion-dietetica-santiago\/files\/2023\/11\/nut-proyecto-fondef-escuelas-publicas-4.jpg\",\"contentUrl\":\"https:\/\/medicina.udd.cl\/nutricion-dietetica-santiago\/files\/2023\/11\/nut-proyecto-fondef-escuelas-publicas-4.jpg\",\"width\":1600,\"height\":1200},{\"@type\":\"BreadcrumbList\",\"@id\":\"https:\/\/medicina.udd.cl\/nutricion-dietetica-santiago\/noticias\/2023\/11\/09\/la-udd-y-usach-se-adjudican-proyecto-fondef-que-buscara-la-implementacion-de-intervenciones-en-alimentacion-y-actividad-fisica-de-estudiantes\/#breadcrumb\",\"itemListElement\":[{\"@type\":\"ListItem\",\"position\":1,\"name\":\"Home\",\"item\":\"https:\/\/medicina.udd.cl\/nutricion-dietetica-santiago\/\"},{\"@type\":\"ListItem\",\"position\":2,\"name\":\"UDD y USACH se adjudican proyecto Fondef que buscar\u00e1 mejorar los h\u00e1bitos de alimentaci\u00f3n saludable y actividad f\u00edsica de escolares\"}]},{\"@type\":\"WebSite\",\"@id\":\"https:\/\/medicina.udd.cl\/nutricion-dietetica-santiago\/#website\",\"url\":\"https:\/\/medicina.udd.cl\/nutricion-dietetica-santiago\/\",\"name\":\"Nutrici\u00f3n y Diet\u00e9tica\",\"description\":\"Facultad de Medicina C\u00ednica Alemana Universidad del Desarrollo\",\"inLanguage\":\"es\"},{\"@type\":\"Person\",\"@id\":\"https:\/\/medicina.udd.cl\/nutricion-dietetica-santiago\/#\/schema\/person\/dbc3705bf3a93e8be1ba6de0ef950341\",\"name\":\"rbraidy\",\"image\":{\"@type\":\"ImageObject\",\"inLanguage\":\"es\",\"@id\":\"https:\/\/medicina.udd.cl\/nutricion-dietetica-santiago\/#\/schema\/person\/image\/\",\"url\":\"https:\/\/secure.gravatar.com\/avatar\/0f8bc94637401590e45d2ce17eb65c274cb8870a219de6177f3f23e63fd8cdf3?s=96&d=mm&r=g\",\"contentUrl\":\"https:\/\/secure.gravatar.com\/avatar\/0f8bc94637401590e45d2ce17eb65c274cb8870a219de6177f3f23e63fd8cdf3?s=96&d=mm&r=g\",\"caption\":\"rbraidy\"},\"url\":\"https:\/\/medicina.udd.cl\/nutricion-dietetica-santiago\/noticias\/author\/rbraidy\/\"}]}<\/script>\n<!-- \/ Yoast SEO plugin. -->","yoast_head_json":{"title":"UDD y USACH se adjudican proyecto Fondef que buscar\u00e1 mejorar los h\u00e1bitos de alimentaci\u00f3n saludable y actividad f\u00edsica de escolares - Nutrici\u00f3n y Diet\u00e9tica","robots":{"index":"index","follow":"follow","max-snippet":"max-snippet:-1","max-image-preview":"max-image-preview:large","max-video-preview":"max-video-preview:-1"},"canonical":"https:\/\/medicina.udd.cl\/nutricion-dietetica-santiago\/noticias\/2023\/11\/09\/la-udd-y-usach-se-adjudican-proyecto-fondef-que-buscara-la-implementacion-de-intervenciones-en-alimentacion-y-actividad-fisica-de-estudiantes\/","og_locale":"es_ES","og_type":"article","og_title":"UDD y USACH se adjudican proyecto Fondef que buscar\u00e1 mejorar los h\u00e1bitos de alimentaci\u00f3n saludable y actividad f\u00edsica de escolares - Nutrici\u00f3n y Diet\u00e9tica","og_description":"En la \u00faltima convocatoria Fondef-Idea 2023, la Universidad del Desarrollo (UDD), a trav\u00e9s de la carrera de Nutrici\u00f3n y Diet\u00e9tica de la Facultad de Medicina y la Facultad de Educaci\u00f3n, en conjunto con la Universidad de Santiago de Chile (USACH), se adjudicaron el proyecto&nbsp;\u201cImplementaci\u00f3n del Sistema Integrado de Intervenciones en Alimentaci\u00f3n y Actividad F\u00edsica para [&hellip;]","og_url":"https:\/\/medicina.udd.cl\/nutricion-dietetica-santiago\/noticias\/2023\/11\/09\/la-udd-y-usach-se-adjudican-proyecto-fondef-que-buscara-la-implementacion-de-intervenciones-en-alimentacion-y-actividad-fisica-de-estudiantes\/","og_site_name":"Nutrici\u00f3n y Diet\u00e9tica","article_published_time":"2023-11-09T14:55:44+00:00","article_modified_time":"2023-11-10T12:33:13+00:00","og_image":[{"width":1600,"height":1200,"url":"https:\/\/medicina.udd.cl\/nutricion-dietetica-santiago\/files\/2023\/11\/nut-proyecto-fondef-escuelas-publicas-4.jpg","type":"image\/jpeg"}],"author":"rbraidy","twitter_misc":{"Escrito por":"rbraidy","Tiempo de lectura":"4 minutos"},"schema":{"@context":"https:\/\/schema.org","@graph":[{"@type":"Article","@id":"https:\/\/medicina.udd.cl\/nutricion-dietetica-santiago\/noticias\/2023\/11\/09\/la-udd-y-usach-se-adjudican-proyecto-fondef-que-buscara-la-implementacion-de-intervenciones-en-alimentacion-y-actividad-fisica-de-estudiantes\/#article","isPartOf":{"@id":"https:\/\/medicina.udd.cl\/nutricion-dietetica-santiago\/noticias\/2023\/11\/09\/la-udd-y-usach-se-adjudican-proyecto-fondef-que-buscara-la-implementacion-de-intervenciones-en-alimentacion-y-actividad-fisica-de-estudiantes\/"},"author":{"name":"rbraidy","@id":"https:\/\/medicina.udd.cl\/nutricion-dietetica-santiago\/#\/schema\/person\/dbc3705bf3a93e8be1ba6de0ef950341"},"headline":"UDD y USACH se adjudican proyecto Fondef que buscar\u00e1 mejorar los h\u00e1bitos de alimentaci\u00f3n saludable y actividad f\u00edsica de escolares","datePublished":"2023-11-09T14:55:44+00:00","dateModified":"2023-11-10T12:33:13+00:00","mainEntityOfPage":{"@id":"https:\/\/medicina.udd.cl\/nutricion-dietetica-santiago\/noticias\/2023\/11\/09\/la-udd-y-usach-se-adjudican-proyecto-fondef-que-buscara-la-implementacion-de-intervenciones-en-alimentacion-y-actividad-fisica-de-estudiantes\/"},"wordCount":790,"image":{"@id":"https:\/\/medicina.udd.cl\/nutricion-dietetica-santiago\/noticias\/2023\/11\/09\/la-udd-y-usach-se-adjudican-proyecto-fondef-que-buscara-la-implementacion-de-intervenciones-en-alimentacion-y-actividad-fisica-de-estudiantes\/#primaryimage"},"thumbnailUrl":"https:\/\/medicina.udd.cl\/nutricion-dietetica-santiago\/files\/2023\/11\/nut-proyecto-fondef-escuelas-publicas-4.jpg","articleSection":["Noticias"],"inLanguage":"es"},{"@type":"WebPage","@id":"https:\/\/medicina.udd.cl\/nutricion-dietetica-santiago\/noticias\/2023\/11\/09\/la-udd-y-usach-se-adjudican-proyecto-fondef-que-buscara-la-implementacion-de-intervenciones-en-alimentacion-y-actividad-fisica-de-estudiantes\/","url":"https:\/\/medicina.udd.cl\/nutricion-dietetica-santiago\/noticias\/2023\/11\/09\/la-udd-y-usach-se-adjudican-proyecto-fondef-que-buscara-la-implementacion-de-intervenciones-en-alimentacion-y-actividad-fisica-de-estudiantes\/","name":"UDD y USACH se adjudican proyecto Fondef que buscar\u00e1 mejorar los h\u00e1bitos de alimentaci\u00f3n saludable y actividad f\u00edsica de escolares - Nutrici\u00f3n y Diet\u00e9tica","isPartOf":{"@id":"https:\/\/medicina.udd.cl\/nutricion-dietetica-santiago\/#website"},"primaryImageOfPage":{"@id":"https:\/\/medicina.udd.cl\/nutricion-dietetica-santiago\/noticias\/2023\/11\/09\/la-udd-y-usach-se-adjudican-proyecto-fondef-que-buscara-la-implementacion-de-intervenciones-en-alimentacion-y-actividad-fisica-de-estudiantes\/#primaryimage"},"image":{"@id":"https:\/\/medicina.udd.cl\/nutricion-dietetica-santiago\/noticias\/2023\/11\/09\/la-udd-y-usach-se-adjudican-proyecto-fondef-que-buscara-la-implementacion-de-intervenciones-en-alimentacion-y-actividad-fisica-de-estudiantes\/#primaryimage"},"thumbnailUrl":"https:\/\/medicina.udd.cl\/nutricion-dietetica-santiago\/files\/2023\/11\/nut-proyecto-fondef-escuelas-publicas-4.jpg","datePublished":"2023-11-09T14:55:44+00:00","dateModified":"2023-11-10T12:33:13+00:00","author":{"@id":"https:\/\/medicina.udd.cl\/nutricion-dietetica-santiago\/#\/schema\/person\/dbc3705bf3a93e8be1ba6de0ef950341"},"breadcrumb":{"@id":"https:\/\/medicina.udd.cl\/nutricion-dietetica-santiago\/noticias\/2023\/11\/09\/la-udd-y-usach-se-adjudican-proyecto-fondef-que-buscara-la-implementacion-de-intervenciones-en-alimentacion-y-actividad-fisica-de-estudiantes\/#breadcrumb"},"inLanguage":"es","potentialAction":[{"@type":"ReadAction","target":["https:\/\/medicina.udd.cl\/nutricion-dietetica-santiago\/noticias\/2023\/11\/09\/la-udd-y-usach-se-adjudican-proyecto-fondef-que-buscara-la-implementacion-de-intervenciones-en-alimentacion-y-actividad-fisica-de-estudiantes\/"]}]},{"@type":"ImageObject","inLanguage":"es","@id":"https:\/\/medicina.udd.cl\/nutricion-dietetica-santiago\/noticias\/2023\/11\/09\/la-udd-y-usach-se-adjudican-proyecto-fondef-que-buscara-la-implementacion-de-intervenciones-en-alimentacion-y-actividad-fisica-de-estudiantes\/#primaryimage","url":"https:\/\/medicina.udd.cl\/nutricion-dietetica-santiago\/files\/2023\/11\/nut-proyecto-fondef-escuelas-publicas-4.jpg","contentUrl":"https:\/\/medicina.udd.cl\/nutricion-dietetica-santiago\/files\/2023\/11\/nut-proyecto-fondef-escuelas-publicas-4.jpg","width":1600,"height":1200},{"@type":"BreadcrumbList","@id":"https:\/\/medicina.udd.cl\/nutricion-dietetica-santiago\/noticias\/2023\/11\/09\/la-udd-y-usach-se-adjudican-proyecto-fondef-que-buscara-la-implementacion-de-intervenciones-en-alimentacion-y-actividad-fisica-de-estudiantes\/#breadcrumb","itemListElement":[{"@type":"ListItem","position":1,"name":"Home","item":"https:\/\/medicina.udd.cl\/nutricion-dietetica-santiago\/"},{"@type":"ListItem","position":2,"name":"UDD y USACH se adjudican proyecto Fondef que buscar\u00e1 mejorar los h\u00e1bitos de alimentaci\u00f3n saludable y actividad f\u00edsica de escolares"}]},{"@type":"WebSite","@id":"https:\/\/medicina.udd.cl\/nutricion-dietetica-santiago\/#website","url":"https:\/\/medicina.udd.cl\/nutricion-dietetica-santiago\/","name":"Nutrici\u00f3n y Diet\u00e9tica","description":"Facultad de Medicina C\u00ednica Alemana Universidad del Desarrollo","inLanguage":"es"},{"@type":"Person","@id":"https:\/\/medicina.udd.cl\/nutricion-dietetica-santiago\/#\/schema\/person\/dbc3705bf3a93e8be1ba6de0ef950341","name":"rbraidy","image":{"@type":"ImageObject","inLanguage":"es","@id":"https:\/\/medicina.udd.cl\/nutricion-dietetica-santiago\/#\/schema\/person\/image\/","url":"https:\/\/secure.gravatar.com\/avatar\/0f8bc94637401590e45d2ce17eb65c274cb8870a219de6177f3f23e63fd8cdf3?s=96&d=mm&r=g","contentUrl":"https:\/\/secure.gravatar.com\/avatar\/0f8bc94637401590e45d2ce17eb65c274cb8870a219de6177f3f23e63fd8cdf3?s=96&d=mm&r=g","caption":"rbraidy"},"url":"https:\/\/medicina.udd.cl\/nutricion-dietetica-santiago\/noticias\/author\/rbraidy\/"}]}},"featured_image_url":"https:\/\/medicina.udd.cl\/nutricion-dietetica-santiago\/files\/2023\/11\/nut-proyecto-fondef-escuelas-publicas-4.jpg","_links":{"self":[{"href":"https:\/\/medicina.udd.cl\/nutricion-dietetica-santiago\/wp-json\/wp\/v2\/posts\/7250","targetHints":{"allow":["GET"]}}],"collection":[{"href":"https:\/\/medicina.udd.cl\/nutricion-dietetica-santiago\/wp-json\/wp\/v2\/posts"}],"about":[{"href":"https:\/\/medicina.udd.cl\/nutricion-dietetica-santiago\/wp-json\/wp\/v2\/types\/post"}],"author":[{"embeddable":true,"href":"https:\/\/medicina.udd.cl\/nutricion-dietetica-santiago\/wp-json\/wp\/v2\/users\/9192219"}],"replies":[{"embeddable":true,"href":"https:\/\/medicina.udd.cl\/nutricion-dietetica-santiago\/wp-json\/wp\/v2\/comments?post=7250"}],"version-history":[{"count":3,"href":"https:\/\/medicina.udd.cl\/nutricion-dietetica-santiago\/wp-json\/wp\/v2\/posts\/7250\/revisions"}],"predecessor-version":[{"id":7269,"href":"https:\/\/medicina.udd.cl\/nutricion-dietetica-santiago\/wp-json\/wp\/v2\/posts\/7250\/revisions\/7269"}],"wp:featuredmedia":[{"embeddable":true,"href":"https:\/\/medicina.udd.cl\/nutricion-dietetica-santiago\/wp-json\/wp\/v2\/media\/7253"}],"wp:attachment":[{"href":"https:\/\/medicina.udd.cl\/nutricion-dietetica-santiago\/wp-json\/wp\/v2\/media?parent=7250"}],"wp:term":[{"taxonomy":"category","embeddable":true,"href":"https:\/\/medicina.udd.cl\/nutricion-dietetica-santiago\/wp-json\/wp\/v2\/categories?post=7250"},{"taxonomy":"post_tag","embeddable":true,"href":"https:\/\/medicina.udd.cl\/nutricion-dietetica-santiago\/wp-json\/wp\/v2\/tags?post=7250"}],"curies":[{"name":"wp","href":"https:\/\/api.w.org\/{rel}","templated":true}]}}