{"id":7259,"date":"2023-11-09T17:12:31","date_gmt":"2023-11-09T20:12:31","guid":{"rendered":"https:\/\/medicina.udd.cl\/nutricion-dietetica-santiago\/?p=7259"},"modified":"2023-11-09T17:12:33","modified_gmt":"2023-11-09T20:12:33","slug":"academica-udd-brindo-apoyo-y-orientacion-nutricional-a-atletas-chilenos-durante-los-xix-juegos-panamericanos-santiago-2023","status":"publish","type":"post","link":"https:\/\/medicina.udd.cl\/nutricion-dietetica-santiago\/noticias\/2023\/11\/09\/academica-udd-brindo-apoyo-y-orientacion-nutricional-a-atletas-chilenos-durante-los-xix-juegos-panamericanos-santiago-2023\/","title":{"rendered":"Acad\u00e9mica UDD brind\u00f3 apoyo y orientaci\u00f3n nutricional a atletas chilenos durante los XIX Juegos Panamericanos Santiago 2023"},"content":{"rendered":"\n<figure class=\"wp-block-gallery has-nested-images columns-default is-cropped wp-block-gallery-1 is-layout-flex wp-block-gallery-is-layout-flex\">\n<figure class=\"wp-block-image size-large\"><a href=\"https:\/\/medicina.udd.cl\/nutricion-dietetica-santiago\/files\/2023\/11\/nut-docente-en-jjpp-2023-3.jpg\"><img loading=\"lazy\" decoding=\"async\" width=\"1600\" height=\"1200\" data-id=\"7263\" src=\"https:\/\/medicina.udd.cl\/nutricion-dietetica-santiago\/files\/2023\/11\/nut-docente-en-jjpp-2023-3.jpg\" alt=\"\" class=\"wp-image-7263\" srcset=\"https:\/\/medicina.udd.cl\/nutricion-dietetica-santiago\/files\/2023\/11\/nut-docente-en-jjpp-2023-3.jpg 1600w, https:\/\/medicina.udd.cl\/nutricion-dietetica-santiago\/files\/2023\/11\/nut-docente-en-jjpp-2023-3-300x225.jpg 300w, https:\/\/medicina.udd.cl\/nutricion-dietetica-santiago\/files\/2023\/11\/nut-docente-en-jjpp-2023-3-1024x768.jpg 1024w, https:\/\/medicina.udd.cl\/nutricion-dietetica-santiago\/files\/2023\/11\/nut-docente-en-jjpp-2023-3-768x576.jpg 768w, https:\/\/medicina.udd.cl\/nutricion-dietetica-santiago\/files\/2023\/11\/nut-docente-en-jjpp-2023-3-1536x1152.jpg 1536w\" sizes=\"auto, (max-width: 1600px) 100vw, 1600px\" \/><\/a><figcaption>Nut. Estefan\u00eda Soto junto a la medallista de oro Valentina Toro (Karate categor\u00eda -55kg.)<\/figcaption><\/figure>\n\n\n\n<figure class=\"wp-block-image size-large\"><a href=\"https:\/\/medicina.udd.cl\/nutricion-dietetica-santiago\/files\/2023\/11\/nut-docente-en-jjpp-2023-6-scaled.jpg\"><img loading=\"lazy\" decoding=\"async\" width=\"2560\" height=\"1440\" data-id=\"7266\" src=\"https:\/\/medicina.udd.cl\/nutricion-dietetica-santiago\/files\/2023\/11\/nut-docente-en-jjpp-2023-6-scaled.jpg\" alt=\"\" class=\"wp-image-7266\" srcset=\"https:\/\/medicina.udd.cl\/nutricion-dietetica-santiago\/files\/2023\/11\/nut-docente-en-jjpp-2023-6-scaled.jpg 2560w, https:\/\/medicina.udd.cl\/nutricion-dietetica-santiago\/files\/2023\/11\/nut-docente-en-jjpp-2023-6-300x169.jpg 300w, https:\/\/medicina.udd.cl\/nutricion-dietetica-santiago\/files\/2023\/11\/nut-docente-en-jjpp-2023-6-1024x576.jpg 1024w, https:\/\/medicina.udd.cl\/nutricion-dietetica-santiago\/files\/2023\/11\/nut-docente-en-jjpp-2023-6-768x432.jpg 768w, https:\/\/medicina.udd.cl\/nutricion-dietetica-santiago\/files\/2023\/11\/nut-docente-en-jjpp-2023-6-1536x864.jpg 1536w, https:\/\/medicina.udd.cl\/nutricion-dietetica-santiago\/files\/2023\/11\/nut-docente-en-jjpp-2023-6-2048x1152.jpg 2048w, https:\/\/medicina.udd.cl\/nutricion-dietetica-santiago\/files\/2023\/11\/nut-docente-en-jjpp-2023-6-1920x1080.jpg 1920w, https:\/\/medicina.udd.cl\/nutricion-dietetica-santiago\/files\/2023\/11\/nut-docente-en-jjpp-2023-6-1366x768.jpg 1366w, https:\/\/medicina.udd.cl\/nutricion-dietetica-santiago\/files\/2023\/11\/nut-docente-en-jjpp-2023-6-680x382.jpg 680w\" sizes=\"auto, (max-width: 2560px) 100vw, 2560px\" \/><\/a><figcaption>Nut. Estefan\u00eda Soto junto a Aaron Contreras, Ignacio Morales, Joaqu\u00edn Churchill (medallistas de plata competencia por equipo Taekwondo)<\/figcaption><\/figure>\n\n\n\n<figure class=\"wp-block-image size-large\"><a href=\"https:\/\/medicina.udd.cl\/nutricion-dietetica-santiago\/files\/2023\/11\/nut-docente-en-jjpp-2023-5.jpg\"><img loading=\"lazy\" decoding=\"async\" width=\"1600\" height=\"1200\" data-id=\"7265\" src=\"https:\/\/medicina.udd.cl\/nutricion-dietetica-santiago\/files\/2023\/11\/nut-docente-en-jjpp-2023-5.jpg\" alt=\"\" class=\"wp-image-7265\" srcset=\"https:\/\/medicina.udd.cl\/nutricion-dietetica-santiago\/files\/2023\/11\/nut-docente-en-jjpp-2023-5.jpg 1600w, https:\/\/medicina.udd.cl\/nutricion-dietetica-santiago\/files\/2023\/11\/nut-docente-en-jjpp-2023-5-300x225.jpg 300w, https:\/\/medicina.udd.cl\/nutricion-dietetica-santiago\/files\/2023\/11\/nut-docente-en-jjpp-2023-5-1024x768.jpg 1024w, https:\/\/medicina.udd.cl\/nutricion-dietetica-santiago\/files\/2023\/11\/nut-docente-en-jjpp-2023-5-768x576.jpg 768w, https:\/\/medicina.udd.cl\/nutricion-dietetica-santiago\/files\/2023\/11\/nut-docente-en-jjpp-2023-5-1536x1152.jpg 1536w\" sizes=\"auto, (max-width: 1600px) 100vw, 1600px\" \/><\/a><figcaption>Nut. Estefan\u00eda Soto junto al medallista de oro Enrique Villal\u00f3n (Karate categor\u00eda -60kg) y la Dra. Mar\u00eda Antonieta Riffo (Team Chile).<\/figcaption><\/figure>\n<\/figure>\n\n\n\n<p>Tras el emocionante cierre de los XIX Juegos Panamericanos Santiago 2023, la Universidad del Desarrollo se destac\u00f3 no solo por la participaci\u00f3n activa de atletas y voluntarios, sino tambi\u00e9n por la invaluable contribuci\u00f3n de profesionales de la salud, como es el caso de la acad\u00e9mica de Nutrici\u00f3n y Diet\u00e9tica, Estefan\u00eda Soto.<\/p>\n\n\n\n<p>Durante este evento multideportivo que tuvo lugar del 20 de octubre al 5 de noviembre, Estefan\u00eda Soto no solo presenci\u00f3 la competencia, sino que desempe\u00f1\u00f3 un papel crucial en el acompa\u00f1amiento, cuidado y respaldo nutricional de los deportistas chilenos, especialmente en las disciplinas de combate.<\/p>\n\n\n\n<p>Soto comparti\u00f3 su experiencia \u00fanica durante los Juegos Panamericanos, donde brind\u00f3 apoyo y orientaci\u00f3n nutricional a los atletas, asegur\u00e1ndose de que mantuvieran un adecuado estado nutricional antes y despu\u00e9s del pesaje, crucial para deportes que compiten por categor\u00eda de peso.<\/p>\n\n\n\n<p>\u00abEsta es la primera vez que vivo la experiencia de acompa\u00f1ar a los deportistas en competencia y es realmente una experiencia muy incre\u00edble. Poder estar con ellos y apoyarlos en este momento tan clave y para lo que se han preparado durante tanto tiempo es realmente hermoso y emocionante\u00bb, destac\u00f3 la acad\u00e9mica UDD.<\/p>\n\n\n\n<p>Destacando la complejidad del entorno competitivo, Soto revel\u00f3 que, adem\u00e1s de las recomendaciones generales de alimentaci\u00f3n, su papel fue crucial en momentos de presi\u00f3n y estr\u00e9s, asegurando que los atletas consumieran lo necesario para enfrentar la jornada.<\/p>\n\n\n\n<p>Soto subray\u00f3 la importancia de estar pendiente de las necesidades nutricionales de los atletas en momentos de nerviosismo, emociones intensas y cambios en sus deseos alimenticios. Detall\u00f3 que llevaba en su mochila variedad de snacks y alimentos ricos en energ\u00eda para brindar un respaldo clave cuando m\u00e1s lo necesitaban los deportistas.<\/p>\n\n\n\n<p>La nutricionista tambi\u00e9n resalt\u00f3 la importancia de su presencia en un evento de esta magnitud, donde los profesionales de la nutrici\u00f3n rara vez son incluidos en las delegaciones nacionales. Recibi\u00f3 muestras de agradecimiento de los atletas, quienes reconocieron su impacto positivo en su desempe\u00f1o.<\/p>\n\n\n\n<p>Desde el punto de vista profesional y humano, esta experiencia signific\u00f3 para Estefan\u00eda Soto un hito inolvidable y revelador. Su contribuci\u00f3n demuestra la importancia de contar con profesionales de la nutrici\u00f3n en eventos deportivos de \u00e9lite, reforzando as\u00ed el compromiso con el bienestar integral de los atletas.<\/p>\n\n\n\n<figure class=\"wp-block-gallery has-nested-images columns-default is-cropped wp-block-gallery-2 is-layout-flex wp-block-gallery-is-layout-flex\">\n<figure class=\"wp-block-image size-large\"><a href=\"https:\/\/medicina.udd.cl\/nutricion-dietetica-santiago\/files\/2023\/11\/nut-docente-en-jjpp-2023-4.jpg\"><img loading=\"lazy\" decoding=\"async\" width=\"1200\" height=\"1600\" data-id=\"7264\" src=\"https:\/\/medicina.udd.cl\/nutricion-dietetica-santiago\/files\/2023\/11\/nut-docente-en-jjpp-2023-4.jpg\" alt=\"\" class=\"wp-image-7264\" srcset=\"https:\/\/medicina.udd.cl\/nutricion-dietetica-santiago\/files\/2023\/11\/nut-docente-en-jjpp-2023-4.jpg 1200w, https:\/\/medicina.udd.cl\/nutricion-dietetica-santiago\/files\/2023\/11\/nut-docente-en-jjpp-2023-4-225x300.jpg 225w, https:\/\/medicina.udd.cl\/nutricion-dietetica-santiago\/files\/2023\/11\/nut-docente-en-jjpp-2023-4-768x1024.jpg 768w, https:\/\/medicina.udd.cl\/nutricion-dietetica-santiago\/files\/2023\/11\/nut-docente-en-jjpp-2023-4-1152x1536.jpg 1152w\" sizes=\"auto, (max-width: 1200px) 100vw, 1200px\" \/><\/a><figcaption>Nut. Estefan\u00eda Soto junto al medallista de oro Rodrigo Rojas (Karate categor\u00eda +84 kg.) y la Dra. Mar\u00eda Antonieta Riffo (Team Chile).<\/figcaption><\/figure>\n\n\n\n<figure class=\"wp-block-image size-large\"><a href=\"https:\/\/medicina.udd.cl\/nutricion-dietetica-santiago\/files\/2023\/11\/nut-docente-en-jjpp-2023-2.jpg\"><img loading=\"lazy\" decoding=\"async\" width=\"960\" height=\"1280\" data-id=\"7262\" src=\"https:\/\/medicina.udd.cl\/nutricion-dietetica-santiago\/files\/2023\/11\/nut-docente-en-jjpp-2023-2.jpg\" alt=\"\" class=\"wp-image-7262\" srcset=\"https:\/\/medicina.udd.cl\/nutricion-dietetica-santiago\/files\/2023\/11\/nut-docente-en-jjpp-2023-2.jpg 960w, https:\/\/medicina.udd.cl\/nutricion-dietetica-santiago\/files\/2023\/11\/nut-docente-en-jjpp-2023-2-225x300.jpg 225w, https:\/\/medicina.udd.cl\/nutricion-dietetica-santiago\/files\/2023\/11\/nut-docente-en-jjpp-2023-2-768x1024.jpg 768w\" sizes=\"auto, (max-width: 960px) 100vw, 960px\" \/><\/a><figcaption>Nut. Estefan\u00eda Soto junto a la mascota FIU.<\/figcaption><\/figure>\n<\/figure>\n\n\n\n<figure class=\"wp-block-image size-full\"><a href=\"https:\/\/medicina.udd.cl\/nutricion-dietetica-santiago\/files\/2023\/11\/nut-docente-en-jjpp-2023-1.jpg\"><img loading=\"lazy\" decoding=\"async\" width=\"1024\" height=\"768\" src=\"https:\/\/medicina.udd.cl\/nutricion-dietetica-santiago\/files\/2023\/11\/nut-docente-en-jjpp-2023-1.jpg\" alt=\"\" class=\"wp-image-7261\" srcset=\"https:\/\/medicina.udd.cl\/nutricion-dietetica-santiago\/files\/2023\/11\/nut-docente-en-jjpp-2023-1.jpg 1024w, https:\/\/medicina.udd.cl\/nutricion-dietetica-santiago\/files\/2023\/11\/nut-docente-en-jjpp-2023-1-300x225.jpg 300w, https:\/\/medicina.udd.cl\/nutricion-dietetica-santiago\/files\/2023\/11\/nut-docente-en-jjpp-2023-1-768x576.jpg 768w\" sizes=\"auto, (max-width: 1024px) 100vw, 1024px\" \/><\/a><figcaption>Dra. Mar\u00eda Antonieta Riffo, Psicol. Karla Guaita y Nut. Estefan\u00eda Soto (Equipo salud Team Chile).<\/figcaption><\/figure>\n","protected":false},"excerpt":{"rendered":"<p>Tras el emocionante cierre de los XIX Juegos Panamericanos Santiago 2023, la Universidad del Desarrollo se destac\u00f3 no solo por la participaci\u00f3n activa de atletas y voluntarios, sino tambi\u00e9n por la invaluable contribuci\u00f3n de profesionales de la salud, como es el caso de la acad\u00e9mica de Nutrici\u00f3n y Diet\u00e9tica, Estefan\u00eda Soto. Durante este evento multideportivo [&hellip;]<\/p>\n","protected":false},"author":9192219,"featured_media":7260,"comment_status":"closed","ping_status":"open","sticky":false,"template":"","format":"standard","meta":{"footnotes":""},"categories":[4],"tags":[],"class_list":["post-7259","post","type-post","status-publish","format-standard","has-post-thumbnail","hentry","category-noticias"],"yoast_head":"<!-- This site is optimized with the Yoast SEO plugin v26.9 - https:\/\/yoast.com\/product\/yoast-seo-wordpress\/ -->\n<title>Acad\u00e9mica UDD brind\u00f3 apoyo y orientaci\u00f3n nutricional a atletas chilenos durante los XIX Juegos Panamericanos Santiago 2023 - Nutrici\u00f3n y Diet\u00e9tica<\/title>\n<meta name=\"robots\" content=\"index, follow, max-snippet:-1, max-image-preview:large, max-video-preview:-1\" \/>\n<link rel=\"canonical\" href=\"https:\/\/medicina.udd.cl\/nutricion-dietetica-santiago\/noticias\/2023\/11\/09\/academica-udd-brindo-apoyo-y-orientacion-nutricional-a-atletas-chilenos-durante-los-xix-juegos-panamericanos-santiago-2023\/\" \/>\n<meta property=\"og:locale\" content=\"es_ES\" \/>\n<meta property=\"og:type\" content=\"article\" \/>\n<meta property=\"og:title\" content=\"Acad\u00e9mica UDD brind\u00f3 apoyo y orientaci\u00f3n nutricional a atletas chilenos durante los XIX Juegos Panamericanos Santiago 2023 - Nutrici\u00f3n y Diet\u00e9tica\" \/>\n<meta property=\"og:description\" content=\"Tras el emocionante cierre de los XIX Juegos Panamericanos Santiago 2023, la Universidad del Desarrollo se destac\u00f3 no solo por la participaci\u00f3n activa de atletas y voluntarios, sino tambi\u00e9n por la invaluable contribuci\u00f3n de profesionales de la salud, como es el caso de la acad\u00e9mica de Nutrici\u00f3n y Diet\u00e9tica, Estefan\u00eda Soto. Durante este evento multideportivo [&hellip;]\" \/>\n<meta property=\"og:url\" content=\"https:\/\/medicina.udd.cl\/nutricion-dietetica-santiago\/noticias\/2023\/11\/09\/academica-udd-brindo-apoyo-y-orientacion-nutricional-a-atletas-chilenos-durante-los-xix-juegos-panamericanos-santiago-2023\/\" \/>\n<meta property=\"og:site_name\" content=\"Nutrici\u00f3n y Diet\u00e9tica\" \/>\n<meta property=\"article:published_time\" content=\"2023-11-09T20:12:31+00:00\" \/>\n<meta property=\"article:modified_time\" content=\"2023-11-09T20:12:33+00:00\" \/>\n<meta property=\"og:image\" content=\"https:\/\/medicina.udd.cl\/nutricion-dietetica-santiago\/files\/2023\/11\/nut-docente-en-jjpp-2023.png\" \/>\n\t<meta property=\"og:image:width\" content=\"364\" \/>\n\t<meta property=\"og:image:height\" content=\"358\" \/>\n\t<meta property=\"og:image:type\" content=\"image\/png\" \/>\n<meta name=\"author\" content=\"rbraidy\" \/>\n<meta name=\"twitter:label1\" content=\"Escrito por\" \/>\n\t<meta name=\"twitter:data1\" content=\"rbraidy\" \/>\n\t<meta name=\"twitter:label2\" content=\"Tiempo de lectura\" \/>\n\t<meta name=\"twitter:data2\" content=\"4 minutos\" \/>\n<script type=\"application\/ld+json\" class=\"yoast-schema-graph\">{\"@context\":\"https:\/\/schema.org\",\"@graph\":[{\"@type\":\"Article\",\"@id\":\"https:\/\/medicina.udd.cl\/nutricion-dietetica-santiago\/noticias\/2023\/11\/09\/academica-udd-brindo-apoyo-y-orientacion-nutricional-a-atletas-chilenos-durante-los-xix-juegos-panamericanos-santiago-2023\/#article\",\"isPartOf\":{\"@id\":\"https:\/\/medicina.udd.cl\/nutricion-dietetica-santiago\/noticias\/2023\/11\/09\/academica-udd-brindo-apoyo-y-orientacion-nutricional-a-atletas-chilenos-durante-los-xix-juegos-panamericanos-santiago-2023\/\"},\"author\":{\"name\":\"rbraidy\",\"@id\":\"https:\/\/medicina.udd.cl\/nutricion-dietetica-santiago\/#\/schema\/person\/dbc3705bf3a93e8be1ba6de0ef950341\"},\"headline\":\"Acad\u00e9mica UDD brind\u00f3 apoyo y orientaci\u00f3n nutricional a atletas chilenos durante los XIX Juegos Panamericanos Santiago 2023\",\"datePublished\":\"2023-11-09T20:12:31+00:00\",\"dateModified\":\"2023-11-09T20:12:33+00:00\",\"mainEntityOfPage\":{\"@id\":\"https:\/\/medicina.udd.cl\/nutricion-dietetica-santiago\/noticias\/2023\/11\/09\/academica-udd-brindo-apoyo-y-orientacion-nutricional-a-atletas-chilenos-durante-los-xix-juegos-panamericanos-santiago-2023\/\"},\"wordCount\":524,\"image\":{\"@id\":\"https:\/\/medicina.udd.cl\/nutricion-dietetica-santiago\/noticias\/2023\/11\/09\/academica-udd-brindo-apoyo-y-orientacion-nutricional-a-atletas-chilenos-durante-los-xix-juegos-panamericanos-santiago-2023\/#primaryimage\"},\"thumbnailUrl\":\"https:\/\/medicina.udd.cl\/nutricion-dietetica-santiago\/files\/2023\/11\/nut-docente-en-jjpp-2023.png\",\"articleSection\":[\"Noticias\"],\"inLanguage\":\"es\"},{\"@type\":\"WebPage\",\"@id\":\"https:\/\/medicina.udd.cl\/nutricion-dietetica-santiago\/noticias\/2023\/11\/09\/academica-udd-brindo-apoyo-y-orientacion-nutricional-a-atletas-chilenos-durante-los-xix-juegos-panamericanos-santiago-2023\/\",\"url\":\"https:\/\/medicina.udd.cl\/nutricion-dietetica-santiago\/noticias\/2023\/11\/09\/academica-udd-brindo-apoyo-y-orientacion-nutricional-a-atletas-chilenos-durante-los-xix-juegos-panamericanos-santiago-2023\/\",\"name\":\"Acad\u00e9mica UDD brind\u00f3 apoyo y orientaci\u00f3n nutricional a atletas chilenos durante los XIX Juegos Panamericanos Santiago 2023 - Nutrici\u00f3n y Diet\u00e9tica\",\"isPartOf\":{\"@id\":\"https:\/\/medicina.udd.cl\/nutricion-dietetica-santiago\/#website\"},\"primaryImageOfPage\":{\"@id\":\"https:\/\/medicina.udd.cl\/nutricion-dietetica-santiago\/noticias\/2023\/11\/09\/academica-udd-brindo-apoyo-y-orientacion-nutricional-a-atletas-chilenos-durante-los-xix-juegos-panamericanos-santiago-2023\/#primaryimage\"},\"image\":{\"@id\":\"https:\/\/medicina.udd.cl\/nutricion-dietetica-santiago\/noticias\/2023\/11\/09\/academica-udd-brindo-apoyo-y-orientacion-nutricional-a-atletas-chilenos-durante-los-xix-juegos-panamericanos-santiago-2023\/#primaryimage\"},\"thumbnailUrl\":\"https:\/\/medicina.udd.cl\/nutricion-dietetica-santiago\/files\/2023\/11\/nut-docente-en-jjpp-2023.png\",\"datePublished\":\"2023-11-09T20:12:31+00:00\",\"dateModified\":\"2023-11-09T20:12:33+00:00\",\"author\":{\"@id\":\"https:\/\/medicina.udd.cl\/nutricion-dietetica-santiago\/#\/schema\/person\/dbc3705bf3a93e8be1ba6de0ef950341\"},\"breadcrumb\":{\"@id\":\"https:\/\/medicina.udd.cl\/nutricion-dietetica-santiago\/noticias\/2023\/11\/09\/academica-udd-brindo-apoyo-y-orientacion-nutricional-a-atletas-chilenos-durante-los-xix-juegos-panamericanos-santiago-2023\/#breadcrumb\"},\"inLanguage\":\"es\",\"potentialAction\":[{\"@type\":\"ReadAction\",\"target\":[\"https:\/\/medicina.udd.cl\/nutricion-dietetica-santiago\/noticias\/2023\/11\/09\/academica-udd-brindo-apoyo-y-orientacion-nutricional-a-atletas-chilenos-durante-los-xix-juegos-panamericanos-santiago-2023\/\"]}]},{\"@type\":\"ImageObject\",\"inLanguage\":\"es\",\"@id\":\"https:\/\/medicina.udd.cl\/nutricion-dietetica-santiago\/noticias\/2023\/11\/09\/academica-udd-brindo-apoyo-y-orientacion-nutricional-a-atletas-chilenos-durante-los-xix-juegos-panamericanos-santiago-2023\/#primaryimage\",\"url\":\"https:\/\/medicina.udd.cl\/nutricion-dietetica-santiago\/files\/2023\/11\/nut-docente-en-jjpp-2023.png\",\"contentUrl\":\"https:\/\/medicina.udd.cl\/nutricion-dietetica-santiago\/files\/2023\/11\/nut-docente-en-jjpp-2023.png\",\"width\":364,\"height\":358},{\"@type\":\"BreadcrumbList\",\"@id\":\"https:\/\/medicina.udd.cl\/nutricion-dietetica-santiago\/noticias\/2023\/11\/09\/academica-udd-brindo-apoyo-y-orientacion-nutricional-a-atletas-chilenos-durante-los-xix-juegos-panamericanos-santiago-2023\/#breadcrumb\",\"itemListElement\":[{\"@type\":\"ListItem\",\"position\":1,\"name\":\"Home\",\"item\":\"https:\/\/medicina.udd.cl\/nutricion-dietetica-santiago\/\"},{\"@type\":\"ListItem\",\"position\":2,\"name\":\"Acad\u00e9mica UDD brind\u00f3 apoyo y orientaci\u00f3n nutricional a atletas chilenos durante los XIX Juegos Panamericanos Santiago 2023\"}]},{\"@type\":\"WebSite\",\"@id\":\"https:\/\/medicina.udd.cl\/nutricion-dietetica-santiago\/#website\",\"url\":\"https:\/\/medicina.udd.cl\/nutricion-dietetica-santiago\/\",\"name\":\"Nutrici\u00f3n y Diet\u00e9tica\",\"description\":\"Facultad de Medicina C\u00ednica Alemana Universidad del Desarrollo\",\"inLanguage\":\"es\"},{\"@type\":\"Person\",\"@id\":\"https:\/\/medicina.udd.cl\/nutricion-dietetica-santiago\/#\/schema\/person\/dbc3705bf3a93e8be1ba6de0ef950341\",\"name\":\"rbraidy\",\"image\":{\"@type\":\"ImageObject\",\"inLanguage\":\"es\",\"@id\":\"https:\/\/medicina.udd.cl\/nutricion-dietetica-santiago\/#\/schema\/person\/image\/\",\"url\":\"https:\/\/secure.gravatar.com\/avatar\/0f8bc94637401590e45d2ce17eb65c274cb8870a219de6177f3f23e63fd8cdf3?s=96&d=mm&r=g\",\"contentUrl\":\"https:\/\/secure.gravatar.com\/avatar\/0f8bc94637401590e45d2ce17eb65c274cb8870a219de6177f3f23e63fd8cdf3?s=96&d=mm&r=g\",\"caption\":\"rbraidy\"},\"url\":\"https:\/\/medicina.udd.cl\/nutricion-dietetica-santiago\/noticias\/author\/rbraidy\/\"}]}<\/script>\n<!-- \/ Yoast SEO plugin. -->","yoast_head_json":{"title":"Acad\u00e9mica UDD brind\u00f3 apoyo y orientaci\u00f3n nutricional a atletas chilenos durante los XIX Juegos Panamericanos Santiago 2023 - Nutrici\u00f3n y Diet\u00e9tica","robots":{"index":"index","follow":"follow","max-snippet":"max-snippet:-1","max-image-preview":"max-image-preview:large","max-video-preview":"max-video-preview:-1"},"canonical":"https:\/\/medicina.udd.cl\/nutricion-dietetica-santiago\/noticias\/2023\/11\/09\/academica-udd-brindo-apoyo-y-orientacion-nutricional-a-atletas-chilenos-durante-los-xix-juegos-panamericanos-santiago-2023\/","og_locale":"es_ES","og_type":"article","og_title":"Acad\u00e9mica UDD brind\u00f3 apoyo y orientaci\u00f3n nutricional a atletas chilenos durante los XIX Juegos Panamericanos Santiago 2023 - Nutrici\u00f3n y Diet\u00e9tica","og_description":"Tras el emocionante cierre de los XIX Juegos Panamericanos Santiago 2023, la Universidad del Desarrollo se destac\u00f3 no solo por la participaci\u00f3n activa de atletas y voluntarios, sino tambi\u00e9n por la invaluable contribuci\u00f3n de profesionales de la salud, como es el caso de la acad\u00e9mica de Nutrici\u00f3n y Diet\u00e9tica, Estefan\u00eda Soto. Durante este evento multideportivo [&hellip;]","og_url":"https:\/\/medicina.udd.cl\/nutricion-dietetica-santiago\/noticias\/2023\/11\/09\/academica-udd-brindo-apoyo-y-orientacion-nutricional-a-atletas-chilenos-durante-los-xix-juegos-panamericanos-santiago-2023\/","og_site_name":"Nutrici\u00f3n y Diet\u00e9tica","article_published_time":"2023-11-09T20:12:31+00:00","article_modified_time":"2023-11-09T20:12:33+00:00","og_image":[{"width":364,"height":358,"url":"https:\/\/medicina.udd.cl\/nutricion-dietetica-santiago\/files\/2023\/11\/nut-docente-en-jjpp-2023.png","type":"image\/png"}],"author":"rbraidy","twitter_misc":{"Escrito por":"rbraidy","Tiempo de lectura":"4 minutos"},"schema":{"@context":"https:\/\/schema.org","@graph":[{"@type":"Article","@id":"https:\/\/medicina.udd.cl\/nutricion-dietetica-santiago\/noticias\/2023\/11\/09\/academica-udd-brindo-apoyo-y-orientacion-nutricional-a-atletas-chilenos-durante-los-xix-juegos-panamericanos-santiago-2023\/#article","isPartOf":{"@id":"https:\/\/medicina.udd.cl\/nutricion-dietetica-santiago\/noticias\/2023\/11\/09\/academica-udd-brindo-apoyo-y-orientacion-nutricional-a-atletas-chilenos-durante-los-xix-juegos-panamericanos-santiago-2023\/"},"author":{"name":"rbraidy","@id":"https:\/\/medicina.udd.cl\/nutricion-dietetica-santiago\/#\/schema\/person\/dbc3705bf3a93e8be1ba6de0ef950341"},"headline":"Acad\u00e9mica UDD brind\u00f3 apoyo y orientaci\u00f3n nutricional a atletas chilenos durante los XIX Juegos Panamericanos Santiago 2023","datePublished":"2023-11-09T20:12:31+00:00","dateModified":"2023-11-09T20:12:33+00:00","mainEntityOfPage":{"@id":"https:\/\/medicina.udd.cl\/nutricion-dietetica-santiago\/noticias\/2023\/11\/09\/academica-udd-brindo-apoyo-y-orientacion-nutricional-a-atletas-chilenos-durante-los-xix-juegos-panamericanos-santiago-2023\/"},"wordCount":524,"image":{"@id":"https:\/\/medicina.udd.cl\/nutricion-dietetica-santiago\/noticias\/2023\/11\/09\/academica-udd-brindo-apoyo-y-orientacion-nutricional-a-atletas-chilenos-durante-los-xix-juegos-panamericanos-santiago-2023\/#primaryimage"},"thumbnailUrl":"https:\/\/medicina.udd.cl\/nutricion-dietetica-santiago\/files\/2023\/11\/nut-docente-en-jjpp-2023.png","articleSection":["Noticias"],"inLanguage":"es"},{"@type":"WebPage","@id":"https:\/\/medicina.udd.cl\/nutricion-dietetica-santiago\/noticias\/2023\/11\/09\/academica-udd-brindo-apoyo-y-orientacion-nutricional-a-atletas-chilenos-durante-los-xix-juegos-panamericanos-santiago-2023\/","url":"https:\/\/medicina.udd.cl\/nutricion-dietetica-santiago\/noticias\/2023\/11\/09\/academica-udd-brindo-apoyo-y-orientacion-nutricional-a-atletas-chilenos-durante-los-xix-juegos-panamericanos-santiago-2023\/","name":"Acad\u00e9mica UDD brind\u00f3 apoyo y orientaci\u00f3n nutricional a atletas chilenos durante los XIX Juegos Panamericanos Santiago 2023 - Nutrici\u00f3n y Diet\u00e9tica","isPartOf":{"@id":"https:\/\/medicina.udd.cl\/nutricion-dietetica-santiago\/#website"},"primaryImageOfPage":{"@id":"https:\/\/medicina.udd.cl\/nutricion-dietetica-santiago\/noticias\/2023\/11\/09\/academica-udd-brindo-apoyo-y-orientacion-nutricional-a-atletas-chilenos-durante-los-xix-juegos-panamericanos-santiago-2023\/#primaryimage"},"image":{"@id":"https:\/\/medicina.udd.cl\/nutricion-dietetica-santiago\/noticias\/2023\/11\/09\/academica-udd-brindo-apoyo-y-orientacion-nutricional-a-atletas-chilenos-durante-los-xix-juegos-panamericanos-santiago-2023\/#primaryimage"},"thumbnailUrl":"https:\/\/medicina.udd.cl\/nutricion-dietetica-santiago\/files\/2023\/11\/nut-docente-en-jjpp-2023.png","datePublished":"2023-11-09T20:12:31+00:00","dateModified":"2023-11-09T20:12:33+00:00","author":{"@id":"https:\/\/medicina.udd.cl\/nutricion-dietetica-santiago\/#\/schema\/person\/dbc3705bf3a93e8be1ba6de0ef950341"},"breadcrumb":{"@id":"https:\/\/medicina.udd.cl\/nutricion-dietetica-santiago\/noticias\/2023\/11\/09\/academica-udd-brindo-apoyo-y-orientacion-nutricional-a-atletas-chilenos-durante-los-xix-juegos-panamericanos-santiago-2023\/#breadcrumb"},"inLanguage":"es","potentialAction":[{"@type":"ReadAction","target":["https:\/\/medicina.udd.cl\/nutricion-dietetica-santiago\/noticias\/2023\/11\/09\/academica-udd-brindo-apoyo-y-orientacion-nutricional-a-atletas-chilenos-durante-los-xix-juegos-panamericanos-santiago-2023\/"]}]},{"@type":"ImageObject","inLanguage":"es","@id":"https:\/\/medicina.udd.cl\/nutricion-dietetica-santiago\/noticias\/2023\/11\/09\/academica-udd-brindo-apoyo-y-orientacion-nutricional-a-atletas-chilenos-durante-los-xix-juegos-panamericanos-santiago-2023\/#primaryimage","url":"https:\/\/medicina.udd.cl\/nutricion-dietetica-santiago\/files\/2023\/11\/nut-docente-en-jjpp-2023.png","contentUrl":"https:\/\/medicina.udd.cl\/nutricion-dietetica-santiago\/files\/2023\/11\/nut-docente-en-jjpp-2023.png","width":364,"height":358},{"@type":"BreadcrumbList","@id":"https:\/\/medicina.udd.cl\/nutricion-dietetica-santiago\/noticias\/2023\/11\/09\/academica-udd-brindo-apoyo-y-orientacion-nutricional-a-atletas-chilenos-durante-los-xix-juegos-panamericanos-santiago-2023\/#breadcrumb","itemListElement":[{"@type":"ListItem","position":1,"name":"Home","item":"https:\/\/medicina.udd.cl\/nutricion-dietetica-santiago\/"},{"@type":"ListItem","position":2,"name":"Acad\u00e9mica UDD brind\u00f3 apoyo y orientaci\u00f3n nutricional a atletas chilenos durante los XIX Juegos Panamericanos Santiago 2023"}]},{"@type":"WebSite","@id":"https:\/\/medicina.udd.cl\/nutricion-dietetica-santiago\/#website","url":"https:\/\/medicina.udd.cl\/nutricion-dietetica-santiago\/","name":"Nutrici\u00f3n y Diet\u00e9tica","description":"Facultad de Medicina C\u00ednica Alemana Universidad del Desarrollo","inLanguage":"es"},{"@type":"Person","@id":"https:\/\/medicina.udd.cl\/nutricion-dietetica-santiago\/#\/schema\/person\/dbc3705bf3a93e8be1ba6de0ef950341","name":"rbraidy","image":{"@type":"ImageObject","inLanguage":"es","@id":"https:\/\/medicina.udd.cl\/nutricion-dietetica-santiago\/#\/schema\/person\/image\/","url":"https:\/\/secure.gravatar.com\/avatar\/0f8bc94637401590e45d2ce17eb65c274cb8870a219de6177f3f23e63fd8cdf3?s=96&d=mm&r=g","contentUrl":"https:\/\/secure.gravatar.com\/avatar\/0f8bc94637401590e45d2ce17eb65c274cb8870a219de6177f3f23e63fd8cdf3?s=96&d=mm&r=g","caption":"rbraidy"},"url":"https:\/\/medicina.udd.cl\/nutricion-dietetica-santiago\/noticias\/author\/rbraidy\/"}]}},"featured_image_url":"https:\/\/medicina.udd.cl\/nutricion-dietetica-santiago\/files\/2023\/11\/nut-docente-en-jjpp-2023.png","_links":{"self":[{"href":"https:\/\/medicina.udd.cl\/nutricion-dietetica-santiago\/wp-json\/wp\/v2\/posts\/7259","targetHints":{"allow":["GET"]}}],"collection":[{"href":"https:\/\/medicina.udd.cl\/nutricion-dietetica-santiago\/wp-json\/wp\/v2\/posts"}],"about":[{"href":"https:\/\/medicina.udd.cl\/nutricion-dietetica-santiago\/wp-json\/wp\/v2\/types\/post"}],"author":[{"embeddable":true,"href":"https:\/\/medicina.udd.cl\/nutricion-dietetica-santiago\/wp-json\/wp\/v2\/users\/9192219"}],"replies":[{"embeddable":true,"href":"https:\/\/medicina.udd.cl\/nutricion-dietetica-santiago\/wp-json\/wp\/v2\/comments?post=7259"}],"version-history":[{"count":1,"href":"https:\/\/medicina.udd.cl\/nutricion-dietetica-santiago\/wp-json\/wp\/v2\/posts\/7259\/revisions"}],"predecessor-version":[{"id":7268,"href":"https:\/\/medicina.udd.cl\/nutricion-dietetica-santiago\/wp-json\/wp\/v2\/posts\/7259\/revisions\/7268"}],"wp:featuredmedia":[{"embeddable":true,"href":"https:\/\/medicina.udd.cl\/nutricion-dietetica-santiago\/wp-json\/wp\/v2\/media\/7260"}],"wp:attachment":[{"href":"https:\/\/medicina.udd.cl\/nutricion-dietetica-santiago\/wp-json\/wp\/v2\/media?parent=7259"}],"wp:term":[{"taxonomy":"category","embeddable":true,"href":"https:\/\/medicina.udd.cl\/nutricion-dietetica-santiago\/wp-json\/wp\/v2\/categories?post=7259"},{"taxonomy":"post_tag","embeddable":true,"href":"https:\/\/medicina.udd.cl\/nutricion-dietetica-santiago\/wp-json\/wp\/v2\/tags?post=7259"}],"curies":[{"name":"wp","href":"https:\/\/api.w.org\/{rel}","templated":true}]}}