{"id":744,"date":"2012-06-06T14:59:23","date_gmt":"2012-06-06T18:59:23","guid":{"rendered":"http:\/\/medicina.udd.cl\/nutricion-dietetica-santiago\/?p=744"},"modified":"2012-06-06T15:36:27","modified_gmt":"2012-06-06T19:36:27","slug":"colegio-saludable-fue-premiado-por-la-organizacion-panamericana-de-la-salud","status":"publish","type":"post","link":"https:\/\/medicina.udd.cl\/nutricion-dietetica-santiago\/noticias\/2012\/06\/06\/colegio-saludable-fue-premiado-por-la-organizacion-panamericana-de-la-salud\/","title":{"rendered":"\u00abColegio Saludable\u00bb fue premiado por la Organizaci\u00f3n Panamericana de la Salud"},"content":{"rendered":"<p style=\"text-align: justify;\">El proyecto <strong>Colegio Saludable &#8211;<\/strong>desarrollado en la comuna de Pe\u00f1alol\u00e9n- fue galardonado por la Organizaci\u00f3n Panamericana de la Salud (OPS) en el tercer concurso Ibero-Americano de buenas pr\u00e1cticas de promoci\u00f3n de salud en el \u00e1mbito escolar.<\/p>\n<p style=\"text-align: justify;\">El programa, que \u00a0involucra a los proyectos <strong>Ni\u00f1os en Acci\u00f3n<\/strong> y <strong>Vive Sano<\/strong>, fue reconocido con el premio internacional para la experiencia en prevenci\u00f3n de enfermedades cr\u00f3nicas no transmisibles.<\/p>\n<p style=\"text-align: justify;\">De esta forma, Rinat Ratner, directora de la carrera de <a href=\"http:\/\/medicina.udd.cl\/nutricion-dietetica-santiago\">Nutrici\u00f3n y Diet\u00e9tica<\/a> fue felicitada por el apoyo e iniciativa entregada a los establecimientos educacionales intervenidos.<\/p>\n<p style=\"text-align: justify;\"><strong>\u00abColegio Saludable\u00bb en Pe\u00f1alol\u00e9n<\/strong><\/p>\n<p style=\"text-align: justify;\">En el a\u00f1o 2009 se identific\u00f3 en los estudiantes entre 4 y 6 a\u00f1os de los establecimientos municipales alta prevalencia de malnutrici\u00f3n por exceso, sobrepeso y obesidad.<\/p>\n<p style=\"text-align: justify;\">El proyecto adopt\u00f3 una estrategia dirigida a involucrar a todo el medio familiar, escolar y comunitario a trav\u00e9s de una intervenci\u00f3n que promueve una alimentaci\u00f3n equilibrada, simult\u00e1neamente con la pr\u00e1ctica regular de actividad f\u00edsica.<\/p>\n<p style=\"text-align: justify;\">Algunas de las actividades realizadas fueron: seguimiento nutricional de estudiantes, contenidos en alimentaci\u00f3n saludable dentro del aula, capacitaci\u00f3n bianual de los administradores de los kioscos, adem\u00e1s del ajuste contractual que les exige la oferta de alimentos saludables. De esta forma, se realiza paralelamente una supervisi\u00f3n de nutricionistas y actividades especiales como concursos y muestras de afiches con el fin de motivar la acci\u00f3n.<\/p>\n<p style=\"text-align: center;\"><a href=\"http:\/\/medicina.udd.cl\/nutricion-dietetica-santiago\/files\/2012\/06\/medicina-alumnos-204.jpg\"><img loading=\"lazy\" decoding=\"async\" class=\"size-large wp-image-749   aligncenter\" title=\"Proyecto Vive Sano\" src=\"http:\/\/medicina.udd.cl\/nutricion-dietetica-santiago\/files\/2012\/06\/medicina-alumnos-204-1024x768.jpg\" alt=\"\" width=\"412\" height=\"310\" srcset=\"https:\/\/medicina.udd.cl\/nutricion-dietetica-santiago\/files\/2012\/06\/medicina-alumnos-204-1024x768.jpg 1024w, https:\/\/medicina.udd.cl\/nutricion-dietetica-santiago\/files\/2012\/06\/medicina-alumnos-204-300x225.jpg 300w, https:\/\/medicina.udd.cl\/nutricion-dietetica-santiago\/files\/2012\/06\/medicina-alumnos-204-768x576.jpg 768w, https:\/\/medicina.udd.cl\/nutricion-dietetica-santiago\/files\/2012\/06\/medicina-alumnos-204-960x720.jpg 960w\" sizes=\"auto, (max-width: 412px) 100vw, 412px\" \/><\/a><\/p>\n","protected":false},"excerpt":{"rendered":"<p>El proyecto es una iniciativa de la carrera de Nutrici\u00f3n y Diet\u00e9tica y Fundaci\u00f3n Banm\u00e9dica. <\/p>\n","protected":false},"author":1,"featured_media":0,"comment_status":"open","ping_status":"open","sticky":false,"template":"","format":"standard","meta":{"footnotes":""},"categories":[4],"tags":[],"class_list":["post-744","post","type-post","status-publish","format-standard","hentry","category-noticias"],"yoast_head":"<!-- This site is optimized with the Yoast SEO plugin v26.9 - https:\/\/yoast.com\/product\/yoast-seo-wordpress\/ -->\n<title>&quot;Colegio Saludable&quot; fue premiado por la Organizaci\u00f3n Panamericana de la Salud - Nutrici\u00f3n y Diet\u00e9tica<\/title>\n<meta name=\"robots\" content=\"index, follow, max-snippet:-1, max-image-preview:large, max-video-preview:-1\" \/>\n<link rel=\"canonical\" href=\"https:\/\/medicina.udd.cl\/nutricion-dietetica-santiago\/noticias\/2012\/06\/06\/colegio-saludable-fue-premiado-por-la-organizacion-panamericana-de-la-salud\/\" \/>\n<meta property=\"og:locale\" content=\"es_ES\" \/>\n<meta property=\"og:type\" content=\"article\" \/>\n<meta property=\"og:title\" content=\"&quot;Colegio Saludable&quot; fue premiado por la Organizaci\u00f3n Panamericana de la Salud - Nutrici\u00f3n y Diet\u00e9tica\" \/>\n<meta property=\"og:description\" content=\"El proyecto es una iniciativa de la carrera de Nutrici\u00f3n y Diet\u00e9tica y Fundaci\u00f3n Banm\u00e9dica.\" \/>\n<meta property=\"og:url\" content=\"https:\/\/medicina.udd.cl\/nutricion-dietetica-santiago\/noticias\/2012\/06\/06\/colegio-saludable-fue-premiado-por-la-organizacion-panamericana-de-la-salud\/\" \/>\n<meta property=\"og:site_name\" content=\"Nutrici\u00f3n y Diet\u00e9tica\" \/>\n<meta property=\"article:published_time\" content=\"2012-06-06T18:59:23+00:00\" \/>\n<meta property=\"article:modified_time\" content=\"2012-06-06T19:36:27+00:00\" \/>\n<meta property=\"og:image\" content=\"http:\/\/medicina.udd.cl\/nutricion-dietetica-santiago\/files\/2012\/06\/medicina-alumnos-204-1024x768.jpg\" \/>\n<meta name=\"author\" content=\"admin\" \/>\n<meta name=\"twitter:label1\" content=\"Escrito por\" \/>\n\t<meta name=\"twitter:data1\" content=\"admin\" \/>\n\t<meta name=\"twitter:label2\" content=\"Tiempo de lectura\" \/>\n\t<meta name=\"twitter:data2\" content=\"1 minuto\" \/>\n<script type=\"application\/ld+json\" class=\"yoast-schema-graph\">{\"@context\":\"https:\/\/schema.org\",\"@graph\":[{\"@type\":\"Article\",\"@id\":\"https:\/\/medicina.udd.cl\/nutricion-dietetica-santiago\/noticias\/2012\/06\/06\/colegio-saludable-fue-premiado-por-la-organizacion-panamericana-de-la-salud\/#article\",\"isPartOf\":{\"@id\":\"https:\/\/medicina.udd.cl\/nutricion-dietetica-santiago\/noticias\/2012\/06\/06\/colegio-saludable-fue-premiado-por-la-organizacion-panamericana-de-la-salud\/\"},\"author\":{\"name\":\"admin\",\"@id\":\"https:\/\/medicina.udd.cl\/nutricion-dietetica-santiago\/#\/schema\/person\/f7abfa784c86da427e89287831f96ab7\"},\"headline\":\"\u00abColegio Saludable\u00bb fue premiado por la Organizaci\u00f3n Panamericana de la Salud\",\"datePublished\":\"2012-06-06T18:59:23+00:00\",\"dateModified\":\"2012-06-06T19:36:27+00:00\",\"mainEntityOfPage\":{\"@id\":\"https:\/\/medicina.udd.cl\/nutricion-dietetica-santiago\/noticias\/2012\/06\/06\/colegio-saludable-fue-premiado-por-la-organizacion-panamericana-de-la-salud\/\"},\"wordCount\":255,\"commentCount\":0,\"image\":{\"@id\":\"https:\/\/medicina.udd.cl\/nutricion-dietetica-santiago\/noticias\/2012\/06\/06\/colegio-saludable-fue-premiado-por-la-organizacion-panamericana-de-la-salud\/#primaryimage\"},\"thumbnailUrl\":\"http:\/\/medicina.udd.cl\/nutricion-dietetica-santiago\/files\/2012\/06\/medicina-alumnos-204-1024x768.jpg\",\"articleSection\":[\"Noticias\"],\"inLanguage\":\"es\",\"potentialAction\":[{\"@type\":\"CommentAction\",\"name\":\"Comment\",\"target\":[\"https:\/\/medicina.udd.cl\/nutricion-dietetica-santiago\/noticias\/2012\/06\/06\/colegio-saludable-fue-premiado-por-la-organizacion-panamericana-de-la-salud\/#respond\"]}]},{\"@type\":\"WebPage\",\"@id\":\"https:\/\/medicina.udd.cl\/nutricion-dietetica-santiago\/noticias\/2012\/06\/06\/colegio-saludable-fue-premiado-por-la-organizacion-panamericana-de-la-salud\/\",\"url\":\"https:\/\/medicina.udd.cl\/nutricion-dietetica-santiago\/noticias\/2012\/06\/06\/colegio-saludable-fue-premiado-por-la-organizacion-panamericana-de-la-salud\/\",\"name\":\"\\\"Colegio Saludable\\\" fue premiado por la Organizaci\u00f3n Panamericana de la Salud - Nutrici\u00f3n y Diet\u00e9tica\",\"isPartOf\":{\"@id\":\"https:\/\/medicina.udd.cl\/nutricion-dietetica-santiago\/#website\"},\"primaryImageOfPage\":{\"@id\":\"https:\/\/medicina.udd.cl\/nutricion-dietetica-santiago\/noticias\/2012\/06\/06\/colegio-saludable-fue-premiado-por-la-organizacion-panamericana-de-la-salud\/#primaryimage\"},\"image\":{\"@id\":\"https:\/\/medicina.udd.cl\/nutricion-dietetica-santiago\/noticias\/2012\/06\/06\/colegio-saludable-fue-premiado-por-la-organizacion-panamericana-de-la-salud\/#primaryimage\"},\"thumbnailUrl\":\"http:\/\/medicina.udd.cl\/nutricion-dietetica-santiago\/files\/2012\/06\/medicina-alumnos-204-1024x768.jpg\",\"datePublished\":\"2012-06-06T18:59:23+00:00\",\"dateModified\":\"2012-06-06T19:36:27+00:00\",\"author\":{\"@id\":\"https:\/\/medicina.udd.cl\/nutricion-dietetica-santiago\/#\/schema\/person\/f7abfa784c86da427e89287831f96ab7\"},\"breadcrumb\":{\"@id\":\"https:\/\/medicina.udd.cl\/nutricion-dietetica-santiago\/noticias\/2012\/06\/06\/colegio-saludable-fue-premiado-por-la-organizacion-panamericana-de-la-salud\/#breadcrumb\"},\"inLanguage\":\"es\",\"potentialAction\":[{\"@type\":\"ReadAction\",\"target\":[\"https:\/\/medicina.udd.cl\/nutricion-dietetica-santiago\/noticias\/2012\/06\/06\/colegio-saludable-fue-premiado-por-la-organizacion-panamericana-de-la-salud\/\"]}]},{\"@type\":\"ImageObject\",\"inLanguage\":\"es\",\"@id\":\"https:\/\/medicina.udd.cl\/nutricion-dietetica-santiago\/noticias\/2012\/06\/06\/colegio-saludable-fue-premiado-por-la-organizacion-panamericana-de-la-salud\/#primaryimage\",\"url\":\"http:\/\/medicina.udd.cl\/nutricion-dietetica-santiago\/files\/2012\/06\/medicina-alumnos-204-1024x768.jpg\",\"contentUrl\":\"http:\/\/medicina.udd.cl\/nutricion-dietetica-santiago\/files\/2012\/06\/medicina-alumnos-204-1024x768.jpg\"},{\"@type\":\"BreadcrumbList\",\"@id\":\"https:\/\/medicina.udd.cl\/nutricion-dietetica-santiago\/noticias\/2012\/06\/06\/colegio-saludable-fue-premiado-por-la-organizacion-panamericana-de-la-salud\/#breadcrumb\",\"itemListElement\":[{\"@type\":\"ListItem\",\"position\":1,\"name\":\"Home\",\"item\":\"https:\/\/medicina.udd.cl\/nutricion-dietetica-santiago\/\"},{\"@type\":\"ListItem\",\"position\":2,\"name\":\"\u00abColegio Saludable\u00bb fue premiado por la Organizaci\u00f3n Panamericana de la Salud\"}]},{\"@type\":\"WebSite\",\"@id\":\"https:\/\/medicina.udd.cl\/nutricion-dietetica-santiago\/#website\",\"url\":\"https:\/\/medicina.udd.cl\/nutricion-dietetica-santiago\/\",\"name\":\"Nutrici\u00f3n y Diet\u00e9tica\",\"description\":\"Facultad de Medicina C\u00ednica Alemana Universidad del Desarrollo\",\"inLanguage\":\"es\"},{\"@type\":\"Person\",\"@id\":\"https:\/\/medicina.udd.cl\/nutricion-dietetica-santiago\/#\/schema\/person\/f7abfa784c86da427e89287831f96ab7\",\"name\":\"admin\",\"image\":{\"@type\":\"ImageObject\",\"inLanguage\":\"es\",\"@id\":\"https:\/\/medicina.udd.cl\/nutricion-dietetica-santiago\/#\/schema\/person\/image\/\",\"url\":\"https:\/\/secure.gravatar.com\/avatar\/3cb6da298954dfb54457c0910b8c9ca010abd8d87a60f7d701b6ce4254e1c642?s=96&d=mm&r=g\",\"contentUrl\":\"https:\/\/secure.gravatar.com\/avatar\/3cb6da298954dfb54457c0910b8c9ca010abd8d87a60f7d701b6ce4254e1c642?s=96&d=mm&r=g\",\"caption\":\"admin\"},\"url\":\"https:\/\/medicina.udd.cl\/nutricion-dietetica-santiago\/noticias\/author\/admin\/\"}]}<\/script>\n<!-- \/ Yoast SEO plugin. -->","yoast_head_json":{"title":"\"Colegio Saludable\" fue premiado por la Organizaci\u00f3n Panamericana de la Salud - Nutrici\u00f3n y Diet\u00e9tica","robots":{"index":"index","follow":"follow","max-snippet":"max-snippet:-1","max-image-preview":"max-image-preview:large","max-video-preview":"max-video-preview:-1"},"canonical":"https:\/\/medicina.udd.cl\/nutricion-dietetica-santiago\/noticias\/2012\/06\/06\/colegio-saludable-fue-premiado-por-la-organizacion-panamericana-de-la-salud\/","og_locale":"es_ES","og_type":"article","og_title":"\"Colegio Saludable\" fue premiado por la Organizaci\u00f3n Panamericana de la Salud - Nutrici\u00f3n y Diet\u00e9tica","og_description":"El proyecto es una iniciativa de la carrera de Nutrici\u00f3n y Diet\u00e9tica y Fundaci\u00f3n Banm\u00e9dica.","og_url":"https:\/\/medicina.udd.cl\/nutricion-dietetica-santiago\/noticias\/2012\/06\/06\/colegio-saludable-fue-premiado-por-la-organizacion-panamericana-de-la-salud\/","og_site_name":"Nutrici\u00f3n y Diet\u00e9tica","article_published_time":"2012-06-06T18:59:23+00:00","article_modified_time":"2012-06-06T19:36:27+00:00","og_image":[{"url":"http:\/\/medicina.udd.cl\/nutricion-dietetica-santiago\/files\/2012\/06\/medicina-alumnos-204-1024x768.jpg","type":"","width":"","height":""}],"author":"admin","twitter_misc":{"Escrito por":"admin","Tiempo de lectura":"1 minuto"},"schema":{"@context":"https:\/\/schema.org","@graph":[{"@type":"Article","@id":"https:\/\/medicina.udd.cl\/nutricion-dietetica-santiago\/noticias\/2012\/06\/06\/colegio-saludable-fue-premiado-por-la-organizacion-panamericana-de-la-salud\/#article","isPartOf":{"@id":"https:\/\/medicina.udd.cl\/nutricion-dietetica-santiago\/noticias\/2012\/06\/06\/colegio-saludable-fue-premiado-por-la-organizacion-panamericana-de-la-salud\/"},"author":{"name":"admin","@id":"https:\/\/medicina.udd.cl\/nutricion-dietetica-santiago\/#\/schema\/person\/f7abfa784c86da427e89287831f96ab7"},"headline":"\u00abColegio Saludable\u00bb fue premiado por la Organizaci\u00f3n Panamericana de la Salud","datePublished":"2012-06-06T18:59:23+00:00","dateModified":"2012-06-06T19:36:27+00:00","mainEntityOfPage":{"@id":"https:\/\/medicina.udd.cl\/nutricion-dietetica-santiago\/noticias\/2012\/06\/06\/colegio-saludable-fue-premiado-por-la-organizacion-panamericana-de-la-salud\/"},"wordCount":255,"commentCount":0,"image":{"@id":"https:\/\/medicina.udd.cl\/nutricion-dietetica-santiago\/noticias\/2012\/06\/06\/colegio-saludable-fue-premiado-por-la-organizacion-panamericana-de-la-salud\/#primaryimage"},"thumbnailUrl":"http:\/\/medicina.udd.cl\/nutricion-dietetica-santiago\/files\/2012\/06\/medicina-alumnos-204-1024x768.jpg","articleSection":["Noticias"],"inLanguage":"es","potentialAction":[{"@type":"CommentAction","name":"Comment","target":["https:\/\/medicina.udd.cl\/nutricion-dietetica-santiago\/noticias\/2012\/06\/06\/colegio-saludable-fue-premiado-por-la-organizacion-panamericana-de-la-salud\/#respond"]}]},{"@type":"WebPage","@id":"https:\/\/medicina.udd.cl\/nutricion-dietetica-santiago\/noticias\/2012\/06\/06\/colegio-saludable-fue-premiado-por-la-organizacion-panamericana-de-la-salud\/","url":"https:\/\/medicina.udd.cl\/nutricion-dietetica-santiago\/noticias\/2012\/06\/06\/colegio-saludable-fue-premiado-por-la-organizacion-panamericana-de-la-salud\/","name":"\"Colegio Saludable\" fue premiado por la Organizaci\u00f3n Panamericana de la Salud - Nutrici\u00f3n y Diet\u00e9tica","isPartOf":{"@id":"https:\/\/medicina.udd.cl\/nutricion-dietetica-santiago\/#website"},"primaryImageOfPage":{"@id":"https:\/\/medicina.udd.cl\/nutricion-dietetica-santiago\/noticias\/2012\/06\/06\/colegio-saludable-fue-premiado-por-la-organizacion-panamericana-de-la-salud\/#primaryimage"},"image":{"@id":"https:\/\/medicina.udd.cl\/nutricion-dietetica-santiago\/noticias\/2012\/06\/06\/colegio-saludable-fue-premiado-por-la-organizacion-panamericana-de-la-salud\/#primaryimage"},"thumbnailUrl":"http:\/\/medicina.udd.cl\/nutricion-dietetica-santiago\/files\/2012\/06\/medicina-alumnos-204-1024x768.jpg","datePublished":"2012-06-06T18:59:23+00:00","dateModified":"2012-06-06T19:36:27+00:00","author":{"@id":"https:\/\/medicina.udd.cl\/nutricion-dietetica-santiago\/#\/schema\/person\/f7abfa784c86da427e89287831f96ab7"},"breadcrumb":{"@id":"https:\/\/medicina.udd.cl\/nutricion-dietetica-santiago\/noticias\/2012\/06\/06\/colegio-saludable-fue-premiado-por-la-organizacion-panamericana-de-la-salud\/#breadcrumb"},"inLanguage":"es","potentialAction":[{"@type":"ReadAction","target":["https:\/\/medicina.udd.cl\/nutricion-dietetica-santiago\/noticias\/2012\/06\/06\/colegio-saludable-fue-premiado-por-la-organizacion-panamericana-de-la-salud\/"]}]},{"@type":"ImageObject","inLanguage":"es","@id":"https:\/\/medicina.udd.cl\/nutricion-dietetica-santiago\/noticias\/2012\/06\/06\/colegio-saludable-fue-premiado-por-la-organizacion-panamericana-de-la-salud\/#primaryimage","url":"http:\/\/medicina.udd.cl\/nutricion-dietetica-santiago\/files\/2012\/06\/medicina-alumnos-204-1024x768.jpg","contentUrl":"http:\/\/medicina.udd.cl\/nutricion-dietetica-santiago\/files\/2012\/06\/medicina-alumnos-204-1024x768.jpg"},{"@type":"BreadcrumbList","@id":"https:\/\/medicina.udd.cl\/nutricion-dietetica-santiago\/noticias\/2012\/06\/06\/colegio-saludable-fue-premiado-por-la-organizacion-panamericana-de-la-salud\/#breadcrumb","itemListElement":[{"@type":"ListItem","position":1,"name":"Home","item":"https:\/\/medicina.udd.cl\/nutricion-dietetica-santiago\/"},{"@type":"ListItem","position":2,"name":"\u00abColegio Saludable\u00bb fue premiado por la Organizaci\u00f3n Panamericana de la Salud"}]},{"@type":"WebSite","@id":"https:\/\/medicina.udd.cl\/nutricion-dietetica-santiago\/#website","url":"https:\/\/medicina.udd.cl\/nutricion-dietetica-santiago\/","name":"Nutrici\u00f3n y Diet\u00e9tica","description":"Facultad de Medicina C\u00ednica Alemana Universidad del Desarrollo","inLanguage":"es"},{"@type":"Person","@id":"https:\/\/medicina.udd.cl\/nutricion-dietetica-santiago\/#\/schema\/person\/f7abfa784c86da427e89287831f96ab7","name":"admin","image":{"@type":"ImageObject","inLanguage":"es","@id":"https:\/\/medicina.udd.cl\/nutricion-dietetica-santiago\/#\/schema\/person\/image\/","url":"https:\/\/secure.gravatar.com\/avatar\/3cb6da298954dfb54457c0910b8c9ca010abd8d87a60f7d701b6ce4254e1c642?s=96&d=mm&r=g","contentUrl":"https:\/\/secure.gravatar.com\/avatar\/3cb6da298954dfb54457c0910b8c9ca010abd8d87a60f7d701b6ce4254e1c642?s=96&d=mm&r=g","caption":"admin"},"url":"https:\/\/medicina.udd.cl\/nutricion-dietetica-santiago\/noticias\/author\/admin\/"}]}},"featured_image_url":null,"_links":{"self":[{"href":"https:\/\/medicina.udd.cl\/nutricion-dietetica-santiago\/wp-json\/wp\/v2\/posts\/744","targetHints":{"allow":["GET"]}}],"collection":[{"href":"https:\/\/medicina.udd.cl\/nutricion-dietetica-santiago\/wp-json\/wp\/v2\/posts"}],"about":[{"href":"https:\/\/medicina.udd.cl\/nutricion-dietetica-santiago\/wp-json\/wp\/v2\/types\/post"}],"author":[{"embeddable":true,"href":"https:\/\/medicina.udd.cl\/nutricion-dietetica-santiago\/wp-json\/wp\/v2\/users\/1"}],"replies":[{"embeddable":true,"href":"https:\/\/medicina.udd.cl\/nutricion-dietetica-santiago\/wp-json\/wp\/v2\/comments?post=744"}],"version-history":[{"count":14,"href":"https:\/\/medicina.udd.cl\/nutricion-dietetica-santiago\/wp-json\/wp\/v2\/posts\/744\/revisions"}],"predecessor-version":[{"id":759,"href":"https:\/\/medicina.udd.cl\/nutricion-dietetica-santiago\/wp-json\/wp\/v2\/posts\/744\/revisions\/759"}],"wp:attachment":[{"href":"https:\/\/medicina.udd.cl\/nutricion-dietetica-santiago\/wp-json\/wp\/v2\/media?parent=744"}],"wp:term":[{"taxonomy":"category","embeddable":true,"href":"https:\/\/medicina.udd.cl\/nutricion-dietetica-santiago\/wp-json\/wp\/v2\/categories?post=744"},{"taxonomy":"post_tag","embeddable":true,"href":"https:\/\/medicina.udd.cl\/nutricion-dietetica-santiago\/wp-json\/wp\/v2\/tags?post=744"}],"curies":[{"name":"wp","href":"https:\/\/api.w.org\/{rel}","templated":true}]}}