{"id":860,"date":"2012-08-08T12:50:09","date_gmt":"2012-08-08T16:50:09","guid":{"rendered":"http:\/\/medicina.udd.cl\/nutricion-dietetica-santiago\/?p=860"},"modified":"2012-08-08T12:50:22","modified_gmt":"2012-08-08T16:50:22","slug":"nutricion-y-dietetica-participo-en-trabajos-voluntarios-de-invierno-placilla-2012","status":"publish","type":"post","link":"https:\/\/medicina.udd.cl\/nutricion-dietetica-santiago\/noticias\/2012\/08\/08\/nutricion-y-dietetica-participo-en-trabajos-voluntarios-de-invierno-placilla-2012\/","title":{"rendered":"Nutrici\u00f3n y Diet\u00e9tica particip\u00f3 en trabajos voluntarios de invierno Placilla 2012"},"content":{"rendered":"<div id=\"gallery-1\" class=\"carousel slide carousel-gallery\" data-ride=\"false\" data-interval=\"false\"><div class=\"carousel-inner\" role=\"listbox\"><figure class=\"carousel-item active\"><img loading=\"lazy\" decoding=\"async\" width=\"640\" height=\"480\" src=\"https:\/\/medicina.udd.cl\/nutricion-dietetica-santiago\/files\/2012\/08\/TTVV01.jpg\" class=\"attachment-landscape_952 size-landscape_952\" alt=\"\" srcset=\"https:\/\/medicina.udd.cl\/nutricion-dietetica-santiago\/files\/2012\/08\/TTVV01.jpg 640w, https:\/\/medicina.udd.cl\/nutricion-dietetica-santiago\/files\/2012\/08\/TTVV01-300x225.jpg 300w\" sizes=\"auto, (max-width: 640px) 100vw, 640px\" \/><\/figure><figure class=\"carousel-item\"><img loading=\"lazy\" decoding=\"async\" width=\"712\" height=\"534\" src=\"https:\/\/medicina.udd.cl\/nutricion-dietetica-santiago\/files\/2012\/08\/IMG_8636.jpg\" class=\"attachment-landscape_952 size-landscape_952\" alt=\"\" srcset=\"https:\/\/medicina.udd.cl\/nutricion-dietetica-santiago\/files\/2012\/08\/IMG_8636.jpg 2272w, https:\/\/medicina.udd.cl\/nutricion-dietetica-santiago\/files\/2012\/08\/IMG_8636-300x225.jpg 300w, https:\/\/medicina.udd.cl\/nutricion-dietetica-santiago\/files\/2012\/08\/IMG_8636-768x576.jpg 768w, https:\/\/medicina.udd.cl\/nutricion-dietetica-santiago\/files\/2012\/08\/IMG_8636-1024x768.jpg 1024w, https:\/\/medicina.udd.cl\/nutricion-dietetica-santiago\/files\/2012\/08\/IMG_8636-960x720.jpg 960w\" sizes=\"auto, (max-width: 712px) 100vw, 712px\" \/><\/figure><figure class=\"carousel-item\"><img loading=\"lazy\" decoding=\"async\" width=\"712\" height=\"534\" src=\"https:\/\/medicina.udd.cl\/nutricion-dietetica-santiago\/files\/2012\/08\/IMG_8666.jpg\" class=\"attachment-landscape_952 size-landscape_952\" alt=\"\" srcset=\"https:\/\/medicina.udd.cl\/nutricion-dietetica-santiago\/files\/2012\/08\/IMG_8666.jpg 2272w, https:\/\/medicina.udd.cl\/nutricion-dietetica-santiago\/files\/2012\/08\/IMG_8666-300x225.jpg 300w, https:\/\/medicina.udd.cl\/nutricion-dietetica-santiago\/files\/2012\/08\/IMG_8666-768x576.jpg 768w, https:\/\/medicina.udd.cl\/nutricion-dietetica-santiago\/files\/2012\/08\/IMG_8666-1024x768.jpg 1024w, https:\/\/medicina.udd.cl\/nutricion-dietetica-santiago\/files\/2012\/08\/IMG_8666-960x720.jpg 960w\" sizes=\"auto, (max-width: 712px) 100vw, 712px\" \/><\/figure><figure class=\"carousel-item\"><img loading=\"lazy\" decoding=\"async\" width=\"712\" height=\"534\" src=\"https:\/\/medicina.udd.cl\/nutricion-dietetica-santiago\/files\/2012\/08\/IMG_8639.jpg\" class=\"attachment-landscape_952 size-landscape_952\" alt=\"\" srcset=\"https:\/\/medicina.udd.cl\/nutricion-dietetica-santiago\/files\/2012\/08\/IMG_8639.jpg 2272w, https:\/\/medicina.udd.cl\/nutricion-dietetica-santiago\/files\/2012\/08\/IMG_8639-300x225.jpg 300w, https:\/\/medicina.udd.cl\/nutricion-dietetica-santiago\/files\/2012\/08\/IMG_8639-768x576.jpg 768w, https:\/\/medicina.udd.cl\/nutricion-dietetica-santiago\/files\/2012\/08\/IMG_8639-1024x768.jpg 1024w, https:\/\/medicina.udd.cl\/nutricion-dietetica-santiago\/files\/2012\/08\/IMG_8639-960x720.jpg 960w\" sizes=\"auto, (max-width: 712px) 100vw, 712px\" \/><\/figure><figure class=\"carousel-item\"><img loading=\"lazy\" decoding=\"async\" width=\"801\" height=\"534\" src=\"https:\/\/medicina.udd.cl\/nutricion-dietetica-santiago\/files\/2012\/08\/616614_10150989429516298_1609734692_o.jpeg\" class=\"attachment-landscape_952 size-landscape_952\" alt=\"\" srcset=\"https:\/\/medicina.udd.cl\/nutricion-dietetica-santiago\/files\/2012\/08\/616614_10150989429516298_1609734692_o.jpeg 2048w, https:\/\/medicina.udd.cl\/nutricion-dietetica-santiago\/files\/2012\/08\/616614_10150989429516298_1609734692_o-300x200.jpeg 300w, https:\/\/medicina.udd.cl\/nutricion-dietetica-santiago\/files\/2012\/08\/616614_10150989429516298_1609734692_o-768x512.jpeg 768w, https:\/\/medicina.udd.cl\/nutricion-dietetica-santiago\/files\/2012\/08\/616614_10150989429516298_1609734692_o-1024x683.jpeg 1024w, https:\/\/medicina.udd.cl\/nutricion-dietetica-santiago\/files\/2012\/08\/616614_10150989429516298_1609734692_o-960x640.jpeg 960w\" sizes=\"auto, (max-width: 801px) 100vw, 801px\" \/><\/figure><\/div><footer class=\"carousel-footer\"><div class=\"carousel-counter\"><span class=\"carousel-counter-current\"><\/span> \/ <span class=\"carousel-counter-total\"><\/span><\/div><a class=\"carousel-control-prev\" href=\"#gallery-1\" role=\"button\" data-slide=\"prev\"><svg aria-hidden=\"true\" class=\"svg-chevron-left-dims\"><use xlink:href='https:\/\/medicina.udd.cl\/nutricion-dietetica-santiago\/wp-content\/themes\/facultades-2018\/assets\/img\/svg\/dist\/main.svg?version=1695853099#chevron-left'><\/use><\/svg><span class=\"sr-only\">Anterior<\/span><\/a><a class=\"carousel-control-next\" href=\"#gallery-1\" role=\"button\" data-slide=\"next\"><svg aria-hidden=\"true\" class=\"svg-chevron-right-dims\"><use xlink:href='https:\/\/medicina.udd.cl\/nutricion-dietetica-santiago\/wp-content\/themes\/facultades-2018\/assets\/img\/svg\/dist\/main.svg?version=1695853099#chevron-right'><\/use><\/svg><span class=\"sr-only\">Siguiente<\/span><\/a><\/footer><\/div>\n<p style=\"text-align: justify;\">Las alumnas de la <a href=\"http:\/\/medicina.udd.cl\/nutricion-dietetica-santiago\/\">carrera de Nurtici\u00f3n y Diet\u00e9tica<\/a> que respresentaron a la <a href=\"http:\/\/medicina.udd.cl\/\">Facultad de Medicina CAS-UDD<\/a> fueron: Rafaela Fontecilla, Catalina Valenzuela, Marisol Soto, Sof\u00eda Salinas, Valentina Saavedra, Constanza Jim\u00e9nez, Josefina Morel, Josefina Correa, Daniela Giancaspero, Catalina Cuello, Consuelo Orrego, Javiera Guti\u00e9rrez, Alice Glaves y Nicole Y\u00fasari estuvieron acompa\u00f1adas en las actividades por la docente Jerusa Brignardello.<\/p>\n<p style=\"text-align: justify;\">Dentro de los trabajos de invierno, las estudiantes construyeron soluciones habitacionales y sanitarias para los pobladores de los campamentos de Placilla . Adem\u00e1s, se realiz\u00f3 una intervenci\u00f3n en salud en los pobladores de los campamentos de la comuna intervenida con los alumnos de Odontolog\u00eda, donde los ni\u00f1os que recibieron tratamiento de fluoraci\u00f3n fueron atendidos con sus madres por el equipo de Nutrici\u00f3n y Diet\u00e9tica.<\/p>\n<p style=\"text-align: justify;\">Tambi\u00e9n se realiz\u00f3 una intervenci\u00f3n en conjunto con los alumnos de Kinesiolog\u00eda dirigida a los pacientes cr\u00f3nicos en el consultorio de la comunidad.<\/p>\n","protected":false},"excerpt":{"rendered":"<p>Alumnos de la carrera participaron de manera entusiasta en los trabajos voluntarios de invierno realizados en durante el mes de Julio en la localidad de Placilla, VI regi\u00f3n.<\/p>\n","protected":false},"author":1,"featured_media":0,"comment_status":"open","ping_status":"open","sticky":false,"template":"","format":"standard","meta":{"footnotes":""},"categories":[4],"tags":[],"class_list":["post-860","post","type-post","status-publish","format-standard","hentry","category-noticias"],"yoast_head":"<!-- This site is optimized with the Yoast SEO plugin v26.9 - https:\/\/yoast.com\/product\/yoast-seo-wordpress\/ -->\n<title>Nutrici\u00f3n y Diet\u00e9tica particip\u00f3 en trabajos voluntarios de invierno Placilla 2012 - Nutrici\u00f3n y Diet\u00e9tica<\/title>\n<meta name=\"robots\" content=\"index, follow, max-snippet:-1, max-image-preview:large, max-video-preview:-1\" \/>\n<link rel=\"canonical\" href=\"https:\/\/medicina.udd.cl\/nutricion-dietetica-santiago\/noticias\/2012\/08\/08\/nutricion-y-dietetica-participo-en-trabajos-voluntarios-de-invierno-placilla-2012\/\" \/>\n<meta property=\"og:locale\" content=\"es_ES\" \/>\n<meta property=\"og:type\" content=\"article\" \/>\n<meta property=\"og:title\" content=\"Nutrici\u00f3n y Diet\u00e9tica particip\u00f3 en trabajos voluntarios de invierno Placilla 2012 - Nutrici\u00f3n y Diet\u00e9tica\" \/>\n<meta property=\"og:description\" content=\"Alumnos de la carrera participaron de manera entusiasta en los trabajos voluntarios de invierno realizados en durante el mes de Julio en la localidad de Placilla, VI regi\u00f3n.\" \/>\n<meta property=\"og:url\" content=\"https:\/\/medicina.udd.cl\/nutricion-dietetica-santiago\/noticias\/2012\/08\/08\/nutricion-y-dietetica-participo-en-trabajos-voluntarios-de-invierno-placilla-2012\/\" \/>\n<meta property=\"og:site_name\" content=\"Nutrici\u00f3n y Diet\u00e9tica\" \/>\n<meta property=\"article:published_time\" content=\"2012-08-08T16:50:09+00:00\" \/>\n<meta property=\"article:modified_time\" content=\"2012-08-08T16:50:22+00:00\" \/>\n<meta property=\"og:image\" content=\"https:\/\/medicina.udd.cl\/nutricion-dietetica-santiago\/files\/2012\/08\/TTVV01.jpg\" \/>\n<meta name=\"author\" content=\"admin\" \/>\n<meta name=\"twitter:label1\" content=\"Escrito por\" \/>\n\t<meta name=\"twitter:data1\" content=\"admin\" \/>\n\t<meta name=\"twitter:label2\" content=\"Tiempo de lectura\" \/>\n\t<meta name=\"twitter:data2\" content=\"1 minuto\" \/>\n<script type=\"application\/ld+json\" class=\"yoast-schema-graph\">{\"@context\":\"https:\/\/schema.org\",\"@graph\":[{\"@type\":\"Article\",\"@id\":\"https:\/\/medicina.udd.cl\/nutricion-dietetica-santiago\/noticias\/2012\/08\/08\/nutricion-y-dietetica-participo-en-trabajos-voluntarios-de-invierno-placilla-2012\/#article\",\"isPartOf\":{\"@id\":\"https:\/\/medicina.udd.cl\/nutricion-dietetica-santiago\/noticias\/2012\/08\/08\/nutricion-y-dietetica-participo-en-trabajos-voluntarios-de-invierno-placilla-2012\/\"},\"author\":{\"name\":\"admin\",\"@id\":\"https:\/\/medicina.udd.cl\/nutricion-dietetica-santiago\/#\/schema\/person\/f7abfa784c86da427e89287831f96ab7\"},\"headline\":\"Nutrici\u00f3n y Diet\u00e9tica particip\u00f3 en trabajos voluntarios de invierno Placilla 2012\",\"datePublished\":\"2012-08-08T16:50:09+00:00\",\"dateModified\":\"2012-08-08T16:50:22+00:00\",\"mainEntityOfPage\":{\"@id\":\"https:\/\/medicina.udd.cl\/nutricion-dietetica-santiago\/noticias\/2012\/08\/08\/nutricion-y-dietetica-participo-en-trabajos-voluntarios-de-invierno-placilla-2012\/\"},\"wordCount\":176,\"commentCount\":0,\"articleSection\":[\"Noticias\"],\"inLanguage\":\"es\",\"potentialAction\":[{\"@type\":\"CommentAction\",\"name\":\"Comment\",\"target\":[\"https:\/\/medicina.udd.cl\/nutricion-dietetica-santiago\/noticias\/2012\/08\/08\/nutricion-y-dietetica-participo-en-trabajos-voluntarios-de-invierno-placilla-2012\/#respond\"]}]},{\"@type\":\"WebPage\",\"@id\":\"https:\/\/medicina.udd.cl\/nutricion-dietetica-santiago\/noticias\/2012\/08\/08\/nutricion-y-dietetica-participo-en-trabajos-voluntarios-de-invierno-placilla-2012\/\",\"url\":\"https:\/\/medicina.udd.cl\/nutricion-dietetica-santiago\/noticias\/2012\/08\/08\/nutricion-y-dietetica-participo-en-trabajos-voluntarios-de-invierno-placilla-2012\/\",\"name\":\"Nutrici\u00f3n y Diet\u00e9tica particip\u00f3 en trabajos voluntarios de invierno Placilla 2012 - Nutrici\u00f3n y Diet\u00e9tica\",\"isPartOf\":{\"@id\":\"https:\/\/medicina.udd.cl\/nutricion-dietetica-santiago\/#website\"},\"datePublished\":\"2012-08-08T16:50:09+00:00\",\"dateModified\":\"2012-08-08T16:50:22+00:00\",\"author\":{\"@id\":\"https:\/\/medicina.udd.cl\/nutricion-dietetica-santiago\/#\/schema\/person\/f7abfa784c86da427e89287831f96ab7\"},\"breadcrumb\":{\"@id\":\"https:\/\/medicina.udd.cl\/nutricion-dietetica-santiago\/noticias\/2012\/08\/08\/nutricion-y-dietetica-participo-en-trabajos-voluntarios-de-invierno-placilla-2012\/#breadcrumb\"},\"inLanguage\":\"es\",\"potentialAction\":[{\"@type\":\"ReadAction\",\"target\":[\"https:\/\/medicina.udd.cl\/nutricion-dietetica-santiago\/noticias\/2012\/08\/08\/nutricion-y-dietetica-participo-en-trabajos-voluntarios-de-invierno-placilla-2012\/\"]}]},{\"@type\":\"BreadcrumbList\",\"@id\":\"https:\/\/medicina.udd.cl\/nutricion-dietetica-santiago\/noticias\/2012\/08\/08\/nutricion-y-dietetica-participo-en-trabajos-voluntarios-de-invierno-placilla-2012\/#breadcrumb\",\"itemListElement\":[{\"@type\":\"ListItem\",\"position\":1,\"name\":\"Home\",\"item\":\"https:\/\/medicina.udd.cl\/nutricion-dietetica-santiago\/\"},{\"@type\":\"ListItem\",\"position\":2,\"name\":\"Nutrici\u00f3n y Diet\u00e9tica particip\u00f3 en trabajos voluntarios de invierno Placilla 2012\"}]},{\"@type\":\"WebSite\",\"@id\":\"https:\/\/medicina.udd.cl\/nutricion-dietetica-santiago\/#website\",\"url\":\"https:\/\/medicina.udd.cl\/nutricion-dietetica-santiago\/\",\"name\":\"Nutrici\u00f3n y Diet\u00e9tica\",\"description\":\"Facultad de Medicina C\u00ednica Alemana Universidad del Desarrollo\",\"inLanguage\":\"es\"},{\"@type\":\"Person\",\"@id\":\"https:\/\/medicina.udd.cl\/nutricion-dietetica-santiago\/#\/schema\/person\/f7abfa784c86da427e89287831f96ab7\",\"name\":\"admin\",\"image\":{\"@type\":\"ImageObject\",\"inLanguage\":\"es\",\"@id\":\"https:\/\/medicina.udd.cl\/nutricion-dietetica-santiago\/#\/schema\/person\/image\/\",\"url\":\"https:\/\/secure.gravatar.com\/avatar\/3cb6da298954dfb54457c0910b8c9ca010abd8d87a60f7d701b6ce4254e1c642?s=96&d=mm&r=g\",\"contentUrl\":\"https:\/\/secure.gravatar.com\/avatar\/3cb6da298954dfb54457c0910b8c9ca010abd8d87a60f7d701b6ce4254e1c642?s=96&d=mm&r=g\",\"caption\":\"admin\"},\"url\":\"https:\/\/medicina.udd.cl\/nutricion-dietetica-santiago\/noticias\/author\/admin\/\"}]}<\/script>\n<!-- \/ Yoast SEO plugin. -->","yoast_head_json":{"title":"Nutrici\u00f3n y Diet\u00e9tica particip\u00f3 en trabajos voluntarios de invierno Placilla 2012 - Nutrici\u00f3n y Diet\u00e9tica","robots":{"index":"index","follow":"follow","max-snippet":"max-snippet:-1","max-image-preview":"max-image-preview:large","max-video-preview":"max-video-preview:-1"},"canonical":"https:\/\/medicina.udd.cl\/nutricion-dietetica-santiago\/noticias\/2012\/08\/08\/nutricion-y-dietetica-participo-en-trabajos-voluntarios-de-invierno-placilla-2012\/","og_locale":"es_ES","og_type":"article","og_title":"Nutrici\u00f3n y Diet\u00e9tica particip\u00f3 en trabajos voluntarios de invierno Placilla 2012 - Nutrici\u00f3n y Diet\u00e9tica","og_description":"Alumnos de la carrera participaron de manera entusiasta en los trabajos voluntarios de invierno realizados en durante el mes de Julio en la localidad de Placilla, VI regi\u00f3n.","og_url":"https:\/\/medicina.udd.cl\/nutricion-dietetica-santiago\/noticias\/2012\/08\/08\/nutricion-y-dietetica-participo-en-trabajos-voluntarios-de-invierno-placilla-2012\/","og_site_name":"Nutrici\u00f3n y Diet\u00e9tica","article_published_time":"2012-08-08T16:50:09+00:00","article_modified_time":"2012-08-08T16:50:22+00:00","og_image":[{"url":"https:\/\/medicina.udd.cl\/nutricion-dietetica-santiago\/files\/2012\/08\/TTVV01.jpg","type":"","width":"","height":""}],"author":"admin","twitter_misc":{"Escrito por":"admin","Tiempo de lectura":"1 minuto"},"schema":{"@context":"https:\/\/schema.org","@graph":[{"@type":"Article","@id":"https:\/\/medicina.udd.cl\/nutricion-dietetica-santiago\/noticias\/2012\/08\/08\/nutricion-y-dietetica-participo-en-trabajos-voluntarios-de-invierno-placilla-2012\/#article","isPartOf":{"@id":"https:\/\/medicina.udd.cl\/nutricion-dietetica-santiago\/noticias\/2012\/08\/08\/nutricion-y-dietetica-participo-en-trabajos-voluntarios-de-invierno-placilla-2012\/"},"author":{"name":"admin","@id":"https:\/\/medicina.udd.cl\/nutricion-dietetica-santiago\/#\/schema\/person\/f7abfa784c86da427e89287831f96ab7"},"headline":"Nutrici\u00f3n y Diet\u00e9tica particip\u00f3 en trabajos voluntarios de invierno Placilla 2012","datePublished":"2012-08-08T16:50:09+00:00","dateModified":"2012-08-08T16:50:22+00:00","mainEntityOfPage":{"@id":"https:\/\/medicina.udd.cl\/nutricion-dietetica-santiago\/noticias\/2012\/08\/08\/nutricion-y-dietetica-participo-en-trabajos-voluntarios-de-invierno-placilla-2012\/"},"wordCount":176,"commentCount":0,"articleSection":["Noticias"],"inLanguage":"es","potentialAction":[{"@type":"CommentAction","name":"Comment","target":["https:\/\/medicina.udd.cl\/nutricion-dietetica-santiago\/noticias\/2012\/08\/08\/nutricion-y-dietetica-participo-en-trabajos-voluntarios-de-invierno-placilla-2012\/#respond"]}]},{"@type":"WebPage","@id":"https:\/\/medicina.udd.cl\/nutricion-dietetica-santiago\/noticias\/2012\/08\/08\/nutricion-y-dietetica-participo-en-trabajos-voluntarios-de-invierno-placilla-2012\/","url":"https:\/\/medicina.udd.cl\/nutricion-dietetica-santiago\/noticias\/2012\/08\/08\/nutricion-y-dietetica-participo-en-trabajos-voluntarios-de-invierno-placilla-2012\/","name":"Nutrici\u00f3n y Diet\u00e9tica particip\u00f3 en trabajos voluntarios de invierno Placilla 2012 - Nutrici\u00f3n y Diet\u00e9tica","isPartOf":{"@id":"https:\/\/medicina.udd.cl\/nutricion-dietetica-santiago\/#website"},"datePublished":"2012-08-08T16:50:09+00:00","dateModified":"2012-08-08T16:50:22+00:00","author":{"@id":"https:\/\/medicina.udd.cl\/nutricion-dietetica-santiago\/#\/schema\/person\/f7abfa784c86da427e89287831f96ab7"},"breadcrumb":{"@id":"https:\/\/medicina.udd.cl\/nutricion-dietetica-santiago\/noticias\/2012\/08\/08\/nutricion-y-dietetica-participo-en-trabajos-voluntarios-de-invierno-placilla-2012\/#breadcrumb"},"inLanguage":"es","potentialAction":[{"@type":"ReadAction","target":["https:\/\/medicina.udd.cl\/nutricion-dietetica-santiago\/noticias\/2012\/08\/08\/nutricion-y-dietetica-participo-en-trabajos-voluntarios-de-invierno-placilla-2012\/"]}]},{"@type":"BreadcrumbList","@id":"https:\/\/medicina.udd.cl\/nutricion-dietetica-santiago\/noticias\/2012\/08\/08\/nutricion-y-dietetica-participo-en-trabajos-voluntarios-de-invierno-placilla-2012\/#breadcrumb","itemListElement":[{"@type":"ListItem","position":1,"name":"Home","item":"https:\/\/medicina.udd.cl\/nutricion-dietetica-santiago\/"},{"@type":"ListItem","position":2,"name":"Nutrici\u00f3n y Diet\u00e9tica particip\u00f3 en trabajos voluntarios de invierno Placilla 2012"}]},{"@type":"WebSite","@id":"https:\/\/medicina.udd.cl\/nutricion-dietetica-santiago\/#website","url":"https:\/\/medicina.udd.cl\/nutricion-dietetica-santiago\/","name":"Nutrici\u00f3n y Diet\u00e9tica","description":"Facultad de Medicina C\u00ednica Alemana Universidad del Desarrollo","inLanguage":"es"},{"@type":"Person","@id":"https:\/\/medicina.udd.cl\/nutricion-dietetica-santiago\/#\/schema\/person\/f7abfa784c86da427e89287831f96ab7","name":"admin","image":{"@type":"ImageObject","inLanguage":"es","@id":"https:\/\/medicina.udd.cl\/nutricion-dietetica-santiago\/#\/schema\/person\/image\/","url":"https:\/\/secure.gravatar.com\/avatar\/3cb6da298954dfb54457c0910b8c9ca010abd8d87a60f7d701b6ce4254e1c642?s=96&d=mm&r=g","contentUrl":"https:\/\/secure.gravatar.com\/avatar\/3cb6da298954dfb54457c0910b8c9ca010abd8d87a60f7d701b6ce4254e1c642?s=96&d=mm&r=g","caption":"admin"},"url":"https:\/\/medicina.udd.cl\/nutricion-dietetica-santiago\/noticias\/author\/admin\/"}]}},"featured_image_url":null,"_links":{"self":[{"href":"https:\/\/medicina.udd.cl\/nutricion-dietetica-santiago\/wp-json\/wp\/v2\/posts\/860","targetHints":{"allow":["GET"]}}],"collection":[{"href":"https:\/\/medicina.udd.cl\/nutricion-dietetica-santiago\/wp-json\/wp\/v2\/posts"}],"about":[{"href":"https:\/\/medicina.udd.cl\/nutricion-dietetica-santiago\/wp-json\/wp\/v2\/types\/post"}],"author":[{"embeddable":true,"href":"https:\/\/medicina.udd.cl\/nutricion-dietetica-santiago\/wp-json\/wp\/v2\/users\/1"}],"replies":[{"embeddable":true,"href":"https:\/\/medicina.udd.cl\/nutricion-dietetica-santiago\/wp-json\/wp\/v2\/comments?post=860"}],"version-history":[{"count":8,"href":"https:\/\/medicina.udd.cl\/nutricion-dietetica-santiago\/wp-json\/wp\/v2\/posts\/860\/revisions"}],"predecessor-version":[{"id":873,"href":"https:\/\/medicina.udd.cl\/nutricion-dietetica-santiago\/wp-json\/wp\/v2\/posts\/860\/revisions\/873"}],"wp:attachment":[{"href":"https:\/\/medicina.udd.cl\/nutricion-dietetica-santiago\/wp-json\/wp\/v2\/media?parent=860"}],"wp:term":[{"taxonomy":"category","embeddable":true,"href":"https:\/\/medicina.udd.cl\/nutricion-dietetica-santiago\/wp-json\/wp\/v2\/categories?post=860"},{"taxonomy":"post_tag","embeddable":true,"href":"https:\/\/medicina.udd.cl\/nutricion-dietetica-santiago\/wp-json\/wp\/v2\/tags?post=860"}],"curies":[{"name":"wp","href":"https:\/\/api.w.org\/{rel}","templated":true}]}}