{"id":8951,"date":"2024-09-04T13:46:26","date_gmt":"2024-09-04T17:46:26","guid":{"rendered":"https:\/\/medicina.udd.cl\/nutricion-dietetica-santiago\/?p=8951"},"modified":"2024-09-04T17:34:45","modified_gmt":"2024-09-04T21:34:45","slug":"udd-y-mercado-lo-valledor-firman-convenio-de-cooperacion-institucional-para-impulsar-la-investigacion-en-alimentacion-saludable","status":"publish","type":"post","link":"https:\/\/medicina.udd.cl\/nutricion-dietetica-santiago\/noticias\/2024\/09\/04\/udd-y-mercado-lo-valledor-firman-convenio-de-cooperacion-institucional-para-impulsar-la-investigacion-en-alimentacion-saludable\/","title":{"rendered":"UDD y Mercado Mayorista Lo Valledor firman convenio de cooperaci\u00f3n institucional para impulsar la investigaci\u00f3n en alimentaci\u00f3n saludable"},"content":{"rendered":"\n<figure class=\"wp-block-image aligncenter size-large\"><a href=\"https:\/\/medicina.udd.cl\/nutricion-dietetica-santiago\/files\/2024\/09\/nut-firma-convenio-lo-valledor-89-scaled.jpg\"><img loading=\"lazy\" decoding=\"async\" width=\"1024\" height=\"683\" src=\"https:\/\/medicina.udd.cl\/nutricion-dietetica-santiago\/files\/2024\/09\/nut-firma-convenio-lo-valledor-89-1024x683.jpg\" alt=\"\" class=\"wp-image-8971\" srcset=\"https:\/\/medicina.udd.cl\/nutricion-dietetica-santiago\/files\/2024\/09\/nut-firma-convenio-lo-valledor-89-1024x683.jpg 1024w, https:\/\/medicina.udd.cl\/nutricion-dietetica-santiago\/files\/2024\/09\/nut-firma-convenio-lo-valledor-89-300x200.jpg 300w, https:\/\/medicina.udd.cl\/nutricion-dietetica-santiago\/files\/2024\/09\/nut-firma-convenio-lo-valledor-89-768x512.jpg 768w, https:\/\/medicina.udd.cl\/nutricion-dietetica-santiago\/files\/2024\/09\/nut-firma-convenio-lo-valledor-89-1536x1024.jpg 1536w, https:\/\/medicina.udd.cl\/nutricion-dietetica-santiago\/files\/2024\/09\/nut-firma-convenio-lo-valledor-89-2048x1365.jpg 2048w\" sizes=\"auto, (max-width: 1024px) 100vw, 1024px\" \/><\/a><figcaption class=\"wp-element-caption\">Representantes de la UDD y Lo Valledor<\/figcaption><\/figure>\n\n\n\n<p>Este martes 3 de septiembre, la Universidad del Desarrollo (UDD), a trav\u00e9s de la carrera de Nutrici\u00f3n y Diet\u00e9tica, firm\u00f3 un importante convenio de cooperaci\u00f3n institucional con el Mercado Mayorista Lo Valledor y su Fundaci\u00f3n\u00a0<em>Formando Mejores Personas<\/em>. Este acuerdo tiene como objetivo fomentar la investigaci\u00f3n en alimentaci\u00f3n saludable y fortalecer la colaboraci\u00f3n cient\u00edfica, t\u00e9cnica y social entre ambas instituciones.<\/p>\n\n\n\n<p>El convenio fue firmado en el marco del seminario&nbsp;<em>\u201cVanguardia en la Innovaci\u00f3n de Alimentos\u201d<\/em>, organizado por la carrera de Nutrici\u00f3n y Diet\u00e9tica UDD y liderado por las docentes Alejandra Domper, Solange Brevis y Natalia Vega. El acuerdo contempla la cooperaci\u00f3n en pr\u00e1cticas profesionales, tesis e internados, as\u00ed como la utilizaci\u00f3n de instalaciones y equipos de Lo Valledor. Adem\u00e1s, se promover\u00e1n actividades conjuntas como talleres, seminarios y jornadas t\u00e9cnicas para desarrollar capacidades y fomentar redes de colaboraci\u00f3n entre especialistas.<\/p>\n\n\n\n<p>Rinat Ratner, directora de la carrera de Nutrici\u00f3n y Diet\u00e9tica UDD, destac\u00f3 la importancia de este convenio, se\u00f1alando:&nbsp;<em>\u201cEste seminario y este convenio muestran nuestro gran compromiso con la excelencia y la relevancia de la formaci\u00f3n de profesionales que no solo entienden la importancia de la alimentaci\u00f3n saludable, sino que est\u00e9n preparados para liderar los cambios que nuestra sociedad necesita\u201d.<\/em><\/p>\n\n\n\n<p>La Dra. Liliana Jadue, vicedecana de las carreras de la salud de la Facultad de Medicina Cl\u00ednica Alemana UDD, agradeci\u00f3 la colaboraci\u00f3n de Lo Valledor, resaltando la relevancia de la nutrici\u00f3n en la salud y la evoluci\u00f3n hacia un enfoque m\u00e1s humano.&nbsp;<em>\u201cEs un honor tener esta colaboraci\u00f3n para poder trabajar en conjunto\u201d<\/em>, afirm\u00f3.<\/p>\n\n\n\n<p>Por su parte, V\u00edctor Cornejo, presidente del Mercado Mayorista Lo Valledor, enfatiz\u00f3 la responsabilidad social de la instituci\u00f3n y la necesidad de innovar en el \u00e1mbito empresarial. Adem\u00e1s, resalt\u00f3 la importancia del trabajo duro y la superaci\u00f3n de obst\u00e1culos en el emprendimiento.&nbsp;<em>\u00abLa alimentaci\u00f3n saludable es fundamental, por lo que este convenio refuerza nuestro compromiso con la innovaci\u00f3n y la resiliencia\u00bb<\/em>, se\u00f1al\u00f3.<\/p>\n\n\n\n<p>Carlos Varela, director de Emprendimiento y Responsabilidad P\u00fablica UDD, destac\u00f3 este convenio con Lo Valledor y la importancia que esto significa para el emprendimiento responsable que se lleva a cabo en la universidad, promoviendo habilidades emprendedoras en estudiantes y profesores, fomentando la cultura de la innovaci\u00f3n y la resoluci\u00f3n de desaf\u00edos globales.&nbsp;<em>\u201cEl emprendimiento no se forma en la sala de clases, el emprendimiento se forma en ecosistemas. La universidad tiene una serie de elementos a tomar en cuenta, pero el ecosistema es donde el usuario ve los verdaderos problemas, y es ah\u00ed donde hay que invertir. Lo Valledor es una universidad en este sentido. Un honor llevar a cabo este convenio\u201d<\/em>, coment\u00f3 Varela.<\/p>\n\n\n\n<p><strong>Seminario \u201cVanguardia en la Innovaci\u00f3n de Alimentos\u201d<\/strong><\/p>\n\n\n\n<p>Previo a la firma del convenio, el seminario, que fue moderado por la acad\u00e9mica UDD Natalia Vega, cont\u00f3 con la intervenci\u00f3n de la ingeniera en alimentos y docente UDD, Alejandra Domper, quien present\u00f3 una ponencia sobre las tendencias de \u00abUpcycling food\u00bb, una pr\u00e1ctica que transforma residuos en recursos valiosos, promoviendo la innovaci\u00f3n social en alimentos. Hugo Espinosa, director ejecutivo de la Fundaci\u00f3n Banco de Alimentos de Lo Valledor, tambi\u00e9n particip\u00f3, abordando la importancia de la innovaci\u00f3n social en el rol del Banco de Alimentos.<\/p>\n\n\n\n<p>El seminario culmin\u00f3 con una mesa redonda, moderada por la docente Solange Brevis, en la que participaron destacados emprendedores chilenos: Kris Blanchard de Luyef Biotechnologies, Rodrigo Contreras de Not CO, Mauricio Poblete de Innovagreen, y Diego Belmar de Done Properly. Este espacio gener\u00f3 un debate enriquecedor sobre las tendencias actuales en innovaci\u00f3n alimentaria, brindando a los estudiantes una valiosa perspectiva sobre los desaf\u00edos y oportunidades en el sector.<\/p>\n\n\n\n<figure class=\"wp-block-gallery has-nested-images columns-default is-cropped wp-block-gallery-1 is-layout-flex wp-block-gallery-is-layout-flex\">\n<figure class=\"wp-block-image size-large\"><a href=\"https:\/\/medicina.udd.cl\/nutricion-dietetica-santiago\/files\/2024\/09\/nut-firma-convenio-lo-valledor-2-scaled.jpg\"><img loading=\"lazy\" decoding=\"async\" width=\"1024\" height=\"828\" data-id=\"8952\" src=\"https:\/\/medicina.udd.cl\/nutricion-dietetica-santiago\/files\/2024\/09\/nut-firma-convenio-lo-valledor-2-1024x828.jpg\" alt=\"\" class=\"wp-image-8952\" srcset=\"https:\/\/medicina.udd.cl\/nutricion-dietetica-santiago\/files\/2024\/09\/nut-firma-convenio-lo-valledor-2-1024x828.jpg 1024w, https:\/\/medicina.udd.cl\/nutricion-dietetica-santiago\/files\/2024\/09\/nut-firma-convenio-lo-valledor-2-300x243.jpg 300w, https:\/\/medicina.udd.cl\/nutricion-dietetica-santiago\/files\/2024\/09\/nut-firma-convenio-lo-valledor-2-768x621.jpg 768w, https:\/\/medicina.udd.cl\/nutricion-dietetica-santiago\/files\/2024\/09\/nut-firma-convenio-lo-valledor-2-1536x1242.jpg 1536w, https:\/\/medicina.udd.cl\/nutricion-dietetica-santiago\/files\/2024\/09\/nut-firma-convenio-lo-valledor-2-2048x1656.jpg 2048w\" sizes=\"auto, (max-width: 1024px) 100vw, 1024px\" \/><\/a><figcaption class=\"wp-element-caption\">Natalia Vega<\/figcaption><\/figure>\n\n\n\n<figure class=\"wp-block-image size-large\"><a href=\"https:\/\/medicina.udd.cl\/nutricion-dietetica-santiago\/files\/2024\/09\/nut-firma-convenio-lo-valledor-7-scaled.jpg\"><img loading=\"lazy\" decoding=\"async\" width=\"1024\" height=\"683\" data-id=\"8953\" src=\"https:\/\/medicina.udd.cl\/nutricion-dietetica-santiago\/files\/2024\/09\/nut-firma-convenio-lo-valledor-7-1024x683.jpg\" alt=\"\" class=\"wp-image-8953\" srcset=\"https:\/\/medicina.udd.cl\/nutricion-dietetica-santiago\/files\/2024\/09\/nut-firma-convenio-lo-valledor-7-1024x683.jpg 1024w, https:\/\/medicina.udd.cl\/nutricion-dietetica-santiago\/files\/2024\/09\/nut-firma-convenio-lo-valledor-7-300x200.jpg 300w, https:\/\/medicina.udd.cl\/nutricion-dietetica-santiago\/files\/2024\/09\/nut-firma-convenio-lo-valledor-7-768x512.jpg 768w, https:\/\/medicina.udd.cl\/nutricion-dietetica-santiago\/files\/2024\/09\/nut-firma-convenio-lo-valledor-7-1536x1024.jpg 1536w, https:\/\/medicina.udd.cl\/nutricion-dietetica-santiago\/files\/2024\/09\/nut-firma-convenio-lo-valledor-7-2048x1365.jpg 2048w\" sizes=\"auto, (max-width: 1024px) 100vw, 1024px\" \/><\/a><\/figure>\n\n\n\n<figure class=\"wp-block-image size-large\"><a href=\"https:\/\/medicina.udd.cl\/nutricion-dietetica-santiago\/files\/2024\/09\/nut-firma-convenio-lo-valledor-9-scaled.jpg\"><img loading=\"lazy\" decoding=\"async\" width=\"1024\" height=\"683\" data-id=\"8954\" src=\"https:\/\/medicina.udd.cl\/nutricion-dietetica-santiago\/files\/2024\/09\/nut-firma-convenio-lo-valledor-9-1024x683.jpg\" alt=\"\" class=\"wp-image-8954\" srcset=\"https:\/\/medicina.udd.cl\/nutricion-dietetica-santiago\/files\/2024\/09\/nut-firma-convenio-lo-valledor-9-1024x683.jpg 1024w, https:\/\/medicina.udd.cl\/nutricion-dietetica-santiago\/files\/2024\/09\/nut-firma-convenio-lo-valledor-9-300x200.jpg 300w, https:\/\/medicina.udd.cl\/nutricion-dietetica-santiago\/files\/2024\/09\/nut-firma-convenio-lo-valledor-9-768x512.jpg 768w, https:\/\/medicina.udd.cl\/nutricion-dietetica-santiago\/files\/2024\/09\/nut-firma-convenio-lo-valledor-9-1536x1024.jpg 1536w, https:\/\/medicina.udd.cl\/nutricion-dietetica-santiago\/files\/2024\/09\/nut-firma-convenio-lo-valledor-9-2048x1365.jpg 2048w\" sizes=\"auto, (max-width: 1024px) 100vw, 1024px\" \/><\/a><\/figure>\n\n\n\n<figure class=\"wp-block-image size-large\"><a href=\"https:\/\/medicina.udd.cl\/nutricion-dietetica-santiago\/files\/2024\/09\/nut-firma-convenio-lo-valledor-17-scaled.jpg\"><img loading=\"lazy\" decoding=\"async\" width=\"1024\" height=\"683\" data-id=\"8956\" src=\"https:\/\/medicina.udd.cl\/nutricion-dietetica-santiago\/files\/2024\/09\/nut-firma-convenio-lo-valledor-17-1024x683.jpg\" alt=\"\" class=\"wp-image-8956\" srcset=\"https:\/\/medicina.udd.cl\/nutricion-dietetica-santiago\/files\/2024\/09\/nut-firma-convenio-lo-valledor-17-1024x683.jpg 1024w, https:\/\/medicina.udd.cl\/nutricion-dietetica-santiago\/files\/2024\/09\/nut-firma-convenio-lo-valledor-17-300x200.jpg 300w, https:\/\/medicina.udd.cl\/nutricion-dietetica-santiago\/files\/2024\/09\/nut-firma-convenio-lo-valledor-17-768x512.jpg 768w, https:\/\/medicina.udd.cl\/nutricion-dietetica-santiago\/files\/2024\/09\/nut-firma-convenio-lo-valledor-17-1536x1024.jpg 1536w, https:\/\/medicina.udd.cl\/nutricion-dietetica-santiago\/files\/2024\/09\/nut-firma-convenio-lo-valledor-17-2048x1365.jpg 2048w\" sizes=\"auto, (max-width: 1024px) 100vw, 1024px\" \/><\/a><figcaption class=\"wp-element-caption\">Rinat Ratner<\/figcaption><\/figure>\n\n\n\n<figure class=\"wp-block-image size-large\"><a href=\"https:\/\/medicina.udd.cl\/nutricion-dietetica-santiago\/files\/2024\/09\/nut-firma-convenio-lo-valledor-24-scaled.jpg\"><img loading=\"lazy\" decoding=\"async\" width=\"1024\" height=\"683\" data-id=\"8957\" src=\"https:\/\/medicina.udd.cl\/nutricion-dietetica-santiago\/files\/2024\/09\/nut-firma-convenio-lo-valledor-24-1024x683.jpg\" alt=\"\" class=\"wp-image-8957\" srcset=\"https:\/\/medicina.udd.cl\/nutricion-dietetica-santiago\/files\/2024\/09\/nut-firma-convenio-lo-valledor-24-1024x683.jpg 1024w, https:\/\/medicina.udd.cl\/nutricion-dietetica-santiago\/files\/2024\/09\/nut-firma-convenio-lo-valledor-24-300x200.jpg 300w, https:\/\/medicina.udd.cl\/nutricion-dietetica-santiago\/files\/2024\/09\/nut-firma-convenio-lo-valledor-24-768x512.jpg 768w, https:\/\/medicina.udd.cl\/nutricion-dietetica-santiago\/files\/2024\/09\/nut-firma-convenio-lo-valledor-24-1536x1024.jpg 1536w, https:\/\/medicina.udd.cl\/nutricion-dietetica-santiago\/files\/2024\/09\/nut-firma-convenio-lo-valledor-24-2048x1365.jpg 2048w\" sizes=\"auto, (max-width: 1024px) 100vw, 1024px\" \/><\/a><figcaption class=\"wp-element-caption\">Alejandra Domper<\/figcaption><\/figure>\n\n\n\n<figure class=\"wp-block-image size-large\"><a href=\"https:\/\/medicina.udd.cl\/nutricion-dietetica-santiago\/files\/2024\/09\/nut-firma-convenio-lo-valledor-29-scaled.jpg\"><img loading=\"lazy\" decoding=\"async\" width=\"1024\" height=\"683\" data-id=\"8958\" src=\"https:\/\/medicina.udd.cl\/nutricion-dietetica-santiago\/files\/2024\/09\/nut-firma-convenio-lo-valledor-29-1024x683.jpg\" alt=\"\" class=\"wp-image-8958\" srcset=\"https:\/\/medicina.udd.cl\/nutricion-dietetica-santiago\/files\/2024\/09\/nut-firma-convenio-lo-valledor-29-1024x683.jpg 1024w, https:\/\/medicina.udd.cl\/nutricion-dietetica-santiago\/files\/2024\/09\/nut-firma-convenio-lo-valledor-29-300x200.jpg 300w, https:\/\/medicina.udd.cl\/nutricion-dietetica-santiago\/files\/2024\/09\/nut-firma-convenio-lo-valledor-29-768x512.jpg 768w, https:\/\/medicina.udd.cl\/nutricion-dietetica-santiago\/files\/2024\/09\/nut-firma-convenio-lo-valledor-29-1536x1024.jpg 1536w, https:\/\/medicina.udd.cl\/nutricion-dietetica-santiago\/files\/2024\/09\/nut-firma-convenio-lo-valledor-29-2048x1365.jpg 2048w\" sizes=\"auto, (max-width: 1024px) 100vw, 1024px\" \/><\/a><\/figure>\n\n\n\n<figure class=\"wp-block-image size-large\"><a href=\"https:\/\/medicina.udd.cl\/nutricion-dietetica-santiago\/files\/2024\/09\/nut-firma-convenio-lo-valledor-38-scaled.jpg\"><img loading=\"lazy\" decoding=\"async\" width=\"1024\" height=\"683\" data-id=\"8961\" src=\"https:\/\/medicina.udd.cl\/nutricion-dietetica-santiago\/files\/2024\/09\/nut-firma-convenio-lo-valledor-38-1024x683.jpg\" alt=\"\" class=\"wp-image-8961\" srcset=\"https:\/\/medicina.udd.cl\/nutricion-dietetica-santiago\/files\/2024\/09\/nut-firma-convenio-lo-valledor-38-1024x683.jpg 1024w, https:\/\/medicina.udd.cl\/nutricion-dietetica-santiago\/files\/2024\/09\/nut-firma-convenio-lo-valledor-38-300x200.jpg 300w, https:\/\/medicina.udd.cl\/nutricion-dietetica-santiago\/files\/2024\/09\/nut-firma-convenio-lo-valledor-38-768x512.jpg 768w, https:\/\/medicina.udd.cl\/nutricion-dietetica-santiago\/files\/2024\/09\/nut-firma-convenio-lo-valledor-38-1536x1024.jpg 1536w, https:\/\/medicina.udd.cl\/nutricion-dietetica-santiago\/files\/2024\/09\/nut-firma-convenio-lo-valledor-38-2048x1365.jpg 2048w\" sizes=\"auto, (max-width: 1024px) 100vw, 1024px\" \/><\/a><\/figure>\n\n\n\n<figure class=\"wp-block-image size-large\"><a href=\"https:\/\/medicina.udd.cl\/nutricion-dietetica-santiago\/files\/2024\/09\/nut-firma-convenio-lo-valledor-34-scaled.jpg\"><img loading=\"lazy\" decoding=\"async\" width=\"1024\" height=\"683\" data-id=\"8960\" src=\"https:\/\/medicina.udd.cl\/nutricion-dietetica-santiago\/files\/2024\/09\/nut-firma-convenio-lo-valledor-34-1024x683.jpg\" alt=\"\" class=\"wp-image-8960\" srcset=\"https:\/\/medicina.udd.cl\/nutricion-dietetica-santiago\/files\/2024\/09\/nut-firma-convenio-lo-valledor-34-1024x683.jpg 1024w, https:\/\/medicina.udd.cl\/nutricion-dietetica-santiago\/files\/2024\/09\/nut-firma-convenio-lo-valledor-34-300x200.jpg 300w, https:\/\/medicina.udd.cl\/nutricion-dietetica-santiago\/files\/2024\/09\/nut-firma-convenio-lo-valledor-34-768x512.jpg 768w, https:\/\/medicina.udd.cl\/nutricion-dietetica-santiago\/files\/2024\/09\/nut-firma-convenio-lo-valledor-34-1536x1024.jpg 1536w, https:\/\/medicina.udd.cl\/nutricion-dietetica-santiago\/files\/2024\/09\/nut-firma-convenio-lo-valledor-34-2048x1365.jpg 2048w\" sizes=\"auto, (max-width: 1024px) 100vw, 1024px\" \/><\/a><figcaption class=\"wp-element-caption\">Hugo Espinosa<\/figcaption><\/figure>\n\n\n\n<figure class=\"wp-block-image size-large\"><a href=\"https:\/\/medicina.udd.cl\/nutricion-dietetica-santiago\/files\/2024\/09\/nut-firma-convenio-lo-valledor-10-scaled.jpg\"><img loading=\"lazy\" decoding=\"async\" width=\"1024\" height=\"683\" data-id=\"8955\" src=\"https:\/\/medicina.udd.cl\/nutricion-dietetica-santiago\/files\/2024\/09\/nut-firma-convenio-lo-valledor-10-1024x683.jpg\" alt=\"\" class=\"wp-image-8955\" srcset=\"https:\/\/medicina.udd.cl\/nutricion-dietetica-santiago\/files\/2024\/09\/nut-firma-convenio-lo-valledor-10-1024x683.jpg 1024w, https:\/\/medicina.udd.cl\/nutricion-dietetica-santiago\/files\/2024\/09\/nut-firma-convenio-lo-valledor-10-300x200.jpg 300w, https:\/\/medicina.udd.cl\/nutricion-dietetica-santiago\/files\/2024\/09\/nut-firma-convenio-lo-valledor-10-768x512.jpg 768w, https:\/\/medicina.udd.cl\/nutricion-dietetica-santiago\/files\/2024\/09\/nut-firma-convenio-lo-valledor-10-1536x1024.jpg 1536w, https:\/\/medicina.udd.cl\/nutricion-dietetica-santiago\/files\/2024\/09\/nut-firma-convenio-lo-valledor-10-2048x1365.jpg 2048w\" sizes=\"auto, (max-width: 1024px) 100vw, 1024px\" \/><\/a><\/figure>\n\n\n\n<figure class=\"wp-block-image size-large\"><a href=\"https:\/\/medicina.udd.cl\/nutricion-dietetica-santiago\/files\/2024\/09\/nut-firma-convenio-lo-valledor-42-scaled.jpg\"><img loading=\"lazy\" decoding=\"async\" width=\"1024\" height=\"832\" data-id=\"8962\" src=\"https:\/\/medicina.udd.cl\/nutricion-dietetica-santiago\/files\/2024\/09\/nut-firma-convenio-lo-valledor-42-1024x832.jpg\" alt=\"\" class=\"wp-image-8962\" srcset=\"https:\/\/medicina.udd.cl\/nutricion-dietetica-santiago\/files\/2024\/09\/nut-firma-convenio-lo-valledor-42-1024x832.jpg 1024w, https:\/\/medicina.udd.cl\/nutricion-dietetica-santiago\/files\/2024\/09\/nut-firma-convenio-lo-valledor-42-300x244.jpg 300w, https:\/\/medicina.udd.cl\/nutricion-dietetica-santiago\/files\/2024\/09\/nut-firma-convenio-lo-valledor-42-768x624.jpg 768w, https:\/\/medicina.udd.cl\/nutricion-dietetica-santiago\/files\/2024\/09\/nut-firma-convenio-lo-valledor-42-1536x1247.jpg 1536w, https:\/\/medicina.udd.cl\/nutricion-dietetica-santiago\/files\/2024\/09\/nut-firma-convenio-lo-valledor-42-2048x1663.jpg 2048w\" sizes=\"auto, (max-width: 1024px) 100vw, 1024px\" \/><\/a><figcaption class=\"wp-element-caption\">Solange Brevis<\/figcaption><\/figure>\n\n\n\n<figure class=\"wp-block-image size-large\"><a href=\"https:\/\/medicina.udd.cl\/nutricion-dietetica-santiago\/files\/2024\/09\/nut-firma-convenio-lo-valledor-30-scaled.jpg\"><img loading=\"lazy\" decoding=\"async\" width=\"1024\" height=\"683\" data-id=\"8959\" src=\"https:\/\/medicina.udd.cl\/nutricion-dietetica-santiago\/files\/2024\/09\/nut-firma-convenio-lo-valledor-30-1024x683.jpg\" alt=\"\" class=\"wp-image-8959\" srcset=\"https:\/\/medicina.udd.cl\/nutricion-dietetica-santiago\/files\/2024\/09\/nut-firma-convenio-lo-valledor-30-1024x683.jpg 1024w, https:\/\/medicina.udd.cl\/nutricion-dietetica-santiago\/files\/2024\/09\/nut-firma-convenio-lo-valledor-30-300x200.jpg 300w, https:\/\/medicina.udd.cl\/nutricion-dietetica-santiago\/files\/2024\/09\/nut-firma-convenio-lo-valledor-30-768x512.jpg 768w, https:\/\/medicina.udd.cl\/nutricion-dietetica-santiago\/files\/2024\/09\/nut-firma-convenio-lo-valledor-30-1536x1024.jpg 1536w, https:\/\/medicina.udd.cl\/nutricion-dietetica-santiago\/files\/2024\/09\/nut-firma-convenio-lo-valledor-30-2048x1365.jpg 2048w\" sizes=\"auto, (max-width: 1024px) 100vw, 1024px\" \/><\/a><figcaption class=\"wp-element-caption\">Rinat Ratner, Hugo Espinosa y Liliana Jadue<\/figcaption><\/figure>\n\n\n\n<figure class=\"wp-block-image size-large\"><a href=\"https:\/\/medicina.udd.cl\/nutricion-dietetica-santiago\/files\/2024\/09\/nut-firma-convenio-lo-valledor-45-scaled.jpg\"><img loading=\"lazy\" decoding=\"async\" width=\"1024\" height=\"683\" data-id=\"8963\" src=\"https:\/\/medicina.udd.cl\/nutricion-dietetica-santiago\/files\/2024\/09\/nut-firma-convenio-lo-valledor-45-1024x683.jpg\" alt=\"\" class=\"wp-image-8963\" srcset=\"https:\/\/medicina.udd.cl\/nutricion-dietetica-santiago\/files\/2024\/09\/nut-firma-convenio-lo-valledor-45-1024x683.jpg 1024w, https:\/\/medicina.udd.cl\/nutricion-dietetica-santiago\/files\/2024\/09\/nut-firma-convenio-lo-valledor-45-300x200.jpg 300w, https:\/\/medicina.udd.cl\/nutricion-dietetica-santiago\/files\/2024\/09\/nut-firma-convenio-lo-valledor-45-768x512.jpg 768w, https:\/\/medicina.udd.cl\/nutricion-dietetica-santiago\/files\/2024\/09\/nut-firma-convenio-lo-valledor-45-1536x1024.jpg 1536w, https:\/\/medicina.udd.cl\/nutricion-dietetica-santiago\/files\/2024\/09\/nut-firma-convenio-lo-valledor-45-2048x1365.jpg 2048w\" sizes=\"auto, (max-width: 1024px) 100vw, 1024px\" \/><\/a><\/figure>\n\n\n\n<figure class=\"wp-block-image size-large\"><a href=\"https:\/\/medicina.udd.cl\/nutricion-dietetica-santiago\/files\/2024\/09\/nut-firma-convenio-lo-valledor-65-scaled.jpg\"><img loading=\"lazy\" decoding=\"async\" width=\"1024\" height=\"683\" data-id=\"8966\" src=\"https:\/\/medicina.udd.cl\/nutricion-dietetica-santiago\/files\/2024\/09\/nut-firma-convenio-lo-valledor-65-1024x683.jpg\" alt=\"\" class=\"wp-image-8966\" srcset=\"https:\/\/medicina.udd.cl\/nutricion-dietetica-santiago\/files\/2024\/09\/nut-firma-convenio-lo-valledor-65-1024x683.jpg 1024w, https:\/\/medicina.udd.cl\/nutricion-dietetica-santiago\/files\/2024\/09\/nut-firma-convenio-lo-valledor-65-300x200.jpg 300w, https:\/\/medicina.udd.cl\/nutricion-dietetica-santiago\/files\/2024\/09\/nut-firma-convenio-lo-valledor-65-768x512.jpg 768w, https:\/\/medicina.udd.cl\/nutricion-dietetica-santiago\/files\/2024\/09\/nut-firma-convenio-lo-valledor-65-1536x1024.jpg 1536w, https:\/\/medicina.udd.cl\/nutricion-dietetica-santiago\/files\/2024\/09\/nut-firma-convenio-lo-valledor-65-2048x1365.jpg 2048w\" sizes=\"auto, (max-width: 1024px) 100vw, 1024px\" \/><\/a><\/figure>\n\n\n\n<figure class=\"wp-block-image size-large\"><a href=\"https:\/\/medicina.udd.cl\/nutricion-dietetica-santiago\/files\/2024\/09\/nut-firma-convenio-lo-valledor-55-scaled.jpg\"><img loading=\"lazy\" decoding=\"async\" width=\"1024\" height=\"683\" data-id=\"8965\" src=\"https:\/\/medicina.udd.cl\/nutricion-dietetica-santiago\/files\/2024\/09\/nut-firma-convenio-lo-valledor-55-1024x683.jpg\" alt=\"\" class=\"wp-image-8965\" srcset=\"https:\/\/medicina.udd.cl\/nutricion-dietetica-santiago\/files\/2024\/09\/nut-firma-convenio-lo-valledor-55-1024x683.jpg 1024w, https:\/\/medicina.udd.cl\/nutricion-dietetica-santiago\/files\/2024\/09\/nut-firma-convenio-lo-valledor-55-300x200.jpg 300w, https:\/\/medicina.udd.cl\/nutricion-dietetica-santiago\/files\/2024\/09\/nut-firma-convenio-lo-valledor-55-768x512.jpg 768w, https:\/\/medicina.udd.cl\/nutricion-dietetica-santiago\/files\/2024\/09\/nut-firma-convenio-lo-valledor-55-1536x1024.jpg 1536w, https:\/\/medicina.udd.cl\/nutricion-dietetica-santiago\/files\/2024\/09\/nut-firma-convenio-lo-valledor-55-2048x1365.jpg 2048w\" sizes=\"auto, (max-width: 1024px) 100vw, 1024px\" \/><\/a><\/figure>\n\n\n\n<figure class=\"wp-block-image size-large\"><a href=\"https:\/\/medicina.udd.cl\/nutricion-dietetica-santiago\/files\/2024\/09\/nut-firma-convenio-lo-valledor-50-scaled.jpg\"><img loading=\"lazy\" decoding=\"async\" width=\"1024\" height=\"683\" data-id=\"8964\" src=\"https:\/\/medicina.udd.cl\/nutricion-dietetica-santiago\/files\/2024\/09\/nut-firma-convenio-lo-valledor-50-1024x683.jpg\" alt=\"\" class=\"wp-image-8964\" srcset=\"https:\/\/medicina.udd.cl\/nutricion-dietetica-santiago\/files\/2024\/09\/nut-firma-convenio-lo-valledor-50-1024x683.jpg 1024w, https:\/\/medicina.udd.cl\/nutricion-dietetica-santiago\/files\/2024\/09\/nut-firma-convenio-lo-valledor-50-300x200.jpg 300w, https:\/\/medicina.udd.cl\/nutricion-dietetica-santiago\/files\/2024\/09\/nut-firma-convenio-lo-valledor-50-768x512.jpg 768w, https:\/\/medicina.udd.cl\/nutricion-dietetica-santiago\/files\/2024\/09\/nut-firma-convenio-lo-valledor-50-1536x1024.jpg 1536w, https:\/\/medicina.udd.cl\/nutricion-dietetica-santiago\/files\/2024\/09\/nut-firma-convenio-lo-valledor-50-2048x1365.jpg 2048w\" sizes=\"auto, (max-width: 1024px) 100vw, 1024px\" \/><\/a><\/figure>\n\n\n\n<figure class=\"wp-block-image size-large\"><a href=\"https:\/\/medicina.udd.cl\/nutricion-dietetica-santiago\/files\/2024\/09\/nut-firma-convenio-lo-valledor-70-scaled.jpg\"><img loading=\"lazy\" decoding=\"async\" width=\"1024\" height=\"683\" data-id=\"8968\" src=\"https:\/\/medicina.udd.cl\/nutricion-dietetica-santiago\/files\/2024\/09\/nut-firma-convenio-lo-valledor-70-1024x683.jpg\" alt=\"\" class=\"wp-image-8968\" srcset=\"https:\/\/medicina.udd.cl\/nutricion-dietetica-santiago\/files\/2024\/09\/nut-firma-convenio-lo-valledor-70-1024x683.jpg 1024w, https:\/\/medicina.udd.cl\/nutricion-dietetica-santiago\/files\/2024\/09\/nut-firma-convenio-lo-valledor-70-300x200.jpg 300w, https:\/\/medicina.udd.cl\/nutricion-dietetica-santiago\/files\/2024\/09\/nut-firma-convenio-lo-valledor-70-768x512.jpg 768w, https:\/\/medicina.udd.cl\/nutricion-dietetica-santiago\/files\/2024\/09\/nut-firma-convenio-lo-valledor-70-1536x1024.jpg 1536w, https:\/\/medicina.udd.cl\/nutricion-dietetica-santiago\/files\/2024\/09\/nut-firma-convenio-lo-valledor-70-2048x1365.jpg 2048w\" sizes=\"auto, (max-width: 1024px) 100vw, 1024px\" \/><\/a><\/figure>\n\n\n\n<figure class=\"wp-block-image size-large\"><a href=\"https:\/\/medicina.udd.cl\/nutricion-dietetica-santiago\/files\/2024\/09\/nut-firma-convenio-lo-valledor-68-scaled.jpg\"><img loading=\"lazy\" decoding=\"async\" width=\"1024\" height=\"683\" data-id=\"8967\" src=\"https:\/\/medicina.udd.cl\/nutricion-dietetica-santiago\/files\/2024\/09\/nut-firma-convenio-lo-valledor-68-1024x683.jpg\" alt=\"\" class=\"wp-image-8967\" srcset=\"https:\/\/medicina.udd.cl\/nutricion-dietetica-santiago\/files\/2024\/09\/nut-firma-convenio-lo-valledor-68-1024x683.jpg 1024w, https:\/\/medicina.udd.cl\/nutricion-dietetica-santiago\/files\/2024\/09\/nut-firma-convenio-lo-valledor-68-300x200.jpg 300w, https:\/\/medicina.udd.cl\/nutricion-dietetica-santiago\/files\/2024\/09\/nut-firma-convenio-lo-valledor-68-768x512.jpg 768w, https:\/\/medicina.udd.cl\/nutricion-dietetica-santiago\/files\/2024\/09\/nut-firma-convenio-lo-valledor-68-1536x1024.jpg 1536w, https:\/\/medicina.udd.cl\/nutricion-dietetica-santiago\/files\/2024\/09\/nut-firma-convenio-lo-valledor-68-2048x1365.jpg 2048w\" sizes=\"auto, (max-width: 1024px) 100vw, 1024px\" \/><\/a><\/figure>\n\n\n\n<figure class=\"wp-block-image size-large\"><a href=\"https:\/\/medicina.udd.cl\/nutricion-dietetica-santiago\/files\/2024\/09\/nut-firma-convenio-lo-valledor-103-scaled.jpg\"><img loading=\"lazy\" decoding=\"async\" width=\"1024\" height=\"683\" data-id=\"8973\" src=\"https:\/\/medicina.udd.cl\/nutricion-dietetica-santiago\/files\/2024\/09\/nut-firma-convenio-lo-valledor-103-1024x683.jpg\" alt=\"\" class=\"wp-image-8973\" srcset=\"https:\/\/medicina.udd.cl\/nutricion-dietetica-santiago\/files\/2024\/09\/nut-firma-convenio-lo-valledor-103-1024x683.jpg 1024w, https:\/\/medicina.udd.cl\/nutricion-dietetica-santiago\/files\/2024\/09\/nut-firma-convenio-lo-valledor-103-300x200.jpg 300w, https:\/\/medicina.udd.cl\/nutricion-dietetica-santiago\/files\/2024\/09\/nut-firma-convenio-lo-valledor-103-768x512.jpg 768w, https:\/\/medicina.udd.cl\/nutricion-dietetica-santiago\/files\/2024\/09\/nut-firma-convenio-lo-valledor-103-1536x1024.jpg 1536w, https:\/\/medicina.udd.cl\/nutricion-dietetica-santiago\/files\/2024\/09\/nut-firma-convenio-lo-valledor-103-2048x1365.jpg 2048w\" sizes=\"auto, (max-width: 1024px) 100vw, 1024px\" \/><\/a><\/figure>\n\n\n\n<figure class=\"wp-block-image size-large\"><a href=\"https:\/\/medicina.udd.cl\/nutricion-dietetica-santiago\/files\/2024\/09\/nut-firma-convenio-lo-valledor-75-scaled.jpg\"><img loading=\"lazy\" decoding=\"async\" width=\"1024\" height=\"683\" data-id=\"8969\" src=\"https:\/\/medicina.udd.cl\/nutricion-dietetica-santiago\/files\/2024\/09\/nut-firma-convenio-lo-valledor-75-1024x683.jpg\" alt=\"\" class=\"wp-image-8969\" srcset=\"https:\/\/medicina.udd.cl\/nutricion-dietetica-santiago\/files\/2024\/09\/nut-firma-convenio-lo-valledor-75-1024x683.jpg 1024w, https:\/\/medicina.udd.cl\/nutricion-dietetica-santiago\/files\/2024\/09\/nut-firma-convenio-lo-valledor-75-300x200.jpg 300w, https:\/\/medicina.udd.cl\/nutricion-dietetica-santiago\/files\/2024\/09\/nut-firma-convenio-lo-valledor-75-768x512.jpg 768w, https:\/\/medicina.udd.cl\/nutricion-dietetica-santiago\/files\/2024\/09\/nut-firma-convenio-lo-valledor-75-1536x1024.jpg 1536w, https:\/\/medicina.udd.cl\/nutricion-dietetica-santiago\/files\/2024\/09\/nut-firma-convenio-lo-valledor-75-2048x1365.jpg 2048w\" sizes=\"auto, (max-width: 1024px) 100vw, 1024px\" \/><\/a><figcaption class=\"wp-element-caption\">V\u00edctor Cornejo<\/figcaption><\/figure>\n\n\n\n<figure class=\"wp-block-image size-large\"><a href=\"https:\/\/medicina.udd.cl\/nutricion-dietetica-santiago\/files\/2024\/09\/nut-firma-convenio-lo-valledor-78-scaled.jpg\"><img loading=\"lazy\" decoding=\"async\" width=\"1024\" height=\"683\" data-id=\"8970\" src=\"https:\/\/medicina.udd.cl\/nutricion-dietetica-santiago\/files\/2024\/09\/nut-firma-convenio-lo-valledor-78-1024x683.jpg\" alt=\"\" class=\"wp-image-8970\" srcset=\"https:\/\/medicina.udd.cl\/nutricion-dietetica-santiago\/files\/2024\/09\/nut-firma-convenio-lo-valledor-78-1024x683.jpg 1024w, https:\/\/medicina.udd.cl\/nutricion-dietetica-santiago\/files\/2024\/09\/nut-firma-convenio-lo-valledor-78-300x200.jpg 300w, https:\/\/medicina.udd.cl\/nutricion-dietetica-santiago\/files\/2024\/09\/nut-firma-convenio-lo-valledor-78-768x512.jpg 768w, https:\/\/medicina.udd.cl\/nutricion-dietetica-santiago\/files\/2024\/09\/nut-firma-convenio-lo-valledor-78-1536x1024.jpg 1536w, https:\/\/medicina.udd.cl\/nutricion-dietetica-santiago\/files\/2024\/09\/nut-firma-convenio-lo-valledor-78-2048x1365.jpg 2048w\" sizes=\"auto, (max-width: 1024px) 100vw, 1024px\" \/><\/a><figcaption class=\"wp-element-caption\">Carlos Varela<\/figcaption><\/figure>\n\n\n\n<figure class=\"wp-block-image size-large\"><a href=\"https:\/\/medicina.udd.cl\/nutricion-dietetica-santiago\/files\/2024\/09\/nut-firma-convenio-lo-valledor-95-scaled.jpg\"><img loading=\"lazy\" decoding=\"async\" width=\"1024\" height=\"726\" data-id=\"8972\" src=\"https:\/\/medicina.udd.cl\/nutricion-dietetica-santiago\/files\/2024\/09\/nut-firma-convenio-lo-valledor-95-1024x726.jpg\" alt=\"\" class=\"wp-image-8972\" srcset=\"https:\/\/medicina.udd.cl\/nutricion-dietetica-santiago\/files\/2024\/09\/nut-firma-convenio-lo-valledor-95-1024x726.jpg 1024w, https:\/\/medicina.udd.cl\/nutricion-dietetica-santiago\/files\/2024\/09\/nut-firma-convenio-lo-valledor-95-300x213.jpg 300w, https:\/\/medicina.udd.cl\/nutricion-dietetica-santiago\/files\/2024\/09\/nut-firma-convenio-lo-valledor-95-768x544.jpg 768w, https:\/\/medicina.udd.cl\/nutricion-dietetica-santiago\/files\/2024\/09\/nut-firma-convenio-lo-valledor-95-316x224.jpg 316w, https:\/\/medicina.udd.cl\/nutricion-dietetica-santiago\/files\/2024\/09\/nut-firma-convenio-lo-valledor-95-87x62.jpg 87w, https:\/\/medicina.udd.cl\/nutricion-dietetica-santiago\/files\/2024\/09\/nut-firma-convenio-lo-valledor-95-1536x1089.jpg 1536w, https:\/\/medicina.udd.cl\/nutricion-dietetica-santiago\/files\/2024\/09\/nut-firma-convenio-lo-valledor-95-2048x1452.jpg 2048w\" sizes=\"auto, (max-width: 1024px) 100vw, 1024px\" \/><\/a><\/figure>\n<\/figure>\n","protected":false},"excerpt":{"rendered":"<p>Este martes 3 de septiembre, la Universidad del Desarrollo (UDD), a trav\u00e9s de la carrera de Nutrici\u00f3n y Diet\u00e9tica, firm\u00f3 un importante convenio de cooperaci\u00f3n institucional con el Mercado Mayorista Lo Valledor y su Fundaci\u00f3n\u00a0Formando Mejores Personas. Este acuerdo tiene como objetivo fomentar la investigaci\u00f3n en alimentaci\u00f3n saludable y fortalecer la colaboraci\u00f3n cient\u00edfica, t\u00e9cnica y [&hellip;]<\/p>\n","protected":false},"author":9192219,"featured_media":8971,"comment_status":"closed","ping_status":"open","sticky":false,"template":"","format":"standard","meta":{"footnotes":""},"categories":[4],"tags":[],"class_list":["post-8951","post","type-post","status-publish","format-standard","has-post-thumbnail","hentry","category-noticias"],"yoast_head":"<!-- This site is optimized with the Yoast SEO plugin v26.9 - https:\/\/yoast.com\/product\/yoast-seo-wordpress\/ -->\n<title>UDD y Mercado Mayorista Lo Valledor firman convenio de cooperaci\u00f3n institucional para impulsar la investigaci\u00f3n en alimentaci\u00f3n saludable - Nutrici\u00f3n y Diet\u00e9tica<\/title>\n<meta name=\"robots\" content=\"index, follow, max-snippet:-1, max-image-preview:large, max-video-preview:-1\" \/>\n<link rel=\"canonical\" href=\"https:\/\/medicina.udd.cl\/nutricion-dietetica-santiago\/noticias\/2024\/09\/04\/udd-y-mercado-lo-valledor-firman-convenio-de-cooperacion-institucional-para-impulsar-la-investigacion-en-alimentacion-saludable\/\" \/>\n<meta property=\"og:locale\" content=\"es_ES\" \/>\n<meta property=\"og:type\" content=\"article\" \/>\n<meta property=\"og:title\" content=\"UDD y Mercado Mayorista Lo Valledor firman convenio de cooperaci\u00f3n institucional para impulsar la investigaci\u00f3n en alimentaci\u00f3n saludable - Nutrici\u00f3n y Diet\u00e9tica\" \/>\n<meta property=\"og:description\" content=\"Este martes 3 de septiembre, la Universidad del Desarrollo (UDD), a trav\u00e9s de la carrera de Nutrici\u00f3n y Diet\u00e9tica, firm\u00f3 un importante convenio de cooperaci\u00f3n institucional con el Mercado Mayorista Lo Valledor y su Fundaci\u00f3n\u00a0Formando Mejores Personas. Este acuerdo tiene como objetivo fomentar la investigaci\u00f3n en alimentaci\u00f3n saludable y fortalecer la colaboraci\u00f3n cient\u00edfica, t\u00e9cnica y [&hellip;]\" \/>\n<meta property=\"og:url\" content=\"https:\/\/medicina.udd.cl\/nutricion-dietetica-santiago\/noticias\/2024\/09\/04\/udd-y-mercado-lo-valledor-firman-convenio-de-cooperacion-institucional-para-impulsar-la-investigacion-en-alimentacion-saludable\/\" \/>\n<meta property=\"og:site_name\" content=\"Nutrici\u00f3n y Diet\u00e9tica\" \/>\n<meta property=\"article:published_time\" content=\"2024-09-04T17:46:26+00:00\" \/>\n<meta property=\"article:modified_time\" content=\"2024-09-04T21:34:45+00:00\" \/>\n<meta property=\"og:image\" content=\"https:\/\/medicina.udd.cl\/nutricion-dietetica-santiago\/files\/2024\/09\/nut-firma-convenio-lo-valledor-89-scaled.jpg\" \/>\n\t<meta property=\"og:image:width\" content=\"2560\" \/>\n\t<meta property=\"og:image:height\" content=\"1707\" \/>\n\t<meta property=\"og:image:type\" content=\"image\/jpeg\" \/>\n<meta name=\"author\" content=\"rbraidy\" \/>\n<meta name=\"twitter:label1\" content=\"Escrito por\" \/>\n\t<meta name=\"twitter:data1\" content=\"rbraidy\" \/>\n\t<meta name=\"twitter:label2\" content=\"Tiempo de lectura\" \/>\n\t<meta name=\"twitter:data2\" content=\"8 minutos\" \/>\n<script type=\"application\/ld+json\" class=\"yoast-schema-graph\">{\"@context\":\"https:\/\/schema.org\",\"@graph\":[{\"@type\":\"Article\",\"@id\":\"https:\/\/medicina.udd.cl\/nutricion-dietetica-santiago\/noticias\/2024\/09\/04\/udd-y-mercado-lo-valledor-firman-convenio-de-cooperacion-institucional-para-impulsar-la-investigacion-en-alimentacion-saludable\/#article\",\"isPartOf\":{\"@id\":\"https:\/\/medicina.udd.cl\/nutricion-dietetica-santiago\/noticias\/2024\/09\/04\/udd-y-mercado-lo-valledor-firman-convenio-de-cooperacion-institucional-para-impulsar-la-investigacion-en-alimentacion-saludable\/\"},\"author\":{\"name\":\"rbraidy\",\"@id\":\"https:\/\/medicina.udd.cl\/nutricion-dietetica-santiago\/#\/schema\/person\/dbc3705bf3a93e8be1ba6de0ef950341\"},\"headline\":\"UDD y Mercado Mayorista Lo Valledor firman convenio de cooperaci\u00f3n institucional para impulsar la investigaci\u00f3n en alimentaci\u00f3n saludable\",\"datePublished\":\"2024-09-04T17:46:26+00:00\",\"dateModified\":\"2024-09-04T21:34:45+00:00\",\"mainEntityOfPage\":{\"@id\":\"https:\/\/medicina.udd.cl\/nutricion-dietetica-santiago\/noticias\/2024\/09\/04\/udd-y-mercado-lo-valledor-firman-convenio-de-cooperacion-institucional-para-impulsar-la-investigacion-en-alimentacion-saludable\/\"},\"wordCount\":696,\"image\":{\"@id\":\"https:\/\/medicina.udd.cl\/nutricion-dietetica-santiago\/noticias\/2024\/09\/04\/udd-y-mercado-lo-valledor-firman-convenio-de-cooperacion-institucional-para-impulsar-la-investigacion-en-alimentacion-saludable\/#primaryimage\"},\"thumbnailUrl\":\"https:\/\/medicina.udd.cl\/nutricion-dietetica-santiago\/files\/2024\/09\/nut-firma-convenio-lo-valledor-89-scaled.jpg\",\"articleSection\":[\"Noticias\"],\"inLanguage\":\"es\"},{\"@type\":\"WebPage\",\"@id\":\"https:\/\/medicina.udd.cl\/nutricion-dietetica-santiago\/noticias\/2024\/09\/04\/udd-y-mercado-lo-valledor-firman-convenio-de-cooperacion-institucional-para-impulsar-la-investigacion-en-alimentacion-saludable\/\",\"url\":\"https:\/\/medicina.udd.cl\/nutricion-dietetica-santiago\/noticias\/2024\/09\/04\/udd-y-mercado-lo-valledor-firman-convenio-de-cooperacion-institucional-para-impulsar-la-investigacion-en-alimentacion-saludable\/\",\"name\":\"UDD y Mercado Mayorista Lo Valledor firman convenio de cooperaci\u00f3n institucional para impulsar la investigaci\u00f3n en alimentaci\u00f3n saludable - Nutrici\u00f3n y Diet\u00e9tica\",\"isPartOf\":{\"@id\":\"https:\/\/medicina.udd.cl\/nutricion-dietetica-santiago\/#website\"},\"primaryImageOfPage\":{\"@id\":\"https:\/\/medicina.udd.cl\/nutricion-dietetica-santiago\/noticias\/2024\/09\/04\/udd-y-mercado-lo-valledor-firman-convenio-de-cooperacion-institucional-para-impulsar-la-investigacion-en-alimentacion-saludable\/#primaryimage\"},\"image\":{\"@id\":\"https:\/\/medicina.udd.cl\/nutricion-dietetica-santiago\/noticias\/2024\/09\/04\/udd-y-mercado-lo-valledor-firman-convenio-de-cooperacion-institucional-para-impulsar-la-investigacion-en-alimentacion-saludable\/#primaryimage\"},\"thumbnailUrl\":\"https:\/\/medicina.udd.cl\/nutricion-dietetica-santiago\/files\/2024\/09\/nut-firma-convenio-lo-valledor-89-scaled.jpg\",\"datePublished\":\"2024-09-04T17:46:26+00:00\",\"dateModified\":\"2024-09-04T21:34:45+00:00\",\"author\":{\"@id\":\"https:\/\/medicina.udd.cl\/nutricion-dietetica-santiago\/#\/schema\/person\/dbc3705bf3a93e8be1ba6de0ef950341\"},\"breadcrumb\":{\"@id\":\"https:\/\/medicina.udd.cl\/nutricion-dietetica-santiago\/noticias\/2024\/09\/04\/udd-y-mercado-lo-valledor-firman-convenio-de-cooperacion-institucional-para-impulsar-la-investigacion-en-alimentacion-saludable\/#breadcrumb\"},\"inLanguage\":\"es\",\"potentialAction\":[{\"@type\":\"ReadAction\",\"target\":[\"https:\/\/medicina.udd.cl\/nutricion-dietetica-santiago\/noticias\/2024\/09\/04\/udd-y-mercado-lo-valledor-firman-convenio-de-cooperacion-institucional-para-impulsar-la-investigacion-en-alimentacion-saludable\/\"]}]},{\"@type\":\"ImageObject\",\"inLanguage\":\"es\",\"@id\":\"https:\/\/medicina.udd.cl\/nutricion-dietetica-santiago\/noticias\/2024\/09\/04\/udd-y-mercado-lo-valledor-firman-convenio-de-cooperacion-institucional-para-impulsar-la-investigacion-en-alimentacion-saludable\/#primaryimage\",\"url\":\"https:\/\/medicina.udd.cl\/nutricion-dietetica-santiago\/files\/2024\/09\/nut-firma-convenio-lo-valledor-89-scaled.jpg\",\"contentUrl\":\"https:\/\/medicina.udd.cl\/nutricion-dietetica-santiago\/files\/2024\/09\/nut-firma-convenio-lo-valledor-89-scaled.jpg\",\"width\":2560,\"height\":1707},{\"@type\":\"BreadcrumbList\",\"@id\":\"https:\/\/medicina.udd.cl\/nutricion-dietetica-santiago\/noticias\/2024\/09\/04\/udd-y-mercado-lo-valledor-firman-convenio-de-cooperacion-institucional-para-impulsar-la-investigacion-en-alimentacion-saludable\/#breadcrumb\",\"itemListElement\":[{\"@type\":\"ListItem\",\"position\":1,\"name\":\"Home\",\"item\":\"https:\/\/medicina.udd.cl\/nutricion-dietetica-santiago\/\"},{\"@type\":\"ListItem\",\"position\":2,\"name\":\"UDD y Mercado Mayorista Lo Valledor firman convenio de cooperaci\u00f3n institucional para impulsar la investigaci\u00f3n en alimentaci\u00f3n saludable\"}]},{\"@type\":\"WebSite\",\"@id\":\"https:\/\/medicina.udd.cl\/nutricion-dietetica-santiago\/#website\",\"url\":\"https:\/\/medicina.udd.cl\/nutricion-dietetica-santiago\/\",\"name\":\"Nutrici\u00f3n y Diet\u00e9tica\",\"description\":\"Facultad de Medicina C\u00ednica Alemana Universidad del Desarrollo\",\"inLanguage\":\"es\"},{\"@type\":\"Person\",\"@id\":\"https:\/\/medicina.udd.cl\/nutricion-dietetica-santiago\/#\/schema\/person\/dbc3705bf3a93e8be1ba6de0ef950341\",\"name\":\"rbraidy\",\"image\":{\"@type\":\"ImageObject\",\"inLanguage\":\"es\",\"@id\":\"https:\/\/medicina.udd.cl\/nutricion-dietetica-santiago\/#\/schema\/person\/image\/\",\"url\":\"https:\/\/secure.gravatar.com\/avatar\/0f8bc94637401590e45d2ce17eb65c274cb8870a219de6177f3f23e63fd8cdf3?s=96&d=mm&r=g\",\"contentUrl\":\"https:\/\/secure.gravatar.com\/avatar\/0f8bc94637401590e45d2ce17eb65c274cb8870a219de6177f3f23e63fd8cdf3?s=96&d=mm&r=g\",\"caption\":\"rbraidy\"},\"url\":\"https:\/\/medicina.udd.cl\/nutricion-dietetica-santiago\/noticias\/author\/rbraidy\/\"}]}<\/script>\n<!-- \/ Yoast SEO plugin. -->","yoast_head_json":{"title":"UDD y Mercado Mayorista Lo Valledor firman convenio de cooperaci\u00f3n institucional para impulsar la investigaci\u00f3n en alimentaci\u00f3n saludable - Nutrici\u00f3n y Diet\u00e9tica","robots":{"index":"index","follow":"follow","max-snippet":"max-snippet:-1","max-image-preview":"max-image-preview:large","max-video-preview":"max-video-preview:-1"},"canonical":"https:\/\/medicina.udd.cl\/nutricion-dietetica-santiago\/noticias\/2024\/09\/04\/udd-y-mercado-lo-valledor-firman-convenio-de-cooperacion-institucional-para-impulsar-la-investigacion-en-alimentacion-saludable\/","og_locale":"es_ES","og_type":"article","og_title":"UDD y Mercado Mayorista Lo Valledor firman convenio de cooperaci\u00f3n institucional para impulsar la investigaci\u00f3n en alimentaci\u00f3n saludable - Nutrici\u00f3n y Diet\u00e9tica","og_description":"Este martes 3 de septiembre, la Universidad del Desarrollo (UDD), a trav\u00e9s de la carrera de Nutrici\u00f3n y Diet\u00e9tica, firm\u00f3 un importante convenio de cooperaci\u00f3n institucional con el Mercado Mayorista Lo Valledor y su Fundaci\u00f3n\u00a0Formando Mejores Personas. Este acuerdo tiene como objetivo fomentar la investigaci\u00f3n en alimentaci\u00f3n saludable y fortalecer la colaboraci\u00f3n cient\u00edfica, t\u00e9cnica y [&hellip;]","og_url":"https:\/\/medicina.udd.cl\/nutricion-dietetica-santiago\/noticias\/2024\/09\/04\/udd-y-mercado-lo-valledor-firman-convenio-de-cooperacion-institucional-para-impulsar-la-investigacion-en-alimentacion-saludable\/","og_site_name":"Nutrici\u00f3n y Diet\u00e9tica","article_published_time":"2024-09-04T17:46:26+00:00","article_modified_time":"2024-09-04T21:34:45+00:00","og_image":[{"width":2560,"height":1707,"url":"https:\/\/medicina.udd.cl\/nutricion-dietetica-santiago\/files\/2024\/09\/nut-firma-convenio-lo-valledor-89-scaled.jpg","type":"image\/jpeg"}],"author":"rbraidy","twitter_misc":{"Escrito por":"rbraidy","Tiempo de lectura":"8 minutos"},"schema":{"@context":"https:\/\/schema.org","@graph":[{"@type":"Article","@id":"https:\/\/medicina.udd.cl\/nutricion-dietetica-santiago\/noticias\/2024\/09\/04\/udd-y-mercado-lo-valledor-firman-convenio-de-cooperacion-institucional-para-impulsar-la-investigacion-en-alimentacion-saludable\/#article","isPartOf":{"@id":"https:\/\/medicina.udd.cl\/nutricion-dietetica-santiago\/noticias\/2024\/09\/04\/udd-y-mercado-lo-valledor-firman-convenio-de-cooperacion-institucional-para-impulsar-la-investigacion-en-alimentacion-saludable\/"},"author":{"name":"rbraidy","@id":"https:\/\/medicina.udd.cl\/nutricion-dietetica-santiago\/#\/schema\/person\/dbc3705bf3a93e8be1ba6de0ef950341"},"headline":"UDD y Mercado Mayorista Lo Valledor firman convenio de cooperaci\u00f3n institucional para impulsar la investigaci\u00f3n en alimentaci\u00f3n saludable","datePublished":"2024-09-04T17:46:26+00:00","dateModified":"2024-09-04T21:34:45+00:00","mainEntityOfPage":{"@id":"https:\/\/medicina.udd.cl\/nutricion-dietetica-santiago\/noticias\/2024\/09\/04\/udd-y-mercado-lo-valledor-firman-convenio-de-cooperacion-institucional-para-impulsar-la-investigacion-en-alimentacion-saludable\/"},"wordCount":696,"image":{"@id":"https:\/\/medicina.udd.cl\/nutricion-dietetica-santiago\/noticias\/2024\/09\/04\/udd-y-mercado-lo-valledor-firman-convenio-de-cooperacion-institucional-para-impulsar-la-investigacion-en-alimentacion-saludable\/#primaryimage"},"thumbnailUrl":"https:\/\/medicina.udd.cl\/nutricion-dietetica-santiago\/files\/2024\/09\/nut-firma-convenio-lo-valledor-89-scaled.jpg","articleSection":["Noticias"],"inLanguage":"es"},{"@type":"WebPage","@id":"https:\/\/medicina.udd.cl\/nutricion-dietetica-santiago\/noticias\/2024\/09\/04\/udd-y-mercado-lo-valledor-firman-convenio-de-cooperacion-institucional-para-impulsar-la-investigacion-en-alimentacion-saludable\/","url":"https:\/\/medicina.udd.cl\/nutricion-dietetica-santiago\/noticias\/2024\/09\/04\/udd-y-mercado-lo-valledor-firman-convenio-de-cooperacion-institucional-para-impulsar-la-investigacion-en-alimentacion-saludable\/","name":"UDD y Mercado Mayorista Lo Valledor firman convenio de cooperaci\u00f3n institucional para impulsar la investigaci\u00f3n en alimentaci\u00f3n saludable - Nutrici\u00f3n y Diet\u00e9tica","isPartOf":{"@id":"https:\/\/medicina.udd.cl\/nutricion-dietetica-santiago\/#website"},"primaryImageOfPage":{"@id":"https:\/\/medicina.udd.cl\/nutricion-dietetica-santiago\/noticias\/2024\/09\/04\/udd-y-mercado-lo-valledor-firman-convenio-de-cooperacion-institucional-para-impulsar-la-investigacion-en-alimentacion-saludable\/#primaryimage"},"image":{"@id":"https:\/\/medicina.udd.cl\/nutricion-dietetica-santiago\/noticias\/2024\/09\/04\/udd-y-mercado-lo-valledor-firman-convenio-de-cooperacion-institucional-para-impulsar-la-investigacion-en-alimentacion-saludable\/#primaryimage"},"thumbnailUrl":"https:\/\/medicina.udd.cl\/nutricion-dietetica-santiago\/files\/2024\/09\/nut-firma-convenio-lo-valledor-89-scaled.jpg","datePublished":"2024-09-04T17:46:26+00:00","dateModified":"2024-09-04T21:34:45+00:00","author":{"@id":"https:\/\/medicina.udd.cl\/nutricion-dietetica-santiago\/#\/schema\/person\/dbc3705bf3a93e8be1ba6de0ef950341"},"breadcrumb":{"@id":"https:\/\/medicina.udd.cl\/nutricion-dietetica-santiago\/noticias\/2024\/09\/04\/udd-y-mercado-lo-valledor-firman-convenio-de-cooperacion-institucional-para-impulsar-la-investigacion-en-alimentacion-saludable\/#breadcrumb"},"inLanguage":"es","potentialAction":[{"@type":"ReadAction","target":["https:\/\/medicina.udd.cl\/nutricion-dietetica-santiago\/noticias\/2024\/09\/04\/udd-y-mercado-lo-valledor-firman-convenio-de-cooperacion-institucional-para-impulsar-la-investigacion-en-alimentacion-saludable\/"]}]},{"@type":"ImageObject","inLanguage":"es","@id":"https:\/\/medicina.udd.cl\/nutricion-dietetica-santiago\/noticias\/2024\/09\/04\/udd-y-mercado-lo-valledor-firman-convenio-de-cooperacion-institucional-para-impulsar-la-investigacion-en-alimentacion-saludable\/#primaryimage","url":"https:\/\/medicina.udd.cl\/nutricion-dietetica-santiago\/files\/2024\/09\/nut-firma-convenio-lo-valledor-89-scaled.jpg","contentUrl":"https:\/\/medicina.udd.cl\/nutricion-dietetica-santiago\/files\/2024\/09\/nut-firma-convenio-lo-valledor-89-scaled.jpg","width":2560,"height":1707},{"@type":"BreadcrumbList","@id":"https:\/\/medicina.udd.cl\/nutricion-dietetica-santiago\/noticias\/2024\/09\/04\/udd-y-mercado-lo-valledor-firman-convenio-de-cooperacion-institucional-para-impulsar-la-investigacion-en-alimentacion-saludable\/#breadcrumb","itemListElement":[{"@type":"ListItem","position":1,"name":"Home","item":"https:\/\/medicina.udd.cl\/nutricion-dietetica-santiago\/"},{"@type":"ListItem","position":2,"name":"UDD y Mercado Mayorista Lo Valledor firman convenio de cooperaci\u00f3n institucional para impulsar la investigaci\u00f3n en alimentaci\u00f3n saludable"}]},{"@type":"WebSite","@id":"https:\/\/medicina.udd.cl\/nutricion-dietetica-santiago\/#website","url":"https:\/\/medicina.udd.cl\/nutricion-dietetica-santiago\/","name":"Nutrici\u00f3n y Diet\u00e9tica","description":"Facultad de Medicina C\u00ednica Alemana Universidad del Desarrollo","inLanguage":"es"},{"@type":"Person","@id":"https:\/\/medicina.udd.cl\/nutricion-dietetica-santiago\/#\/schema\/person\/dbc3705bf3a93e8be1ba6de0ef950341","name":"rbraidy","image":{"@type":"ImageObject","inLanguage":"es","@id":"https:\/\/medicina.udd.cl\/nutricion-dietetica-santiago\/#\/schema\/person\/image\/","url":"https:\/\/secure.gravatar.com\/avatar\/0f8bc94637401590e45d2ce17eb65c274cb8870a219de6177f3f23e63fd8cdf3?s=96&d=mm&r=g","contentUrl":"https:\/\/secure.gravatar.com\/avatar\/0f8bc94637401590e45d2ce17eb65c274cb8870a219de6177f3f23e63fd8cdf3?s=96&d=mm&r=g","caption":"rbraidy"},"url":"https:\/\/medicina.udd.cl\/nutricion-dietetica-santiago\/noticias\/author\/rbraidy\/"}]}},"featured_image_url":"https:\/\/medicina.udd.cl\/nutricion-dietetica-santiago\/files\/2024\/09\/nut-firma-convenio-lo-valledor-89-scaled.jpg","_links":{"self":[{"href":"https:\/\/medicina.udd.cl\/nutricion-dietetica-santiago\/wp-json\/wp\/v2\/posts\/8951","targetHints":{"allow":["GET"]}}],"collection":[{"href":"https:\/\/medicina.udd.cl\/nutricion-dietetica-santiago\/wp-json\/wp\/v2\/posts"}],"about":[{"href":"https:\/\/medicina.udd.cl\/nutricion-dietetica-santiago\/wp-json\/wp\/v2\/types\/post"}],"author":[{"embeddable":true,"href":"https:\/\/medicina.udd.cl\/nutricion-dietetica-santiago\/wp-json\/wp\/v2\/users\/9192219"}],"replies":[{"embeddable":true,"href":"https:\/\/medicina.udd.cl\/nutricion-dietetica-santiago\/wp-json\/wp\/v2\/comments?post=8951"}],"version-history":[{"count":5,"href":"https:\/\/medicina.udd.cl\/nutricion-dietetica-santiago\/wp-json\/wp\/v2\/posts\/8951\/revisions"}],"predecessor-version":[{"id":8978,"href":"https:\/\/medicina.udd.cl\/nutricion-dietetica-santiago\/wp-json\/wp\/v2\/posts\/8951\/revisions\/8978"}],"wp:featuredmedia":[{"embeddable":true,"href":"https:\/\/medicina.udd.cl\/nutricion-dietetica-santiago\/wp-json\/wp\/v2\/media\/8971"}],"wp:attachment":[{"href":"https:\/\/medicina.udd.cl\/nutricion-dietetica-santiago\/wp-json\/wp\/v2\/media?parent=8951"}],"wp:term":[{"taxonomy":"category","embeddable":true,"href":"https:\/\/medicina.udd.cl\/nutricion-dietetica-santiago\/wp-json\/wp\/v2\/categories?post=8951"},{"taxonomy":"post_tag","embeddable":true,"href":"https:\/\/medicina.udd.cl\/nutricion-dietetica-santiago\/wp-json\/wp\/v2\/tags?post=8951"}],"curies":[{"name":"wp","href":"https:\/\/api.w.org\/{rel}","templated":true}]}}