{"id":8985,"date":"2024-09-12T11:22:50","date_gmt":"2024-09-12T14:22:50","guid":{"rendered":"https:\/\/medicina.udd.cl\/nutricion-dietetica-santiago\/?p=8985"},"modified":"2024-09-12T11:22:51","modified_gmt":"2024-09-12T14:22:51","slug":"directora-de-nutricion-y-dietetica-udd-destaco-la-importancia-de-la-alimentacion-personalizada-en-expo-salud-2024","status":"publish","type":"post","link":"https:\/\/medicina.udd.cl\/nutricion-dietetica-santiago\/noticias\/2024\/09\/12\/directora-de-nutricion-y-dietetica-udd-destaco-la-importancia-de-la-alimentacion-personalizada-en-expo-salud-2024\/","title":{"rendered":"Directora de Nutrici\u00f3n y Diet\u00e9tica UDD destac\u00f3 la importancia de la alimentaci\u00f3n personalizada en Expo Salud 2024"},"content":{"rendered":"\n<figure class=\"wp-block-gallery has-nested-images columns-default is-cropped wp-block-gallery-1 is-layout-flex wp-block-gallery-is-layout-flex\">\n<figure class=\"wp-block-image size-large\"><a href=\"https:\/\/medicina.udd.cl\/nutricion-dietetica-santiago\/files\/2024\/09\/exposalud2024_panel.jpg\"><img loading=\"lazy\" decoding=\"async\" width=\"1024\" height=\"682\" data-id=\"8987\" src=\"https:\/\/medicina.udd.cl\/nutricion-dietetica-santiago\/files\/2024\/09\/exposalud2024_panel-1024x682.jpg\" alt=\"\" class=\"wp-image-8987\" srcset=\"https:\/\/medicina.udd.cl\/nutricion-dietetica-santiago\/files\/2024\/09\/exposalud2024_panel-1024x682.jpg 1024w, https:\/\/medicina.udd.cl\/nutricion-dietetica-santiago\/files\/2024\/09\/exposalud2024_panel-300x200.jpg 300w, https:\/\/medicina.udd.cl\/nutricion-dietetica-santiago\/files\/2024\/09\/exposalud2024_panel-768x511.jpg 768w, https:\/\/medicina.udd.cl\/nutricion-dietetica-santiago\/files\/2024\/09\/exposalud2024_panel.jpg 1280w\" sizes=\"auto, (max-width: 1024px) 100vw, 1024px\" \/><\/a><\/figure>\n\n\n\n<figure class=\"wp-block-image size-large\"><a href=\"https:\/\/medicina.udd.cl\/nutricion-dietetica-santiago\/files\/2024\/09\/exposalud2024_rinat.jpg\"><img loading=\"lazy\" decoding=\"async\" width=\"1024\" height=\"682\" data-id=\"8989\" src=\"https:\/\/medicina.udd.cl\/nutricion-dietetica-santiago\/files\/2024\/09\/exposalud2024_rinat-1024x682.jpg\" alt=\"\" class=\"wp-image-8989\" srcset=\"https:\/\/medicina.udd.cl\/nutricion-dietetica-santiago\/files\/2024\/09\/exposalud2024_rinat-1024x682.jpg 1024w, https:\/\/medicina.udd.cl\/nutricion-dietetica-santiago\/files\/2024\/09\/exposalud2024_rinat-300x200.jpg 300w, https:\/\/medicina.udd.cl\/nutricion-dietetica-santiago\/files\/2024\/09\/exposalud2024_rinat-768x511.jpg 768w, https:\/\/medicina.udd.cl\/nutricion-dietetica-santiago\/files\/2024\/09\/exposalud2024_rinat.jpg 1280w\" sizes=\"auto, (max-width: 1024px) 100vw, 1024px\" \/><\/a><figcaption class=\"wp-element-caption\">Nut. Rinat Ratner<\/figcaption><\/figure>\n\n\n\n<figure class=\"wp-block-image size-large\"><a href=\"https:\/\/medicina.udd.cl\/nutricion-dietetica-santiago\/files\/2024\/09\/exposalud2024_panel2.jpg\"><img loading=\"lazy\" decoding=\"async\" width=\"1024\" height=\"682\" data-id=\"8988\" src=\"https:\/\/medicina.udd.cl\/nutricion-dietetica-santiago\/files\/2024\/09\/exposalud2024_panel2-1024x682.jpg\" alt=\"\" class=\"wp-image-8988\" srcset=\"https:\/\/medicina.udd.cl\/nutricion-dietetica-santiago\/files\/2024\/09\/exposalud2024_panel2-1024x682.jpg 1024w, https:\/\/medicina.udd.cl\/nutricion-dietetica-santiago\/files\/2024\/09\/exposalud2024_panel2-300x200.jpg 300w, https:\/\/medicina.udd.cl\/nutricion-dietetica-santiago\/files\/2024\/09\/exposalud2024_panel2-768x512.jpg 768w, https:\/\/medicina.udd.cl\/nutricion-dietetica-santiago\/files\/2024\/09\/exposalud2024_panel2-1536x1023.jpg 1536w, https:\/\/medicina.udd.cl\/nutricion-dietetica-santiago\/files\/2024\/09\/exposalud2024_panel2.jpg 1600w\" sizes=\"auto, (max-width: 1024px) 100vw, 1024px\" \/><\/a><\/figure>\n<\/figure>\n\n\n\n<p>La Nut. Rinat Ratner, directora de la carrera de Nutrici\u00f3n y Diet\u00e9tica de la Facultad de Medicina Cl\u00ednica Alemana Universidad del Desarrollo (UDD), particip\u00f3 en el congreso internacional Expo Salud 2024, evento centrado en soluciones e innovaci\u00f3n para el sector salud, que tuvo lugar del 9 al 11 de septiembre en Santiago de Chile.<\/p>\n\n\n\n<p>Ratner fue parte del panel LATAM Health Summit titulado&nbsp;<em>\u00abAlimentaci\u00f3n Personalizada: Salud y Prevenci\u00f3n\u00bb<\/em>, donde se abord\u00f3 la relevancia de la nutrici\u00f3n personalizada como herramienta clave para la prevenci\u00f3n de enfermedades y la mejora del bienestar general.<\/p>\n\n\n\n<p>Durante su intervenci\u00f3n, Ratner subray\u00f3 la necesidad de desarrollar pol\u00edticas p\u00fablicas que promuevan el acceso equitativo a alimentos saludables para toda la poblaci\u00f3n, as\u00ed como una mayor cobertura de las consultas nutricionales por parte de FONASA e ISAPRES. Tambi\u00e9n enfatiz\u00f3 la importancia de la presencia de nutricionistas en las escuelas para fomentar h\u00e1bitos alimentarios saludables desde una edad temprana y prevenir patolog\u00edas relacionadas con la alimentaci\u00f3n.<\/p>\n\n\n\n<p><em>\u201cEs fundamental reducir las brechas y garantizar que todas las personas puedan acceder a una alimentaci\u00f3n saludable y a una educaci\u00f3n alimentaria adecuada\u201d<\/em>, se\u00f1al\u00f3 Ratner, destacando la importancia de la tecnolog\u00eda en el acceso a alimentos de calidad.<\/p>\n\n\n\n<p>Junto a la directora de Nutrici\u00f3n y Diet\u00e9tica UDD, en el panel participaron destacados expertos como Andrea Chicurel, CEO y cofundadora de Nutrici\u00f3n Inteligente; Sebasti\u00e1n Berroeta Mauriziano, m\u00e9dico nutri\u00f3logo de Mettabolic; y Nicol\u00e1s Decarli, chef y fundador de Simple y Vivo.<\/p>\n\n\n\n<p>La versi\u00f3n 12\u00b0 de la Expo Salud 2024, reuni\u00f3 a 70 empresas y cont\u00f3 con 16 paneles de discusi\u00f3n con distinguidos profesionales y autoridades del sector, siendo un espacio clave para discutir avances y soluciones innovadoras en esta materia.<\/p>\n","protected":false},"excerpt":{"rendered":"<p>La Nut. Rinat Ratner, directora de la carrera de Nutrici\u00f3n y Diet\u00e9tica de la Facultad de Medicina Cl\u00ednica Alemana Universidad del Desarrollo (UDD), particip\u00f3 en el congreso internacional Expo Salud 2024, evento centrado en soluciones e innovaci\u00f3n para el sector salud, que tuvo lugar del 9 al 11 de septiembre en Santiago de Chile. Ratner [&hellip;]<\/p>\n","protected":false},"author":9192219,"featured_media":8989,"comment_status":"closed","ping_status":"open","sticky":false,"template":"","format":"standard","meta":{"footnotes":""},"categories":[4],"tags":[],"class_list":["post-8985","post","type-post","status-publish","format-standard","has-post-thumbnail","hentry","category-noticias"],"yoast_head":"<!-- This site is optimized with the Yoast SEO plugin v26.9 - https:\/\/yoast.com\/product\/yoast-seo-wordpress\/ -->\n<title>Directora de Nutrici\u00f3n y Diet\u00e9tica UDD destac\u00f3 la importancia de la alimentaci\u00f3n personalizada en Expo Salud 2024 - Nutrici\u00f3n y Diet\u00e9tica<\/title>\n<meta name=\"robots\" content=\"index, follow, max-snippet:-1, max-image-preview:large, max-video-preview:-1\" \/>\n<link rel=\"canonical\" href=\"https:\/\/medicina.udd.cl\/nutricion-dietetica-santiago\/noticias\/2024\/09\/12\/directora-de-nutricion-y-dietetica-udd-destaco-la-importancia-de-la-alimentacion-personalizada-en-expo-salud-2024\/\" \/>\n<meta property=\"og:locale\" content=\"es_ES\" \/>\n<meta property=\"og:type\" content=\"article\" \/>\n<meta property=\"og:title\" content=\"Directora de Nutrici\u00f3n y Diet\u00e9tica UDD destac\u00f3 la importancia de la alimentaci\u00f3n personalizada en Expo Salud 2024 - Nutrici\u00f3n y Diet\u00e9tica\" \/>\n<meta property=\"og:description\" content=\"La Nut. Rinat Ratner, directora de la carrera de Nutrici\u00f3n y Diet\u00e9tica de la Facultad de Medicina Cl\u00ednica Alemana Universidad del Desarrollo (UDD), particip\u00f3 en el congreso internacional Expo Salud 2024, evento centrado en soluciones e innovaci\u00f3n para el sector salud, que tuvo lugar del 9 al 11 de septiembre en Santiago de Chile. Ratner [&hellip;]\" \/>\n<meta property=\"og:url\" content=\"https:\/\/medicina.udd.cl\/nutricion-dietetica-santiago\/noticias\/2024\/09\/12\/directora-de-nutricion-y-dietetica-udd-destaco-la-importancia-de-la-alimentacion-personalizada-en-expo-salud-2024\/\" \/>\n<meta property=\"og:site_name\" content=\"Nutrici\u00f3n y Diet\u00e9tica\" \/>\n<meta property=\"article:published_time\" content=\"2024-09-12T14:22:50+00:00\" \/>\n<meta property=\"article:modified_time\" content=\"2024-09-12T14:22:51+00:00\" \/>\n<meta property=\"og:image\" content=\"https:\/\/medicina.udd.cl\/nutricion-dietetica-santiago\/files\/2024\/09\/exposalud2024_rinat.jpg\" \/>\n\t<meta property=\"og:image:width\" content=\"1280\" \/>\n\t<meta property=\"og:image:height\" content=\"852\" \/>\n\t<meta property=\"og:image:type\" content=\"image\/jpeg\" \/>\n<meta name=\"author\" content=\"rbraidy\" \/>\n<meta name=\"twitter:label1\" content=\"Escrito por\" \/>\n\t<meta name=\"twitter:data1\" content=\"rbraidy\" \/>\n\t<meta name=\"twitter:label2\" content=\"Tiempo de lectura\" \/>\n\t<meta name=\"twitter:data2\" content=\"3 minutos\" \/>\n<script type=\"application\/ld+json\" class=\"yoast-schema-graph\">{\"@context\":\"https:\/\/schema.org\",\"@graph\":[{\"@type\":\"Article\",\"@id\":\"https:\/\/medicina.udd.cl\/nutricion-dietetica-santiago\/noticias\/2024\/09\/12\/directora-de-nutricion-y-dietetica-udd-destaco-la-importancia-de-la-alimentacion-personalizada-en-expo-salud-2024\/#article\",\"isPartOf\":{\"@id\":\"https:\/\/medicina.udd.cl\/nutricion-dietetica-santiago\/noticias\/2024\/09\/12\/directora-de-nutricion-y-dietetica-udd-destaco-la-importancia-de-la-alimentacion-personalizada-en-expo-salud-2024\/\"},\"author\":{\"name\":\"rbraidy\",\"@id\":\"https:\/\/medicina.udd.cl\/nutricion-dietetica-santiago\/#\/schema\/person\/dbc3705bf3a93e8be1ba6de0ef950341\"},\"headline\":\"Directora de Nutrici\u00f3n y Diet\u00e9tica UDD destac\u00f3 la importancia de la alimentaci\u00f3n personalizada en Expo Salud 2024\",\"datePublished\":\"2024-09-12T14:22:50+00:00\",\"dateModified\":\"2024-09-12T14:22:51+00:00\",\"mainEntityOfPage\":{\"@id\":\"https:\/\/medicina.udd.cl\/nutricion-dietetica-santiago\/noticias\/2024\/09\/12\/directora-de-nutricion-y-dietetica-udd-destaco-la-importancia-de-la-alimentacion-personalizada-en-expo-salud-2024\/\"},\"wordCount\":320,\"image\":{\"@id\":\"https:\/\/medicina.udd.cl\/nutricion-dietetica-santiago\/noticias\/2024\/09\/12\/directora-de-nutricion-y-dietetica-udd-destaco-la-importancia-de-la-alimentacion-personalizada-en-expo-salud-2024\/#primaryimage\"},\"thumbnailUrl\":\"https:\/\/medicina.udd.cl\/nutricion-dietetica-santiago\/files\/2024\/09\/exposalud2024_rinat.jpg\",\"articleSection\":[\"Noticias\"],\"inLanguage\":\"es\"},{\"@type\":\"WebPage\",\"@id\":\"https:\/\/medicina.udd.cl\/nutricion-dietetica-santiago\/noticias\/2024\/09\/12\/directora-de-nutricion-y-dietetica-udd-destaco-la-importancia-de-la-alimentacion-personalizada-en-expo-salud-2024\/\",\"url\":\"https:\/\/medicina.udd.cl\/nutricion-dietetica-santiago\/noticias\/2024\/09\/12\/directora-de-nutricion-y-dietetica-udd-destaco-la-importancia-de-la-alimentacion-personalizada-en-expo-salud-2024\/\",\"name\":\"Directora de Nutrici\u00f3n y Diet\u00e9tica UDD destac\u00f3 la importancia de la alimentaci\u00f3n personalizada en Expo Salud 2024 - Nutrici\u00f3n y Diet\u00e9tica\",\"isPartOf\":{\"@id\":\"https:\/\/medicina.udd.cl\/nutricion-dietetica-santiago\/#website\"},\"primaryImageOfPage\":{\"@id\":\"https:\/\/medicina.udd.cl\/nutricion-dietetica-santiago\/noticias\/2024\/09\/12\/directora-de-nutricion-y-dietetica-udd-destaco-la-importancia-de-la-alimentacion-personalizada-en-expo-salud-2024\/#primaryimage\"},\"image\":{\"@id\":\"https:\/\/medicina.udd.cl\/nutricion-dietetica-santiago\/noticias\/2024\/09\/12\/directora-de-nutricion-y-dietetica-udd-destaco-la-importancia-de-la-alimentacion-personalizada-en-expo-salud-2024\/#primaryimage\"},\"thumbnailUrl\":\"https:\/\/medicina.udd.cl\/nutricion-dietetica-santiago\/files\/2024\/09\/exposalud2024_rinat.jpg\",\"datePublished\":\"2024-09-12T14:22:50+00:00\",\"dateModified\":\"2024-09-12T14:22:51+00:00\",\"author\":{\"@id\":\"https:\/\/medicina.udd.cl\/nutricion-dietetica-santiago\/#\/schema\/person\/dbc3705bf3a93e8be1ba6de0ef950341\"},\"breadcrumb\":{\"@id\":\"https:\/\/medicina.udd.cl\/nutricion-dietetica-santiago\/noticias\/2024\/09\/12\/directora-de-nutricion-y-dietetica-udd-destaco-la-importancia-de-la-alimentacion-personalizada-en-expo-salud-2024\/#breadcrumb\"},\"inLanguage\":\"es\",\"potentialAction\":[{\"@type\":\"ReadAction\",\"target\":[\"https:\/\/medicina.udd.cl\/nutricion-dietetica-santiago\/noticias\/2024\/09\/12\/directora-de-nutricion-y-dietetica-udd-destaco-la-importancia-de-la-alimentacion-personalizada-en-expo-salud-2024\/\"]}]},{\"@type\":\"ImageObject\",\"inLanguage\":\"es\",\"@id\":\"https:\/\/medicina.udd.cl\/nutricion-dietetica-santiago\/noticias\/2024\/09\/12\/directora-de-nutricion-y-dietetica-udd-destaco-la-importancia-de-la-alimentacion-personalizada-en-expo-salud-2024\/#primaryimage\",\"url\":\"https:\/\/medicina.udd.cl\/nutricion-dietetica-santiago\/files\/2024\/09\/exposalud2024_rinat.jpg\",\"contentUrl\":\"https:\/\/medicina.udd.cl\/nutricion-dietetica-santiago\/files\/2024\/09\/exposalud2024_rinat.jpg\",\"width\":1280,\"height\":852},{\"@type\":\"BreadcrumbList\",\"@id\":\"https:\/\/medicina.udd.cl\/nutricion-dietetica-santiago\/noticias\/2024\/09\/12\/directora-de-nutricion-y-dietetica-udd-destaco-la-importancia-de-la-alimentacion-personalizada-en-expo-salud-2024\/#breadcrumb\",\"itemListElement\":[{\"@type\":\"ListItem\",\"position\":1,\"name\":\"Home\",\"item\":\"https:\/\/medicina.udd.cl\/nutricion-dietetica-santiago\/\"},{\"@type\":\"ListItem\",\"position\":2,\"name\":\"Directora de Nutrici\u00f3n y Diet\u00e9tica UDD destac\u00f3 la importancia de la alimentaci\u00f3n personalizada en Expo Salud 2024\"}]},{\"@type\":\"WebSite\",\"@id\":\"https:\/\/medicina.udd.cl\/nutricion-dietetica-santiago\/#website\",\"url\":\"https:\/\/medicina.udd.cl\/nutricion-dietetica-santiago\/\",\"name\":\"Nutrici\u00f3n y Diet\u00e9tica\",\"description\":\"Facultad de Medicina C\u00ednica Alemana Universidad del Desarrollo\",\"inLanguage\":\"es\"},{\"@type\":\"Person\",\"@id\":\"https:\/\/medicina.udd.cl\/nutricion-dietetica-santiago\/#\/schema\/person\/dbc3705bf3a93e8be1ba6de0ef950341\",\"name\":\"rbraidy\",\"image\":{\"@type\":\"ImageObject\",\"inLanguage\":\"es\",\"@id\":\"https:\/\/medicina.udd.cl\/nutricion-dietetica-santiago\/#\/schema\/person\/image\/\",\"url\":\"https:\/\/secure.gravatar.com\/avatar\/0f8bc94637401590e45d2ce17eb65c274cb8870a219de6177f3f23e63fd8cdf3?s=96&d=mm&r=g\",\"contentUrl\":\"https:\/\/secure.gravatar.com\/avatar\/0f8bc94637401590e45d2ce17eb65c274cb8870a219de6177f3f23e63fd8cdf3?s=96&d=mm&r=g\",\"caption\":\"rbraidy\"},\"url\":\"https:\/\/medicina.udd.cl\/nutricion-dietetica-santiago\/noticias\/author\/rbraidy\/\"}]}<\/script>\n<!-- \/ Yoast SEO plugin. -->","yoast_head_json":{"title":"Directora de Nutrici\u00f3n y Diet\u00e9tica UDD destac\u00f3 la importancia de la alimentaci\u00f3n personalizada en Expo Salud 2024 - Nutrici\u00f3n y Diet\u00e9tica","robots":{"index":"index","follow":"follow","max-snippet":"max-snippet:-1","max-image-preview":"max-image-preview:large","max-video-preview":"max-video-preview:-1"},"canonical":"https:\/\/medicina.udd.cl\/nutricion-dietetica-santiago\/noticias\/2024\/09\/12\/directora-de-nutricion-y-dietetica-udd-destaco-la-importancia-de-la-alimentacion-personalizada-en-expo-salud-2024\/","og_locale":"es_ES","og_type":"article","og_title":"Directora de Nutrici\u00f3n y Diet\u00e9tica UDD destac\u00f3 la importancia de la alimentaci\u00f3n personalizada en Expo Salud 2024 - Nutrici\u00f3n y Diet\u00e9tica","og_description":"La Nut. Rinat Ratner, directora de la carrera de Nutrici\u00f3n y Diet\u00e9tica de la Facultad de Medicina Cl\u00ednica Alemana Universidad del Desarrollo (UDD), particip\u00f3 en el congreso internacional Expo Salud 2024, evento centrado en soluciones e innovaci\u00f3n para el sector salud, que tuvo lugar del 9 al 11 de septiembre en Santiago de Chile. Ratner [&hellip;]","og_url":"https:\/\/medicina.udd.cl\/nutricion-dietetica-santiago\/noticias\/2024\/09\/12\/directora-de-nutricion-y-dietetica-udd-destaco-la-importancia-de-la-alimentacion-personalizada-en-expo-salud-2024\/","og_site_name":"Nutrici\u00f3n y Diet\u00e9tica","article_published_time":"2024-09-12T14:22:50+00:00","article_modified_time":"2024-09-12T14:22:51+00:00","og_image":[{"width":1280,"height":852,"url":"https:\/\/medicina.udd.cl\/nutricion-dietetica-santiago\/files\/2024\/09\/exposalud2024_rinat.jpg","type":"image\/jpeg"}],"author":"rbraidy","twitter_misc":{"Escrito por":"rbraidy","Tiempo de lectura":"3 minutos"},"schema":{"@context":"https:\/\/schema.org","@graph":[{"@type":"Article","@id":"https:\/\/medicina.udd.cl\/nutricion-dietetica-santiago\/noticias\/2024\/09\/12\/directora-de-nutricion-y-dietetica-udd-destaco-la-importancia-de-la-alimentacion-personalizada-en-expo-salud-2024\/#article","isPartOf":{"@id":"https:\/\/medicina.udd.cl\/nutricion-dietetica-santiago\/noticias\/2024\/09\/12\/directora-de-nutricion-y-dietetica-udd-destaco-la-importancia-de-la-alimentacion-personalizada-en-expo-salud-2024\/"},"author":{"name":"rbraidy","@id":"https:\/\/medicina.udd.cl\/nutricion-dietetica-santiago\/#\/schema\/person\/dbc3705bf3a93e8be1ba6de0ef950341"},"headline":"Directora de Nutrici\u00f3n y Diet\u00e9tica UDD destac\u00f3 la importancia de la alimentaci\u00f3n personalizada en Expo Salud 2024","datePublished":"2024-09-12T14:22:50+00:00","dateModified":"2024-09-12T14:22:51+00:00","mainEntityOfPage":{"@id":"https:\/\/medicina.udd.cl\/nutricion-dietetica-santiago\/noticias\/2024\/09\/12\/directora-de-nutricion-y-dietetica-udd-destaco-la-importancia-de-la-alimentacion-personalizada-en-expo-salud-2024\/"},"wordCount":320,"image":{"@id":"https:\/\/medicina.udd.cl\/nutricion-dietetica-santiago\/noticias\/2024\/09\/12\/directora-de-nutricion-y-dietetica-udd-destaco-la-importancia-de-la-alimentacion-personalizada-en-expo-salud-2024\/#primaryimage"},"thumbnailUrl":"https:\/\/medicina.udd.cl\/nutricion-dietetica-santiago\/files\/2024\/09\/exposalud2024_rinat.jpg","articleSection":["Noticias"],"inLanguage":"es"},{"@type":"WebPage","@id":"https:\/\/medicina.udd.cl\/nutricion-dietetica-santiago\/noticias\/2024\/09\/12\/directora-de-nutricion-y-dietetica-udd-destaco-la-importancia-de-la-alimentacion-personalizada-en-expo-salud-2024\/","url":"https:\/\/medicina.udd.cl\/nutricion-dietetica-santiago\/noticias\/2024\/09\/12\/directora-de-nutricion-y-dietetica-udd-destaco-la-importancia-de-la-alimentacion-personalizada-en-expo-salud-2024\/","name":"Directora de Nutrici\u00f3n y Diet\u00e9tica UDD destac\u00f3 la importancia de la alimentaci\u00f3n personalizada en Expo Salud 2024 - Nutrici\u00f3n y Diet\u00e9tica","isPartOf":{"@id":"https:\/\/medicina.udd.cl\/nutricion-dietetica-santiago\/#website"},"primaryImageOfPage":{"@id":"https:\/\/medicina.udd.cl\/nutricion-dietetica-santiago\/noticias\/2024\/09\/12\/directora-de-nutricion-y-dietetica-udd-destaco-la-importancia-de-la-alimentacion-personalizada-en-expo-salud-2024\/#primaryimage"},"image":{"@id":"https:\/\/medicina.udd.cl\/nutricion-dietetica-santiago\/noticias\/2024\/09\/12\/directora-de-nutricion-y-dietetica-udd-destaco-la-importancia-de-la-alimentacion-personalizada-en-expo-salud-2024\/#primaryimage"},"thumbnailUrl":"https:\/\/medicina.udd.cl\/nutricion-dietetica-santiago\/files\/2024\/09\/exposalud2024_rinat.jpg","datePublished":"2024-09-12T14:22:50+00:00","dateModified":"2024-09-12T14:22:51+00:00","author":{"@id":"https:\/\/medicina.udd.cl\/nutricion-dietetica-santiago\/#\/schema\/person\/dbc3705bf3a93e8be1ba6de0ef950341"},"breadcrumb":{"@id":"https:\/\/medicina.udd.cl\/nutricion-dietetica-santiago\/noticias\/2024\/09\/12\/directora-de-nutricion-y-dietetica-udd-destaco-la-importancia-de-la-alimentacion-personalizada-en-expo-salud-2024\/#breadcrumb"},"inLanguage":"es","potentialAction":[{"@type":"ReadAction","target":["https:\/\/medicina.udd.cl\/nutricion-dietetica-santiago\/noticias\/2024\/09\/12\/directora-de-nutricion-y-dietetica-udd-destaco-la-importancia-de-la-alimentacion-personalizada-en-expo-salud-2024\/"]}]},{"@type":"ImageObject","inLanguage":"es","@id":"https:\/\/medicina.udd.cl\/nutricion-dietetica-santiago\/noticias\/2024\/09\/12\/directora-de-nutricion-y-dietetica-udd-destaco-la-importancia-de-la-alimentacion-personalizada-en-expo-salud-2024\/#primaryimage","url":"https:\/\/medicina.udd.cl\/nutricion-dietetica-santiago\/files\/2024\/09\/exposalud2024_rinat.jpg","contentUrl":"https:\/\/medicina.udd.cl\/nutricion-dietetica-santiago\/files\/2024\/09\/exposalud2024_rinat.jpg","width":1280,"height":852},{"@type":"BreadcrumbList","@id":"https:\/\/medicina.udd.cl\/nutricion-dietetica-santiago\/noticias\/2024\/09\/12\/directora-de-nutricion-y-dietetica-udd-destaco-la-importancia-de-la-alimentacion-personalizada-en-expo-salud-2024\/#breadcrumb","itemListElement":[{"@type":"ListItem","position":1,"name":"Home","item":"https:\/\/medicina.udd.cl\/nutricion-dietetica-santiago\/"},{"@type":"ListItem","position":2,"name":"Directora de Nutrici\u00f3n y Diet\u00e9tica UDD destac\u00f3 la importancia de la alimentaci\u00f3n personalizada en Expo Salud 2024"}]},{"@type":"WebSite","@id":"https:\/\/medicina.udd.cl\/nutricion-dietetica-santiago\/#website","url":"https:\/\/medicina.udd.cl\/nutricion-dietetica-santiago\/","name":"Nutrici\u00f3n y Diet\u00e9tica","description":"Facultad de Medicina C\u00ednica Alemana Universidad del Desarrollo","inLanguage":"es"},{"@type":"Person","@id":"https:\/\/medicina.udd.cl\/nutricion-dietetica-santiago\/#\/schema\/person\/dbc3705bf3a93e8be1ba6de0ef950341","name":"rbraidy","image":{"@type":"ImageObject","inLanguage":"es","@id":"https:\/\/medicina.udd.cl\/nutricion-dietetica-santiago\/#\/schema\/person\/image\/","url":"https:\/\/secure.gravatar.com\/avatar\/0f8bc94637401590e45d2ce17eb65c274cb8870a219de6177f3f23e63fd8cdf3?s=96&d=mm&r=g","contentUrl":"https:\/\/secure.gravatar.com\/avatar\/0f8bc94637401590e45d2ce17eb65c274cb8870a219de6177f3f23e63fd8cdf3?s=96&d=mm&r=g","caption":"rbraidy"},"url":"https:\/\/medicina.udd.cl\/nutricion-dietetica-santiago\/noticias\/author\/rbraidy\/"}]}},"featured_image_url":"https:\/\/medicina.udd.cl\/nutricion-dietetica-santiago\/files\/2024\/09\/exposalud2024_rinat.jpg","_links":{"self":[{"href":"https:\/\/medicina.udd.cl\/nutricion-dietetica-santiago\/wp-json\/wp\/v2\/posts\/8985","targetHints":{"allow":["GET"]}}],"collection":[{"href":"https:\/\/medicina.udd.cl\/nutricion-dietetica-santiago\/wp-json\/wp\/v2\/posts"}],"about":[{"href":"https:\/\/medicina.udd.cl\/nutricion-dietetica-santiago\/wp-json\/wp\/v2\/types\/post"}],"author":[{"embeddable":true,"href":"https:\/\/medicina.udd.cl\/nutricion-dietetica-santiago\/wp-json\/wp\/v2\/users\/9192219"}],"replies":[{"embeddable":true,"href":"https:\/\/medicina.udd.cl\/nutricion-dietetica-santiago\/wp-json\/wp\/v2\/comments?post=8985"}],"version-history":[{"count":1,"href":"https:\/\/medicina.udd.cl\/nutricion-dietetica-santiago\/wp-json\/wp\/v2\/posts\/8985\/revisions"}],"predecessor-version":[{"id":8990,"href":"https:\/\/medicina.udd.cl\/nutricion-dietetica-santiago\/wp-json\/wp\/v2\/posts\/8985\/revisions\/8990"}],"wp:featuredmedia":[{"embeddable":true,"href":"https:\/\/medicina.udd.cl\/nutricion-dietetica-santiago\/wp-json\/wp\/v2\/media\/8989"}],"wp:attachment":[{"href":"https:\/\/medicina.udd.cl\/nutricion-dietetica-santiago\/wp-json\/wp\/v2\/media?parent=8985"}],"wp:term":[{"taxonomy":"category","embeddable":true,"href":"https:\/\/medicina.udd.cl\/nutricion-dietetica-santiago\/wp-json\/wp\/v2\/categories?post=8985"},{"taxonomy":"post_tag","embeddable":true,"href":"https:\/\/medicina.udd.cl\/nutricion-dietetica-santiago\/wp-json\/wp\/v2\/tags?post=8985"}],"curies":[{"name":"wp","href":"https:\/\/api.w.org\/{rel}","templated":true}]}}