{"id":9052,"date":"2024-10-04T10:35:33","date_gmt":"2024-10-04T13:35:33","guid":{"rendered":"https:\/\/medicina.udd.cl\/nutricion-dietetica-santiago\/?p=9052"},"modified":"2024-10-04T10:59:28","modified_gmt":"2024-10-04T13:59:28","slug":"culmino-con-exito-programa-piloto-repensando-las-ferias-libres-que-impulsara-la-modernizacion-y-gestion-eficiente-de-estos-espacios-comunitarios","status":"publish","type":"post","link":"https:\/\/medicina.udd.cl\/nutricion-dietetica-santiago\/noticias\/2024\/10\/04\/culmino-con-exito-programa-piloto-repensando-las-ferias-libres-que-impulsara-la-modernizacion-y-gestion-eficiente-de-estos-espacios-comunitarios\/","title":{"rendered":"Culmin\u00f3 con \u00e9xito programa piloto \u201cRe-Pensando las Ferias Libres\u201d que impulsar\u00e1 la modernizaci\u00f3n y gesti\u00f3n eficiente de estos espacios comunitarios"},"content":{"rendered":"\n<figure class=\"wp-block-gallery has-nested-images columns-default is-cropped wp-block-gallery-1 is-layout-flex wp-block-gallery-is-layout-flex\">\n<figure class=\"wp-block-image size-large\"><a href=\"https:\/\/medicina.udd.cl\/nutricion-dietetica-santiago\/files\/2024\/10\/nut-jornada-cierre-re-pensando-ferias-libres-37-scaled.jpg\"><img loading=\"lazy\" decoding=\"async\" width=\"1024\" height=\"683\" data-id=\"9060\" src=\"https:\/\/medicina.udd.cl\/nutricion-dietetica-santiago\/files\/2024\/10\/nut-jornada-cierre-re-pensando-ferias-libres-37-1024x683.jpg\" alt=\"\" class=\"wp-image-9060\" srcset=\"https:\/\/medicina.udd.cl\/nutricion-dietetica-santiago\/files\/2024\/10\/nut-jornada-cierre-re-pensando-ferias-libres-37-1024x683.jpg 1024w, https:\/\/medicina.udd.cl\/nutricion-dietetica-santiago\/files\/2024\/10\/nut-jornada-cierre-re-pensando-ferias-libres-37-300x200.jpg 300w, https:\/\/medicina.udd.cl\/nutricion-dietetica-santiago\/files\/2024\/10\/nut-jornada-cierre-re-pensando-ferias-libres-37-768x512.jpg 768w, https:\/\/medicina.udd.cl\/nutricion-dietetica-santiago\/files\/2024\/10\/nut-jornada-cierre-re-pensando-ferias-libres-37-1536x1024.jpg 1536w, https:\/\/medicina.udd.cl\/nutricion-dietetica-santiago\/files\/2024\/10\/nut-jornada-cierre-re-pensando-ferias-libres-37-2048x1365.jpg 2048w\" sizes=\"auto, (max-width: 1024px) 100vw, 1024px\" \/><\/a><figcaption class=\"wp-element-caption\">Fabiola Mar\u00edn<\/figcaption><\/figure>\n\n\n\n<figure class=\"wp-block-image size-large\"><a href=\"https:\/\/medicina.udd.cl\/nutricion-dietetica-santiago\/files\/2024\/10\/nut-jornada-cierre-re-pensando-ferias-libres-51-scaled.jpg\"><img loading=\"lazy\" decoding=\"async\" width=\"1024\" height=\"683\" data-id=\"9063\" src=\"https:\/\/medicina.udd.cl\/nutricion-dietetica-santiago\/files\/2024\/10\/nut-jornada-cierre-re-pensando-ferias-libres-51-1024x683.jpg\" alt=\"\" class=\"wp-image-9063\" srcset=\"https:\/\/medicina.udd.cl\/nutricion-dietetica-santiago\/files\/2024\/10\/nut-jornada-cierre-re-pensando-ferias-libres-51-1024x683.jpg 1024w, https:\/\/medicina.udd.cl\/nutricion-dietetica-santiago\/files\/2024\/10\/nut-jornada-cierre-re-pensando-ferias-libres-51-300x200.jpg 300w, https:\/\/medicina.udd.cl\/nutricion-dietetica-santiago\/files\/2024\/10\/nut-jornada-cierre-re-pensando-ferias-libres-51-768x512.jpg 768w, https:\/\/medicina.udd.cl\/nutricion-dietetica-santiago\/files\/2024\/10\/nut-jornada-cierre-re-pensando-ferias-libres-51-1536x1024.jpg 1536w, https:\/\/medicina.udd.cl\/nutricion-dietetica-santiago\/files\/2024\/10\/nut-jornada-cierre-re-pensando-ferias-libres-51-2048x1365.jpg 2048w\" sizes=\"auto, (max-width: 1024px) 100vw, 1024px\" \/><\/a><\/figure>\n\n\n\n<figure class=\"wp-block-image size-large\"><a href=\"https:\/\/medicina.udd.cl\/nutricion-dietetica-santiago\/files\/2024\/10\/nut-jornada-cierre-re-pensando-ferias-libres-20-scaled.jpg\"><img loading=\"lazy\" decoding=\"async\" width=\"1024\" height=\"683\" data-id=\"9057\" src=\"https:\/\/medicina.udd.cl\/nutricion-dietetica-santiago\/files\/2024\/10\/nut-jornada-cierre-re-pensando-ferias-libres-20-1024x683.jpg\" alt=\"\" class=\"wp-image-9057\" srcset=\"https:\/\/medicina.udd.cl\/nutricion-dietetica-santiago\/files\/2024\/10\/nut-jornada-cierre-re-pensando-ferias-libres-20-1024x683.jpg 1024w, https:\/\/medicina.udd.cl\/nutricion-dietetica-santiago\/files\/2024\/10\/nut-jornada-cierre-re-pensando-ferias-libres-20-300x200.jpg 300w, https:\/\/medicina.udd.cl\/nutricion-dietetica-santiago\/files\/2024\/10\/nut-jornada-cierre-re-pensando-ferias-libres-20-768x512.jpg 768w, https:\/\/medicina.udd.cl\/nutricion-dietetica-santiago\/files\/2024\/10\/nut-jornada-cierre-re-pensando-ferias-libres-20-1536x1024.jpg 1536w, https:\/\/medicina.udd.cl\/nutricion-dietetica-santiago\/files\/2024\/10\/nut-jornada-cierre-re-pensando-ferias-libres-20-2048x1365.jpg 2048w\" sizes=\"auto, (max-width: 1024px) 100vw, 1024px\" \/><\/a><figcaption class=\"wp-element-caption\">Daiana Quintiliano<\/figcaption><\/figure>\n<\/figure>\n\n\n\n<p>El mi\u00e9rcoles 2 de octubre se realiz\u00f3 el cierre del programa piloto \u201cRe-Pensando las Ferias Libres\u201d, una iniciativa impulsada por la carrera de Nutrici\u00f3n y Diet\u00e9tica de la Universidad del Desarrollo (UDD), en colaboraci\u00f3n con la carrera de Arquitectura UDD, el Centro de Epidemiolog\u00eda y Pol\u00edticas de Salud (CEPS) UDD, y con el apoyo t\u00e9cnico de la Organizaci\u00f3n de las Naciones Unidas para la Alimentaci\u00f3n y la Agricultura (FAO). Este proyecto tuvo como objetivo fortalecer las capacidades t\u00e9cnicas e institucionales para mejorar la gesti\u00f3n, planificaci\u00f3n y funcionamiento de las ferias libres en las comunas de Lo Espejo, Pudahuel, Melipilla, Quinta Normal y Maip\u00fa.<\/p>\n\n\n\n<p>El evento de clausura, moderado por Ximena D\u00edaz-Torrente, acad\u00e9mica de Nutrici\u00f3n y Diet\u00e9tica UDD, tuvo lugar en las instalaciones de la Secretar\u00eda Regional Ministerial de Econom\u00eda, Fomento y Turismo de la Regi\u00f3n Metropolitana. Durante la jornada, m\u00e1s de 40 participantes de las cinco comunas involucradas participaron en un taller grupal, guiado por la investigadora del CEPS UDD, Fabiola Mar\u00edn, donde analizaron las prioridades territoriales y la gesti\u00f3n comunal, y crearon propuestas concretas para el mejoramiento de las ferias libres.<\/p>\n\n\n\n<p>Daiana Quintiliano, docente de Nutrici\u00f3n y Diet\u00e9tica UDD y directora del proyecto, destac\u00f3 el papel fundamental de las ferias libres en la seguridad alimentaria y la cultura local, y agradeci\u00f3 a los participantes por su dedicaci\u00f3n a lo largo del programa. \u201cEstas capacitaciones son clave para continuar mejorando estos espacios y garantizar su sostenibilidad\u201d, se\u00f1al\u00f3.<\/p>\n\n\n\n<p>Por su parte, David Torres, coordinador Regional de Sistemas Alimentarios, Abastecimiento y Comercializaci\u00f3n Inclusiva de la FAO, subray\u00f3 la relevancia de las ferias libres como puntos esenciales para el acceso a alimentos frescos y asequibles para las familias m\u00e1s vulnerables. Adem\u00e1s, destac\u00f3 la necesidad de modernizar estos espacios y de incorporarlos en los planes de desarrollo territorial, para garantizar su sostenibilidad en el tiempo.<\/p>\n\n\n\n<p>El secretario Regional Ministerial de Econom\u00eda, Fomento y Turismo, Cristi\u00e1n Rodr\u00edguez, tambi\u00e9n estuvo presente en el cierre del programa y revel\u00f3 que se ha presentado un proyecto de ley para la regulaci\u00f3n de las ferias libres, fruto de un esfuerzo colaborativo de m\u00e1s de un a\u00f1o. \u201cEste proyecto busca mejorar la gesti\u00f3n y reconocimiento de las ferias libres, ya que son vitales para la econom\u00eda local y el empleo\u201d, afirm\u00f3 Rodr\u00edguez. Asimismo, hizo hincapi\u00e9 en la importancia de iniciativas como esta para construir una capacidad cr\u00edtica nacional que apoye el desarrollo econ\u00f3mico a nivel regional.<\/p>\n\n\n\n<p>El programa piloto \u201cRe-Pensando las Ferias Libres\u201d capacit\u00f3 y certific\u00f3 a m\u00e1s de 40 funcionarios de \u00e1reas clave como la Direcci\u00f3n de Desarrollo Comunal, la Secretar\u00eda Comunal de Planificaci\u00f3n, la Direcci\u00f3n de Medio Ambiente, Aseo y Ornato, y asesores urbanistas, entre otros. El objetivo central fue fomentar una visi\u00f3n positiva y una gesti\u00f3n m\u00e1s eficiente de las ferias libres, promoviendo su inclusi\u00f3n en los futuros Instrumentos de Planificaci\u00f3n Territorial (IPT) y el desarrollo de pol\u00edticas alimentarias locales que garanticen un mejor acceso a alimentos frescos y saludables a bajo costo.<\/p>\n\n\n\n<p>Con el cierre de este programa, se espera que las comunas beneficiadas contin\u00faen avanzando en la modernizaci\u00f3n de las ferias libres, consolidando su papel como espacios fundamentales para la econom\u00eda local y la seguridad alimentaria, mejorando tanto la experiencia de los comerciantes como la de los consumidores.<\/p>\n\n\n\n<figure class=\"wp-block-gallery has-nested-images columns-default is-cropped wp-block-gallery-2 is-layout-flex wp-block-gallery-is-layout-flex\">\n<figure class=\"wp-block-image size-large\"><a href=\"https:\/\/medicina.udd.cl\/nutricion-dietetica-santiago\/files\/2024\/10\/nut-jornada-cierre-re-pensando-ferias-libres-2-scaled.jpg\"><img loading=\"lazy\" decoding=\"async\" width=\"1024\" height=\"683\" data-id=\"9053\" src=\"https:\/\/medicina.udd.cl\/nutricion-dietetica-santiago\/files\/2024\/10\/nut-jornada-cierre-re-pensando-ferias-libres-2-1024x683.jpg\" alt=\"\" class=\"wp-image-9053\" srcset=\"https:\/\/medicina.udd.cl\/nutricion-dietetica-santiago\/files\/2024\/10\/nut-jornada-cierre-re-pensando-ferias-libres-2-1024x683.jpg 1024w, https:\/\/medicina.udd.cl\/nutricion-dietetica-santiago\/files\/2024\/10\/nut-jornada-cierre-re-pensando-ferias-libres-2-300x200.jpg 300w, https:\/\/medicina.udd.cl\/nutricion-dietetica-santiago\/files\/2024\/10\/nut-jornada-cierre-re-pensando-ferias-libres-2-768x512.jpg 768w, https:\/\/medicina.udd.cl\/nutricion-dietetica-santiago\/files\/2024\/10\/nut-jornada-cierre-re-pensando-ferias-libres-2-1536x1024.jpg 1536w, https:\/\/medicina.udd.cl\/nutricion-dietetica-santiago\/files\/2024\/10\/nut-jornada-cierre-re-pensando-ferias-libres-2-2048x1365.jpg 2048w\" sizes=\"auto, (max-width: 1024px) 100vw, 1024px\" \/><\/a><\/figure>\n\n\n\n<figure class=\"wp-block-image size-large\"><a href=\"https:\/\/medicina.udd.cl\/nutricion-dietetica-santiago\/files\/2024\/10\/nut-jornada-cierre-re-pensando-ferias-libres-18-scaled.jpg\"><img loading=\"lazy\" decoding=\"async\" width=\"1024\" height=\"683\" data-id=\"9056\" src=\"https:\/\/medicina.udd.cl\/nutricion-dietetica-santiago\/files\/2024\/10\/nut-jornada-cierre-re-pensando-ferias-libres-18-1024x683.jpg\" alt=\"\" class=\"wp-image-9056\" srcset=\"https:\/\/medicina.udd.cl\/nutricion-dietetica-santiago\/files\/2024\/10\/nut-jornada-cierre-re-pensando-ferias-libres-18-1024x683.jpg 1024w, https:\/\/medicina.udd.cl\/nutricion-dietetica-santiago\/files\/2024\/10\/nut-jornada-cierre-re-pensando-ferias-libres-18-300x200.jpg 300w, https:\/\/medicina.udd.cl\/nutricion-dietetica-santiago\/files\/2024\/10\/nut-jornada-cierre-re-pensando-ferias-libres-18-768x512.jpg 768w, https:\/\/medicina.udd.cl\/nutricion-dietetica-santiago\/files\/2024\/10\/nut-jornada-cierre-re-pensando-ferias-libres-18-1536x1024.jpg 1536w, https:\/\/medicina.udd.cl\/nutricion-dietetica-santiago\/files\/2024\/10\/nut-jornada-cierre-re-pensando-ferias-libres-18-2048x1365.jpg 2048w\" sizes=\"auto, (max-width: 1024px) 100vw, 1024px\" \/><\/a><\/figure>\n\n\n\n<figure class=\"wp-block-image size-large\"><a href=\"https:\/\/medicina.udd.cl\/nutricion-dietetica-santiago\/files\/2024\/10\/nut-jornada-cierre-re-pensando-ferias-libres-16-scaled.jpg\"><img loading=\"lazy\" decoding=\"async\" width=\"1024\" height=\"683\" data-id=\"9055\" src=\"https:\/\/medicina.udd.cl\/nutricion-dietetica-santiago\/files\/2024\/10\/nut-jornada-cierre-re-pensando-ferias-libres-16-1024x683.jpg\" alt=\"\" class=\"wp-image-9055\" srcset=\"https:\/\/medicina.udd.cl\/nutricion-dietetica-santiago\/files\/2024\/10\/nut-jornada-cierre-re-pensando-ferias-libres-16-1024x683.jpg 1024w, https:\/\/medicina.udd.cl\/nutricion-dietetica-santiago\/files\/2024\/10\/nut-jornada-cierre-re-pensando-ferias-libres-16-300x200.jpg 300w, https:\/\/medicina.udd.cl\/nutricion-dietetica-santiago\/files\/2024\/10\/nut-jornada-cierre-re-pensando-ferias-libres-16-768x512.jpg 768w, https:\/\/medicina.udd.cl\/nutricion-dietetica-santiago\/files\/2024\/10\/nut-jornada-cierre-re-pensando-ferias-libres-16-1536x1024.jpg 1536w, https:\/\/medicina.udd.cl\/nutricion-dietetica-santiago\/files\/2024\/10\/nut-jornada-cierre-re-pensando-ferias-libres-16-2048x1365.jpg 2048w\" sizes=\"auto, (max-width: 1024px) 100vw, 1024px\" \/><\/a><\/figure>\n\n\n\n<figure class=\"wp-block-image size-large\"><a href=\"https:\/\/medicina.udd.cl\/nutricion-dietetica-santiago\/files\/2024\/10\/nut-jornada-cierre-re-pensando-ferias-libres-12-scaled.jpg\"><img loading=\"lazy\" decoding=\"async\" width=\"1024\" height=\"683\" data-id=\"9054\" src=\"https:\/\/medicina.udd.cl\/nutricion-dietetica-santiago\/files\/2024\/10\/nut-jornada-cierre-re-pensando-ferias-libres-12-1024x683.jpg\" alt=\"\" class=\"wp-image-9054\" srcset=\"https:\/\/medicina.udd.cl\/nutricion-dietetica-santiago\/files\/2024\/10\/nut-jornada-cierre-re-pensando-ferias-libres-12-1024x683.jpg 1024w, https:\/\/medicina.udd.cl\/nutricion-dietetica-santiago\/files\/2024\/10\/nut-jornada-cierre-re-pensando-ferias-libres-12-300x200.jpg 300w, https:\/\/medicina.udd.cl\/nutricion-dietetica-santiago\/files\/2024\/10\/nut-jornada-cierre-re-pensando-ferias-libres-12-768x512.jpg 768w, https:\/\/medicina.udd.cl\/nutricion-dietetica-santiago\/files\/2024\/10\/nut-jornada-cierre-re-pensando-ferias-libres-12-1536x1024.jpg 1536w, https:\/\/medicina.udd.cl\/nutricion-dietetica-santiago\/files\/2024\/10\/nut-jornada-cierre-re-pensando-ferias-libres-12-2048x1365.jpg 2048w\" sizes=\"auto, (max-width: 1024px) 100vw, 1024px\" \/><\/a><figcaption class=\"wp-element-caption\">David Torres \u2013 FAO<\/figcaption><\/figure>\n\n\n\n<figure class=\"wp-block-image size-large\"><a href=\"https:\/\/medicina.udd.cl\/nutricion-dietetica-santiago\/files\/2024\/10\/nut-jornada-cierre-re-pensando-ferias-libres-27-scaled.jpg\"><img loading=\"lazy\" decoding=\"async\" width=\"1024\" height=\"683\" data-id=\"9058\" src=\"https:\/\/medicina.udd.cl\/nutricion-dietetica-santiago\/files\/2024\/10\/nut-jornada-cierre-re-pensando-ferias-libres-27-1024x683.jpg\" alt=\"\" class=\"wp-image-9058\" srcset=\"https:\/\/medicina.udd.cl\/nutricion-dietetica-santiago\/files\/2024\/10\/nut-jornada-cierre-re-pensando-ferias-libres-27-1024x683.jpg 1024w, https:\/\/medicina.udd.cl\/nutricion-dietetica-santiago\/files\/2024\/10\/nut-jornada-cierre-re-pensando-ferias-libres-27-300x200.jpg 300w, https:\/\/medicina.udd.cl\/nutricion-dietetica-santiago\/files\/2024\/10\/nut-jornada-cierre-re-pensando-ferias-libres-27-768x512.jpg 768w, https:\/\/medicina.udd.cl\/nutricion-dietetica-santiago\/files\/2024\/10\/nut-jornada-cierre-re-pensando-ferias-libres-27-1536x1024.jpg 1536w, https:\/\/medicina.udd.cl\/nutricion-dietetica-santiago\/files\/2024\/10\/nut-jornada-cierre-re-pensando-ferias-libres-27-2048x1365.jpg 2048w\" sizes=\"auto, (max-width: 1024px) 100vw, 1024px\" \/><\/a><\/figure>\n\n\n\n<figure class=\"wp-block-image size-large\"><a href=\"https:\/\/medicina.udd.cl\/nutricion-dietetica-santiago\/files\/2024\/10\/nut-jornada-cierre-re-pensando-ferias-libres-35-scaled.jpg\"><img loading=\"lazy\" decoding=\"async\" width=\"1024\" height=\"683\" data-id=\"9059\" src=\"https:\/\/medicina.udd.cl\/nutricion-dietetica-santiago\/files\/2024\/10\/nut-jornada-cierre-re-pensando-ferias-libres-35-1024x683.jpg\" alt=\"\" class=\"wp-image-9059\" srcset=\"https:\/\/medicina.udd.cl\/nutricion-dietetica-santiago\/files\/2024\/10\/nut-jornada-cierre-re-pensando-ferias-libres-35-1024x683.jpg 1024w, https:\/\/medicina.udd.cl\/nutricion-dietetica-santiago\/files\/2024\/10\/nut-jornada-cierre-re-pensando-ferias-libres-35-300x200.jpg 300w, https:\/\/medicina.udd.cl\/nutricion-dietetica-santiago\/files\/2024\/10\/nut-jornada-cierre-re-pensando-ferias-libres-35-768x512.jpg 768w, https:\/\/medicina.udd.cl\/nutricion-dietetica-santiago\/files\/2024\/10\/nut-jornada-cierre-re-pensando-ferias-libres-35-1536x1024.jpg 1536w, https:\/\/medicina.udd.cl\/nutricion-dietetica-santiago\/files\/2024\/10\/nut-jornada-cierre-re-pensando-ferias-libres-35-2048x1365.jpg 2048w\" sizes=\"auto, (max-width: 1024px) 100vw, 1024px\" \/><\/a><\/figure>\n\n\n\n<figure class=\"wp-block-image size-large\"><a href=\"https:\/\/medicina.udd.cl\/nutricion-dietetica-santiago\/files\/2024\/10\/nut-jornada-cierre-re-pensando-ferias-libres-40-scaled.jpg\"><img loading=\"lazy\" decoding=\"async\" width=\"1024\" height=\"683\" data-id=\"9061\" src=\"https:\/\/medicina.udd.cl\/nutricion-dietetica-santiago\/files\/2024\/10\/nut-jornada-cierre-re-pensando-ferias-libres-40-1024x683.jpg\" alt=\"\" class=\"wp-image-9061\" srcset=\"https:\/\/medicina.udd.cl\/nutricion-dietetica-santiago\/files\/2024\/10\/nut-jornada-cierre-re-pensando-ferias-libres-40-1024x683.jpg 1024w, https:\/\/medicina.udd.cl\/nutricion-dietetica-santiago\/files\/2024\/10\/nut-jornada-cierre-re-pensando-ferias-libres-40-300x200.jpg 300w, https:\/\/medicina.udd.cl\/nutricion-dietetica-santiago\/files\/2024\/10\/nut-jornada-cierre-re-pensando-ferias-libres-40-768x512.jpg 768w, https:\/\/medicina.udd.cl\/nutricion-dietetica-santiago\/files\/2024\/10\/nut-jornada-cierre-re-pensando-ferias-libres-40-1536x1024.jpg 1536w, https:\/\/medicina.udd.cl\/nutricion-dietetica-santiago\/files\/2024\/10\/nut-jornada-cierre-re-pensando-ferias-libres-40-2048x1365.jpg 2048w\" sizes=\"auto, (max-width: 1024px) 100vw, 1024px\" \/><\/a><figcaption class=\"wp-element-caption\">Cristi\u00e1n Rodr\u00edguez \u2013 Minecon<\/figcaption><\/figure>\n\n\n\n<figure class=\"wp-block-image size-large\"><a href=\"https:\/\/medicina.udd.cl\/nutricion-dietetica-santiago\/files\/2024\/10\/nut-jornada-cierre-re-pensando-ferias-libres-46-scaled.jpg\"><img loading=\"lazy\" decoding=\"async\" width=\"1024\" height=\"683\" data-id=\"9062\" src=\"https:\/\/medicina.udd.cl\/nutricion-dietetica-santiago\/files\/2024\/10\/nut-jornada-cierre-re-pensando-ferias-libres-46-1024x683.jpg\" alt=\"\" class=\"wp-image-9062\" srcset=\"https:\/\/medicina.udd.cl\/nutricion-dietetica-santiago\/files\/2024\/10\/nut-jornada-cierre-re-pensando-ferias-libres-46-1024x683.jpg 1024w, https:\/\/medicina.udd.cl\/nutricion-dietetica-santiago\/files\/2024\/10\/nut-jornada-cierre-re-pensando-ferias-libres-46-300x200.jpg 300w, https:\/\/medicina.udd.cl\/nutricion-dietetica-santiago\/files\/2024\/10\/nut-jornada-cierre-re-pensando-ferias-libres-46-768x512.jpg 768w, https:\/\/medicina.udd.cl\/nutricion-dietetica-santiago\/files\/2024\/10\/nut-jornada-cierre-re-pensando-ferias-libres-46-1536x1024.jpg 1536w, https:\/\/medicina.udd.cl\/nutricion-dietetica-santiago\/files\/2024\/10\/nut-jornada-cierre-re-pensando-ferias-libres-46-2048x1365.jpg 2048w\" sizes=\"auto, (max-width: 1024px) 100vw, 1024px\" \/><\/a><\/figure>\n\n\n\n<figure class=\"wp-block-image size-large\"><a href=\"https:\/\/medicina.udd.cl\/nutricion-dietetica-santiago\/files\/2024\/10\/nut-jornada-cierre-re-pensando-ferias-libres-53-scaled.jpg\"><img loading=\"lazy\" decoding=\"async\" width=\"1024\" height=\"683\" data-id=\"9064\" src=\"https:\/\/medicina.udd.cl\/nutricion-dietetica-santiago\/files\/2024\/10\/nut-jornada-cierre-re-pensando-ferias-libres-53-1024x683.jpg\" alt=\"\" class=\"wp-image-9064\" srcset=\"https:\/\/medicina.udd.cl\/nutricion-dietetica-santiago\/files\/2024\/10\/nut-jornada-cierre-re-pensando-ferias-libres-53-1024x683.jpg 1024w, https:\/\/medicina.udd.cl\/nutricion-dietetica-santiago\/files\/2024\/10\/nut-jornada-cierre-re-pensando-ferias-libres-53-300x200.jpg 300w, https:\/\/medicina.udd.cl\/nutricion-dietetica-santiago\/files\/2024\/10\/nut-jornada-cierre-re-pensando-ferias-libres-53-768x512.jpg 768w, https:\/\/medicina.udd.cl\/nutricion-dietetica-santiago\/files\/2024\/10\/nut-jornada-cierre-re-pensando-ferias-libres-53-1536x1024.jpg 1536w, https:\/\/medicina.udd.cl\/nutricion-dietetica-santiago\/files\/2024\/10\/nut-jornada-cierre-re-pensando-ferias-libres-53-2048x1365.jpg 2048w\" sizes=\"auto, (max-width: 1024px) 100vw, 1024px\" \/><\/a><\/figure>\n\n\n\n<figure class=\"wp-block-image size-large\"><a href=\"https:\/\/medicina.udd.cl\/nutricion-dietetica-santiago\/files\/2024\/10\/nut-jornada-cierre-re-pensando-ferias-libres-54-scaled.jpg\"><img loading=\"lazy\" decoding=\"async\" width=\"1024\" height=\"683\" data-id=\"9065\" src=\"https:\/\/medicina.udd.cl\/nutricion-dietetica-santiago\/files\/2024\/10\/nut-jornada-cierre-re-pensando-ferias-libres-54-1024x683.jpg\" alt=\"\" class=\"wp-image-9065\" srcset=\"https:\/\/medicina.udd.cl\/nutricion-dietetica-santiago\/files\/2024\/10\/nut-jornada-cierre-re-pensando-ferias-libres-54-1024x683.jpg 1024w, https:\/\/medicina.udd.cl\/nutricion-dietetica-santiago\/files\/2024\/10\/nut-jornada-cierre-re-pensando-ferias-libres-54-300x200.jpg 300w, https:\/\/medicina.udd.cl\/nutricion-dietetica-santiago\/files\/2024\/10\/nut-jornada-cierre-re-pensando-ferias-libres-54-768x512.jpg 768w, https:\/\/medicina.udd.cl\/nutricion-dietetica-santiago\/files\/2024\/10\/nut-jornada-cierre-re-pensando-ferias-libres-54-1536x1024.jpg 1536w, https:\/\/medicina.udd.cl\/nutricion-dietetica-santiago\/files\/2024\/10\/nut-jornada-cierre-re-pensando-ferias-libres-54-2048x1365.jpg 2048w\" sizes=\"auto, (max-width: 1024px) 100vw, 1024px\" \/><\/a><\/figure>\n\n\n\n<figure class=\"wp-block-image size-large\"><a href=\"https:\/\/medicina.udd.cl\/nutricion-dietetica-santiago\/files\/2024\/10\/nut-jornada-cierre-re-pensando-ferias-libres-55-scaled.jpg\"><img loading=\"lazy\" decoding=\"async\" width=\"1024\" height=\"683\" data-id=\"9066\" src=\"https:\/\/medicina.udd.cl\/nutricion-dietetica-santiago\/files\/2024\/10\/nut-jornada-cierre-re-pensando-ferias-libres-55-1024x683.jpg\" alt=\"\" class=\"wp-image-9066\" srcset=\"https:\/\/medicina.udd.cl\/nutricion-dietetica-santiago\/files\/2024\/10\/nut-jornada-cierre-re-pensando-ferias-libres-55-1024x683.jpg 1024w, https:\/\/medicina.udd.cl\/nutricion-dietetica-santiago\/files\/2024\/10\/nut-jornada-cierre-re-pensando-ferias-libres-55-300x200.jpg 300w, https:\/\/medicina.udd.cl\/nutricion-dietetica-santiago\/files\/2024\/10\/nut-jornada-cierre-re-pensando-ferias-libres-55-768x512.jpg 768w, https:\/\/medicina.udd.cl\/nutricion-dietetica-santiago\/files\/2024\/10\/nut-jornada-cierre-re-pensando-ferias-libres-55-1536x1024.jpg 1536w, https:\/\/medicina.udd.cl\/nutricion-dietetica-santiago\/files\/2024\/10\/nut-jornada-cierre-re-pensando-ferias-libres-55-2048x1365.jpg 2048w\" sizes=\"auto, (max-width: 1024px) 100vw, 1024px\" \/><\/a><\/figure>\n\n\n\n<figure class=\"wp-block-image size-large\"><a href=\"https:\/\/medicina.udd.cl\/nutricion-dietetica-santiago\/files\/2024\/10\/nut-jornada-cierre-re-pensando-ferias-libres-56-scaled.jpg\"><img loading=\"lazy\" decoding=\"async\" width=\"1024\" height=\"683\" data-id=\"9067\" src=\"https:\/\/medicina.udd.cl\/nutricion-dietetica-santiago\/files\/2024\/10\/nut-jornada-cierre-re-pensando-ferias-libres-56-1024x683.jpg\" alt=\"\" class=\"wp-image-9067\" srcset=\"https:\/\/medicina.udd.cl\/nutricion-dietetica-santiago\/files\/2024\/10\/nut-jornada-cierre-re-pensando-ferias-libres-56-1024x683.jpg 1024w, https:\/\/medicina.udd.cl\/nutricion-dietetica-santiago\/files\/2024\/10\/nut-jornada-cierre-re-pensando-ferias-libres-56-300x200.jpg 300w, https:\/\/medicina.udd.cl\/nutricion-dietetica-santiago\/files\/2024\/10\/nut-jornada-cierre-re-pensando-ferias-libres-56-768x512.jpg 768w, https:\/\/medicina.udd.cl\/nutricion-dietetica-santiago\/files\/2024\/10\/nut-jornada-cierre-re-pensando-ferias-libres-56-1536x1024.jpg 1536w, https:\/\/medicina.udd.cl\/nutricion-dietetica-santiago\/files\/2024\/10\/nut-jornada-cierre-re-pensando-ferias-libres-56-2048x1365.jpg 2048w\" sizes=\"auto, (max-width: 1024px) 100vw, 1024px\" \/><\/a><\/figure>\n\n\n\n<figure class=\"wp-block-image size-large\"><a href=\"https:\/\/medicina.udd.cl\/nutricion-dietetica-santiago\/files\/2024\/10\/nut-jornada-cierre-re-pensando-ferias-libres-59-scaled.jpg\"><img loading=\"lazy\" decoding=\"async\" width=\"1024\" height=\"683\" data-id=\"9068\" src=\"https:\/\/medicina.udd.cl\/nutricion-dietetica-santiago\/files\/2024\/10\/nut-jornada-cierre-re-pensando-ferias-libres-59-1024x683.jpg\" alt=\"\" class=\"wp-image-9068\" srcset=\"https:\/\/medicina.udd.cl\/nutricion-dietetica-santiago\/files\/2024\/10\/nut-jornada-cierre-re-pensando-ferias-libres-59-1024x683.jpg 1024w, https:\/\/medicina.udd.cl\/nutricion-dietetica-santiago\/files\/2024\/10\/nut-jornada-cierre-re-pensando-ferias-libres-59-300x200.jpg 300w, https:\/\/medicina.udd.cl\/nutricion-dietetica-santiago\/files\/2024\/10\/nut-jornada-cierre-re-pensando-ferias-libres-59-768x512.jpg 768w, https:\/\/medicina.udd.cl\/nutricion-dietetica-santiago\/files\/2024\/10\/nut-jornada-cierre-re-pensando-ferias-libres-59-1536x1024.jpg 1536w, https:\/\/medicina.udd.cl\/nutricion-dietetica-santiago\/files\/2024\/10\/nut-jornada-cierre-re-pensando-ferias-libres-59-2048x1365.jpg 2048w\" sizes=\"auto, (max-width: 1024px) 100vw, 1024px\" \/><\/a><\/figure>\n\n\n\n<figure class=\"wp-block-image size-large\"><a href=\"https:\/\/medicina.udd.cl\/nutricion-dietetica-santiago\/files\/2024\/10\/nut-jornada-cierre-re-pensando-ferias-libres-69-scaled.jpg\"><img loading=\"lazy\" decoding=\"async\" width=\"1024\" height=\"683\" data-id=\"9069\" src=\"https:\/\/medicina.udd.cl\/nutricion-dietetica-santiago\/files\/2024\/10\/nut-jornada-cierre-re-pensando-ferias-libres-69-1024x683.jpg\" alt=\"\" class=\"wp-image-9069\" srcset=\"https:\/\/medicina.udd.cl\/nutricion-dietetica-santiago\/files\/2024\/10\/nut-jornada-cierre-re-pensando-ferias-libres-69-1024x683.jpg 1024w, https:\/\/medicina.udd.cl\/nutricion-dietetica-santiago\/files\/2024\/10\/nut-jornada-cierre-re-pensando-ferias-libres-69-300x200.jpg 300w, https:\/\/medicina.udd.cl\/nutricion-dietetica-santiago\/files\/2024\/10\/nut-jornada-cierre-re-pensando-ferias-libres-69-768x512.jpg 768w, https:\/\/medicina.udd.cl\/nutricion-dietetica-santiago\/files\/2024\/10\/nut-jornada-cierre-re-pensando-ferias-libres-69-1536x1024.jpg 1536w, https:\/\/medicina.udd.cl\/nutricion-dietetica-santiago\/files\/2024\/10\/nut-jornada-cierre-re-pensando-ferias-libres-69-2048x1365.jpg 2048w\" sizes=\"auto, (max-width: 1024px) 100vw, 1024px\" \/><\/a><\/figure>\n\n\n\n<figure class=\"wp-block-image size-large\"><a href=\"https:\/\/medicina.udd.cl\/nutricion-dietetica-santiago\/files\/2024\/10\/nut-jornada-cierre-re-pensando-ferias-libres-74-scaled.jpg\"><img loading=\"lazy\" decoding=\"async\" width=\"1024\" height=\"683\" data-id=\"9070\" src=\"https:\/\/medicina.udd.cl\/nutricion-dietetica-santiago\/files\/2024\/10\/nut-jornada-cierre-re-pensando-ferias-libres-74-1024x683.jpg\" alt=\"\" class=\"wp-image-9070\" srcset=\"https:\/\/medicina.udd.cl\/nutricion-dietetica-santiago\/files\/2024\/10\/nut-jornada-cierre-re-pensando-ferias-libres-74-1024x683.jpg 1024w, https:\/\/medicina.udd.cl\/nutricion-dietetica-santiago\/files\/2024\/10\/nut-jornada-cierre-re-pensando-ferias-libres-74-300x200.jpg 300w, https:\/\/medicina.udd.cl\/nutricion-dietetica-santiago\/files\/2024\/10\/nut-jornada-cierre-re-pensando-ferias-libres-74-768x512.jpg 768w, https:\/\/medicina.udd.cl\/nutricion-dietetica-santiago\/files\/2024\/10\/nut-jornada-cierre-re-pensando-ferias-libres-74-1536x1024.jpg 1536w, https:\/\/medicina.udd.cl\/nutricion-dietetica-santiago\/files\/2024\/10\/nut-jornada-cierre-re-pensando-ferias-libres-74-2048x1365.jpg 2048w\" sizes=\"auto, (max-width: 1024px) 100vw, 1024px\" \/><\/a><\/figure>\n\n\n\n<figure class=\"wp-block-image size-large\"><a href=\"https:\/\/medicina.udd.cl\/nutricion-dietetica-santiago\/files\/2024\/10\/nut-jornada-cierre-re-pensando-ferias-libres-80-scaled.jpg\"><img loading=\"lazy\" decoding=\"async\" width=\"1024\" height=\"683\" data-id=\"9072\" src=\"https:\/\/medicina.udd.cl\/nutricion-dietetica-santiago\/files\/2024\/10\/nut-jornada-cierre-re-pensando-ferias-libres-80-1024x683.jpg\" alt=\"\" class=\"wp-image-9072\" srcset=\"https:\/\/medicina.udd.cl\/nutricion-dietetica-santiago\/files\/2024\/10\/nut-jornada-cierre-re-pensando-ferias-libres-80-1024x683.jpg 1024w, https:\/\/medicina.udd.cl\/nutricion-dietetica-santiago\/files\/2024\/10\/nut-jornada-cierre-re-pensando-ferias-libres-80-300x200.jpg 300w, https:\/\/medicina.udd.cl\/nutricion-dietetica-santiago\/files\/2024\/10\/nut-jornada-cierre-re-pensando-ferias-libres-80-768x512.jpg 768w, https:\/\/medicina.udd.cl\/nutricion-dietetica-santiago\/files\/2024\/10\/nut-jornada-cierre-re-pensando-ferias-libres-80-1536x1024.jpg 1536w, https:\/\/medicina.udd.cl\/nutricion-dietetica-santiago\/files\/2024\/10\/nut-jornada-cierre-re-pensando-ferias-libres-80-2048x1365.jpg 2048w\" sizes=\"auto, (max-width: 1024px) 100vw, 1024px\" \/><\/a><\/figure>\n\n\n\n<figure class=\"wp-block-image size-large\"><a href=\"https:\/\/medicina.udd.cl\/nutricion-dietetica-santiago\/files\/2024\/10\/nut-jornada-cierre-re-pensando-ferias-libres-75-scaled.jpg\"><img loading=\"lazy\" decoding=\"async\" width=\"1024\" height=\"683\" data-id=\"9071\" src=\"https:\/\/medicina.udd.cl\/nutricion-dietetica-santiago\/files\/2024\/10\/nut-jornada-cierre-re-pensando-ferias-libres-75-1024x683.jpg\" alt=\"\" class=\"wp-image-9071\" srcset=\"https:\/\/medicina.udd.cl\/nutricion-dietetica-santiago\/files\/2024\/10\/nut-jornada-cierre-re-pensando-ferias-libres-75-1024x683.jpg 1024w, https:\/\/medicina.udd.cl\/nutricion-dietetica-santiago\/files\/2024\/10\/nut-jornada-cierre-re-pensando-ferias-libres-75-300x200.jpg 300w, https:\/\/medicina.udd.cl\/nutricion-dietetica-santiago\/files\/2024\/10\/nut-jornada-cierre-re-pensando-ferias-libres-75-768x512.jpg 768w, https:\/\/medicina.udd.cl\/nutricion-dietetica-santiago\/files\/2024\/10\/nut-jornada-cierre-re-pensando-ferias-libres-75-1536x1024.jpg 1536w, https:\/\/medicina.udd.cl\/nutricion-dietetica-santiago\/files\/2024\/10\/nut-jornada-cierre-re-pensando-ferias-libres-75-2048x1365.jpg 2048w\" sizes=\"auto, (max-width: 1024px) 100vw, 1024px\" \/><\/a><\/figure>\n\n\n\n<figure class=\"wp-block-image size-large\"><a href=\"https:\/\/medicina.udd.cl\/nutricion-dietetica-santiago\/files\/2024\/10\/nut-jornada-cierre-re-pensando-ferias-libres-83-scaled.jpg\"><img loading=\"lazy\" decoding=\"async\" width=\"1024\" height=\"683\" data-id=\"9073\" src=\"https:\/\/medicina.udd.cl\/nutricion-dietetica-santiago\/files\/2024\/10\/nut-jornada-cierre-re-pensando-ferias-libres-83-1024x683.jpg\" alt=\"\" class=\"wp-image-9073\" srcset=\"https:\/\/medicina.udd.cl\/nutricion-dietetica-santiago\/files\/2024\/10\/nut-jornada-cierre-re-pensando-ferias-libres-83-1024x683.jpg 1024w, https:\/\/medicina.udd.cl\/nutricion-dietetica-santiago\/files\/2024\/10\/nut-jornada-cierre-re-pensando-ferias-libres-83-300x200.jpg 300w, https:\/\/medicina.udd.cl\/nutricion-dietetica-santiago\/files\/2024\/10\/nut-jornada-cierre-re-pensando-ferias-libres-83-768x512.jpg 768w, https:\/\/medicina.udd.cl\/nutricion-dietetica-santiago\/files\/2024\/10\/nut-jornada-cierre-re-pensando-ferias-libres-83-1536x1024.jpg 1536w, https:\/\/medicina.udd.cl\/nutricion-dietetica-santiago\/files\/2024\/10\/nut-jornada-cierre-re-pensando-ferias-libres-83-2048x1365.jpg 2048w\" sizes=\"auto, (max-width: 1024px) 100vw, 1024px\" \/><\/a><\/figure>\n\n\n\n<figure class=\"wp-block-image size-large\"><a href=\"https:\/\/medicina.udd.cl\/nutricion-dietetica-santiago\/files\/2024\/10\/nut-jornada-cierre-re-pensando-ferias-libres-88-scaled.jpg\"><img loading=\"lazy\" decoding=\"async\" width=\"1024\" height=\"683\" data-id=\"9074\" src=\"https:\/\/medicina.udd.cl\/nutricion-dietetica-santiago\/files\/2024\/10\/nut-jornada-cierre-re-pensando-ferias-libres-88-1024x683.jpg\" alt=\"\" class=\"wp-image-9074\" srcset=\"https:\/\/medicina.udd.cl\/nutricion-dietetica-santiago\/files\/2024\/10\/nut-jornada-cierre-re-pensando-ferias-libres-88-1024x683.jpg 1024w, https:\/\/medicina.udd.cl\/nutricion-dietetica-santiago\/files\/2024\/10\/nut-jornada-cierre-re-pensando-ferias-libres-88-300x200.jpg 300w, https:\/\/medicina.udd.cl\/nutricion-dietetica-santiago\/files\/2024\/10\/nut-jornada-cierre-re-pensando-ferias-libres-88-768x512.jpg 768w, https:\/\/medicina.udd.cl\/nutricion-dietetica-santiago\/files\/2024\/10\/nut-jornada-cierre-re-pensando-ferias-libres-88-1536x1024.jpg 1536w, https:\/\/medicina.udd.cl\/nutricion-dietetica-santiago\/files\/2024\/10\/nut-jornada-cierre-re-pensando-ferias-libres-88-2048x1365.jpg 2048w\" sizes=\"auto, (max-width: 1024px) 100vw, 1024px\" \/><\/a><\/figure>\n\n\n\n<figure class=\"wp-block-image size-large\"><a href=\"https:\/\/medicina.udd.cl\/nutricion-dietetica-santiago\/files\/2024\/10\/nut-jornada-cierre-re-pensando-ferias-libres-91-scaled.jpg\"><img loading=\"lazy\" decoding=\"async\" width=\"1024\" height=\"683\" data-id=\"9075\" src=\"https:\/\/medicina.udd.cl\/nutricion-dietetica-santiago\/files\/2024\/10\/nut-jornada-cierre-re-pensando-ferias-libres-91-1024x683.jpg\" alt=\"\" class=\"wp-image-9075\" srcset=\"https:\/\/medicina.udd.cl\/nutricion-dietetica-santiago\/files\/2024\/10\/nut-jornada-cierre-re-pensando-ferias-libres-91-1024x683.jpg 1024w, https:\/\/medicina.udd.cl\/nutricion-dietetica-santiago\/files\/2024\/10\/nut-jornada-cierre-re-pensando-ferias-libres-91-300x200.jpg 300w, https:\/\/medicina.udd.cl\/nutricion-dietetica-santiago\/files\/2024\/10\/nut-jornada-cierre-re-pensando-ferias-libres-91-768x512.jpg 768w, https:\/\/medicina.udd.cl\/nutricion-dietetica-santiago\/files\/2024\/10\/nut-jornada-cierre-re-pensando-ferias-libres-91-1536x1024.jpg 1536w, https:\/\/medicina.udd.cl\/nutricion-dietetica-santiago\/files\/2024\/10\/nut-jornada-cierre-re-pensando-ferias-libres-91-2048x1365.jpg 2048w\" sizes=\"auto, (max-width: 1024px) 100vw, 1024px\" \/><\/a><\/figure>\n\n\n\n<figure class=\"wp-block-image size-large\"><a href=\"https:\/\/medicina.udd.cl\/nutricion-dietetica-santiago\/files\/2024\/10\/nut-jornada-cierre-re-pensando-ferias-libres-96-scaled.jpg\"><img loading=\"lazy\" decoding=\"async\" width=\"1024\" height=\"683\" data-id=\"9076\" src=\"https:\/\/medicina.udd.cl\/nutricion-dietetica-santiago\/files\/2024\/10\/nut-jornada-cierre-re-pensando-ferias-libres-96-1024x683.jpg\" alt=\"\" class=\"wp-image-9076\" srcset=\"https:\/\/medicina.udd.cl\/nutricion-dietetica-santiago\/files\/2024\/10\/nut-jornada-cierre-re-pensando-ferias-libres-96-1024x683.jpg 1024w, https:\/\/medicina.udd.cl\/nutricion-dietetica-santiago\/files\/2024\/10\/nut-jornada-cierre-re-pensando-ferias-libres-96-300x200.jpg 300w, https:\/\/medicina.udd.cl\/nutricion-dietetica-santiago\/files\/2024\/10\/nut-jornada-cierre-re-pensando-ferias-libres-96-768x512.jpg 768w, https:\/\/medicina.udd.cl\/nutricion-dietetica-santiago\/files\/2024\/10\/nut-jornada-cierre-re-pensando-ferias-libres-96-1536x1024.jpg 1536w, https:\/\/medicina.udd.cl\/nutricion-dietetica-santiago\/files\/2024\/10\/nut-jornada-cierre-re-pensando-ferias-libres-96-2048x1365.jpg 2048w\" sizes=\"auto, (max-width: 1024px) 100vw, 1024px\" \/><\/a><\/figure>\n\n\n\n<figure class=\"wp-block-image size-large\"><a href=\"https:\/\/medicina.udd.cl\/nutricion-dietetica-santiago\/files\/2024\/10\/nut-jornada-cierre-re-pensando-ferias-libres-103-scaled.jpg\"><img loading=\"lazy\" decoding=\"async\" width=\"1024\" height=\"683\" data-id=\"9077\" src=\"https:\/\/medicina.udd.cl\/nutricion-dietetica-santiago\/files\/2024\/10\/nut-jornada-cierre-re-pensando-ferias-libres-103-1024x683.jpg\" alt=\"\" class=\"wp-image-9077\" srcset=\"https:\/\/medicina.udd.cl\/nutricion-dietetica-santiago\/files\/2024\/10\/nut-jornada-cierre-re-pensando-ferias-libres-103-1024x683.jpg 1024w, https:\/\/medicina.udd.cl\/nutricion-dietetica-santiago\/files\/2024\/10\/nut-jornada-cierre-re-pensando-ferias-libres-103-300x200.jpg 300w, https:\/\/medicina.udd.cl\/nutricion-dietetica-santiago\/files\/2024\/10\/nut-jornada-cierre-re-pensando-ferias-libres-103-768x512.jpg 768w, https:\/\/medicina.udd.cl\/nutricion-dietetica-santiago\/files\/2024\/10\/nut-jornada-cierre-re-pensando-ferias-libres-103-1536x1024.jpg 1536w, https:\/\/medicina.udd.cl\/nutricion-dietetica-santiago\/files\/2024\/10\/nut-jornada-cierre-re-pensando-ferias-libres-103-2048x1365.jpg 2048w\" sizes=\"auto, (max-width: 1024px) 100vw, 1024px\" \/><\/a><\/figure>\n\n\n\n<figure class=\"wp-block-image size-large\"><a href=\"https:\/\/medicina.udd.cl\/nutricion-dietetica-santiago\/files\/2024\/10\/nut-jornada-cierre-re-pensando-ferias-libres-106-scaled.jpg\"><img loading=\"lazy\" decoding=\"async\" width=\"1024\" height=\"751\" data-id=\"9078\" src=\"https:\/\/medicina.udd.cl\/nutricion-dietetica-santiago\/files\/2024\/10\/nut-jornada-cierre-re-pensando-ferias-libres-106-1024x751.jpg\" alt=\"\" class=\"wp-image-9078\" srcset=\"https:\/\/medicina.udd.cl\/nutricion-dietetica-santiago\/files\/2024\/10\/nut-jornada-cierre-re-pensando-ferias-libres-106-1024x751.jpg 1024w, https:\/\/medicina.udd.cl\/nutricion-dietetica-santiago\/files\/2024\/10\/nut-jornada-cierre-re-pensando-ferias-libres-106-300x220.jpg 300w, https:\/\/medicina.udd.cl\/nutricion-dietetica-santiago\/files\/2024\/10\/nut-jornada-cierre-re-pensando-ferias-libres-106-768x563.jpg 768w, https:\/\/medicina.udd.cl\/nutricion-dietetica-santiago\/files\/2024\/10\/nut-jornada-cierre-re-pensando-ferias-libres-106-1536x1126.jpg 1536w, https:\/\/medicina.udd.cl\/nutricion-dietetica-santiago\/files\/2024\/10\/nut-jornada-cierre-re-pensando-ferias-libres-106-2048x1501.jpg 2048w\" sizes=\"auto, (max-width: 1024px) 100vw, 1024px\" \/><\/a><\/figure>\n\n\n\n<figure class=\"wp-block-image size-large\"><a href=\"https:\/\/medicina.udd.cl\/nutricion-dietetica-santiago\/files\/2024\/10\/nut-jornada-cierre-re-pensando-ferias-libres-110-scaled.jpg\"><img loading=\"lazy\" decoding=\"async\" width=\"1024\" height=\"683\" data-id=\"9079\" src=\"https:\/\/medicina.udd.cl\/nutricion-dietetica-santiago\/files\/2024\/10\/nut-jornada-cierre-re-pensando-ferias-libres-110-1024x683.jpg\" alt=\"\" class=\"wp-image-9079\" srcset=\"https:\/\/medicina.udd.cl\/nutricion-dietetica-santiago\/files\/2024\/10\/nut-jornada-cierre-re-pensando-ferias-libres-110-1024x683.jpg 1024w, https:\/\/medicina.udd.cl\/nutricion-dietetica-santiago\/files\/2024\/10\/nut-jornada-cierre-re-pensando-ferias-libres-110-300x200.jpg 300w, https:\/\/medicina.udd.cl\/nutricion-dietetica-santiago\/files\/2024\/10\/nut-jornada-cierre-re-pensando-ferias-libres-110-768x512.jpg 768w, https:\/\/medicina.udd.cl\/nutricion-dietetica-santiago\/files\/2024\/10\/nut-jornada-cierre-re-pensando-ferias-libres-110-1536x1024.jpg 1536w, https:\/\/medicina.udd.cl\/nutricion-dietetica-santiago\/files\/2024\/10\/nut-jornada-cierre-re-pensando-ferias-libres-110-2048x1365.jpg 2048w\" sizes=\"auto, (max-width: 1024px) 100vw, 1024px\" \/><\/a><\/figure>\n\n\n\n<figure class=\"wp-block-image size-large\"><a href=\"https:\/\/medicina.udd.cl\/nutricion-dietetica-santiago\/files\/2024\/10\/nut-jornada-cierre-re-pensando-ferias-libres-113-scaled.jpg\"><img loading=\"lazy\" decoding=\"async\" width=\"1024\" height=\"683\" data-id=\"9080\" src=\"https:\/\/medicina.udd.cl\/nutricion-dietetica-santiago\/files\/2024\/10\/nut-jornada-cierre-re-pensando-ferias-libres-113-1024x683.jpg\" alt=\"\" class=\"wp-image-9080\" srcset=\"https:\/\/medicina.udd.cl\/nutricion-dietetica-santiago\/files\/2024\/10\/nut-jornada-cierre-re-pensando-ferias-libres-113-1024x683.jpg 1024w, https:\/\/medicina.udd.cl\/nutricion-dietetica-santiago\/files\/2024\/10\/nut-jornada-cierre-re-pensando-ferias-libres-113-300x200.jpg 300w, https:\/\/medicina.udd.cl\/nutricion-dietetica-santiago\/files\/2024\/10\/nut-jornada-cierre-re-pensando-ferias-libres-113-768x512.jpg 768w, https:\/\/medicina.udd.cl\/nutricion-dietetica-santiago\/files\/2024\/10\/nut-jornada-cierre-re-pensando-ferias-libres-113-1536x1024.jpg 1536w, https:\/\/medicina.udd.cl\/nutricion-dietetica-santiago\/files\/2024\/10\/nut-jornada-cierre-re-pensando-ferias-libres-113-2048x1365.jpg 2048w\" sizes=\"auto, (max-width: 1024px) 100vw, 1024px\" \/><\/a><\/figure>\n\n\n\n<figure class=\"wp-block-image size-large\"><a href=\"https:\/\/medicina.udd.cl\/nutricion-dietetica-santiago\/files\/2024\/10\/nut-jornada-cierre-re-pensando-ferias-libres-116-scaled.jpg\"><img loading=\"lazy\" decoding=\"async\" width=\"1024\" height=\"683\" data-id=\"9081\" src=\"https:\/\/medicina.udd.cl\/nutricion-dietetica-santiago\/files\/2024\/10\/nut-jornada-cierre-re-pensando-ferias-libres-116-1024x683.jpg\" alt=\"\" class=\"wp-image-9081\" srcset=\"https:\/\/medicina.udd.cl\/nutricion-dietetica-santiago\/files\/2024\/10\/nut-jornada-cierre-re-pensando-ferias-libres-116-1024x683.jpg 1024w, https:\/\/medicina.udd.cl\/nutricion-dietetica-santiago\/files\/2024\/10\/nut-jornada-cierre-re-pensando-ferias-libres-116-300x200.jpg 300w, https:\/\/medicina.udd.cl\/nutricion-dietetica-santiago\/files\/2024\/10\/nut-jornada-cierre-re-pensando-ferias-libres-116-768x512.jpg 768w, https:\/\/medicina.udd.cl\/nutricion-dietetica-santiago\/files\/2024\/10\/nut-jornada-cierre-re-pensando-ferias-libres-116-1536x1024.jpg 1536w, https:\/\/medicina.udd.cl\/nutricion-dietetica-santiago\/files\/2024\/10\/nut-jornada-cierre-re-pensando-ferias-libres-116-2048x1365.jpg 2048w\" sizes=\"auto, (max-width: 1024px) 100vw, 1024px\" \/><\/a><\/figure>\n\n\n\n<figure class=\"wp-block-image size-large\"><a href=\"https:\/\/medicina.udd.cl\/nutricion-dietetica-santiago\/files\/2024\/10\/nut-jornada-cierre-re-pensando-ferias-libres-122-scaled.jpg\"><img loading=\"lazy\" decoding=\"async\" width=\"1024\" height=\"683\" data-id=\"9082\" src=\"https:\/\/medicina.udd.cl\/nutricion-dietetica-santiago\/files\/2024\/10\/nut-jornada-cierre-re-pensando-ferias-libres-122-1024x683.jpg\" alt=\"\" class=\"wp-image-9082\" srcset=\"https:\/\/medicina.udd.cl\/nutricion-dietetica-santiago\/files\/2024\/10\/nut-jornada-cierre-re-pensando-ferias-libres-122-1024x683.jpg 1024w, https:\/\/medicina.udd.cl\/nutricion-dietetica-santiago\/files\/2024\/10\/nut-jornada-cierre-re-pensando-ferias-libres-122-300x200.jpg 300w, https:\/\/medicina.udd.cl\/nutricion-dietetica-santiago\/files\/2024\/10\/nut-jornada-cierre-re-pensando-ferias-libres-122-768x512.jpg 768w, https:\/\/medicina.udd.cl\/nutricion-dietetica-santiago\/files\/2024\/10\/nut-jornada-cierre-re-pensando-ferias-libres-122-1536x1024.jpg 1536w, https:\/\/medicina.udd.cl\/nutricion-dietetica-santiago\/files\/2024\/10\/nut-jornada-cierre-re-pensando-ferias-libres-122-2048x1365.jpg 2048w\" sizes=\"auto, (max-width: 1024px) 100vw, 1024px\" \/><\/a><\/figure>\n\n\n\n<figure class=\"wp-block-image size-large\"><a href=\"https:\/\/medicina.udd.cl\/nutricion-dietetica-santiago\/files\/2024\/10\/nut-jornada-cierre-re-pensando-ferias-libres-123-scaled.jpg\"><img loading=\"lazy\" decoding=\"async\" width=\"1024\" height=\"683\" data-id=\"9083\" src=\"https:\/\/medicina.udd.cl\/nutricion-dietetica-santiago\/files\/2024\/10\/nut-jornada-cierre-re-pensando-ferias-libres-123-1024x683.jpg\" alt=\"\" class=\"wp-image-9083\" srcset=\"https:\/\/medicina.udd.cl\/nutricion-dietetica-santiago\/files\/2024\/10\/nut-jornada-cierre-re-pensando-ferias-libres-123-1024x683.jpg 1024w, https:\/\/medicina.udd.cl\/nutricion-dietetica-santiago\/files\/2024\/10\/nut-jornada-cierre-re-pensando-ferias-libres-123-300x200.jpg 300w, https:\/\/medicina.udd.cl\/nutricion-dietetica-santiago\/files\/2024\/10\/nut-jornada-cierre-re-pensando-ferias-libres-123-768x512.jpg 768w, https:\/\/medicina.udd.cl\/nutricion-dietetica-santiago\/files\/2024\/10\/nut-jornada-cierre-re-pensando-ferias-libres-123-1536x1024.jpg 1536w, https:\/\/medicina.udd.cl\/nutricion-dietetica-santiago\/files\/2024\/10\/nut-jornada-cierre-re-pensando-ferias-libres-123-2048x1365.jpg 2048w\" sizes=\"auto, (max-width: 1024px) 100vw, 1024px\" \/><\/a><\/figure>\n\n\n\n<figure class=\"wp-block-image size-large\"><a href=\"https:\/\/medicina.udd.cl\/nutricion-dietetica-santiago\/files\/2024\/10\/nut-jornada-cierre-re-pensando-ferias-libres-127-scaled.jpg\"><img loading=\"lazy\" decoding=\"async\" width=\"1024\" height=\"683\" data-id=\"9084\" src=\"https:\/\/medicina.udd.cl\/nutricion-dietetica-santiago\/files\/2024\/10\/nut-jornada-cierre-re-pensando-ferias-libres-127-1024x683.jpg\" alt=\"\" class=\"wp-image-9084\" srcset=\"https:\/\/medicina.udd.cl\/nutricion-dietetica-santiago\/files\/2024\/10\/nut-jornada-cierre-re-pensando-ferias-libres-127-1024x683.jpg 1024w, https:\/\/medicina.udd.cl\/nutricion-dietetica-santiago\/files\/2024\/10\/nut-jornada-cierre-re-pensando-ferias-libres-127-300x200.jpg 300w, https:\/\/medicina.udd.cl\/nutricion-dietetica-santiago\/files\/2024\/10\/nut-jornada-cierre-re-pensando-ferias-libres-127-768x512.jpg 768w, https:\/\/medicina.udd.cl\/nutricion-dietetica-santiago\/files\/2024\/10\/nut-jornada-cierre-re-pensando-ferias-libres-127-1536x1024.jpg 1536w, https:\/\/medicina.udd.cl\/nutricion-dietetica-santiago\/files\/2024\/10\/nut-jornada-cierre-re-pensando-ferias-libres-127-2048x1365.jpg 2048w\" sizes=\"auto, (max-width: 1024px) 100vw, 1024px\" \/><\/a><\/figure>\n\n\n\n<figure class=\"wp-block-image size-large\"><a href=\"https:\/\/medicina.udd.cl\/nutricion-dietetica-santiago\/files\/2024\/10\/nut-jornada-cierre-re-pensando-ferias-libres-143-scaled.jpg\"><img loading=\"lazy\" decoding=\"async\" width=\"1024\" height=\"683\" data-id=\"9085\" src=\"https:\/\/medicina.udd.cl\/nutricion-dietetica-santiago\/files\/2024\/10\/nut-jornada-cierre-re-pensando-ferias-libres-143-1024x683.jpg\" alt=\"\" class=\"wp-image-9085\" srcset=\"https:\/\/medicina.udd.cl\/nutricion-dietetica-santiago\/files\/2024\/10\/nut-jornada-cierre-re-pensando-ferias-libres-143-1024x683.jpg 1024w, https:\/\/medicina.udd.cl\/nutricion-dietetica-santiago\/files\/2024\/10\/nut-jornada-cierre-re-pensando-ferias-libres-143-300x200.jpg 300w, https:\/\/medicina.udd.cl\/nutricion-dietetica-santiago\/files\/2024\/10\/nut-jornada-cierre-re-pensando-ferias-libres-143-768x512.jpg 768w, https:\/\/medicina.udd.cl\/nutricion-dietetica-santiago\/files\/2024\/10\/nut-jornada-cierre-re-pensando-ferias-libres-143-1536x1024.jpg 1536w, https:\/\/medicina.udd.cl\/nutricion-dietetica-santiago\/files\/2024\/10\/nut-jornada-cierre-re-pensando-ferias-libres-143-2048x1365.jpg 2048w\" sizes=\"auto, (max-width: 1024px) 100vw, 1024px\" \/><\/a><\/figure>\n\n\n\n<figure class=\"wp-block-image size-large\"><a href=\"https:\/\/medicina.udd.cl\/nutricion-dietetica-santiago\/files\/2024\/10\/nut-jornada-cierre-re-pensando-ferias-libres-147-scaled.jpg\"><img loading=\"lazy\" decoding=\"async\" width=\"1024\" height=\"683\" data-id=\"9086\" src=\"https:\/\/medicina.udd.cl\/nutricion-dietetica-santiago\/files\/2024\/10\/nut-jornada-cierre-re-pensando-ferias-libres-147-1024x683.jpg\" alt=\"\" class=\"wp-image-9086\" srcset=\"https:\/\/medicina.udd.cl\/nutricion-dietetica-santiago\/files\/2024\/10\/nut-jornada-cierre-re-pensando-ferias-libres-147-1024x683.jpg 1024w, https:\/\/medicina.udd.cl\/nutricion-dietetica-santiago\/files\/2024\/10\/nut-jornada-cierre-re-pensando-ferias-libres-147-300x200.jpg 300w, https:\/\/medicina.udd.cl\/nutricion-dietetica-santiago\/files\/2024\/10\/nut-jornada-cierre-re-pensando-ferias-libres-147-768x512.jpg 768w, https:\/\/medicina.udd.cl\/nutricion-dietetica-santiago\/files\/2024\/10\/nut-jornada-cierre-re-pensando-ferias-libres-147-1536x1024.jpg 1536w, https:\/\/medicina.udd.cl\/nutricion-dietetica-santiago\/files\/2024\/10\/nut-jornada-cierre-re-pensando-ferias-libres-147-2048x1365.jpg 2048w\" sizes=\"auto, (max-width: 1024px) 100vw, 1024px\" \/><\/a><figcaption class=\"wp-element-caption\">Representaci\u00f3n Universidad del Desarrollo<\/figcaption><\/figure>\n<\/figure>\n","protected":false},"excerpt":{"rendered":"<p>El mi\u00e9rcoles 2 de octubre se realiz\u00f3 el cierre del programa piloto \u201cRe-Pensando las Ferias Libres\u201d, una iniciativa impulsada por la carrera de Nutrici\u00f3n y Diet\u00e9tica de la Universidad del Desarrollo (UDD), en colaboraci\u00f3n con la carrera de Arquitectura UDD, el Centro de Epidemiolog\u00eda y Pol\u00edticas de Salud (CEPS) UDD, y con el apoyo t\u00e9cnico [&hellip;]<\/p>\n","protected":false},"author":9192219,"featured_media":9082,"comment_status":"closed","ping_status":"open","sticky":false,"template":"","format":"standard","meta":{"footnotes":""},"categories":[4],"tags":[],"class_list":["post-9052","post","type-post","status-publish","format-standard","has-post-thumbnail","hentry","category-noticias"],"yoast_head":"<!-- This site is optimized with the Yoast SEO plugin v26.9 - https:\/\/yoast.com\/product\/yoast-seo-wordpress\/ -->\n<title>Culmin\u00f3 con \u00e9xito programa piloto \u201cRe-Pensando las Ferias Libres\u201d que impulsar\u00e1 la modernizaci\u00f3n y gesti\u00f3n eficiente de estos espacios comunitarios - Nutrici\u00f3n y Diet\u00e9tica<\/title>\n<meta name=\"robots\" content=\"index, follow, max-snippet:-1, max-image-preview:large, max-video-preview:-1\" \/>\n<link rel=\"canonical\" href=\"https:\/\/medicina.udd.cl\/nutricion-dietetica-santiago\/noticias\/2024\/10\/04\/culmino-con-exito-programa-piloto-repensando-las-ferias-libres-que-impulsara-la-modernizacion-y-gestion-eficiente-de-estos-espacios-comunitarios\/\" \/>\n<meta property=\"og:locale\" content=\"es_ES\" \/>\n<meta property=\"og:type\" content=\"article\" \/>\n<meta property=\"og:title\" content=\"Culmin\u00f3 con \u00e9xito programa piloto \u201cRe-Pensando las Ferias Libres\u201d que impulsar\u00e1 la modernizaci\u00f3n y gesti\u00f3n eficiente de estos espacios comunitarios - Nutrici\u00f3n y Diet\u00e9tica\" \/>\n<meta property=\"og:description\" content=\"El mi\u00e9rcoles 2 de octubre se realiz\u00f3 el cierre del programa piloto \u201cRe-Pensando las Ferias Libres\u201d, una iniciativa impulsada por la carrera de Nutrici\u00f3n y Diet\u00e9tica de la Universidad del Desarrollo (UDD), en colaboraci\u00f3n con la carrera de Arquitectura UDD, el Centro de Epidemiolog\u00eda y Pol\u00edticas de Salud (CEPS) UDD, y con el apoyo t\u00e9cnico [&hellip;]\" \/>\n<meta property=\"og:url\" content=\"https:\/\/medicina.udd.cl\/nutricion-dietetica-santiago\/noticias\/2024\/10\/04\/culmino-con-exito-programa-piloto-repensando-las-ferias-libres-que-impulsara-la-modernizacion-y-gestion-eficiente-de-estos-espacios-comunitarios\/\" \/>\n<meta property=\"og:site_name\" content=\"Nutrici\u00f3n y Diet\u00e9tica\" \/>\n<meta property=\"article:published_time\" content=\"2024-10-04T13:35:33+00:00\" \/>\n<meta property=\"article:modified_time\" content=\"2024-10-04T13:59:28+00:00\" \/>\n<meta property=\"og:image\" content=\"https:\/\/medicina.udd.cl\/nutricion-dietetica-santiago\/files\/2024\/10\/nut-jornada-cierre-re-pensando-ferias-libres-122-scaled.jpg\" \/>\n\t<meta property=\"og:image:width\" content=\"2560\" \/>\n\t<meta property=\"og:image:height\" content=\"1707\" \/>\n\t<meta property=\"og:image:type\" content=\"image\/jpeg\" \/>\n<meta name=\"author\" content=\"rbraidy\" \/>\n<meta name=\"twitter:label1\" content=\"Escrito por\" \/>\n\t<meta name=\"twitter:data1\" content=\"rbraidy\" \/>\n\t<meta name=\"twitter:label2\" content=\"Tiempo de lectura\" \/>\n\t<meta name=\"twitter:data2\" content=\"10 minutos\" \/>\n<script type=\"application\/ld+json\" class=\"yoast-schema-graph\">{\"@context\":\"https:\/\/schema.org\",\"@graph\":[{\"@type\":\"Article\",\"@id\":\"https:\/\/medicina.udd.cl\/nutricion-dietetica-santiago\/noticias\/2024\/10\/04\/culmino-con-exito-programa-piloto-repensando-las-ferias-libres-que-impulsara-la-modernizacion-y-gestion-eficiente-de-estos-espacios-comunitarios\/#article\",\"isPartOf\":{\"@id\":\"https:\/\/medicina.udd.cl\/nutricion-dietetica-santiago\/noticias\/2024\/10\/04\/culmino-con-exito-programa-piloto-repensando-las-ferias-libres-que-impulsara-la-modernizacion-y-gestion-eficiente-de-estos-espacios-comunitarios\/\"},\"author\":{\"name\":\"rbraidy\",\"@id\":\"https:\/\/medicina.udd.cl\/nutricion-dietetica-santiago\/#\/schema\/person\/dbc3705bf3a93e8be1ba6de0ef950341\"},\"headline\":\"Culmin\u00f3 con \u00e9xito programa piloto \u201cRe-Pensando las Ferias Libres\u201d que impulsar\u00e1 la modernizaci\u00f3n y gesti\u00f3n eficiente de estos espacios comunitarios\",\"datePublished\":\"2024-10-04T13:35:33+00:00\",\"dateModified\":\"2024-10-04T13:59:28+00:00\",\"mainEntityOfPage\":{\"@id\":\"https:\/\/medicina.udd.cl\/nutricion-dietetica-santiago\/noticias\/2024\/10\/04\/culmino-con-exito-programa-piloto-repensando-las-ferias-libres-que-impulsara-la-modernizacion-y-gestion-eficiente-de-estos-espacios-comunitarios\/\"},\"wordCount\":625,\"image\":{\"@id\":\"https:\/\/medicina.udd.cl\/nutricion-dietetica-santiago\/noticias\/2024\/10\/04\/culmino-con-exito-programa-piloto-repensando-las-ferias-libres-que-impulsara-la-modernizacion-y-gestion-eficiente-de-estos-espacios-comunitarios\/#primaryimage\"},\"thumbnailUrl\":\"https:\/\/medicina.udd.cl\/nutricion-dietetica-santiago\/files\/2024\/10\/nut-jornada-cierre-re-pensando-ferias-libres-122-scaled.jpg\",\"articleSection\":[\"Noticias\"],\"inLanguage\":\"es\"},{\"@type\":\"WebPage\",\"@id\":\"https:\/\/medicina.udd.cl\/nutricion-dietetica-santiago\/noticias\/2024\/10\/04\/culmino-con-exito-programa-piloto-repensando-las-ferias-libres-que-impulsara-la-modernizacion-y-gestion-eficiente-de-estos-espacios-comunitarios\/\",\"url\":\"https:\/\/medicina.udd.cl\/nutricion-dietetica-santiago\/noticias\/2024\/10\/04\/culmino-con-exito-programa-piloto-repensando-las-ferias-libres-que-impulsara-la-modernizacion-y-gestion-eficiente-de-estos-espacios-comunitarios\/\",\"name\":\"Culmin\u00f3 con \u00e9xito programa piloto \u201cRe-Pensando las Ferias Libres\u201d que impulsar\u00e1 la modernizaci\u00f3n y gesti\u00f3n eficiente de estos espacios comunitarios - Nutrici\u00f3n y Diet\u00e9tica\",\"isPartOf\":{\"@id\":\"https:\/\/medicina.udd.cl\/nutricion-dietetica-santiago\/#website\"},\"primaryImageOfPage\":{\"@id\":\"https:\/\/medicina.udd.cl\/nutricion-dietetica-santiago\/noticias\/2024\/10\/04\/culmino-con-exito-programa-piloto-repensando-las-ferias-libres-que-impulsara-la-modernizacion-y-gestion-eficiente-de-estos-espacios-comunitarios\/#primaryimage\"},\"image\":{\"@id\":\"https:\/\/medicina.udd.cl\/nutricion-dietetica-santiago\/noticias\/2024\/10\/04\/culmino-con-exito-programa-piloto-repensando-las-ferias-libres-que-impulsara-la-modernizacion-y-gestion-eficiente-de-estos-espacios-comunitarios\/#primaryimage\"},\"thumbnailUrl\":\"https:\/\/medicina.udd.cl\/nutricion-dietetica-santiago\/files\/2024\/10\/nut-jornada-cierre-re-pensando-ferias-libres-122-scaled.jpg\",\"datePublished\":\"2024-10-04T13:35:33+00:00\",\"dateModified\":\"2024-10-04T13:59:28+00:00\",\"author\":{\"@id\":\"https:\/\/medicina.udd.cl\/nutricion-dietetica-santiago\/#\/schema\/person\/dbc3705bf3a93e8be1ba6de0ef950341\"},\"breadcrumb\":{\"@id\":\"https:\/\/medicina.udd.cl\/nutricion-dietetica-santiago\/noticias\/2024\/10\/04\/culmino-con-exito-programa-piloto-repensando-las-ferias-libres-que-impulsara-la-modernizacion-y-gestion-eficiente-de-estos-espacios-comunitarios\/#breadcrumb\"},\"inLanguage\":\"es\",\"potentialAction\":[{\"@type\":\"ReadAction\",\"target\":[\"https:\/\/medicina.udd.cl\/nutricion-dietetica-santiago\/noticias\/2024\/10\/04\/culmino-con-exito-programa-piloto-repensando-las-ferias-libres-que-impulsara-la-modernizacion-y-gestion-eficiente-de-estos-espacios-comunitarios\/\"]}]},{\"@type\":\"ImageObject\",\"inLanguage\":\"es\",\"@id\":\"https:\/\/medicina.udd.cl\/nutricion-dietetica-santiago\/noticias\/2024\/10\/04\/culmino-con-exito-programa-piloto-repensando-las-ferias-libres-que-impulsara-la-modernizacion-y-gestion-eficiente-de-estos-espacios-comunitarios\/#primaryimage\",\"url\":\"https:\/\/medicina.udd.cl\/nutricion-dietetica-santiago\/files\/2024\/10\/nut-jornada-cierre-re-pensando-ferias-libres-122-scaled.jpg\",\"contentUrl\":\"https:\/\/medicina.udd.cl\/nutricion-dietetica-santiago\/files\/2024\/10\/nut-jornada-cierre-re-pensando-ferias-libres-122-scaled.jpg\",\"width\":2560,\"height\":1707},{\"@type\":\"BreadcrumbList\",\"@id\":\"https:\/\/medicina.udd.cl\/nutricion-dietetica-santiago\/noticias\/2024\/10\/04\/culmino-con-exito-programa-piloto-repensando-las-ferias-libres-que-impulsara-la-modernizacion-y-gestion-eficiente-de-estos-espacios-comunitarios\/#breadcrumb\",\"itemListElement\":[{\"@type\":\"ListItem\",\"position\":1,\"name\":\"Home\",\"item\":\"https:\/\/medicina.udd.cl\/nutricion-dietetica-santiago\/\"},{\"@type\":\"ListItem\",\"position\":2,\"name\":\"Culmin\u00f3 con \u00e9xito programa piloto \u201cRe-Pensando las Ferias Libres\u201d que impulsar\u00e1 la modernizaci\u00f3n y gesti\u00f3n eficiente de estos espacios comunitarios\"}]},{\"@type\":\"WebSite\",\"@id\":\"https:\/\/medicina.udd.cl\/nutricion-dietetica-santiago\/#website\",\"url\":\"https:\/\/medicina.udd.cl\/nutricion-dietetica-santiago\/\",\"name\":\"Nutrici\u00f3n y Diet\u00e9tica\",\"description\":\"Facultad de Medicina C\u00ednica Alemana Universidad del Desarrollo\",\"inLanguage\":\"es\"},{\"@type\":\"Person\",\"@id\":\"https:\/\/medicina.udd.cl\/nutricion-dietetica-santiago\/#\/schema\/person\/dbc3705bf3a93e8be1ba6de0ef950341\",\"name\":\"rbraidy\",\"image\":{\"@type\":\"ImageObject\",\"inLanguage\":\"es\",\"@id\":\"https:\/\/medicina.udd.cl\/nutricion-dietetica-santiago\/#\/schema\/person\/image\/\",\"url\":\"https:\/\/secure.gravatar.com\/avatar\/0f8bc94637401590e45d2ce17eb65c274cb8870a219de6177f3f23e63fd8cdf3?s=96&d=mm&r=g\",\"contentUrl\":\"https:\/\/secure.gravatar.com\/avatar\/0f8bc94637401590e45d2ce17eb65c274cb8870a219de6177f3f23e63fd8cdf3?s=96&d=mm&r=g\",\"caption\":\"rbraidy\"},\"url\":\"https:\/\/medicina.udd.cl\/nutricion-dietetica-santiago\/noticias\/author\/rbraidy\/\"}]}<\/script>\n<!-- \/ Yoast SEO plugin. -->","yoast_head_json":{"title":"Culmin\u00f3 con \u00e9xito programa piloto \u201cRe-Pensando las Ferias Libres\u201d que impulsar\u00e1 la modernizaci\u00f3n y gesti\u00f3n eficiente de estos espacios comunitarios - Nutrici\u00f3n y Diet\u00e9tica","robots":{"index":"index","follow":"follow","max-snippet":"max-snippet:-1","max-image-preview":"max-image-preview:large","max-video-preview":"max-video-preview:-1"},"canonical":"https:\/\/medicina.udd.cl\/nutricion-dietetica-santiago\/noticias\/2024\/10\/04\/culmino-con-exito-programa-piloto-repensando-las-ferias-libres-que-impulsara-la-modernizacion-y-gestion-eficiente-de-estos-espacios-comunitarios\/","og_locale":"es_ES","og_type":"article","og_title":"Culmin\u00f3 con \u00e9xito programa piloto \u201cRe-Pensando las Ferias Libres\u201d que impulsar\u00e1 la modernizaci\u00f3n y gesti\u00f3n eficiente de estos espacios comunitarios - Nutrici\u00f3n y Diet\u00e9tica","og_description":"El mi\u00e9rcoles 2 de octubre se realiz\u00f3 el cierre del programa piloto \u201cRe-Pensando las Ferias Libres\u201d, una iniciativa impulsada por la carrera de Nutrici\u00f3n y Diet\u00e9tica de la Universidad del Desarrollo (UDD), en colaboraci\u00f3n con la carrera de Arquitectura UDD, el Centro de Epidemiolog\u00eda y Pol\u00edticas de Salud (CEPS) UDD, y con el apoyo t\u00e9cnico [&hellip;]","og_url":"https:\/\/medicina.udd.cl\/nutricion-dietetica-santiago\/noticias\/2024\/10\/04\/culmino-con-exito-programa-piloto-repensando-las-ferias-libres-que-impulsara-la-modernizacion-y-gestion-eficiente-de-estos-espacios-comunitarios\/","og_site_name":"Nutrici\u00f3n y Diet\u00e9tica","article_published_time":"2024-10-04T13:35:33+00:00","article_modified_time":"2024-10-04T13:59:28+00:00","og_image":[{"width":2560,"height":1707,"url":"https:\/\/medicina.udd.cl\/nutricion-dietetica-santiago\/files\/2024\/10\/nut-jornada-cierre-re-pensando-ferias-libres-122-scaled.jpg","type":"image\/jpeg"}],"author":"rbraidy","twitter_misc":{"Escrito por":"rbraidy","Tiempo de lectura":"10 minutos"},"schema":{"@context":"https:\/\/schema.org","@graph":[{"@type":"Article","@id":"https:\/\/medicina.udd.cl\/nutricion-dietetica-santiago\/noticias\/2024\/10\/04\/culmino-con-exito-programa-piloto-repensando-las-ferias-libres-que-impulsara-la-modernizacion-y-gestion-eficiente-de-estos-espacios-comunitarios\/#article","isPartOf":{"@id":"https:\/\/medicina.udd.cl\/nutricion-dietetica-santiago\/noticias\/2024\/10\/04\/culmino-con-exito-programa-piloto-repensando-las-ferias-libres-que-impulsara-la-modernizacion-y-gestion-eficiente-de-estos-espacios-comunitarios\/"},"author":{"name":"rbraidy","@id":"https:\/\/medicina.udd.cl\/nutricion-dietetica-santiago\/#\/schema\/person\/dbc3705bf3a93e8be1ba6de0ef950341"},"headline":"Culmin\u00f3 con \u00e9xito programa piloto \u201cRe-Pensando las Ferias Libres\u201d que impulsar\u00e1 la modernizaci\u00f3n y gesti\u00f3n eficiente de estos espacios comunitarios","datePublished":"2024-10-04T13:35:33+00:00","dateModified":"2024-10-04T13:59:28+00:00","mainEntityOfPage":{"@id":"https:\/\/medicina.udd.cl\/nutricion-dietetica-santiago\/noticias\/2024\/10\/04\/culmino-con-exito-programa-piloto-repensando-las-ferias-libres-que-impulsara-la-modernizacion-y-gestion-eficiente-de-estos-espacios-comunitarios\/"},"wordCount":625,"image":{"@id":"https:\/\/medicina.udd.cl\/nutricion-dietetica-santiago\/noticias\/2024\/10\/04\/culmino-con-exito-programa-piloto-repensando-las-ferias-libres-que-impulsara-la-modernizacion-y-gestion-eficiente-de-estos-espacios-comunitarios\/#primaryimage"},"thumbnailUrl":"https:\/\/medicina.udd.cl\/nutricion-dietetica-santiago\/files\/2024\/10\/nut-jornada-cierre-re-pensando-ferias-libres-122-scaled.jpg","articleSection":["Noticias"],"inLanguage":"es"},{"@type":"WebPage","@id":"https:\/\/medicina.udd.cl\/nutricion-dietetica-santiago\/noticias\/2024\/10\/04\/culmino-con-exito-programa-piloto-repensando-las-ferias-libres-que-impulsara-la-modernizacion-y-gestion-eficiente-de-estos-espacios-comunitarios\/","url":"https:\/\/medicina.udd.cl\/nutricion-dietetica-santiago\/noticias\/2024\/10\/04\/culmino-con-exito-programa-piloto-repensando-las-ferias-libres-que-impulsara-la-modernizacion-y-gestion-eficiente-de-estos-espacios-comunitarios\/","name":"Culmin\u00f3 con \u00e9xito programa piloto \u201cRe-Pensando las Ferias Libres\u201d que impulsar\u00e1 la modernizaci\u00f3n y gesti\u00f3n eficiente de estos espacios comunitarios - Nutrici\u00f3n y Diet\u00e9tica","isPartOf":{"@id":"https:\/\/medicina.udd.cl\/nutricion-dietetica-santiago\/#website"},"primaryImageOfPage":{"@id":"https:\/\/medicina.udd.cl\/nutricion-dietetica-santiago\/noticias\/2024\/10\/04\/culmino-con-exito-programa-piloto-repensando-las-ferias-libres-que-impulsara-la-modernizacion-y-gestion-eficiente-de-estos-espacios-comunitarios\/#primaryimage"},"image":{"@id":"https:\/\/medicina.udd.cl\/nutricion-dietetica-santiago\/noticias\/2024\/10\/04\/culmino-con-exito-programa-piloto-repensando-las-ferias-libres-que-impulsara-la-modernizacion-y-gestion-eficiente-de-estos-espacios-comunitarios\/#primaryimage"},"thumbnailUrl":"https:\/\/medicina.udd.cl\/nutricion-dietetica-santiago\/files\/2024\/10\/nut-jornada-cierre-re-pensando-ferias-libres-122-scaled.jpg","datePublished":"2024-10-04T13:35:33+00:00","dateModified":"2024-10-04T13:59:28+00:00","author":{"@id":"https:\/\/medicina.udd.cl\/nutricion-dietetica-santiago\/#\/schema\/person\/dbc3705bf3a93e8be1ba6de0ef950341"},"breadcrumb":{"@id":"https:\/\/medicina.udd.cl\/nutricion-dietetica-santiago\/noticias\/2024\/10\/04\/culmino-con-exito-programa-piloto-repensando-las-ferias-libres-que-impulsara-la-modernizacion-y-gestion-eficiente-de-estos-espacios-comunitarios\/#breadcrumb"},"inLanguage":"es","potentialAction":[{"@type":"ReadAction","target":["https:\/\/medicina.udd.cl\/nutricion-dietetica-santiago\/noticias\/2024\/10\/04\/culmino-con-exito-programa-piloto-repensando-las-ferias-libres-que-impulsara-la-modernizacion-y-gestion-eficiente-de-estos-espacios-comunitarios\/"]}]},{"@type":"ImageObject","inLanguage":"es","@id":"https:\/\/medicina.udd.cl\/nutricion-dietetica-santiago\/noticias\/2024\/10\/04\/culmino-con-exito-programa-piloto-repensando-las-ferias-libres-que-impulsara-la-modernizacion-y-gestion-eficiente-de-estos-espacios-comunitarios\/#primaryimage","url":"https:\/\/medicina.udd.cl\/nutricion-dietetica-santiago\/files\/2024\/10\/nut-jornada-cierre-re-pensando-ferias-libres-122-scaled.jpg","contentUrl":"https:\/\/medicina.udd.cl\/nutricion-dietetica-santiago\/files\/2024\/10\/nut-jornada-cierre-re-pensando-ferias-libres-122-scaled.jpg","width":2560,"height":1707},{"@type":"BreadcrumbList","@id":"https:\/\/medicina.udd.cl\/nutricion-dietetica-santiago\/noticias\/2024\/10\/04\/culmino-con-exito-programa-piloto-repensando-las-ferias-libres-que-impulsara-la-modernizacion-y-gestion-eficiente-de-estos-espacios-comunitarios\/#breadcrumb","itemListElement":[{"@type":"ListItem","position":1,"name":"Home","item":"https:\/\/medicina.udd.cl\/nutricion-dietetica-santiago\/"},{"@type":"ListItem","position":2,"name":"Culmin\u00f3 con \u00e9xito programa piloto \u201cRe-Pensando las Ferias Libres\u201d que impulsar\u00e1 la modernizaci\u00f3n y gesti\u00f3n eficiente de estos espacios comunitarios"}]},{"@type":"WebSite","@id":"https:\/\/medicina.udd.cl\/nutricion-dietetica-santiago\/#website","url":"https:\/\/medicina.udd.cl\/nutricion-dietetica-santiago\/","name":"Nutrici\u00f3n y Diet\u00e9tica","description":"Facultad de Medicina C\u00ednica Alemana Universidad del Desarrollo","inLanguage":"es"},{"@type":"Person","@id":"https:\/\/medicina.udd.cl\/nutricion-dietetica-santiago\/#\/schema\/person\/dbc3705bf3a93e8be1ba6de0ef950341","name":"rbraidy","image":{"@type":"ImageObject","inLanguage":"es","@id":"https:\/\/medicina.udd.cl\/nutricion-dietetica-santiago\/#\/schema\/person\/image\/","url":"https:\/\/secure.gravatar.com\/avatar\/0f8bc94637401590e45d2ce17eb65c274cb8870a219de6177f3f23e63fd8cdf3?s=96&d=mm&r=g","contentUrl":"https:\/\/secure.gravatar.com\/avatar\/0f8bc94637401590e45d2ce17eb65c274cb8870a219de6177f3f23e63fd8cdf3?s=96&d=mm&r=g","caption":"rbraidy"},"url":"https:\/\/medicina.udd.cl\/nutricion-dietetica-santiago\/noticias\/author\/rbraidy\/"}]}},"featured_image_url":"https:\/\/medicina.udd.cl\/nutricion-dietetica-santiago\/files\/2024\/10\/nut-jornada-cierre-re-pensando-ferias-libres-122-scaled.jpg","_links":{"self":[{"href":"https:\/\/medicina.udd.cl\/nutricion-dietetica-santiago\/wp-json\/wp\/v2\/posts\/9052","targetHints":{"allow":["GET"]}}],"collection":[{"href":"https:\/\/medicina.udd.cl\/nutricion-dietetica-santiago\/wp-json\/wp\/v2\/posts"}],"about":[{"href":"https:\/\/medicina.udd.cl\/nutricion-dietetica-santiago\/wp-json\/wp\/v2\/types\/post"}],"author":[{"embeddable":true,"href":"https:\/\/medicina.udd.cl\/nutricion-dietetica-santiago\/wp-json\/wp\/v2\/users\/9192219"}],"replies":[{"embeddable":true,"href":"https:\/\/medicina.udd.cl\/nutricion-dietetica-santiago\/wp-json\/wp\/v2\/comments?post=9052"}],"version-history":[{"count":2,"href":"https:\/\/medicina.udd.cl\/nutricion-dietetica-santiago\/wp-json\/wp\/v2\/posts\/9052\/revisions"}],"predecessor-version":[{"id":9088,"href":"https:\/\/medicina.udd.cl\/nutricion-dietetica-santiago\/wp-json\/wp\/v2\/posts\/9052\/revisions\/9088"}],"wp:featuredmedia":[{"embeddable":true,"href":"https:\/\/medicina.udd.cl\/nutricion-dietetica-santiago\/wp-json\/wp\/v2\/media\/9082"}],"wp:attachment":[{"href":"https:\/\/medicina.udd.cl\/nutricion-dietetica-santiago\/wp-json\/wp\/v2\/media?parent=9052"}],"wp:term":[{"taxonomy":"category","embeddable":true,"href":"https:\/\/medicina.udd.cl\/nutricion-dietetica-santiago\/wp-json\/wp\/v2\/categories?post=9052"},{"taxonomy":"post_tag","embeddable":true,"href":"https:\/\/medicina.udd.cl\/nutricion-dietetica-santiago\/wp-json\/wp\/v2\/tags?post=9052"}],"curies":[{"name":"wp","href":"https:\/\/api.w.org\/{rel}","templated":true}]}}