{"id":9130,"date":"2024-10-23T13:29:09","date_gmt":"2024-10-23T16:29:09","guid":{"rendered":"https:\/\/medicina.udd.cl\/nutricion-dietetica-santiago\/?p=9130"},"modified":"2024-10-23T13:30:03","modified_gmt":"2024-10-23T16:30:03","slug":"directora-de-nutricion-y-dietetica-udd-fortalece-vinculos-academicos-en-espana-en-pro-de-estudiantes-y-academicos-de-la-carrera","status":"publish","type":"post","link":"https:\/\/medicina.udd.cl\/nutricion-dietetica-santiago\/noticias\/2024\/10\/23\/directora-de-nutricion-y-dietetica-udd-fortalece-vinculos-academicos-en-espana-en-pro-de-estudiantes-y-academicos-de-la-carrera\/","title":{"rendered":"Directora de Nutrici\u00f3n y Diet\u00e9tica UDD fortalece v\u00ednculos acad\u00e9micos en Espa\u00f1a en pro de estudiantes y acad\u00e9micos de la carrera"},"content":{"rendered":"\n<figure class=\"wp-block-gallery has-nested-images columns-default is-cropped wp-block-gallery-1 is-layout-flex wp-block-gallery-is-layout-flex\">\n<figure class=\"wp-block-image size-large\"><a href=\"https:\/\/medicina.udd.cl\/nutricion-dietetica-santiago\/files\/2024\/10\/1000171418.jpg\"><img loading=\"lazy\" decoding=\"async\" width=\"746\" height=\"1024\" data-id=\"9133\" src=\"https:\/\/medicina.udd.cl\/nutricion-dietetica-santiago\/files\/2024\/10\/1000171418-746x1024.jpg\" alt=\"\" class=\"wp-image-9133\" srcset=\"https:\/\/medicina.udd.cl\/nutricion-dietetica-santiago\/files\/2024\/10\/1000171418-746x1024.jpg 746w, https:\/\/medicina.udd.cl\/nutricion-dietetica-santiago\/files\/2024\/10\/1000171418-219x300.jpg 219w, https:\/\/medicina.udd.cl\/nutricion-dietetica-santiago\/files\/2024\/10\/1000171418-768x1054.jpg 768w, https:\/\/medicina.udd.cl\/nutricion-dietetica-santiago\/files\/2024\/10\/1000171418.jpg 933w\" sizes=\"auto, (max-width: 746px) 100vw, 746px\" \/><\/a><\/figure>\n\n\n\n<figure class=\"wp-block-image size-large\"><a href=\"https:\/\/medicina.udd.cl\/nutricion-dietetica-santiago\/files\/2024\/10\/1000171492.jpg\"><img loading=\"lazy\" decoding=\"async\" width=\"768\" height=\"1024\" data-id=\"9134\" src=\"https:\/\/medicina.udd.cl\/nutricion-dietetica-santiago\/files\/2024\/10\/1000171492-768x1024.jpg\" alt=\"\" class=\"wp-image-9134\" srcset=\"https:\/\/medicina.udd.cl\/nutricion-dietetica-santiago\/files\/2024\/10\/1000171492-768x1024.jpg 768w, https:\/\/medicina.udd.cl\/nutricion-dietetica-santiago\/files\/2024\/10\/1000171492-225x300.jpg 225w, https:\/\/medicina.udd.cl\/nutricion-dietetica-santiago\/files\/2024\/10\/1000171492-1152x1536.jpg 1152w, https:\/\/medicina.udd.cl\/nutricion-dietetica-santiago\/files\/2024\/10\/1000171492.jpg 1500w\" sizes=\"auto, (max-width: 768px) 100vw, 768px\" \/><\/a><\/figure>\n\n\n\n<figure class=\"wp-block-image size-large\"><a href=\"https:\/\/medicina.udd.cl\/nutricion-dietetica-santiago\/files\/2024\/10\/1000171856.jpg\"><img loading=\"lazy\" decoding=\"async\" width=\"768\" height=\"1024\" data-id=\"9136\" src=\"https:\/\/medicina.udd.cl\/nutricion-dietetica-santiago\/files\/2024\/10\/1000171856-768x1024.jpg\" alt=\"\" class=\"wp-image-9136\" srcset=\"https:\/\/medicina.udd.cl\/nutricion-dietetica-santiago\/files\/2024\/10\/1000171856-768x1024.jpg 768w, https:\/\/medicina.udd.cl\/nutricion-dietetica-santiago\/files\/2024\/10\/1000171856-225x300.jpg 225w, https:\/\/medicina.udd.cl\/nutricion-dietetica-santiago\/files\/2024\/10\/1000171856.jpg 960w\" sizes=\"auto, (max-width: 768px) 100vw, 768px\" \/><\/a><\/figure>\n<\/figure>\n\n\n\n<p>Durante el mes de octubre, la directora de la carrera de Nutrici\u00f3n y Diet\u00e9tica de la Facultad de Medicina Cl\u00ednica Alemana Universidad del Desarrollo (UDD), Nut. Rinat Ratner, realiz\u00f3 un viaje a Espa\u00f1a con el objetivo de fortalecer relaciones internacionales y explorar nuevas oportunidades acad\u00e9micas. Durante su visita, Ratner estableci\u00f3 y consolid\u00f3 v\u00ednculos con diversas instituciones educativas, incluyendo la Universidad Aut\u00f3noma de Madrid, Universidad Camilo Jos\u00e9 Cela, Pontificia de Salamanca, del Pa\u00eds Vasco y del Atl\u00e1ntico.<\/p>\n\n\n\n<p>La visita se centr\u00f3 en la creaci\u00f3n de colaboraciones para intercambios de estudiantes y docentes, pasant\u00edas, proyectos de investigaci\u00f3n conjunta y cursos COILs (Collaborative Online International Learning). Ratner expres\u00f3 su satisfacci\u00f3n por la recepci\u00f3n positiva que tuvo en cada una de estas universidades, destacando el inter\u00e9s de los profesionales espa\u00f1oles en ampliar las oportunidades internacionales para acad\u00e9micos y estudiantes de ambos pa\u00edses.<\/p>\n\n\n\n<p>\u00abCon la Universidad Camilo Jos\u00e9 Cela, fortalecimos los v\u00ednculos creados en el 2023 y se sell\u00f3 el compromiso del doble grado, dando inicio a este proceso en enero de 2025, cuando nuestros primeros estudiantes de Chile iniciar\u00e1n su proceso en Espa\u00f1a para lograr su t\u00edtulo acad\u00e9mico en este pa\u00eds,\u00bb se\u00f1al\u00f3 Ratner. Adem\u00e1s, destac\u00f3 que esta oportunidad tambi\u00e9n se extender\u00e1 a los titulados de la carrera.<\/p>\n\n\n\n<p>La directora de Nutrici\u00f3n y Diet\u00e9tica UDD subray\u00f3 la importancia de este tipo de acuerdos, que permitir\u00e1n a los estudiantes ampliar sus horizontes profesionales y acad\u00e9micos, obteniendo una doble titulaci\u00f3n que valida su formaci\u00f3n tanto en Chile como en Espa\u00f1a.<\/p>\n\n\n\n<figure class=\"wp-block-gallery has-nested-images columns-default is-cropped wp-block-gallery-2 is-layout-flex wp-block-gallery-is-layout-flex\">\n<figure class=\"wp-block-image size-large\"><a href=\"https:\/\/medicina.udd.cl\/nutricion-dietetica-santiago\/files\/2024\/10\/1000171494.jpg\"><img loading=\"lazy\" decoding=\"async\" width=\"768\" height=\"1024\" data-id=\"9135\" src=\"https:\/\/medicina.udd.cl\/nutricion-dietetica-santiago\/files\/2024\/10\/1000171494-768x1024.jpg\" alt=\"\" class=\"wp-image-9135\" srcset=\"https:\/\/medicina.udd.cl\/nutricion-dietetica-santiago\/files\/2024\/10\/1000171494-768x1024.jpg 768w, https:\/\/medicina.udd.cl\/nutricion-dietetica-santiago\/files\/2024\/10\/1000171494-225x300.jpg 225w, https:\/\/medicina.udd.cl\/nutricion-dietetica-santiago\/files\/2024\/10\/1000171494-1152x1536.jpg 1152w, https:\/\/medicina.udd.cl\/nutricion-dietetica-santiago\/files\/2024\/10\/1000171494.jpg 1500w\" sizes=\"auto, (max-width: 768px) 100vw, 768px\" \/><\/a><\/figure>\n\n\n\n<figure class=\"wp-block-image size-large\"><a href=\"https:\/\/medicina.udd.cl\/nutricion-dietetica-santiago\/files\/2024\/10\/1000171415.jpg\"><img loading=\"lazy\" decoding=\"async\" width=\"768\" height=\"1024\" data-id=\"9132\" src=\"https:\/\/medicina.udd.cl\/nutricion-dietetica-santiago\/files\/2024\/10\/1000171415-768x1024.jpg\" alt=\"\" class=\"wp-image-9132\" srcset=\"https:\/\/medicina.udd.cl\/nutricion-dietetica-santiago\/files\/2024\/10\/1000171415-768x1024.jpg 768w, https:\/\/medicina.udd.cl\/nutricion-dietetica-santiago\/files\/2024\/10\/1000171415-225x300.jpg 225w, https:\/\/medicina.udd.cl\/nutricion-dietetica-santiago\/files\/2024\/10\/1000171415.jpg 960w\" sizes=\"auto, (max-width: 768px) 100vw, 768px\" \/><\/a><\/figure>\n\n\n\n<figure class=\"wp-block-image size-large\"><a href=\"https:\/\/medicina.udd.cl\/nutricion-dietetica-santiago\/files\/2024\/10\/1000171412.jpg\"><img loading=\"lazy\" decoding=\"async\" width=\"768\" height=\"1024\" data-id=\"9131\" src=\"https:\/\/medicina.udd.cl\/nutricion-dietetica-santiago\/files\/2024\/10\/1000171412-768x1024.jpg\" alt=\"\" class=\"wp-image-9131\" srcset=\"https:\/\/medicina.udd.cl\/nutricion-dietetica-santiago\/files\/2024\/10\/1000171412-768x1024.jpg 768w, https:\/\/medicina.udd.cl\/nutricion-dietetica-santiago\/files\/2024\/10\/1000171412-225x300.jpg 225w, https:\/\/medicina.udd.cl\/nutricion-dietetica-santiago\/files\/2024\/10\/1000171412.jpg 960w\" sizes=\"auto, (max-width: 768px) 100vw, 768px\" \/><\/a><\/figure>\n\n\n\n<figure class=\"wp-block-image size-large\"><a href=\"https:\/\/medicina.udd.cl\/nutricion-dietetica-santiago\/files\/2024\/10\/1000172244.jpg\"><img loading=\"lazy\" decoding=\"async\" width=\"1024\" height=\"826\" data-id=\"9137\" src=\"https:\/\/medicina.udd.cl\/nutricion-dietetica-santiago\/files\/2024\/10\/1000172244-1024x826.jpg\" alt=\"\" class=\"wp-image-9137\" srcset=\"https:\/\/medicina.udd.cl\/nutricion-dietetica-santiago\/files\/2024\/10\/1000172244-1024x826.jpg 1024w, https:\/\/medicina.udd.cl\/nutricion-dietetica-santiago\/files\/2024\/10\/1000172244-300x242.jpg 300w, https:\/\/medicina.udd.cl\/nutricion-dietetica-santiago\/files\/2024\/10\/1000172244-768x620.jpg 768w, https:\/\/medicina.udd.cl\/nutricion-dietetica-santiago\/files\/2024\/10\/1000172244.jpg 1280w\" sizes=\"auto, (max-width: 1024px) 100vw, 1024px\" \/><\/a><\/figure>\n<\/figure>\n","protected":false},"excerpt":{"rendered":"<p>Durante el mes de octubre, la directora de la carrera de Nutrici\u00f3n y Diet\u00e9tica de la Facultad de Medicina Cl\u00ednica Alemana Universidad del Desarrollo (UDD), Nut. Rinat Ratner, realiz\u00f3 un viaje a Espa\u00f1a con el objetivo de fortalecer relaciones internacionales y explorar nuevas oportunidades acad\u00e9micas. Durante su visita, Ratner estableci\u00f3 y consolid\u00f3 v\u00ednculos con diversas [&hellip;]<\/p>\n","protected":false},"author":9192219,"featured_media":9137,"comment_status":"closed","ping_status":"open","sticky":false,"template":"","format":"standard","meta":{"footnotes":""},"categories":[4],"tags":[],"class_list":["post-9130","post","type-post","status-publish","format-standard","has-post-thumbnail","hentry","category-noticias"],"yoast_head":"<!-- This site is optimized with the Yoast SEO plugin v26.9 - https:\/\/yoast.com\/product\/yoast-seo-wordpress\/ -->\n<title>Directora de Nutrici\u00f3n y Diet\u00e9tica UDD fortalece v\u00ednculos acad\u00e9micos en Espa\u00f1a en pro de estudiantes y acad\u00e9micos de la carrera - Nutrici\u00f3n y Diet\u00e9tica<\/title>\n<meta name=\"robots\" content=\"index, follow, max-snippet:-1, max-image-preview:large, max-video-preview:-1\" \/>\n<link rel=\"canonical\" href=\"https:\/\/medicina.udd.cl\/nutricion-dietetica-santiago\/noticias\/2024\/10\/23\/directora-de-nutricion-y-dietetica-udd-fortalece-vinculos-academicos-en-espana-en-pro-de-estudiantes-y-academicos-de-la-carrera\/\" \/>\n<meta property=\"og:locale\" content=\"es_ES\" \/>\n<meta property=\"og:type\" content=\"article\" \/>\n<meta property=\"og:title\" content=\"Directora de Nutrici\u00f3n y Diet\u00e9tica UDD fortalece v\u00ednculos acad\u00e9micos en Espa\u00f1a en pro de estudiantes y acad\u00e9micos de la carrera - Nutrici\u00f3n y Diet\u00e9tica\" \/>\n<meta property=\"og:description\" content=\"Durante el mes de octubre, la directora de la carrera de Nutrici\u00f3n y Diet\u00e9tica de la Facultad de Medicina Cl\u00ednica Alemana Universidad del Desarrollo (UDD), Nut. Rinat Ratner, realiz\u00f3 un viaje a Espa\u00f1a con el objetivo de fortalecer relaciones internacionales y explorar nuevas oportunidades acad\u00e9micas. Durante su visita, Ratner estableci\u00f3 y consolid\u00f3 v\u00ednculos con diversas [&hellip;]\" \/>\n<meta property=\"og:url\" content=\"https:\/\/medicina.udd.cl\/nutricion-dietetica-santiago\/noticias\/2024\/10\/23\/directora-de-nutricion-y-dietetica-udd-fortalece-vinculos-academicos-en-espana-en-pro-de-estudiantes-y-academicos-de-la-carrera\/\" \/>\n<meta property=\"og:site_name\" content=\"Nutrici\u00f3n y Diet\u00e9tica\" \/>\n<meta property=\"article:published_time\" content=\"2024-10-23T16:29:09+00:00\" \/>\n<meta property=\"article:modified_time\" content=\"2024-10-23T16:30:03+00:00\" \/>\n<meta property=\"og:image\" content=\"https:\/\/medicina.udd.cl\/nutricion-dietetica-santiago\/files\/2024\/10\/1000172244.jpg\" \/>\n\t<meta property=\"og:image:width\" content=\"1280\" \/>\n\t<meta property=\"og:image:height\" content=\"1033\" \/>\n\t<meta property=\"og:image:type\" content=\"image\/jpeg\" \/>\n<meta name=\"author\" content=\"rbraidy\" \/>\n<meta name=\"twitter:label1\" content=\"Escrito por\" \/>\n\t<meta name=\"twitter:data1\" content=\"rbraidy\" \/>\n\t<meta name=\"twitter:label2\" content=\"Tiempo de lectura\" \/>\n\t<meta name=\"twitter:data2\" content=\"3 minutos\" \/>\n<script type=\"application\/ld+json\" class=\"yoast-schema-graph\">{\"@context\":\"https:\/\/schema.org\",\"@graph\":[{\"@type\":\"Article\",\"@id\":\"https:\/\/medicina.udd.cl\/nutricion-dietetica-santiago\/noticias\/2024\/10\/23\/directora-de-nutricion-y-dietetica-udd-fortalece-vinculos-academicos-en-espana-en-pro-de-estudiantes-y-academicos-de-la-carrera\/#article\",\"isPartOf\":{\"@id\":\"https:\/\/medicina.udd.cl\/nutricion-dietetica-santiago\/noticias\/2024\/10\/23\/directora-de-nutricion-y-dietetica-udd-fortalece-vinculos-academicos-en-espana-en-pro-de-estudiantes-y-academicos-de-la-carrera\/\"},\"author\":{\"name\":\"rbraidy\",\"@id\":\"https:\/\/medicina.udd.cl\/nutricion-dietetica-santiago\/#\/schema\/person\/dbc3705bf3a93e8be1ba6de0ef950341\"},\"headline\":\"Directora de Nutrici\u00f3n y Diet\u00e9tica UDD fortalece v\u00ednculos acad\u00e9micos en Espa\u00f1a en pro de estudiantes y acad\u00e9micos de la carrera\",\"datePublished\":\"2024-10-23T16:29:09+00:00\",\"dateModified\":\"2024-10-23T16:30:03+00:00\",\"mainEntityOfPage\":{\"@id\":\"https:\/\/medicina.udd.cl\/nutricion-dietetica-santiago\/noticias\/2024\/10\/23\/directora-de-nutricion-y-dietetica-udd-fortalece-vinculos-academicos-en-espana-en-pro-de-estudiantes-y-academicos-de-la-carrera\/\"},\"wordCount\":301,\"image\":{\"@id\":\"https:\/\/medicina.udd.cl\/nutricion-dietetica-santiago\/noticias\/2024\/10\/23\/directora-de-nutricion-y-dietetica-udd-fortalece-vinculos-academicos-en-espana-en-pro-de-estudiantes-y-academicos-de-la-carrera\/#primaryimage\"},\"thumbnailUrl\":\"https:\/\/medicina.udd.cl\/nutricion-dietetica-santiago\/files\/2024\/10\/1000172244.jpg\",\"articleSection\":[\"Noticias\"],\"inLanguage\":\"es\"},{\"@type\":\"WebPage\",\"@id\":\"https:\/\/medicina.udd.cl\/nutricion-dietetica-santiago\/noticias\/2024\/10\/23\/directora-de-nutricion-y-dietetica-udd-fortalece-vinculos-academicos-en-espana-en-pro-de-estudiantes-y-academicos-de-la-carrera\/\",\"url\":\"https:\/\/medicina.udd.cl\/nutricion-dietetica-santiago\/noticias\/2024\/10\/23\/directora-de-nutricion-y-dietetica-udd-fortalece-vinculos-academicos-en-espana-en-pro-de-estudiantes-y-academicos-de-la-carrera\/\",\"name\":\"Directora de Nutrici\u00f3n y Diet\u00e9tica UDD fortalece v\u00ednculos acad\u00e9micos en Espa\u00f1a en pro de estudiantes y acad\u00e9micos de la carrera - Nutrici\u00f3n y Diet\u00e9tica\",\"isPartOf\":{\"@id\":\"https:\/\/medicina.udd.cl\/nutricion-dietetica-santiago\/#website\"},\"primaryImageOfPage\":{\"@id\":\"https:\/\/medicina.udd.cl\/nutricion-dietetica-santiago\/noticias\/2024\/10\/23\/directora-de-nutricion-y-dietetica-udd-fortalece-vinculos-academicos-en-espana-en-pro-de-estudiantes-y-academicos-de-la-carrera\/#primaryimage\"},\"image\":{\"@id\":\"https:\/\/medicina.udd.cl\/nutricion-dietetica-santiago\/noticias\/2024\/10\/23\/directora-de-nutricion-y-dietetica-udd-fortalece-vinculos-academicos-en-espana-en-pro-de-estudiantes-y-academicos-de-la-carrera\/#primaryimage\"},\"thumbnailUrl\":\"https:\/\/medicina.udd.cl\/nutricion-dietetica-santiago\/files\/2024\/10\/1000172244.jpg\",\"datePublished\":\"2024-10-23T16:29:09+00:00\",\"dateModified\":\"2024-10-23T16:30:03+00:00\",\"author\":{\"@id\":\"https:\/\/medicina.udd.cl\/nutricion-dietetica-santiago\/#\/schema\/person\/dbc3705bf3a93e8be1ba6de0ef950341\"},\"breadcrumb\":{\"@id\":\"https:\/\/medicina.udd.cl\/nutricion-dietetica-santiago\/noticias\/2024\/10\/23\/directora-de-nutricion-y-dietetica-udd-fortalece-vinculos-academicos-en-espana-en-pro-de-estudiantes-y-academicos-de-la-carrera\/#breadcrumb\"},\"inLanguage\":\"es\",\"potentialAction\":[{\"@type\":\"ReadAction\",\"target\":[\"https:\/\/medicina.udd.cl\/nutricion-dietetica-santiago\/noticias\/2024\/10\/23\/directora-de-nutricion-y-dietetica-udd-fortalece-vinculos-academicos-en-espana-en-pro-de-estudiantes-y-academicos-de-la-carrera\/\"]}]},{\"@type\":\"ImageObject\",\"inLanguage\":\"es\",\"@id\":\"https:\/\/medicina.udd.cl\/nutricion-dietetica-santiago\/noticias\/2024\/10\/23\/directora-de-nutricion-y-dietetica-udd-fortalece-vinculos-academicos-en-espana-en-pro-de-estudiantes-y-academicos-de-la-carrera\/#primaryimage\",\"url\":\"https:\/\/medicina.udd.cl\/nutricion-dietetica-santiago\/files\/2024\/10\/1000172244.jpg\",\"contentUrl\":\"https:\/\/medicina.udd.cl\/nutricion-dietetica-santiago\/files\/2024\/10\/1000172244.jpg\",\"width\":1280,\"height\":1033},{\"@type\":\"BreadcrumbList\",\"@id\":\"https:\/\/medicina.udd.cl\/nutricion-dietetica-santiago\/noticias\/2024\/10\/23\/directora-de-nutricion-y-dietetica-udd-fortalece-vinculos-academicos-en-espana-en-pro-de-estudiantes-y-academicos-de-la-carrera\/#breadcrumb\",\"itemListElement\":[{\"@type\":\"ListItem\",\"position\":1,\"name\":\"Home\",\"item\":\"https:\/\/medicina.udd.cl\/nutricion-dietetica-santiago\/\"},{\"@type\":\"ListItem\",\"position\":2,\"name\":\"Directora de Nutrici\u00f3n y Diet\u00e9tica UDD fortalece v\u00ednculos acad\u00e9micos en Espa\u00f1a en pro de estudiantes y acad\u00e9micos de la carrera\"}]},{\"@type\":\"WebSite\",\"@id\":\"https:\/\/medicina.udd.cl\/nutricion-dietetica-santiago\/#website\",\"url\":\"https:\/\/medicina.udd.cl\/nutricion-dietetica-santiago\/\",\"name\":\"Nutrici\u00f3n y Diet\u00e9tica\",\"description\":\"Facultad de Medicina C\u00ednica Alemana Universidad del Desarrollo\",\"inLanguage\":\"es\"},{\"@type\":\"Person\",\"@id\":\"https:\/\/medicina.udd.cl\/nutricion-dietetica-santiago\/#\/schema\/person\/dbc3705bf3a93e8be1ba6de0ef950341\",\"name\":\"rbraidy\",\"image\":{\"@type\":\"ImageObject\",\"inLanguage\":\"es\",\"@id\":\"https:\/\/medicina.udd.cl\/nutricion-dietetica-santiago\/#\/schema\/person\/image\/\",\"url\":\"https:\/\/secure.gravatar.com\/avatar\/0f8bc94637401590e45d2ce17eb65c274cb8870a219de6177f3f23e63fd8cdf3?s=96&d=mm&r=g\",\"contentUrl\":\"https:\/\/secure.gravatar.com\/avatar\/0f8bc94637401590e45d2ce17eb65c274cb8870a219de6177f3f23e63fd8cdf3?s=96&d=mm&r=g\",\"caption\":\"rbraidy\"},\"url\":\"https:\/\/medicina.udd.cl\/nutricion-dietetica-santiago\/noticias\/author\/rbraidy\/\"}]}<\/script>\n<!-- \/ Yoast SEO plugin. -->","yoast_head_json":{"title":"Directora de Nutrici\u00f3n y Diet\u00e9tica UDD fortalece v\u00ednculos acad\u00e9micos en Espa\u00f1a en pro de estudiantes y acad\u00e9micos de la carrera - Nutrici\u00f3n y Diet\u00e9tica","robots":{"index":"index","follow":"follow","max-snippet":"max-snippet:-1","max-image-preview":"max-image-preview:large","max-video-preview":"max-video-preview:-1"},"canonical":"https:\/\/medicina.udd.cl\/nutricion-dietetica-santiago\/noticias\/2024\/10\/23\/directora-de-nutricion-y-dietetica-udd-fortalece-vinculos-academicos-en-espana-en-pro-de-estudiantes-y-academicos-de-la-carrera\/","og_locale":"es_ES","og_type":"article","og_title":"Directora de Nutrici\u00f3n y Diet\u00e9tica UDD fortalece v\u00ednculos acad\u00e9micos en Espa\u00f1a en pro de estudiantes y acad\u00e9micos de la carrera - Nutrici\u00f3n y Diet\u00e9tica","og_description":"Durante el mes de octubre, la directora de la carrera de Nutrici\u00f3n y Diet\u00e9tica de la Facultad de Medicina Cl\u00ednica Alemana Universidad del Desarrollo (UDD), Nut. Rinat Ratner, realiz\u00f3 un viaje a Espa\u00f1a con el objetivo de fortalecer relaciones internacionales y explorar nuevas oportunidades acad\u00e9micas. Durante su visita, Ratner estableci\u00f3 y consolid\u00f3 v\u00ednculos con diversas [&hellip;]","og_url":"https:\/\/medicina.udd.cl\/nutricion-dietetica-santiago\/noticias\/2024\/10\/23\/directora-de-nutricion-y-dietetica-udd-fortalece-vinculos-academicos-en-espana-en-pro-de-estudiantes-y-academicos-de-la-carrera\/","og_site_name":"Nutrici\u00f3n y Diet\u00e9tica","article_published_time":"2024-10-23T16:29:09+00:00","article_modified_time":"2024-10-23T16:30:03+00:00","og_image":[{"width":1280,"height":1033,"url":"https:\/\/medicina.udd.cl\/nutricion-dietetica-santiago\/files\/2024\/10\/1000172244.jpg","type":"image\/jpeg"}],"author":"rbraidy","twitter_misc":{"Escrito por":"rbraidy","Tiempo de lectura":"3 minutos"},"schema":{"@context":"https:\/\/schema.org","@graph":[{"@type":"Article","@id":"https:\/\/medicina.udd.cl\/nutricion-dietetica-santiago\/noticias\/2024\/10\/23\/directora-de-nutricion-y-dietetica-udd-fortalece-vinculos-academicos-en-espana-en-pro-de-estudiantes-y-academicos-de-la-carrera\/#article","isPartOf":{"@id":"https:\/\/medicina.udd.cl\/nutricion-dietetica-santiago\/noticias\/2024\/10\/23\/directora-de-nutricion-y-dietetica-udd-fortalece-vinculos-academicos-en-espana-en-pro-de-estudiantes-y-academicos-de-la-carrera\/"},"author":{"name":"rbraidy","@id":"https:\/\/medicina.udd.cl\/nutricion-dietetica-santiago\/#\/schema\/person\/dbc3705bf3a93e8be1ba6de0ef950341"},"headline":"Directora de Nutrici\u00f3n y Diet\u00e9tica UDD fortalece v\u00ednculos acad\u00e9micos en Espa\u00f1a en pro de estudiantes y acad\u00e9micos de la carrera","datePublished":"2024-10-23T16:29:09+00:00","dateModified":"2024-10-23T16:30:03+00:00","mainEntityOfPage":{"@id":"https:\/\/medicina.udd.cl\/nutricion-dietetica-santiago\/noticias\/2024\/10\/23\/directora-de-nutricion-y-dietetica-udd-fortalece-vinculos-academicos-en-espana-en-pro-de-estudiantes-y-academicos-de-la-carrera\/"},"wordCount":301,"image":{"@id":"https:\/\/medicina.udd.cl\/nutricion-dietetica-santiago\/noticias\/2024\/10\/23\/directora-de-nutricion-y-dietetica-udd-fortalece-vinculos-academicos-en-espana-en-pro-de-estudiantes-y-academicos-de-la-carrera\/#primaryimage"},"thumbnailUrl":"https:\/\/medicina.udd.cl\/nutricion-dietetica-santiago\/files\/2024\/10\/1000172244.jpg","articleSection":["Noticias"],"inLanguage":"es"},{"@type":"WebPage","@id":"https:\/\/medicina.udd.cl\/nutricion-dietetica-santiago\/noticias\/2024\/10\/23\/directora-de-nutricion-y-dietetica-udd-fortalece-vinculos-academicos-en-espana-en-pro-de-estudiantes-y-academicos-de-la-carrera\/","url":"https:\/\/medicina.udd.cl\/nutricion-dietetica-santiago\/noticias\/2024\/10\/23\/directora-de-nutricion-y-dietetica-udd-fortalece-vinculos-academicos-en-espana-en-pro-de-estudiantes-y-academicos-de-la-carrera\/","name":"Directora de Nutrici\u00f3n y Diet\u00e9tica UDD fortalece v\u00ednculos acad\u00e9micos en Espa\u00f1a en pro de estudiantes y acad\u00e9micos de la carrera - Nutrici\u00f3n y Diet\u00e9tica","isPartOf":{"@id":"https:\/\/medicina.udd.cl\/nutricion-dietetica-santiago\/#website"},"primaryImageOfPage":{"@id":"https:\/\/medicina.udd.cl\/nutricion-dietetica-santiago\/noticias\/2024\/10\/23\/directora-de-nutricion-y-dietetica-udd-fortalece-vinculos-academicos-en-espana-en-pro-de-estudiantes-y-academicos-de-la-carrera\/#primaryimage"},"image":{"@id":"https:\/\/medicina.udd.cl\/nutricion-dietetica-santiago\/noticias\/2024\/10\/23\/directora-de-nutricion-y-dietetica-udd-fortalece-vinculos-academicos-en-espana-en-pro-de-estudiantes-y-academicos-de-la-carrera\/#primaryimage"},"thumbnailUrl":"https:\/\/medicina.udd.cl\/nutricion-dietetica-santiago\/files\/2024\/10\/1000172244.jpg","datePublished":"2024-10-23T16:29:09+00:00","dateModified":"2024-10-23T16:30:03+00:00","author":{"@id":"https:\/\/medicina.udd.cl\/nutricion-dietetica-santiago\/#\/schema\/person\/dbc3705bf3a93e8be1ba6de0ef950341"},"breadcrumb":{"@id":"https:\/\/medicina.udd.cl\/nutricion-dietetica-santiago\/noticias\/2024\/10\/23\/directora-de-nutricion-y-dietetica-udd-fortalece-vinculos-academicos-en-espana-en-pro-de-estudiantes-y-academicos-de-la-carrera\/#breadcrumb"},"inLanguage":"es","potentialAction":[{"@type":"ReadAction","target":["https:\/\/medicina.udd.cl\/nutricion-dietetica-santiago\/noticias\/2024\/10\/23\/directora-de-nutricion-y-dietetica-udd-fortalece-vinculos-academicos-en-espana-en-pro-de-estudiantes-y-academicos-de-la-carrera\/"]}]},{"@type":"ImageObject","inLanguage":"es","@id":"https:\/\/medicina.udd.cl\/nutricion-dietetica-santiago\/noticias\/2024\/10\/23\/directora-de-nutricion-y-dietetica-udd-fortalece-vinculos-academicos-en-espana-en-pro-de-estudiantes-y-academicos-de-la-carrera\/#primaryimage","url":"https:\/\/medicina.udd.cl\/nutricion-dietetica-santiago\/files\/2024\/10\/1000172244.jpg","contentUrl":"https:\/\/medicina.udd.cl\/nutricion-dietetica-santiago\/files\/2024\/10\/1000172244.jpg","width":1280,"height":1033},{"@type":"BreadcrumbList","@id":"https:\/\/medicina.udd.cl\/nutricion-dietetica-santiago\/noticias\/2024\/10\/23\/directora-de-nutricion-y-dietetica-udd-fortalece-vinculos-academicos-en-espana-en-pro-de-estudiantes-y-academicos-de-la-carrera\/#breadcrumb","itemListElement":[{"@type":"ListItem","position":1,"name":"Home","item":"https:\/\/medicina.udd.cl\/nutricion-dietetica-santiago\/"},{"@type":"ListItem","position":2,"name":"Directora de Nutrici\u00f3n y Diet\u00e9tica UDD fortalece v\u00ednculos acad\u00e9micos en Espa\u00f1a en pro de estudiantes y acad\u00e9micos de la carrera"}]},{"@type":"WebSite","@id":"https:\/\/medicina.udd.cl\/nutricion-dietetica-santiago\/#website","url":"https:\/\/medicina.udd.cl\/nutricion-dietetica-santiago\/","name":"Nutrici\u00f3n y Diet\u00e9tica","description":"Facultad de Medicina C\u00ednica Alemana Universidad del Desarrollo","inLanguage":"es"},{"@type":"Person","@id":"https:\/\/medicina.udd.cl\/nutricion-dietetica-santiago\/#\/schema\/person\/dbc3705bf3a93e8be1ba6de0ef950341","name":"rbraidy","image":{"@type":"ImageObject","inLanguage":"es","@id":"https:\/\/medicina.udd.cl\/nutricion-dietetica-santiago\/#\/schema\/person\/image\/","url":"https:\/\/secure.gravatar.com\/avatar\/0f8bc94637401590e45d2ce17eb65c274cb8870a219de6177f3f23e63fd8cdf3?s=96&d=mm&r=g","contentUrl":"https:\/\/secure.gravatar.com\/avatar\/0f8bc94637401590e45d2ce17eb65c274cb8870a219de6177f3f23e63fd8cdf3?s=96&d=mm&r=g","caption":"rbraidy"},"url":"https:\/\/medicina.udd.cl\/nutricion-dietetica-santiago\/noticias\/author\/rbraidy\/"}]}},"featured_image_url":"https:\/\/medicina.udd.cl\/nutricion-dietetica-santiago\/files\/2024\/10\/1000172244.jpg","_links":{"self":[{"href":"https:\/\/medicina.udd.cl\/nutricion-dietetica-santiago\/wp-json\/wp\/v2\/posts\/9130","targetHints":{"allow":["GET"]}}],"collection":[{"href":"https:\/\/medicina.udd.cl\/nutricion-dietetica-santiago\/wp-json\/wp\/v2\/posts"}],"about":[{"href":"https:\/\/medicina.udd.cl\/nutricion-dietetica-santiago\/wp-json\/wp\/v2\/types\/post"}],"author":[{"embeddable":true,"href":"https:\/\/medicina.udd.cl\/nutricion-dietetica-santiago\/wp-json\/wp\/v2\/users\/9192219"}],"replies":[{"embeddable":true,"href":"https:\/\/medicina.udd.cl\/nutricion-dietetica-santiago\/wp-json\/wp\/v2\/comments?post=9130"}],"version-history":[{"count":2,"href":"https:\/\/medicina.udd.cl\/nutricion-dietetica-santiago\/wp-json\/wp\/v2\/posts\/9130\/revisions"}],"predecessor-version":[{"id":9140,"href":"https:\/\/medicina.udd.cl\/nutricion-dietetica-santiago\/wp-json\/wp\/v2\/posts\/9130\/revisions\/9140"}],"wp:featuredmedia":[{"embeddable":true,"href":"https:\/\/medicina.udd.cl\/nutricion-dietetica-santiago\/wp-json\/wp\/v2\/media\/9137"}],"wp:attachment":[{"href":"https:\/\/medicina.udd.cl\/nutricion-dietetica-santiago\/wp-json\/wp\/v2\/media?parent=9130"}],"wp:term":[{"taxonomy":"category","embeddable":true,"href":"https:\/\/medicina.udd.cl\/nutricion-dietetica-santiago\/wp-json\/wp\/v2\/categories?post=9130"},{"taxonomy":"post_tag","embeddable":true,"href":"https:\/\/medicina.udd.cl\/nutricion-dietetica-santiago\/wp-json\/wp\/v2\/tags?post=9130"}],"curies":[{"name":"wp","href":"https:\/\/api.w.org\/{rel}","templated":true}]}}