{"id":1110,"date":"2022-06-02T09:23:06","date_gmt":"2022-06-02T13:23:06","guid":{"rendered":"https:\/\/medicina.udd.cl\/observatorio-bioetica-derecho\/?p=1110"},"modified":"2022-06-02T09:25:09","modified_gmt":"2022-06-02T13:25:09","slug":"altruismo-efectivo-y-riesgo-global-en-un-nuevo-seminario-academico-del-icim","status":"publish","type":"post","link":"https:\/\/medicina.udd.cl\/observatorio-bioetica-derecho\/noticias\/2022\/06\/02\/altruismo-efectivo-y-riesgo-global-en-un-nuevo-seminario-academico-del-icim\/","title":{"rendered":"\u201cAltruismo efectivo y riesgo global\u201d en un nuevo Seminario Acad\u00e9mico del ICIM"},"content":{"rendered":"\n<figure class=\"wp-block-gallery columns-4 is-cropped wp-block-gallery-1 is-layout-flex wp-block-gallery-is-layout-flex\"><ul class=\"blocks-gallery-grid\"><li class=\"blocks-gallery-item\"><figure><img loading=\"lazy\" decoding=\"async\" width=\"1024\" height=\"614\" src=\"https:\/\/medicina.udd.cl\/observatorio-bioetica-derecho\/files\/2022\/06\/Captura-de-pantalla-2022-06-02-a-las-09.05.27-1024x614.png\" alt=\"\" data-id=\"1111\" data-full-url=\"https:\/\/medicina.udd.cl\/observatorio-bioetica-derecho\/files\/2022\/06\/Captura-de-pantalla-2022-06-02-a-las-09.05.27.png\" data-link=\"https:\/\/medicina.udd.cl\/observatorio-bioetica-derecho\/?attachment_id=1111\" class=\"wp-image-1111\" srcset=\"https:\/\/medicina.udd.cl\/observatorio-bioetica-derecho\/files\/2022\/06\/Captura-de-pantalla-2022-06-02-a-las-09.05.27-1024x614.png 1024w, https:\/\/medicina.udd.cl\/observatorio-bioetica-derecho\/files\/2022\/06\/Captura-de-pantalla-2022-06-02-a-las-09.05.27-300x180.png 300w, https:\/\/medicina.udd.cl\/observatorio-bioetica-derecho\/files\/2022\/06\/Captura-de-pantalla-2022-06-02-a-las-09.05.27-768x460.png 768w, https:\/\/medicina.udd.cl\/observatorio-bioetica-derecho\/files\/2022\/06\/Captura-de-pantalla-2022-06-02-a-las-09.05.27-1536x921.png 1536w, https:\/\/medicina.udd.cl\/observatorio-bioetica-derecho\/files\/2022\/06\/Captura-de-pantalla-2022-06-02-a-las-09.05.27-2048x1228.png 2048w\" sizes=\"auto, (max-width: 1024px) 100vw, 1024px\" \/><\/figure><\/li><li class=\"blocks-gallery-item\"><figure><img loading=\"lazy\" decoding=\"async\" width=\"1024\" height=\"570\" src=\"https:\/\/medicina.udd.cl\/observatorio-bioetica-derecho\/files\/2022\/06\/Captura-de-pantalla-2022-06-02-a-las-09.19.49-1024x570.png\" alt=\"\" data-id=\"1114\" data-full-url=\"https:\/\/medicina.udd.cl\/observatorio-bioetica-derecho\/files\/2022\/06\/Captura-de-pantalla-2022-06-02-a-las-09.19.49.png\" data-link=\"https:\/\/medicina.udd.cl\/observatorio-bioetica-derecho\/?attachment_id=1114\" class=\"wp-image-1114\" srcset=\"https:\/\/medicina.udd.cl\/observatorio-bioetica-derecho\/files\/2022\/06\/Captura-de-pantalla-2022-06-02-a-las-09.19.49-1024x570.png 1024w, https:\/\/medicina.udd.cl\/observatorio-bioetica-derecho\/files\/2022\/06\/Captura-de-pantalla-2022-06-02-a-las-09.19.49-300x167.png 300w, https:\/\/medicina.udd.cl\/observatorio-bioetica-derecho\/files\/2022\/06\/Captura-de-pantalla-2022-06-02-a-las-09.19.49-768x427.png 768w, https:\/\/medicina.udd.cl\/observatorio-bioetica-derecho\/files\/2022\/06\/Captura-de-pantalla-2022-06-02-a-las-09.19.49.png 1226w\" sizes=\"auto, (max-width: 1024px) 100vw, 1024px\" \/><\/figure><\/li><li class=\"blocks-gallery-item\"><figure><img loading=\"lazy\" decoding=\"async\" width=\"1024\" height=\"590\" src=\"https:\/\/medicina.udd.cl\/observatorio-bioetica-derecho\/files\/2022\/06\/Captura-de-pantalla-2022-06-02-a-las-09.09.10-1024x590.png\" alt=\"\" data-id=\"1112\" data-full-url=\"https:\/\/medicina.udd.cl\/observatorio-bioetica-derecho\/files\/2022\/06\/Captura-de-pantalla-2022-06-02-a-las-09.09.10.png\" data-link=\"https:\/\/medicina.udd.cl\/observatorio-bioetica-derecho\/?attachment_id=1112\" class=\"wp-image-1112\" srcset=\"https:\/\/medicina.udd.cl\/observatorio-bioetica-derecho\/files\/2022\/06\/Captura-de-pantalla-2022-06-02-a-las-09.09.10-1024x590.png 1024w, https:\/\/medicina.udd.cl\/observatorio-bioetica-derecho\/files\/2022\/06\/Captura-de-pantalla-2022-06-02-a-las-09.09.10-300x173.png 300w, https:\/\/medicina.udd.cl\/observatorio-bioetica-derecho\/files\/2022\/06\/Captura-de-pantalla-2022-06-02-a-las-09.09.10-768x443.png 768w, https:\/\/medicina.udd.cl\/observatorio-bioetica-derecho\/files\/2022\/06\/Captura-de-pantalla-2022-06-02-a-las-09.09.10-1536x885.png 1536w, https:\/\/medicina.udd.cl\/observatorio-bioetica-derecho\/files\/2022\/06\/Captura-de-pantalla-2022-06-02-a-las-09.09.10.png 1864w\" sizes=\"auto, (max-width: 1024px) 100vw, 1024px\" \/><\/figure><\/li><li class=\"blocks-gallery-item\"><figure><img loading=\"lazy\" decoding=\"async\" width=\"1024\" height=\"538\" src=\"https:\/\/medicina.udd.cl\/observatorio-bioetica-derecho\/files\/2022\/06\/Captura-de-pantalla-2022-06-02-a-las-09.11.36-1024x538.png\" alt=\"\" data-id=\"1113\" data-full-url=\"https:\/\/medicina.udd.cl\/observatorio-bioetica-derecho\/files\/2022\/06\/Captura-de-pantalla-2022-06-02-a-las-09.11.36.png\" data-link=\"https:\/\/medicina.udd.cl\/observatorio-bioetica-derecho\/?attachment_id=1113\" class=\"wp-image-1113\" srcset=\"https:\/\/medicina.udd.cl\/observatorio-bioetica-derecho\/files\/2022\/06\/Captura-de-pantalla-2022-06-02-a-las-09.11.36-1024x538.png 1024w, https:\/\/medicina.udd.cl\/observatorio-bioetica-derecho\/files\/2022\/06\/Captura-de-pantalla-2022-06-02-a-las-09.11.36-300x158.png 300w, https:\/\/medicina.udd.cl\/observatorio-bioetica-derecho\/files\/2022\/06\/Captura-de-pantalla-2022-06-02-a-las-09.11.36-768x403.png 768w, https:\/\/medicina.udd.cl\/observatorio-bioetica-derecho\/files\/2022\/06\/Captura-de-pantalla-2022-06-02-a-las-09.11.36-288x150.png 288w, https:\/\/medicina.udd.cl\/observatorio-bioetica-derecho\/files\/2022\/06\/Captura-de-pantalla-2022-06-02-a-las-09.11.36-1536x807.png 1536w, https:\/\/medicina.udd.cl\/observatorio-bioetica-derecho\/files\/2022\/06\/Captura-de-pantalla-2022-06-02-a-las-09.11.36.png 1972w\" sizes=\"auto, (max-width: 1024px) 100vw, 1024px\" \/><\/figure><\/li><\/ul><\/figure>\n\n\n\n<p>\u201cAltruismo efectivo y riesgo global: aproximaciones \u00e9ticas y normativas a\nuna gobernanza planetaria para el futuro de la humanidad\u201d, fue el nombre de la\ncharla dictada por Erick Vald\u00e9s, en el marco de un nuevo Seminario Acad\u00e9mico\ndel Instituto de Ciencias e Innovaci\u00f3n en Medicina (ICIM) de la Universidad del\nDesarrollo (UDD). <\/p>\n\n\n\n<p>Erick Vald\u00e9s es profesor titular de la Facultad de Medicina Cl\u00ednica Alemana\nUniversidad del Desarrollo e investigador del Observatorio de Bio\u00e9tica y\nDerecho del ICIM. Previamente hab\u00eda sido parte de la UDD, entre los a\u00f1os 2014 y\n2017, per\u00edodo en el que particip\u00f3 en potenciar al \u00e1rea de la \u00e9tica pr\u00e1ctica y del\nbioderecho en la UDD. <\/p>\n\n\n\n<p>Su charla se enmarca en su l\u00ednea de investigaci\u00f3n y c\u00f3mo \u00e9sta conecta con el proyecto que postular\u00e1 pr\u00f3ximamente a un concurso Fondecyt.\u00a0 A su vez, hizo un recorrido por su trayectoria, junto con profundizar en la disciplina del bioderecho, en cuanto a su estatuto y distintas aplicaciones, y c\u00f3mo su definici\u00f3n se ha ido reconfigurando. <\/p>\n\n\n\n<p>En este contexto, present\u00f3 algunos de sus trabajos en el \u00e1mbito y los\ndistintos libros que ha escrito sobre el tema, entre ellos, el titulado \u201cBiolaw\nand Policy in the Twenty-First Century: Building Answers for New Questions\u201d, realizado\njunto al profesor Juan Alberto Lecaros, director del Observatorio de Bio\u00e9tica\ndel ICIM UDD. Adem\u00e1s, profundiz\u00f3 en los conceptos de altruismo efectivo y su\nimpacto en la salud global. &nbsp;<\/p>\n","protected":false},"excerpt":{"rendered":"<p>\u201cAltruismo efectivo y riesgo global: aproximaciones \u00e9ticas y normativas a una gobernanza planetaria para el futuro de la humanidad\u201d, fue el nombre de la charla dictada por Erick Vald\u00e9s, en el marco de un nuevo Seminario Acad\u00e9mico del Instituto de Ciencias e Innovaci\u00f3n en Medicina (ICIM) de la Universidad del Desarrollo (UDD). Erick Vald\u00e9s es [&hellip;]<\/p>\n","protected":false},"author":42,"featured_media":1114,"comment_status":"open","ping_status":"open","sticky":false,"template":"","format":"standard","meta":{"footnotes":""},"categories":[4],"tags":[],"class_list":["post-1110","post","type-post","status-publish","format-standard","has-post-thumbnail","hentry","category-noticias"],"yoast_head":"<!-- This site is optimized with the Yoast SEO plugin v26.9 - https:\/\/yoast.com\/product\/yoast-seo-wordpress\/ -->\n<title>\u201cAltruismo efectivo y riesgo global\u201d en un nuevo Seminario Acad\u00e9mico del ICIM - Observatorio de Bio\u00e9tica y Derecho<\/title>\n<meta name=\"robots\" content=\"index, follow, max-snippet:-1, max-image-preview:large, max-video-preview:-1\" \/>\n<link rel=\"canonical\" href=\"https:\/\/medicina.udd.cl\/observatorio-bioetica-derecho\/noticias\/2022\/06\/02\/altruismo-efectivo-y-riesgo-global-en-un-nuevo-seminario-academico-del-icim\/\" \/>\n<meta property=\"og:locale\" content=\"es_ES\" \/>\n<meta property=\"og:type\" content=\"article\" \/>\n<meta property=\"og:title\" content=\"\u201cAltruismo efectivo y riesgo global\u201d en un nuevo Seminario Acad\u00e9mico del ICIM - Observatorio de Bio\u00e9tica y Derecho\" \/>\n<meta property=\"og:description\" content=\"\u201cAltruismo efectivo y riesgo global: aproximaciones \u00e9ticas y normativas a una gobernanza planetaria para el futuro de la humanidad\u201d, fue el nombre de la charla dictada por Erick Vald\u00e9s, en el marco de un nuevo Seminario Acad\u00e9mico del Instituto de Ciencias e Innovaci\u00f3n en Medicina (ICIM) de la Universidad del Desarrollo (UDD). Erick Vald\u00e9s es [&hellip;]\" \/>\n<meta property=\"og:url\" content=\"https:\/\/medicina.udd.cl\/observatorio-bioetica-derecho\/noticias\/2022\/06\/02\/altruismo-efectivo-y-riesgo-global-en-un-nuevo-seminario-academico-del-icim\/\" \/>\n<meta property=\"og:site_name\" content=\"Observatorio de Bio\u00e9tica y Derecho\" \/>\n<meta property=\"article:published_time\" content=\"2022-06-02T13:23:06+00:00\" \/>\n<meta property=\"article:modified_time\" content=\"2022-06-02T13:25:09+00:00\" \/>\n<meta property=\"og:image\" content=\"https:\/\/medicina.udd.cl\/observatorio-bioetica-derecho\/files\/2022\/06\/Captura-de-pantalla-2022-06-02-a-las-09.19.49.png\" \/>\n\t<meta property=\"og:image:width\" content=\"1226\" \/>\n\t<meta property=\"og:image:height\" content=\"682\" \/>\n\t<meta property=\"og:image:type\" content=\"image\/png\" \/>\n<meta name=\"twitter:label1\" content=\"Escrito por\" \/>\n\t<meta name=\"twitter:data1\" content=\"\" \/>\n\t<meta name=\"twitter:label2\" content=\"Tiempo de lectura\" \/>\n\t<meta name=\"twitter:data2\" content=\"1 minuto\" \/>\n<script type=\"application\/ld+json\" class=\"yoast-schema-graph\">{\"@context\":\"https:\/\/schema.org\",\"@graph\":[{\"@type\":\"Article\",\"@id\":\"https:\/\/medicina.udd.cl\/observatorio-bioetica-derecho\/noticias\/2022\/06\/02\/altruismo-efectivo-y-riesgo-global-en-un-nuevo-seminario-academico-del-icim\/#article\",\"isPartOf\":{\"@id\":\"https:\/\/medicina.udd.cl\/observatorio-bioetica-derecho\/noticias\/2022\/06\/02\/altruismo-efectivo-y-riesgo-global-en-un-nuevo-seminario-academico-del-icim\/\"},\"author\":{\"name\":\"\",\"@id\":\"\"},\"headline\":\"\u201cAltruismo efectivo y riesgo global\u201d en un nuevo Seminario Acad\u00e9mico del ICIM\",\"datePublished\":\"2022-06-02T13:23:06+00:00\",\"dateModified\":\"2022-06-02T13:25:09+00:00\",\"mainEntityOfPage\":{\"@id\":\"https:\/\/medicina.udd.cl\/observatorio-bioetica-derecho\/noticias\/2022\/06\/02\/altruismo-efectivo-y-riesgo-global-en-un-nuevo-seminario-academico-del-icim\/\"},\"wordCount\":262,\"commentCount\":0,\"image\":{\"@id\":\"https:\/\/medicina.udd.cl\/observatorio-bioetica-derecho\/noticias\/2022\/06\/02\/altruismo-efectivo-y-riesgo-global-en-un-nuevo-seminario-academico-del-icim\/#primaryimage\"},\"thumbnailUrl\":\"https:\/\/medicina.udd.cl\/observatorio-bioetica-derecho\/files\/2022\/06\/Captura-de-pantalla-2022-06-02-a-las-09.19.49.png\",\"articleSection\":[\"Noticias\"],\"inLanguage\":\"es\",\"potentialAction\":[{\"@type\":\"CommentAction\",\"name\":\"Comment\",\"target\":[\"https:\/\/medicina.udd.cl\/observatorio-bioetica-derecho\/noticias\/2022\/06\/02\/altruismo-efectivo-y-riesgo-global-en-un-nuevo-seminario-academico-del-icim\/#respond\"]}]},{\"@type\":\"WebPage\",\"@id\":\"https:\/\/medicina.udd.cl\/observatorio-bioetica-derecho\/noticias\/2022\/06\/02\/altruismo-efectivo-y-riesgo-global-en-un-nuevo-seminario-academico-del-icim\/\",\"url\":\"https:\/\/medicina.udd.cl\/observatorio-bioetica-derecho\/noticias\/2022\/06\/02\/altruismo-efectivo-y-riesgo-global-en-un-nuevo-seminario-academico-del-icim\/\",\"name\":\"\u201cAltruismo efectivo y riesgo global\u201d en un nuevo Seminario Acad\u00e9mico del ICIM - Observatorio de Bio\u00e9tica y Derecho\",\"isPartOf\":{\"@id\":\"https:\/\/medicina.udd.cl\/observatorio-bioetica-derecho\/#website\"},\"primaryImageOfPage\":{\"@id\":\"https:\/\/medicina.udd.cl\/observatorio-bioetica-derecho\/noticias\/2022\/06\/02\/altruismo-efectivo-y-riesgo-global-en-un-nuevo-seminario-academico-del-icim\/#primaryimage\"},\"image\":{\"@id\":\"https:\/\/medicina.udd.cl\/observatorio-bioetica-derecho\/noticias\/2022\/06\/02\/altruismo-efectivo-y-riesgo-global-en-un-nuevo-seminario-academico-del-icim\/#primaryimage\"},\"thumbnailUrl\":\"https:\/\/medicina.udd.cl\/observatorio-bioetica-derecho\/files\/2022\/06\/Captura-de-pantalla-2022-06-02-a-las-09.19.49.png\",\"datePublished\":\"2022-06-02T13:23:06+00:00\",\"dateModified\":\"2022-06-02T13:25:09+00:00\",\"author\":{\"@id\":\"\"},\"breadcrumb\":{\"@id\":\"https:\/\/medicina.udd.cl\/observatorio-bioetica-derecho\/noticias\/2022\/06\/02\/altruismo-efectivo-y-riesgo-global-en-un-nuevo-seminario-academico-del-icim\/#breadcrumb\"},\"inLanguage\":\"es\",\"potentialAction\":[{\"@type\":\"ReadAction\",\"target\":[\"https:\/\/medicina.udd.cl\/observatorio-bioetica-derecho\/noticias\/2022\/06\/02\/altruismo-efectivo-y-riesgo-global-en-un-nuevo-seminario-academico-del-icim\/\"]}]},{\"@type\":\"ImageObject\",\"inLanguage\":\"es\",\"@id\":\"https:\/\/medicina.udd.cl\/observatorio-bioetica-derecho\/noticias\/2022\/06\/02\/altruismo-efectivo-y-riesgo-global-en-un-nuevo-seminario-academico-del-icim\/#primaryimage\",\"url\":\"https:\/\/medicina.udd.cl\/observatorio-bioetica-derecho\/files\/2022\/06\/Captura-de-pantalla-2022-06-02-a-las-09.19.49.png\",\"contentUrl\":\"https:\/\/medicina.udd.cl\/observatorio-bioetica-derecho\/files\/2022\/06\/Captura-de-pantalla-2022-06-02-a-las-09.19.49.png\",\"width\":1226,\"height\":682},{\"@type\":\"BreadcrumbList\",\"@id\":\"https:\/\/medicina.udd.cl\/observatorio-bioetica-derecho\/noticias\/2022\/06\/02\/altruismo-efectivo-y-riesgo-global-en-un-nuevo-seminario-academico-del-icim\/#breadcrumb\",\"itemListElement\":[{\"@type\":\"ListItem\",\"position\":1,\"name\":\"Home\",\"item\":\"https:\/\/medicina.udd.cl\/observatorio-bioetica-derecho\/\"},{\"@type\":\"ListItem\",\"position\":2,\"name\":\"\u201cAltruismo efectivo y riesgo global\u201d en un nuevo Seminario Acad\u00e9mico del ICIM\"}]},{\"@type\":\"WebSite\",\"@id\":\"https:\/\/medicina.udd.cl\/observatorio-bioetica-derecho\/#website\",\"url\":\"https:\/\/medicina.udd.cl\/observatorio-bioetica-derecho\/\",\"name\":\"Observatorio de Bio\u00e9tica y Derecho\",\"description\":\"Observatorio de Bio\u00e9tica y Derecho\",\"inLanguage\":\"es\"},{\"@type\":\"Person\",\"@id\":\"\",\"url\":\"https:\/\/medicina.udd.cl\/observatorio-bioetica-derecho\/noticias\/author\/\"}]}<\/script>\n<!-- \/ Yoast SEO plugin. -->","yoast_head_json":{"title":"\u201cAltruismo efectivo y riesgo global\u201d en un nuevo Seminario Acad\u00e9mico del ICIM - Observatorio de Bio\u00e9tica y Derecho","robots":{"index":"index","follow":"follow","max-snippet":"max-snippet:-1","max-image-preview":"max-image-preview:large","max-video-preview":"max-video-preview:-1"},"canonical":"https:\/\/medicina.udd.cl\/observatorio-bioetica-derecho\/noticias\/2022\/06\/02\/altruismo-efectivo-y-riesgo-global-en-un-nuevo-seminario-academico-del-icim\/","og_locale":"es_ES","og_type":"article","og_title":"\u201cAltruismo efectivo y riesgo global\u201d en un nuevo Seminario Acad\u00e9mico del ICIM - Observatorio de Bio\u00e9tica y Derecho","og_description":"\u201cAltruismo efectivo y riesgo global: aproximaciones \u00e9ticas y normativas a una gobernanza planetaria para el futuro de la humanidad\u201d, fue el nombre de la charla dictada por Erick Vald\u00e9s, en el marco de un nuevo Seminario Acad\u00e9mico del Instituto de Ciencias e Innovaci\u00f3n en Medicina (ICIM) de la Universidad del Desarrollo (UDD). Erick Vald\u00e9s es [&hellip;]","og_url":"https:\/\/medicina.udd.cl\/observatorio-bioetica-derecho\/noticias\/2022\/06\/02\/altruismo-efectivo-y-riesgo-global-en-un-nuevo-seminario-academico-del-icim\/","og_site_name":"Observatorio de Bio\u00e9tica y Derecho","article_published_time":"2022-06-02T13:23:06+00:00","article_modified_time":"2022-06-02T13:25:09+00:00","og_image":[{"width":1226,"height":682,"url":"https:\/\/medicina.udd.cl\/observatorio-bioetica-derecho\/files\/2022\/06\/Captura-de-pantalla-2022-06-02-a-las-09.19.49.png","type":"image\/png"}],"twitter_misc":{"Escrito por":"","Tiempo de lectura":"1 minuto"},"schema":{"@context":"https:\/\/schema.org","@graph":[{"@type":"Article","@id":"https:\/\/medicina.udd.cl\/observatorio-bioetica-derecho\/noticias\/2022\/06\/02\/altruismo-efectivo-y-riesgo-global-en-un-nuevo-seminario-academico-del-icim\/#article","isPartOf":{"@id":"https:\/\/medicina.udd.cl\/observatorio-bioetica-derecho\/noticias\/2022\/06\/02\/altruismo-efectivo-y-riesgo-global-en-un-nuevo-seminario-academico-del-icim\/"},"author":{"name":"","@id":""},"headline":"\u201cAltruismo efectivo y riesgo global\u201d en un nuevo Seminario Acad\u00e9mico del ICIM","datePublished":"2022-06-02T13:23:06+00:00","dateModified":"2022-06-02T13:25:09+00:00","mainEntityOfPage":{"@id":"https:\/\/medicina.udd.cl\/observatorio-bioetica-derecho\/noticias\/2022\/06\/02\/altruismo-efectivo-y-riesgo-global-en-un-nuevo-seminario-academico-del-icim\/"},"wordCount":262,"commentCount":0,"image":{"@id":"https:\/\/medicina.udd.cl\/observatorio-bioetica-derecho\/noticias\/2022\/06\/02\/altruismo-efectivo-y-riesgo-global-en-un-nuevo-seminario-academico-del-icim\/#primaryimage"},"thumbnailUrl":"https:\/\/medicina.udd.cl\/observatorio-bioetica-derecho\/files\/2022\/06\/Captura-de-pantalla-2022-06-02-a-las-09.19.49.png","articleSection":["Noticias"],"inLanguage":"es","potentialAction":[{"@type":"CommentAction","name":"Comment","target":["https:\/\/medicina.udd.cl\/observatorio-bioetica-derecho\/noticias\/2022\/06\/02\/altruismo-efectivo-y-riesgo-global-en-un-nuevo-seminario-academico-del-icim\/#respond"]}]},{"@type":"WebPage","@id":"https:\/\/medicina.udd.cl\/observatorio-bioetica-derecho\/noticias\/2022\/06\/02\/altruismo-efectivo-y-riesgo-global-en-un-nuevo-seminario-academico-del-icim\/","url":"https:\/\/medicina.udd.cl\/observatorio-bioetica-derecho\/noticias\/2022\/06\/02\/altruismo-efectivo-y-riesgo-global-en-un-nuevo-seminario-academico-del-icim\/","name":"\u201cAltruismo efectivo y riesgo global\u201d en un nuevo Seminario Acad\u00e9mico del ICIM - Observatorio de Bio\u00e9tica y Derecho","isPartOf":{"@id":"https:\/\/medicina.udd.cl\/observatorio-bioetica-derecho\/#website"},"primaryImageOfPage":{"@id":"https:\/\/medicina.udd.cl\/observatorio-bioetica-derecho\/noticias\/2022\/06\/02\/altruismo-efectivo-y-riesgo-global-en-un-nuevo-seminario-academico-del-icim\/#primaryimage"},"image":{"@id":"https:\/\/medicina.udd.cl\/observatorio-bioetica-derecho\/noticias\/2022\/06\/02\/altruismo-efectivo-y-riesgo-global-en-un-nuevo-seminario-academico-del-icim\/#primaryimage"},"thumbnailUrl":"https:\/\/medicina.udd.cl\/observatorio-bioetica-derecho\/files\/2022\/06\/Captura-de-pantalla-2022-06-02-a-las-09.19.49.png","datePublished":"2022-06-02T13:23:06+00:00","dateModified":"2022-06-02T13:25:09+00:00","author":{"@id":""},"breadcrumb":{"@id":"https:\/\/medicina.udd.cl\/observatorio-bioetica-derecho\/noticias\/2022\/06\/02\/altruismo-efectivo-y-riesgo-global-en-un-nuevo-seminario-academico-del-icim\/#breadcrumb"},"inLanguage":"es","potentialAction":[{"@type":"ReadAction","target":["https:\/\/medicina.udd.cl\/observatorio-bioetica-derecho\/noticias\/2022\/06\/02\/altruismo-efectivo-y-riesgo-global-en-un-nuevo-seminario-academico-del-icim\/"]}]},{"@type":"ImageObject","inLanguage":"es","@id":"https:\/\/medicina.udd.cl\/observatorio-bioetica-derecho\/noticias\/2022\/06\/02\/altruismo-efectivo-y-riesgo-global-en-un-nuevo-seminario-academico-del-icim\/#primaryimage","url":"https:\/\/medicina.udd.cl\/observatorio-bioetica-derecho\/files\/2022\/06\/Captura-de-pantalla-2022-06-02-a-las-09.19.49.png","contentUrl":"https:\/\/medicina.udd.cl\/observatorio-bioetica-derecho\/files\/2022\/06\/Captura-de-pantalla-2022-06-02-a-las-09.19.49.png","width":1226,"height":682},{"@type":"BreadcrumbList","@id":"https:\/\/medicina.udd.cl\/observatorio-bioetica-derecho\/noticias\/2022\/06\/02\/altruismo-efectivo-y-riesgo-global-en-un-nuevo-seminario-academico-del-icim\/#breadcrumb","itemListElement":[{"@type":"ListItem","position":1,"name":"Home","item":"https:\/\/medicina.udd.cl\/observatorio-bioetica-derecho\/"},{"@type":"ListItem","position":2,"name":"\u201cAltruismo efectivo y riesgo global\u201d en un nuevo Seminario Acad\u00e9mico del ICIM"}]},{"@type":"WebSite","@id":"https:\/\/medicina.udd.cl\/observatorio-bioetica-derecho\/#website","url":"https:\/\/medicina.udd.cl\/observatorio-bioetica-derecho\/","name":"Observatorio de Bio\u00e9tica y Derecho","description":"Observatorio de Bio\u00e9tica y Derecho","inLanguage":"es"},{"@type":"Person","@id":"","url":"https:\/\/medicina.udd.cl\/observatorio-bioetica-derecho\/noticias\/author\/"}]}},"featured_image_url":"https:\/\/medicina.udd.cl\/observatorio-bioetica-derecho\/files\/2022\/06\/Captura-de-pantalla-2022-06-02-a-las-09.19.49.png","_links":{"self":[{"href":"https:\/\/medicina.udd.cl\/observatorio-bioetica-derecho\/wp-json\/wp\/v2\/posts\/1110","targetHints":{"allow":["GET"]}}],"collection":[{"href":"https:\/\/medicina.udd.cl\/observatorio-bioetica-derecho\/wp-json\/wp\/v2\/posts"}],"about":[{"href":"https:\/\/medicina.udd.cl\/observatorio-bioetica-derecho\/wp-json\/wp\/v2\/types\/post"}],"author":[{"embeddable":true,"href":"https:\/\/medicina.udd.cl\/observatorio-bioetica-derecho\/wp-json\/wp\/v2\/users\/42"}],"replies":[{"embeddable":true,"href":"https:\/\/medicina.udd.cl\/observatorio-bioetica-derecho\/wp-json\/wp\/v2\/comments?post=1110"}],"version-history":[{"count":3,"href":"https:\/\/medicina.udd.cl\/observatorio-bioetica-derecho\/wp-json\/wp\/v2\/posts\/1110\/revisions"}],"predecessor-version":[{"id":1117,"href":"https:\/\/medicina.udd.cl\/observatorio-bioetica-derecho\/wp-json\/wp\/v2\/posts\/1110\/revisions\/1117"}],"wp:featuredmedia":[{"embeddable":true,"href":"https:\/\/medicina.udd.cl\/observatorio-bioetica-derecho\/wp-json\/wp\/v2\/media\/1114"}],"wp:attachment":[{"href":"https:\/\/medicina.udd.cl\/observatorio-bioetica-derecho\/wp-json\/wp\/v2\/media?parent=1110"}],"wp:term":[{"taxonomy":"category","embeddable":true,"href":"https:\/\/medicina.udd.cl\/observatorio-bioetica-derecho\/wp-json\/wp\/v2\/categories?post=1110"},{"taxonomy":"post_tag","embeddable":true,"href":"https:\/\/medicina.udd.cl\/observatorio-bioetica-derecho\/wp-json\/wp\/v2\/tags?post=1110"}],"curies":[{"name":"wp","href":"https:\/\/api.w.org\/{rel}","templated":true}]}}