{"id":126,"date":"2013-07-04T09:31:55","date_gmt":"2013-07-04T13:31:55","guid":{"rendered":"http:\/\/medicina.udd.cl\/observatorio-bioetica-derecho\/?p=126"},"modified":"2013-12-16T15:29:40","modified_gmt":"2013-12-16T18:29:40","slug":"foro-de-bioetica-derecho-decisiones-al-final-de-la-vida","status":"publish","type":"post","link":"https:\/\/medicina.udd.cl\/observatorio-bioetica-derecho\/noticias\/2013\/07\/04\/foro-de-bioetica-derecho-decisiones-al-final-de-la-vida\/","title":{"rendered":"Foro de Bio\u00e9tica &#038; Derecho: \u00abDecisiones al final de la vida\u00bb"},"content":{"rendered":"<div id=\"gallery-1\" class=\"carousel slide carousel-gallery\" data-ride=\"false\" data-interval=\"false\"><div class=\"carousel-inner\" role=\"listbox\"><figure class=\"carousel-item active\"><img loading=\"lazy\" decoding=\"async\" width=\"527\" height=\"450\" src=\"https:\/\/medicina.udd.cl\/observatorio-bioetica-derecho\/files\/2013\/07\/Organizadores-expositores-y-decano-Facultad-de-Medicina-CAS-UDD.jpg\" class=\"attachment-landscape_952 size-landscape_952 lazyload\" alt=\"\" sizes=\"auto, (max-width: 527px) 100vw, 527px\" data-src=\"https:\/\/medicina.udd.cl\/observatorio-bioetica-derecho\/files\/2013\/07\/Organizadores-expositores-y-decano-Facultad-de-Medicina-CAS-UDD.jpg\" data-srcset=\"https:\/\/medicina.udd.cl\/observatorio-bioetica-derecho\/files\/2013\/07\/Organizadores-expositores-y-decano-Facultad-de-Medicina-CAS-UDD.jpg 527w, https:\/\/medicina.udd.cl\/observatorio-bioetica-derecho\/files\/2013\/07\/Organizadores-expositores-y-decano-Facultad-de-Medicina-CAS-UDD-300x256.jpg 300w\" \/><\/figure><figure class=\"carousel-item\"><img loading=\"lazy\" decoding=\"async\" width=\"675\" height=\"450\" src=\"https:\/\/medicina.udd.cl\/observatorio-bioetica-derecho\/files\/2013\/07\/Alberto-Lecaros-doctor-Juan-Pablo-Beca-y-Alejandro-Leiva.jpg\" class=\"attachment-landscape_952 size-landscape_952 lazyload\" alt=\"\" sizes=\"auto, (max-width: 675px) 100vw, 675px\" data-src=\"https:\/\/medicina.udd.cl\/observatorio-bioetica-derecho\/files\/2013\/07\/Alberto-Lecaros-doctor-Juan-Pablo-Beca-y-Alejandro-Leiva.jpg\" data-srcset=\"https:\/\/medicina.udd.cl\/observatorio-bioetica-derecho\/files\/2013\/07\/Alberto-Lecaros-doctor-Juan-Pablo-Beca-y-Alejandro-Leiva.jpg 675w, https:\/\/medicina.udd.cl\/observatorio-bioetica-derecho\/files\/2013\/07\/Alberto-Lecaros-doctor-Juan-Pablo-Beca-y-Alejandro-Leiva-300x200.jpg 300w\" \/><\/figure><figure class=\"carousel-item\"><img loading=\"lazy\" decoding=\"async\" width=\"675\" height=\"450\" src=\"https:\/\/medicina.udd.cl\/observatorio-bioetica-derecho\/files\/2013\/07\/Asistentes.jpg\" class=\"attachment-landscape_952 size-landscape_952 lazyload\" alt=\"\" sizes=\"auto, (max-width: 675px) 100vw, 675px\" data-src=\"https:\/\/medicina.udd.cl\/observatorio-bioetica-derecho\/files\/2013\/07\/Asistentes.jpg\" data-srcset=\"https:\/\/medicina.udd.cl\/observatorio-bioetica-derecho\/files\/2013\/07\/Asistentes.jpg 675w, https:\/\/medicina.udd.cl\/observatorio-bioetica-derecho\/files\/2013\/07\/Asistentes-300x200.jpg 300w\" \/><\/figure><figure class=\"carousel-item\"><img loading=\"lazy\" decoding=\"async\" width=\"675\" height=\"450\" src=\"https:\/\/medicina.udd.cl\/observatorio-bioetica-derecho\/files\/2013\/07\/Durante-el-foro.jpg\" class=\"attachment-landscape_952 size-landscape_952 lazyload\" alt=\"\" sizes=\"auto, (max-width: 675px) 100vw, 675px\" data-src=\"https:\/\/medicina.udd.cl\/observatorio-bioetica-derecho\/files\/2013\/07\/Durante-el-foro.jpg\" data-srcset=\"https:\/\/medicina.udd.cl\/observatorio-bioetica-derecho\/files\/2013\/07\/Durante-el-foro.jpg 675w, https:\/\/medicina.udd.cl\/observatorio-bioetica-derecho\/files\/2013\/07\/Durante-el-foro-300x200.jpg 300w\" \/><\/figure><\/div><footer class=\"carousel-footer\"><div class=\"carousel-counter\"><span class=\"carousel-counter-current\"><\/span> \/ <span class=\"carousel-counter-total\"><\/span><\/div><a class=\"carousel-control-prev\" href=\"#gallery-1\" role=\"button\" data-slide=\"prev\"><svg aria-hidden=\"true\" class=\"svg-chevron-left-dims\"><use xlink:href='https:\/\/medicina.udd.cl\/observatorio-bioetica-derecho\/wp-content\/themes\/facultades-2018\/assets\/img\/svg\/dist\/main.svg?version=1695853099#chevron-left'><\/use><\/svg><span class=\"sr-only\">Anterior<\/span><\/a><a class=\"carousel-control-next\" href=\"#gallery-1\" role=\"button\" data-slide=\"next\"><svg aria-hidden=\"true\" class=\"svg-chevron-right-dims\"><use xlink:href='https:\/\/medicina.udd.cl\/observatorio-bioetica-derecho\/wp-content\/themes\/facultades-2018\/assets\/img\/svg\/dist\/main.svg?version=1695853099#chevron-right'><\/use><\/svg><span class=\"sr-only\">Siguiente<\/span><\/a><\/footer><\/div>\n<p>Las implicancias \u00e9ticas, m\u00e9dicas y legales en torno a las decisiones que se toman frente a pacientes que no tienen posibilidades de recuperaci\u00f3n, fueron los ejes de discusi\u00f3n del <strong>Foro Interfacultades del\u00a0Observatorio de Bio\u00e9tica &amp; Derecho<\/strong> de la\u00a0<strong>Universidad del Desarrollo<\/strong>, denominado <strong>\u201cDecisiones al final de la vida: una visi\u00f3n \u00e9tica y jur\u00eddica\u201d<\/strong>.<\/p>\n<p>La actividad, organizada en su totalidad por los ayudantes alumnos del Observatorio, convoc\u00f3 a m\u00e1s de 60 asistentes y cont\u00f3 con las ponencias del <strong>doctor\u00a0Juan Pablo Beca<\/strong>, <strong>director del Centro de Bio\u00e9tica\u00a0de la\u00a0Facultad de Medicina CAS \u2013 UDD<\/strong>, y del abogado Alejandro Leiva, docente de la carrera de\u00a0<strong>Derecho UDD<\/strong>.<\/p>\n<p>En este contexto, algunos de los temas tratados fueron el uso de tratamientos f\u00fatiles en pacientes que no se recuperar\u00e1n, prolongar la vida de una persona desvinculada del medio, el temor cultural y desconocimiento de las sociedades ante conceptos como la eutanasia, la diferencia entre provocar la muerte y permitirla, el respeto a la vida, la dignidad de las personas, el deber profesional de los m\u00e9dicos y el marco legal existente en Chile, entre otros.<\/p>\n<p>Adem\u00e1s de escuchar las exposiciones de los especialistas, los alumnos asistentes tuvieron la oportunidad de hacer preguntas, resolver dudas y analizar el caso real de una ni\u00f1a argentina y sus padres, quienes solicitaron en su pa\u00eds \u201cuna muerte digna\u201d para su hija, logrando incluso cambios en el marco regulatorio existente.<\/p>\n<p>Para el director del\u00a0<strong>Observatorio de Bio\u00e9tica &amp; Derecho, Alberto Lecaros<\/strong>, este evento \u201ctuvo el m\u00e9rito de ser organizado en su totalidad por los alumnos ayudantes del Observatorio, adem\u00e1s de cumplir con la proyecci\u00f3n que quiere darle nuestro rector a la Universidad: interdisciplinariedad\u201d.<\/p>\n<p>A esto, agrega que este tipo de actividades son importantes \u201cpuesto que alumnos de facultades distintas comparten e intercambian experiencias, conocimientos y reflexiones de sus propias disciplinas. A su vez, a trav\u00e9s de di\u00e1logo y el debate, adquieren capacidades cr\u00edticas para razonar sobre conflictos \u00e9ticos y jur\u00eddicos, a los cuales sin duda se ver\u00e1n expuestos como profesionales\u201d.<\/p>\n","protected":false},"excerpt":{"rendered":"<p>Qu\u00e9 ocurre cuando un paciente no tiene posibilidades de recuperaci\u00f3n fue el eje de esta actividad en la Facultad de Medicina CAS-UDD. <\/p>\n","protected":false},"author":9192194,"featured_media":250,"comment_status":"open","ping_status":"open","sticky":false,"template":"","format":"standard","meta":{"footnotes":""},"categories":[4],"tags":[],"class_list":["post-126","post","type-post","status-publish","format-standard","has-post-thumbnail","hentry","category-noticias"],"yoast_head":"<!-- This site is optimized with the Yoast SEO plugin v26.9 - https:\/\/yoast.com\/product\/yoast-seo-wordpress\/ -->\n<title>Foro de Bio\u00e9tica y Derecho en la UDD<\/title>\n<meta name=\"description\" content=\"Implicancias \u00e9ticas y legales cuando un paciente no tiene posibilidades de recuperaci\u00f3n fueron analizadas en encuentro en la Facultad de Medicina CAS-UDD.\" \/>\n<meta name=\"robots\" content=\"index, follow, max-snippet:-1, max-image-preview:large, max-video-preview:-1\" \/>\n<link rel=\"canonical\" href=\"https:\/\/medicina.udd.cl\/observatorio-bioetica-derecho\/noticias\/2013\/07\/04\/foro-de-bioetica-derecho-decisiones-al-final-de-la-vida\/\" \/>\n<meta property=\"og:locale\" content=\"es_ES\" \/>\n<meta property=\"og:type\" content=\"article\" \/>\n<meta property=\"og:title\" content=\"Foro de Bio\u00e9tica y Derecho en la UDD\" \/>\n<meta property=\"og:description\" content=\"Implicancias \u00e9ticas y legales cuando un paciente no tiene posibilidades de recuperaci\u00f3n fueron analizadas en encuentro en la Facultad de Medicina CAS-UDD.\" \/>\n<meta property=\"og:url\" content=\"https:\/\/medicina.udd.cl\/observatorio-bioetica-derecho\/noticias\/2013\/07\/04\/foro-de-bioetica-derecho-decisiones-al-final-de-la-vida\/\" \/>\n<meta property=\"og:site_name\" content=\"Observatorio de Bio\u00e9tica y Derecho\" \/>\n<meta property=\"article:published_time\" content=\"2013-07-04T13:31:55+00:00\" \/>\n<meta property=\"article:modified_time\" content=\"2013-12-16T18:29:40+00:00\" \/>\n<meta property=\"og:image\" content=\"https:\/\/medicina.udd.cl\/observatorio-bioetica-derecho\/files\/2013\/07\/Organizadores-expositores-y-decano-Facultad-de-Medicina-CAS-UDD.jpg\" \/>\n\t<meta property=\"og:image:width\" content=\"527\" \/>\n\t<meta property=\"og:image:height\" content=\"450\" \/>\n\t<meta property=\"og:image:type\" content=\"image\/jpeg\" \/>\n<meta name=\"author\" content=\"anaramirez\" \/>\n<meta name=\"twitter:label1\" content=\"Escrito por\" \/>\n\t<meta name=\"twitter:data1\" content=\"anaramirez\" \/>\n\t<meta name=\"twitter:label2\" content=\"Tiempo de lectura\" \/>\n\t<meta name=\"twitter:data2\" content=\"2 minutos\" \/>\n<script type=\"application\/ld+json\" class=\"yoast-schema-graph\">{\"@context\":\"https:\/\/schema.org\",\"@graph\":[{\"@type\":\"Article\",\"@id\":\"https:\/\/medicina.udd.cl\/observatorio-bioetica-derecho\/noticias\/2013\/07\/04\/foro-de-bioetica-derecho-decisiones-al-final-de-la-vida\/#article\",\"isPartOf\":{\"@id\":\"https:\/\/medicina.udd.cl\/observatorio-bioetica-derecho\/noticias\/2013\/07\/04\/foro-de-bioetica-derecho-decisiones-al-final-de-la-vida\/\"},\"author\":{\"name\":\"anaramirez\",\"@id\":\"https:\/\/medicina.udd.cl\/observatorio-bioetica-derecho\/#\/schema\/person\/a6153bcbec1af5c60ee9a54bf350e50e\"},\"headline\":\"Foro de Bio\u00e9tica &#038; Derecho: \u00abDecisiones al final de la vida\u00bb\",\"datePublished\":\"2013-07-04T13:31:55+00:00\",\"dateModified\":\"2013-12-16T18:29:40+00:00\",\"mainEntityOfPage\":{\"@id\":\"https:\/\/medicina.udd.cl\/observatorio-bioetica-derecho\/noticias\/2013\/07\/04\/foro-de-bioetica-derecho-decisiones-al-final-de-la-vida\/\"},\"wordCount\":366,\"commentCount\":0,\"image\":{\"@id\":\"https:\/\/medicina.udd.cl\/observatorio-bioetica-derecho\/noticias\/2013\/07\/04\/foro-de-bioetica-derecho-decisiones-al-final-de-la-vida\/#primaryimage\"},\"thumbnailUrl\":\"https:\/\/medicina.udd.cl\/observatorio-bioetica-derecho\/files\/2013\/07\/Organizadores-expositores-y-decano-Facultad-de-Medicina-CAS-UDD.jpg\",\"articleSection\":[\"Noticias\"],\"inLanguage\":\"es\",\"potentialAction\":[{\"@type\":\"CommentAction\",\"name\":\"Comment\",\"target\":[\"https:\/\/medicina.udd.cl\/observatorio-bioetica-derecho\/noticias\/2013\/07\/04\/foro-de-bioetica-derecho-decisiones-al-final-de-la-vida\/#respond\"]}]},{\"@type\":\"WebPage\",\"@id\":\"https:\/\/medicina.udd.cl\/observatorio-bioetica-derecho\/noticias\/2013\/07\/04\/foro-de-bioetica-derecho-decisiones-al-final-de-la-vida\/\",\"url\":\"https:\/\/medicina.udd.cl\/observatorio-bioetica-derecho\/noticias\/2013\/07\/04\/foro-de-bioetica-derecho-decisiones-al-final-de-la-vida\/\",\"name\":\"Foro de Bio\u00e9tica y Derecho en la UDD\",\"isPartOf\":{\"@id\":\"https:\/\/medicina.udd.cl\/observatorio-bioetica-derecho\/#website\"},\"primaryImageOfPage\":{\"@id\":\"https:\/\/medicina.udd.cl\/observatorio-bioetica-derecho\/noticias\/2013\/07\/04\/foro-de-bioetica-derecho-decisiones-al-final-de-la-vida\/#primaryimage\"},\"image\":{\"@id\":\"https:\/\/medicina.udd.cl\/observatorio-bioetica-derecho\/noticias\/2013\/07\/04\/foro-de-bioetica-derecho-decisiones-al-final-de-la-vida\/#primaryimage\"},\"thumbnailUrl\":\"https:\/\/medicina.udd.cl\/observatorio-bioetica-derecho\/files\/2013\/07\/Organizadores-expositores-y-decano-Facultad-de-Medicina-CAS-UDD.jpg\",\"datePublished\":\"2013-07-04T13:31:55+00:00\",\"dateModified\":\"2013-12-16T18:29:40+00:00\",\"author\":{\"@id\":\"https:\/\/medicina.udd.cl\/observatorio-bioetica-derecho\/#\/schema\/person\/a6153bcbec1af5c60ee9a54bf350e50e\"},\"description\":\"Implicancias \u00e9ticas y legales cuando un paciente no tiene posibilidades de recuperaci\u00f3n fueron analizadas en encuentro en la Facultad de Medicina CAS-UDD.\",\"breadcrumb\":{\"@id\":\"https:\/\/medicina.udd.cl\/observatorio-bioetica-derecho\/noticias\/2013\/07\/04\/foro-de-bioetica-derecho-decisiones-al-final-de-la-vida\/#breadcrumb\"},\"inLanguage\":\"es\",\"potentialAction\":[{\"@type\":\"ReadAction\",\"target\":[\"https:\/\/medicina.udd.cl\/observatorio-bioetica-derecho\/noticias\/2013\/07\/04\/foro-de-bioetica-derecho-decisiones-al-final-de-la-vida\/\"]}]},{\"@type\":\"ImageObject\",\"inLanguage\":\"es\",\"@id\":\"https:\/\/medicina.udd.cl\/observatorio-bioetica-derecho\/noticias\/2013\/07\/04\/foro-de-bioetica-derecho-decisiones-al-final-de-la-vida\/#primaryimage\",\"url\":\"https:\/\/medicina.udd.cl\/observatorio-bioetica-derecho\/files\/2013\/07\/Organizadores-expositores-y-decano-Facultad-de-Medicina-CAS-UDD.jpg\",\"contentUrl\":\"https:\/\/medicina.udd.cl\/observatorio-bioetica-derecho\/files\/2013\/07\/Organizadores-expositores-y-decano-Facultad-de-Medicina-CAS-UDD.jpg\",\"width\":527,\"height\":450},{\"@type\":\"BreadcrumbList\",\"@id\":\"https:\/\/medicina.udd.cl\/observatorio-bioetica-derecho\/noticias\/2013\/07\/04\/foro-de-bioetica-derecho-decisiones-al-final-de-la-vida\/#breadcrumb\",\"itemListElement\":[{\"@type\":\"ListItem\",\"position\":1,\"name\":\"Home\",\"item\":\"https:\/\/medicina.udd.cl\/observatorio-bioetica-derecho\/\"},{\"@type\":\"ListItem\",\"position\":2,\"name\":\"Foro de Bio\u00e9tica &#038; Derecho: \u00abDecisiones al final de la vida\u00bb\"}]},{\"@type\":\"WebSite\",\"@id\":\"https:\/\/medicina.udd.cl\/observatorio-bioetica-derecho\/#website\",\"url\":\"https:\/\/medicina.udd.cl\/observatorio-bioetica-derecho\/\",\"name\":\"Observatorio de Bio\u00e9tica y Derecho\",\"description\":\"Observatorio de Bio\u00e9tica y Derecho\",\"inLanguage\":\"es\"},{\"@type\":\"Person\",\"@id\":\"https:\/\/medicina.udd.cl\/observatorio-bioetica-derecho\/#\/schema\/person\/a6153bcbec1af5c60ee9a54bf350e50e\",\"name\":\"anaramirez\",\"image\":{\"@type\":\"ImageObject\",\"inLanguage\":\"es\",\"@id\":\"https:\/\/medicina.udd.cl\/observatorio-bioetica-derecho\/#\/schema\/person\/image\/\",\"url\":\"https:\/\/secure.gravatar.com\/avatar\/7951b2c13488540f5ce68d55abe3e023f8dff33769284143eb6d9863891b3b24?s=96&d=mm&r=g\",\"contentUrl\":\"https:\/\/secure.gravatar.com\/avatar\/7951b2c13488540f5ce68d55abe3e023f8dff33769284143eb6d9863891b3b24?s=96&d=mm&r=g\",\"caption\":\"anaramirez\"},\"url\":\"https:\/\/medicina.udd.cl\/observatorio-bioetica-derecho\/noticias\/author\/anaramirez\/\"}]}<\/script>\n<!-- \/ Yoast SEO plugin. -->","yoast_head_json":{"title":"Foro de Bio\u00e9tica y Derecho en la UDD","description":"Implicancias \u00e9ticas y legales cuando un paciente no tiene posibilidades de recuperaci\u00f3n fueron analizadas en encuentro en la Facultad de Medicina CAS-UDD.","robots":{"index":"index","follow":"follow","max-snippet":"max-snippet:-1","max-image-preview":"max-image-preview:large","max-video-preview":"max-video-preview:-1"},"canonical":"https:\/\/medicina.udd.cl\/observatorio-bioetica-derecho\/noticias\/2013\/07\/04\/foro-de-bioetica-derecho-decisiones-al-final-de-la-vida\/","og_locale":"es_ES","og_type":"article","og_title":"Foro de Bio\u00e9tica y Derecho en la UDD","og_description":"Implicancias \u00e9ticas y legales cuando un paciente no tiene posibilidades de recuperaci\u00f3n fueron analizadas en encuentro en la Facultad de Medicina CAS-UDD.","og_url":"https:\/\/medicina.udd.cl\/observatorio-bioetica-derecho\/noticias\/2013\/07\/04\/foro-de-bioetica-derecho-decisiones-al-final-de-la-vida\/","og_site_name":"Observatorio de Bio\u00e9tica y Derecho","article_published_time":"2013-07-04T13:31:55+00:00","article_modified_time":"2013-12-16T18:29:40+00:00","og_image":[{"width":527,"height":450,"url":"https:\/\/medicina.udd.cl\/observatorio-bioetica-derecho\/files\/2013\/07\/Organizadores-expositores-y-decano-Facultad-de-Medicina-CAS-UDD.jpg","type":"image\/jpeg"}],"author":"anaramirez","twitter_misc":{"Escrito por":"anaramirez","Tiempo de lectura":"2 minutos"},"schema":{"@context":"https:\/\/schema.org","@graph":[{"@type":"Article","@id":"https:\/\/medicina.udd.cl\/observatorio-bioetica-derecho\/noticias\/2013\/07\/04\/foro-de-bioetica-derecho-decisiones-al-final-de-la-vida\/#article","isPartOf":{"@id":"https:\/\/medicina.udd.cl\/observatorio-bioetica-derecho\/noticias\/2013\/07\/04\/foro-de-bioetica-derecho-decisiones-al-final-de-la-vida\/"},"author":{"name":"anaramirez","@id":"https:\/\/medicina.udd.cl\/observatorio-bioetica-derecho\/#\/schema\/person\/a6153bcbec1af5c60ee9a54bf350e50e"},"headline":"Foro de Bio\u00e9tica &#038; Derecho: \u00abDecisiones al final de la vida\u00bb","datePublished":"2013-07-04T13:31:55+00:00","dateModified":"2013-12-16T18:29:40+00:00","mainEntityOfPage":{"@id":"https:\/\/medicina.udd.cl\/observatorio-bioetica-derecho\/noticias\/2013\/07\/04\/foro-de-bioetica-derecho-decisiones-al-final-de-la-vida\/"},"wordCount":366,"commentCount":0,"image":{"@id":"https:\/\/medicina.udd.cl\/observatorio-bioetica-derecho\/noticias\/2013\/07\/04\/foro-de-bioetica-derecho-decisiones-al-final-de-la-vida\/#primaryimage"},"thumbnailUrl":"https:\/\/medicina.udd.cl\/observatorio-bioetica-derecho\/files\/2013\/07\/Organizadores-expositores-y-decano-Facultad-de-Medicina-CAS-UDD.jpg","articleSection":["Noticias"],"inLanguage":"es","potentialAction":[{"@type":"CommentAction","name":"Comment","target":["https:\/\/medicina.udd.cl\/observatorio-bioetica-derecho\/noticias\/2013\/07\/04\/foro-de-bioetica-derecho-decisiones-al-final-de-la-vida\/#respond"]}]},{"@type":"WebPage","@id":"https:\/\/medicina.udd.cl\/observatorio-bioetica-derecho\/noticias\/2013\/07\/04\/foro-de-bioetica-derecho-decisiones-al-final-de-la-vida\/","url":"https:\/\/medicina.udd.cl\/observatorio-bioetica-derecho\/noticias\/2013\/07\/04\/foro-de-bioetica-derecho-decisiones-al-final-de-la-vida\/","name":"Foro de Bio\u00e9tica y Derecho en la UDD","isPartOf":{"@id":"https:\/\/medicina.udd.cl\/observatorio-bioetica-derecho\/#website"},"primaryImageOfPage":{"@id":"https:\/\/medicina.udd.cl\/observatorio-bioetica-derecho\/noticias\/2013\/07\/04\/foro-de-bioetica-derecho-decisiones-al-final-de-la-vida\/#primaryimage"},"image":{"@id":"https:\/\/medicina.udd.cl\/observatorio-bioetica-derecho\/noticias\/2013\/07\/04\/foro-de-bioetica-derecho-decisiones-al-final-de-la-vida\/#primaryimage"},"thumbnailUrl":"https:\/\/medicina.udd.cl\/observatorio-bioetica-derecho\/files\/2013\/07\/Organizadores-expositores-y-decano-Facultad-de-Medicina-CAS-UDD.jpg","datePublished":"2013-07-04T13:31:55+00:00","dateModified":"2013-12-16T18:29:40+00:00","author":{"@id":"https:\/\/medicina.udd.cl\/observatorio-bioetica-derecho\/#\/schema\/person\/a6153bcbec1af5c60ee9a54bf350e50e"},"description":"Implicancias \u00e9ticas y legales cuando un paciente no tiene posibilidades de recuperaci\u00f3n fueron analizadas en encuentro en la Facultad de Medicina CAS-UDD.","breadcrumb":{"@id":"https:\/\/medicina.udd.cl\/observatorio-bioetica-derecho\/noticias\/2013\/07\/04\/foro-de-bioetica-derecho-decisiones-al-final-de-la-vida\/#breadcrumb"},"inLanguage":"es","potentialAction":[{"@type":"ReadAction","target":["https:\/\/medicina.udd.cl\/observatorio-bioetica-derecho\/noticias\/2013\/07\/04\/foro-de-bioetica-derecho-decisiones-al-final-de-la-vida\/"]}]},{"@type":"ImageObject","inLanguage":"es","@id":"https:\/\/medicina.udd.cl\/observatorio-bioetica-derecho\/noticias\/2013\/07\/04\/foro-de-bioetica-derecho-decisiones-al-final-de-la-vida\/#primaryimage","url":"https:\/\/medicina.udd.cl\/observatorio-bioetica-derecho\/files\/2013\/07\/Organizadores-expositores-y-decano-Facultad-de-Medicina-CAS-UDD.jpg","contentUrl":"https:\/\/medicina.udd.cl\/observatorio-bioetica-derecho\/files\/2013\/07\/Organizadores-expositores-y-decano-Facultad-de-Medicina-CAS-UDD.jpg","width":527,"height":450},{"@type":"BreadcrumbList","@id":"https:\/\/medicina.udd.cl\/observatorio-bioetica-derecho\/noticias\/2013\/07\/04\/foro-de-bioetica-derecho-decisiones-al-final-de-la-vida\/#breadcrumb","itemListElement":[{"@type":"ListItem","position":1,"name":"Home","item":"https:\/\/medicina.udd.cl\/observatorio-bioetica-derecho\/"},{"@type":"ListItem","position":2,"name":"Foro de Bio\u00e9tica &#038; Derecho: \u00abDecisiones al final de la vida\u00bb"}]},{"@type":"WebSite","@id":"https:\/\/medicina.udd.cl\/observatorio-bioetica-derecho\/#website","url":"https:\/\/medicina.udd.cl\/observatorio-bioetica-derecho\/","name":"Observatorio de Bio\u00e9tica y Derecho","description":"Observatorio de Bio\u00e9tica y Derecho","inLanguage":"es"},{"@type":"Person","@id":"https:\/\/medicina.udd.cl\/observatorio-bioetica-derecho\/#\/schema\/person\/a6153bcbec1af5c60ee9a54bf350e50e","name":"anaramirez","image":{"@type":"ImageObject","inLanguage":"es","@id":"https:\/\/medicina.udd.cl\/observatorio-bioetica-derecho\/#\/schema\/person\/image\/","url":"https:\/\/secure.gravatar.com\/avatar\/7951b2c13488540f5ce68d55abe3e023f8dff33769284143eb6d9863891b3b24?s=96&d=mm&r=g","contentUrl":"https:\/\/secure.gravatar.com\/avatar\/7951b2c13488540f5ce68d55abe3e023f8dff33769284143eb6d9863891b3b24?s=96&d=mm&r=g","caption":"anaramirez"},"url":"https:\/\/medicina.udd.cl\/observatorio-bioetica-derecho\/noticias\/author\/anaramirez\/"}]}},"featured_image_url":"https:\/\/medicina.udd.cl\/observatorio-bioetica-derecho\/files\/2013\/07\/Organizadores-expositores-y-decano-Facultad-de-Medicina-CAS-UDD.jpg","_links":{"self":[{"href":"https:\/\/medicina.udd.cl\/observatorio-bioetica-derecho\/wp-json\/wp\/v2\/posts\/126","targetHints":{"allow":["GET"]}}],"collection":[{"href":"https:\/\/medicina.udd.cl\/observatorio-bioetica-derecho\/wp-json\/wp\/v2\/posts"}],"about":[{"href":"https:\/\/medicina.udd.cl\/observatorio-bioetica-derecho\/wp-json\/wp\/v2\/types\/post"}],"author":[{"embeddable":true,"href":"https:\/\/medicina.udd.cl\/observatorio-bioetica-derecho\/wp-json\/wp\/v2\/users\/9192194"}],"replies":[{"embeddable":true,"href":"https:\/\/medicina.udd.cl\/observatorio-bioetica-derecho\/wp-json\/wp\/v2\/comments?post=126"}],"version-history":[{"count":6,"href":"https:\/\/medicina.udd.cl\/observatorio-bioetica-derecho\/wp-json\/wp\/v2\/posts\/126\/revisions"}],"predecessor-version":[{"id":249,"href":"https:\/\/medicina.udd.cl\/observatorio-bioetica-derecho\/wp-json\/wp\/v2\/posts\/126\/revisions\/249"}],"wp:featuredmedia":[{"embeddable":true,"href":"https:\/\/medicina.udd.cl\/observatorio-bioetica-derecho\/wp-json\/wp\/v2\/media\/250"}],"wp:attachment":[{"href":"https:\/\/medicina.udd.cl\/observatorio-bioetica-derecho\/wp-json\/wp\/v2\/media?parent=126"}],"wp:term":[{"taxonomy":"category","embeddable":true,"href":"https:\/\/medicina.udd.cl\/observatorio-bioetica-derecho\/wp-json\/wp\/v2\/categories?post=126"},{"taxonomy":"post_tag","embeddable":true,"href":"https:\/\/medicina.udd.cl\/observatorio-bioetica-derecho\/wp-json\/wp\/v2\/tags?post=126"}],"curies":[{"name":"wp","href":"https:\/\/api.w.org\/{rel}","templated":true}]}}