{"id":255,"date":"2013-10-22T12:57:42","date_gmt":"2013-10-22T15:57:42","guid":{"rendered":"http:\/\/medicina.udd.cl\/observatorio-bioetica-derecho\/?p=255"},"modified":"2013-10-22T16:22:32","modified_gmt":"2013-10-22T19:22:32","slug":"seminario-etica-de-la-investigacion-2013","status":"publish","type":"post","link":"https:\/\/medicina.udd.cl\/observatorio-bioetica-derecho\/noticias\/2013\/10\/22\/seminario-etica-de-la-investigacion-2013\/","title":{"rendered":"Seminario \u00ab\u00c9tica de la Investigaci\u00f3n 2013\u00bb"},"content":{"rendered":"<p><a href=\"http:\/\/medicina.udd.cl\/observatorio-bioetica-derecho\/files\/2013\/10\/Seminario.jpg\"><img loading=\"lazy\" decoding=\"async\" class=\"aligncenter size-medium wp-image-257\" alt=\"Seminario\" src=\"http:\/\/medicina.udd.cl\/observatorio-bioetica-derecho\/files\/2013\/10\/Seminario-300x208.jpg\" width=\"300\" height=\"208\" srcset=\"https:\/\/medicina.udd.cl\/observatorio-bioetica-derecho\/files\/2013\/10\/Seminario-300x208.jpg 300w, https:\/\/medicina.udd.cl\/observatorio-bioetica-derecho\/files\/2013\/10\/Seminario.jpg 613w\" sizes=\"auto, (max-width: 300px) 100vw, 300px\" \/><\/a><\/p>\n<p>El<strong> 15 de noviembre de 2013<\/strong> se realizar\u00e1 el <strong>Seminario \u00ab\u00c9tica de la Investigaci\u00f3n 2013: Propuesta Regulatoria en Investigaci\u00f3n Biom\u00e9dica\u00bb.<\/strong><\/p>\n<p>Organizado por el <strong>Observatorio de Bio\u00e9tica &amp; Derecho de la Universidad del Desarrollo<\/strong> junto a la <strong>Agencia Nacional del Medicamento del Instituto de Salud P\u00fablica<\/strong>, busca por segundo a\u00f1o consecutivo abrir un espacio para debatir sobre \u00e9tica de la investigaci\u00f3n con el fin de aportar al desarrollo de pol\u00edticas regulatorias en nuestro pa\u00eds.<\/p>\n<p>Su objetivo es entregar el resultado del trabajo de una Comisi\u00f3n interdisciplinaria cuya misi\u00f3n ha sido debatir sobre la modificaci\u00f3n y actualizaci\u00f3n de la normativa vigente sobre ensayos cl\u00ednicos en Chile.<\/p>\n<p>En esta comisi\u00f3n han colaborado distintos agentes que intervienen en la investigaci\u00f3n biom\u00e9dica: patrocinadores (industria farmac\u00e9utica, Conycit), organizaciones de investigaci\u00f3n por contrato (o CROs), comit\u00e9s \u00e9tico cient\u00edficos, abogados especialistas, expertos en \u00e9tica de la investigaci\u00f3n y agencias de gobierno.<\/p>\n<p>Est\u00e1 dirigido a investigadores y docentes del \u00e1rea de la medicina, ciencias biom\u00e9dicas, del derecho y la bio\u00e9tica. Asimismo, est\u00e1 abierto a alumnos de pregrado de las carreras de Medicina, Derecho y otras carreras de las \u00e1reas de la salud y las humanidades.<\/p>\n<p>La jornada se llevar\u00e1 a cabo en el<strong> Aula Magna de la Facultad de Medicina Cl\u00ednica Alemana Universidad del Desarroll<\/strong>o, ubicada en <strong>Avenida Las Condes 12.438 de las 08:30 a las 18:00 horas<\/strong>.\u00a0La entrada es liberada.<\/p>\n<p>Para mayor informaci\u00f3n contactarse con <strong>Ver\u00f3nica Silva al maill mvsilva@udd.cl o al tel\u00e9fono 23279157.<\/strong><\/p>\n<p><a href=\"http:\/\/medicina.udd.cl\/observatorio-bioetica-derecho\/files\/2013\/10\/Programa.pdf\"><strong>Programa<\/strong><\/a><\/p>\n","protected":false},"excerpt":{"rendered":"<p>Se realizar\u00e1 el viernes 15 de noviembre y el tema a tratar es una propuesta regulatoria en investigaci\u00f3n biom\u00e9dica.<\/p>\n","protected":false},"author":42,"featured_media":257,"comment_status":"open","ping_status":"open","sticky":false,"template":"","format":"standard","meta":{"footnotes":""},"categories":[4],"tags":[],"class_list":["post-255","post","type-post","status-publish","format-standard","has-post-thumbnail","hentry","category-noticias"],"yoast_head":"<!-- This site is optimized with the Yoast SEO plugin v26.9 - https:\/\/yoast.com\/product\/yoast-seo-wordpress\/ -->\n<title>Seminario &quot;\u00c9tica de la Investigaci\u00f3n 2013&quot; - Observatorio de Bio\u00e9tica y Derecho<\/title>\n<meta name=\"robots\" content=\"index, follow, max-snippet:-1, max-image-preview:large, max-video-preview:-1\" \/>\n<link rel=\"canonical\" href=\"https:\/\/medicina.udd.cl\/observatorio-bioetica-derecho\/noticias\/2013\/10\/22\/seminario-etica-de-la-investigacion-2013\/\" \/>\n<meta property=\"og:locale\" content=\"es_ES\" \/>\n<meta property=\"og:type\" content=\"article\" \/>\n<meta property=\"og:title\" content=\"Seminario &quot;\u00c9tica de la Investigaci\u00f3n 2013&quot; - Observatorio de Bio\u00e9tica y Derecho\" \/>\n<meta property=\"og:description\" content=\"Se realizar\u00e1 el viernes 15 de noviembre y el tema a tratar es una propuesta regulatoria en investigaci\u00f3n biom\u00e9dica.\" \/>\n<meta property=\"og:url\" content=\"https:\/\/medicina.udd.cl\/observatorio-bioetica-derecho\/noticias\/2013\/10\/22\/seminario-etica-de-la-investigacion-2013\/\" \/>\n<meta property=\"og:site_name\" content=\"Observatorio de Bio\u00e9tica y Derecho\" \/>\n<meta property=\"article:published_time\" content=\"2013-10-22T15:57:42+00:00\" \/>\n<meta property=\"article:modified_time\" content=\"2013-10-22T19:22:32+00:00\" \/>\n<meta property=\"og:image\" content=\"https:\/\/medicina.udd.cl\/observatorio-bioetica-derecho\/files\/2013\/10\/Seminario.jpg\" \/>\n\t<meta property=\"og:image:width\" content=\"613\" \/>\n\t<meta property=\"og:image:height\" content=\"426\" \/>\n\t<meta property=\"og:image:type\" content=\"image\/jpeg\" \/>\n<meta name=\"twitter:label1\" content=\"Escrito por\" \/>\n\t<meta name=\"twitter:data1\" content=\"\" \/>\n\t<meta name=\"twitter:label2\" content=\"Tiempo de lectura\" \/>\n\t<meta name=\"twitter:data2\" content=\"1 minuto\" \/>\n<script type=\"application\/ld+json\" class=\"yoast-schema-graph\">{\"@context\":\"https:\/\/schema.org\",\"@graph\":[{\"@type\":\"Article\",\"@id\":\"https:\/\/medicina.udd.cl\/observatorio-bioetica-derecho\/noticias\/2013\/10\/22\/seminario-etica-de-la-investigacion-2013\/#article\",\"isPartOf\":{\"@id\":\"https:\/\/medicina.udd.cl\/observatorio-bioetica-derecho\/noticias\/2013\/10\/22\/seminario-etica-de-la-investigacion-2013\/\"},\"author\":{\"name\":\"\",\"@id\":\"\"},\"headline\":\"Seminario \u00ab\u00c9tica de la Investigaci\u00f3n 2013\u00bb\",\"datePublished\":\"2013-10-22T15:57:42+00:00\",\"dateModified\":\"2013-10-22T19:22:32+00:00\",\"mainEntityOfPage\":{\"@id\":\"https:\/\/medicina.udd.cl\/observatorio-bioetica-derecho\/noticias\/2013\/10\/22\/seminario-etica-de-la-investigacion-2013\/\"},\"wordCount\":267,\"commentCount\":0,\"image\":{\"@id\":\"https:\/\/medicina.udd.cl\/observatorio-bioetica-derecho\/noticias\/2013\/10\/22\/seminario-etica-de-la-investigacion-2013\/#primaryimage\"},\"thumbnailUrl\":\"https:\/\/medicina.udd.cl\/observatorio-bioetica-derecho\/files\/2013\/10\/Seminario.jpg\",\"articleSection\":[\"Noticias\"],\"inLanguage\":\"es\",\"potentialAction\":[{\"@type\":\"CommentAction\",\"name\":\"Comment\",\"target\":[\"https:\/\/medicina.udd.cl\/observatorio-bioetica-derecho\/noticias\/2013\/10\/22\/seminario-etica-de-la-investigacion-2013\/#respond\"]}]},{\"@type\":\"WebPage\",\"@id\":\"https:\/\/medicina.udd.cl\/observatorio-bioetica-derecho\/noticias\/2013\/10\/22\/seminario-etica-de-la-investigacion-2013\/\",\"url\":\"https:\/\/medicina.udd.cl\/observatorio-bioetica-derecho\/noticias\/2013\/10\/22\/seminario-etica-de-la-investigacion-2013\/\",\"name\":\"Seminario \\\"\u00c9tica de la Investigaci\u00f3n 2013\\\" - Observatorio de Bio\u00e9tica y Derecho\",\"isPartOf\":{\"@id\":\"https:\/\/medicina.udd.cl\/observatorio-bioetica-derecho\/#website\"},\"primaryImageOfPage\":{\"@id\":\"https:\/\/medicina.udd.cl\/observatorio-bioetica-derecho\/noticias\/2013\/10\/22\/seminario-etica-de-la-investigacion-2013\/#primaryimage\"},\"image\":{\"@id\":\"https:\/\/medicina.udd.cl\/observatorio-bioetica-derecho\/noticias\/2013\/10\/22\/seminario-etica-de-la-investigacion-2013\/#primaryimage\"},\"thumbnailUrl\":\"https:\/\/medicina.udd.cl\/observatorio-bioetica-derecho\/files\/2013\/10\/Seminario.jpg\",\"datePublished\":\"2013-10-22T15:57:42+00:00\",\"dateModified\":\"2013-10-22T19:22:32+00:00\",\"author\":{\"@id\":\"\"},\"breadcrumb\":{\"@id\":\"https:\/\/medicina.udd.cl\/observatorio-bioetica-derecho\/noticias\/2013\/10\/22\/seminario-etica-de-la-investigacion-2013\/#breadcrumb\"},\"inLanguage\":\"es\",\"potentialAction\":[{\"@type\":\"ReadAction\",\"target\":[\"https:\/\/medicina.udd.cl\/observatorio-bioetica-derecho\/noticias\/2013\/10\/22\/seminario-etica-de-la-investigacion-2013\/\"]}]},{\"@type\":\"ImageObject\",\"inLanguage\":\"es\",\"@id\":\"https:\/\/medicina.udd.cl\/observatorio-bioetica-derecho\/noticias\/2013\/10\/22\/seminario-etica-de-la-investigacion-2013\/#primaryimage\",\"url\":\"https:\/\/medicina.udd.cl\/observatorio-bioetica-derecho\/files\/2013\/10\/Seminario.jpg\",\"contentUrl\":\"https:\/\/medicina.udd.cl\/observatorio-bioetica-derecho\/files\/2013\/10\/Seminario.jpg\",\"width\":613,\"height\":426},{\"@type\":\"BreadcrumbList\",\"@id\":\"https:\/\/medicina.udd.cl\/observatorio-bioetica-derecho\/noticias\/2013\/10\/22\/seminario-etica-de-la-investigacion-2013\/#breadcrumb\",\"itemListElement\":[{\"@type\":\"ListItem\",\"position\":1,\"name\":\"Home\",\"item\":\"https:\/\/medicina.udd.cl\/observatorio-bioetica-derecho\/\"},{\"@type\":\"ListItem\",\"position\":2,\"name\":\"Seminario \u00ab\u00c9tica de la Investigaci\u00f3n 2013\u00bb\"}]},{\"@type\":\"WebSite\",\"@id\":\"https:\/\/medicina.udd.cl\/observatorio-bioetica-derecho\/#website\",\"url\":\"https:\/\/medicina.udd.cl\/observatorio-bioetica-derecho\/\",\"name\":\"Observatorio de Bio\u00e9tica y Derecho\",\"description\":\"Observatorio de Bio\u00e9tica y Derecho\",\"inLanguage\":\"es\"},{\"@type\":\"Person\",\"@id\":\"\",\"url\":\"https:\/\/medicina.udd.cl\/observatorio-bioetica-derecho\/noticias\/author\/\"}]}<\/script>\n<!-- \/ Yoast SEO plugin. -->","yoast_head_json":{"title":"Seminario \"\u00c9tica de la Investigaci\u00f3n 2013\" - Observatorio de Bio\u00e9tica y Derecho","robots":{"index":"index","follow":"follow","max-snippet":"max-snippet:-1","max-image-preview":"max-image-preview:large","max-video-preview":"max-video-preview:-1"},"canonical":"https:\/\/medicina.udd.cl\/observatorio-bioetica-derecho\/noticias\/2013\/10\/22\/seminario-etica-de-la-investigacion-2013\/","og_locale":"es_ES","og_type":"article","og_title":"Seminario \"\u00c9tica de la Investigaci\u00f3n 2013\" - Observatorio de Bio\u00e9tica y Derecho","og_description":"Se realizar\u00e1 el viernes 15 de noviembre y el tema a tratar es una propuesta regulatoria en investigaci\u00f3n biom\u00e9dica.","og_url":"https:\/\/medicina.udd.cl\/observatorio-bioetica-derecho\/noticias\/2013\/10\/22\/seminario-etica-de-la-investigacion-2013\/","og_site_name":"Observatorio de Bio\u00e9tica y Derecho","article_published_time":"2013-10-22T15:57:42+00:00","article_modified_time":"2013-10-22T19:22:32+00:00","og_image":[{"width":613,"height":426,"url":"https:\/\/medicina.udd.cl\/observatorio-bioetica-derecho\/files\/2013\/10\/Seminario.jpg","type":"image\/jpeg"}],"twitter_misc":{"Escrito por":"","Tiempo de lectura":"1 minuto"},"schema":{"@context":"https:\/\/schema.org","@graph":[{"@type":"Article","@id":"https:\/\/medicina.udd.cl\/observatorio-bioetica-derecho\/noticias\/2013\/10\/22\/seminario-etica-de-la-investigacion-2013\/#article","isPartOf":{"@id":"https:\/\/medicina.udd.cl\/observatorio-bioetica-derecho\/noticias\/2013\/10\/22\/seminario-etica-de-la-investigacion-2013\/"},"author":{"name":"","@id":""},"headline":"Seminario \u00ab\u00c9tica de la Investigaci\u00f3n 2013\u00bb","datePublished":"2013-10-22T15:57:42+00:00","dateModified":"2013-10-22T19:22:32+00:00","mainEntityOfPage":{"@id":"https:\/\/medicina.udd.cl\/observatorio-bioetica-derecho\/noticias\/2013\/10\/22\/seminario-etica-de-la-investigacion-2013\/"},"wordCount":267,"commentCount":0,"image":{"@id":"https:\/\/medicina.udd.cl\/observatorio-bioetica-derecho\/noticias\/2013\/10\/22\/seminario-etica-de-la-investigacion-2013\/#primaryimage"},"thumbnailUrl":"https:\/\/medicina.udd.cl\/observatorio-bioetica-derecho\/files\/2013\/10\/Seminario.jpg","articleSection":["Noticias"],"inLanguage":"es","potentialAction":[{"@type":"CommentAction","name":"Comment","target":["https:\/\/medicina.udd.cl\/observatorio-bioetica-derecho\/noticias\/2013\/10\/22\/seminario-etica-de-la-investigacion-2013\/#respond"]}]},{"@type":"WebPage","@id":"https:\/\/medicina.udd.cl\/observatorio-bioetica-derecho\/noticias\/2013\/10\/22\/seminario-etica-de-la-investigacion-2013\/","url":"https:\/\/medicina.udd.cl\/observatorio-bioetica-derecho\/noticias\/2013\/10\/22\/seminario-etica-de-la-investigacion-2013\/","name":"Seminario \"\u00c9tica de la Investigaci\u00f3n 2013\" - Observatorio de Bio\u00e9tica y Derecho","isPartOf":{"@id":"https:\/\/medicina.udd.cl\/observatorio-bioetica-derecho\/#website"},"primaryImageOfPage":{"@id":"https:\/\/medicina.udd.cl\/observatorio-bioetica-derecho\/noticias\/2013\/10\/22\/seminario-etica-de-la-investigacion-2013\/#primaryimage"},"image":{"@id":"https:\/\/medicina.udd.cl\/observatorio-bioetica-derecho\/noticias\/2013\/10\/22\/seminario-etica-de-la-investigacion-2013\/#primaryimage"},"thumbnailUrl":"https:\/\/medicina.udd.cl\/observatorio-bioetica-derecho\/files\/2013\/10\/Seminario.jpg","datePublished":"2013-10-22T15:57:42+00:00","dateModified":"2013-10-22T19:22:32+00:00","author":{"@id":""},"breadcrumb":{"@id":"https:\/\/medicina.udd.cl\/observatorio-bioetica-derecho\/noticias\/2013\/10\/22\/seminario-etica-de-la-investigacion-2013\/#breadcrumb"},"inLanguage":"es","potentialAction":[{"@type":"ReadAction","target":["https:\/\/medicina.udd.cl\/observatorio-bioetica-derecho\/noticias\/2013\/10\/22\/seminario-etica-de-la-investigacion-2013\/"]}]},{"@type":"ImageObject","inLanguage":"es","@id":"https:\/\/medicina.udd.cl\/observatorio-bioetica-derecho\/noticias\/2013\/10\/22\/seminario-etica-de-la-investigacion-2013\/#primaryimage","url":"https:\/\/medicina.udd.cl\/observatorio-bioetica-derecho\/files\/2013\/10\/Seminario.jpg","contentUrl":"https:\/\/medicina.udd.cl\/observatorio-bioetica-derecho\/files\/2013\/10\/Seminario.jpg","width":613,"height":426},{"@type":"BreadcrumbList","@id":"https:\/\/medicina.udd.cl\/observatorio-bioetica-derecho\/noticias\/2013\/10\/22\/seminario-etica-de-la-investigacion-2013\/#breadcrumb","itemListElement":[{"@type":"ListItem","position":1,"name":"Home","item":"https:\/\/medicina.udd.cl\/observatorio-bioetica-derecho\/"},{"@type":"ListItem","position":2,"name":"Seminario \u00ab\u00c9tica de la Investigaci\u00f3n 2013\u00bb"}]},{"@type":"WebSite","@id":"https:\/\/medicina.udd.cl\/observatorio-bioetica-derecho\/#website","url":"https:\/\/medicina.udd.cl\/observatorio-bioetica-derecho\/","name":"Observatorio de Bio\u00e9tica y Derecho","description":"Observatorio de Bio\u00e9tica y Derecho","inLanguage":"es"},{"@type":"Person","@id":"","url":"https:\/\/medicina.udd.cl\/observatorio-bioetica-derecho\/noticias\/author\/"}]}},"featured_image_url":"https:\/\/medicina.udd.cl\/observatorio-bioetica-derecho\/files\/2013\/10\/Seminario.jpg","_links":{"self":[{"href":"https:\/\/medicina.udd.cl\/observatorio-bioetica-derecho\/wp-json\/wp\/v2\/posts\/255","targetHints":{"allow":["GET"]}}],"collection":[{"href":"https:\/\/medicina.udd.cl\/observatorio-bioetica-derecho\/wp-json\/wp\/v2\/posts"}],"about":[{"href":"https:\/\/medicina.udd.cl\/observatorio-bioetica-derecho\/wp-json\/wp\/v2\/types\/post"}],"author":[{"embeddable":true,"href":"https:\/\/medicina.udd.cl\/observatorio-bioetica-derecho\/wp-json\/wp\/v2\/users\/42"}],"replies":[{"embeddable":true,"href":"https:\/\/medicina.udd.cl\/observatorio-bioetica-derecho\/wp-json\/wp\/v2\/comments?post=255"}],"version-history":[{"count":9,"href":"https:\/\/medicina.udd.cl\/observatorio-bioetica-derecho\/wp-json\/wp\/v2\/posts\/255\/revisions"}],"predecessor-version":[{"id":276,"href":"https:\/\/medicina.udd.cl\/observatorio-bioetica-derecho\/wp-json\/wp\/v2\/posts\/255\/revisions\/276"}],"wp:featuredmedia":[{"embeddable":true,"href":"https:\/\/medicina.udd.cl\/observatorio-bioetica-derecho\/wp-json\/wp\/v2\/media\/257"}],"wp:attachment":[{"href":"https:\/\/medicina.udd.cl\/observatorio-bioetica-derecho\/wp-json\/wp\/v2\/media?parent=255"}],"wp:term":[{"taxonomy":"category","embeddable":true,"href":"https:\/\/medicina.udd.cl\/observatorio-bioetica-derecho\/wp-json\/wp\/v2\/categories?post=255"},{"taxonomy":"post_tag","embeddable":true,"href":"https:\/\/medicina.udd.cl\/observatorio-bioetica-derecho\/wp-json\/wp\/v2\/tags?post=255"}],"curies":[{"name":"wp","href":"https:\/\/api.w.org\/{rel}","templated":true}]}}