{"id":360,"date":"2014-05-05T11:39:24","date_gmt":"2014-05-05T15:39:24","guid":{"rendered":"http:\/\/medicina.udd.cl\/observatorio-bioetica-derecho\/?p=360"},"modified":"2014-05-05T11:39:24","modified_gmt":"2014-05-05T15:39:24","slug":"adopcion-en-parejas-homosexuales","status":"publish","type":"post","link":"https:\/\/medicina.udd.cl\/observatorio-bioetica-derecho\/noticias\/2014\/05\/05\/adopcion-en-parejas-homosexuales\/","title":{"rendered":"Adopci\u00f3n en parejas homosexuales"},"content":{"rendered":"<p style=\"text-align: left;\"><span style=\"text-decoration: underline;\"><strong><a href=\"http:\/\/medicina.udd.cl\/observatorio-bioetica-derecho\/files\/2014\/05\/Debate-Adopci\u00f3n-en-Parejas-Homosexuales-.jpg\"><img loading=\"lazy\" decoding=\"async\" class=\"size-medium wp-image-361 aligncenter\" alt=\"AFICHE DEBATE HOMOSEXUAL\" src=\"http:\/\/medicina.udd.cl\/observatorio-bioetica-derecho\/files\/2014\/05\/Debate-Adopci\u00f3n-en-Parejas-Homosexuales--214x300.jpg\" width=\"214\" height=\"300\" srcset=\"https:\/\/medicina.udd.cl\/observatorio-bioetica-derecho\/files\/2014\/05\/Debate-Adopci\u00f3n-en-Parejas-Homosexuales--214x300.jpg 214w, https:\/\/medicina.udd.cl\/observatorio-bioetica-derecho\/files\/2014\/05\/Debate-Adopci\u00f3n-en-Parejas-Homosexuales-.jpg 450w\" sizes=\"auto, (max-width: 214px) 100vw, 214px\" \/><\/a><\/strong><\/span><\/p>\n<p style=\"text-align: left;\"><span style=\"text-decoration: underline;\"><strong>\u00abAdopci\u00f3n en Parejas Homosexuales\u00bb<\/strong><\/span> es el nombre del debate que se realizar\u00e1 el lunes 12 de mayo, a las 10 am, en el Auditorio 114 del\u00a0Campus Rector Ernesto Silva Bafalluy, en San Carlos de Apoquindo.<\/p>\n<p>En un contexto nacional en que la discusi\u00f3n por legislar al respecto es cada vez m\u00e1s elevada, esta iniciativa busca presentar los argumentos de dos representantes de visiones completamente opuestas. Los invitados ser\u00e1n el Diputado Jaime Bellolio y el fundador y presidente de la Fundaci\u00f3n Iguales, Luis Larra\u00edn.<\/p>\n<p>El debate es organizado por el <strong>Observatorio de Bio\u00e9tica &amp; Derecho<\/strong>, las <strong>Facultades de <a href=\"http:\/\/comunicaciones.udd.cl\/\">Comunicaciones<\/a> y <a href=\"http:\/\/derecho-scl.udd.cl\/\">Derecho<\/a><\/strong>, y el <a href=\"http:\/\/humanidades.udd.cl\/\"><strong>Instituto de Humanidade<\/strong>s<\/a> de la <a href=\"http:\/\/www.udd.cl\/\"><strong>Universidad del Desarrollo<\/strong><\/a>.<\/p>\n<p>\u00a1Los esperamos!<\/p>\n","protected":false},"excerpt":{"rendered":"<p>El debate se realizar\u00e1 el lunes 12 de mayo a las 10:00 en el Auditorio 114 del Campus Rector Ernesto Silva Bafalluy.<\/p>\n","protected":false},"author":42,"featured_media":362,"comment_status":"open","ping_status":"open","sticky":false,"template":"","format":"standard","meta":{"footnotes":""},"categories":[4],"tags":[],"class_list":["post-360","post","type-post","status-publish","format-standard","has-post-thumbnail","hentry","category-noticias"],"yoast_head":"<!-- This site is optimized with the Yoast SEO plugin v26.9 - https:\/\/yoast.com\/product\/yoast-seo-wordpress\/ -->\n<title>Adopci\u00f3n en parejas homosexuales | UDD<\/title>\n<meta name=\"description\" content=\"La actividad es organizada por el Observatorio de Bio\u00e9tica &amp; Derecho, las Facultades de Derecho y Comunicaciones, y el Instituto de Humanidades.\" \/>\n<meta name=\"robots\" content=\"index, follow, max-snippet:-1, max-image-preview:large, max-video-preview:-1\" \/>\n<link rel=\"canonical\" href=\"https:\/\/medicina.udd.cl\/observatorio-bioetica-derecho\/noticias\/2014\/05\/05\/adopcion-en-parejas-homosexuales\/\" \/>\n<meta property=\"og:locale\" content=\"es_ES\" \/>\n<meta property=\"og:type\" content=\"article\" \/>\n<meta property=\"og:title\" content=\"Adopci\u00f3n en parejas homosexuales | UDD\" \/>\n<meta property=\"og:description\" content=\"La actividad es organizada por el Observatorio de Bio\u00e9tica &amp; Derecho, las Facultades de Derecho y Comunicaciones, y el Instituto de Humanidades.\" \/>\n<meta property=\"og:url\" content=\"https:\/\/medicina.udd.cl\/observatorio-bioetica-derecho\/noticias\/2014\/05\/05\/adopcion-en-parejas-homosexuales\/\" \/>\n<meta property=\"og:site_name\" content=\"Observatorio de Bio\u00e9tica y Derecho\" \/>\n<meta property=\"article:published_time\" content=\"2014-05-05T15:39:24+00:00\" \/>\n<meta property=\"og:image\" content=\"https:\/\/medicina.udd.cl\/observatorio-bioetica-derecho\/files\/2014\/05\/Debate-Adopci\u00f3n-en-Parejas-Homosexuales.jpg\" \/>\n\t<meta property=\"og:image:width\" content=\"450\" \/>\n\t<meta property=\"og:image:height\" content=\"371\" \/>\n\t<meta property=\"og:image:type\" content=\"image\/jpeg\" \/>\n<meta name=\"twitter:label1\" content=\"Escrito por\" \/>\n\t<meta name=\"twitter:data1\" content=\"\" \/>\n\t<meta name=\"twitter:label2\" content=\"Tiempo de lectura\" \/>\n\t<meta name=\"twitter:data2\" content=\"1 minuto\" \/>\n<script type=\"application\/ld+json\" class=\"yoast-schema-graph\">{\"@context\":\"https:\/\/schema.org\",\"@graph\":[{\"@type\":\"Article\",\"@id\":\"https:\/\/medicina.udd.cl\/observatorio-bioetica-derecho\/noticias\/2014\/05\/05\/adopcion-en-parejas-homosexuales\/#article\",\"isPartOf\":{\"@id\":\"https:\/\/medicina.udd.cl\/observatorio-bioetica-derecho\/noticias\/2014\/05\/05\/adopcion-en-parejas-homosexuales\/\"},\"author\":{\"name\":\"\",\"@id\":\"\"},\"headline\":\"Adopci\u00f3n en parejas homosexuales\",\"datePublished\":\"2014-05-05T15:39:24+00:00\",\"mainEntityOfPage\":{\"@id\":\"https:\/\/medicina.udd.cl\/observatorio-bioetica-derecho\/noticias\/2014\/05\/05\/adopcion-en-parejas-homosexuales\/\"},\"wordCount\":122,\"commentCount\":0,\"image\":{\"@id\":\"https:\/\/medicina.udd.cl\/observatorio-bioetica-derecho\/noticias\/2014\/05\/05\/adopcion-en-parejas-homosexuales\/#primaryimage\"},\"thumbnailUrl\":\"https:\/\/medicina.udd.cl\/observatorio-bioetica-derecho\/files\/2014\/05\/Debate-Adopci\u00f3n-en-Parejas-Homosexuales.jpg\",\"articleSection\":[\"Noticias\"],\"inLanguage\":\"es\",\"potentialAction\":[{\"@type\":\"CommentAction\",\"name\":\"Comment\",\"target\":[\"https:\/\/medicina.udd.cl\/observatorio-bioetica-derecho\/noticias\/2014\/05\/05\/adopcion-en-parejas-homosexuales\/#respond\"]}]},{\"@type\":\"WebPage\",\"@id\":\"https:\/\/medicina.udd.cl\/observatorio-bioetica-derecho\/noticias\/2014\/05\/05\/adopcion-en-parejas-homosexuales\/\",\"url\":\"https:\/\/medicina.udd.cl\/observatorio-bioetica-derecho\/noticias\/2014\/05\/05\/adopcion-en-parejas-homosexuales\/\",\"name\":\"Adopci\u00f3n en parejas homosexuales | UDD\",\"isPartOf\":{\"@id\":\"https:\/\/medicina.udd.cl\/observatorio-bioetica-derecho\/#website\"},\"primaryImageOfPage\":{\"@id\":\"https:\/\/medicina.udd.cl\/observatorio-bioetica-derecho\/noticias\/2014\/05\/05\/adopcion-en-parejas-homosexuales\/#primaryimage\"},\"image\":{\"@id\":\"https:\/\/medicina.udd.cl\/observatorio-bioetica-derecho\/noticias\/2014\/05\/05\/adopcion-en-parejas-homosexuales\/#primaryimage\"},\"thumbnailUrl\":\"https:\/\/medicina.udd.cl\/observatorio-bioetica-derecho\/files\/2014\/05\/Debate-Adopci\u00f3n-en-Parejas-Homosexuales.jpg\",\"datePublished\":\"2014-05-05T15:39:24+00:00\",\"author\":{\"@id\":\"\"},\"description\":\"La actividad es organizada por el Observatorio de Bio\u00e9tica & Derecho, las Facultades de Derecho y Comunicaciones, y el Instituto de Humanidades.\",\"breadcrumb\":{\"@id\":\"https:\/\/medicina.udd.cl\/observatorio-bioetica-derecho\/noticias\/2014\/05\/05\/adopcion-en-parejas-homosexuales\/#breadcrumb\"},\"inLanguage\":\"es\",\"potentialAction\":[{\"@type\":\"ReadAction\",\"target\":[\"https:\/\/medicina.udd.cl\/observatorio-bioetica-derecho\/noticias\/2014\/05\/05\/adopcion-en-parejas-homosexuales\/\"]}]},{\"@type\":\"ImageObject\",\"inLanguage\":\"es\",\"@id\":\"https:\/\/medicina.udd.cl\/observatorio-bioetica-derecho\/noticias\/2014\/05\/05\/adopcion-en-parejas-homosexuales\/#primaryimage\",\"url\":\"https:\/\/medicina.udd.cl\/observatorio-bioetica-derecho\/files\/2014\/05\/Debate-Adopci\u00f3n-en-Parejas-Homosexuales.jpg\",\"contentUrl\":\"https:\/\/medicina.udd.cl\/observatorio-bioetica-derecho\/files\/2014\/05\/Debate-Adopci\u00f3n-en-Parejas-Homosexuales.jpg\",\"width\":450,\"height\":371},{\"@type\":\"BreadcrumbList\",\"@id\":\"https:\/\/medicina.udd.cl\/observatorio-bioetica-derecho\/noticias\/2014\/05\/05\/adopcion-en-parejas-homosexuales\/#breadcrumb\",\"itemListElement\":[{\"@type\":\"ListItem\",\"position\":1,\"name\":\"Home\",\"item\":\"https:\/\/medicina.udd.cl\/observatorio-bioetica-derecho\/\"},{\"@type\":\"ListItem\",\"position\":2,\"name\":\"Adopci\u00f3n en parejas homosexuales\"}]},{\"@type\":\"WebSite\",\"@id\":\"https:\/\/medicina.udd.cl\/observatorio-bioetica-derecho\/#website\",\"url\":\"https:\/\/medicina.udd.cl\/observatorio-bioetica-derecho\/\",\"name\":\"Observatorio de Bio\u00e9tica y Derecho\",\"description\":\"Observatorio de Bio\u00e9tica y Derecho\",\"inLanguage\":\"es\"},{\"@type\":\"Person\",\"@id\":\"\",\"url\":\"https:\/\/medicina.udd.cl\/observatorio-bioetica-derecho\/noticias\/author\/\"}]}<\/script>\n<!-- \/ Yoast SEO plugin. -->","yoast_head_json":{"title":"Adopci\u00f3n en parejas homosexuales | UDD","description":"La actividad es organizada por el Observatorio de Bio\u00e9tica & Derecho, las Facultades de Derecho y Comunicaciones, y el Instituto de Humanidades.","robots":{"index":"index","follow":"follow","max-snippet":"max-snippet:-1","max-image-preview":"max-image-preview:large","max-video-preview":"max-video-preview:-1"},"canonical":"https:\/\/medicina.udd.cl\/observatorio-bioetica-derecho\/noticias\/2014\/05\/05\/adopcion-en-parejas-homosexuales\/","og_locale":"es_ES","og_type":"article","og_title":"Adopci\u00f3n en parejas homosexuales | UDD","og_description":"La actividad es organizada por el Observatorio de Bio\u00e9tica & Derecho, las Facultades de Derecho y Comunicaciones, y el Instituto de Humanidades.","og_url":"https:\/\/medicina.udd.cl\/observatorio-bioetica-derecho\/noticias\/2014\/05\/05\/adopcion-en-parejas-homosexuales\/","og_site_name":"Observatorio de Bio\u00e9tica y Derecho","article_published_time":"2014-05-05T15:39:24+00:00","og_image":[{"width":450,"height":371,"url":"https:\/\/medicina.udd.cl\/observatorio-bioetica-derecho\/files\/2014\/05\/Debate-Adopci\u00f3n-en-Parejas-Homosexuales.jpg","type":"image\/jpeg"}],"twitter_misc":{"Escrito por":"","Tiempo de lectura":"1 minuto"},"schema":{"@context":"https:\/\/schema.org","@graph":[{"@type":"Article","@id":"https:\/\/medicina.udd.cl\/observatorio-bioetica-derecho\/noticias\/2014\/05\/05\/adopcion-en-parejas-homosexuales\/#article","isPartOf":{"@id":"https:\/\/medicina.udd.cl\/observatorio-bioetica-derecho\/noticias\/2014\/05\/05\/adopcion-en-parejas-homosexuales\/"},"author":{"name":"","@id":""},"headline":"Adopci\u00f3n en parejas homosexuales","datePublished":"2014-05-05T15:39:24+00:00","mainEntityOfPage":{"@id":"https:\/\/medicina.udd.cl\/observatorio-bioetica-derecho\/noticias\/2014\/05\/05\/adopcion-en-parejas-homosexuales\/"},"wordCount":122,"commentCount":0,"image":{"@id":"https:\/\/medicina.udd.cl\/observatorio-bioetica-derecho\/noticias\/2014\/05\/05\/adopcion-en-parejas-homosexuales\/#primaryimage"},"thumbnailUrl":"https:\/\/medicina.udd.cl\/observatorio-bioetica-derecho\/files\/2014\/05\/Debate-Adopci\u00f3n-en-Parejas-Homosexuales.jpg","articleSection":["Noticias"],"inLanguage":"es","potentialAction":[{"@type":"CommentAction","name":"Comment","target":["https:\/\/medicina.udd.cl\/observatorio-bioetica-derecho\/noticias\/2014\/05\/05\/adopcion-en-parejas-homosexuales\/#respond"]}]},{"@type":"WebPage","@id":"https:\/\/medicina.udd.cl\/observatorio-bioetica-derecho\/noticias\/2014\/05\/05\/adopcion-en-parejas-homosexuales\/","url":"https:\/\/medicina.udd.cl\/observatorio-bioetica-derecho\/noticias\/2014\/05\/05\/adopcion-en-parejas-homosexuales\/","name":"Adopci\u00f3n en parejas homosexuales | UDD","isPartOf":{"@id":"https:\/\/medicina.udd.cl\/observatorio-bioetica-derecho\/#website"},"primaryImageOfPage":{"@id":"https:\/\/medicina.udd.cl\/observatorio-bioetica-derecho\/noticias\/2014\/05\/05\/adopcion-en-parejas-homosexuales\/#primaryimage"},"image":{"@id":"https:\/\/medicina.udd.cl\/observatorio-bioetica-derecho\/noticias\/2014\/05\/05\/adopcion-en-parejas-homosexuales\/#primaryimage"},"thumbnailUrl":"https:\/\/medicina.udd.cl\/observatorio-bioetica-derecho\/files\/2014\/05\/Debate-Adopci\u00f3n-en-Parejas-Homosexuales.jpg","datePublished":"2014-05-05T15:39:24+00:00","author":{"@id":""},"description":"La actividad es organizada por el Observatorio de Bio\u00e9tica & Derecho, las Facultades de Derecho y Comunicaciones, y el Instituto de Humanidades.","breadcrumb":{"@id":"https:\/\/medicina.udd.cl\/observatorio-bioetica-derecho\/noticias\/2014\/05\/05\/adopcion-en-parejas-homosexuales\/#breadcrumb"},"inLanguage":"es","potentialAction":[{"@type":"ReadAction","target":["https:\/\/medicina.udd.cl\/observatorio-bioetica-derecho\/noticias\/2014\/05\/05\/adopcion-en-parejas-homosexuales\/"]}]},{"@type":"ImageObject","inLanguage":"es","@id":"https:\/\/medicina.udd.cl\/observatorio-bioetica-derecho\/noticias\/2014\/05\/05\/adopcion-en-parejas-homosexuales\/#primaryimage","url":"https:\/\/medicina.udd.cl\/observatorio-bioetica-derecho\/files\/2014\/05\/Debate-Adopci\u00f3n-en-Parejas-Homosexuales.jpg","contentUrl":"https:\/\/medicina.udd.cl\/observatorio-bioetica-derecho\/files\/2014\/05\/Debate-Adopci\u00f3n-en-Parejas-Homosexuales.jpg","width":450,"height":371},{"@type":"BreadcrumbList","@id":"https:\/\/medicina.udd.cl\/observatorio-bioetica-derecho\/noticias\/2014\/05\/05\/adopcion-en-parejas-homosexuales\/#breadcrumb","itemListElement":[{"@type":"ListItem","position":1,"name":"Home","item":"https:\/\/medicina.udd.cl\/observatorio-bioetica-derecho\/"},{"@type":"ListItem","position":2,"name":"Adopci\u00f3n en parejas homosexuales"}]},{"@type":"WebSite","@id":"https:\/\/medicina.udd.cl\/observatorio-bioetica-derecho\/#website","url":"https:\/\/medicina.udd.cl\/observatorio-bioetica-derecho\/","name":"Observatorio de Bio\u00e9tica y Derecho","description":"Observatorio de Bio\u00e9tica y Derecho","inLanguage":"es"},{"@type":"Person","@id":"","url":"https:\/\/medicina.udd.cl\/observatorio-bioetica-derecho\/noticias\/author\/"}]}},"featured_image_url":"https:\/\/medicina.udd.cl\/observatorio-bioetica-derecho\/files\/2014\/05\/Debate-Adopci\u00f3n-en-Parejas-Homosexuales.jpg","_links":{"self":[{"href":"https:\/\/medicina.udd.cl\/observatorio-bioetica-derecho\/wp-json\/wp\/v2\/posts\/360","targetHints":{"allow":["GET"]}}],"collection":[{"href":"https:\/\/medicina.udd.cl\/observatorio-bioetica-derecho\/wp-json\/wp\/v2\/posts"}],"about":[{"href":"https:\/\/medicina.udd.cl\/observatorio-bioetica-derecho\/wp-json\/wp\/v2\/types\/post"}],"author":[{"embeddable":true,"href":"https:\/\/medicina.udd.cl\/observatorio-bioetica-derecho\/wp-json\/wp\/v2\/users\/42"}],"replies":[{"embeddable":true,"href":"https:\/\/medicina.udd.cl\/observatorio-bioetica-derecho\/wp-json\/wp\/v2\/comments?post=360"}],"version-history":[{"count":2,"href":"https:\/\/medicina.udd.cl\/observatorio-bioetica-derecho\/wp-json\/wp\/v2\/posts\/360\/revisions"}],"predecessor-version":[{"id":365,"href":"https:\/\/medicina.udd.cl\/observatorio-bioetica-derecho\/wp-json\/wp\/v2\/posts\/360\/revisions\/365"}],"wp:featuredmedia":[{"embeddable":true,"href":"https:\/\/medicina.udd.cl\/observatorio-bioetica-derecho\/wp-json\/wp\/v2\/media\/362"}],"wp:attachment":[{"href":"https:\/\/medicina.udd.cl\/observatorio-bioetica-derecho\/wp-json\/wp\/v2\/media?parent=360"}],"wp:term":[{"taxonomy":"category","embeddable":true,"href":"https:\/\/medicina.udd.cl\/observatorio-bioetica-derecho\/wp-json\/wp\/v2\/categories?post=360"},{"taxonomy":"post_tag","embeddable":true,"href":"https:\/\/medicina.udd.cl\/observatorio-bioetica-derecho\/wp-json\/wp\/v2\/tags?post=360"}],"curies":[{"name":"wp","href":"https:\/\/api.w.org\/{rel}","templated":true}]}}