{"id":366,"date":"2014-05-12T17:01:54","date_gmt":"2014-05-12T21:01:54","guid":{"rendered":"http:\/\/medicina.udd.cl\/observatorio-bioetica-derecho\/?p=366"},"modified":"2014-05-12T17:04:09","modified_gmt":"2014-05-12T21:04:09","slug":"debate-sobre-adopcion-en-parejas-homosexuales","status":"publish","type":"post","link":"https:\/\/medicina.udd.cl\/observatorio-bioetica-derecho\/noticias\/2014\/05\/12\/debate-sobre-adopcion-en-parejas-homosexuales\/","title":{"rendered":"Debate sobre Adopci\u00f3n en Parejas Homosexuales"},"content":{"rendered":"<div id=\"gallery-1\" class=\"carousel slide carousel-gallery\" data-ride=\"false\" data-interval=\"false\"><div class=\"carousel-inner\" role=\"listbox\"><figure class=\"carousel-item active\"><img loading=\"lazy\" decoding=\"async\" width=\"675\" height=\"450\" src=\"https:\/\/medicina.udd.cl\/observatorio-bioetica-derecho\/files\/2014\/05\/Asistentes.jpg\" class=\"attachment-landscape_952 size-landscape_952 lazyload\" alt=\"\" sizes=\"auto, (max-width: 675px) 100vw, 675px\" data-src=\"https:\/\/medicina.udd.cl\/observatorio-bioetica-derecho\/files\/2014\/05\/Asistentes.jpg\" data-srcset=\"https:\/\/medicina.udd.cl\/observatorio-bioetica-derecho\/files\/2014\/05\/Asistentes.jpg 675w, https:\/\/medicina.udd.cl\/observatorio-bioetica-derecho\/files\/2014\/05\/Asistentes-300x200.jpg 300w\" \/><\/figure><figure class=\"carousel-item\"><img loading=\"lazy\" decoding=\"async\" width=\"675\" height=\"450\" src=\"https:\/\/medicina.udd.cl\/observatorio-bioetica-derecho\/files\/2014\/05\/Claudio-Arqueros-y-Luis-Larra\u00edn.jpg\" class=\"attachment-landscape_952 size-landscape_952 lazyload\" alt=\"\" sizes=\"auto, (max-width: 675px) 100vw, 675px\" data-src=\"https:\/\/medicina.udd.cl\/observatorio-bioetica-derecho\/files\/2014\/05\/Claudio-Arqueros-y-Luis-Larra\u00edn.jpg\" data-srcset=\"https:\/\/medicina.udd.cl\/observatorio-bioetica-derecho\/files\/2014\/05\/Claudio-Arqueros-y-Luis-Larra\u00edn.jpg 675w, https:\/\/medicina.udd.cl\/observatorio-bioetica-derecho\/files\/2014\/05\/Claudio-Arqueros-y-Luis-Larra\u00edn-300x200.jpg 300w\" \/><\/figure><figure class=\"carousel-item\"><img loading=\"lazy\" decoding=\"async\" width=\"675\" height=\"450\" src=\"https:\/\/medicina.udd.cl\/observatorio-bioetica-derecho\/files\/2014\/05\/Debate-Adopci\u00f3n-en-Parejas-Homosexuales1.jpg\" class=\"attachment-landscape_952 size-landscape_952 lazyload\" alt=\"\" sizes=\"auto, (max-width: 675px) 100vw, 675px\" data-src=\"https:\/\/medicina.udd.cl\/observatorio-bioetica-derecho\/files\/2014\/05\/Debate-Adopci\u00f3n-en-Parejas-Homosexuales1.jpg\" data-srcset=\"https:\/\/medicina.udd.cl\/observatorio-bioetica-derecho\/files\/2014\/05\/Debate-Adopci\u00f3n-en-Parejas-Homosexuales1.jpg 675w, https:\/\/medicina.udd.cl\/observatorio-bioetica-derecho\/files\/2014\/05\/Debate-Adopci\u00f3n-en-Parejas-Homosexuales1-300x200.jpg 300w\" \/><\/figure><figure class=\"carousel-item\"><img loading=\"lazy\" decoding=\"async\" width=\"675\" height=\"450\" src=\"https:\/\/medicina.udd.cl\/observatorio-bioetica-derecho\/files\/2014\/05\/Sal\u00f3n-Debate-.jpg\" class=\"attachment-landscape_952 size-landscape_952 lazyload\" alt=\"\" sizes=\"auto, (max-width: 675px) 100vw, 675px\" data-src=\"https:\/\/medicina.udd.cl\/observatorio-bioetica-derecho\/files\/2014\/05\/Sal\u00f3n-Debate-.jpg\" data-srcset=\"https:\/\/medicina.udd.cl\/observatorio-bioetica-derecho\/files\/2014\/05\/Sal\u00f3n-Debate-.jpg 675w, https:\/\/medicina.udd.cl\/observatorio-bioetica-derecho\/files\/2014\/05\/Sal\u00f3n-Debate--300x200.jpg 300w\" \/><\/figure><\/div><footer class=\"carousel-footer\"><div class=\"carousel-counter\"><span class=\"carousel-counter-current\"><\/span> \/ <span class=\"carousel-counter-total\"><\/span><\/div><a class=\"carousel-control-prev\" href=\"#gallery-1\" role=\"button\" data-slide=\"prev\"><svg aria-hidden=\"true\" class=\"svg-chevron-left-dims\"><use xlink:href='https:\/\/medicina.udd.cl\/observatorio-bioetica-derecho\/wp-content\/themes\/facultades-2018\/assets\/img\/svg\/dist\/main.svg?version=1695853099#chevron-left'><\/use><\/svg><span class=\"sr-only\">Anterior<\/span><\/a><a class=\"carousel-control-next\" href=\"#gallery-1\" role=\"button\" data-slide=\"next\"><svg aria-hidden=\"true\" class=\"svg-chevron-right-dims\"><use xlink:href='https:\/\/medicina.udd.cl\/observatorio-bioetica-derecho\/wp-content\/themes\/facultades-2018\/assets\/img\/svg\/dist\/main.svg?version=1695853099#chevron-right'><\/use><\/svg><span class=\"sr-only\">Siguiente<\/span><\/a><\/footer><\/div>\n<p>Mientras en Chile se discute la idea de legislar respecto al tema de la adopci\u00f3n de hijos por parte de parejas de mismo sexo, en la\u00a0<a href=\"http:\/\/www.udd.cl\/\"><strong>Universidad del Desarrollo<\/strong><\/a>\u00a0se realiz\u00f3 un interesante debate con dos representantes de visiones opuestas:\u00a0<strong>Luis Larra\u00edn, fundador y presidente<\/strong>\u00a0de la\u00a0<a href=\"http:\/\/www.iguales.cl\/\"><strong>Fundaci\u00f3n Iguales<\/strong><\/a>\u00a0y<strong>\u00a0Claudio Arqueros<\/strong>,\u00a0<strong>director de formaci\u00f3n<\/strong>\u00a0de la\u00a0<a href=\"http:\/\/www.jaimeguzman.cl\/\"><strong>Fundaci\u00f3n Jaime Guzm\u00e1n<\/strong><\/a>.<\/p>\n<p>Ante m\u00e1s de un centenar de alumnos de distintas carreras de la UDD, Luis Larra\u00edn abri\u00f3 el debate defendiendo la opci\u00f3n de las parejas homosexuales de adoptar en virtud de que no existe evidencia cient\u00edfica que demuestre que los ni\u00f1os criados en familias homoparentales tengan alguna diferencia en su desarrollo, con respecto a quienes crecen en familias heteroparentales. Adem\u00e1s, plante\u00f3 que es un mito que en Chile existan m\u00e1s matrimonios esperando por adoptar un menor que ni\u00f1os en condici\u00f3n de ser adoptados.<\/p>\n<p>Claudio Arqueros llam\u00f3 a los asistentes a pensar en lo que es mejor para un ni\u00f1o, no a pensar en los derechos de los padres. \u201cEl \u00e9nfasis debe ponerse en las condiciones naturales que aporta una familia, conformada por un padre y una madre. Creo que el objetivo de la adopci\u00f3n no tiene relaci\u00f3n con el amor de quienes quieren adoptar, sino en darle al ni\u00f1o lo que le ha sido negado\u201d, se\u00f1al\u00f3. Destac\u00f3 tambi\u00e9n el aporte que hace el hombre (lo cuantitativo, el car\u00e1cter) y la mujer (lo cualitativo, lo simb\u00f3lico) en un hijo, la complementariedad que se da en cada pareja heterosexual.<\/p>\n<p>En su contraargumentaci\u00f3n, Luis Larra\u00edn dijo confiar en que los avances sociales ocurren en una sola direcci\u00f3n, tal como ocurri\u00f3 con el voto femenino y el matrimonio interracial. \u201cCreo que en 10 a\u00f1os m\u00e1s la gente que hoy est\u00e1 en contra de la adopci\u00f3n por parte de parejas homosexuales se arrepentir\u00e1 y avergonzar\u00e1 de su postura. Los invito a estar en el lado correcto de la historia\u201d, indic\u00f3 el presidente de Iguales.<\/p>\n<p>Al finalizar, Claudio Arqueros insisti\u00f3 en que un padre y una madre son fundamentales en la crianza de un ni\u00f1o. \u201cLos padres tienen una responsabilidad insoslayable hacia sus hijos. La falta del pap\u00e1 o de la mam\u00e1 inevitablemente afecta a un ni\u00f1o, no hay discusi\u00f3n al respecto\u201d.<\/p>\n<p>El encuentro fue organizado por la\u00a0<a href=\"http:\/\/comunicaciones.udd.cl\/\"><strong>Facultad de Comunicaciones<\/strong><\/a>, el\u00a0<a href=\"http:\/\/humanidades.udd.cl\/\"><strong>Instituto de Humanidades<\/strong><\/a>, la\u00a0<a href=\"http:\/\/derecho-scl.udd.cl\/\"><strong>Facultad de Derecho<\/strong><\/a>\u00a0y el\u00a0<a href=\"http:\/\/medicina.udd.cl\/observatorio-bioetica-derecho\/\"><strong>Observatorio de Bio\u00e9tica &amp; Derecho<\/strong><\/a>\u00a0de la Universidad del Desarrollo.<\/p>\n","protected":false},"excerpt":{"rendered":"<p>Luis Larra\u00edn, presidente de Iguales y Claudio Arqueros, director de formaci\u00f3n de la Fundaci\u00f3n Jaime Guzm\u00e1n, defendieron sus posturas en un auditorio abarrotado de alumnos UDD.<\/p>\n","protected":false},"author":42,"featured_media":368,"comment_status":"open","ping_status":"open","sticky":false,"template":"","format":"standard","meta":{"footnotes":""},"categories":[4],"tags":[],"class_list":["post-366","post","type-post","status-publish","format-standard","has-post-thumbnail","hentry","category-noticias"],"yoast_head":"<!-- This site is optimized with the Yoast SEO plugin v26.9 - https:\/\/yoast.com\/product\/yoast-seo-wordpress\/ -->\n<title>Debate sobre Adopci\u00f3n en Parejas Homosexuales<\/title>\n<meta name=\"description\" content=\"Luis Larra\u00edn, presidente de Iguales y Claudio Arqueros, director de formaci\u00f3n de la Fundaci\u00f3n Jaime Guzm\u00e1n, defendieron sus posturas en un auditorio abarrotado de alumnos UDD.\" \/>\n<meta name=\"robots\" content=\"index, follow, max-snippet:-1, max-image-preview:large, max-video-preview:-1\" \/>\n<link rel=\"canonical\" href=\"https:\/\/medicina.udd.cl\/observatorio-bioetica-derecho\/noticias\/2014\/05\/12\/debate-sobre-adopcion-en-parejas-homosexuales\/\" \/>\n<meta property=\"og:locale\" content=\"es_ES\" \/>\n<meta property=\"og:type\" content=\"article\" \/>\n<meta property=\"og:title\" content=\"Debate sobre Adopci\u00f3n en Parejas Homosexuales\" \/>\n<meta property=\"og:description\" content=\"Luis Larra\u00edn, presidente de Iguales y Claudio Arqueros, director de formaci\u00f3n de la Fundaci\u00f3n Jaime Guzm\u00e1n, defendieron sus posturas en un auditorio abarrotado de alumnos UDD.\" \/>\n<meta property=\"og:url\" content=\"https:\/\/medicina.udd.cl\/observatorio-bioetica-derecho\/noticias\/2014\/05\/12\/debate-sobre-adopcion-en-parejas-homosexuales\/\" \/>\n<meta property=\"og:site_name\" content=\"Observatorio de Bio\u00e9tica y Derecho\" \/>\n<meta property=\"article:published_time\" content=\"2014-05-12T21:01:54+00:00\" \/>\n<meta property=\"article:modified_time\" content=\"2014-05-12T21:04:09+00:00\" \/>\n<meta property=\"og:image\" content=\"https:\/\/medicina.udd.cl\/observatorio-bioetica-derecho\/files\/2014\/05\/Claudio-Arqueros-y-Luis-Larra\u00edn.jpg\" \/>\n\t<meta property=\"og:image:width\" content=\"675\" \/>\n\t<meta property=\"og:image:height\" content=\"450\" \/>\n\t<meta property=\"og:image:type\" content=\"image\/jpeg\" \/>\n<meta name=\"twitter:label1\" content=\"Escrito por\" \/>\n\t<meta name=\"twitter:data1\" content=\"\" \/>\n\t<meta name=\"twitter:label2\" content=\"Tiempo de lectura\" \/>\n\t<meta name=\"twitter:data2\" content=\"2 minutos\" \/>\n<script type=\"application\/ld+json\" class=\"yoast-schema-graph\">{\"@context\":\"https:\/\/schema.org\",\"@graph\":[{\"@type\":\"Article\",\"@id\":\"https:\/\/medicina.udd.cl\/observatorio-bioetica-derecho\/noticias\/2014\/05\/12\/debate-sobre-adopcion-en-parejas-homosexuales\/#article\",\"isPartOf\":{\"@id\":\"https:\/\/medicina.udd.cl\/observatorio-bioetica-derecho\/noticias\/2014\/05\/12\/debate-sobre-adopcion-en-parejas-homosexuales\/\"},\"author\":{\"name\":\"\",\"@id\":\"\"},\"headline\":\"Debate sobre Adopci\u00f3n en Parejas Homosexuales\",\"datePublished\":\"2014-05-12T21:01:54+00:00\",\"dateModified\":\"2014-05-12T21:04:09+00:00\",\"mainEntityOfPage\":{\"@id\":\"https:\/\/medicina.udd.cl\/observatorio-bioetica-derecho\/noticias\/2014\/05\/12\/debate-sobre-adopcion-en-parejas-homosexuales\/\"},\"wordCount\":435,\"commentCount\":0,\"image\":{\"@id\":\"https:\/\/medicina.udd.cl\/observatorio-bioetica-derecho\/noticias\/2014\/05\/12\/debate-sobre-adopcion-en-parejas-homosexuales\/#primaryimage\"},\"thumbnailUrl\":\"https:\/\/medicina.udd.cl\/observatorio-bioetica-derecho\/files\/2014\/05\/Claudio-Arqueros-y-Luis-Larra\u00edn.jpg\",\"articleSection\":[\"Noticias\"],\"inLanguage\":\"es\",\"potentialAction\":[{\"@type\":\"CommentAction\",\"name\":\"Comment\",\"target\":[\"https:\/\/medicina.udd.cl\/observatorio-bioetica-derecho\/noticias\/2014\/05\/12\/debate-sobre-adopcion-en-parejas-homosexuales\/#respond\"]}]},{\"@type\":\"WebPage\",\"@id\":\"https:\/\/medicina.udd.cl\/observatorio-bioetica-derecho\/noticias\/2014\/05\/12\/debate-sobre-adopcion-en-parejas-homosexuales\/\",\"url\":\"https:\/\/medicina.udd.cl\/observatorio-bioetica-derecho\/noticias\/2014\/05\/12\/debate-sobre-adopcion-en-parejas-homosexuales\/\",\"name\":\"Debate sobre Adopci\u00f3n en Parejas Homosexuales\",\"isPartOf\":{\"@id\":\"https:\/\/medicina.udd.cl\/observatorio-bioetica-derecho\/#website\"},\"primaryImageOfPage\":{\"@id\":\"https:\/\/medicina.udd.cl\/observatorio-bioetica-derecho\/noticias\/2014\/05\/12\/debate-sobre-adopcion-en-parejas-homosexuales\/#primaryimage\"},\"image\":{\"@id\":\"https:\/\/medicina.udd.cl\/observatorio-bioetica-derecho\/noticias\/2014\/05\/12\/debate-sobre-adopcion-en-parejas-homosexuales\/#primaryimage\"},\"thumbnailUrl\":\"https:\/\/medicina.udd.cl\/observatorio-bioetica-derecho\/files\/2014\/05\/Claudio-Arqueros-y-Luis-Larra\u00edn.jpg\",\"datePublished\":\"2014-05-12T21:01:54+00:00\",\"dateModified\":\"2014-05-12T21:04:09+00:00\",\"author\":{\"@id\":\"\"},\"description\":\"Luis Larra\u00edn, presidente de Iguales y Claudio Arqueros, director de formaci\u00f3n de la Fundaci\u00f3n Jaime Guzm\u00e1n, defendieron sus posturas en un auditorio abarrotado de alumnos UDD.\",\"breadcrumb\":{\"@id\":\"https:\/\/medicina.udd.cl\/observatorio-bioetica-derecho\/noticias\/2014\/05\/12\/debate-sobre-adopcion-en-parejas-homosexuales\/#breadcrumb\"},\"inLanguage\":\"es\",\"potentialAction\":[{\"@type\":\"ReadAction\",\"target\":[\"https:\/\/medicina.udd.cl\/observatorio-bioetica-derecho\/noticias\/2014\/05\/12\/debate-sobre-adopcion-en-parejas-homosexuales\/\"]}]},{\"@type\":\"ImageObject\",\"inLanguage\":\"es\",\"@id\":\"https:\/\/medicina.udd.cl\/observatorio-bioetica-derecho\/noticias\/2014\/05\/12\/debate-sobre-adopcion-en-parejas-homosexuales\/#primaryimage\",\"url\":\"https:\/\/medicina.udd.cl\/observatorio-bioetica-derecho\/files\/2014\/05\/Claudio-Arqueros-y-Luis-Larra\u00edn.jpg\",\"contentUrl\":\"https:\/\/medicina.udd.cl\/observatorio-bioetica-derecho\/files\/2014\/05\/Claudio-Arqueros-y-Luis-Larra\u00edn.jpg\",\"width\":675,\"height\":450},{\"@type\":\"BreadcrumbList\",\"@id\":\"https:\/\/medicina.udd.cl\/observatorio-bioetica-derecho\/noticias\/2014\/05\/12\/debate-sobre-adopcion-en-parejas-homosexuales\/#breadcrumb\",\"itemListElement\":[{\"@type\":\"ListItem\",\"position\":1,\"name\":\"Home\",\"item\":\"https:\/\/medicina.udd.cl\/observatorio-bioetica-derecho\/\"},{\"@type\":\"ListItem\",\"position\":2,\"name\":\"Debate sobre Adopci\u00f3n en Parejas Homosexuales\"}]},{\"@type\":\"WebSite\",\"@id\":\"https:\/\/medicina.udd.cl\/observatorio-bioetica-derecho\/#website\",\"url\":\"https:\/\/medicina.udd.cl\/observatorio-bioetica-derecho\/\",\"name\":\"Observatorio de Bio\u00e9tica y Derecho\",\"description\":\"Observatorio de Bio\u00e9tica y Derecho\",\"inLanguage\":\"es\"},{\"@type\":\"Person\",\"@id\":\"\",\"url\":\"https:\/\/medicina.udd.cl\/observatorio-bioetica-derecho\/noticias\/author\/\"}]}<\/script>\n<!-- \/ Yoast SEO plugin. -->","yoast_head_json":{"title":"Debate sobre Adopci\u00f3n en Parejas Homosexuales","description":"Luis Larra\u00edn, presidente de Iguales y Claudio Arqueros, director de formaci\u00f3n de la Fundaci\u00f3n Jaime Guzm\u00e1n, defendieron sus posturas en un auditorio abarrotado de alumnos UDD.","robots":{"index":"index","follow":"follow","max-snippet":"max-snippet:-1","max-image-preview":"max-image-preview:large","max-video-preview":"max-video-preview:-1"},"canonical":"https:\/\/medicina.udd.cl\/observatorio-bioetica-derecho\/noticias\/2014\/05\/12\/debate-sobre-adopcion-en-parejas-homosexuales\/","og_locale":"es_ES","og_type":"article","og_title":"Debate sobre Adopci\u00f3n en Parejas Homosexuales","og_description":"Luis Larra\u00edn, presidente de Iguales y Claudio Arqueros, director de formaci\u00f3n de la Fundaci\u00f3n Jaime Guzm\u00e1n, defendieron sus posturas en un auditorio abarrotado de alumnos UDD.","og_url":"https:\/\/medicina.udd.cl\/observatorio-bioetica-derecho\/noticias\/2014\/05\/12\/debate-sobre-adopcion-en-parejas-homosexuales\/","og_site_name":"Observatorio de Bio\u00e9tica y Derecho","article_published_time":"2014-05-12T21:01:54+00:00","article_modified_time":"2014-05-12T21:04:09+00:00","og_image":[{"width":675,"height":450,"url":"https:\/\/medicina.udd.cl\/observatorio-bioetica-derecho\/files\/2014\/05\/Claudio-Arqueros-y-Luis-Larra\u00edn.jpg","type":"image\/jpeg"}],"twitter_misc":{"Escrito por":"","Tiempo de lectura":"2 minutos"},"schema":{"@context":"https:\/\/schema.org","@graph":[{"@type":"Article","@id":"https:\/\/medicina.udd.cl\/observatorio-bioetica-derecho\/noticias\/2014\/05\/12\/debate-sobre-adopcion-en-parejas-homosexuales\/#article","isPartOf":{"@id":"https:\/\/medicina.udd.cl\/observatorio-bioetica-derecho\/noticias\/2014\/05\/12\/debate-sobre-adopcion-en-parejas-homosexuales\/"},"author":{"name":"","@id":""},"headline":"Debate sobre Adopci\u00f3n en Parejas Homosexuales","datePublished":"2014-05-12T21:01:54+00:00","dateModified":"2014-05-12T21:04:09+00:00","mainEntityOfPage":{"@id":"https:\/\/medicina.udd.cl\/observatorio-bioetica-derecho\/noticias\/2014\/05\/12\/debate-sobre-adopcion-en-parejas-homosexuales\/"},"wordCount":435,"commentCount":0,"image":{"@id":"https:\/\/medicina.udd.cl\/observatorio-bioetica-derecho\/noticias\/2014\/05\/12\/debate-sobre-adopcion-en-parejas-homosexuales\/#primaryimage"},"thumbnailUrl":"https:\/\/medicina.udd.cl\/observatorio-bioetica-derecho\/files\/2014\/05\/Claudio-Arqueros-y-Luis-Larra\u00edn.jpg","articleSection":["Noticias"],"inLanguage":"es","potentialAction":[{"@type":"CommentAction","name":"Comment","target":["https:\/\/medicina.udd.cl\/observatorio-bioetica-derecho\/noticias\/2014\/05\/12\/debate-sobre-adopcion-en-parejas-homosexuales\/#respond"]}]},{"@type":"WebPage","@id":"https:\/\/medicina.udd.cl\/observatorio-bioetica-derecho\/noticias\/2014\/05\/12\/debate-sobre-adopcion-en-parejas-homosexuales\/","url":"https:\/\/medicina.udd.cl\/observatorio-bioetica-derecho\/noticias\/2014\/05\/12\/debate-sobre-adopcion-en-parejas-homosexuales\/","name":"Debate sobre Adopci\u00f3n en Parejas Homosexuales","isPartOf":{"@id":"https:\/\/medicina.udd.cl\/observatorio-bioetica-derecho\/#website"},"primaryImageOfPage":{"@id":"https:\/\/medicina.udd.cl\/observatorio-bioetica-derecho\/noticias\/2014\/05\/12\/debate-sobre-adopcion-en-parejas-homosexuales\/#primaryimage"},"image":{"@id":"https:\/\/medicina.udd.cl\/observatorio-bioetica-derecho\/noticias\/2014\/05\/12\/debate-sobre-adopcion-en-parejas-homosexuales\/#primaryimage"},"thumbnailUrl":"https:\/\/medicina.udd.cl\/observatorio-bioetica-derecho\/files\/2014\/05\/Claudio-Arqueros-y-Luis-Larra\u00edn.jpg","datePublished":"2014-05-12T21:01:54+00:00","dateModified":"2014-05-12T21:04:09+00:00","author":{"@id":""},"description":"Luis Larra\u00edn, presidente de Iguales y Claudio Arqueros, director de formaci\u00f3n de la Fundaci\u00f3n Jaime Guzm\u00e1n, defendieron sus posturas en un auditorio abarrotado de alumnos UDD.","breadcrumb":{"@id":"https:\/\/medicina.udd.cl\/observatorio-bioetica-derecho\/noticias\/2014\/05\/12\/debate-sobre-adopcion-en-parejas-homosexuales\/#breadcrumb"},"inLanguage":"es","potentialAction":[{"@type":"ReadAction","target":["https:\/\/medicina.udd.cl\/observatorio-bioetica-derecho\/noticias\/2014\/05\/12\/debate-sobre-adopcion-en-parejas-homosexuales\/"]}]},{"@type":"ImageObject","inLanguage":"es","@id":"https:\/\/medicina.udd.cl\/observatorio-bioetica-derecho\/noticias\/2014\/05\/12\/debate-sobre-adopcion-en-parejas-homosexuales\/#primaryimage","url":"https:\/\/medicina.udd.cl\/observatorio-bioetica-derecho\/files\/2014\/05\/Claudio-Arqueros-y-Luis-Larra\u00edn.jpg","contentUrl":"https:\/\/medicina.udd.cl\/observatorio-bioetica-derecho\/files\/2014\/05\/Claudio-Arqueros-y-Luis-Larra\u00edn.jpg","width":675,"height":450},{"@type":"BreadcrumbList","@id":"https:\/\/medicina.udd.cl\/observatorio-bioetica-derecho\/noticias\/2014\/05\/12\/debate-sobre-adopcion-en-parejas-homosexuales\/#breadcrumb","itemListElement":[{"@type":"ListItem","position":1,"name":"Home","item":"https:\/\/medicina.udd.cl\/observatorio-bioetica-derecho\/"},{"@type":"ListItem","position":2,"name":"Debate sobre Adopci\u00f3n en Parejas Homosexuales"}]},{"@type":"WebSite","@id":"https:\/\/medicina.udd.cl\/observatorio-bioetica-derecho\/#website","url":"https:\/\/medicina.udd.cl\/observatorio-bioetica-derecho\/","name":"Observatorio de Bio\u00e9tica y Derecho","description":"Observatorio de Bio\u00e9tica y Derecho","inLanguage":"es"},{"@type":"Person","@id":"","url":"https:\/\/medicina.udd.cl\/observatorio-bioetica-derecho\/noticias\/author\/"}]}},"featured_image_url":"https:\/\/medicina.udd.cl\/observatorio-bioetica-derecho\/files\/2014\/05\/Claudio-Arqueros-y-Luis-Larra\u00edn.jpg","_links":{"self":[{"href":"https:\/\/medicina.udd.cl\/observatorio-bioetica-derecho\/wp-json\/wp\/v2\/posts\/366","targetHints":{"allow":["GET"]}}],"collection":[{"href":"https:\/\/medicina.udd.cl\/observatorio-bioetica-derecho\/wp-json\/wp\/v2\/posts"}],"about":[{"href":"https:\/\/medicina.udd.cl\/observatorio-bioetica-derecho\/wp-json\/wp\/v2\/types\/post"}],"author":[{"embeddable":true,"href":"https:\/\/medicina.udd.cl\/observatorio-bioetica-derecho\/wp-json\/wp\/v2\/users\/42"}],"replies":[{"embeddable":true,"href":"https:\/\/medicina.udd.cl\/observatorio-bioetica-derecho\/wp-json\/wp\/v2\/comments?post=366"}],"version-history":[{"count":4,"href":"https:\/\/medicina.udd.cl\/observatorio-bioetica-derecho\/wp-json\/wp\/v2\/posts\/366\/revisions"}],"predecessor-version":[{"id":372,"href":"https:\/\/medicina.udd.cl\/observatorio-bioetica-derecho\/wp-json\/wp\/v2\/posts\/366\/revisions\/372"}],"wp:featuredmedia":[{"embeddable":true,"href":"https:\/\/medicina.udd.cl\/observatorio-bioetica-derecho\/wp-json\/wp\/v2\/media\/368"}],"wp:attachment":[{"href":"https:\/\/medicina.udd.cl\/observatorio-bioetica-derecho\/wp-json\/wp\/v2\/media?parent=366"}],"wp:term":[{"taxonomy":"category","embeddable":true,"href":"https:\/\/medicina.udd.cl\/observatorio-bioetica-derecho\/wp-json\/wp\/v2\/categories?post=366"},{"taxonomy":"post_tag","embeddable":true,"href":"https:\/\/medicina.udd.cl\/observatorio-bioetica-derecho\/wp-json\/wp\/v2\/tags?post=366"}],"curies":[{"name":"wp","href":"https:\/\/api.w.org\/{rel}","templated":true}]}}