{"id":383,"date":"2014-05-22T17:51:13","date_gmt":"2014-05-22T21:51:13","guid":{"rendered":"http:\/\/medicina.udd.cl\/observatorio-bioetica-derecho\/?p=383"},"modified":"2014-05-22T17:52:24","modified_gmt":"2014-05-22T21:52:24","slug":"conferencia-estatuto-juridico-de-los-menores-en-la-ley-del-paciente","status":"publish","type":"post","link":"https:\/\/medicina.udd.cl\/observatorio-bioetica-derecho\/noticias\/2014\/05\/22\/conferencia-estatuto-juridico-de-los-menores-en-la-ley-del-paciente\/","title":{"rendered":"Conferencia: estatuto jur\u00eddico de los menores en la Ley del Paciente"},"content":{"rendered":"<p><a href=\"http:\/\/medicina.udd.cl\/observatorio-bioetica-derecho\/files\/2014\/01\/Alberto-Lecaros-1.jpg\"><img loading=\"lazy\" decoding=\"async\" class=\"size-medium wp-image-352 alignright\" alt=\"Alberto Lecaros 1\" src=\"http:\/\/medicina.udd.cl\/observatorio-bioetica-derecho\/files\/2014\/01\/Alberto-Lecaros-1-300x199.jpg\" width=\"300\" height=\"199\" \/><\/a>Una conferencia sobre el estatuto jur\u00eddico de los menores en la actual Ley del Paciente, fue la dictada por el <strong>profesor Alberto Lecaros<\/strong>, <strong>director del Observatorio de Bio\u00e9tica &amp; Derecho de la Universidad del Desarrollo<\/strong>.<\/p>\n<p>La actividad se realiz\u00f3 en una reuni\u00f3n cl\u00ednica del <strong>Servicio de Pediatr\u00eda del Hospital San Borja Arriar\u00e1n<\/strong> y cont\u00f3 con la participaci\u00f3n de profesionales del \u00e1rea y miembros del Comit\u00e9 de \u00c9tica Asistencial.<\/p>\n<p>Durante la jornada, Alberto Lecaros precis\u00f3 que \u201cesta Ley no cambi\u00f3 la situaci\u00f3n anterior de nuestra legislaci\u00f3n, por lo que es necesario hacer una interpretaci\u00f3n sistem\u00e1tica de los derechos de los menores en la atenci\u00f3n en salud\u201d.<\/p>\n<p>Para esto, agreg\u00f3, \u201chay que tomar en consideraci\u00f3n nuestra carta constitucional, que comprende los derechos de la Convenci\u00f3n sobre los Derechos del Ni\u00f1o de 1989 ratificada por nuestro pa\u00eds, adem\u00e1s de los derechos de los menores incorporados en la legislaci\u00f3n civil, en la ley de tribunales de familia y la ley que regula materias de fertilidad y reproducci\u00f3n, entre otros cuerpos jur\u00eddicos\u201d.<\/p>\n<p>Esta conferencia se enmarca en una de las principales tareas del Observatorio de Bio\u00e9tica &amp; Derecho, que es el estudio del impacto \u00e9tico, jur\u00eddico, social y pol\u00edtico de las regulaciones legales, reglamentarias y administrativas en materia de bio\u00e9tica en nuestro pa\u00eds.<\/p>\n","protected":false},"excerpt":{"rendered":"<p>La charla fue dictada por el director del Observatorio de Bio\u00e9tica &#038; Derecho, Alberto Lecaros, en el Servicio de Pediatr\u00eda del Hospital San Borja Arriar\u00e1n.<\/p>\n","protected":false},"author":42,"featured_media":352,"comment_status":"open","ping_status":"open","sticky":false,"template":"","format":"standard","meta":{"footnotes":""},"categories":[4],"tags":[],"class_list":["post-383","post","type-post","status-publish","format-standard","has-post-thumbnail","hentry","category-noticias"],"yoast_head":"<!-- This site is optimized with the Yoast SEO plugin v26.9 - https:\/\/yoast.com\/product\/yoast-seo-wordpress\/ -->\n<title>Conferencia: estatuto jur\u00eddico de los menores en la Ley del Paciente - Observatorio de Bio\u00e9tica y Derecho<\/title>\n<meta name=\"robots\" content=\"index, follow, max-snippet:-1, max-image-preview:large, max-video-preview:-1\" \/>\n<link rel=\"canonical\" href=\"https:\/\/medicina.udd.cl\/observatorio-bioetica-derecho\/noticias\/2014\/05\/22\/conferencia-estatuto-juridico-de-los-menores-en-la-ley-del-paciente\/\" \/>\n<meta property=\"og:locale\" content=\"es_ES\" \/>\n<meta property=\"og:type\" content=\"article\" \/>\n<meta property=\"og:title\" content=\"Conferencia: estatuto jur\u00eddico de los menores en la Ley del Paciente - Observatorio de Bio\u00e9tica y Derecho\" \/>\n<meta property=\"og:description\" content=\"La charla fue dictada por el director del Observatorio de Bio\u00e9tica &amp; Derecho, Alberto Lecaros, en el Servicio de Pediatr\u00eda del Hospital San Borja Arriar\u00e1n.\" \/>\n<meta property=\"og:url\" content=\"https:\/\/medicina.udd.cl\/observatorio-bioetica-derecho\/noticias\/2014\/05\/22\/conferencia-estatuto-juridico-de-los-menores-en-la-ley-del-paciente\/\" \/>\n<meta property=\"og:site_name\" content=\"Observatorio de Bio\u00e9tica y Derecho\" \/>\n<meta property=\"article:published_time\" content=\"2014-05-22T21:51:13+00:00\" \/>\n<meta property=\"article:modified_time\" content=\"2014-05-22T21:52:24+00:00\" \/>\n<meta property=\"og:image\" content=\"https:\/\/medicina.udd.cl\/observatorio-bioetica-derecho\/files\/2014\/01\/Alberto-Lecaros-1.jpg\" \/>\n\t<meta property=\"og:image:width\" content=\"1280\" \/>\n\t<meta property=\"og:image:height\" content=\"853\" \/>\n\t<meta property=\"og:image:type\" content=\"image\/jpeg\" \/>\n<meta name=\"twitter:label1\" content=\"Escrito por\" \/>\n\t<meta name=\"twitter:data1\" content=\"\" \/>\n\t<meta name=\"twitter:label2\" content=\"Tiempo de lectura\" \/>\n\t<meta name=\"twitter:data2\" content=\"1 minuto\" \/>\n<script type=\"application\/ld+json\" class=\"yoast-schema-graph\">{\"@context\":\"https:\/\/schema.org\",\"@graph\":[{\"@type\":\"Article\",\"@id\":\"https:\/\/medicina.udd.cl\/observatorio-bioetica-derecho\/noticias\/2014\/05\/22\/conferencia-estatuto-juridico-de-los-menores-en-la-ley-del-paciente\/#article\",\"isPartOf\":{\"@id\":\"https:\/\/medicina.udd.cl\/observatorio-bioetica-derecho\/noticias\/2014\/05\/22\/conferencia-estatuto-juridico-de-los-menores-en-la-ley-del-paciente\/\"},\"author\":{\"name\":\"\",\"@id\":\"\"},\"headline\":\"Conferencia: estatuto jur\u00eddico de los menores en la Ley del Paciente\",\"datePublished\":\"2014-05-22T21:51:13+00:00\",\"dateModified\":\"2014-05-22T21:52:24+00:00\",\"mainEntityOfPage\":{\"@id\":\"https:\/\/medicina.udd.cl\/observatorio-bioetica-derecho\/noticias\/2014\/05\/22\/conferencia-estatuto-juridico-de-los-menores-en-la-ley-del-paciente\/\"},\"wordCount\":244,\"commentCount\":0,\"image\":{\"@id\":\"https:\/\/medicina.udd.cl\/observatorio-bioetica-derecho\/noticias\/2014\/05\/22\/conferencia-estatuto-juridico-de-los-menores-en-la-ley-del-paciente\/#primaryimage\"},\"thumbnailUrl\":\"https:\/\/medicina.udd.cl\/observatorio-bioetica-derecho\/files\/2014\/01\/Alberto-Lecaros-1.jpg\",\"articleSection\":[\"Noticias\"],\"inLanguage\":\"es\",\"potentialAction\":[{\"@type\":\"CommentAction\",\"name\":\"Comment\",\"target\":[\"https:\/\/medicina.udd.cl\/observatorio-bioetica-derecho\/noticias\/2014\/05\/22\/conferencia-estatuto-juridico-de-los-menores-en-la-ley-del-paciente\/#respond\"]}]},{\"@type\":\"WebPage\",\"@id\":\"https:\/\/medicina.udd.cl\/observatorio-bioetica-derecho\/noticias\/2014\/05\/22\/conferencia-estatuto-juridico-de-los-menores-en-la-ley-del-paciente\/\",\"url\":\"https:\/\/medicina.udd.cl\/observatorio-bioetica-derecho\/noticias\/2014\/05\/22\/conferencia-estatuto-juridico-de-los-menores-en-la-ley-del-paciente\/\",\"name\":\"Conferencia: estatuto jur\u00eddico de los menores en la Ley del Paciente - Observatorio de Bio\u00e9tica y Derecho\",\"isPartOf\":{\"@id\":\"https:\/\/medicina.udd.cl\/observatorio-bioetica-derecho\/#website\"},\"primaryImageOfPage\":{\"@id\":\"https:\/\/medicina.udd.cl\/observatorio-bioetica-derecho\/noticias\/2014\/05\/22\/conferencia-estatuto-juridico-de-los-menores-en-la-ley-del-paciente\/#primaryimage\"},\"image\":{\"@id\":\"https:\/\/medicina.udd.cl\/observatorio-bioetica-derecho\/noticias\/2014\/05\/22\/conferencia-estatuto-juridico-de-los-menores-en-la-ley-del-paciente\/#primaryimage\"},\"thumbnailUrl\":\"https:\/\/medicina.udd.cl\/observatorio-bioetica-derecho\/files\/2014\/01\/Alberto-Lecaros-1.jpg\",\"datePublished\":\"2014-05-22T21:51:13+00:00\",\"dateModified\":\"2014-05-22T21:52:24+00:00\",\"author\":{\"@id\":\"\"},\"breadcrumb\":{\"@id\":\"https:\/\/medicina.udd.cl\/observatorio-bioetica-derecho\/noticias\/2014\/05\/22\/conferencia-estatuto-juridico-de-los-menores-en-la-ley-del-paciente\/#breadcrumb\"},\"inLanguage\":\"es\",\"potentialAction\":[{\"@type\":\"ReadAction\",\"target\":[\"https:\/\/medicina.udd.cl\/observatorio-bioetica-derecho\/noticias\/2014\/05\/22\/conferencia-estatuto-juridico-de-los-menores-en-la-ley-del-paciente\/\"]}]},{\"@type\":\"ImageObject\",\"inLanguage\":\"es\",\"@id\":\"https:\/\/medicina.udd.cl\/observatorio-bioetica-derecho\/noticias\/2014\/05\/22\/conferencia-estatuto-juridico-de-los-menores-en-la-ley-del-paciente\/#primaryimage\",\"url\":\"https:\/\/medicina.udd.cl\/observatorio-bioetica-derecho\/files\/2014\/01\/Alberto-Lecaros-1.jpg\",\"contentUrl\":\"https:\/\/medicina.udd.cl\/observatorio-bioetica-derecho\/files\/2014\/01\/Alberto-Lecaros-1.jpg\",\"width\":1280,\"height\":853},{\"@type\":\"BreadcrumbList\",\"@id\":\"https:\/\/medicina.udd.cl\/observatorio-bioetica-derecho\/noticias\/2014\/05\/22\/conferencia-estatuto-juridico-de-los-menores-en-la-ley-del-paciente\/#breadcrumb\",\"itemListElement\":[{\"@type\":\"ListItem\",\"position\":1,\"name\":\"Home\",\"item\":\"https:\/\/medicina.udd.cl\/observatorio-bioetica-derecho\/\"},{\"@type\":\"ListItem\",\"position\":2,\"name\":\"Conferencia: estatuto jur\u00eddico de los menores en la Ley del Paciente\"}]},{\"@type\":\"WebSite\",\"@id\":\"https:\/\/medicina.udd.cl\/observatorio-bioetica-derecho\/#website\",\"url\":\"https:\/\/medicina.udd.cl\/observatorio-bioetica-derecho\/\",\"name\":\"Observatorio de Bio\u00e9tica y Derecho\",\"description\":\"Observatorio de Bio\u00e9tica y Derecho\",\"inLanguage\":\"es\"},{\"@type\":\"Person\",\"@id\":\"\",\"url\":\"https:\/\/medicina.udd.cl\/observatorio-bioetica-derecho\/noticias\/author\/\"}]}<\/script>\n<!-- \/ Yoast SEO plugin. -->","yoast_head_json":{"title":"Conferencia: estatuto jur\u00eddico de los menores en la Ley del Paciente - Observatorio de Bio\u00e9tica y Derecho","robots":{"index":"index","follow":"follow","max-snippet":"max-snippet:-1","max-image-preview":"max-image-preview:large","max-video-preview":"max-video-preview:-1"},"canonical":"https:\/\/medicina.udd.cl\/observatorio-bioetica-derecho\/noticias\/2014\/05\/22\/conferencia-estatuto-juridico-de-los-menores-en-la-ley-del-paciente\/","og_locale":"es_ES","og_type":"article","og_title":"Conferencia: estatuto jur\u00eddico de los menores en la Ley del Paciente - Observatorio de Bio\u00e9tica y Derecho","og_description":"La charla fue dictada por el director del Observatorio de Bio\u00e9tica & Derecho, Alberto Lecaros, en el Servicio de Pediatr\u00eda del Hospital San Borja Arriar\u00e1n.","og_url":"https:\/\/medicina.udd.cl\/observatorio-bioetica-derecho\/noticias\/2014\/05\/22\/conferencia-estatuto-juridico-de-los-menores-en-la-ley-del-paciente\/","og_site_name":"Observatorio de Bio\u00e9tica y Derecho","article_published_time":"2014-05-22T21:51:13+00:00","article_modified_time":"2014-05-22T21:52:24+00:00","og_image":[{"width":1280,"height":853,"url":"https:\/\/medicina.udd.cl\/observatorio-bioetica-derecho\/files\/2014\/01\/Alberto-Lecaros-1.jpg","type":"image\/jpeg"}],"twitter_misc":{"Escrito por":"","Tiempo de lectura":"1 minuto"},"schema":{"@context":"https:\/\/schema.org","@graph":[{"@type":"Article","@id":"https:\/\/medicina.udd.cl\/observatorio-bioetica-derecho\/noticias\/2014\/05\/22\/conferencia-estatuto-juridico-de-los-menores-en-la-ley-del-paciente\/#article","isPartOf":{"@id":"https:\/\/medicina.udd.cl\/observatorio-bioetica-derecho\/noticias\/2014\/05\/22\/conferencia-estatuto-juridico-de-los-menores-en-la-ley-del-paciente\/"},"author":{"name":"","@id":""},"headline":"Conferencia: estatuto jur\u00eddico de los menores en la Ley del Paciente","datePublished":"2014-05-22T21:51:13+00:00","dateModified":"2014-05-22T21:52:24+00:00","mainEntityOfPage":{"@id":"https:\/\/medicina.udd.cl\/observatorio-bioetica-derecho\/noticias\/2014\/05\/22\/conferencia-estatuto-juridico-de-los-menores-en-la-ley-del-paciente\/"},"wordCount":244,"commentCount":0,"image":{"@id":"https:\/\/medicina.udd.cl\/observatorio-bioetica-derecho\/noticias\/2014\/05\/22\/conferencia-estatuto-juridico-de-los-menores-en-la-ley-del-paciente\/#primaryimage"},"thumbnailUrl":"https:\/\/medicina.udd.cl\/observatorio-bioetica-derecho\/files\/2014\/01\/Alberto-Lecaros-1.jpg","articleSection":["Noticias"],"inLanguage":"es","potentialAction":[{"@type":"CommentAction","name":"Comment","target":["https:\/\/medicina.udd.cl\/observatorio-bioetica-derecho\/noticias\/2014\/05\/22\/conferencia-estatuto-juridico-de-los-menores-en-la-ley-del-paciente\/#respond"]}]},{"@type":"WebPage","@id":"https:\/\/medicina.udd.cl\/observatorio-bioetica-derecho\/noticias\/2014\/05\/22\/conferencia-estatuto-juridico-de-los-menores-en-la-ley-del-paciente\/","url":"https:\/\/medicina.udd.cl\/observatorio-bioetica-derecho\/noticias\/2014\/05\/22\/conferencia-estatuto-juridico-de-los-menores-en-la-ley-del-paciente\/","name":"Conferencia: estatuto jur\u00eddico de los menores en la Ley del Paciente - Observatorio de Bio\u00e9tica y Derecho","isPartOf":{"@id":"https:\/\/medicina.udd.cl\/observatorio-bioetica-derecho\/#website"},"primaryImageOfPage":{"@id":"https:\/\/medicina.udd.cl\/observatorio-bioetica-derecho\/noticias\/2014\/05\/22\/conferencia-estatuto-juridico-de-los-menores-en-la-ley-del-paciente\/#primaryimage"},"image":{"@id":"https:\/\/medicina.udd.cl\/observatorio-bioetica-derecho\/noticias\/2014\/05\/22\/conferencia-estatuto-juridico-de-los-menores-en-la-ley-del-paciente\/#primaryimage"},"thumbnailUrl":"https:\/\/medicina.udd.cl\/observatorio-bioetica-derecho\/files\/2014\/01\/Alberto-Lecaros-1.jpg","datePublished":"2014-05-22T21:51:13+00:00","dateModified":"2014-05-22T21:52:24+00:00","author":{"@id":""},"breadcrumb":{"@id":"https:\/\/medicina.udd.cl\/observatorio-bioetica-derecho\/noticias\/2014\/05\/22\/conferencia-estatuto-juridico-de-los-menores-en-la-ley-del-paciente\/#breadcrumb"},"inLanguage":"es","potentialAction":[{"@type":"ReadAction","target":["https:\/\/medicina.udd.cl\/observatorio-bioetica-derecho\/noticias\/2014\/05\/22\/conferencia-estatuto-juridico-de-los-menores-en-la-ley-del-paciente\/"]}]},{"@type":"ImageObject","inLanguage":"es","@id":"https:\/\/medicina.udd.cl\/observatorio-bioetica-derecho\/noticias\/2014\/05\/22\/conferencia-estatuto-juridico-de-los-menores-en-la-ley-del-paciente\/#primaryimage","url":"https:\/\/medicina.udd.cl\/observatorio-bioetica-derecho\/files\/2014\/01\/Alberto-Lecaros-1.jpg","contentUrl":"https:\/\/medicina.udd.cl\/observatorio-bioetica-derecho\/files\/2014\/01\/Alberto-Lecaros-1.jpg","width":1280,"height":853},{"@type":"BreadcrumbList","@id":"https:\/\/medicina.udd.cl\/observatorio-bioetica-derecho\/noticias\/2014\/05\/22\/conferencia-estatuto-juridico-de-los-menores-en-la-ley-del-paciente\/#breadcrumb","itemListElement":[{"@type":"ListItem","position":1,"name":"Home","item":"https:\/\/medicina.udd.cl\/observatorio-bioetica-derecho\/"},{"@type":"ListItem","position":2,"name":"Conferencia: estatuto jur\u00eddico de los menores en la Ley del Paciente"}]},{"@type":"WebSite","@id":"https:\/\/medicina.udd.cl\/observatorio-bioetica-derecho\/#website","url":"https:\/\/medicina.udd.cl\/observatorio-bioetica-derecho\/","name":"Observatorio de Bio\u00e9tica y Derecho","description":"Observatorio de Bio\u00e9tica y Derecho","inLanguage":"es"},{"@type":"Person","@id":"","url":"https:\/\/medicina.udd.cl\/observatorio-bioetica-derecho\/noticias\/author\/"}]}},"featured_image_url":"https:\/\/medicina.udd.cl\/observatorio-bioetica-derecho\/files\/2014\/01\/Alberto-Lecaros-1.jpg","_links":{"self":[{"href":"https:\/\/medicina.udd.cl\/observatorio-bioetica-derecho\/wp-json\/wp\/v2\/posts\/383","targetHints":{"allow":["GET"]}}],"collection":[{"href":"https:\/\/medicina.udd.cl\/observatorio-bioetica-derecho\/wp-json\/wp\/v2\/posts"}],"about":[{"href":"https:\/\/medicina.udd.cl\/observatorio-bioetica-derecho\/wp-json\/wp\/v2\/types\/post"}],"author":[{"embeddable":true,"href":"https:\/\/medicina.udd.cl\/observatorio-bioetica-derecho\/wp-json\/wp\/v2\/users\/42"}],"replies":[{"embeddable":true,"href":"https:\/\/medicina.udd.cl\/observatorio-bioetica-derecho\/wp-json\/wp\/v2\/comments?post=383"}],"version-history":[{"count":5,"href":"https:\/\/medicina.udd.cl\/observatorio-bioetica-derecho\/wp-json\/wp\/v2\/posts\/383\/revisions"}],"predecessor-version":[{"id":385,"href":"https:\/\/medicina.udd.cl\/observatorio-bioetica-derecho\/wp-json\/wp\/v2\/posts\/383\/revisions\/385"}],"wp:featuredmedia":[{"embeddable":true,"href":"https:\/\/medicina.udd.cl\/observatorio-bioetica-derecho\/wp-json\/wp\/v2\/media\/352"}],"wp:attachment":[{"href":"https:\/\/medicina.udd.cl\/observatorio-bioetica-derecho\/wp-json\/wp\/v2\/media?parent=383"}],"wp:term":[{"taxonomy":"category","embeddable":true,"href":"https:\/\/medicina.udd.cl\/observatorio-bioetica-derecho\/wp-json\/wp\/v2\/categories?post=383"},{"taxonomy":"post_tag","embeddable":true,"href":"https:\/\/medicina.udd.cl\/observatorio-bioetica-derecho\/wp-json\/wp\/v2\/tags?post=383"}],"curies":[{"name":"wp","href":"https:\/\/api.w.org\/{rel}","templated":true}]}}