{"id":409,"date":"2014-06-25T12:46:49","date_gmt":"2014-06-25T16:46:49","guid":{"rendered":"http:\/\/medicina.udd.cl\/observatorio-bioetica-derecho\/?p=409"},"modified":"2014-06-25T15:19:13","modified_gmt":"2014-06-25T19:19:13","slug":"debate-sobre-la-sustentabilidad-en-chile-actualidad-y-futuro","status":"publish","type":"post","link":"https:\/\/medicina.udd.cl\/observatorio-bioetica-derecho\/noticias\/2014\/06\/25\/debate-sobre-la-sustentabilidad-en-chile-actualidad-y-futuro\/","title":{"rendered":"Debate sobre la Sustentabilidad en Chile: Actualidad y futuro"},"content":{"rendered":"<p><a href=\"http:\/\/medicina.udd.cl\/observatorio-bioetica-derecho\/files\/2014\/06\/Seminario-Sustentabilidad-OBD-PUCV.jpg\"><img loading=\"lazy\" decoding=\"async\" class=\"size-medium wp-image-410 alignright\" alt=\"Seminario Sustentabilidad OB&amp;D-PUCV\" src=\"http:\/\/medicina.udd.cl\/observatorio-bioetica-derecho\/files\/2014\/06\/Seminario-Sustentabilidad-OBD-PUCV-279x300.jpg\" width=\"279\" height=\"300\" \/><\/a>El <strong>Observatorio de Bio\u00e9tica y Derecho<\/strong> de la <strong>Universidad del Desarrollo<\/strong>, junto al <strong>N\u00facleo de Bio\u00e9tica<\/strong> y el <strong>N\u00facleo de Biotecnolog\u00eda<\/strong> de la <strong>Pontificia Universidad Cat\u00f3lica de Valpara\u00edso<\/strong>, invitan al <strong>Seminario \u00abDebate sobre la sustentabilidad en Chile: actualidad y futuro\u00bb<\/strong>.<\/p>\n<p>El prop\u00f3sito es generar una instancia acad\u00e9mica de an\u00e1lisis y discusi\u00f3n sobre la sustentabilidad desde una mirada integral e interdisciplinaria, que permita hacer un diagn\u00f3stico y pron\u00f3stico de las pol\u00edticas p\u00fablicas en esta materia y plantear las condiciones para un debate p\u00fablico inclusivo, abierto y democr\u00e1tico en nuestro pa\u00eds.<\/p>\n<p>De este modo, su objetivo abordar este debate sobre el desarrollo sostenible y la sustentabilidad en Chile desde las siguientes perspectivas:<\/p>\n<ul>\n<li>El concepto de sustentabilidad desde el punto de vista de la ciencia ecol\u00f3gica y de las ciencias de la complejidad social<\/li>\n<li>La sustentabilidad desde el punto de vista de la \u00e9tica ecol\u00f3gica y de la ecolog\u00eda pol\u00edtica<\/li>\n<li>La sustentabilidad desde el punto de vista de las pol\u00edticas p\u00fablicas<\/li>\n<li>La sustentabilidad desde el punto de vista de la responsabilidad social empresarial<\/li>\n<li>La sustentabilidad desde el punto de vista del derecho ambiental y la judicatura ambiental.<\/li>\n<\/ul>\n<p>El Seminario se realizar\u00e1 el 12 de agosto de 2014, de 08:30 a 18:00 horas.<\/p>\n<p>Para revisar el programa completo, <a href=\"http:\/\/medicina.udd.cl\/observatorio-bioetica-derecho\/files\/2014\/06\/Programa-Seminario-Sustentabilidad-OBD-PUCV.pdf\"><strong>ingresar aqu\u00ed<\/strong><\/a>.<\/p>\n","protected":false},"excerpt":{"rendered":"<p>Es organizado por el Observatorio de Bio\u00e9tica y Derecho de la UDD y la Pontificia Universidad Cat\u00f3lica de Valpara\u00edso. Se realizar\u00e1 el martes 12 de agosto, de 08:30 a 18:00 horas.<\/p>\n","protected":false},"author":42,"featured_media":415,"comment_status":"open","ping_status":"open","sticky":false,"template":"","format":"standard","meta":{"footnotes":""},"categories":[4],"tags":[],"class_list":["post-409","post","type-post","status-publish","format-standard","has-post-thumbnail","hentry","category-noticias"],"yoast_head":"<!-- This site is optimized with the Yoast SEO plugin v26.9 - https:\/\/yoast.com\/product\/yoast-seo-wordpress\/ -->\n<title>Debate sobre la Sustentabilidad en Chile: Actualidad y futuro<\/title>\n<meta name=\"description\" content=\"Es organizado por el Observatorio de Bio\u00e9tica y Derecho de la Universidad del Desarrollo y se realizar\u00e1 el martes 12 de agosto, de 08:30 a 18:00 horas.\" \/>\n<meta name=\"robots\" content=\"index, follow, max-snippet:-1, max-image-preview:large, max-video-preview:-1\" \/>\n<link rel=\"canonical\" href=\"https:\/\/medicina.udd.cl\/observatorio-bioetica-derecho\/noticias\/2014\/06\/25\/debate-sobre-la-sustentabilidad-en-chile-actualidad-y-futuro\/\" \/>\n<meta property=\"og:locale\" content=\"es_ES\" \/>\n<meta property=\"og:type\" content=\"article\" \/>\n<meta property=\"og:title\" content=\"Debate sobre la Sustentabilidad en Chile: Actualidad y futuro\" \/>\n<meta property=\"og:description\" content=\"Es organizado por el Observatorio de Bio\u00e9tica y Derecho de la Universidad del Desarrollo y se realizar\u00e1 el martes 12 de agosto, de 08:30 a 18:00 horas.\" \/>\n<meta property=\"og:url\" content=\"https:\/\/medicina.udd.cl\/observatorio-bioetica-derecho\/noticias\/2014\/06\/25\/debate-sobre-la-sustentabilidad-en-chile-actualidad-y-futuro\/\" \/>\n<meta property=\"og:site_name\" content=\"Observatorio de Bio\u00e9tica y Derecho\" \/>\n<meta property=\"article:published_time\" content=\"2014-06-25T16:46:49+00:00\" \/>\n<meta property=\"article:modified_time\" content=\"2014-06-25T19:19:13+00:00\" \/>\n<meta property=\"og:image\" content=\"https:\/\/medicina.udd.cl\/observatorio-bioetica-derecho\/files\/2014\/06\/Seminario-Sustentabilidad-OBD-PUCV1.jpg\" \/>\n\t<meta property=\"og:image:width\" content=\"600\" \/>\n\t<meta property=\"og:image:height\" content=\"400\" \/>\n\t<meta property=\"og:image:type\" content=\"image\/jpeg\" \/>\n<meta name=\"twitter:label1\" content=\"Escrito por\" \/>\n\t<meta name=\"twitter:data1\" content=\"\" \/>\n\t<meta name=\"twitter:label2\" content=\"Tiempo de lectura\" \/>\n\t<meta name=\"twitter:data2\" content=\"1 minuto\" \/>\n<script type=\"application\/ld+json\" class=\"yoast-schema-graph\">{\"@context\":\"https:\/\/schema.org\",\"@graph\":[{\"@type\":\"Article\",\"@id\":\"https:\/\/medicina.udd.cl\/observatorio-bioetica-derecho\/noticias\/2014\/06\/25\/debate-sobre-la-sustentabilidad-en-chile-actualidad-y-futuro\/#article\",\"isPartOf\":{\"@id\":\"https:\/\/medicina.udd.cl\/observatorio-bioetica-derecho\/noticias\/2014\/06\/25\/debate-sobre-la-sustentabilidad-en-chile-actualidad-y-futuro\/\"},\"author\":{\"name\":\"\",\"@id\":\"\"},\"headline\":\"Debate sobre la Sustentabilidad en Chile: Actualidad y futuro\",\"datePublished\":\"2014-06-25T16:46:49+00:00\",\"dateModified\":\"2014-06-25T19:19:13+00:00\",\"mainEntityOfPage\":{\"@id\":\"https:\/\/medicina.udd.cl\/observatorio-bioetica-derecho\/noticias\/2014\/06\/25\/debate-sobre-la-sustentabilidad-en-chile-actualidad-y-futuro\/\"},\"wordCount\":235,\"commentCount\":0,\"image\":{\"@id\":\"https:\/\/medicina.udd.cl\/observatorio-bioetica-derecho\/noticias\/2014\/06\/25\/debate-sobre-la-sustentabilidad-en-chile-actualidad-y-futuro\/#primaryimage\"},\"thumbnailUrl\":\"https:\/\/medicina.udd.cl\/observatorio-bioetica-derecho\/files\/2014\/06\/Seminario-Sustentabilidad-OBD-PUCV1.jpg\",\"articleSection\":[\"Noticias\"],\"inLanguage\":\"es\",\"potentialAction\":[{\"@type\":\"CommentAction\",\"name\":\"Comment\",\"target\":[\"https:\/\/medicina.udd.cl\/observatorio-bioetica-derecho\/noticias\/2014\/06\/25\/debate-sobre-la-sustentabilidad-en-chile-actualidad-y-futuro\/#respond\"]}]},{\"@type\":\"WebPage\",\"@id\":\"https:\/\/medicina.udd.cl\/observatorio-bioetica-derecho\/noticias\/2014\/06\/25\/debate-sobre-la-sustentabilidad-en-chile-actualidad-y-futuro\/\",\"url\":\"https:\/\/medicina.udd.cl\/observatorio-bioetica-derecho\/noticias\/2014\/06\/25\/debate-sobre-la-sustentabilidad-en-chile-actualidad-y-futuro\/\",\"name\":\"Debate sobre la Sustentabilidad en Chile: Actualidad y futuro\",\"isPartOf\":{\"@id\":\"https:\/\/medicina.udd.cl\/observatorio-bioetica-derecho\/#website\"},\"primaryImageOfPage\":{\"@id\":\"https:\/\/medicina.udd.cl\/observatorio-bioetica-derecho\/noticias\/2014\/06\/25\/debate-sobre-la-sustentabilidad-en-chile-actualidad-y-futuro\/#primaryimage\"},\"image\":{\"@id\":\"https:\/\/medicina.udd.cl\/observatorio-bioetica-derecho\/noticias\/2014\/06\/25\/debate-sobre-la-sustentabilidad-en-chile-actualidad-y-futuro\/#primaryimage\"},\"thumbnailUrl\":\"https:\/\/medicina.udd.cl\/observatorio-bioetica-derecho\/files\/2014\/06\/Seminario-Sustentabilidad-OBD-PUCV1.jpg\",\"datePublished\":\"2014-06-25T16:46:49+00:00\",\"dateModified\":\"2014-06-25T19:19:13+00:00\",\"author\":{\"@id\":\"\"},\"description\":\"Es organizado por el Observatorio de Bio\u00e9tica y Derecho de la Universidad del Desarrollo y se realizar\u00e1 el martes 12 de agosto, de 08:30 a 18:00 horas.\",\"breadcrumb\":{\"@id\":\"https:\/\/medicina.udd.cl\/observatorio-bioetica-derecho\/noticias\/2014\/06\/25\/debate-sobre-la-sustentabilidad-en-chile-actualidad-y-futuro\/#breadcrumb\"},\"inLanguage\":\"es\",\"potentialAction\":[{\"@type\":\"ReadAction\",\"target\":[\"https:\/\/medicina.udd.cl\/observatorio-bioetica-derecho\/noticias\/2014\/06\/25\/debate-sobre-la-sustentabilidad-en-chile-actualidad-y-futuro\/\"]}]},{\"@type\":\"ImageObject\",\"inLanguage\":\"es\",\"@id\":\"https:\/\/medicina.udd.cl\/observatorio-bioetica-derecho\/noticias\/2014\/06\/25\/debate-sobre-la-sustentabilidad-en-chile-actualidad-y-futuro\/#primaryimage\",\"url\":\"https:\/\/medicina.udd.cl\/observatorio-bioetica-derecho\/files\/2014\/06\/Seminario-Sustentabilidad-OBD-PUCV1.jpg\",\"contentUrl\":\"https:\/\/medicina.udd.cl\/observatorio-bioetica-derecho\/files\/2014\/06\/Seminario-Sustentabilidad-OBD-PUCV1.jpg\",\"width\":600,\"height\":400},{\"@type\":\"BreadcrumbList\",\"@id\":\"https:\/\/medicina.udd.cl\/observatorio-bioetica-derecho\/noticias\/2014\/06\/25\/debate-sobre-la-sustentabilidad-en-chile-actualidad-y-futuro\/#breadcrumb\",\"itemListElement\":[{\"@type\":\"ListItem\",\"position\":1,\"name\":\"Home\",\"item\":\"https:\/\/medicina.udd.cl\/observatorio-bioetica-derecho\/\"},{\"@type\":\"ListItem\",\"position\":2,\"name\":\"Debate sobre la Sustentabilidad en Chile: Actualidad y futuro\"}]},{\"@type\":\"WebSite\",\"@id\":\"https:\/\/medicina.udd.cl\/observatorio-bioetica-derecho\/#website\",\"url\":\"https:\/\/medicina.udd.cl\/observatorio-bioetica-derecho\/\",\"name\":\"Observatorio de Bio\u00e9tica y Derecho\",\"description\":\"Observatorio de Bio\u00e9tica y Derecho\",\"inLanguage\":\"es\"},{\"@type\":\"Person\",\"@id\":\"\",\"url\":\"https:\/\/medicina.udd.cl\/observatorio-bioetica-derecho\/noticias\/author\/\"}]}<\/script>\n<!-- \/ Yoast SEO plugin. -->","yoast_head_json":{"title":"Debate sobre la Sustentabilidad en Chile: Actualidad y futuro","description":"Es organizado por el Observatorio de Bio\u00e9tica y Derecho de la Universidad del Desarrollo y se realizar\u00e1 el martes 12 de agosto, de 08:30 a 18:00 horas.","robots":{"index":"index","follow":"follow","max-snippet":"max-snippet:-1","max-image-preview":"max-image-preview:large","max-video-preview":"max-video-preview:-1"},"canonical":"https:\/\/medicina.udd.cl\/observatorio-bioetica-derecho\/noticias\/2014\/06\/25\/debate-sobre-la-sustentabilidad-en-chile-actualidad-y-futuro\/","og_locale":"es_ES","og_type":"article","og_title":"Debate sobre la Sustentabilidad en Chile: Actualidad y futuro","og_description":"Es organizado por el Observatorio de Bio\u00e9tica y Derecho de la Universidad del Desarrollo y se realizar\u00e1 el martes 12 de agosto, de 08:30 a 18:00 horas.","og_url":"https:\/\/medicina.udd.cl\/observatorio-bioetica-derecho\/noticias\/2014\/06\/25\/debate-sobre-la-sustentabilidad-en-chile-actualidad-y-futuro\/","og_site_name":"Observatorio de Bio\u00e9tica y Derecho","article_published_time":"2014-06-25T16:46:49+00:00","article_modified_time":"2014-06-25T19:19:13+00:00","og_image":[{"width":600,"height":400,"url":"https:\/\/medicina.udd.cl\/observatorio-bioetica-derecho\/files\/2014\/06\/Seminario-Sustentabilidad-OBD-PUCV1.jpg","type":"image\/jpeg"}],"twitter_misc":{"Escrito por":"","Tiempo de lectura":"1 minuto"},"schema":{"@context":"https:\/\/schema.org","@graph":[{"@type":"Article","@id":"https:\/\/medicina.udd.cl\/observatorio-bioetica-derecho\/noticias\/2014\/06\/25\/debate-sobre-la-sustentabilidad-en-chile-actualidad-y-futuro\/#article","isPartOf":{"@id":"https:\/\/medicina.udd.cl\/observatorio-bioetica-derecho\/noticias\/2014\/06\/25\/debate-sobre-la-sustentabilidad-en-chile-actualidad-y-futuro\/"},"author":{"name":"","@id":""},"headline":"Debate sobre la Sustentabilidad en Chile: Actualidad y futuro","datePublished":"2014-06-25T16:46:49+00:00","dateModified":"2014-06-25T19:19:13+00:00","mainEntityOfPage":{"@id":"https:\/\/medicina.udd.cl\/observatorio-bioetica-derecho\/noticias\/2014\/06\/25\/debate-sobre-la-sustentabilidad-en-chile-actualidad-y-futuro\/"},"wordCount":235,"commentCount":0,"image":{"@id":"https:\/\/medicina.udd.cl\/observatorio-bioetica-derecho\/noticias\/2014\/06\/25\/debate-sobre-la-sustentabilidad-en-chile-actualidad-y-futuro\/#primaryimage"},"thumbnailUrl":"https:\/\/medicina.udd.cl\/observatorio-bioetica-derecho\/files\/2014\/06\/Seminario-Sustentabilidad-OBD-PUCV1.jpg","articleSection":["Noticias"],"inLanguage":"es","potentialAction":[{"@type":"CommentAction","name":"Comment","target":["https:\/\/medicina.udd.cl\/observatorio-bioetica-derecho\/noticias\/2014\/06\/25\/debate-sobre-la-sustentabilidad-en-chile-actualidad-y-futuro\/#respond"]}]},{"@type":"WebPage","@id":"https:\/\/medicina.udd.cl\/observatorio-bioetica-derecho\/noticias\/2014\/06\/25\/debate-sobre-la-sustentabilidad-en-chile-actualidad-y-futuro\/","url":"https:\/\/medicina.udd.cl\/observatorio-bioetica-derecho\/noticias\/2014\/06\/25\/debate-sobre-la-sustentabilidad-en-chile-actualidad-y-futuro\/","name":"Debate sobre la Sustentabilidad en Chile: Actualidad y futuro","isPartOf":{"@id":"https:\/\/medicina.udd.cl\/observatorio-bioetica-derecho\/#website"},"primaryImageOfPage":{"@id":"https:\/\/medicina.udd.cl\/observatorio-bioetica-derecho\/noticias\/2014\/06\/25\/debate-sobre-la-sustentabilidad-en-chile-actualidad-y-futuro\/#primaryimage"},"image":{"@id":"https:\/\/medicina.udd.cl\/observatorio-bioetica-derecho\/noticias\/2014\/06\/25\/debate-sobre-la-sustentabilidad-en-chile-actualidad-y-futuro\/#primaryimage"},"thumbnailUrl":"https:\/\/medicina.udd.cl\/observatorio-bioetica-derecho\/files\/2014\/06\/Seminario-Sustentabilidad-OBD-PUCV1.jpg","datePublished":"2014-06-25T16:46:49+00:00","dateModified":"2014-06-25T19:19:13+00:00","author":{"@id":""},"description":"Es organizado por el Observatorio de Bio\u00e9tica y Derecho de la Universidad del Desarrollo y se realizar\u00e1 el martes 12 de agosto, de 08:30 a 18:00 horas.","breadcrumb":{"@id":"https:\/\/medicina.udd.cl\/observatorio-bioetica-derecho\/noticias\/2014\/06\/25\/debate-sobre-la-sustentabilidad-en-chile-actualidad-y-futuro\/#breadcrumb"},"inLanguage":"es","potentialAction":[{"@type":"ReadAction","target":["https:\/\/medicina.udd.cl\/observatorio-bioetica-derecho\/noticias\/2014\/06\/25\/debate-sobre-la-sustentabilidad-en-chile-actualidad-y-futuro\/"]}]},{"@type":"ImageObject","inLanguage":"es","@id":"https:\/\/medicina.udd.cl\/observatorio-bioetica-derecho\/noticias\/2014\/06\/25\/debate-sobre-la-sustentabilidad-en-chile-actualidad-y-futuro\/#primaryimage","url":"https:\/\/medicina.udd.cl\/observatorio-bioetica-derecho\/files\/2014\/06\/Seminario-Sustentabilidad-OBD-PUCV1.jpg","contentUrl":"https:\/\/medicina.udd.cl\/observatorio-bioetica-derecho\/files\/2014\/06\/Seminario-Sustentabilidad-OBD-PUCV1.jpg","width":600,"height":400},{"@type":"BreadcrumbList","@id":"https:\/\/medicina.udd.cl\/observatorio-bioetica-derecho\/noticias\/2014\/06\/25\/debate-sobre-la-sustentabilidad-en-chile-actualidad-y-futuro\/#breadcrumb","itemListElement":[{"@type":"ListItem","position":1,"name":"Home","item":"https:\/\/medicina.udd.cl\/observatorio-bioetica-derecho\/"},{"@type":"ListItem","position":2,"name":"Debate sobre la Sustentabilidad en Chile: Actualidad y futuro"}]},{"@type":"WebSite","@id":"https:\/\/medicina.udd.cl\/observatorio-bioetica-derecho\/#website","url":"https:\/\/medicina.udd.cl\/observatorio-bioetica-derecho\/","name":"Observatorio de Bio\u00e9tica y Derecho","description":"Observatorio de Bio\u00e9tica y Derecho","inLanguage":"es"},{"@type":"Person","@id":"","url":"https:\/\/medicina.udd.cl\/observatorio-bioetica-derecho\/noticias\/author\/"}]}},"featured_image_url":"https:\/\/medicina.udd.cl\/observatorio-bioetica-derecho\/files\/2014\/06\/Seminario-Sustentabilidad-OBD-PUCV1.jpg","_links":{"self":[{"href":"https:\/\/medicina.udd.cl\/observatorio-bioetica-derecho\/wp-json\/wp\/v2\/posts\/409","targetHints":{"allow":["GET"]}}],"collection":[{"href":"https:\/\/medicina.udd.cl\/observatorio-bioetica-derecho\/wp-json\/wp\/v2\/posts"}],"about":[{"href":"https:\/\/medicina.udd.cl\/observatorio-bioetica-derecho\/wp-json\/wp\/v2\/types\/post"}],"author":[{"embeddable":true,"href":"https:\/\/medicina.udd.cl\/observatorio-bioetica-derecho\/wp-json\/wp\/v2\/users\/42"}],"replies":[{"embeddable":true,"href":"https:\/\/medicina.udd.cl\/observatorio-bioetica-derecho\/wp-json\/wp\/v2\/comments?post=409"}],"version-history":[{"count":5,"href":"https:\/\/medicina.udd.cl\/observatorio-bioetica-derecho\/wp-json\/wp\/v2\/posts\/409\/revisions"}],"predecessor-version":[{"id":413,"href":"https:\/\/medicina.udd.cl\/observatorio-bioetica-derecho\/wp-json\/wp\/v2\/posts\/409\/revisions\/413"}],"wp:featuredmedia":[{"embeddable":true,"href":"https:\/\/medicina.udd.cl\/observatorio-bioetica-derecho\/wp-json\/wp\/v2\/media\/415"}],"wp:attachment":[{"href":"https:\/\/medicina.udd.cl\/observatorio-bioetica-derecho\/wp-json\/wp\/v2\/media?parent=409"}],"wp:term":[{"taxonomy":"category","embeddable":true,"href":"https:\/\/medicina.udd.cl\/observatorio-bioetica-derecho\/wp-json\/wp\/v2\/categories?post=409"},{"taxonomy":"post_tag","embeddable":true,"href":"https:\/\/medicina.udd.cl\/observatorio-bioetica-derecho\/wp-json\/wp\/v2\/tags?post=409"}],"curies":[{"name":"wp","href":"https:\/\/api.w.org\/{rel}","templated":true}]}}