{"id":422,"date":"2014-06-27T10:08:00","date_gmt":"2014-06-27T14:08:00","guid":{"rendered":"http:\/\/medicina.udd.cl\/observatorio-bioetica-derecho\/?p=422"},"modified":"2014-06-27T10:08:00","modified_gmt":"2014-06-27T14:08:00","slug":"revisa-la-memoria-anual-del-observatorio-de-bioetica-y-derecho","status":"publish","type":"post","link":"https:\/\/medicina.udd.cl\/observatorio-bioetica-derecho\/noticias\/2014\/06\/27\/revisa-la-memoria-anual-del-observatorio-de-bioetica-y-derecho\/","title":{"rendered":"Revisa la Memoria Anual del Observatorio de Bio\u00e9tica y Derecho"},"content":{"rendered":"<p>El <strong>Observatorio de Bio\u00e9tica y Derecho<\/strong> de la <strong>Universidad del Desarrollo<\/strong> present\u00f3 su Mermoria Anual 2013.<\/p>\n<p>El documento recopila todo el quehacer del Centro durante el pasado a\u00f1o acad\u00e9mico, destacando las actividades realizadas, los proyectos de investigaci\u00f3n y las publicaciones generadas.<\/p>\n<p>Para revisar la memoria completa, <a href=\"http:\/\/medicina.udd.cl\/observatorio-bioetica-derecho\/files\/2014\/06\/MEMORIA-OBD-2013.pdf\"><strong>ingresar aqu\u00ed.<\/strong><\/a><\/p>\n","protected":false},"excerpt":{"rendered":"<p>El documento recopila todo el quehacer del OB&#038;D durante el a\u00f1o acad\u00e9mico 2013, destacando las actividades organizadas, los proyectos de investigaci\u00f3n realizados y las publicaciones generadas.<\/p>\n","protected":false},"author":42,"featured_media":305,"comment_status":"open","ping_status":"open","sticky":false,"template":"","format":"standard","meta":{"footnotes":""},"categories":[4],"tags":[],"class_list":["post-422","post","type-post","status-publish","format-standard","has-post-thumbnail","hentry","category-noticias"],"yoast_head":"<!-- This site is optimized with the Yoast SEO plugin v26.9 - https:\/\/yoast.com\/product\/yoast-seo-wordpress\/ -->\n<title>Revisa la Memoria Anual del Observatorio de Bio\u00e9tica y Derecho - Observatorio de Bio\u00e9tica y Derecho<\/title>\n<meta name=\"robots\" content=\"index, follow, max-snippet:-1, max-image-preview:large, max-video-preview:-1\" \/>\n<link rel=\"canonical\" href=\"https:\/\/medicina.udd.cl\/observatorio-bioetica-derecho\/noticias\/2014\/06\/27\/revisa-la-memoria-anual-del-observatorio-de-bioetica-y-derecho\/\" \/>\n<meta property=\"og:locale\" content=\"es_ES\" \/>\n<meta property=\"og:type\" content=\"article\" \/>\n<meta property=\"og:title\" content=\"Revisa la Memoria Anual del Observatorio de Bio\u00e9tica y Derecho - Observatorio de Bio\u00e9tica y Derecho\" \/>\n<meta property=\"og:description\" content=\"El documento recopila todo el quehacer del OB&amp;D durante el a\u00f1o acad\u00e9mico 2013, destacando las actividades organizadas, los proyectos de investigaci\u00f3n realizados y las publicaciones generadas.\" \/>\n<meta property=\"og:url\" content=\"https:\/\/medicina.udd.cl\/observatorio-bioetica-derecho\/noticias\/2014\/06\/27\/revisa-la-memoria-anual-del-observatorio-de-bioetica-y-derecho\/\" \/>\n<meta property=\"og:site_name\" content=\"Observatorio de Bio\u00e9tica y Derecho\" \/>\n<meta property=\"article:published_time\" content=\"2014-06-27T14:08:00+00:00\" \/>\n<meta property=\"og:image\" content=\"https:\/\/medicina.udd.cl\/observatorio-bioetica-derecho\/files\/2013\/06\/Observatorio-de-Bioetica-Derecho.jpg\" \/>\n\t<meta property=\"og:image:width\" content=\"531\" \/>\n\t<meta property=\"og:image:height\" content=\"317\" \/>\n\t<meta property=\"og:image:type\" content=\"image\/jpeg\" \/>\n<meta name=\"twitter:label1\" content=\"Escrito por\" \/>\n\t<meta name=\"twitter:data1\" content=\"\" \/>\n<script type=\"application\/ld+json\" class=\"yoast-schema-graph\">{\"@context\":\"https:\/\/schema.org\",\"@graph\":[{\"@type\":\"Article\",\"@id\":\"https:\/\/medicina.udd.cl\/observatorio-bioetica-derecho\/noticias\/2014\/06\/27\/revisa-la-memoria-anual-del-observatorio-de-bioetica-y-derecho\/#article\",\"isPartOf\":{\"@id\":\"https:\/\/medicina.udd.cl\/observatorio-bioetica-derecho\/noticias\/2014\/06\/27\/revisa-la-memoria-anual-del-observatorio-de-bioetica-y-derecho\/\"},\"author\":{\"name\":\"\",\"@id\":\"\"},\"headline\":\"Revisa la Memoria Anual del Observatorio de Bio\u00e9tica y Derecho\",\"datePublished\":\"2014-06-27T14:08:00+00:00\",\"mainEntityOfPage\":{\"@id\":\"https:\/\/medicina.udd.cl\/observatorio-bioetica-derecho\/noticias\/2014\/06\/27\/revisa-la-memoria-anual-del-observatorio-de-bioetica-y-derecho\/\"},\"wordCount\":62,\"commentCount\":0,\"image\":{\"@id\":\"https:\/\/medicina.udd.cl\/observatorio-bioetica-derecho\/noticias\/2014\/06\/27\/revisa-la-memoria-anual-del-observatorio-de-bioetica-y-derecho\/#primaryimage\"},\"thumbnailUrl\":\"https:\/\/medicina.udd.cl\/observatorio-bioetica-derecho\/files\/2013\/06\/Observatorio-de-Bioetica-Derecho.jpg\",\"articleSection\":[\"Noticias\"],\"inLanguage\":\"es\",\"potentialAction\":[{\"@type\":\"CommentAction\",\"name\":\"Comment\",\"target\":[\"https:\/\/medicina.udd.cl\/observatorio-bioetica-derecho\/noticias\/2014\/06\/27\/revisa-la-memoria-anual-del-observatorio-de-bioetica-y-derecho\/#respond\"]}]},{\"@type\":\"WebPage\",\"@id\":\"https:\/\/medicina.udd.cl\/observatorio-bioetica-derecho\/noticias\/2014\/06\/27\/revisa-la-memoria-anual-del-observatorio-de-bioetica-y-derecho\/\",\"url\":\"https:\/\/medicina.udd.cl\/observatorio-bioetica-derecho\/noticias\/2014\/06\/27\/revisa-la-memoria-anual-del-observatorio-de-bioetica-y-derecho\/\",\"name\":\"Revisa la Memoria Anual del Observatorio de Bio\u00e9tica y Derecho - Observatorio de Bio\u00e9tica y Derecho\",\"isPartOf\":{\"@id\":\"https:\/\/medicina.udd.cl\/observatorio-bioetica-derecho\/#website\"},\"primaryImageOfPage\":{\"@id\":\"https:\/\/medicina.udd.cl\/observatorio-bioetica-derecho\/noticias\/2014\/06\/27\/revisa-la-memoria-anual-del-observatorio-de-bioetica-y-derecho\/#primaryimage\"},\"image\":{\"@id\":\"https:\/\/medicina.udd.cl\/observatorio-bioetica-derecho\/noticias\/2014\/06\/27\/revisa-la-memoria-anual-del-observatorio-de-bioetica-y-derecho\/#primaryimage\"},\"thumbnailUrl\":\"https:\/\/medicina.udd.cl\/observatorio-bioetica-derecho\/files\/2013\/06\/Observatorio-de-Bioetica-Derecho.jpg\",\"datePublished\":\"2014-06-27T14:08:00+00:00\",\"author\":{\"@id\":\"\"},\"breadcrumb\":{\"@id\":\"https:\/\/medicina.udd.cl\/observatorio-bioetica-derecho\/noticias\/2014\/06\/27\/revisa-la-memoria-anual-del-observatorio-de-bioetica-y-derecho\/#breadcrumb\"},\"inLanguage\":\"es\",\"potentialAction\":[{\"@type\":\"ReadAction\",\"target\":[\"https:\/\/medicina.udd.cl\/observatorio-bioetica-derecho\/noticias\/2014\/06\/27\/revisa-la-memoria-anual-del-observatorio-de-bioetica-y-derecho\/\"]}]},{\"@type\":\"ImageObject\",\"inLanguage\":\"es\",\"@id\":\"https:\/\/medicina.udd.cl\/observatorio-bioetica-derecho\/noticias\/2014\/06\/27\/revisa-la-memoria-anual-del-observatorio-de-bioetica-y-derecho\/#primaryimage\",\"url\":\"https:\/\/medicina.udd.cl\/observatorio-bioetica-derecho\/files\/2013\/06\/Observatorio-de-Bioetica-Derecho.jpg\",\"contentUrl\":\"https:\/\/medicina.udd.cl\/observatorio-bioetica-derecho\/files\/2013\/06\/Observatorio-de-Bioetica-Derecho.jpg\",\"width\":531,\"height\":317},{\"@type\":\"BreadcrumbList\",\"@id\":\"https:\/\/medicina.udd.cl\/observatorio-bioetica-derecho\/noticias\/2014\/06\/27\/revisa-la-memoria-anual-del-observatorio-de-bioetica-y-derecho\/#breadcrumb\",\"itemListElement\":[{\"@type\":\"ListItem\",\"position\":1,\"name\":\"Home\",\"item\":\"https:\/\/medicina.udd.cl\/observatorio-bioetica-derecho\/\"},{\"@type\":\"ListItem\",\"position\":2,\"name\":\"Revisa la Memoria Anual del Observatorio de Bio\u00e9tica y Derecho\"}]},{\"@type\":\"WebSite\",\"@id\":\"https:\/\/medicina.udd.cl\/observatorio-bioetica-derecho\/#website\",\"url\":\"https:\/\/medicina.udd.cl\/observatorio-bioetica-derecho\/\",\"name\":\"Observatorio de Bio\u00e9tica y Derecho\",\"description\":\"Observatorio de Bio\u00e9tica y Derecho\",\"inLanguage\":\"es\"},{\"@type\":\"Person\",\"@id\":\"\",\"url\":\"https:\/\/medicina.udd.cl\/observatorio-bioetica-derecho\/noticias\/author\/\"}]}<\/script>\n<!-- \/ Yoast SEO plugin. -->","yoast_head_json":{"title":"Revisa la Memoria Anual del Observatorio de Bio\u00e9tica y Derecho - Observatorio de Bio\u00e9tica y Derecho","robots":{"index":"index","follow":"follow","max-snippet":"max-snippet:-1","max-image-preview":"max-image-preview:large","max-video-preview":"max-video-preview:-1"},"canonical":"https:\/\/medicina.udd.cl\/observatorio-bioetica-derecho\/noticias\/2014\/06\/27\/revisa-la-memoria-anual-del-observatorio-de-bioetica-y-derecho\/","og_locale":"es_ES","og_type":"article","og_title":"Revisa la Memoria Anual del Observatorio de Bio\u00e9tica y Derecho - Observatorio de Bio\u00e9tica y Derecho","og_description":"El documento recopila todo el quehacer del OB&D durante el a\u00f1o acad\u00e9mico 2013, destacando las actividades organizadas, los proyectos de investigaci\u00f3n realizados y las publicaciones generadas.","og_url":"https:\/\/medicina.udd.cl\/observatorio-bioetica-derecho\/noticias\/2014\/06\/27\/revisa-la-memoria-anual-del-observatorio-de-bioetica-y-derecho\/","og_site_name":"Observatorio de Bio\u00e9tica y Derecho","article_published_time":"2014-06-27T14:08:00+00:00","og_image":[{"width":531,"height":317,"url":"https:\/\/medicina.udd.cl\/observatorio-bioetica-derecho\/files\/2013\/06\/Observatorio-de-Bioetica-Derecho.jpg","type":"image\/jpeg"}],"twitter_misc":{"Escrito por":""},"schema":{"@context":"https:\/\/schema.org","@graph":[{"@type":"Article","@id":"https:\/\/medicina.udd.cl\/observatorio-bioetica-derecho\/noticias\/2014\/06\/27\/revisa-la-memoria-anual-del-observatorio-de-bioetica-y-derecho\/#article","isPartOf":{"@id":"https:\/\/medicina.udd.cl\/observatorio-bioetica-derecho\/noticias\/2014\/06\/27\/revisa-la-memoria-anual-del-observatorio-de-bioetica-y-derecho\/"},"author":{"name":"","@id":""},"headline":"Revisa la Memoria Anual del Observatorio de Bio\u00e9tica y Derecho","datePublished":"2014-06-27T14:08:00+00:00","mainEntityOfPage":{"@id":"https:\/\/medicina.udd.cl\/observatorio-bioetica-derecho\/noticias\/2014\/06\/27\/revisa-la-memoria-anual-del-observatorio-de-bioetica-y-derecho\/"},"wordCount":62,"commentCount":0,"image":{"@id":"https:\/\/medicina.udd.cl\/observatorio-bioetica-derecho\/noticias\/2014\/06\/27\/revisa-la-memoria-anual-del-observatorio-de-bioetica-y-derecho\/#primaryimage"},"thumbnailUrl":"https:\/\/medicina.udd.cl\/observatorio-bioetica-derecho\/files\/2013\/06\/Observatorio-de-Bioetica-Derecho.jpg","articleSection":["Noticias"],"inLanguage":"es","potentialAction":[{"@type":"CommentAction","name":"Comment","target":["https:\/\/medicina.udd.cl\/observatorio-bioetica-derecho\/noticias\/2014\/06\/27\/revisa-la-memoria-anual-del-observatorio-de-bioetica-y-derecho\/#respond"]}]},{"@type":"WebPage","@id":"https:\/\/medicina.udd.cl\/observatorio-bioetica-derecho\/noticias\/2014\/06\/27\/revisa-la-memoria-anual-del-observatorio-de-bioetica-y-derecho\/","url":"https:\/\/medicina.udd.cl\/observatorio-bioetica-derecho\/noticias\/2014\/06\/27\/revisa-la-memoria-anual-del-observatorio-de-bioetica-y-derecho\/","name":"Revisa la Memoria Anual del Observatorio de Bio\u00e9tica y Derecho - Observatorio de Bio\u00e9tica y Derecho","isPartOf":{"@id":"https:\/\/medicina.udd.cl\/observatorio-bioetica-derecho\/#website"},"primaryImageOfPage":{"@id":"https:\/\/medicina.udd.cl\/observatorio-bioetica-derecho\/noticias\/2014\/06\/27\/revisa-la-memoria-anual-del-observatorio-de-bioetica-y-derecho\/#primaryimage"},"image":{"@id":"https:\/\/medicina.udd.cl\/observatorio-bioetica-derecho\/noticias\/2014\/06\/27\/revisa-la-memoria-anual-del-observatorio-de-bioetica-y-derecho\/#primaryimage"},"thumbnailUrl":"https:\/\/medicina.udd.cl\/observatorio-bioetica-derecho\/files\/2013\/06\/Observatorio-de-Bioetica-Derecho.jpg","datePublished":"2014-06-27T14:08:00+00:00","author":{"@id":""},"breadcrumb":{"@id":"https:\/\/medicina.udd.cl\/observatorio-bioetica-derecho\/noticias\/2014\/06\/27\/revisa-la-memoria-anual-del-observatorio-de-bioetica-y-derecho\/#breadcrumb"},"inLanguage":"es","potentialAction":[{"@type":"ReadAction","target":["https:\/\/medicina.udd.cl\/observatorio-bioetica-derecho\/noticias\/2014\/06\/27\/revisa-la-memoria-anual-del-observatorio-de-bioetica-y-derecho\/"]}]},{"@type":"ImageObject","inLanguage":"es","@id":"https:\/\/medicina.udd.cl\/observatorio-bioetica-derecho\/noticias\/2014\/06\/27\/revisa-la-memoria-anual-del-observatorio-de-bioetica-y-derecho\/#primaryimage","url":"https:\/\/medicina.udd.cl\/observatorio-bioetica-derecho\/files\/2013\/06\/Observatorio-de-Bioetica-Derecho.jpg","contentUrl":"https:\/\/medicina.udd.cl\/observatorio-bioetica-derecho\/files\/2013\/06\/Observatorio-de-Bioetica-Derecho.jpg","width":531,"height":317},{"@type":"BreadcrumbList","@id":"https:\/\/medicina.udd.cl\/observatorio-bioetica-derecho\/noticias\/2014\/06\/27\/revisa-la-memoria-anual-del-observatorio-de-bioetica-y-derecho\/#breadcrumb","itemListElement":[{"@type":"ListItem","position":1,"name":"Home","item":"https:\/\/medicina.udd.cl\/observatorio-bioetica-derecho\/"},{"@type":"ListItem","position":2,"name":"Revisa la Memoria Anual del Observatorio de Bio\u00e9tica y Derecho"}]},{"@type":"WebSite","@id":"https:\/\/medicina.udd.cl\/observatorio-bioetica-derecho\/#website","url":"https:\/\/medicina.udd.cl\/observatorio-bioetica-derecho\/","name":"Observatorio de Bio\u00e9tica y Derecho","description":"Observatorio de Bio\u00e9tica y Derecho","inLanguage":"es"},{"@type":"Person","@id":"","url":"https:\/\/medicina.udd.cl\/observatorio-bioetica-derecho\/noticias\/author\/"}]}},"featured_image_url":"https:\/\/medicina.udd.cl\/observatorio-bioetica-derecho\/files\/2013\/06\/Observatorio-de-Bioetica-Derecho.jpg","_links":{"self":[{"href":"https:\/\/medicina.udd.cl\/observatorio-bioetica-derecho\/wp-json\/wp\/v2\/posts\/422","targetHints":{"allow":["GET"]}}],"collection":[{"href":"https:\/\/medicina.udd.cl\/observatorio-bioetica-derecho\/wp-json\/wp\/v2\/posts"}],"about":[{"href":"https:\/\/medicina.udd.cl\/observatorio-bioetica-derecho\/wp-json\/wp\/v2\/types\/post"}],"author":[{"embeddable":true,"href":"https:\/\/medicina.udd.cl\/observatorio-bioetica-derecho\/wp-json\/wp\/v2\/users\/42"}],"replies":[{"embeddable":true,"href":"https:\/\/medicina.udd.cl\/observatorio-bioetica-derecho\/wp-json\/wp\/v2\/comments?post=422"}],"version-history":[{"count":1,"href":"https:\/\/medicina.udd.cl\/observatorio-bioetica-derecho\/wp-json\/wp\/v2\/posts\/422\/revisions"}],"predecessor-version":[{"id":423,"href":"https:\/\/medicina.udd.cl\/observatorio-bioetica-derecho\/wp-json\/wp\/v2\/posts\/422\/revisions\/423"}],"wp:featuredmedia":[{"embeddable":true,"href":"https:\/\/medicina.udd.cl\/observatorio-bioetica-derecho\/wp-json\/wp\/v2\/media\/305"}],"wp:attachment":[{"href":"https:\/\/medicina.udd.cl\/observatorio-bioetica-derecho\/wp-json\/wp\/v2\/media?parent=422"}],"wp:term":[{"taxonomy":"category","embeddable":true,"href":"https:\/\/medicina.udd.cl\/observatorio-bioetica-derecho\/wp-json\/wp\/v2\/categories?post=422"},{"taxonomy":"post_tag","embeddable":true,"href":"https:\/\/medicina.udd.cl\/observatorio-bioetica-derecho\/wp-json\/wp\/v2\/tags?post=422"}],"curies":[{"name":"wp","href":"https:\/\/api.w.org\/{rel}","templated":true}]}}