{"id":506,"date":"2014-08-13T12:41:33","date_gmt":"2014-08-13T16:41:33","guid":{"rendered":"http:\/\/medicina.udd.cl\/observatorio-bioetica-derecho\/?p=506"},"modified":"2014-09-01T16:52:08","modified_gmt":"2014-09-01T20:52:08","slug":"observatorio-de-bioetica-y-derecho-realiza-seminario-sobre-sustentabilidad-en-chile","status":"publish","type":"post","link":"https:\/\/medicina.udd.cl\/observatorio-bioetica-derecho\/noticias\/2014\/08\/13\/observatorio-de-bioetica-y-derecho-realiza-seminario-sobre-sustentabilidad-en-chile\/","title":{"rendered":"Observatorio de Bio\u00e9tica y Derecho realiza seminario sobre sustentabilidad en Chile"},"content":{"rendered":"<p><strong><div id=\"gallery-1\" class=\"carousel slide carousel-gallery\" data-ride=\"false\" data-interval=\"false\"><div class=\"carousel-inner\" role=\"listbox\"><figure class=\"carousel-item active\"><img loading=\"lazy\" decoding=\"async\" width=\"676\" height=\"450\" src=\"https:\/\/medicina.udd.cl\/observatorio-bioetica-derecho\/files\/2014\/08\/Asistentes.jpg\" class=\"attachment-landscape_952 size-landscape_952 lazyload\" alt=\"\" sizes=\"auto, (max-width: 676px) 100vw, 676px\" data-src=\"https:\/\/medicina.udd.cl\/observatorio-bioetica-derecho\/files\/2014\/08\/Asistentes.jpg\" data-srcset=\"https:\/\/medicina.udd.cl\/observatorio-bioetica-derecho\/files\/2014\/08\/Asistentes.jpg 676w, https:\/\/medicina.udd.cl\/observatorio-bioetica-derecho\/files\/2014\/08\/Asistentes-300x200.jpg 300w\" \/><\/figure><figure class=\"carousel-item\"><img loading=\"lazy\" decoding=\"async\" width=\"728\" height=\"450\" src=\"https:\/\/medicina.udd.cl\/observatorio-bioetica-derecho\/files\/2014\/08\/Pedro-Boccardo-PUCV-y-Alberto-Lecaros-UDD.jpg\" class=\"attachment-landscape_952 size-landscape_952 lazyload\" alt=\"\" sizes=\"auto, (max-width: 728px) 100vw, 728px\" data-src=\"https:\/\/medicina.udd.cl\/observatorio-bioetica-derecho\/files\/2014\/08\/Pedro-Boccardo-PUCV-y-Alberto-Lecaros-UDD.jpg\" data-srcset=\"https:\/\/medicina.udd.cl\/observatorio-bioetica-derecho\/files\/2014\/08\/Pedro-Boccardo-PUCV-y-Alberto-Lecaros-UDD.jpg 728w, https:\/\/medicina.udd.cl\/observatorio-bioetica-derecho\/files\/2014\/08\/Pedro-Boccardo-PUCV-y-Alberto-Lecaros-UDD-300x185.jpg 300w\" \/><\/figure><figure class=\"carousel-item\"><img loading=\"lazy\" decoding=\"async\" width=\"697\" height=\"450\" src=\"https:\/\/medicina.udd.cl\/observatorio-bioetica-derecho\/files\/2014\/08\/Cristian-Atala-PUCV-y-Ricardo-Guzm\u00e1n-UDD.jpg\" class=\"attachment-landscape_952 size-landscape_952 lazyload\" alt=\"\" sizes=\"auto, (max-width: 697px) 100vw, 697px\" data-src=\"https:\/\/medicina.udd.cl\/observatorio-bioetica-derecho\/files\/2014\/08\/Cristian-Atala-PUCV-y-Ricardo-Guzm\u00e1n-UDD.jpg\" data-srcset=\"https:\/\/medicina.udd.cl\/observatorio-bioetica-derecho\/files\/2014\/08\/Cristian-Atala-PUCV-y-Ricardo-Guzm\u00e1n-UDD.jpg 697w, https:\/\/medicina.udd.cl\/observatorio-bioetica-derecho\/files\/2014\/08\/Cristian-Atala-PUCV-y-Ricardo-Guzm\u00e1n-UDD-300x194.jpg 300w, https:\/\/medicina.udd.cl\/observatorio-bioetica-derecho\/files\/2014\/08\/Cristian-Atala-PUCV-y-Ricardo-Guzm\u00e1n-UDD-125x80.jpg 125w, https:\/\/medicina.udd.cl\/observatorio-bioetica-derecho\/files\/2014\/08\/Cristian-Atala-PUCV-y-Ricardo-Guzm\u00e1n-UDD-340x220.jpg 340w\" \/><\/figure><figure class=\"carousel-item\"><img loading=\"lazy\" decoding=\"async\" width=\"802\" height=\"534\" src=\"https:\/\/medicina.udd.cl\/observatorio-bioetica-derecho\/files\/2014\/08\/Seminario-Sustentabilidad-800x450.jpg\" class=\"attachment-landscape_952 size-landscape_952 lazyload\" alt=\"\" sizes=\"auto, (max-width: 802px) 100vw, 802px\" data-src=\"https:\/\/medicina.udd.cl\/observatorio-bioetica-derecho\/files\/2014\/08\/Seminario-Sustentabilidad.jpg\" data-srcset=\"https:\/\/medicina.udd.cl\/observatorio-bioetica-derecho\/files\/2014\/08\/Seminario-Sustentabilidad.jpg 4000w, https:\/\/medicina.udd.cl\/observatorio-bioetica-derecho\/files\/2014\/08\/Seminario-Sustentabilidad-300x200.jpg 300w, https:\/\/medicina.udd.cl\/observatorio-bioetica-derecho\/files\/2014\/08\/Seminario-Sustentabilidad-768x511.jpg 768w, https:\/\/medicina.udd.cl\/observatorio-bioetica-derecho\/files\/2014\/08\/Seminario-Sustentabilidad-1024x682.jpg 1024w, https:\/\/medicina.udd.cl\/observatorio-bioetica-derecho\/files\/2014\/08\/Seminario-Sustentabilidad-960x639.jpg 960w\" \/><\/figure><figure class=\"carousel-item\"><img loading=\"lazy\" decoding=\"async\" width=\"731\" height=\"424\" src=\"https:\/\/medicina.udd.cl\/observatorio-bioetica-derecho\/files\/2014\/08\/Manuel-Baquedano-IEP-y-Alberto-Lecaros-UDD.jpg\" class=\"attachment-landscape_952 size-landscape_952 lazyload\" alt=\"\" sizes=\"auto, (max-width: 731px) 100vw, 731px\" data-src=\"https:\/\/medicina.udd.cl\/observatorio-bioetica-derecho\/files\/2014\/08\/Manuel-Baquedano-IEP-y-Alberto-Lecaros-UDD.jpg\" data-srcset=\"https:\/\/medicina.udd.cl\/observatorio-bioetica-derecho\/files\/2014\/08\/Manuel-Baquedano-IEP-y-Alberto-Lecaros-UDD.jpg 731w, https:\/\/medicina.udd.cl\/observatorio-bioetica-derecho\/files\/2014\/08\/Manuel-Baquedano-IEP-y-Alberto-Lecaros-UDD-300x174.jpg 300w\" \/><\/figure><figure class=\"carousel-item\"><img loading=\"lazy\" decoding=\"async\" width=\"676\" height=\"450\" src=\"https:\/\/medicina.udd.cl\/observatorio-bioetica-derecho\/files\/2014\/08\/Jos\u00e9-Ignacio-V\u00e1squez-y-Ra\u00fal-Campusano.jpg\" class=\"attachment-landscape_952 size-landscape_952 lazyload\" alt=\"\" sizes=\"auto, (max-width: 676px) 100vw, 676px\" data-src=\"https:\/\/medicina.udd.cl\/observatorio-bioetica-derecho\/files\/2014\/08\/Jos\u00e9-Ignacio-V\u00e1squez-y-Ra\u00fal-Campusano.jpg\" data-srcset=\"https:\/\/medicina.udd.cl\/observatorio-bioetica-derecho\/files\/2014\/08\/Jos\u00e9-Ignacio-V\u00e1squez-y-Ra\u00fal-Campusano.jpg 676w, https:\/\/medicina.udd.cl\/observatorio-bioetica-derecho\/files\/2014\/08\/Jos\u00e9-Ignacio-V\u00e1squez-y-Ra\u00fal-Campusano-300x200.jpg 300w\" \/><\/figure><figure class=\"carousel-item\"><img loading=\"lazy\" decoding=\"async\" width=\"600\" height=\"400\" src=\"https:\/\/medicina.udd.cl\/observatorio-bioetica-derecho\/files\/2014\/08\/Seminario-Sustentabilidad-OBD-PUCV.jpg\" class=\"attachment-landscape_952 size-landscape_952 lazyload\" alt=\"\" sizes=\"auto, (max-width: 600px) 100vw, 600px\" data-src=\"https:\/\/medicina.udd.cl\/observatorio-bioetica-derecho\/files\/2014\/08\/Seminario-Sustentabilidad-OBD-PUCV.jpg\" data-srcset=\"https:\/\/medicina.udd.cl\/observatorio-bioetica-derecho\/files\/2014\/08\/Seminario-Sustentabilidad-OBD-PUCV.jpg 600w, https:\/\/medicina.udd.cl\/observatorio-bioetica-derecho\/files\/2014\/08\/Seminario-Sustentabilidad-OBD-PUCV-300x200.jpg 300w\" \/><\/figure><\/div><footer class=\"carousel-footer\"><div class=\"carousel-counter\"><span class=\"carousel-counter-current\"><\/span> \/ <span class=\"carousel-counter-total\"><\/span><\/div><a class=\"carousel-control-prev\" href=\"#gallery-1\" role=\"button\" data-slide=\"prev\"><svg aria-hidden=\"true\" class=\"svg-chevron-left-dims\"><use xlink:href='https:\/\/medicina.udd.cl\/observatorio-bioetica-derecho\/wp-content\/themes\/facultades-2018\/assets\/img\/svg\/dist\/main.svg?version=1695853099#chevron-left'><\/use><\/svg><span class=\"sr-only\">Anterior<\/span><\/a><a class=\"carousel-control-next\" href=\"#gallery-1\" role=\"button\" data-slide=\"next\"><svg aria-hidden=\"true\" class=\"svg-chevron-right-dims\"><use xlink:href='https:\/\/medicina.udd.cl\/observatorio-bioetica-derecho\/wp-content\/themes\/facultades-2018\/assets\/img\/svg\/dist\/main.svg?version=1695853099#chevron-right'><\/use><\/svg><span class=\"sr-only\">Siguiente<\/span><\/a><\/footer><\/div><\/p>\n<p><\/strong><\/p>\n<p>Debate sobre la Sustentabilidad en Chile: actualidad y futuro, fue el nombre del seminario organizado por el <a href=\"http:\/\/medicina.udd.cl\/observatorio-bioetica-derecho\/\"><strong>Observatorio de Bio\u00e9tica y Derecho<\/strong><\/a> de la <a href=\"http:\/\/www.udd.cl\/\"><strong>Universidad del Desarrollo<\/strong><\/a> junto al <a href=\"http:\/\/www.nbcpucv.cl\/\"><strong>N\u00facleo de Biotecnolog\u00eda de Curauma<\/strong><\/a> de la <a href=\"http:\/\/pucv.cl\/\"><strong>Pontificia Universidad Cat\u00f3lica de Valpara\u00edso.<\/strong><\/a><\/p>\n<p>El encuentro tuvo como objetivo generar una instancia acad\u00e9mica de an\u00e1lisis y discusi\u00f3n en el \u00e1rea de la sustentabilidad, desde una mirada integral e interdisciplinaria, que permita hacer un diagn\u00f3stico de las pol\u00edticas p\u00fablicas existentes en esta materia y plantear las condiciones para un debate p\u00fablico y democr\u00e1tico en nuestro pa\u00eds.<\/p>\n<p>La discusi\u00f3n fue llevada por destacados expositores, entre ellos los acad\u00e9micos de la UDD <strong>Alberto Lecaros, director del <a href=\"http:\/\/medicina.udd.cl\/observatorio-bioetica-derecho\/\">Observatorio de Bio\u00e9tica y Derecho,<\/a> Ricardo Guzm\u00e1n, del <a href=\"http:\/\/www.complejidadsocial.cl\/\">Centro de Investigaci\u00f3n en Complejidad Social<\/a>, y Ra\u00fal Campusano, director de Postgrado de la <a href=\"http:\/\/derecho-scl.udd.cl\/\">Facultad de Derecho<\/a>.<\/strong><\/p>\n<p>A su vez, participaron en los paneles de discusi\u00f3n Marcelo Mena, subsecretario de Medio Ambiente, Sara Larra\u00edn, directora del Programa Chile Sustentable, Eduardo Ordo\u00f1ez, gerente de Desarrollo de Acci\u00f3n RSE, adem\u00e1s de representantes de la Pontificia Universidad Cat\u00f3lica de Valpara\u00edso.<\/p>\n<p>Las tem\u00e1ticas abordadas por los expertos tuvieron que ver con el concepto de sustentabilidad en distintos \u00e1mbitos, entre ellos, las ciencias ecol\u00f3gicas, ciencias de la complejidad social, ecolog\u00eda pol\u00edtica, \u00e9tica medioambiental, pol\u00edticas p\u00fablicas, responsabilidad social empresarial y derecho medioambiental.<\/p>\n<p>Para el profesor <strong>Alberto Lecaros<\/strong>, el seminario tuvo una positiva recepci\u00f3n, especialmente entre el p\u00fablico m\u00e1s joven y los estudiantes.<\/p>\n<p>A su vez, destac\u00f3 la idea que surgi\u00f3 entre los panelistas, sobre <strong>\u201cla importancia de abrir estos espacios de debate para reflexionar un dise\u00f1o alternativo de sociedades sustentables que supere el modelo hegem\u00f3nico liberal de mercado, concentrado en el crecimiento econ\u00f3mico, lo que resulta insostenible en una bi\u00f3sfera finita\u201d.<\/strong><\/p>\n<p>La actividad se realiz\u00f3 el martes 12 de agosto en el Centro de Estudios Avanzados y Extensi\u00f3n de la PUCV y cont\u00f3 con la asistencia de investigadores, acad\u00e9micos, estudiantes y profesionales de diversas \u00e1reas, entre ellas ciencias ambientales, econom\u00eda, derecho, ciencias pol\u00edticas y bio\u00e9tica, adem\u00e1s de representantes del mundo empresarial y organizaciones sociales.<\/p>\n<p>&nbsp;<\/p>\n","protected":false},"excerpt":{"rendered":"<p>Fue organizado junto al N\u00facleo Biotecnolog\u00eda de Curauma de la Pontificia Universidad Cat\u00f3lica de Valpara\u00edso, con el objeto de generar una instancia acad\u00e9mica de an\u00e1lisis y discusi\u00f3n.<\/p>\n","protected":false},"author":42,"featured_media":507,"comment_status":"open","ping_status":"open","sticky":false,"template":"","format":"standard","meta":{"footnotes":""},"categories":[4],"tags":[],"class_list":["post-506","post","type-post","status-publish","format-standard","has-post-thumbnail","hentry","category-noticias"],"yoast_head":"<!-- This site is optimized with the Yoast SEO plugin v26.9 - https:\/\/yoast.com\/product\/yoast-seo-wordpress\/ -->\n<title>Observatorio de Bio\u00e9tica y Derecho realiza seminario sobre sustentabilidad en Chile<\/title>\n<meta name=\"description\" content=\"El encuentro tuvo como objetivo generar una instancia acad\u00e9mica de an\u00e1lisis y discusi\u00f3n, a trav\u00e9s de una mirada integral e interdisciplinaria, que permita hacer un diagn\u00f3stico de las pol\u00edticas p\u00fablicas en el \u00e1rea.\" \/>\n<meta name=\"robots\" content=\"index, follow, max-snippet:-1, max-image-preview:large, max-video-preview:-1\" \/>\n<link rel=\"canonical\" href=\"https:\/\/medicina.udd.cl\/observatorio-bioetica-derecho\/noticias\/2014\/08\/13\/observatorio-de-bioetica-y-derecho-realiza-seminario-sobre-sustentabilidad-en-chile\/\" \/>\n<meta property=\"og:locale\" content=\"es_ES\" \/>\n<meta property=\"og:type\" content=\"article\" \/>\n<meta property=\"og:title\" content=\"Observatorio de Bio\u00e9tica y Derecho realiza seminario sobre sustentabilidad en Chile\" \/>\n<meta property=\"og:description\" content=\"El encuentro tuvo como objetivo generar una instancia acad\u00e9mica de an\u00e1lisis y discusi\u00f3n, a trav\u00e9s de una mirada integral e interdisciplinaria, que permita hacer un diagn\u00f3stico de las pol\u00edticas p\u00fablicas en el \u00e1rea.\" \/>\n<meta property=\"og:url\" content=\"https:\/\/medicina.udd.cl\/observatorio-bioetica-derecho\/noticias\/2014\/08\/13\/observatorio-de-bioetica-y-derecho-realiza-seminario-sobre-sustentabilidad-en-chile\/\" \/>\n<meta property=\"og:site_name\" content=\"Observatorio de Bio\u00e9tica y Derecho\" \/>\n<meta property=\"article:published_time\" content=\"2014-08-13T16:41:33+00:00\" \/>\n<meta property=\"article:modified_time\" content=\"2014-09-01T20:52:08+00:00\" \/>\n<meta property=\"og:image\" content=\"https:\/\/medicina.udd.cl\/observatorio-bioetica-derecho\/files\/2014\/08\/Asistentes.jpg\" \/>\n\t<meta property=\"og:image:width\" content=\"676\" \/>\n\t<meta property=\"og:image:height\" content=\"450\" \/>\n\t<meta property=\"og:image:type\" content=\"image\/jpeg\" \/>\n<meta name=\"twitter:label1\" content=\"Escrito por\" \/>\n\t<meta name=\"twitter:data1\" content=\"\" \/>\n\t<meta name=\"twitter:label2\" content=\"Tiempo de lectura\" \/>\n\t<meta name=\"twitter:data2\" content=\"2 minutos\" \/>\n<script type=\"application\/ld+json\" class=\"yoast-schema-graph\">{\"@context\":\"https:\/\/schema.org\",\"@graph\":[{\"@type\":\"Article\",\"@id\":\"https:\/\/medicina.udd.cl\/observatorio-bioetica-derecho\/noticias\/2014\/08\/13\/observatorio-de-bioetica-y-derecho-realiza-seminario-sobre-sustentabilidad-en-chile\/#article\",\"isPartOf\":{\"@id\":\"https:\/\/medicina.udd.cl\/observatorio-bioetica-derecho\/noticias\/2014\/08\/13\/observatorio-de-bioetica-y-derecho-realiza-seminario-sobre-sustentabilidad-en-chile\/\"},\"author\":{\"name\":\"\",\"@id\":\"\"},\"headline\":\"Observatorio de Bio\u00e9tica y Derecho realiza seminario sobre sustentabilidad en Chile\",\"datePublished\":\"2014-08-13T16:41:33+00:00\",\"dateModified\":\"2014-09-01T20:52:08+00:00\",\"mainEntityOfPage\":{\"@id\":\"https:\/\/medicina.udd.cl\/observatorio-bioetica-derecho\/noticias\/2014\/08\/13\/observatorio-de-bioetica-y-derecho-realiza-seminario-sobre-sustentabilidad-en-chile\/\"},\"wordCount\":396,\"commentCount\":0,\"image\":{\"@id\":\"https:\/\/medicina.udd.cl\/observatorio-bioetica-derecho\/noticias\/2014\/08\/13\/observatorio-de-bioetica-y-derecho-realiza-seminario-sobre-sustentabilidad-en-chile\/#primaryimage\"},\"thumbnailUrl\":\"https:\/\/medicina.udd.cl\/observatorio-bioetica-derecho\/files\/2014\/08\/Asistentes.jpg\",\"articleSection\":[\"Noticias\"],\"inLanguage\":\"es\",\"potentialAction\":[{\"@type\":\"CommentAction\",\"name\":\"Comment\",\"target\":[\"https:\/\/medicina.udd.cl\/observatorio-bioetica-derecho\/noticias\/2014\/08\/13\/observatorio-de-bioetica-y-derecho-realiza-seminario-sobre-sustentabilidad-en-chile\/#respond\"]}]},{\"@type\":\"WebPage\",\"@id\":\"https:\/\/medicina.udd.cl\/observatorio-bioetica-derecho\/noticias\/2014\/08\/13\/observatorio-de-bioetica-y-derecho-realiza-seminario-sobre-sustentabilidad-en-chile\/\",\"url\":\"https:\/\/medicina.udd.cl\/observatorio-bioetica-derecho\/noticias\/2014\/08\/13\/observatorio-de-bioetica-y-derecho-realiza-seminario-sobre-sustentabilidad-en-chile\/\",\"name\":\"Observatorio de Bio\u00e9tica y Derecho realiza seminario sobre sustentabilidad en Chile\",\"isPartOf\":{\"@id\":\"https:\/\/medicina.udd.cl\/observatorio-bioetica-derecho\/#website\"},\"primaryImageOfPage\":{\"@id\":\"https:\/\/medicina.udd.cl\/observatorio-bioetica-derecho\/noticias\/2014\/08\/13\/observatorio-de-bioetica-y-derecho-realiza-seminario-sobre-sustentabilidad-en-chile\/#primaryimage\"},\"image\":{\"@id\":\"https:\/\/medicina.udd.cl\/observatorio-bioetica-derecho\/noticias\/2014\/08\/13\/observatorio-de-bioetica-y-derecho-realiza-seminario-sobre-sustentabilidad-en-chile\/#primaryimage\"},\"thumbnailUrl\":\"https:\/\/medicina.udd.cl\/observatorio-bioetica-derecho\/files\/2014\/08\/Asistentes.jpg\",\"datePublished\":\"2014-08-13T16:41:33+00:00\",\"dateModified\":\"2014-09-01T20:52:08+00:00\",\"author\":{\"@id\":\"\"},\"description\":\"El encuentro tuvo como objetivo generar una instancia acad\u00e9mica de an\u00e1lisis y discusi\u00f3n, a trav\u00e9s de una mirada integral e interdisciplinaria, que permita hacer un diagn\u00f3stico de las pol\u00edticas p\u00fablicas en el \u00e1rea.\",\"breadcrumb\":{\"@id\":\"https:\/\/medicina.udd.cl\/observatorio-bioetica-derecho\/noticias\/2014\/08\/13\/observatorio-de-bioetica-y-derecho-realiza-seminario-sobre-sustentabilidad-en-chile\/#breadcrumb\"},\"inLanguage\":\"es\",\"potentialAction\":[{\"@type\":\"ReadAction\",\"target\":[\"https:\/\/medicina.udd.cl\/observatorio-bioetica-derecho\/noticias\/2014\/08\/13\/observatorio-de-bioetica-y-derecho-realiza-seminario-sobre-sustentabilidad-en-chile\/\"]}]},{\"@type\":\"ImageObject\",\"inLanguage\":\"es\",\"@id\":\"https:\/\/medicina.udd.cl\/observatorio-bioetica-derecho\/noticias\/2014\/08\/13\/observatorio-de-bioetica-y-derecho-realiza-seminario-sobre-sustentabilidad-en-chile\/#primaryimage\",\"url\":\"https:\/\/medicina.udd.cl\/observatorio-bioetica-derecho\/files\/2014\/08\/Asistentes.jpg\",\"contentUrl\":\"https:\/\/medicina.udd.cl\/observatorio-bioetica-derecho\/files\/2014\/08\/Asistentes.jpg\",\"width\":676,\"height\":450},{\"@type\":\"BreadcrumbList\",\"@id\":\"https:\/\/medicina.udd.cl\/observatorio-bioetica-derecho\/noticias\/2014\/08\/13\/observatorio-de-bioetica-y-derecho-realiza-seminario-sobre-sustentabilidad-en-chile\/#breadcrumb\",\"itemListElement\":[{\"@type\":\"ListItem\",\"position\":1,\"name\":\"Home\",\"item\":\"https:\/\/medicina.udd.cl\/observatorio-bioetica-derecho\/\"},{\"@type\":\"ListItem\",\"position\":2,\"name\":\"Observatorio de Bio\u00e9tica y Derecho realiza seminario sobre sustentabilidad en Chile\"}]},{\"@type\":\"WebSite\",\"@id\":\"https:\/\/medicina.udd.cl\/observatorio-bioetica-derecho\/#website\",\"url\":\"https:\/\/medicina.udd.cl\/observatorio-bioetica-derecho\/\",\"name\":\"Observatorio de Bio\u00e9tica y Derecho\",\"description\":\"Observatorio de Bio\u00e9tica y Derecho\",\"inLanguage\":\"es\"},{\"@type\":\"Person\",\"@id\":\"\",\"url\":\"https:\/\/medicina.udd.cl\/observatorio-bioetica-derecho\/noticias\/author\/\"}]}<\/script>\n<!-- \/ Yoast SEO plugin. -->","yoast_head_json":{"title":"Observatorio de Bio\u00e9tica y Derecho realiza seminario sobre sustentabilidad en Chile","description":"El encuentro tuvo como objetivo generar una instancia acad\u00e9mica de an\u00e1lisis y discusi\u00f3n, a trav\u00e9s de una mirada integral e interdisciplinaria, que permita hacer un diagn\u00f3stico de las pol\u00edticas p\u00fablicas en el \u00e1rea.","robots":{"index":"index","follow":"follow","max-snippet":"max-snippet:-1","max-image-preview":"max-image-preview:large","max-video-preview":"max-video-preview:-1"},"canonical":"https:\/\/medicina.udd.cl\/observatorio-bioetica-derecho\/noticias\/2014\/08\/13\/observatorio-de-bioetica-y-derecho-realiza-seminario-sobre-sustentabilidad-en-chile\/","og_locale":"es_ES","og_type":"article","og_title":"Observatorio de Bio\u00e9tica y Derecho realiza seminario sobre sustentabilidad en Chile","og_description":"El encuentro tuvo como objetivo generar una instancia acad\u00e9mica de an\u00e1lisis y discusi\u00f3n, a trav\u00e9s de una mirada integral e interdisciplinaria, que permita hacer un diagn\u00f3stico de las pol\u00edticas p\u00fablicas en el \u00e1rea.","og_url":"https:\/\/medicina.udd.cl\/observatorio-bioetica-derecho\/noticias\/2014\/08\/13\/observatorio-de-bioetica-y-derecho-realiza-seminario-sobre-sustentabilidad-en-chile\/","og_site_name":"Observatorio de Bio\u00e9tica y Derecho","article_published_time":"2014-08-13T16:41:33+00:00","article_modified_time":"2014-09-01T20:52:08+00:00","og_image":[{"width":676,"height":450,"url":"https:\/\/medicina.udd.cl\/observatorio-bioetica-derecho\/files\/2014\/08\/Asistentes.jpg","type":"image\/jpeg"}],"twitter_misc":{"Escrito por":"","Tiempo de lectura":"2 minutos"},"schema":{"@context":"https:\/\/schema.org","@graph":[{"@type":"Article","@id":"https:\/\/medicina.udd.cl\/observatorio-bioetica-derecho\/noticias\/2014\/08\/13\/observatorio-de-bioetica-y-derecho-realiza-seminario-sobre-sustentabilidad-en-chile\/#article","isPartOf":{"@id":"https:\/\/medicina.udd.cl\/observatorio-bioetica-derecho\/noticias\/2014\/08\/13\/observatorio-de-bioetica-y-derecho-realiza-seminario-sobre-sustentabilidad-en-chile\/"},"author":{"name":"","@id":""},"headline":"Observatorio de Bio\u00e9tica y Derecho realiza seminario sobre sustentabilidad en Chile","datePublished":"2014-08-13T16:41:33+00:00","dateModified":"2014-09-01T20:52:08+00:00","mainEntityOfPage":{"@id":"https:\/\/medicina.udd.cl\/observatorio-bioetica-derecho\/noticias\/2014\/08\/13\/observatorio-de-bioetica-y-derecho-realiza-seminario-sobre-sustentabilidad-en-chile\/"},"wordCount":396,"commentCount":0,"image":{"@id":"https:\/\/medicina.udd.cl\/observatorio-bioetica-derecho\/noticias\/2014\/08\/13\/observatorio-de-bioetica-y-derecho-realiza-seminario-sobre-sustentabilidad-en-chile\/#primaryimage"},"thumbnailUrl":"https:\/\/medicina.udd.cl\/observatorio-bioetica-derecho\/files\/2014\/08\/Asistentes.jpg","articleSection":["Noticias"],"inLanguage":"es","potentialAction":[{"@type":"CommentAction","name":"Comment","target":["https:\/\/medicina.udd.cl\/observatorio-bioetica-derecho\/noticias\/2014\/08\/13\/observatorio-de-bioetica-y-derecho-realiza-seminario-sobre-sustentabilidad-en-chile\/#respond"]}]},{"@type":"WebPage","@id":"https:\/\/medicina.udd.cl\/observatorio-bioetica-derecho\/noticias\/2014\/08\/13\/observatorio-de-bioetica-y-derecho-realiza-seminario-sobre-sustentabilidad-en-chile\/","url":"https:\/\/medicina.udd.cl\/observatorio-bioetica-derecho\/noticias\/2014\/08\/13\/observatorio-de-bioetica-y-derecho-realiza-seminario-sobre-sustentabilidad-en-chile\/","name":"Observatorio de Bio\u00e9tica y Derecho realiza seminario sobre sustentabilidad en Chile","isPartOf":{"@id":"https:\/\/medicina.udd.cl\/observatorio-bioetica-derecho\/#website"},"primaryImageOfPage":{"@id":"https:\/\/medicina.udd.cl\/observatorio-bioetica-derecho\/noticias\/2014\/08\/13\/observatorio-de-bioetica-y-derecho-realiza-seminario-sobre-sustentabilidad-en-chile\/#primaryimage"},"image":{"@id":"https:\/\/medicina.udd.cl\/observatorio-bioetica-derecho\/noticias\/2014\/08\/13\/observatorio-de-bioetica-y-derecho-realiza-seminario-sobre-sustentabilidad-en-chile\/#primaryimage"},"thumbnailUrl":"https:\/\/medicina.udd.cl\/observatorio-bioetica-derecho\/files\/2014\/08\/Asistentes.jpg","datePublished":"2014-08-13T16:41:33+00:00","dateModified":"2014-09-01T20:52:08+00:00","author":{"@id":""},"description":"El encuentro tuvo como objetivo generar una instancia acad\u00e9mica de an\u00e1lisis y discusi\u00f3n, a trav\u00e9s de una mirada integral e interdisciplinaria, que permita hacer un diagn\u00f3stico de las pol\u00edticas p\u00fablicas en el \u00e1rea.","breadcrumb":{"@id":"https:\/\/medicina.udd.cl\/observatorio-bioetica-derecho\/noticias\/2014\/08\/13\/observatorio-de-bioetica-y-derecho-realiza-seminario-sobre-sustentabilidad-en-chile\/#breadcrumb"},"inLanguage":"es","potentialAction":[{"@type":"ReadAction","target":["https:\/\/medicina.udd.cl\/observatorio-bioetica-derecho\/noticias\/2014\/08\/13\/observatorio-de-bioetica-y-derecho-realiza-seminario-sobre-sustentabilidad-en-chile\/"]}]},{"@type":"ImageObject","inLanguage":"es","@id":"https:\/\/medicina.udd.cl\/observatorio-bioetica-derecho\/noticias\/2014\/08\/13\/observatorio-de-bioetica-y-derecho-realiza-seminario-sobre-sustentabilidad-en-chile\/#primaryimage","url":"https:\/\/medicina.udd.cl\/observatorio-bioetica-derecho\/files\/2014\/08\/Asistentes.jpg","contentUrl":"https:\/\/medicina.udd.cl\/observatorio-bioetica-derecho\/files\/2014\/08\/Asistentes.jpg","width":676,"height":450},{"@type":"BreadcrumbList","@id":"https:\/\/medicina.udd.cl\/observatorio-bioetica-derecho\/noticias\/2014\/08\/13\/observatorio-de-bioetica-y-derecho-realiza-seminario-sobre-sustentabilidad-en-chile\/#breadcrumb","itemListElement":[{"@type":"ListItem","position":1,"name":"Home","item":"https:\/\/medicina.udd.cl\/observatorio-bioetica-derecho\/"},{"@type":"ListItem","position":2,"name":"Observatorio de Bio\u00e9tica y Derecho realiza seminario sobre sustentabilidad en Chile"}]},{"@type":"WebSite","@id":"https:\/\/medicina.udd.cl\/observatorio-bioetica-derecho\/#website","url":"https:\/\/medicina.udd.cl\/observatorio-bioetica-derecho\/","name":"Observatorio de Bio\u00e9tica y Derecho","description":"Observatorio de Bio\u00e9tica y Derecho","inLanguage":"es"},{"@type":"Person","@id":"","url":"https:\/\/medicina.udd.cl\/observatorio-bioetica-derecho\/noticias\/author\/"}]}},"featured_image_url":"https:\/\/medicina.udd.cl\/observatorio-bioetica-derecho\/files\/2014\/08\/Asistentes.jpg","_links":{"self":[{"href":"https:\/\/medicina.udd.cl\/observatorio-bioetica-derecho\/wp-json\/wp\/v2\/posts\/506","targetHints":{"allow":["GET"]}}],"collection":[{"href":"https:\/\/medicina.udd.cl\/observatorio-bioetica-derecho\/wp-json\/wp\/v2\/posts"}],"about":[{"href":"https:\/\/medicina.udd.cl\/observatorio-bioetica-derecho\/wp-json\/wp\/v2\/types\/post"}],"author":[{"embeddable":true,"href":"https:\/\/medicina.udd.cl\/observatorio-bioetica-derecho\/wp-json\/wp\/v2\/users\/42"}],"replies":[{"embeddable":true,"href":"https:\/\/medicina.udd.cl\/observatorio-bioetica-derecho\/wp-json\/wp\/v2\/comments?post=506"}],"version-history":[{"count":5,"href":"https:\/\/medicina.udd.cl\/observatorio-bioetica-derecho\/wp-json\/wp\/v2\/posts\/506\/revisions"}],"predecessor-version":[{"id":516,"href":"https:\/\/medicina.udd.cl\/observatorio-bioetica-derecho\/wp-json\/wp\/v2\/posts\/506\/revisions\/516"}],"wp:featuredmedia":[{"embeddable":true,"href":"https:\/\/medicina.udd.cl\/observatorio-bioetica-derecho\/wp-json\/wp\/v2\/media\/507"}],"wp:attachment":[{"href":"https:\/\/medicina.udd.cl\/observatorio-bioetica-derecho\/wp-json\/wp\/v2\/media?parent=506"}],"wp:term":[{"taxonomy":"category","embeddable":true,"href":"https:\/\/medicina.udd.cl\/observatorio-bioetica-derecho\/wp-json\/wp\/v2\/categories?post=506"},{"taxonomy":"post_tag","embeddable":true,"href":"https:\/\/medicina.udd.cl\/observatorio-bioetica-derecho\/wp-json\/wp\/v2\/tags?post=506"}],"curies":[{"name":"wp","href":"https:\/\/api.w.org\/{rel}","templated":true}]}}