{"id":536,"date":"2014-09-01T16:41:43","date_gmt":"2014-09-01T20:41:43","guid":{"rendered":"http:\/\/medicina.udd.cl\/observatorio-bioetica-derecho\/?p=536"},"modified":"2014-09-01T16:43:59","modified_gmt":"2014-09-01T20:43:59","slug":"criopreservacion-de-embriones-en-un-nuevo-derecho-a-conversar","status":"publish","type":"post","link":"https:\/\/medicina.udd.cl\/observatorio-bioetica-derecho\/noticias\/2014\/09\/01\/criopreservacion-de-embriones-en-un-nuevo-derecho-a-conversar\/","title":{"rendered":"Criopreservaci\u00f3n de embriones en un nuevo \u201cDerecho a Conversar\u201d"},"content":{"rendered":"<div id=\"gallery-1\" class=\"carousel slide carousel-gallery\" data-ride=\"false\" data-interval=\"false\"><div class=\"carousel-inner\" role=\"listbox\"><figure class=\"carousel-item active\"><img loading=\"lazy\" decoding=\"async\" width=\"940\" height=\"450\" src=\"https:\/\/medicina.udd.cl\/observatorio-bioetica-derecho\/files\/2014\/09\/Asistentes-800x450.jpg\" class=\"attachment-landscape_952 size-landscape_952 lazyload\" alt=\"\" sizes=\"auto, (max-width: 940px) 100vw, 940px\" data-src=\"https:\/\/medicina.udd.cl\/observatorio-bioetica-derecho\/files\/2014\/09\/Asistentes.jpg\" data-srcset=\"https:\/\/medicina.udd.cl\/observatorio-bioetica-derecho\/files\/2014\/09\/Asistentes.jpg 940w, https:\/\/medicina.udd.cl\/observatorio-bioetica-derecho\/files\/2014\/09\/Asistentes-300x144.jpg 300w, https:\/\/medicina.udd.cl\/observatorio-bioetica-derecho\/files\/2014\/09\/Asistentes-768x368.jpg 768w\" \/><\/figure><figure class=\"carousel-item\"><img loading=\"lazy\" decoding=\"async\" width=\"940\" height=\"450\" src=\"https:\/\/medicina.udd.cl\/observatorio-bioetica-derecho\/files\/2014\/09\/Cuarta-sesi\u00f3n-Derecho-a-conversar-800x450.jpg\" class=\"attachment-landscape_952 size-landscape_952 lazyload\" alt=\"\" sizes=\"auto, (max-width: 940px) 100vw, 940px\" data-src=\"https:\/\/medicina.udd.cl\/observatorio-bioetica-derecho\/files\/2014\/09\/Cuarta-sesi\u00f3n-Derecho-a-conversar.jpg\" data-srcset=\"https:\/\/medicina.udd.cl\/observatorio-bioetica-derecho\/files\/2014\/09\/Cuarta-sesi\u00f3n-Derecho-a-conversar.jpg 940w, https:\/\/medicina.udd.cl\/observatorio-bioetica-derecho\/files\/2014\/09\/Cuarta-sesi\u00f3n-Derecho-a-conversar-300x144.jpg 300w, https:\/\/medicina.udd.cl\/observatorio-bioetica-derecho\/files\/2014\/09\/Cuarta-sesi\u00f3n-Derecho-a-conversar-768x368.jpg 768w\" \/><\/figure><figure class=\"carousel-item\"><img loading=\"lazy\" decoding=\"async\" width=\"940\" height=\"450\" src=\"https:\/\/medicina.udd.cl\/observatorio-bioetica-derecho\/files\/2014\/09\/Expositores-800x450.jpg\" class=\"attachment-landscape_952 size-landscape_952 lazyload\" alt=\"\" sizes=\"auto, (max-width: 940px) 100vw, 940px\" data-src=\"https:\/\/medicina.udd.cl\/observatorio-bioetica-derecho\/files\/2014\/09\/Expositores.jpg\" data-srcset=\"https:\/\/medicina.udd.cl\/observatorio-bioetica-derecho\/files\/2014\/09\/Expositores.jpg 940w, https:\/\/medicina.udd.cl\/observatorio-bioetica-derecho\/files\/2014\/09\/Expositores-300x144.jpg 300w, https:\/\/medicina.udd.cl\/observatorio-bioetica-derecho\/files\/2014\/09\/Expositores-768x368.jpg 768w\" \/><\/figure><\/div><footer class=\"carousel-footer\"><div class=\"carousel-counter\"><span class=\"carousel-counter-current\"><\/span> \/ <span class=\"carousel-counter-total\"><\/span><\/div><a class=\"carousel-control-prev\" href=\"#gallery-1\" role=\"button\" data-slide=\"prev\"><svg aria-hidden=\"true\" class=\"svg-chevron-left-dims\"><use xlink:href='https:\/\/medicina.udd.cl\/observatorio-bioetica-derecho\/wp-content\/themes\/facultades-2018\/assets\/img\/svg\/dist\/main.svg?version=1695853099#chevron-left'><\/use><\/svg><span class=\"sr-only\">Anterior<\/span><\/a><a class=\"carousel-control-next\" href=\"#gallery-1\" role=\"button\" data-slide=\"next\"><svg aria-hidden=\"true\" class=\"svg-chevron-right-dims\"><use xlink:href='https:\/\/medicina.udd.cl\/observatorio-bioetica-derecho\/wp-content\/themes\/facultades-2018\/assets\/img\/svg\/dist\/main.svg?version=1695853099#chevron-right'><\/use><\/svg><span class=\"sr-only\">Siguiente<\/span><\/a><\/footer><\/div>\n<p>El <strong>Observatorio de Bio\u00e9tica &amp; Derecho<\/strong> y la <a href=\"http:\/\/derecho-scl.udd.cl\/\"><strong>Facultad de Derecho de la UDD<\/strong><\/a>, realizaron el cuarto\u00a0<em><b>Derecho a Conversar<\/b><\/em>\u00a0que trat\u00f3 \u201c<i>La Criopreservaci\u00f3n de embriones\u201d<\/i>\u00a0analizado por:\u00a0<b>Alejandro Serani Merlo<\/b>, m\u00e9dico cirujano de la U. de Chile y doctor en Filosof\u00eda de la Universidad de Toulouse, Francia; y\u00a0<b>Rodolfo Figueroa Garc\u00eda Huidobro<\/b>, abogado y profesor de Derecho Constitucional de la U. Diego Portales.<\/p>\n<p>El debate fue moderado por el profesor de la<strong><a href=\"http:\/\/medicina.udd.cl\/\"> Facultad de Medicina Cl\u00ednica Alemana Universidad del Desarrollo<\/a>, Alberto Lecaros Urz\u00faa, director del Observatorio de Bio\u00e9tica &amp; Derecho.<\/strong><\/p>\n<p>Durante esta actividad, los especialistas afirmaron la necesidad de regular la criopreservaci\u00f3n y coincidieron en que esto es urgente debido a la existencia de Cl\u00ednicas, tanto privadas como p\u00fablicas, que tratan embriones pero sin ninguna regulaci\u00f3n que ampare esta actividad. \u201cEl Estado desarrolla esto sin un marco legal, lo que enfrenta problemas \u00e9tico\u201d, afirm\u00f3 Figueroa.<\/p>\n<p>Para el doctor Serani, \u201csometer a embriones al congelamiento es una forma de instrumentalizar a un ser vivo\u201d, esto seg\u00fan el especialista, \u201cinterrumpe el proceso de desarrollo normal y muere cuando no tiene condiciones naturales que ofrece el \u00fatero de una mujer\u201d.<\/p>\n<p>Mientras, el abogado cree y aboga por lo que establecen la normas vigentes \u201csobre la autonom\u00eda\u201d de las personas, afirm\u00f3 que \u201cel hombre tiene derecho a la vida, pero no \u00e9ste no es absoluto\u201d.<\/p>\n<p>Esta actividad se llev\u00f3 a cabo el mi\u00e9rcoles 27 de agosto, a las 17:30 horas, en la sala 104 del Campus Rector Ernesto Silva Bafalluy, San Carlos de Apoquindo.<\/p>\n","protected":false},"excerpt":{"rendered":"<p>En el encuentro, el m\u00e9dico Alejandro Serani y el abogado Rodolfo Figueroa coincidieron en la necesidad urgente de regular esta pr\u00e1ctica tanto para las cl\u00ednicas privadas como para los establecimientos p\u00fablicos.<\/p>\n","protected":false},"author":42,"featured_media":538,"comment_status":"open","ping_status":"open","sticky":false,"template":"","format":"standard","meta":{"footnotes":""},"categories":[4],"tags":[],"class_list":["post-536","post","type-post","status-publish","format-standard","has-post-thumbnail","hentry","category-noticias"],"yoast_head":"<!-- This site is optimized with the Yoast SEO plugin v26.9 - https:\/\/yoast.com\/product\/yoast-seo-wordpress\/ -->\n<title>Criopreservaci\u00f3n de embriones en un nuevo \u201cDerecho a Conversar\u201d<\/title>\n<meta name=\"description\" content=\"En el encuentro, el m\u00e9dico Alejandro Serani y el abogado Rodolfo Figueroa coincidieron en la necesidad urgente de regular esta pr\u00e1ctica tanto para las cl\u00ednicas privadas como para los establecimientos p\u00fablicos.\" \/>\n<meta name=\"robots\" content=\"index, follow, max-snippet:-1, max-image-preview:large, max-video-preview:-1\" \/>\n<link rel=\"canonical\" href=\"https:\/\/medicina.udd.cl\/observatorio-bioetica-derecho\/noticias\/2014\/09\/01\/criopreservacion-de-embriones-en-un-nuevo-derecho-a-conversar\/\" \/>\n<meta property=\"og:locale\" content=\"es_ES\" \/>\n<meta property=\"og:type\" content=\"article\" \/>\n<meta property=\"og:title\" content=\"Criopreservaci\u00f3n de embriones en un nuevo \u201cDerecho a Conversar\u201d\" \/>\n<meta property=\"og:description\" content=\"En el encuentro, el m\u00e9dico Alejandro Serani y el abogado Rodolfo Figueroa coincidieron en la necesidad urgente de regular esta pr\u00e1ctica tanto para las cl\u00ednicas privadas como para los establecimientos p\u00fablicos.\" \/>\n<meta property=\"og:url\" content=\"https:\/\/medicina.udd.cl\/observatorio-bioetica-derecho\/noticias\/2014\/09\/01\/criopreservacion-de-embriones-en-un-nuevo-derecho-a-conversar\/\" \/>\n<meta property=\"og:site_name\" content=\"Observatorio de Bio\u00e9tica y Derecho\" \/>\n<meta property=\"article:published_time\" content=\"2014-09-01T20:41:43+00:00\" \/>\n<meta property=\"article:modified_time\" content=\"2014-09-01T20:43:59+00:00\" \/>\n<meta property=\"og:image\" content=\"https:\/\/medicina.udd.cl\/observatorio-bioetica-derecho\/files\/2014\/09\/Cuarta-sesi\u00f3n-Derecho-a-conversar.jpg\" \/>\n\t<meta property=\"og:image:width\" content=\"940\" \/>\n\t<meta property=\"og:image:height\" content=\"450\" \/>\n\t<meta property=\"og:image:type\" content=\"image\/jpeg\" \/>\n<meta name=\"twitter:label1\" content=\"Escrito por\" \/>\n\t<meta name=\"twitter:data1\" content=\"\" \/>\n\t<meta name=\"twitter:label2\" content=\"Tiempo de lectura\" \/>\n\t<meta name=\"twitter:data2\" content=\"1 minuto\" \/>\n<script type=\"application\/ld+json\" class=\"yoast-schema-graph\">{\"@context\":\"https:\/\/schema.org\",\"@graph\":[{\"@type\":\"Article\",\"@id\":\"https:\/\/medicina.udd.cl\/observatorio-bioetica-derecho\/noticias\/2014\/09\/01\/criopreservacion-de-embriones-en-un-nuevo-derecho-a-conversar\/#article\",\"isPartOf\":{\"@id\":\"https:\/\/medicina.udd.cl\/observatorio-bioetica-derecho\/noticias\/2014\/09\/01\/criopreservacion-de-embriones-en-un-nuevo-derecho-a-conversar\/\"},\"author\":{\"name\":\"\",\"@id\":\"\"},\"headline\":\"Criopreservaci\u00f3n de embriones en un nuevo \u201cDerecho a Conversar\u201d\",\"datePublished\":\"2014-09-01T20:41:43+00:00\",\"dateModified\":\"2014-09-01T20:43:59+00:00\",\"mainEntityOfPage\":{\"@id\":\"https:\/\/medicina.udd.cl\/observatorio-bioetica-derecho\/noticias\/2014\/09\/01\/criopreservacion-de-embriones-en-un-nuevo-derecho-a-conversar\/\"},\"wordCount\":275,\"commentCount\":0,\"image\":{\"@id\":\"https:\/\/medicina.udd.cl\/observatorio-bioetica-derecho\/noticias\/2014\/09\/01\/criopreservacion-de-embriones-en-un-nuevo-derecho-a-conversar\/#primaryimage\"},\"thumbnailUrl\":\"https:\/\/medicina.udd.cl\/observatorio-bioetica-derecho\/files\/2014\/09\/Cuarta-sesi\u00f3n-Derecho-a-conversar.jpg\",\"articleSection\":[\"Noticias\"],\"inLanguage\":\"es\",\"potentialAction\":[{\"@type\":\"CommentAction\",\"name\":\"Comment\",\"target\":[\"https:\/\/medicina.udd.cl\/observatorio-bioetica-derecho\/noticias\/2014\/09\/01\/criopreservacion-de-embriones-en-un-nuevo-derecho-a-conversar\/#respond\"]}]},{\"@type\":\"WebPage\",\"@id\":\"https:\/\/medicina.udd.cl\/observatorio-bioetica-derecho\/noticias\/2014\/09\/01\/criopreservacion-de-embriones-en-un-nuevo-derecho-a-conversar\/\",\"url\":\"https:\/\/medicina.udd.cl\/observatorio-bioetica-derecho\/noticias\/2014\/09\/01\/criopreservacion-de-embriones-en-un-nuevo-derecho-a-conversar\/\",\"name\":\"Criopreservaci\u00f3n de embriones en un nuevo \u201cDerecho a Conversar\u201d\",\"isPartOf\":{\"@id\":\"https:\/\/medicina.udd.cl\/observatorio-bioetica-derecho\/#website\"},\"primaryImageOfPage\":{\"@id\":\"https:\/\/medicina.udd.cl\/observatorio-bioetica-derecho\/noticias\/2014\/09\/01\/criopreservacion-de-embriones-en-un-nuevo-derecho-a-conversar\/#primaryimage\"},\"image\":{\"@id\":\"https:\/\/medicina.udd.cl\/observatorio-bioetica-derecho\/noticias\/2014\/09\/01\/criopreservacion-de-embriones-en-un-nuevo-derecho-a-conversar\/#primaryimage\"},\"thumbnailUrl\":\"https:\/\/medicina.udd.cl\/observatorio-bioetica-derecho\/files\/2014\/09\/Cuarta-sesi\u00f3n-Derecho-a-conversar.jpg\",\"datePublished\":\"2014-09-01T20:41:43+00:00\",\"dateModified\":\"2014-09-01T20:43:59+00:00\",\"author\":{\"@id\":\"\"},\"description\":\"En el encuentro, el m\u00e9dico Alejandro Serani y el abogado Rodolfo Figueroa coincidieron en la necesidad urgente de regular esta pr\u00e1ctica tanto para las cl\u00ednicas privadas como para los establecimientos p\u00fablicos.\",\"breadcrumb\":{\"@id\":\"https:\/\/medicina.udd.cl\/observatorio-bioetica-derecho\/noticias\/2014\/09\/01\/criopreservacion-de-embriones-en-un-nuevo-derecho-a-conversar\/#breadcrumb\"},\"inLanguage\":\"es\",\"potentialAction\":[{\"@type\":\"ReadAction\",\"target\":[\"https:\/\/medicina.udd.cl\/observatorio-bioetica-derecho\/noticias\/2014\/09\/01\/criopreservacion-de-embriones-en-un-nuevo-derecho-a-conversar\/\"]}]},{\"@type\":\"ImageObject\",\"inLanguage\":\"es\",\"@id\":\"https:\/\/medicina.udd.cl\/observatorio-bioetica-derecho\/noticias\/2014\/09\/01\/criopreservacion-de-embriones-en-un-nuevo-derecho-a-conversar\/#primaryimage\",\"url\":\"https:\/\/medicina.udd.cl\/observatorio-bioetica-derecho\/files\/2014\/09\/Cuarta-sesi\u00f3n-Derecho-a-conversar.jpg\",\"contentUrl\":\"https:\/\/medicina.udd.cl\/observatorio-bioetica-derecho\/files\/2014\/09\/Cuarta-sesi\u00f3n-Derecho-a-conversar.jpg\",\"width\":940,\"height\":450},{\"@type\":\"BreadcrumbList\",\"@id\":\"https:\/\/medicina.udd.cl\/observatorio-bioetica-derecho\/noticias\/2014\/09\/01\/criopreservacion-de-embriones-en-un-nuevo-derecho-a-conversar\/#breadcrumb\",\"itemListElement\":[{\"@type\":\"ListItem\",\"position\":1,\"name\":\"Home\",\"item\":\"https:\/\/medicina.udd.cl\/observatorio-bioetica-derecho\/\"},{\"@type\":\"ListItem\",\"position\":2,\"name\":\"Criopreservaci\u00f3n de embriones en un nuevo \u201cDerecho a Conversar\u201d\"}]},{\"@type\":\"WebSite\",\"@id\":\"https:\/\/medicina.udd.cl\/observatorio-bioetica-derecho\/#website\",\"url\":\"https:\/\/medicina.udd.cl\/observatorio-bioetica-derecho\/\",\"name\":\"Observatorio de Bio\u00e9tica y Derecho\",\"description\":\"Observatorio de Bio\u00e9tica y Derecho\",\"inLanguage\":\"es\"},{\"@type\":\"Person\",\"@id\":\"\",\"url\":\"https:\/\/medicina.udd.cl\/observatorio-bioetica-derecho\/noticias\/author\/\"}]}<\/script>\n<!-- \/ Yoast SEO plugin. -->","yoast_head_json":{"title":"Criopreservaci\u00f3n de embriones en un nuevo \u201cDerecho a Conversar\u201d","description":"En el encuentro, el m\u00e9dico Alejandro Serani y el abogado Rodolfo Figueroa coincidieron en la necesidad urgente de regular esta pr\u00e1ctica tanto para las cl\u00ednicas privadas como para los establecimientos p\u00fablicos.","robots":{"index":"index","follow":"follow","max-snippet":"max-snippet:-1","max-image-preview":"max-image-preview:large","max-video-preview":"max-video-preview:-1"},"canonical":"https:\/\/medicina.udd.cl\/observatorio-bioetica-derecho\/noticias\/2014\/09\/01\/criopreservacion-de-embriones-en-un-nuevo-derecho-a-conversar\/","og_locale":"es_ES","og_type":"article","og_title":"Criopreservaci\u00f3n de embriones en un nuevo \u201cDerecho a Conversar\u201d","og_description":"En el encuentro, el m\u00e9dico Alejandro Serani y el abogado Rodolfo Figueroa coincidieron en la necesidad urgente de regular esta pr\u00e1ctica tanto para las cl\u00ednicas privadas como para los establecimientos p\u00fablicos.","og_url":"https:\/\/medicina.udd.cl\/observatorio-bioetica-derecho\/noticias\/2014\/09\/01\/criopreservacion-de-embriones-en-un-nuevo-derecho-a-conversar\/","og_site_name":"Observatorio de Bio\u00e9tica y Derecho","article_published_time":"2014-09-01T20:41:43+00:00","article_modified_time":"2014-09-01T20:43:59+00:00","og_image":[{"width":940,"height":450,"url":"https:\/\/medicina.udd.cl\/observatorio-bioetica-derecho\/files\/2014\/09\/Cuarta-sesi\u00f3n-Derecho-a-conversar.jpg","type":"image\/jpeg"}],"twitter_misc":{"Escrito por":"","Tiempo de lectura":"1 minuto"},"schema":{"@context":"https:\/\/schema.org","@graph":[{"@type":"Article","@id":"https:\/\/medicina.udd.cl\/observatorio-bioetica-derecho\/noticias\/2014\/09\/01\/criopreservacion-de-embriones-en-un-nuevo-derecho-a-conversar\/#article","isPartOf":{"@id":"https:\/\/medicina.udd.cl\/observatorio-bioetica-derecho\/noticias\/2014\/09\/01\/criopreservacion-de-embriones-en-un-nuevo-derecho-a-conversar\/"},"author":{"name":"","@id":""},"headline":"Criopreservaci\u00f3n de embriones en un nuevo \u201cDerecho a Conversar\u201d","datePublished":"2014-09-01T20:41:43+00:00","dateModified":"2014-09-01T20:43:59+00:00","mainEntityOfPage":{"@id":"https:\/\/medicina.udd.cl\/observatorio-bioetica-derecho\/noticias\/2014\/09\/01\/criopreservacion-de-embriones-en-un-nuevo-derecho-a-conversar\/"},"wordCount":275,"commentCount":0,"image":{"@id":"https:\/\/medicina.udd.cl\/observatorio-bioetica-derecho\/noticias\/2014\/09\/01\/criopreservacion-de-embriones-en-un-nuevo-derecho-a-conversar\/#primaryimage"},"thumbnailUrl":"https:\/\/medicina.udd.cl\/observatorio-bioetica-derecho\/files\/2014\/09\/Cuarta-sesi\u00f3n-Derecho-a-conversar.jpg","articleSection":["Noticias"],"inLanguage":"es","potentialAction":[{"@type":"CommentAction","name":"Comment","target":["https:\/\/medicina.udd.cl\/observatorio-bioetica-derecho\/noticias\/2014\/09\/01\/criopreservacion-de-embriones-en-un-nuevo-derecho-a-conversar\/#respond"]}]},{"@type":"WebPage","@id":"https:\/\/medicina.udd.cl\/observatorio-bioetica-derecho\/noticias\/2014\/09\/01\/criopreservacion-de-embriones-en-un-nuevo-derecho-a-conversar\/","url":"https:\/\/medicina.udd.cl\/observatorio-bioetica-derecho\/noticias\/2014\/09\/01\/criopreservacion-de-embriones-en-un-nuevo-derecho-a-conversar\/","name":"Criopreservaci\u00f3n de embriones en un nuevo \u201cDerecho a Conversar\u201d","isPartOf":{"@id":"https:\/\/medicina.udd.cl\/observatorio-bioetica-derecho\/#website"},"primaryImageOfPage":{"@id":"https:\/\/medicina.udd.cl\/observatorio-bioetica-derecho\/noticias\/2014\/09\/01\/criopreservacion-de-embriones-en-un-nuevo-derecho-a-conversar\/#primaryimage"},"image":{"@id":"https:\/\/medicina.udd.cl\/observatorio-bioetica-derecho\/noticias\/2014\/09\/01\/criopreservacion-de-embriones-en-un-nuevo-derecho-a-conversar\/#primaryimage"},"thumbnailUrl":"https:\/\/medicina.udd.cl\/observatorio-bioetica-derecho\/files\/2014\/09\/Cuarta-sesi\u00f3n-Derecho-a-conversar.jpg","datePublished":"2014-09-01T20:41:43+00:00","dateModified":"2014-09-01T20:43:59+00:00","author":{"@id":""},"description":"En el encuentro, el m\u00e9dico Alejandro Serani y el abogado Rodolfo Figueroa coincidieron en la necesidad urgente de regular esta pr\u00e1ctica tanto para las cl\u00ednicas privadas como para los establecimientos p\u00fablicos.","breadcrumb":{"@id":"https:\/\/medicina.udd.cl\/observatorio-bioetica-derecho\/noticias\/2014\/09\/01\/criopreservacion-de-embriones-en-un-nuevo-derecho-a-conversar\/#breadcrumb"},"inLanguage":"es","potentialAction":[{"@type":"ReadAction","target":["https:\/\/medicina.udd.cl\/observatorio-bioetica-derecho\/noticias\/2014\/09\/01\/criopreservacion-de-embriones-en-un-nuevo-derecho-a-conversar\/"]}]},{"@type":"ImageObject","inLanguage":"es","@id":"https:\/\/medicina.udd.cl\/observatorio-bioetica-derecho\/noticias\/2014\/09\/01\/criopreservacion-de-embriones-en-un-nuevo-derecho-a-conversar\/#primaryimage","url":"https:\/\/medicina.udd.cl\/observatorio-bioetica-derecho\/files\/2014\/09\/Cuarta-sesi\u00f3n-Derecho-a-conversar.jpg","contentUrl":"https:\/\/medicina.udd.cl\/observatorio-bioetica-derecho\/files\/2014\/09\/Cuarta-sesi\u00f3n-Derecho-a-conversar.jpg","width":940,"height":450},{"@type":"BreadcrumbList","@id":"https:\/\/medicina.udd.cl\/observatorio-bioetica-derecho\/noticias\/2014\/09\/01\/criopreservacion-de-embriones-en-un-nuevo-derecho-a-conversar\/#breadcrumb","itemListElement":[{"@type":"ListItem","position":1,"name":"Home","item":"https:\/\/medicina.udd.cl\/observatorio-bioetica-derecho\/"},{"@type":"ListItem","position":2,"name":"Criopreservaci\u00f3n de embriones en un nuevo \u201cDerecho a Conversar\u201d"}]},{"@type":"WebSite","@id":"https:\/\/medicina.udd.cl\/observatorio-bioetica-derecho\/#website","url":"https:\/\/medicina.udd.cl\/observatorio-bioetica-derecho\/","name":"Observatorio de Bio\u00e9tica y Derecho","description":"Observatorio de Bio\u00e9tica y Derecho","inLanguage":"es"},{"@type":"Person","@id":"","url":"https:\/\/medicina.udd.cl\/observatorio-bioetica-derecho\/noticias\/author\/"}]}},"featured_image_url":"https:\/\/medicina.udd.cl\/observatorio-bioetica-derecho\/files\/2014\/09\/Cuarta-sesi\u00f3n-Derecho-a-conversar.jpg","_links":{"self":[{"href":"https:\/\/medicina.udd.cl\/observatorio-bioetica-derecho\/wp-json\/wp\/v2\/posts\/536","targetHints":{"allow":["GET"]}}],"collection":[{"href":"https:\/\/medicina.udd.cl\/observatorio-bioetica-derecho\/wp-json\/wp\/v2\/posts"}],"about":[{"href":"https:\/\/medicina.udd.cl\/observatorio-bioetica-derecho\/wp-json\/wp\/v2\/types\/post"}],"author":[{"embeddable":true,"href":"https:\/\/medicina.udd.cl\/observatorio-bioetica-derecho\/wp-json\/wp\/v2\/users\/42"}],"replies":[{"embeddable":true,"href":"https:\/\/medicina.udd.cl\/observatorio-bioetica-derecho\/wp-json\/wp\/v2\/comments?post=536"}],"version-history":[{"count":4,"href":"https:\/\/medicina.udd.cl\/observatorio-bioetica-derecho\/wp-json\/wp\/v2\/posts\/536\/revisions"}],"predecessor-version":[{"id":543,"href":"https:\/\/medicina.udd.cl\/observatorio-bioetica-derecho\/wp-json\/wp\/v2\/posts\/536\/revisions\/543"}],"wp:featuredmedia":[{"embeddable":true,"href":"https:\/\/medicina.udd.cl\/observatorio-bioetica-derecho\/wp-json\/wp\/v2\/media\/538"}],"wp:attachment":[{"href":"https:\/\/medicina.udd.cl\/observatorio-bioetica-derecho\/wp-json\/wp\/v2\/media?parent=536"}],"wp:term":[{"taxonomy":"category","embeddable":true,"href":"https:\/\/medicina.udd.cl\/observatorio-bioetica-derecho\/wp-json\/wp\/v2\/categories?post=536"},{"taxonomy":"post_tag","embeddable":true,"href":"https:\/\/medicina.udd.cl\/observatorio-bioetica-derecho\/wp-json\/wp\/v2\/tags?post=536"}],"curies":[{"name":"wp","href":"https:\/\/api.w.org\/{rel}","templated":true}]}}