{"id":547,"date":"2014-09-05T12:20:44","date_gmt":"2014-09-05T16:20:44","guid":{"rendered":"http:\/\/medicina.udd.cl\/observatorio-bioetica-derecho\/?p=547"},"modified":"2014-09-05T12:20:44","modified_gmt":"2014-09-05T16:20:44","slug":"biobancos-y-muestras-biologicas-en-un-nuevo-dialogo-bioetico","status":"publish","type":"post","link":"https:\/\/medicina.udd.cl\/observatorio-bioetica-derecho\/noticias\/2014\/09\/05\/biobancos-y-muestras-biologicas-en-un-nuevo-dialogo-bioetico\/","title":{"rendered":"Biobancos y muestras biol\u00f3gicas en un nuevo Di\u00e1logo Bio\u00e9tico"},"content":{"rendered":"<p><strong><div id=\"gallery-1\" class=\"carousel slide carousel-gallery\" data-ride=\"false\" data-interval=\"false\"><div class=\"carousel-inner\" role=\"listbox\"><figure class=\"carousel-item active\"><img loading=\"lazy\" decoding=\"async\" width=\"765\" height=\"426\" src=\"https:\/\/medicina.udd.cl\/observatorio-bioetica-derecho\/files\/2014\/09\/Di\u00e1logo-Bio\u00e9tico-300x167.jpg\" class=\"attachment-landscape_952 size-landscape_952 lazyload\" alt=\"\" sizes=\"auto, (max-width: 765px) 100vw, 765px\" data-src=\"https:\/\/medicina.udd.cl\/observatorio-bioetica-derecho\/files\/2014\/09\/Di\u00e1logo-Bio\u00e9tico.jpg\" data-srcset=\"https:\/\/medicina.udd.cl\/observatorio-bioetica-derecho\/files\/2014\/09\/Di\u00e1logo-Bio\u00e9tico.jpg 765w, https:\/\/medicina.udd.cl\/observatorio-bioetica-derecho\/files\/2014\/09\/Di\u00e1logo-Bio\u00e9tico-300x167.jpg 300w\" \/><\/figure><figure class=\"carousel-item\"><img loading=\"lazy\" decoding=\"async\" width=\"580\" height=\"425\" src=\"https:\/\/medicina.udd.cl\/observatorio-bioetica-derecho\/files\/2014\/09\/Marcela-Shultz.jpg\" class=\"attachment-landscape_952 size-landscape_952 lazyload\" alt=\"\" sizes=\"auto, (max-width: 580px) 100vw, 580px\" data-src=\"https:\/\/medicina.udd.cl\/observatorio-bioetica-derecho\/files\/2014\/09\/Marcela-Shultz.jpg\" data-srcset=\"https:\/\/medicina.udd.cl\/observatorio-bioetica-derecho\/files\/2014\/09\/Marcela-Shultz.jpg 580w, https:\/\/medicina.udd.cl\/observatorio-bioetica-derecho\/files\/2014\/09\/Marcela-Shultz-300x220.jpg 300w\" \/><\/figure><figure class=\"carousel-item\"><img loading=\"lazy\" decoding=\"async\" width=\"765\" height=\"422\" src=\"https:\/\/medicina.udd.cl\/observatorio-bioetica-derecho\/files\/2014\/09\/Alberto-Lecaros.jpg\" class=\"attachment-landscape_952 size-landscape_952 lazyload\" alt=\"\" sizes=\"auto, (max-width: 765px) 100vw, 765px\" data-src=\"https:\/\/medicina.udd.cl\/observatorio-bioetica-derecho\/files\/2014\/09\/Alberto-Lecaros.jpg\" data-srcset=\"https:\/\/medicina.udd.cl\/observatorio-bioetica-derecho\/files\/2014\/09\/Alberto-Lecaros.jpg 765w, https:\/\/medicina.udd.cl\/observatorio-bioetica-derecho\/files\/2014\/09\/Alberto-Lecaros-300x165.jpg 300w\" \/><\/figure><\/div><footer class=\"carousel-footer\"><div class=\"carousel-counter\"><span class=\"carousel-counter-current\"><\/span> \/ <span class=\"carousel-counter-total\"><\/span><\/div><a class=\"carousel-control-prev\" href=\"#gallery-1\" role=\"button\" data-slide=\"prev\"><svg aria-hidden=\"true\" class=\"svg-chevron-left-dims\"><use xlink:href='https:\/\/medicina.udd.cl\/observatorio-bioetica-derecho\/wp-content\/themes\/facultades-2018\/assets\/img\/svg\/dist\/main.svg?version=1695853099#chevron-left'><\/use><\/svg><span class=\"sr-only\">Anterior<\/span><\/a><a class=\"carousel-control-next\" href=\"#gallery-1\" role=\"button\" data-slide=\"next\"><svg aria-hidden=\"true\" class=\"svg-chevron-right-dims\"><use xlink:href='https:\/\/medicina.udd.cl\/observatorio-bioetica-derecho\/wp-content\/themes\/facultades-2018\/assets\/img\/svg\/dist\/main.svg?version=1695853099#chevron-right'><\/use><\/svg><span class=\"sr-only\">Siguiente<\/span><\/a><\/footer><\/div><\/p>\n<p>Biobancos: muestras biol\u00f3gicas y \u00e9tica de su uso<\/strong>, fue el eje central del \u00faltimo <strong>Di\u00e1logo Bio\u00e9tico<\/strong>\u00a0realizado el 3 de septiembre en el Centro Saval.<\/p>\n<p>La exposici\u00f3n estuvo a cargo de la <strong>doctora Marcela Shultz, del Servicio de Anatom\u00eda Patol\u00f3gica y Encargada del repositorio de muestras biol\u00f3gicas de Cl\u00ednica Alemana de Santiago, <\/strong>y del<strong> profesor Alberto Lecaros, director del Observatorio de Bio\u00e9tica y Derecho de la Universidad del Desarrollo.<\/strong><\/p>\n<p>Durante el encuentro, la doctora Shultz expuso cu\u00e1les deber\u00edan ser los est\u00e1ndares de funcionamiento, tanto t\u00e9cnicos como \u00e9ticos de los biobancos, en el marco de un proyecto Corfo Innova que persigue la creaci\u00f3n de una red nacional de estos establecimientos.<\/p>\n<p>Por su parte, Alberto Lecaros habl\u00f3 sobre cu\u00e1les deber\u00edan ser los \u00e1mbitos de regulaci\u00f3n de las muestras biol\u00f3gicas, proponiendo los principios jur\u00eddicos a abordar en la obtenci\u00f3n, uso y tratamiento de \u00e9stas, como asimismo en la protecci\u00f3n de los datos gen\u00e9ticos.<\/p>\n<p>Adem\u00e1s, se refiri\u00f3 a cu\u00e1les deben ser las m\u00ednimas normas jur\u00eddicas para regular la organizaci\u00f3n, estructura y funcionamiento de los bionacos.<\/p>\n<p>Cabe destacar que ambos especialistas pertenecen a la comisi\u00f3n de trabajo para una propuesta de regulaci\u00f3n de uso de muestras biol\u00f3gicas y biobancos.<\/p>\n<p>Asistieron a la actividad miembros de la Comisi\u00f3n Ministerial de \u00c9tica de la Investigaci\u00f3n en Salud (CMEIS), asesores del Minsal, adem\u00e1s de la destacada participaci\u00f3n de la fil\u00f3sofa espa\u00f1ola y experta en bio\u00e9tica, Adela Cortina.<\/p>\n<p>Los Di\u00e1logos Bio\u00e9ticos son organizados por el Centro de Bio\u00e9tica de la Facultad de Medicina CAS-UDD y se caracterizan por la exposici\u00f3n de un tema por parte de expertos, seguida de su discusi\u00f3n libre y abierta.\u00a0 La invitaci\u00f3n es para todos aquellos que quieran participar del debate.<\/p>\n<p>Se realizan en el Centro Saval (Manquehue Norte 1407), un mi\u00e9rcoles al mes, de 18:45 a 20:30 horas. Para mayor informaci\u00f3n, contactarse al mail <a href=\"mailto:bioetica@udd.cl\">bioetica@udd.cl<\/a><\/p>\n","protected":false},"excerpt":{"rendered":"<p>La discusi\u00f3n sobre el tema estuvo a cargo del profesor Alberto Lecaros, del Observatorio de Bio\u00e9tica y Derecho, y la doctora Marcela Shultz, de Cl\u00ednica Alemana.<\/p>\n","protected":false},"author":42,"featured_media":550,"comment_status":"open","ping_status":"open","sticky":false,"template":"","format":"standard","meta":{"footnotes":""},"categories":[4],"tags":[],"class_list":["post-547","post","type-post","status-publish","format-standard","has-post-thumbnail","hentry","category-noticias"],"yoast_head":"<!-- This site is optimized with the Yoast SEO plugin v26.9 - https:\/\/yoast.com\/product\/yoast-seo-wordpress\/ -->\n<title>Biobancos y muestras biol\u00f3gicas en un nuevo Di\u00e1logo Bio\u00e9tico<\/title>\n<meta name=\"description\" content=\"la discusi\u00f3n estuvo a cargo del profesor Alberto Lecaros, del Observatorio de Bio\u00e9tica y Derecho, y la doctora Marcela Shultz, de Cl\u00ednica Alemana.\" \/>\n<meta name=\"robots\" content=\"index, follow, max-snippet:-1, max-image-preview:large, max-video-preview:-1\" \/>\n<link rel=\"canonical\" href=\"https:\/\/medicina.udd.cl\/observatorio-bioetica-derecho\/noticias\/2014\/09\/05\/biobancos-y-muestras-biologicas-en-un-nuevo-dialogo-bioetico\/\" \/>\n<meta property=\"og:locale\" content=\"es_ES\" \/>\n<meta property=\"og:type\" content=\"article\" \/>\n<meta property=\"og:title\" content=\"Biobancos y muestras biol\u00f3gicas en un nuevo Di\u00e1logo Bio\u00e9tico\" \/>\n<meta property=\"og:description\" content=\"la discusi\u00f3n estuvo a cargo del profesor Alberto Lecaros, del Observatorio de Bio\u00e9tica y Derecho, y la doctora Marcela Shultz, de Cl\u00ednica Alemana.\" \/>\n<meta property=\"og:url\" content=\"https:\/\/medicina.udd.cl\/observatorio-bioetica-derecho\/noticias\/2014\/09\/05\/biobancos-y-muestras-biologicas-en-un-nuevo-dialogo-bioetico\/\" \/>\n<meta property=\"og:site_name\" content=\"Observatorio de Bio\u00e9tica y Derecho\" \/>\n<meta property=\"article:published_time\" content=\"2014-09-05T16:20:44+00:00\" \/>\n<meta property=\"og:image\" content=\"https:\/\/medicina.udd.cl\/observatorio-bioetica-derecho\/files\/2014\/09\/Di\u00e1logo-Bio\u00e9tico.jpg\" \/>\n\t<meta property=\"og:image:width\" content=\"765\" \/>\n\t<meta property=\"og:image:height\" content=\"426\" \/>\n\t<meta property=\"og:image:type\" content=\"image\/jpeg\" \/>\n<meta name=\"twitter:label1\" content=\"Escrito por\" \/>\n\t<meta name=\"twitter:data1\" content=\"\" \/>\n\t<meta name=\"twitter:label2\" content=\"Tiempo de lectura\" \/>\n\t<meta name=\"twitter:data2\" content=\"2 minutos\" \/>\n<script type=\"application\/ld+json\" class=\"yoast-schema-graph\">{\"@context\":\"https:\/\/schema.org\",\"@graph\":[{\"@type\":\"Article\",\"@id\":\"https:\/\/medicina.udd.cl\/observatorio-bioetica-derecho\/noticias\/2014\/09\/05\/biobancos-y-muestras-biologicas-en-un-nuevo-dialogo-bioetico\/#article\",\"isPartOf\":{\"@id\":\"https:\/\/medicina.udd.cl\/observatorio-bioetica-derecho\/noticias\/2014\/09\/05\/biobancos-y-muestras-biologicas-en-un-nuevo-dialogo-bioetico\/\"},\"author\":{\"name\":\"\",\"@id\":\"\"},\"headline\":\"Biobancos y muestras biol\u00f3gicas en un nuevo Di\u00e1logo Bio\u00e9tico\",\"datePublished\":\"2014-09-05T16:20:44+00:00\",\"mainEntityOfPage\":{\"@id\":\"https:\/\/medicina.udd.cl\/observatorio-bioetica-derecho\/noticias\/2014\/09\/05\/biobancos-y-muestras-biologicas-en-un-nuevo-dialogo-bioetico\/\"},\"wordCount\":358,\"commentCount\":0,\"image\":{\"@id\":\"https:\/\/medicina.udd.cl\/observatorio-bioetica-derecho\/noticias\/2014\/09\/05\/biobancos-y-muestras-biologicas-en-un-nuevo-dialogo-bioetico\/#primaryimage\"},\"thumbnailUrl\":\"https:\/\/medicina.udd.cl\/observatorio-bioetica-derecho\/files\/2014\/09\/Di\u00e1logo-Bio\u00e9tico.jpg\",\"articleSection\":[\"Noticias\"],\"inLanguage\":\"es\",\"potentialAction\":[{\"@type\":\"CommentAction\",\"name\":\"Comment\",\"target\":[\"https:\/\/medicina.udd.cl\/observatorio-bioetica-derecho\/noticias\/2014\/09\/05\/biobancos-y-muestras-biologicas-en-un-nuevo-dialogo-bioetico\/#respond\"]}]},{\"@type\":\"WebPage\",\"@id\":\"https:\/\/medicina.udd.cl\/observatorio-bioetica-derecho\/noticias\/2014\/09\/05\/biobancos-y-muestras-biologicas-en-un-nuevo-dialogo-bioetico\/\",\"url\":\"https:\/\/medicina.udd.cl\/observatorio-bioetica-derecho\/noticias\/2014\/09\/05\/biobancos-y-muestras-biologicas-en-un-nuevo-dialogo-bioetico\/\",\"name\":\"Biobancos y muestras biol\u00f3gicas en un nuevo Di\u00e1logo Bio\u00e9tico\",\"isPartOf\":{\"@id\":\"https:\/\/medicina.udd.cl\/observatorio-bioetica-derecho\/#website\"},\"primaryImageOfPage\":{\"@id\":\"https:\/\/medicina.udd.cl\/observatorio-bioetica-derecho\/noticias\/2014\/09\/05\/biobancos-y-muestras-biologicas-en-un-nuevo-dialogo-bioetico\/#primaryimage\"},\"image\":{\"@id\":\"https:\/\/medicina.udd.cl\/observatorio-bioetica-derecho\/noticias\/2014\/09\/05\/biobancos-y-muestras-biologicas-en-un-nuevo-dialogo-bioetico\/#primaryimage\"},\"thumbnailUrl\":\"https:\/\/medicina.udd.cl\/observatorio-bioetica-derecho\/files\/2014\/09\/Di\u00e1logo-Bio\u00e9tico.jpg\",\"datePublished\":\"2014-09-05T16:20:44+00:00\",\"author\":{\"@id\":\"\"},\"description\":\"la discusi\u00f3n estuvo a cargo del profesor Alberto Lecaros, del Observatorio de Bio\u00e9tica y Derecho, y la doctora Marcela Shultz, de Cl\u00ednica Alemana.\",\"breadcrumb\":{\"@id\":\"https:\/\/medicina.udd.cl\/observatorio-bioetica-derecho\/noticias\/2014\/09\/05\/biobancos-y-muestras-biologicas-en-un-nuevo-dialogo-bioetico\/#breadcrumb\"},\"inLanguage\":\"es\",\"potentialAction\":[{\"@type\":\"ReadAction\",\"target\":[\"https:\/\/medicina.udd.cl\/observatorio-bioetica-derecho\/noticias\/2014\/09\/05\/biobancos-y-muestras-biologicas-en-un-nuevo-dialogo-bioetico\/\"]}]},{\"@type\":\"ImageObject\",\"inLanguage\":\"es\",\"@id\":\"https:\/\/medicina.udd.cl\/observatorio-bioetica-derecho\/noticias\/2014\/09\/05\/biobancos-y-muestras-biologicas-en-un-nuevo-dialogo-bioetico\/#primaryimage\",\"url\":\"https:\/\/medicina.udd.cl\/observatorio-bioetica-derecho\/files\/2014\/09\/Di\u00e1logo-Bio\u00e9tico.jpg\",\"contentUrl\":\"https:\/\/medicina.udd.cl\/observatorio-bioetica-derecho\/files\/2014\/09\/Di\u00e1logo-Bio\u00e9tico.jpg\",\"width\":765,\"height\":426},{\"@type\":\"BreadcrumbList\",\"@id\":\"https:\/\/medicina.udd.cl\/observatorio-bioetica-derecho\/noticias\/2014\/09\/05\/biobancos-y-muestras-biologicas-en-un-nuevo-dialogo-bioetico\/#breadcrumb\",\"itemListElement\":[{\"@type\":\"ListItem\",\"position\":1,\"name\":\"Home\",\"item\":\"https:\/\/medicina.udd.cl\/observatorio-bioetica-derecho\/\"},{\"@type\":\"ListItem\",\"position\":2,\"name\":\"Biobancos y muestras biol\u00f3gicas en un nuevo Di\u00e1logo Bio\u00e9tico\"}]},{\"@type\":\"WebSite\",\"@id\":\"https:\/\/medicina.udd.cl\/observatorio-bioetica-derecho\/#website\",\"url\":\"https:\/\/medicina.udd.cl\/observatorio-bioetica-derecho\/\",\"name\":\"Observatorio de Bio\u00e9tica y Derecho\",\"description\":\"Observatorio de Bio\u00e9tica y Derecho\",\"inLanguage\":\"es\"},{\"@type\":\"Person\",\"@id\":\"\",\"url\":\"https:\/\/medicina.udd.cl\/observatorio-bioetica-derecho\/noticias\/author\/\"}]}<\/script>\n<!-- \/ Yoast SEO plugin. -->","yoast_head_json":{"title":"Biobancos y muestras biol\u00f3gicas en un nuevo Di\u00e1logo Bio\u00e9tico","description":"la discusi\u00f3n estuvo a cargo del profesor Alberto Lecaros, del Observatorio de Bio\u00e9tica y Derecho, y la doctora Marcela Shultz, de Cl\u00ednica Alemana.","robots":{"index":"index","follow":"follow","max-snippet":"max-snippet:-1","max-image-preview":"max-image-preview:large","max-video-preview":"max-video-preview:-1"},"canonical":"https:\/\/medicina.udd.cl\/observatorio-bioetica-derecho\/noticias\/2014\/09\/05\/biobancos-y-muestras-biologicas-en-un-nuevo-dialogo-bioetico\/","og_locale":"es_ES","og_type":"article","og_title":"Biobancos y muestras biol\u00f3gicas en un nuevo Di\u00e1logo Bio\u00e9tico","og_description":"la discusi\u00f3n estuvo a cargo del profesor Alberto Lecaros, del Observatorio de Bio\u00e9tica y Derecho, y la doctora Marcela Shultz, de Cl\u00ednica Alemana.","og_url":"https:\/\/medicina.udd.cl\/observatorio-bioetica-derecho\/noticias\/2014\/09\/05\/biobancos-y-muestras-biologicas-en-un-nuevo-dialogo-bioetico\/","og_site_name":"Observatorio de Bio\u00e9tica y Derecho","article_published_time":"2014-09-05T16:20:44+00:00","og_image":[{"width":765,"height":426,"url":"https:\/\/medicina.udd.cl\/observatorio-bioetica-derecho\/files\/2014\/09\/Di\u00e1logo-Bio\u00e9tico.jpg","type":"image\/jpeg"}],"twitter_misc":{"Escrito por":"","Tiempo de lectura":"2 minutos"},"schema":{"@context":"https:\/\/schema.org","@graph":[{"@type":"Article","@id":"https:\/\/medicina.udd.cl\/observatorio-bioetica-derecho\/noticias\/2014\/09\/05\/biobancos-y-muestras-biologicas-en-un-nuevo-dialogo-bioetico\/#article","isPartOf":{"@id":"https:\/\/medicina.udd.cl\/observatorio-bioetica-derecho\/noticias\/2014\/09\/05\/biobancos-y-muestras-biologicas-en-un-nuevo-dialogo-bioetico\/"},"author":{"name":"","@id":""},"headline":"Biobancos y muestras biol\u00f3gicas en un nuevo Di\u00e1logo Bio\u00e9tico","datePublished":"2014-09-05T16:20:44+00:00","mainEntityOfPage":{"@id":"https:\/\/medicina.udd.cl\/observatorio-bioetica-derecho\/noticias\/2014\/09\/05\/biobancos-y-muestras-biologicas-en-un-nuevo-dialogo-bioetico\/"},"wordCount":358,"commentCount":0,"image":{"@id":"https:\/\/medicina.udd.cl\/observatorio-bioetica-derecho\/noticias\/2014\/09\/05\/biobancos-y-muestras-biologicas-en-un-nuevo-dialogo-bioetico\/#primaryimage"},"thumbnailUrl":"https:\/\/medicina.udd.cl\/observatorio-bioetica-derecho\/files\/2014\/09\/Di\u00e1logo-Bio\u00e9tico.jpg","articleSection":["Noticias"],"inLanguage":"es","potentialAction":[{"@type":"CommentAction","name":"Comment","target":["https:\/\/medicina.udd.cl\/observatorio-bioetica-derecho\/noticias\/2014\/09\/05\/biobancos-y-muestras-biologicas-en-un-nuevo-dialogo-bioetico\/#respond"]}]},{"@type":"WebPage","@id":"https:\/\/medicina.udd.cl\/observatorio-bioetica-derecho\/noticias\/2014\/09\/05\/biobancos-y-muestras-biologicas-en-un-nuevo-dialogo-bioetico\/","url":"https:\/\/medicina.udd.cl\/observatorio-bioetica-derecho\/noticias\/2014\/09\/05\/biobancos-y-muestras-biologicas-en-un-nuevo-dialogo-bioetico\/","name":"Biobancos y muestras biol\u00f3gicas en un nuevo Di\u00e1logo Bio\u00e9tico","isPartOf":{"@id":"https:\/\/medicina.udd.cl\/observatorio-bioetica-derecho\/#website"},"primaryImageOfPage":{"@id":"https:\/\/medicina.udd.cl\/observatorio-bioetica-derecho\/noticias\/2014\/09\/05\/biobancos-y-muestras-biologicas-en-un-nuevo-dialogo-bioetico\/#primaryimage"},"image":{"@id":"https:\/\/medicina.udd.cl\/observatorio-bioetica-derecho\/noticias\/2014\/09\/05\/biobancos-y-muestras-biologicas-en-un-nuevo-dialogo-bioetico\/#primaryimage"},"thumbnailUrl":"https:\/\/medicina.udd.cl\/observatorio-bioetica-derecho\/files\/2014\/09\/Di\u00e1logo-Bio\u00e9tico.jpg","datePublished":"2014-09-05T16:20:44+00:00","author":{"@id":""},"description":"la discusi\u00f3n estuvo a cargo del profesor Alberto Lecaros, del Observatorio de Bio\u00e9tica y Derecho, y la doctora Marcela Shultz, de Cl\u00ednica Alemana.","breadcrumb":{"@id":"https:\/\/medicina.udd.cl\/observatorio-bioetica-derecho\/noticias\/2014\/09\/05\/biobancos-y-muestras-biologicas-en-un-nuevo-dialogo-bioetico\/#breadcrumb"},"inLanguage":"es","potentialAction":[{"@type":"ReadAction","target":["https:\/\/medicina.udd.cl\/observatorio-bioetica-derecho\/noticias\/2014\/09\/05\/biobancos-y-muestras-biologicas-en-un-nuevo-dialogo-bioetico\/"]}]},{"@type":"ImageObject","inLanguage":"es","@id":"https:\/\/medicina.udd.cl\/observatorio-bioetica-derecho\/noticias\/2014\/09\/05\/biobancos-y-muestras-biologicas-en-un-nuevo-dialogo-bioetico\/#primaryimage","url":"https:\/\/medicina.udd.cl\/observatorio-bioetica-derecho\/files\/2014\/09\/Di\u00e1logo-Bio\u00e9tico.jpg","contentUrl":"https:\/\/medicina.udd.cl\/observatorio-bioetica-derecho\/files\/2014\/09\/Di\u00e1logo-Bio\u00e9tico.jpg","width":765,"height":426},{"@type":"BreadcrumbList","@id":"https:\/\/medicina.udd.cl\/observatorio-bioetica-derecho\/noticias\/2014\/09\/05\/biobancos-y-muestras-biologicas-en-un-nuevo-dialogo-bioetico\/#breadcrumb","itemListElement":[{"@type":"ListItem","position":1,"name":"Home","item":"https:\/\/medicina.udd.cl\/observatorio-bioetica-derecho\/"},{"@type":"ListItem","position":2,"name":"Biobancos y muestras biol\u00f3gicas en un nuevo Di\u00e1logo Bio\u00e9tico"}]},{"@type":"WebSite","@id":"https:\/\/medicina.udd.cl\/observatorio-bioetica-derecho\/#website","url":"https:\/\/medicina.udd.cl\/observatorio-bioetica-derecho\/","name":"Observatorio de Bio\u00e9tica y Derecho","description":"Observatorio de Bio\u00e9tica y Derecho","inLanguage":"es"},{"@type":"Person","@id":"","url":"https:\/\/medicina.udd.cl\/observatorio-bioetica-derecho\/noticias\/author\/"}]}},"featured_image_url":"https:\/\/medicina.udd.cl\/observatorio-bioetica-derecho\/files\/2014\/09\/Di\u00e1logo-Bio\u00e9tico.jpg","_links":{"self":[{"href":"https:\/\/medicina.udd.cl\/observatorio-bioetica-derecho\/wp-json\/wp\/v2\/posts\/547","targetHints":{"allow":["GET"]}}],"collection":[{"href":"https:\/\/medicina.udd.cl\/observatorio-bioetica-derecho\/wp-json\/wp\/v2\/posts"}],"about":[{"href":"https:\/\/medicina.udd.cl\/observatorio-bioetica-derecho\/wp-json\/wp\/v2\/types\/post"}],"author":[{"embeddable":true,"href":"https:\/\/medicina.udd.cl\/observatorio-bioetica-derecho\/wp-json\/wp\/v2\/users\/42"}],"replies":[{"embeddable":true,"href":"https:\/\/medicina.udd.cl\/observatorio-bioetica-derecho\/wp-json\/wp\/v2\/comments?post=547"}],"version-history":[{"count":1,"href":"https:\/\/medicina.udd.cl\/observatorio-bioetica-derecho\/wp-json\/wp\/v2\/posts\/547\/revisions"}],"predecessor-version":[{"id":551,"href":"https:\/\/medicina.udd.cl\/observatorio-bioetica-derecho\/wp-json\/wp\/v2\/posts\/547\/revisions\/551"}],"wp:featuredmedia":[{"embeddable":true,"href":"https:\/\/medicina.udd.cl\/observatorio-bioetica-derecho\/wp-json\/wp\/v2\/media\/550"}],"wp:attachment":[{"href":"https:\/\/medicina.udd.cl\/observatorio-bioetica-derecho\/wp-json\/wp\/v2\/media?parent=547"}],"wp:term":[{"taxonomy":"category","embeddable":true,"href":"https:\/\/medicina.udd.cl\/observatorio-bioetica-derecho\/wp-json\/wp\/v2\/categories?post=547"},{"taxonomy":"post_tag","embeddable":true,"href":"https:\/\/medicina.udd.cl\/observatorio-bioetica-derecho\/wp-json\/wp\/v2\/tags?post=547"}],"curies":[{"name":"wp","href":"https:\/\/api.w.org\/{rel}","templated":true}]}}