{"id":555,"date":"2014-10-03T14:12:44","date_gmt":"2014-10-03T17:12:44","guid":{"rendered":"http:\/\/medicina.udd.cl\/observatorio-bioetica-derecho\/?p=555"},"modified":"2014-10-03T14:13:55","modified_gmt":"2014-10-03T17:13:55","slug":"conflicto-palestino-israeli-un-espacio-para-la-paz","status":"publish","type":"post","link":"https:\/\/medicina.udd.cl\/observatorio-bioetica-derecho\/noticias\/2014\/10\/03\/conflicto-palestino-israeli-un-espacio-para-la-paz\/","title":{"rendered":"Conflicto palestino-israel\u00ed: un espacio para la paz"},"content":{"rendered":"<p><b>El cientista pol\u00edtico Guido Larson analizar\u00e1 este tema en un encuentro organizado por las facultades de\u00a0<a href=\"http:\/\/comunicaciones.udd.cl\/\" target=\"_blank\">Comunicaciones<\/a>\u00a0y\u00a0<a href=\"http:\/\/derecho-scl.udd.cl\/\" target=\"_blank\">Derecho<\/a>, el\u00a0<a href=\"http:\/\/humanidades.udd.cl\/\" target=\"_blank\">Instituto de Humanidades<\/a>\u00a0y el\u00a0<a href=\"http:\/\/medicina.udd.cl\/observatorio-bioetica-derecho\/\" target=\"_blank\">Observatorio de Bio\u00e9tica y Derecho UDD<\/a>.<\/b><\/p>\n<p>Una larga historia de enfrentamientos entre dos pueblos que ha dejado miles de v\u00edctimas\u2026 Un conflicto que trasciende lo religioso y se ubica en el campo pol\u00edtico, econ\u00f3mico y militar. \u00bfExiste un espacio para la paz en el conflicto entre palestinos e israel\u00edes?<\/p>\n<p><b>Guido Larson,\u00a0<\/b>Cientista Pol\u00edtico y Mag\u00edster en Ciencia Pol\u00edtica, menci\u00f3n Relaciones Internacionales, expondr\u00e1 sobre este tema el pr\u00f3ximo\u00a0<b>mi\u00e9rcoles 8 de octubre de 2014<\/b>, a las\u00a0<b>13:00 horas<\/b>\u00a0en el\u00a0<b>Audit\u00f3rium 114<\/b>\u00a0del\u00a0<b>Campus RESB UDD.<\/b><\/p>\n<p>&nbsp;<\/p>\n","protected":false},"excerpt":{"rendered":"<p>El tema se abordar\u00e1 en un encuentro organizado por las facultades de Comunicaciones y Derecho, el Instituto de Humanidades y el Observatorio de Bio\u00e9tica y Derecho UDD, que se realizar\u00e1 el mi\u00e9rcoles 8 de octubre en el Campus RESB de la UDD.<\/p>\n","protected":false},"author":42,"featured_media":556,"comment_status":"open","ping_status":"open","sticky":false,"template":"","format":"standard","meta":{"footnotes":""},"categories":[4],"tags":[],"class_list":["post-555","post","type-post","status-publish","format-standard","has-post-thumbnail","hentry","category-noticias"],"yoast_head":"<!-- This site is optimized with the Yoast SEO plugin v26.9 - https:\/\/yoast.com\/product\/yoast-seo-wordpress\/ -->\n<title>Conflicto palestino-israel\u00ed: un espacio para la paz<\/title>\n<meta name=\"description\" content=\"El tema se abordar\u00e1 en un encuentro que se realizar\u00e1 el mi\u00e9rcoles 8 de octubre, a las 13:00 horas, en el AU 114 del Campus RESB de la UDD.\" \/>\n<meta name=\"robots\" content=\"index, follow, max-snippet:-1, max-image-preview:large, max-video-preview:-1\" \/>\n<link rel=\"canonical\" href=\"https:\/\/medicina.udd.cl\/observatorio-bioetica-derecho\/noticias\/2014\/10\/03\/conflicto-palestino-israeli-un-espacio-para-la-paz\/\" \/>\n<meta property=\"og:locale\" content=\"es_ES\" \/>\n<meta property=\"og:type\" content=\"article\" \/>\n<meta property=\"og:title\" content=\"Conflicto palestino-israel\u00ed: un espacio para la paz\" \/>\n<meta property=\"og:description\" content=\"El tema se abordar\u00e1 en un encuentro que se realizar\u00e1 el mi\u00e9rcoles 8 de octubre, a las 13:00 horas, en el AU 114 del Campus RESB de la UDD.\" \/>\n<meta property=\"og:url\" content=\"https:\/\/medicina.udd.cl\/observatorio-bioetica-derecho\/noticias\/2014\/10\/03\/conflicto-palestino-israeli-un-espacio-para-la-paz\/\" \/>\n<meta property=\"og:site_name\" content=\"Observatorio de Bio\u00e9tica y Derecho\" \/>\n<meta property=\"article:published_time\" content=\"2014-10-03T17:12:44+00:00\" \/>\n<meta property=\"article:modified_time\" content=\"2014-10-03T17:13:55+00:00\" \/>\n<meta property=\"og:image\" content=\"https:\/\/medicina.udd.cl\/observatorio-bioetica-derecho\/files\/2014\/10\/ninos-judio-y-palestino.jpg\" \/>\n\t<meta property=\"og:image:width\" content=\"640\" \/>\n\t<meta property=\"og:image:height\" content=\"324\" \/>\n\t<meta property=\"og:image:type\" content=\"image\/jpeg\" \/>\n<meta name=\"twitter:label1\" content=\"Escrito por\" \/>\n\t<meta name=\"twitter:data1\" content=\"\" \/>\n\t<meta name=\"twitter:label2\" content=\"Tiempo de lectura\" \/>\n\t<meta name=\"twitter:data2\" content=\"1 minuto\" \/>\n<script type=\"application\/ld+json\" class=\"yoast-schema-graph\">{\"@context\":\"https:\/\/schema.org\",\"@graph\":[{\"@type\":\"Article\",\"@id\":\"https:\/\/medicina.udd.cl\/observatorio-bioetica-derecho\/noticias\/2014\/10\/03\/conflicto-palestino-israeli-un-espacio-para-la-paz\/#article\",\"isPartOf\":{\"@id\":\"https:\/\/medicina.udd.cl\/observatorio-bioetica-derecho\/noticias\/2014\/10\/03\/conflicto-palestino-israeli-un-espacio-para-la-paz\/\"},\"author\":{\"name\":\"\",\"@id\":\"\"},\"headline\":\"Conflicto palestino-israel\u00ed: un espacio para la paz\",\"datePublished\":\"2014-10-03T17:12:44+00:00\",\"dateModified\":\"2014-10-03T17:13:55+00:00\",\"mainEntityOfPage\":{\"@id\":\"https:\/\/medicina.udd.cl\/observatorio-bioetica-derecho\/noticias\/2014\/10\/03\/conflicto-palestino-israeli-un-espacio-para-la-paz\/\"},\"wordCount\":127,\"commentCount\":0,\"image\":{\"@id\":\"https:\/\/medicina.udd.cl\/observatorio-bioetica-derecho\/noticias\/2014\/10\/03\/conflicto-palestino-israeli-un-espacio-para-la-paz\/#primaryimage\"},\"thumbnailUrl\":\"https:\/\/medicina.udd.cl\/observatorio-bioetica-derecho\/files\/2014\/10\/ninos-judio-y-palestino.jpg\",\"articleSection\":[\"Noticias\"],\"inLanguage\":\"es\",\"potentialAction\":[{\"@type\":\"CommentAction\",\"name\":\"Comment\",\"target\":[\"https:\/\/medicina.udd.cl\/observatorio-bioetica-derecho\/noticias\/2014\/10\/03\/conflicto-palestino-israeli-un-espacio-para-la-paz\/#respond\"]}]},{\"@type\":\"WebPage\",\"@id\":\"https:\/\/medicina.udd.cl\/observatorio-bioetica-derecho\/noticias\/2014\/10\/03\/conflicto-palestino-israeli-un-espacio-para-la-paz\/\",\"url\":\"https:\/\/medicina.udd.cl\/observatorio-bioetica-derecho\/noticias\/2014\/10\/03\/conflicto-palestino-israeli-un-espacio-para-la-paz\/\",\"name\":\"Conflicto palestino-israel\u00ed: un espacio para la paz\",\"isPartOf\":{\"@id\":\"https:\/\/medicina.udd.cl\/observatorio-bioetica-derecho\/#website\"},\"primaryImageOfPage\":{\"@id\":\"https:\/\/medicina.udd.cl\/observatorio-bioetica-derecho\/noticias\/2014\/10\/03\/conflicto-palestino-israeli-un-espacio-para-la-paz\/#primaryimage\"},\"image\":{\"@id\":\"https:\/\/medicina.udd.cl\/observatorio-bioetica-derecho\/noticias\/2014\/10\/03\/conflicto-palestino-israeli-un-espacio-para-la-paz\/#primaryimage\"},\"thumbnailUrl\":\"https:\/\/medicina.udd.cl\/observatorio-bioetica-derecho\/files\/2014\/10\/ninos-judio-y-palestino.jpg\",\"datePublished\":\"2014-10-03T17:12:44+00:00\",\"dateModified\":\"2014-10-03T17:13:55+00:00\",\"author\":{\"@id\":\"\"},\"description\":\"El tema se abordar\u00e1 en un encuentro que se realizar\u00e1 el mi\u00e9rcoles 8 de octubre, a las 13:00 horas, en el AU 114 del Campus RESB de la UDD.\",\"breadcrumb\":{\"@id\":\"https:\/\/medicina.udd.cl\/observatorio-bioetica-derecho\/noticias\/2014\/10\/03\/conflicto-palestino-israeli-un-espacio-para-la-paz\/#breadcrumb\"},\"inLanguage\":\"es\",\"potentialAction\":[{\"@type\":\"ReadAction\",\"target\":[\"https:\/\/medicina.udd.cl\/observatorio-bioetica-derecho\/noticias\/2014\/10\/03\/conflicto-palestino-israeli-un-espacio-para-la-paz\/\"]}]},{\"@type\":\"ImageObject\",\"inLanguage\":\"es\",\"@id\":\"https:\/\/medicina.udd.cl\/observatorio-bioetica-derecho\/noticias\/2014\/10\/03\/conflicto-palestino-israeli-un-espacio-para-la-paz\/#primaryimage\",\"url\":\"https:\/\/medicina.udd.cl\/observatorio-bioetica-derecho\/files\/2014\/10\/ninos-judio-y-palestino.jpg\",\"contentUrl\":\"https:\/\/medicina.udd.cl\/observatorio-bioetica-derecho\/files\/2014\/10\/ninos-judio-y-palestino.jpg\",\"width\":640,\"height\":324},{\"@type\":\"BreadcrumbList\",\"@id\":\"https:\/\/medicina.udd.cl\/observatorio-bioetica-derecho\/noticias\/2014\/10\/03\/conflicto-palestino-israeli-un-espacio-para-la-paz\/#breadcrumb\",\"itemListElement\":[{\"@type\":\"ListItem\",\"position\":1,\"name\":\"Home\",\"item\":\"https:\/\/medicina.udd.cl\/observatorio-bioetica-derecho\/\"},{\"@type\":\"ListItem\",\"position\":2,\"name\":\"Conflicto palestino-israel\u00ed: un espacio para la paz\"}]},{\"@type\":\"WebSite\",\"@id\":\"https:\/\/medicina.udd.cl\/observatorio-bioetica-derecho\/#website\",\"url\":\"https:\/\/medicina.udd.cl\/observatorio-bioetica-derecho\/\",\"name\":\"Observatorio de Bio\u00e9tica y Derecho\",\"description\":\"Observatorio de Bio\u00e9tica y Derecho\",\"inLanguage\":\"es\"},{\"@type\":\"Person\",\"@id\":\"\",\"url\":\"https:\/\/medicina.udd.cl\/observatorio-bioetica-derecho\/noticias\/author\/\"}]}<\/script>\n<!-- \/ Yoast SEO plugin. -->","yoast_head_json":{"title":"Conflicto palestino-israel\u00ed: un espacio para la paz","description":"El tema se abordar\u00e1 en un encuentro que se realizar\u00e1 el mi\u00e9rcoles 8 de octubre, a las 13:00 horas, en el AU 114 del Campus RESB de la UDD.","robots":{"index":"index","follow":"follow","max-snippet":"max-snippet:-1","max-image-preview":"max-image-preview:large","max-video-preview":"max-video-preview:-1"},"canonical":"https:\/\/medicina.udd.cl\/observatorio-bioetica-derecho\/noticias\/2014\/10\/03\/conflicto-palestino-israeli-un-espacio-para-la-paz\/","og_locale":"es_ES","og_type":"article","og_title":"Conflicto palestino-israel\u00ed: un espacio para la paz","og_description":"El tema se abordar\u00e1 en un encuentro que se realizar\u00e1 el mi\u00e9rcoles 8 de octubre, a las 13:00 horas, en el AU 114 del Campus RESB de la UDD.","og_url":"https:\/\/medicina.udd.cl\/observatorio-bioetica-derecho\/noticias\/2014\/10\/03\/conflicto-palestino-israeli-un-espacio-para-la-paz\/","og_site_name":"Observatorio de Bio\u00e9tica y Derecho","article_published_time":"2014-10-03T17:12:44+00:00","article_modified_time":"2014-10-03T17:13:55+00:00","og_image":[{"width":640,"height":324,"url":"https:\/\/medicina.udd.cl\/observatorio-bioetica-derecho\/files\/2014\/10\/ninos-judio-y-palestino.jpg","type":"image\/jpeg"}],"twitter_misc":{"Escrito por":"","Tiempo de lectura":"1 minuto"},"schema":{"@context":"https:\/\/schema.org","@graph":[{"@type":"Article","@id":"https:\/\/medicina.udd.cl\/observatorio-bioetica-derecho\/noticias\/2014\/10\/03\/conflicto-palestino-israeli-un-espacio-para-la-paz\/#article","isPartOf":{"@id":"https:\/\/medicina.udd.cl\/observatorio-bioetica-derecho\/noticias\/2014\/10\/03\/conflicto-palestino-israeli-un-espacio-para-la-paz\/"},"author":{"name":"","@id":""},"headline":"Conflicto palestino-israel\u00ed: un espacio para la paz","datePublished":"2014-10-03T17:12:44+00:00","dateModified":"2014-10-03T17:13:55+00:00","mainEntityOfPage":{"@id":"https:\/\/medicina.udd.cl\/observatorio-bioetica-derecho\/noticias\/2014\/10\/03\/conflicto-palestino-israeli-un-espacio-para-la-paz\/"},"wordCount":127,"commentCount":0,"image":{"@id":"https:\/\/medicina.udd.cl\/observatorio-bioetica-derecho\/noticias\/2014\/10\/03\/conflicto-palestino-israeli-un-espacio-para-la-paz\/#primaryimage"},"thumbnailUrl":"https:\/\/medicina.udd.cl\/observatorio-bioetica-derecho\/files\/2014\/10\/ninos-judio-y-palestino.jpg","articleSection":["Noticias"],"inLanguage":"es","potentialAction":[{"@type":"CommentAction","name":"Comment","target":["https:\/\/medicina.udd.cl\/observatorio-bioetica-derecho\/noticias\/2014\/10\/03\/conflicto-palestino-israeli-un-espacio-para-la-paz\/#respond"]}]},{"@type":"WebPage","@id":"https:\/\/medicina.udd.cl\/observatorio-bioetica-derecho\/noticias\/2014\/10\/03\/conflicto-palestino-israeli-un-espacio-para-la-paz\/","url":"https:\/\/medicina.udd.cl\/observatorio-bioetica-derecho\/noticias\/2014\/10\/03\/conflicto-palestino-israeli-un-espacio-para-la-paz\/","name":"Conflicto palestino-israel\u00ed: un espacio para la paz","isPartOf":{"@id":"https:\/\/medicina.udd.cl\/observatorio-bioetica-derecho\/#website"},"primaryImageOfPage":{"@id":"https:\/\/medicina.udd.cl\/observatorio-bioetica-derecho\/noticias\/2014\/10\/03\/conflicto-palestino-israeli-un-espacio-para-la-paz\/#primaryimage"},"image":{"@id":"https:\/\/medicina.udd.cl\/observatorio-bioetica-derecho\/noticias\/2014\/10\/03\/conflicto-palestino-israeli-un-espacio-para-la-paz\/#primaryimage"},"thumbnailUrl":"https:\/\/medicina.udd.cl\/observatorio-bioetica-derecho\/files\/2014\/10\/ninos-judio-y-palestino.jpg","datePublished":"2014-10-03T17:12:44+00:00","dateModified":"2014-10-03T17:13:55+00:00","author":{"@id":""},"description":"El tema se abordar\u00e1 en un encuentro que se realizar\u00e1 el mi\u00e9rcoles 8 de octubre, a las 13:00 horas, en el AU 114 del Campus RESB de la UDD.","breadcrumb":{"@id":"https:\/\/medicina.udd.cl\/observatorio-bioetica-derecho\/noticias\/2014\/10\/03\/conflicto-palestino-israeli-un-espacio-para-la-paz\/#breadcrumb"},"inLanguage":"es","potentialAction":[{"@type":"ReadAction","target":["https:\/\/medicina.udd.cl\/observatorio-bioetica-derecho\/noticias\/2014\/10\/03\/conflicto-palestino-israeli-un-espacio-para-la-paz\/"]}]},{"@type":"ImageObject","inLanguage":"es","@id":"https:\/\/medicina.udd.cl\/observatorio-bioetica-derecho\/noticias\/2014\/10\/03\/conflicto-palestino-israeli-un-espacio-para-la-paz\/#primaryimage","url":"https:\/\/medicina.udd.cl\/observatorio-bioetica-derecho\/files\/2014\/10\/ninos-judio-y-palestino.jpg","contentUrl":"https:\/\/medicina.udd.cl\/observatorio-bioetica-derecho\/files\/2014\/10\/ninos-judio-y-palestino.jpg","width":640,"height":324},{"@type":"BreadcrumbList","@id":"https:\/\/medicina.udd.cl\/observatorio-bioetica-derecho\/noticias\/2014\/10\/03\/conflicto-palestino-israeli-un-espacio-para-la-paz\/#breadcrumb","itemListElement":[{"@type":"ListItem","position":1,"name":"Home","item":"https:\/\/medicina.udd.cl\/observatorio-bioetica-derecho\/"},{"@type":"ListItem","position":2,"name":"Conflicto palestino-israel\u00ed: un espacio para la paz"}]},{"@type":"WebSite","@id":"https:\/\/medicina.udd.cl\/observatorio-bioetica-derecho\/#website","url":"https:\/\/medicina.udd.cl\/observatorio-bioetica-derecho\/","name":"Observatorio de Bio\u00e9tica y Derecho","description":"Observatorio de Bio\u00e9tica y Derecho","inLanguage":"es"},{"@type":"Person","@id":"","url":"https:\/\/medicina.udd.cl\/observatorio-bioetica-derecho\/noticias\/author\/"}]}},"featured_image_url":"https:\/\/medicina.udd.cl\/observatorio-bioetica-derecho\/files\/2014\/10\/ninos-judio-y-palestino.jpg","_links":{"self":[{"href":"https:\/\/medicina.udd.cl\/observatorio-bioetica-derecho\/wp-json\/wp\/v2\/posts\/555","targetHints":{"allow":["GET"]}}],"collection":[{"href":"https:\/\/medicina.udd.cl\/observatorio-bioetica-derecho\/wp-json\/wp\/v2\/posts"}],"about":[{"href":"https:\/\/medicina.udd.cl\/observatorio-bioetica-derecho\/wp-json\/wp\/v2\/types\/post"}],"author":[{"embeddable":true,"href":"https:\/\/medicina.udd.cl\/observatorio-bioetica-derecho\/wp-json\/wp\/v2\/users\/42"}],"replies":[{"embeddable":true,"href":"https:\/\/medicina.udd.cl\/observatorio-bioetica-derecho\/wp-json\/wp\/v2\/comments?post=555"}],"version-history":[{"count":3,"href":"https:\/\/medicina.udd.cl\/observatorio-bioetica-derecho\/wp-json\/wp\/v2\/posts\/555\/revisions"}],"predecessor-version":[{"id":559,"href":"https:\/\/medicina.udd.cl\/observatorio-bioetica-derecho\/wp-json\/wp\/v2\/posts\/555\/revisions\/559"}],"wp:featuredmedia":[{"embeddable":true,"href":"https:\/\/medicina.udd.cl\/observatorio-bioetica-derecho\/wp-json\/wp\/v2\/media\/556"}],"wp:attachment":[{"href":"https:\/\/medicina.udd.cl\/observatorio-bioetica-derecho\/wp-json\/wp\/v2\/media?parent=555"}],"wp:term":[{"taxonomy":"category","embeddable":true,"href":"https:\/\/medicina.udd.cl\/observatorio-bioetica-derecho\/wp-json\/wp\/v2\/categories?post=555"},{"taxonomy":"post_tag","embeddable":true,"href":"https:\/\/medicina.udd.cl\/observatorio-bioetica-derecho\/wp-json\/wp\/v2\/tags?post=555"}],"curies":[{"name":"wp","href":"https:\/\/api.w.org\/{rel}","templated":true}]}}