{"id":587,"date":"2014-10-29T10:21:05","date_gmt":"2014-10-29T13:21:05","guid":{"rendered":"http:\/\/medicina.udd.cl\/observatorio-bioetica-derecho\/?p=587"},"modified":"2014-10-29T10:21:45","modified_gmt":"2014-10-29T13:21:45","slug":"primer-concurso-de-patentamiento-vrid-icono-udd","status":"publish","type":"post","link":"https:\/\/medicina.udd.cl\/observatorio-bioetica-derecho\/noticias\/2014\/10\/29\/primer-concurso-de-patentamiento-vrid-icono-udd\/","title":{"rendered":"Primer Concurso de Patentamiento VRID &#8211; iCono UDD"},"content":{"rendered":"<p><a href=\"http:\/\/medicina.udd.cl\/observatorio-bioetica-derecho\/files\/2014\/10\/logo-iCono.jpg\"><img loading=\"lazy\" decoding=\"async\" class=\"size-medium wp-image-588 aligncenter\" alt=\"logo iCono\" src=\"http:\/\/medicina.udd.cl\/observatorio-bioetica-derecho\/files\/2014\/10\/logo-iCono-300x88.jpg\" width=\"300\" height=\"88\" \/><\/a><\/p>\n<p>La Vicerrector\u00eda de Innovaci\u00f3n y Desarrollo, a trav\u00e9s de su Oficina de Desarrollo Tecnol\u00f3gico \u201ciCono UDD\u201d, invitan a toda la Comunidad Universitaria y en particular el Ecosistema de Innovaci\u00f3n y Emprendimiento de la UDD, a participar en el\u00a0<strong>Primer Concurso de Patentamiento iCono UDD\u201d.<\/strong><\/p>\n<p>\u201ciCono UDD\u201d se cre\u00f3 en 2014 con el objetoivo de actuar como un catalizador de la innovaci\u00f3n a partir de la investigaci\u00f3n que se realiza en la Universidad, imprimiendo as\u00ed el sello de innovaci\u00f3n y emprendimiento a esta actividad. Esto se traduce, entre otras actividades, en la promoci\u00f3n de la transferencia del conocimiento y de la tecnolog\u00eda en el Ecosistema de Innovaci\u00f3n y Emprendimiento de la UDD, con iniciativas como este primer concurso.<\/p>\n<p>En este contexto, y dentro del marco institucional que nos provee nuestro Reglamento sobre Pol\u00edtica de Propiedad Intelectual y Transferencia de Tecnolog\u00eda (en adelante la \u201cPol\u00edtica de PI\u201d), invitamos a toda la Comunidad Universitaria y, en particular al Ecosistema de Innovaci\u00f3n y Emprendimiento UDD, a participar del concurso.<\/p>\n<ul>\n<li>\n<h4><a href=\"http:\/\/medicina.udd.cl\/files\/2014\/10\/BASES-1er-Concurso-de-Patentamiento-iConoUDD-aprobadas.pdf\"><strong>Bases<\/strong><\/a><\/h4>\n<\/li>\n<li>\n<h4><a href=\"http:\/\/medicina.udd.cl\/files\/2014\/10\/Formulario-de-Postulaci\u00f3n-Primer-Concurso-de-Patentamiento.pdf\"><strong>Formulario de Postulaci\u00f3n<\/strong><\/a><\/h4>\n<\/li>\n<li>\n<h4><strong><a href=\"http:\/\/medicina.udd.cl\/files\/2014\/10\/INVENTION-DISCLOSURE-FORM-2014-10-29.pdf\">Invention Disclosure Form<\/a><\/strong><\/h4>\n<\/li>\n<\/ul>\n","protected":false},"excerpt":{"rendered":"<p>La Vicerrector\u00eda de Innovaci\u00f3n y Desarrollo, a trav\u00e9s de su Oficina de Desarrollo Tecnol\u00f3gico \u201ciCono UDD\u201d, invitan a postular entre el 10 y el 14 de noviembre de 2014.<\/p>\n","protected":false},"author":42,"featured_media":589,"comment_status":"open","ping_status":"open","sticky":false,"template":"","format":"standard","meta":{"footnotes":""},"categories":[4],"tags":[],"class_list":["post-587","post","type-post","status-publish","format-standard","has-post-thumbnail","hentry","category-noticias"],"yoast_head":"<!-- This site is optimized with the Yoast SEO plugin v26.9 - https:\/\/yoast.com\/product\/yoast-seo-wordpress\/ -->\n<title>Primer Concurso de Patentamiento VRID - iCono UDD - Observatorio de Bio\u00e9tica y Derecho<\/title>\n<meta name=\"robots\" content=\"index, follow, max-snippet:-1, max-image-preview:large, max-video-preview:-1\" \/>\n<link rel=\"canonical\" href=\"https:\/\/medicina.udd.cl\/observatorio-bioetica-derecho\/noticias\/2014\/10\/29\/primer-concurso-de-patentamiento-vrid-icono-udd\/\" \/>\n<meta property=\"og:locale\" content=\"es_ES\" \/>\n<meta property=\"og:type\" content=\"article\" \/>\n<meta property=\"og:title\" content=\"Primer Concurso de Patentamiento VRID - iCono UDD - Observatorio de Bio\u00e9tica y Derecho\" \/>\n<meta property=\"og:description\" content=\"La Vicerrector\u00eda de Innovaci\u00f3n y Desarrollo, a trav\u00e9s de su Oficina de Desarrollo Tecnol\u00f3gico \u201ciCono UDD\u201d, invitan a postular entre el 10 y el 14 de noviembre de 2014.\" \/>\n<meta property=\"og:url\" content=\"https:\/\/medicina.udd.cl\/observatorio-bioetica-derecho\/noticias\/2014\/10\/29\/primer-concurso-de-patentamiento-vrid-icono-udd\/\" \/>\n<meta property=\"og:site_name\" content=\"Observatorio de Bio\u00e9tica y Derecho\" \/>\n<meta property=\"article:published_time\" content=\"2014-10-29T13:21:05+00:00\" \/>\n<meta property=\"article:modified_time\" content=\"2014-10-29T13:21:45+00:00\" \/>\n<meta property=\"og:image\" content=\"https:\/\/medicina.udd.cl\/observatorio-bioetica-derecho\/files\/2014\/10\/logo-iCono-para-centros.jpg\" \/>\n\t<meta property=\"og:image:width\" content=\"555\" \/>\n\t<meta property=\"og:image:height\" content=\"444\" \/>\n\t<meta property=\"og:image:type\" content=\"image\/jpeg\" \/>\n<meta name=\"twitter:label1\" content=\"Escrito por\" \/>\n\t<meta name=\"twitter:data1\" content=\"\" \/>\n\t<meta name=\"twitter:label2\" content=\"Tiempo de lectura\" \/>\n\t<meta name=\"twitter:data2\" content=\"1 minuto\" \/>\n<script type=\"application\/ld+json\" class=\"yoast-schema-graph\">{\"@context\":\"https:\/\/schema.org\",\"@graph\":[{\"@type\":\"Article\",\"@id\":\"https:\/\/medicina.udd.cl\/observatorio-bioetica-derecho\/noticias\/2014\/10\/29\/primer-concurso-de-patentamiento-vrid-icono-udd\/#article\",\"isPartOf\":{\"@id\":\"https:\/\/medicina.udd.cl\/observatorio-bioetica-derecho\/noticias\/2014\/10\/29\/primer-concurso-de-patentamiento-vrid-icono-udd\/\"},\"author\":{\"name\":\"\",\"@id\":\"\"},\"headline\":\"Primer Concurso de Patentamiento VRID &#8211; iCono UDD\",\"datePublished\":\"2014-10-29T13:21:05+00:00\",\"dateModified\":\"2014-10-29T13:21:45+00:00\",\"mainEntityOfPage\":{\"@id\":\"https:\/\/medicina.udd.cl\/observatorio-bioetica-derecho\/noticias\/2014\/10\/29\/primer-concurso-de-patentamiento-vrid-icono-udd\/\"},\"wordCount\":195,\"commentCount\":0,\"image\":{\"@id\":\"https:\/\/medicina.udd.cl\/observatorio-bioetica-derecho\/noticias\/2014\/10\/29\/primer-concurso-de-patentamiento-vrid-icono-udd\/#primaryimage\"},\"thumbnailUrl\":\"https:\/\/medicina.udd.cl\/observatorio-bioetica-derecho\/files\/2014\/10\/logo-iCono-para-centros.jpg\",\"articleSection\":[\"Noticias\"],\"inLanguage\":\"es\",\"potentialAction\":[{\"@type\":\"CommentAction\",\"name\":\"Comment\",\"target\":[\"https:\/\/medicina.udd.cl\/observatorio-bioetica-derecho\/noticias\/2014\/10\/29\/primer-concurso-de-patentamiento-vrid-icono-udd\/#respond\"]}]},{\"@type\":\"WebPage\",\"@id\":\"https:\/\/medicina.udd.cl\/observatorio-bioetica-derecho\/noticias\/2014\/10\/29\/primer-concurso-de-patentamiento-vrid-icono-udd\/\",\"url\":\"https:\/\/medicina.udd.cl\/observatorio-bioetica-derecho\/noticias\/2014\/10\/29\/primer-concurso-de-patentamiento-vrid-icono-udd\/\",\"name\":\"Primer Concurso de Patentamiento VRID - iCono UDD - Observatorio de Bio\u00e9tica y Derecho\",\"isPartOf\":{\"@id\":\"https:\/\/medicina.udd.cl\/observatorio-bioetica-derecho\/#website\"},\"primaryImageOfPage\":{\"@id\":\"https:\/\/medicina.udd.cl\/observatorio-bioetica-derecho\/noticias\/2014\/10\/29\/primer-concurso-de-patentamiento-vrid-icono-udd\/#primaryimage\"},\"image\":{\"@id\":\"https:\/\/medicina.udd.cl\/observatorio-bioetica-derecho\/noticias\/2014\/10\/29\/primer-concurso-de-patentamiento-vrid-icono-udd\/#primaryimage\"},\"thumbnailUrl\":\"https:\/\/medicina.udd.cl\/observatorio-bioetica-derecho\/files\/2014\/10\/logo-iCono-para-centros.jpg\",\"datePublished\":\"2014-10-29T13:21:05+00:00\",\"dateModified\":\"2014-10-29T13:21:45+00:00\",\"author\":{\"@id\":\"\"},\"breadcrumb\":{\"@id\":\"https:\/\/medicina.udd.cl\/observatorio-bioetica-derecho\/noticias\/2014\/10\/29\/primer-concurso-de-patentamiento-vrid-icono-udd\/#breadcrumb\"},\"inLanguage\":\"es\",\"potentialAction\":[{\"@type\":\"ReadAction\",\"target\":[\"https:\/\/medicina.udd.cl\/observatorio-bioetica-derecho\/noticias\/2014\/10\/29\/primer-concurso-de-patentamiento-vrid-icono-udd\/\"]}]},{\"@type\":\"ImageObject\",\"inLanguage\":\"es\",\"@id\":\"https:\/\/medicina.udd.cl\/observatorio-bioetica-derecho\/noticias\/2014\/10\/29\/primer-concurso-de-patentamiento-vrid-icono-udd\/#primaryimage\",\"url\":\"https:\/\/medicina.udd.cl\/observatorio-bioetica-derecho\/files\/2014\/10\/logo-iCono-para-centros.jpg\",\"contentUrl\":\"https:\/\/medicina.udd.cl\/observatorio-bioetica-derecho\/files\/2014\/10\/logo-iCono-para-centros.jpg\",\"width\":555,\"height\":444},{\"@type\":\"BreadcrumbList\",\"@id\":\"https:\/\/medicina.udd.cl\/observatorio-bioetica-derecho\/noticias\/2014\/10\/29\/primer-concurso-de-patentamiento-vrid-icono-udd\/#breadcrumb\",\"itemListElement\":[{\"@type\":\"ListItem\",\"position\":1,\"name\":\"Home\",\"item\":\"https:\/\/medicina.udd.cl\/observatorio-bioetica-derecho\/\"},{\"@type\":\"ListItem\",\"position\":2,\"name\":\"Primer Concurso de Patentamiento VRID &#8211; iCono UDD\"}]},{\"@type\":\"WebSite\",\"@id\":\"https:\/\/medicina.udd.cl\/observatorio-bioetica-derecho\/#website\",\"url\":\"https:\/\/medicina.udd.cl\/observatorio-bioetica-derecho\/\",\"name\":\"Observatorio de Bio\u00e9tica y Derecho\",\"description\":\"Observatorio de Bio\u00e9tica y Derecho\",\"inLanguage\":\"es\"},{\"@type\":\"Person\",\"@id\":\"\",\"url\":\"https:\/\/medicina.udd.cl\/observatorio-bioetica-derecho\/noticias\/author\/\"}]}<\/script>\n<!-- \/ Yoast SEO plugin. -->","yoast_head_json":{"title":"Primer Concurso de Patentamiento VRID - iCono UDD - Observatorio de Bio\u00e9tica y Derecho","robots":{"index":"index","follow":"follow","max-snippet":"max-snippet:-1","max-image-preview":"max-image-preview:large","max-video-preview":"max-video-preview:-1"},"canonical":"https:\/\/medicina.udd.cl\/observatorio-bioetica-derecho\/noticias\/2014\/10\/29\/primer-concurso-de-patentamiento-vrid-icono-udd\/","og_locale":"es_ES","og_type":"article","og_title":"Primer Concurso de Patentamiento VRID - iCono UDD - Observatorio de Bio\u00e9tica y Derecho","og_description":"La Vicerrector\u00eda de Innovaci\u00f3n y Desarrollo, a trav\u00e9s de su Oficina de Desarrollo Tecnol\u00f3gico \u201ciCono UDD\u201d, invitan a postular entre el 10 y el 14 de noviembre de 2014.","og_url":"https:\/\/medicina.udd.cl\/observatorio-bioetica-derecho\/noticias\/2014\/10\/29\/primer-concurso-de-patentamiento-vrid-icono-udd\/","og_site_name":"Observatorio de Bio\u00e9tica y Derecho","article_published_time":"2014-10-29T13:21:05+00:00","article_modified_time":"2014-10-29T13:21:45+00:00","og_image":[{"width":555,"height":444,"url":"https:\/\/medicina.udd.cl\/observatorio-bioetica-derecho\/files\/2014\/10\/logo-iCono-para-centros.jpg","type":"image\/jpeg"}],"twitter_misc":{"Escrito por":"","Tiempo de lectura":"1 minuto"},"schema":{"@context":"https:\/\/schema.org","@graph":[{"@type":"Article","@id":"https:\/\/medicina.udd.cl\/observatorio-bioetica-derecho\/noticias\/2014\/10\/29\/primer-concurso-de-patentamiento-vrid-icono-udd\/#article","isPartOf":{"@id":"https:\/\/medicina.udd.cl\/observatorio-bioetica-derecho\/noticias\/2014\/10\/29\/primer-concurso-de-patentamiento-vrid-icono-udd\/"},"author":{"name":"","@id":""},"headline":"Primer Concurso de Patentamiento VRID &#8211; iCono UDD","datePublished":"2014-10-29T13:21:05+00:00","dateModified":"2014-10-29T13:21:45+00:00","mainEntityOfPage":{"@id":"https:\/\/medicina.udd.cl\/observatorio-bioetica-derecho\/noticias\/2014\/10\/29\/primer-concurso-de-patentamiento-vrid-icono-udd\/"},"wordCount":195,"commentCount":0,"image":{"@id":"https:\/\/medicina.udd.cl\/observatorio-bioetica-derecho\/noticias\/2014\/10\/29\/primer-concurso-de-patentamiento-vrid-icono-udd\/#primaryimage"},"thumbnailUrl":"https:\/\/medicina.udd.cl\/observatorio-bioetica-derecho\/files\/2014\/10\/logo-iCono-para-centros.jpg","articleSection":["Noticias"],"inLanguage":"es","potentialAction":[{"@type":"CommentAction","name":"Comment","target":["https:\/\/medicina.udd.cl\/observatorio-bioetica-derecho\/noticias\/2014\/10\/29\/primer-concurso-de-patentamiento-vrid-icono-udd\/#respond"]}]},{"@type":"WebPage","@id":"https:\/\/medicina.udd.cl\/observatorio-bioetica-derecho\/noticias\/2014\/10\/29\/primer-concurso-de-patentamiento-vrid-icono-udd\/","url":"https:\/\/medicina.udd.cl\/observatorio-bioetica-derecho\/noticias\/2014\/10\/29\/primer-concurso-de-patentamiento-vrid-icono-udd\/","name":"Primer Concurso de Patentamiento VRID - iCono UDD - Observatorio de Bio\u00e9tica y Derecho","isPartOf":{"@id":"https:\/\/medicina.udd.cl\/observatorio-bioetica-derecho\/#website"},"primaryImageOfPage":{"@id":"https:\/\/medicina.udd.cl\/observatorio-bioetica-derecho\/noticias\/2014\/10\/29\/primer-concurso-de-patentamiento-vrid-icono-udd\/#primaryimage"},"image":{"@id":"https:\/\/medicina.udd.cl\/observatorio-bioetica-derecho\/noticias\/2014\/10\/29\/primer-concurso-de-patentamiento-vrid-icono-udd\/#primaryimage"},"thumbnailUrl":"https:\/\/medicina.udd.cl\/observatorio-bioetica-derecho\/files\/2014\/10\/logo-iCono-para-centros.jpg","datePublished":"2014-10-29T13:21:05+00:00","dateModified":"2014-10-29T13:21:45+00:00","author":{"@id":""},"breadcrumb":{"@id":"https:\/\/medicina.udd.cl\/observatorio-bioetica-derecho\/noticias\/2014\/10\/29\/primer-concurso-de-patentamiento-vrid-icono-udd\/#breadcrumb"},"inLanguage":"es","potentialAction":[{"@type":"ReadAction","target":["https:\/\/medicina.udd.cl\/observatorio-bioetica-derecho\/noticias\/2014\/10\/29\/primer-concurso-de-patentamiento-vrid-icono-udd\/"]}]},{"@type":"ImageObject","inLanguage":"es","@id":"https:\/\/medicina.udd.cl\/observatorio-bioetica-derecho\/noticias\/2014\/10\/29\/primer-concurso-de-patentamiento-vrid-icono-udd\/#primaryimage","url":"https:\/\/medicina.udd.cl\/observatorio-bioetica-derecho\/files\/2014\/10\/logo-iCono-para-centros.jpg","contentUrl":"https:\/\/medicina.udd.cl\/observatorio-bioetica-derecho\/files\/2014\/10\/logo-iCono-para-centros.jpg","width":555,"height":444},{"@type":"BreadcrumbList","@id":"https:\/\/medicina.udd.cl\/observatorio-bioetica-derecho\/noticias\/2014\/10\/29\/primer-concurso-de-patentamiento-vrid-icono-udd\/#breadcrumb","itemListElement":[{"@type":"ListItem","position":1,"name":"Home","item":"https:\/\/medicina.udd.cl\/observatorio-bioetica-derecho\/"},{"@type":"ListItem","position":2,"name":"Primer Concurso de Patentamiento VRID &#8211; iCono UDD"}]},{"@type":"WebSite","@id":"https:\/\/medicina.udd.cl\/observatorio-bioetica-derecho\/#website","url":"https:\/\/medicina.udd.cl\/observatorio-bioetica-derecho\/","name":"Observatorio de Bio\u00e9tica y Derecho","description":"Observatorio de Bio\u00e9tica y Derecho","inLanguage":"es"},{"@type":"Person","@id":"","url":"https:\/\/medicina.udd.cl\/observatorio-bioetica-derecho\/noticias\/author\/"}]}},"featured_image_url":"https:\/\/medicina.udd.cl\/observatorio-bioetica-derecho\/files\/2014\/10\/logo-iCono-para-centros.jpg","_links":{"self":[{"href":"https:\/\/medicina.udd.cl\/observatorio-bioetica-derecho\/wp-json\/wp\/v2\/posts\/587","targetHints":{"allow":["GET"]}}],"collection":[{"href":"https:\/\/medicina.udd.cl\/observatorio-bioetica-derecho\/wp-json\/wp\/v2\/posts"}],"about":[{"href":"https:\/\/medicina.udd.cl\/observatorio-bioetica-derecho\/wp-json\/wp\/v2\/types\/post"}],"author":[{"embeddable":true,"href":"https:\/\/medicina.udd.cl\/observatorio-bioetica-derecho\/wp-json\/wp\/v2\/users\/42"}],"replies":[{"embeddable":true,"href":"https:\/\/medicina.udd.cl\/observatorio-bioetica-derecho\/wp-json\/wp\/v2\/comments?post=587"}],"version-history":[{"count":2,"href":"https:\/\/medicina.udd.cl\/observatorio-bioetica-derecho\/wp-json\/wp\/v2\/posts\/587\/revisions"}],"predecessor-version":[{"id":591,"href":"https:\/\/medicina.udd.cl\/observatorio-bioetica-derecho\/wp-json\/wp\/v2\/posts\/587\/revisions\/591"}],"wp:featuredmedia":[{"embeddable":true,"href":"https:\/\/medicina.udd.cl\/observatorio-bioetica-derecho\/wp-json\/wp\/v2\/media\/589"}],"wp:attachment":[{"href":"https:\/\/medicina.udd.cl\/observatorio-bioetica-derecho\/wp-json\/wp\/v2\/media?parent=587"}],"wp:term":[{"taxonomy":"category","embeddable":true,"href":"https:\/\/medicina.udd.cl\/observatorio-bioetica-derecho\/wp-json\/wp\/v2\/categories?post=587"},{"taxonomy":"post_tag","embeddable":true,"href":"https:\/\/medicina.udd.cl\/observatorio-bioetica-derecho\/wp-json\/wp\/v2\/tags?post=587"}],"curies":[{"name":"wp","href":"https:\/\/api.w.org\/{rel}","templated":true}]}}