{"id":605,"date":"2014-11-13T16:46:55","date_gmt":"2014-11-13T19:46:55","guid":{"rendered":"http:\/\/medicina.udd.cl\/observatorio-bioetica-derecho\/?p=605"},"modified":"2014-12-02T10:21:33","modified_gmt":"2014-12-02T13:21:33","slug":"primer-seminario-internacional-de-bioderecho","status":"publish","type":"post","link":"https:\/\/medicina.udd.cl\/observatorio-bioetica-derecho\/noticias\/2014\/11\/13\/primer-seminario-internacional-de-bioderecho\/","title":{"rendered":"Primer Seminario Internacional de Bioderecho"},"content":{"rendered":"<p>El Observatorio de Bio\u00e9tica y Derecho, y las Facultades de Derecho y Medicina de la Universidad del Desarrollo invitan a la comunidad acad\u00e9mica nacional e internacional, y al p\u00fablico en general, a asistir al Primer Seminario Internacional\u00a0de Bioderecho, a realizarse en Santiago de Chile, los d\u00edas 12 y 13 de marzo de 2015.<\/p>\n<p>Su objetivo es conocer, analizar y pensar, desde una perspectiva pluralista, las principales facetas doctrinarias, jurisprudenciales y epistemol\u00f3gicas de esta naciente disciplina, e instalar a nivel iberoamericano la C\u00e1tedra Internacional de Bioderecho, para dotar de continuidad su estudio y profundizaci\u00f3n.<\/p>\n<ul>\n<li><a href=\"http:\/\/medicina.udd.cl\/ver-seminario\/1er-seminario-internacional-de-bioderecho\/\"><strong>Inscripciones<\/strong><\/a><\/li>\n<li><a href=\"http:\/\/medicina.udd.cl\/observatorio-bioetica-derecho\/files\/2014\/12\/Programa-Primer-Seminario-Internacional-de-Bioderecho-en-ingles.pdf\"><strong>Programa en ingl\u00e9s<\/strong><\/a><\/li>\n<li><a href=\"http:\/\/medicina.udd.cl\/observatorio-bioetica-derecho\/files\/2014\/12\/Programa-Primer-Seminario-Internacional-de-Bioderecho-en-espanol.pdf\"><strong>Programa en espa\u00f1ol<\/strong><\/a><\/li>\n<\/ul>\n","protected":false},"excerpt":{"rendered":"<p>El Observatorio de Bio\u00e9tica y Derecho de la UDD invita al encuentro que se realizar\u00e1 el 12 y 13 de marzo de 2015 en la Cl\u00ednica Alemana de Santiago. <\/p>\n","protected":false},"author":42,"featured_media":606,"comment_status":"open","ping_status":"open","sticky":false,"template":"","format":"standard","meta":{"footnotes":""},"categories":[4],"tags":[],"class_list":["post-605","post","type-post","status-publish","format-standard","has-post-thumbnail","hentry","category-noticias"],"yoast_head":"<!-- This site is optimized with the Yoast SEO plugin v26.9 - https:\/\/yoast.com\/product\/yoast-seo-wordpress\/ -->\n<title>Primer Seminario Internacional de Bioderecho - Observatorio de Bio\u00e9tica y Derecho<\/title>\n<meta name=\"robots\" content=\"index, follow, max-snippet:-1, max-image-preview:large, max-video-preview:-1\" \/>\n<link rel=\"canonical\" href=\"https:\/\/medicina.udd.cl\/observatorio-bioetica-derecho\/noticias\/2014\/11\/13\/primer-seminario-internacional-de-bioderecho\/\" \/>\n<meta property=\"og:locale\" content=\"es_ES\" \/>\n<meta property=\"og:type\" content=\"article\" \/>\n<meta property=\"og:title\" content=\"Primer Seminario Internacional de Bioderecho - Observatorio de Bio\u00e9tica y Derecho\" \/>\n<meta property=\"og:description\" content=\"El Observatorio de Bio\u00e9tica y Derecho de la UDD invita al encuentro que se realizar\u00e1 el 12 y 13 de marzo de 2015 en la Cl\u00ednica Alemana de Santiago.\" \/>\n<meta property=\"og:url\" content=\"https:\/\/medicina.udd.cl\/observatorio-bioetica-derecho\/noticias\/2014\/11\/13\/primer-seminario-internacional-de-bioderecho\/\" \/>\n<meta property=\"og:site_name\" content=\"Observatorio de Bio\u00e9tica y Derecho\" \/>\n<meta property=\"article:published_time\" content=\"2014-11-13T19:46:55+00:00\" \/>\n<meta property=\"article:modified_time\" content=\"2014-12-02T13:21:33+00:00\" \/>\n<meta property=\"og:image\" content=\"https:\/\/medicina.udd.cl\/observatorio-bioetica-derecho\/files\/2014\/11\/Imagen-para-web.jpg\" \/>\n\t<meta property=\"og:image:width\" content=\"749\" \/>\n\t<meta property=\"og:image:height\" content=\"436\" \/>\n\t<meta property=\"og:image:type\" content=\"image\/jpeg\" \/>\n<meta name=\"twitter:label1\" content=\"Escrito por\" \/>\n\t<meta name=\"twitter:data1\" content=\"\" \/>\n\t<meta name=\"twitter:label2\" content=\"Tiempo de lectura\" \/>\n\t<meta name=\"twitter:data2\" content=\"1 minuto\" \/>\n<script type=\"application\/ld+json\" class=\"yoast-schema-graph\">{\"@context\":\"https:\/\/schema.org\",\"@graph\":[{\"@type\":\"Article\",\"@id\":\"https:\/\/medicina.udd.cl\/observatorio-bioetica-derecho\/noticias\/2014\/11\/13\/primer-seminario-internacional-de-bioderecho\/#article\",\"isPartOf\":{\"@id\":\"https:\/\/medicina.udd.cl\/observatorio-bioetica-derecho\/noticias\/2014\/11\/13\/primer-seminario-internacional-de-bioderecho\/\"},\"author\":{\"name\":\"\",\"@id\":\"\"},\"headline\":\"Primer Seminario Internacional de Bioderecho\",\"datePublished\":\"2014-11-13T19:46:55+00:00\",\"dateModified\":\"2014-12-02T13:21:33+00:00\",\"mainEntityOfPage\":{\"@id\":\"https:\/\/medicina.udd.cl\/observatorio-bioetica-derecho\/noticias\/2014\/11\/13\/primer-seminario-internacional-de-bioderecho\/\"},\"wordCount\":112,\"commentCount\":0,\"image\":{\"@id\":\"https:\/\/medicina.udd.cl\/observatorio-bioetica-derecho\/noticias\/2014\/11\/13\/primer-seminario-internacional-de-bioderecho\/#primaryimage\"},\"thumbnailUrl\":\"https:\/\/medicina.udd.cl\/observatorio-bioetica-derecho\/files\/2014\/11\/Imagen-para-web.jpg\",\"articleSection\":[\"Noticias\"],\"inLanguage\":\"es\",\"potentialAction\":[{\"@type\":\"CommentAction\",\"name\":\"Comment\",\"target\":[\"https:\/\/medicina.udd.cl\/observatorio-bioetica-derecho\/noticias\/2014\/11\/13\/primer-seminario-internacional-de-bioderecho\/#respond\"]}]},{\"@type\":\"WebPage\",\"@id\":\"https:\/\/medicina.udd.cl\/observatorio-bioetica-derecho\/noticias\/2014\/11\/13\/primer-seminario-internacional-de-bioderecho\/\",\"url\":\"https:\/\/medicina.udd.cl\/observatorio-bioetica-derecho\/noticias\/2014\/11\/13\/primer-seminario-internacional-de-bioderecho\/\",\"name\":\"Primer Seminario Internacional de Bioderecho - Observatorio de Bio\u00e9tica y Derecho\",\"isPartOf\":{\"@id\":\"https:\/\/medicina.udd.cl\/observatorio-bioetica-derecho\/#website\"},\"primaryImageOfPage\":{\"@id\":\"https:\/\/medicina.udd.cl\/observatorio-bioetica-derecho\/noticias\/2014\/11\/13\/primer-seminario-internacional-de-bioderecho\/#primaryimage\"},\"image\":{\"@id\":\"https:\/\/medicina.udd.cl\/observatorio-bioetica-derecho\/noticias\/2014\/11\/13\/primer-seminario-internacional-de-bioderecho\/#primaryimage\"},\"thumbnailUrl\":\"https:\/\/medicina.udd.cl\/observatorio-bioetica-derecho\/files\/2014\/11\/Imagen-para-web.jpg\",\"datePublished\":\"2014-11-13T19:46:55+00:00\",\"dateModified\":\"2014-12-02T13:21:33+00:00\",\"author\":{\"@id\":\"\"},\"breadcrumb\":{\"@id\":\"https:\/\/medicina.udd.cl\/observatorio-bioetica-derecho\/noticias\/2014\/11\/13\/primer-seminario-internacional-de-bioderecho\/#breadcrumb\"},\"inLanguage\":\"es\",\"potentialAction\":[{\"@type\":\"ReadAction\",\"target\":[\"https:\/\/medicina.udd.cl\/observatorio-bioetica-derecho\/noticias\/2014\/11\/13\/primer-seminario-internacional-de-bioderecho\/\"]}]},{\"@type\":\"ImageObject\",\"inLanguage\":\"es\",\"@id\":\"https:\/\/medicina.udd.cl\/observatorio-bioetica-derecho\/noticias\/2014\/11\/13\/primer-seminario-internacional-de-bioderecho\/#primaryimage\",\"url\":\"https:\/\/medicina.udd.cl\/observatorio-bioetica-derecho\/files\/2014\/11\/Imagen-para-web.jpg\",\"contentUrl\":\"https:\/\/medicina.udd.cl\/observatorio-bioetica-derecho\/files\/2014\/11\/Imagen-para-web.jpg\",\"width\":749,\"height\":436},{\"@type\":\"BreadcrumbList\",\"@id\":\"https:\/\/medicina.udd.cl\/observatorio-bioetica-derecho\/noticias\/2014\/11\/13\/primer-seminario-internacional-de-bioderecho\/#breadcrumb\",\"itemListElement\":[{\"@type\":\"ListItem\",\"position\":1,\"name\":\"Home\",\"item\":\"https:\/\/medicina.udd.cl\/observatorio-bioetica-derecho\/\"},{\"@type\":\"ListItem\",\"position\":2,\"name\":\"Primer Seminario Internacional de Bioderecho\"}]},{\"@type\":\"WebSite\",\"@id\":\"https:\/\/medicina.udd.cl\/observatorio-bioetica-derecho\/#website\",\"url\":\"https:\/\/medicina.udd.cl\/observatorio-bioetica-derecho\/\",\"name\":\"Observatorio de Bio\u00e9tica y Derecho\",\"description\":\"Observatorio de Bio\u00e9tica y Derecho\",\"inLanguage\":\"es\"},{\"@type\":\"Person\",\"@id\":\"\",\"url\":\"https:\/\/medicina.udd.cl\/observatorio-bioetica-derecho\/noticias\/author\/\"}]}<\/script>\n<!-- \/ Yoast SEO plugin. -->","yoast_head_json":{"title":"Primer Seminario Internacional de Bioderecho - Observatorio de Bio\u00e9tica y Derecho","robots":{"index":"index","follow":"follow","max-snippet":"max-snippet:-1","max-image-preview":"max-image-preview:large","max-video-preview":"max-video-preview:-1"},"canonical":"https:\/\/medicina.udd.cl\/observatorio-bioetica-derecho\/noticias\/2014\/11\/13\/primer-seminario-internacional-de-bioderecho\/","og_locale":"es_ES","og_type":"article","og_title":"Primer Seminario Internacional de Bioderecho - Observatorio de Bio\u00e9tica y Derecho","og_description":"El Observatorio de Bio\u00e9tica y Derecho de la UDD invita al encuentro que se realizar\u00e1 el 12 y 13 de marzo de 2015 en la Cl\u00ednica Alemana de Santiago.","og_url":"https:\/\/medicina.udd.cl\/observatorio-bioetica-derecho\/noticias\/2014\/11\/13\/primer-seminario-internacional-de-bioderecho\/","og_site_name":"Observatorio de Bio\u00e9tica y Derecho","article_published_time":"2014-11-13T19:46:55+00:00","article_modified_time":"2014-12-02T13:21:33+00:00","og_image":[{"width":749,"height":436,"url":"https:\/\/medicina.udd.cl\/observatorio-bioetica-derecho\/files\/2014\/11\/Imagen-para-web.jpg","type":"image\/jpeg"}],"twitter_misc":{"Escrito por":"","Tiempo de lectura":"1 minuto"},"schema":{"@context":"https:\/\/schema.org","@graph":[{"@type":"Article","@id":"https:\/\/medicina.udd.cl\/observatorio-bioetica-derecho\/noticias\/2014\/11\/13\/primer-seminario-internacional-de-bioderecho\/#article","isPartOf":{"@id":"https:\/\/medicina.udd.cl\/observatorio-bioetica-derecho\/noticias\/2014\/11\/13\/primer-seminario-internacional-de-bioderecho\/"},"author":{"name":"","@id":""},"headline":"Primer Seminario Internacional de Bioderecho","datePublished":"2014-11-13T19:46:55+00:00","dateModified":"2014-12-02T13:21:33+00:00","mainEntityOfPage":{"@id":"https:\/\/medicina.udd.cl\/observatorio-bioetica-derecho\/noticias\/2014\/11\/13\/primer-seminario-internacional-de-bioderecho\/"},"wordCount":112,"commentCount":0,"image":{"@id":"https:\/\/medicina.udd.cl\/observatorio-bioetica-derecho\/noticias\/2014\/11\/13\/primer-seminario-internacional-de-bioderecho\/#primaryimage"},"thumbnailUrl":"https:\/\/medicina.udd.cl\/observatorio-bioetica-derecho\/files\/2014\/11\/Imagen-para-web.jpg","articleSection":["Noticias"],"inLanguage":"es","potentialAction":[{"@type":"CommentAction","name":"Comment","target":["https:\/\/medicina.udd.cl\/observatorio-bioetica-derecho\/noticias\/2014\/11\/13\/primer-seminario-internacional-de-bioderecho\/#respond"]}]},{"@type":"WebPage","@id":"https:\/\/medicina.udd.cl\/observatorio-bioetica-derecho\/noticias\/2014\/11\/13\/primer-seminario-internacional-de-bioderecho\/","url":"https:\/\/medicina.udd.cl\/observatorio-bioetica-derecho\/noticias\/2014\/11\/13\/primer-seminario-internacional-de-bioderecho\/","name":"Primer Seminario Internacional de Bioderecho - Observatorio de Bio\u00e9tica y Derecho","isPartOf":{"@id":"https:\/\/medicina.udd.cl\/observatorio-bioetica-derecho\/#website"},"primaryImageOfPage":{"@id":"https:\/\/medicina.udd.cl\/observatorio-bioetica-derecho\/noticias\/2014\/11\/13\/primer-seminario-internacional-de-bioderecho\/#primaryimage"},"image":{"@id":"https:\/\/medicina.udd.cl\/observatorio-bioetica-derecho\/noticias\/2014\/11\/13\/primer-seminario-internacional-de-bioderecho\/#primaryimage"},"thumbnailUrl":"https:\/\/medicina.udd.cl\/observatorio-bioetica-derecho\/files\/2014\/11\/Imagen-para-web.jpg","datePublished":"2014-11-13T19:46:55+00:00","dateModified":"2014-12-02T13:21:33+00:00","author":{"@id":""},"breadcrumb":{"@id":"https:\/\/medicina.udd.cl\/observatorio-bioetica-derecho\/noticias\/2014\/11\/13\/primer-seminario-internacional-de-bioderecho\/#breadcrumb"},"inLanguage":"es","potentialAction":[{"@type":"ReadAction","target":["https:\/\/medicina.udd.cl\/observatorio-bioetica-derecho\/noticias\/2014\/11\/13\/primer-seminario-internacional-de-bioderecho\/"]}]},{"@type":"ImageObject","inLanguage":"es","@id":"https:\/\/medicina.udd.cl\/observatorio-bioetica-derecho\/noticias\/2014\/11\/13\/primer-seminario-internacional-de-bioderecho\/#primaryimage","url":"https:\/\/medicina.udd.cl\/observatorio-bioetica-derecho\/files\/2014\/11\/Imagen-para-web.jpg","contentUrl":"https:\/\/medicina.udd.cl\/observatorio-bioetica-derecho\/files\/2014\/11\/Imagen-para-web.jpg","width":749,"height":436},{"@type":"BreadcrumbList","@id":"https:\/\/medicina.udd.cl\/observatorio-bioetica-derecho\/noticias\/2014\/11\/13\/primer-seminario-internacional-de-bioderecho\/#breadcrumb","itemListElement":[{"@type":"ListItem","position":1,"name":"Home","item":"https:\/\/medicina.udd.cl\/observatorio-bioetica-derecho\/"},{"@type":"ListItem","position":2,"name":"Primer Seminario Internacional de Bioderecho"}]},{"@type":"WebSite","@id":"https:\/\/medicina.udd.cl\/observatorio-bioetica-derecho\/#website","url":"https:\/\/medicina.udd.cl\/observatorio-bioetica-derecho\/","name":"Observatorio de Bio\u00e9tica y Derecho","description":"Observatorio de Bio\u00e9tica y Derecho","inLanguage":"es"},{"@type":"Person","@id":"","url":"https:\/\/medicina.udd.cl\/observatorio-bioetica-derecho\/noticias\/author\/"}]}},"featured_image_url":"https:\/\/medicina.udd.cl\/observatorio-bioetica-derecho\/files\/2014\/11\/Imagen-para-web.jpg","_links":{"self":[{"href":"https:\/\/medicina.udd.cl\/observatorio-bioetica-derecho\/wp-json\/wp\/v2\/posts\/605","targetHints":{"allow":["GET"]}}],"collection":[{"href":"https:\/\/medicina.udd.cl\/observatorio-bioetica-derecho\/wp-json\/wp\/v2\/posts"}],"about":[{"href":"https:\/\/medicina.udd.cl\/observatorio-bioetica-derecho\/wp-json\/wp\/v2\/types\/post"}],"author":[{"embeddable":true,"href":"https:\/\/medicina.udd.cl\/observatorio-bioetica-derecho\/wp-json\/wp\/v2\/users\/42"}],"replies":[{"embeddable":true,"href":"https:\/\/medicina.udd.cl\/observatorio-bioetica-derecho\/wp-json\/wp\/v2\/comments?post=605"}],"version-history":[{"count":34,"href":"https:\/\/medicina.udd.cl\/observatorio-bioetica-derecho\/wp-json\/wp\/v2\/posts\/605\/revisions"}],"predecessor-version":[{"id":609,"href":"https:\/\/medicina.udd.cl\/observatorio-bioetica-derecho\/wp-json\/wp\/v2\/posts\/605\/revisions\/609"}],"wp:featuredmedia":[{"embeddable":true,"href":"https:\/\/medicina.udd.cl\/observatorio-bioetica-derecho\/wp-json\/wp\/v2\/media\/606"}],"wp:attachment":[{"href":"https:\/\/medicina.udd.cl\/observatorio-bioetica-derecho\/wp-json\/wp\/v2\/media?parent=605"}],"wp:term":[{"taxonomy":"category","embeddable":true,"href":"https:\/\/medicina.udd.cl\/observatorio-bioetica-derecho\/wp-json\/wp\/v2\/categories?post=605"},{"taxonomy":"post_tag","embeddable":true,"href":"https:\/\/medicina.udd.cl\/observatorio-bioetica-derecho\/wp-json\/wp\/v2\/tags?post=605"}],"curies":[{"name":"wp","href":"https:\/\/api.w.org\/{rel}","templated":true}]}}