{"id":744,"date":"2015-03-25T15:13:35","date_gmt":"2015-03-25T18:13:35","guid":{"rendered":"http:\/\/medicina.udd.cl\/observatorio-bioetica-derecho\/?p=744"},"modified":"2015-03-25T15:13:35","modified_gmt":"2015-03-25T18:13:35","slug":"la-mujer-tiene-que-decidir-si-se-hace-un-aborto-las-sociedades-deberian-prohibirlo","status":"publish","type":"post","link":"https:\/\/medicina.udd.cl\/observatorio-bioetica-derecho\/noticias\/2015\/03\/25\/la-mujer-tiene-que-decidir-si-se-hace-un-aborto-las-sociedades-deberian-prohibirlo\/","title":{"rendered":"\u00abLa mujer tiene que decidir si se hace un aborto. Las sociedades no deber\u00edan prohibirlo\u00bb"},"content":{"rendered":"<p><a href=\"http:\/\/medicina.udd.cl\/observatorio-bioetica-derecho\/files\/2015\/03\/La-mujer-tiene-que-decidir-si-se-hace-un-aborto.-Las-sociedades-no-deber%C3%ADan-prohibirlo-La-Segunda-martes-24-de-marzo-2015.pdf\"><img loading=\"lazy\" decoding=\"async\" class=\"size-medium wp-image-745 alignleft\" alt=\"Peter Kemp, La Segunda\" src=\"http:\/\/medicina.udd.cl\/observatorio-bioetica-derecho\/files\/2015\/03\/Peter-Kemp-La-Segunda-300x197.jpg\" width=\"300\" height=\"197\" \/><\/a>El fundador del Bioderecho en Europa, Peter Kemp, fue entrevistado por el diario La Segunda, en el marco de su visita a Chile como expositor del Primer Seminario Internacional de Bioderecho, organizado por el Observatorio de Bio\u00e9tica y Derecho de la Universidad del Desarrollo.<\/p>\n<p>Este Seminario se realiz\u00f3 el 12 y 13 de marzo en la Cl\u00ednica Alemana de Santiago y cont\u00f3 con la participaci\u00f3n de destacados expositores nacionales e internacionales.<\/p>\n<p>Para leer la entrevista completa y sus apreciaciones,<strong><a href=\"http:\/\/medicina.udd.cl\/observatorio-bioetica-derecho\/files\/2015\/03\/La-mujer-tiene-que-decidir-si-se-hace-un-aborto.-Las-sociedades-no-deber%C3%ADan-prohibirlo-La-Segunda-martes-24-de-marzo-2015.pdf\"> ingresa aqu\u00ed.\u00a0<\/a><\/strong><\/p>\n","protected":false},"excerpt":{"rendered":"<p>El fundador del Bioderecho en Europa, Peter Kemp, fue entrevistado por el diario La Segunda, en el marco de su visita a Chile como exponente del Primer Seminario Internacional de Bioderecho, organizado por el OByD de la UDD.<\/p>\n","protected":false},"author":42,"featured_media":745,"comment_status":"open","ping_status":"open","sticky":false,"template":"","format":"standard","meta":{"footnotes":""},"categories":[4],"tags":[],"class_list":["post-744","post","type-post","status-publish","format-standard","has-post-thumbnail","hentry","category-noticias"],"yoast_head":"<!-- This site is optimized with the Yoast SEO plugin v26.9 - https:\/\/yoast.com\/product\/yoast-seo-wordpress\/ -->\n<title>Entrevista Peter Kemp: fundador del bioderecho en Europa<\/title>\n<meta name=\"description\" content=\"El fundador del Bioderecho en Europa, Peter Kemp, fue entrevistado por el diario La Segunda, en el marco de su visita a Chile como exponente del Primer Seminario Internacional de Bioderecho.\" \/>\n<meta name=\"robots\" content=\"index, follow, max-snippet:-1, max-image-preview:large, max-video-preview:-1\" \/>\n<link rel=\"canonical\" href=\"https:\/\/medicina.udd.cl\/observatorio-bioetica-derecho\/noticias\/2015\/03\/25\/la-mujer-tiene-que-decidir-si-se-hace-un-aborto-las-sociedades-deberian-prohibirlo\/\" \/>\n<meta property=\"og:locale\" content=\"es_ES\" \/>\n<meta property=\"og:type\" content=\"article\" \/>\n<meta property=\"og:title\" content=\"Entrevista Peter Kemp: fundador del bioderecho en Europa\" \/>\n<meta property=\"og:description\" content=\"El fundador del Bioderecho en Europa, Peter Kemp, fue entrevistado por el diario La Segunda, en el marco de su visita a Chile como exponente del Primer Seminario Internacional de Bioderecho.\" \/>\n<meta property=\"og:url\" content=\"https:\/\/medicina.udd.cl\/observatorio-bioetica-derecho\/noticias\/2015\/03\/25\/la-mujer-tiene-que-decidir-si-se-hace-un-aborto-las-sociedades-deberian-prohibirlo\/\" \/>\n<meta property=\"og:site_name\" content=\"Observatorio de Bio\u00e9tica y Derecho\" \/>\n<meta property=\"article:published_time\" content=\"2015-03-25T18:13:35+00:00\" \/>\n<meta property=\"og:image\" content=\"https:\/\/medicina.udd.cl\/observatorio-bioetica-derecho\/files\/2015\/03\/Peter-Kemp-La-Segunda.jpg\" \/>\n\t<meta property=\"og:image:width\" content=\"970\" \/>\n\t<meta property=\"og:image:height\" content=\"640\" \/>\n\t<meta property=\"og:image:type\" content=\"image\/jpeg\" \/>\n<meta name=\"twitter:label1\" content=\"Escrito por\" \/>\n\t<meta name=\"twitter:data1\" content=\"\" \/>\n<script type=\"application\/ld+json\" class=\"yoast-schema-graph\">{\"@context\":\"https:\/\/schema.org\",\"@graph\":[{\"@type\":\"Article\",\"@id\":\"https:\/\/medicina.udd.cl\/observatorio-bioetica-derecho\/noticias\/2015\/03\/25\/la-mujer-tiene-que-decidir-si-se-hace-un-aborto-las-sociedades-deberian-prohibirlo\/#article\",\"isPartOf\":{\"@id\":\"https:\/\/medicina.udd.cl\/observatorio-bioetica-derecho\/noticias\/2015\/03\/25\/la-mujer-tiene-que-decidir-si-se-hace-un-aborto-las-sociedades-deberian-prohibirlo\/\"},\"author\":{\"name\":\"\",\"@id\":\"\"},\"headline\":\"\u00abLa mujer tiene que decidir si se hace un aborto. Las sociedades no deber\u00edan prohibirlo\u00bb\",\"datePublished\":\"2015-03-25T18:13:35+00:00\",\"mainEntityOfPage\":{\"@id\":\"https:\/\/medicina.udd.cl\/observatorio-bioetica-derecho\/noticias\/2015\/03\/25\/la-mujer-tiene-que-decidir-si-se-hace-un-aborto-las-sociedades-deberian-prohibirlo\/\"},\"wordCount\":98,\"commentCount\":0,\"image\":{\"@id\":\"https:\/\/medicina.udd.cl\/observatorio-bioetica-derecho\/noticias\/2015\/03\/25\/la-mujer-tiene-que-decidir-si-se-hace-un-aborto-las-sociedades-deberian-prohibirlo\/#primaryimage\"},\"thumbnailUrl\":\"https:\/\/medicina.udd.cl\/observatorio-bioetica-derecho\/files\/2015\/03\/Peter-Kemp-La-Segunda.jpg\",\"articleSection\":[\"Noticias\"],\"inLanguage\":\"es\",\"potentialAction\":[{\"@type\":\"CommentAction\",\"name\":\"Comment\",\"target\":[\"https:\/\/medicina.udd.cl\/observatorio-bioetica-derecho\/noticias\/2015\/03\/25\/la-mujer-tiene-que-decidir-si-se-hace-un-aborto-las-sociedades-deberian-prohibirlo\/#respond\"]}]},{\"@type\":\"WebPage\",\"@id\":\"https:\/\/medicina.udd.cl\/observatorio-bioetica-derecho\/noticias\/2015\/03\/25\/la-mujer-tiene-que-decidir-si-se-hace-un-aborto-las-sociedades-deberian-prohibirlo\/\",\"url\":\"https:\/\/medicina.udd.cl\/observatorio-bioetica-derecho\/noticias\/2015\/03\/25\/la-mujer-tiene-que-decidir-si-se-hace-un-aborto-las-sociedades-deberian-prohibirlo\/\",\"name\":\"Entrevista Peter Kemp: fundador del bioderecho en Europa\",\"isPartOf\":{\"@id\":\"https:\/\/medicina.udd.cl\/observatorio-bioetica-derecho\/#website\"},\"primaryImageOfPage\":{\"@id\":\"https:\/\/medicina.udd.cl\/observatorio-bioetica-derecho\/noticias\/2015\/03\/25\/la-mujer-tiene-que-decidir-si-se-hace-un-aborto-las-sociedades-deberian-prohibirlo\/#primaryimage\"},\"image\":{\"@id\":\"https:\/\/medicina.udd.cl\/observatorio-bioetica-derecho\/noticias\/2015\/03\/25\/la-mujer-tiene-que-decidir-si-se-hace-un-aborto-las-sociedades-deberian-prohibirlo\/#primaryimage\"},\"thumbnailUrl\":\"https:\/\/medicina.udd.cl\/observatorio-bioetica-derecho\/files\/2015\/03\/Peter-Kemp-La-Segunda.jpg\",\"datePublished\":\"2015-03-25T18:13:35+00:00\",\"author\":{\"@id\":\"\"},\"description\":\"El fundador del Bioderecho en Europa, Peter Kemp, fue entrevistado por el diario La Segunda, en el marco de su visita a Chile como exponente del Primer Seminario Internacional de Bioderecho.\",\"breadcrumb\":{\"@id\":\"https:\/\/medicina.udd.cl\/observatorio-bioetica-derecho\/noticias\/2015\/03\/25\/la-mujer-tiene-que-decidir-si-se-hace-un-aborto-las-sociedades-deberian-prohibirlo\/#breadcrumb\"},\"inLanguage\":\"es\",\"potentialAction\":[{\"@type\":\"ReadAction\",\"target\":[\"https:\/\/medicina.udd.cl\/observatorio-bioetica-derecho\/noticias\/2015\/03\/25\/la-mujer-tiene-que-decidir-si-se-hace-un-aborto-las-sociedades-deberian-prohibirlo\/\"]}]},{\"@type\":\"ImageObject\",\"inLanguage\":\"es\",\"@id\":\"https:\/\/medicina.udd.cl\/observatorio-bioetica-derecho\/noticias\/2015\/03\/25\/la-mujer-tiene-que-decidir-si-se-hace-un-aborto-las-sociedades-deberian-prohibirlo\/#primaryimage\",\"url\":\"https:\/\/medicina.udd.cl\/observatorio-bioetica-derecho\/files\/2015\/03\/Peter-Kemp-La-Segunda.jpg\",\"contentUrl\":\"https:\/\/medicina.udd.cl\/observatorio-bioetica-derecho\/files\/2015\/03\/Peter-Kemp-La-Segunda.jpg\",\"width\":970,\"height\":640},{\"@type\":\"BreadcrumbList\",\"@id\":\"https:\/\/medicina.udd.cl\/observatorio-bioetica-derecho\/noticias\/2015\/03\/25\/la-mujer-tiene-que-decidir-si-se-hace-un-aborto-las-sociedades-deberian-prohibirlo\/#breadcrumb\",\"itemListElement\":[{\"@type\":\"ListItem\",\"position\":1,\"name\":\"Home\",\"item\":\"https:\/\/medicina.udd.cl\/observatorio-bioetica-derecho\/\"},{\"@type\":\"ListItem\",\"position\":2,\"name\":\"\u00abLa mujer tiene que decidir si se hace un aborto. Las sociedades no deber\u00edan prohibirlo\u00bb\"}]},{\"@type\":\"WebSite\",\"@id\":\"https:\/\/medicina.udd.cl\/observatorio-bioetica-derecho\/#website\",\"url\":\"https:\/\/medicina.udd.cl\/observatorio-bioetica-derecho\/\",\"name\":\"Observatorio de Bio\u00e9tica y Derecho\",\"description\":\"Observatorio de Bio\u00e9tica y Derecho\",\"inLanguage\":\"es\"},{\"@type\":\"Person\",\"@id\":\"\",\"url\":\"https:\/\/medicina.udd.cl\/observatorio-bioetica-derecho\/noticias\/author\/\"}]}<\/script>\n<!-- \/ Yoast SEO plugin. -->","yoast_head_json":{"title":"Entrevista Peter Kemp: fundador del bioderecho en Europa","description":"El fundador del Bioderecho en Europa, Peter Kemp, fue entrevistado por el diario La Segunda, en el marco de su visita a Chile como exponente del Primer Seminario Internacional de Bioderecho.","robots":{"index":"index","follow":"follow","max-snippet":"max-snippet:-1","max-image-preview":"max-image-preview:large","max-video-preview":"max-video-preview:-1"},"canonical":"https:\/\/medicina.udd.cl\/observatorio-bioetica-derecho\/noticias\/2015\/03\/25\/la-mujer-tiene-que-decidir-si-se-hace-un-aborto-las-sociedades-deberian-prohibirlo\/","og_locale":"es_ES","og_type":"article","og_title":"Entrevista Peter Kemp: fundador del bioderecho en Europa","og_description":"El fundador del Bioderecho en Europa, Peter Kemp, fue entrevistado por el diario La Segunda, en el marco de su visita a Chile como exponente del Primer Seminario Internacional de Bioderecho.","og_url":"https:\/\/medicina.udd.cl\/observatorio-bioetica-derecho\/noticias\/2015\/03\/25\/la-mujer-tiene-que-decidir-si-se-hace-un-aborto-las-sociedades-deberian-prohibirlo\/","og_site_name":"Observatorio de Bio\u00e9tica y Derecho","article_published_time":"2015-03-25T18:13:35+00:00","og_image":[{"width":970,"height":640,"url":"https:\/\/medicina.udd.cl\/observatorio-bioetica-derecho\/files\/2015\/03\/Peter-Kemp-La-Segunda.jpg","type":"image\/jpeg"}],"twitter_misc":{"Escrito por":""},"schema":{"@context":"https:\/\/schema.org","@graph":[{"@type":"Article","@id":"https:\/\/medicina.udd.cl\/observatorio-bioetica-derecho\/noticias\/2015\/03\/25\/la-mujer-tiene-que-decidir-si-se-hace-un-aborto-las-sociedades-deberian-prohibirlo\/#article","isPartOf":{"@id":"https:\/\/medicina.udd.cl\/observatorio-bioetica-derecho\/noticias\/2015\/03\/25\/la-mujer-tiene-que-decidir-si-se-hace-un-aborto-las-sociedades-deberian-prohibirlo\/"},"author":{"name":"","@id":""},"headline":"\u00abLa mujer tiene que decidir si se hace un aborto. Las sociedades no deber\u00edan prohibirlo\u00bb","datePublished":"2015-03-25T18:13:35+00:00","mainEntityOfPage":{"@id":"https:\/\/medicina.udd.cl\/observatorio-bioetica-derecho\/noticias\/2015\/03\/25\/la-mujer-tiene-que-decidir-si-se-hace-un-aborto-las-sociedades-deberian-prohibirlo\/"},"wordCount":98,"commentCount":0,"image":{"@id":"https:\/\/medicina.udd.cl\/observatorio-bioetica-derecho\/noticias\/2015\/03\/25\/la-mujer-tiene-que-decidir-si-se-hace-un-aborto-las-sociedades-deberian-prohibirlo\/#primaryimage"},"thumbnailUrl":"https:\/\/medicina.udd.cl\/observatorio-bioetica-derecho\/files\/2015\/03\/Peter-Kemp-La-Segunda.jpg","articleSection":["Noticias"],"inLanguage":"es","potentialAction":[{"@type":"CommentAction","name":"Comment","target":["https:\/\/medicina.udd.cl\/observatorio-bioetica-derecho\/noticias\/2015\/03\/25\/la-mujer-tiene-que-decidir-si-se-hace-un-aborto-las-sociedades-deberian-prohibirlo\/#respond"]}]},{"@type":"WebPage","@id":"https:\/\/medicina.udd.cl\/observatorio-bioetica-derecho\/noticias\/2015\/03\/25\/la-mujer-tiene-que-decidir-si-se-hace-un-aborto-las-sociedades-deberian-prohibirlo\/","url":"https:\/\/medicina.udd.cl\/observatorio-bioetica-derecho\/noticias\/2015\/03\/25\/la-mujer-tiene-que-decidir-si-se-hace-un-aborto-las-sociedades-deberian-prohibirlo\/","name":"Entrevista Peter Kemp: fundador del bioderecho en Europa","isPartOf":{"@id":"https:\/\/medicina.udd.cl\/observatorio-bioetica-derecho\/#website"},"primaryImageOfPage":{"@id":"https:\/\/medicina.udd.cl\/observatorio-bioetica-derecho\/noticias\/2015\/03\/25\/la-mujer-tiene-que-decidir-si-se-hace-un-aborto-las-sociedades-deberian-prohibirlo\/#primaryimage"},"image":{"@id":"https:\/\/medicina.udd.cl\/observatorio-bioetica-derecho\/noticias\/2015\/03\/25\/la-mujer-tiene-que-decidir-si-se-hace-un-aborto-las-sociedades-deberian-prohibirlo\/#primaryimage"},"thumbnailUrl":"https:\/\/medicina.udd.cl\/observatorio-bioetica-derecho\/files\/2015\/03\/Peter-Kemp-La-Segunda.jpg","datePublished":"2015-03-25T18:13:35+00:00","author":{"@id":""},"description":"El fundador del Bioderecho en Europa, Peter Kemp, fue entrevistado por el diario La Segunda, en el marco de su visita a Chile como exponente del Primer Seminario Internacional de Bioderecho.","breadcrumb":{"@id":"https:\/\/medicina.udd.cl\/observatorio-bioetica-derecho\/noticias\/2015\/03\/25\/la-mujer-tiene-que-decidir-si-se-hace-un-aborto-las-sociedades-deberian-prohibirlo\/#breadcrumb"},"inLanguage":"es","potentialAction":[{"@type":"ReadAction","target":["https:\/\/medicina.udd.cl\/observatorio-bioetica-derecho\/noticias\/2015\/03\/25\/la-mujer-tiene-que-decidir-si-se-hace-un-aborto-las-sociedades-deberian-prohibirlo\/"]}]},{"@type":"ImageObject","inLanguage":"es","@id":"https:\/\/medicina.udd.cl\/observatorio-bioetica-derecho\/noticias\/2015\/03\/25\/la-mujer-tiene-que-decidir-si-se-hace-un-aborto-las-sociedades-deberian-prohibirlo\/#primaryimage","url":"https:\/\/medicina.udd.cl\/observatorio-bioetica-derecho\/files\/2015\/03\/Peter-Kemp-La-Segunda.jpg","contentUrl":"https:\/\/medicina.udd.cl\/observatorio-bioetica-derecho\/files\/2015\/03\/Peter-Kemp-La-Segunda.jpg","width":970,"height":640},{"@type":"BreadcrumbList","@id":"https:\/\/medicina.udd.cl\/observatorio-bioetica-derecho\/noticias\/2015\/03\/25\/la-mujer-tiene-que-decidir-si-se-hace-un-aborto-las-sociedades-deberian-prohibirlo\/#breadcrumb","itemListElement":[{"@type":"ListItem","position":1,"name":"Home","item":"https:\/\/medicina.udd.cl\/observatorio-bioetica-derecho\/"},{"@type":"ListItem","position":2,"name":"\u00abLa mujer tiene que decidir si se hace un aborto. Las sociedades no deber\u00edan prohibirlo\u00bb"}]},{"@type":"WebSite","@id":"https:\/\/medicina.udd.cl\/observatorio-bioetica-derecho\/#website","url":"https:\/\/medicina.udd.cl\/observatorio-bioetica-derecho\/","name":"Observatorio de Bio\u00e9tica y Derecho","description":"Observatorio de Bio\u00e9tica y Derecho","inLanguage":"es"},{"@type":"Person","@id":"","url":"https:\/\/medicina.udd.cl\/observatorio-bioetica-derecho\/noticias\/author\/"}]}},"featured_image_url":"https:\/\/medicina.udd.cl\/observatorio-bioetica-derecho\/files\/2015\/03\/Peter-Kemp-La-Segunda.jpg","_links":{"self":[{"href":"https:\/\/medicina.udd.cl\/observatorio-bioetica-derecho\/wp-json\/wp\/v2\/posts\/744","targetHints":{"allow":["GET"]}}],"collection":[{"href":"https:\/\/medicina.udd.cl\/observatorio-bioetica-derecho\/wp-json\/wp\/v2\/posts"}],"about":[{"href":"https:\/\/medicina.udd.cl\/observatorio-bioetica-derecho\/wp-json\/wp\/v2\/types\/post"}],"author":[{"embeddable":true,"href":"https:\/\/medicina.udd.cl\/observatorio-bioetica-derecho\/wp-json\/wp\/v2\/users\/42"}],"replies":[{"embeddable":true,"href":"https:\/\/medicina.udd.cl\/observatorio-bioetica-derecho\/wp-json\/wp\/v2\/comments?post=744"}],"version-history":[{"count":2,"href":"https:\/\/medicina.udd.cl\/observatorio-bioetica-derecho\/wp-json\/wp\/v2\/posts\/744\/revisions"}],"predecessor-version":[{"id":747,"href":"https:\/\/medicina.udd.cl\/observatorio-bioetica-derecho\/wp-json\/wp\/v2\/posts\/744\/revisions\/747"}],"wp:featuredmedia":[{"embeddable":true,"href":"https:\/\/medicina.udd.cl\/observatorio-bioetica-derecho\/wp-json\/wp\/v2\/media\/745"}],"wp:attachment":[{"href":"https:\/\/medicina.udd.cl\/observatorio-bioetica-derecho\/wp-json\/wp\/v2\/media?parent=744"}],"wp:term":[{"taxonomy":"category","embeddable":true,"href":"https:\/\/medicina.udd.cl\/observatorio-bioetica-derecho\/wp-json\/wp\/v2\/categories?post=744"},{"taxonomy":"post_tag","embeddable":true,"href":"https:\/\/medicina.udd.cl\/observatorio-bioetica-derecho\/wp-json\/wp\/v2\/tags?post=744"}],"curies":[{"name":"wp","href":"https:\/\/api.w.org\/{rel}","templated":true}]}}