{"id":783,"date":"2015-07-03T11:11:37","date_gmt":"2015-07-03T14:11:37","guid":{"rendered":"http:\/\/medicina.udd.cl\/observatorio-bioetica-derecho\/?p=783"},"modified":"2015-07-03T11:11:37","modified_gmt":"2015-07-03T14:11:37","slug":"jornada-sobre-investigacion-en-centros-educacionales-en-la-udd","status":"publish","type":"post","link":"https:\/\/medicina.udd.cl\/observatorio-bioetica-derecho\/noticias\/2015\/07\/03\/jornada-sobre-investigacion-en-centros-educacionales-en-la-udd\/","title":{"rendered":"Jornada sobre investigaci\u00f3n en centros educacionales en la UDD"},"content":{"rendered":"<p><strong><div id=\"gallery-1\" class=\"carousel slide carousel-gallery\" data-ride=\"false\" data-interval=\"false\"><div class=\"carousel-inner\" role=\"listbox\"><figure class=\"carousel-item active\"><img loading=\"lazy\" decoding=\"async\" width=\"793\" height=\"450\" src=\"https:\/\/medicina.udd.cl\/observatorio-bioetica-derecho\/files\/2015\/07\/IMG_0531.jpg\" class=\"attachment-landscape_952 size-landscape_952 lazyload\" alt=\"\" sizes=\"auto, (max-width: 793px) 100vw, 793px\" data-src=\"https:\/\/medicina.udd.cl\/observatorio-bioetica-derecho\/files\/2015\/07\/IMG_0531.jpg\" data-srcset=\"https:\/\/medicina.udd.cl\/observatorio-bioetica-derecho\/files\/2015\/07\/IMG_0531.jpg 793w, https:\/\/medicina.udd.cl\/observatorio-bioetica-derecho\/files\/2015\/07\/IMG_0531-300x170.jpg 300w, https:\/\/medicina.udd.cl\/observatorio-bioetica-derecho\/files\/2015\/07\/IMG_0531-768x436.jpg 768w\" \/><\/figure><figure class=\"carousel-item\"><img loading=\"lazy\" decoding=\"async\" width=\"787\" height=\"450\" src=\"https:\/\/medicina.udd.cl\/observatorio-bioetica-derecho\/files\/2015\/07\/IMG_0524.jpg\" class=\"attachment-landscape_952 size-landscape_952 lazyload\" alt=\"\" sizes=\"auto, (max-width: 787px) 100vw, 787px\" data-src=\"https:\/\/medicina.udd.cl\/observatorio-bioetica-derecho\/files\/2015\/07\/IMG_0524.jpg\" data-srcset=\"https:\/\/medicina.udd.cl\/observatorio-bioetica-derecho\/files\/2015\/07\/IMG_0524.jpg 787w, https:\/\/medicina.udd.cl\/observatorio-bioetica-derecho\/files\/2015\/07\/IMG_0524-300x172.jpg 300w, https:\/\/medicina.udd.cl\/observatorio-bioetica-derecho\/files\/2015\/07\/IMG_0524-768x439.jpg 768w\" \/><\/figure><figure class=\"carousel-item\"><img loading=\"lazy\" decoding=\"async\" width=\"741\" height=\"450\" src=\"https:\/\/medicina.udd.cl\/observatorio-bioetica-derecho\/files\/2015\/07\/IMG_0544.jpg\" class=\"attachment-landscape_952 size-landscape_952 lazyload\" alt=\"\" sizes=\"auto, (max-width: 741px) 100vw, 741px\" data-src=\"https:\/\/medicina.udd.cl\/observatorio-bioetica-derecho\/files\/2015\/07\/IMG_0544.jpg\" data-srcset=\"https:\/\/medicina.udd.cl\/observatorio-bioetica-derecho\/files\/2015\/07\/IMG_0544.jpg 741w, https:\/\/medicina.udd.cl\/observatorio-bioetica-derecho\/files\/2015\/07\/IMG_0544-300x182.jpg 300w\" \/><\/figure><\/div><footer class=\"carousel-footer\"><div class=\"carousel-counter\"><span class=\"carousel-counter-current\"><\/span> \/ <span class=\"carousel-counter-total\"><\/span><\/div><a class=\"carousel-control-prev\" href=\"#gallery-1\" role=\"button\" data-slide=\"prev\"><svg aria-hidden=\"true\" class=\"svg-chevron-left-dims\"><use xlink:href='https:\/\/medicina.udd.cl\/observatorio-bioetica-derecho\/wp-content\/themes\/facultades-2018\/assets\/img\/svg\/dist\/main.svg?version=1695853099#chevron-left'><\/use><\/svg><span class=\"sr-only\">Anterior<\/span><\/a><a class=\"carousel-control-next\" href=\"#gallery-1\" role=\"button\" data-slide=\"next\"><svg aria-hidden=\"true\" class=\"svg-chevron-right-dims\"><use xlink:href='https:\/\/medicina.udd.cl\/observatorio-bioetica-derecho\/wp-content\/themes\/facultades-2018\/assets\/img\/svg\/dist\/main.svg?version=1695853099#chevron-right'><\/use><\/svg><span class=\"sr-only\">Siguiente<\/span><\/a><\/footer><\/div><\/p>\n<p>Abrir un espacio de discusi\u00f3n para analizar el marco legal vigente en torno a los estudios con seres humanos en establecimientos educativos, fue el objetivo de la \u201cJornada sobre investigaci\u00f3n en centros educacionales\u201d, organizada por la carrera de\u00a0<a href=\"http:\/\/medicina.udd.cl\/kinesiologia-santiago\/\">Kinesiolog\u00eda<\/a>\u00a0y el\u00a0<a href=\"http:\/\/medicina.udd.cl\/observatorio-bioetica-derecho\/\">Observatorio de Bio\u00e9tica y Derech<\/a>o de la\u00a0<a href=\"http:\/\/www.udd.cl\/\">Universidad del Desarrollo<\/a>.<\/strong><\/p>\n<p>La actividad, que se constituy\u00f3 como una instancia in\u00e9dita en nuestro pa\u00eds para discutir esta tem\u00e1tica, nace como respuesta al importante desconocimiento que existe en Chile sobre los est\u00e1ndares \u00e9ticos y jur\u00eddicos que son exigidos para la investigaci\u00f3n con ni\u00f1os, tanto de parte de los investigadores, como de los directores de centros educacionales, los padres y los ni\u00f1os.<\/p>\n<p>As\u00ed lo confirm\u00f3 Catalina Merino, asistente de investigaci\u00f3n de la carrera de Kinesiolog\u00eda, quien explic\u00f3 que \u201ccon esta jornada buscamos disminuir la brecha de conocimiento que existe por parte de los distintos p\u00fablicos involucrados sobre este tema, en concordancia con los sellos de responsabilidad social y \u00e9tica que nos marcan como Universidad del Desarrollo\u201d.<\/p>\n<p>El director del Observatorio de Bio\u00e9tica y Derecho, Juan Alberto Lecaros, explic\u00f3 que esta actividad, que no tiene precedentes en la academia nacional, se propuso no s\u00f3lo para dar a conocer este tema y discutirlo con especialistas de primer nivel, \u201csino tambi\u00e9n para comprometer a la comunidad de investigadores, a los miembros de las agencias de gobierno, a las instituciones educacionales, entre otros agentes, a participar en el desarrollo de una gu\u00eda pr\u00e1ctica para estudios con ni\u00f1os, siguiendo el modelo de destacados documentos internacionales\u201d.<\/p>\n<p>De este modo, la Jornada se estructur\u00f3 en dos partes. Una, orientada a analizar y discutir las condiciones institucionales y regulatorias, tanto \u00e9ticas como jur\u00eddicas; y otra, destinada a mostrar la experiencia de la investigaci\u00f3n con ni\u00f1os desde las perspectivas de un director de colegio, de un investigador en salud p\u00fablica y a de un investigador en el \u00e1rea de las ciencias cognitivas y del comportamiento.<\/p>\n<p>En este contexto, se presentaron los resultados de una encuesta realizada por el equipo de Investigaci\u00f3n de la Kinesiolog\u00eda, sobre investigaci\u00f3n realizada en centros educacionales, los que ser\u00e1n utilizados como herramienta de mejora.<\/p>\n<p>Jaime Leppe, coordinador de esta \u00e1rea de la carrera, mostr\u00f3 que \u201cun 90% de los encuestados no hab\u00eda recibido informaci\u00f3n de las autoridades de educaci\u00f3n que dijera que cualquier investigaci\u00f3n en seres humanos debiera ser aprobada por un comit\u00e9 \u00e9tico cient\u00edfico\u201d. A su vez, agreg\u00f3 que \u201cun 53% no sab\u00eda si la investigaci\u00f3n que se hab\u00eda realizado en su establecimiento el a\u00f1o 2014 contaba con la aprobaci\u00f3n de uno de estos comit\u00e9s y un 15%, definitivamente no lo ten\u00eda\u201d.<\/p>\n<p>La Jornada se realiz\u00f3 en el Aula Magna de la Facultad de Medicina CAS-UDD y cont\u00f3 con la participaci\u00f3n de destacados expositores nacionales, adem\u00e1s de la presencia de docentes, investigadores\u00a0 y directores de diversos centros educacionales de nuestro pa\u00eds.<\/p>\n","protected":false},"excerpt":{"rendered":"<p>La actividad, in\u00e9dita en Chile, fue organizada por la carrera de Kinesiolog\u00eda y el Observatorio de Bio\u00e9tica y Derecho con el objetivo de analizar el marco legal vigente para los estudios con seres humanos en los diversos establecimientos educativos.<\/p>\n","protected":false},"author":42,"featured_media":785,"comment_status":"open","ping_status":"open","sticky":false,"template":"","format":"standard","meta":{"footnotes":""},"categories":[4],"tags":[],"class_list":["post-783","post","type-post","status-publish","format-standard","has-post-thumbnail","hentry","category-noticias"],"yoast_head":"<!-- This site is optimized with the Yoast SEO plugin v26.9 - https:\/\/yoast.com\/product\/yoast-seo-wordpress\/ -->\n<title>Jornada sobre investigaci\u00f3n en centros educacionales en la UDD<\/title>\n<meta name=\"description\" content=\"La actividad, in\u00e9dita en Chile, fue organizada por la carrera de Kinesiolog\u00eda y el Observatorio de Bio\u00e9tica y Derecho con el objetivo de analizar el marco legal vigente para la investigaci\u00f3n con seres humanos en los diversos establecimientos educativos.\" \/>\n<meta name=\"robots\" content=\"index, follow, max-snippet:-1, max-image-preview:large, max-video-preview:-1\" \/>\n<link rel=\"canonical\" href=\"https:\/\/medicina.udd.cl\/observatorio-bioetica-derecho\/noticias\/2015\/07\/03\/jornada-sobre-investigacion-en-centros-educacionales-en-la-udd\/\" \/>\n<meta property=\"og:locale\" content=\"es_ES\" \/>\n<meta property=\"og:type\" content=\"article\" \/>\n<meta property=\"og:title\" content=\"Jornada sobre investigaci\u00f3n en centros educacionales en la UDD\" \/>\n<meta property=\"og:description\" content=\"La actividad, in\u00e9dita en Chile, fue organizada por la carrera de Kinesiolog\u00eda y el Observatorio de Bio\u00e9tica y Derecho con el objetivo de analizar el marco legal vigente para la investigaci\u00f3n con seres humanos en los diversos establecimientos educativos.\" \/>\n<meta property=\"og:url\" content=\"https:\/\/medicina.udd.cl\/observatorio-bioetica-derecho\/noticias\/2015\/07\/03\/jornada-sobre-investigacion-en-centros-educacionales-en-la-udd\/\" \/>\n<meta property=\"og:site_name\" content=\"Observatorio de Bio\u00e9tica y Derecho\" \/>\n<meta property=\"article:published_time\" content=\"2015-07-03T14:11:37+00:00\" \/>\n<meta property=\"og:image\" content=\"https:\/\/medicina.udd.cl\/observatorio-bioetica-derecho\/files\/2015\/07\/IMG_0531.jpg\" \/>\n\t<meta property=\"og:image:width\" content=\"793\" \/>\n\t<meta property=\"og:image:height\" content=\"450\" \/>\n\t<meta property=\"og:image:type\" content=\"image\/jpeg\" \/>\n<meta name=\"twitter:label1\" content=\"Escrito por\" \/>\n\t<meta name=\"twitter:data1\" content=\"\" \/>\n\t<meta name=\"twitter:label2\" content=\"Tiempo de lectura\" \/>\n\t<meta name=\"twitter:data2\" content=\"3 minutos\" \/>\n<script type=\"application\/ld+json\" class=\"yoast-schema-graph\">{\"@context\":\"https:\/\/schema.org\",\"@graph\":[{\"@type\":\"Article\",\"@id\":\"https:\/\/medicina.udd.cl\/observatorio-bioetica-derecho\/noticias\/2015\/07\/03\/jornada-sobre-investigacion-en-centros-educacionales-en-la-udd\/#article\",\"isPartOf\":{\"@id\":\"https:\/\/medicina.udd.cl\/observatorio-bioetica-derecho\/noticias\/2015\/07\/03\/jornada-sobre-investigacion-en-centros-educacionales-en-la-udd\/\"},\"author\":{\"name\":\"\",\"@id\":\"\"},\"headline\":\"Jornada sobre investigaci\u00f3n en centros educacionales en la UDD\",\"datePublished\":\"2015-07-03T14:11:37+00:00\",\"mainEntityOfPage\":{\"@id\":\"https:\/\/medicina.udd.cl\/observatorio-bioetica-derecho\/noticias\/2015\/07\/03\/jornada-sobre-investigacion-en-centros-educacionales-en-la-udd\/\"},\"wordCount\":516,\"commentCount\":0,\"image\":{\"@id\":\"https:\/\/medicina.udd.cl\/observatorio-bioetica-derecho\/noticias\/2015\/07\/03\/jornada-sobre-investigacion-en-centros-educacionales-en-la-udd\/#primaryimage\"},\"thumbnailUrl\":\"https:\/\/medicina.udd.cl\/observatorio-bioetica-derecho\/files\/2015\/07\/IMG_0531.jpg\",\"articleSection\":[\"Noticias\"],\"inLanguage\":\"es\",\"potentialAction\":[{\"@type\":\"CommentAction\",\"name\":\"Comment\",\"target\":[\"https:\/\/medicina.udd.cl\/observatorio-bioetica-derecho\/noticias\/2015\/07\/03\/jornada-sobre-investigacion-en-centros-educacionales-en-la-udd\/#respond\"]}]},{\"@type\":\"WebPage\",\"@id\":\"https:\/\/medicina.udd.cl\/observatorio-bioetica-derecho\/noticias\/2015\/07\/03\/jornada-sobre-investigacion-en-centros-educacionales-en-la-udd\/\",\"url\":\"https:\/\/medicina.udd.cl\/observatorio-bioetica-derecho\/noticias\/2015\/07\/03\/jornada-sobre-investigacion-en-centros-educacionales-en-la-udd\/\",\"name\":\"Jornada sobre investigaci\u00f3n en centros educacionales en la UDD\",\"isPartOf\":{\"@id\":\"https:\/\/medicina.udd.cl\/observatorio-bioetica-derecho\/#website\"},\"primaryImageOfPage\":{\"@id\":\"https:\/\/medicina.udd.cl\/observatorio-bioetica-derecho\/noticias\/2015\/07\/03\/jornada-sobre-investigacion-en-centros-educacionales-en-la-udd\/#primaryimage\"},\"image\":{\"@id\":\"https:\/\/medicina.udd.cl\/observatorio-bioetica-derecho\/noticias\/2015\/07\/03\/jornada-sobre-investigacion-en-centros-educacionales-en-la-udd\/#primaryimage\"},\"thumbnailUrl\":\"https:\/\/medicina.udd.cl\/observatorio-bioetica-derecho\/files\/2015\/07\/IMG_0531.jpg\",\"datePublished\":\"2015-07-03T14:11:37+00:00\",\"author\":{\"@id\":\"\"},\"description\":\"La actividad, in\u00e9dita en Chile, fue organizada por la carrera de Kinesiolog\u00eda y el Observatorio de Bio\u00e9tica y Derecho con el objetivo de analizar el marco legal vigente para la investigaci\u00f3n con seres humanos en los diversos establecimientos educativos.\",\"breadcrumb\":{\"@id\":\"https:\/\/medicina.udd.cl\/observatorio-bioetica-derecho\/noticias\/2015\/07\/03\/jornada-sobre-investigacion-en-centros-educacionales-en-la-udd\/#breadcrumb\"},\"inLanguage\":\"es\",\"potentialAction\":[{\"@type\":\"ReadAction\",\"target\":[\"https:\/\/medicina.udd.cl\/observatorio-bioetica-derecho\/noticias\/2015\/07\/03\/jornada-sobre-investigacion-en-centros-educacionales-en-la-udd\/\"]}]},{\"@type\":\"ImageObject\",\"inLanguage\":\"es\",\"@id\":\"https:\/\/medicina.udd.cl\/observatorio-bioetica-derecho\/noticias\/2015\/07\/03\/jornada-sobre-investigacion-en-centros-educacionales-en-la-udd\/#primaryimage\",\"url\":\"https:\/\/medicina.udd.cl\/observatorio-bioetica-derecho\/files\/2015\/07\/IMG_0531.jpg\",\"contentUrl\":\"https:\/\/medicina.udd.cl\/observatorio-bioetica-derecho\/files\/2015\/07\/IMG_0531.jpg\",\"width\":793,\"height\":450},{\"@type\":\"BreadcrumbList\",\"@id\":\"https:\/\/medicina.udd.cl\/observatorio-bioetica-derecho\/noticias\/2015\/07\/03\/jornada-sobre-investigacion-en-centros-educacionales-en-la-udd\/#breadcrumb\",\"itemListElement\":[{\"@type\":\"ListItem\",\"position\":1,\"name\":\"Home\",\"item\":\"https:\/\/medicina.udd.cl\/observatorio-bioetica-derecho\/\"},{\"@type\":\"ListItem\",\"position\":2,\"name\":\"Jornada sobre investigaci\u00f3n en centros educacionales en la UDD\"}]},{\"@type\":\"WebSite\",\"@id\":\"https:\/\/medicina.udd.cl\/observatorio-bioetica-derecho\/#website\",\"url\":\"https:\/\/medicina.udd.cl\/observatorio-bioetica-derecho\/\",\"name\":\"Observatorio de Bio\u00e9tica y Derecho\",\"description\":\"Observatorio de Bio\u00e9tica y Derecho\",\"inLanguage\":\"es\"},{\"@type\":\"Person\",\"@id\":\"\",\"url\":\"https:\/\/medicina.udd.cl\/observatorio-bioetica-derecho\/noticias\/author\/\"}]}<\/script>\n<!-- \/ Yoast SEO plugin. -->","yoast_head_json":{"title":"Jornada sobre investigaci\u00f3n en centros educacionales en la UDD","description":"La actividad, in\u00e9dita en Chile, fue organizada por la carrera de Kinesiolog\u00eda y el Observatorio de Bio\u00e9tica y Derecho con el objetivo de analizar el marco legal vigente para la investigaci\u00f3n con seres humanos en los diversos establecimientos educativos.","robots":{"index":"index","follow":"follow","max-snippet":"max-snippet:-1","max-image-preview":"max-image-preview:large","max-video-preview":"max-video-preview:-1"},"canonical":"https:\/\/medicina.udd.cl\/observatorio-bioetica-derecho\/noticias\/2015\/07\/03\/jornada-sobre-investigacion-en-centros-educacionales-en-la-udd\/","og_locale":"es_ES","og_type":"article","og_title":"Jornada sobre investigaci\u00f3n en centros educacionales en la UDD","og_description":"La actividad, in\u00e9dita en Chile, fue organizada por la carrera de Kinesiolog\u00eda y el Observatorio de Bio\u00e9tica y Derecho con el objetivo de analizar el marco legal vigente para la investigaci\u00f3n con seres humanos en los diversos establecimientos educativos.","og_url":"https:\/\/medicina.udd.cl\/observatorio-bioetica-derecho\/noticias\/2015\/07\/03\/jornada-sobre-investigacion-en-centros-educacionales-en-la-udd\/","og_site_name":"Observatorio de Bio\u00e9tica y Derecho","article_published_time":"2015-07-03T14:11:37+00:00","og_image":[{"width":793,"height":450,"url":"https:\/\/medicina.udd.cl\/observatorio-bioetica-derecho\/files\/2015\/07\/IMG_0531.jpg","type":"image\/jpeg"}],"twitter_misc":{"Escrito por":"","Tiempo de lectura":"3 minutos"},"schema":{"@context":"https:\/\/schema.org","@graph":[{"@type":"Article","@id":"https:\/\/medicina.udd.cl\/observatorio-bioetica-derecho\/noticias\/2015\/07\/03\/jornada-sobre-investigacion-en-centros-educacionales-en-la-udd\/#article","isPartOf":{"@id":"https:\/\/medicina.udd.cl\/observatorio-bioetica-derecho\/noticias\/2015\/07\/03\/jornada-sobre-investigacion-en-centros-educacionales-en-la-udd\/"},"author":{"name":"","@id":""},"headline":"Jornada sobre investigaci\u00f3n en centros educacionales en la UDD","datePublished":"2015-07-03T14:11:37+00:00","mainEntityOfPage":{"@id":"https:\/\/medicina.udd.cl\/observatorio-bioetica-derecho\/noticias\/2015\/07\/03\/jornada-sobre-investigacion-en-centros-educacionales-en-la-udd\/"},"wordCount":516,"commentCount":0,"image":{"@id":"https:\/\/medicina.udd.cl\/observatorio-bioetica-derecho\/noticias\/2015\/07\/03\/jornada-sobre-investigacion-en-centros-educacionales-en-la-udd\/#primaryimage"},"thumbnailUrl":"https:\/\/medicina.udd.cl\/observatorio-bioetica-derecho\/files\/2015\/07\/IMG_0531.jpg","articleSection":["Noticias"],"inLanguage":"es","potentialAction":[{"@type":"CommentAction","name":"Comment","target":["https:\/\/medicina.udd.cl\/observatorio-bioetica-derecho\/noticias\/2015\/07\/03\/jornada-sobre-investigacion-en-centros-educacionales-en-la-udd\/#respond"]}]},{"@type":"WebPage","@id":"https:\/\/medicina.udd.cl\/observatorio-bioetica-derecho\/noticias\/2015\/07\/03\/jornada-sobre-investigacion-en-centros-educacionales-en-la-udd\/","url":"https:\/\/medicina.udd.cl\/observatorio-bioetica-derecho\/noticias\/2015\/07\/03\/jornada-sobre-investigacion-en-centros-educacionales-en-la-udd\/","name":"Jornada sobre investigaci\u00f3n en centros educacionales en la UDD","isPartOf":{"@id":"https:\/\/medicina.udd.cl\/observatorio-bioetica-derecho\/#website"},"primaryImageOfPage":{"@id":"https:\/\/medicina.udd.cl\/observatorio-bioetica-derecho\/noticias\/2015\/07\/03\/jornada-sobre-investigacion-en-centros-educacionales-en-la-udd\/#primaryimage"},"image":{"@id":"https:\/\/medicina.udd.cl\/observatorio-bioetica-derecho\/noticias\/2015\/07\/03\/jornada-sobre-investigacion-en-centros-educacionales-en-la-udd\/#primaryimage"},"thumbnailUrl":"https:\/\/medicina.udd.cl\/observatorio-bioetica-derecho\/files\/2015\/07\/IMG_0531.jpg","datePublished":"2015-07-03T14:11:37+00:00","author":{"@id":""},"description":"La actividad, in\u00e9dita en Chile, fue organizada por la carrera de Kinesiolog\u00eda y el Observatorio de Bio\u00e9tica y Derecho con el objetivo de analizar el marco legal vigente para la investigaci\u00f3n con seres humanos en los diversos establecimientos educativos.","breadcrumb":{"@id":"https:\/\/medicina.udd.cl\/observatorio-bioetica-derecho\/noticias\/2015\/07\/03\/jornada-sobre-investigacion-en-centros-educacionales-en-la-udd\/#breadcrumb"},"inLanguage":"es","potentialAction":[{"@type":"ReadAction","target":["https:\/\/medicina.udd.cl\/observatorio-bioetica-derecho\/noticias\/2015\/07\/03\/jornada-sobre-investigacion-en-centros-educacionales-en-la-udd\/"]}]},{"@type":"ImageObject","inLanguage":"es","@id":"https:\/\/medicina.udd.cl\/observatorio-bioetica-derecho\/noticias\/2015\/07\/03\/jornada-sobre-investigacion-en-centros-educacionales-en-la-udd\/#primaryimage","url":"https:\/\/medicina.udd.cl\/observatorio-bioetica-derecho\/files\/2015\/07\/IMG_0531.jpg","contentUrl":"https:\/\/medicina.udd.cl\/observatorio-bioetica-derecho\/files\/2015\/07\/IMG_0531.jpg","width":793,"height":450},{"@type":"BreadcrumbList","@id":"https:\/\/medicina.udd.cl\/observatorio-bioetica-derecho\/noticias\/2015\/07\/03\/jornada-sobre-investigacion-en-centros-educacionales-en-la-udd\/#breadcrumb","itemListElement":[{"@type":"ListItem","position":1,"name":"Home","item":"https:\/\/medicina.udd.cl\/observatorio-bioetica-derecho\/"},{"@type":"ListItem","position":2,"name":"Jornada sobre investigaci\u00f3n en centros educacionales en la UDD"}]},{"@type":"WebSite","@id":"https:\/\/medicina.udd.cl\/observatorio-bioetica-derecho\/#website","url":"https:\/\/medicina.udd.cl\/observatorio-bioetica-derecho\/","name":"Observatorio de Bio\u00e9tica y Derecho","description":"Observatorio de Bio\u00e9tica y Derecho","inLanguage":"es"},{"@type":"Person","@id":"","url":"https:\/\/medicina.udd.cl\/observatorio-bioetica-derecho\/noticias\/author\/"}]}},"featured_image_url":"https:\/\/medicina.udd.cl\/observatorio-bioetica-derecho\/files\/2015\/07\/IMG_0531.jpg","_links":{"self":[{"href":"https:\/\/medicina.udd.cl\/observatorio-bioetica-derecho\/wp-json\/wp\/v2\/posts\/783","targetHints":{"allow":["GET"]}}],"collection":[{"href":"https:\/\/medicina.udd.cl\/observatorio-bioetica-derecho\/wp-json\/wp\/v2\/posts"}],"about":[{"href":"https:\/\/medicina.udd.cl\/observatorio-bioetica-derecho\/wp-json\/wp\/v2\/types\/post"}],"author":[{"embeddable":true,"href":"https:\/\/medicina.udd.cl\/observatorio-bioetica-derecho\/wp-json\/wp\/v2\/users\/42"}],"replies":[{"embeddable":true,"href":"https:\/\/medicina.udd.cl\/observatorio-bioetica-derecho\/wp-json\/wp\/v2\/comments?post=783"}],"version-history":[{"count":2,"href":"https:\/\/medicina.udd.cl\/observatorio-bioetica-derecho\/wp-json\/wp\/v2\/posts\/783\/revisions"}],"predecessor-version":[{"id":788,"href":"https:\/\/medicina.udd.cl\/observatorio-bioetica-derecho\/wp-json\/wp\/v2\/posts\/783\/revisions\/788"}],"wp:featuredmedia":[{"embeddable":true,"href":"https:\/\/medicina.udd.cl\/observatorio-bioetica-derecho\/wp-json\/wp\/v2\/media\/785"}],"wp:attachment":[{"href":"https:\/\/medicina.udd.cl\/observatorio-bioetica-derecho\/wp-json\/wp\/v2\/media?parent=783"}],"wp:term":[{"taxonomy":"category","embeddable":true,"href":"https:\/\/medicina.udd.cl\/observatorio-bioetica-derecho\/wp-json\/wp\/v2\/categories?post=783"},{"taxonomy":"post_tag","embeddable":true,"href":"https:\/\/medicina.udd.cl\/observatorio-bioetica-derecho\/wp-json\/wp\/v2\/tags?post=783"}],"curies":[{"name":"wp","href":"https:\/\/api.w.org\/{rel}","templated":true}]}}