{"id":791,"date":"2015-07-27T16:46:11","date_gmt":"2015-07-27T19:46:11","guid":{"rendered":"http:\/\/medicina.udd.cl\/observatorio-bioetica-derecho\/?p=791"},"modified":"2015-07-28T15:32:04","modified_gmt":"2015-07-28T18:32:04","slug":"primeras-jornadas-internacionales-de-bioderecho","status":"publish","type":"post","link":"https:\/\/medicina.udd.cl\/observatorio-bioetica-derecho\/noticias\/2015\/07\/27\/primeras-jornadas-internacionales-de-bioderecho\/","title":{"rendered":"Primeras Jornadas Internacionales de Bioderecho"},"content":{"rendered":"<p><strong><a href=\"http:\/\/medicina.udd.cl\/observatorio-bioetica-derecho\/files\/2015\/07\/Jornadas-Bioderecho-Uruguay.jpg\"><img loading=\"lazy\" decoding=\"async\" class=\"wp-image-792 alignright\" alt=\"Jornadas Bioderecho Uruguay\" src=\"http:\/\/medicina.udd.cl\/observatorio-bioetica-derecho\/files\/2015\/07\/Jornadas-Bioderecho-Uruguay.jpg\" width=\"310\" height=\"232\" srcset=\"https:\/\/medicina.udd.cl\/observatorio-bioetica-derecho\/files\/2015\/07\/Jornadas-Bioderecho-Uruguay.jpg 861w, https:\/\/medicina.udd.cl\/observatorio-bioetica-derecho\/files\/2015\/07\/Jornadas-Bioderecho-Uruguay-300x225.jpg 300w, https:\/\/medicina.udd.cl\/observatorio-bioetica-derecho\/files\/2015\/07\/Jornadas-Bioderecho-Uruguay-768x575.jpg 768w\" sizes=\"auto, (max-width: 310px) 100vw, 310px\" \/><\/a>El director del Observatorio de Bio\u00e9tica y Derecho, Juan Alberto Lecaros, fue parte del destacado grupo de expertos mundiales que participaron en las Primeras Jornadas Internacionales de Bioderecho, realizadas en Montevideo, Uruguay, los d\u00edas 20 y 21 de junio de 2015.<\/strong><\/p>\n<p>El encuentro nace como una forma de acercarse al prop\u00f3sito de humanizar la Medicina, logrando un mayor compromiso y participaci\u00f3n activa del paciente en la toma de decisiones. De este modo, se busca alcanzar un equilibrio en la integraci\u00f3n de la \u00c9tica, el Derecho y la Ciencia, disciplinas que en conjunto hacen frente a los requerimientos actuales de los pacientes.<\/p>\n<p>Durante el encuentro, el profesor Lecaros dict\u00f3 tres charlas: \u201cContribuci\u00f3n del m\u00e9todo narrativo en la ense\u00f1anza de la Bio\u00e9tica\u201d y \u201cPerspectivas del Bioderecho comparado\u201d. La tercera, estuvo orientada a mostrar la experiencia del Observatorio de Bio\u00e9tica y Derecho de la UDD.<\/p>\n<p>A su vez, particip\u00f3 en dos paneles: \u201cDise\u00f1ando la futura agenda del Bioderecho en Uruguay\u201d y \u201cPrevenci\u00f3n jur\u00eddica del riesgo m\u00e9dico\u201d, esta \u00faltima en respuesta a la conferencia magistral del especialista franc\u00e9s Alan Garay.<\/p>\n<p>Estas Primeras Jornadas Internacionales de Bioderecho fueron organizadas por la Academia Nacional de Medicina, el Colegio M\u00e9dico, la Federaci\u00f3n M\u00e9dica del Interior, y el Sindicato M\u00e9dico del Uruguay.<\/p>\n<p>Mayor informaci\u00f3n en el Bolet\u00edn del Colegio M\u00e9dico de Uruguay. Para revisar la noticia, <strong><a href=\"http:\/\/medicina.udd.cl\/observatorio-bioetica-derecho\/files\/2015\/07\/Primeras-Jornadas-Bioderecho-Uruguay.pdf\">ingresar aqu\u00ed.<\/a><\/strong><\/p>\n","protected":false},"excerpt":{"rendered":"<p>El director del Observatorio de Bio\u00e9tica y Derecho de la Universidad del Desarrollo, Juan Alberto Lecaros, fue parte del encuentro realizado en Uruguay que cont\u00f3 con la participaci\u00f3n de destacados expertos mundiales. <\/p>\n","protected":false},"author":42,"featured_media":792,"comment_status":"open","ping_status":"open","sticky":false,"template":"","format":"standard","meta":{"footnotes":""},"categories":[4],"tags":[],"class_list":["post-791","post","type-post","status-publish","format-standard","has-post-thumbnail","hentry","category-noticias"],"yoast_head":"<!-- This site is optimized with the Yoast SEO plugin v26.9 - https:\/\/yoast.com\/product\/yoast-seo-wordpress\/ -->\n<title>Primeras Jornadas Internacionales de Bioderecho  - Observatorio de Bio\u00e9tica y Derecho<\/title>\n<meta name=\"robots\" content=\"index, follow, max-snippet:-1, max-image-preview:large, max-video-preview:-1\" \/>\n<link rel=\"canonical\" href=\"https:\/\/medicina.udd.cl\/observatorio-bioetica-derecho\/noticias\/2015\/07\/27\/primeras-jornadas-internacionales-de-bioderecho\/\" \/>\n<meta property=\"og:locale\" content=\"es_ES\" \/>\n<meta property=\"og:type\" content=\"article\" \/>\n<meta property=\"og:title\" content=\"Primeras Jornadas Internacionales de Bioderecho  - Observatorio de Bio\u00e9tica y Derecho\" \/>\n<meta property=\"og:description\" content=\"El director del Observatorio de Bio\u00e9tica y Derecho de la Universidad del Desarrollo, Juan Alberto Lecaros, fue parte del encuentro realizado en Uruguay que cont\u00f3 con la participaci\u00f3n de destacados expertos mundiales.\" \/>\n<meta property=\"og:url\" content=\"https:\/\/medicina.udd.cl\/observatorio-bioetica-derecho\/noticias\/2015\/07\/27\/primeras-jornadas-internacionales-de-bioderecho\/\" \/>\n<meta property=\"og:site_name\" content=\"Observatorio de Bio\u00e9tica y Derecho\" \/>\n<meta property=\"article:published_time\" content=\"2015-07-27T19:46:11+00:00\" \/>\n<meta property=\"article:modified_time\" content=\"2015-07-28T18:32:04+00:00\" \/>\n<meta property=\"og:image\" content=\"https:\/\/medicina.udd.cl\/observatorio-bioetica-derecho\/files\/2015\/07\/Jornadas-Bioderecho-Uruguay.jpg\" \/>\n\t<meta property=\"og:image:width\" content=\"861\" \/>\n\t<meta property=\"og:image:height\" content=\"645\" \/>\n\t<meta property=\"og:image:type\" content=\"image\/jpeg\" \/>\n<meta name=\"twitter:label1\" content=\"Escrito por\" \/>\n\t<meta name=\"twitter:data1\" content=\"\" \/>\n\t<meta name=\"twitter:label2\" content=\"Tiempo de lectura\" \/>\n\t<meta name=\"twitter:data2\" content=\"1 minuto\" \/>\n<script type=\"application\/ld+json\" class=\"yoast-schema-graph\">{\"@context\":\"https:\/\/schema.org\",\"@graph\":[{\"@type\":\"Article\",\"@id\":\"https:\/\/medicina.udd.cl\/observatorio-bioetica-derecho\/noticias\/2015\/07\/27\/primeras-jornadas-internacionales-de-bioderecho\/#article\",\"isPartOf\":{\"@id\":\"https:\/\/medicina.udd.cl\/observatorio-bioetica-derecho\/noticias\/2015\/07\/27\/primeras-jornadas-internacionales-de-bioderecho\/\"},\"author\":{\"name\":\"\",\"@id\":\"\"},\"headline\":\"Primeras Jornadas Internacionales de Bioderecho\",\"datePublished\":\"2015-07-27T19:46:11+00:00\",\"dateModified\":\"2015-07-28T18:32:04+00:00\",\"mainEntityOfPage\":{\"@id\":\"https:\/\/medicina.udd.cl\/observatorio-bioetica-derecho\/noticias\/2015\/07\/27\/primeras-jornadas-internacionales-de-bioderecho\/\"},\"wordCount\":244,\"commentCount\":0,\"image\":{\"@id\":\"https:\/\/medicina.udd.cl\/observatorio-bioetica-derecho\/noticias\/2015\/07\/27\/primeras-jornadas-internacionales-de-bioderecho\/#primaryimage\"},\"thumbnailUrl\":\"https:\/\/medicina.udd.cl\/observatorio-bioetica-derecho\/files\/2015\/07\/Jornadas-Bioderecho-Uruguay.jpg\",\"articleSection\":[\"Noticias\"],\"inLanguage\":\"es\",\"potentialAction\":[{\"@type\":\"CommentAction\",\"name\":\"Comment\",\"target\":[\"https:\/\/medicina.udd.cl\/observatorio-bioetica-derecho\/noticias\/2015\/07\/27\/primeras-jornadas-internacionales-de-bioderecho\/#respond\"]}]},{\"@type\":\"WebPage\",\"@id\":\"https:\/\/medicina.udd.cl\/observatorio-bioetica-derecho\/noticias\/2015\/07\/27\/primeras-jornadas-internacionales-de-bioderecho\/\",\"url\":\"https:\/\/medicina.udd.cl\/observatorio-bioetica-derecho\/noticias\/2015\/07\/27\/primeras-jornadas-internacionales-de-bioderecho\/\",\"name\":\"Primeras Jornadas Internacionales de Bioderecho - Observatorio de Bio\u00e9tica y Derecho\",\"isPartOf\":{\"@id\":\"https:\/\/medicina.udd.cl\/observatorio-bioetica-derecho\/#website\"},\"primaryImageOfPage\":{\"@id\":\"https:\/\/medicina.udd.cl\/observatorio-bioetica-derecho\/noticias\/2015\/07\/27\/primeras-jornadas-internacionales-de-bioderecho\/#primaryimage\"},\"image\":{\"@id\":\"https:\/\/medicina.udd.cl\/observatorio-bioetica-derecho\/noticias\/2015\/07\/27\/primeras-jornadas-internacionales-de-bioderecho\/#primaryimage\"},\"thumbnailUrl\":\"https:\/\/medicina.udd.cl\/observatorio-bioetica-derecho\/files\/2015\/07\/Jornadas-Bioderecho-Uruguay.jpg\",\"datePublished\":\"2015-07-27T19:46:11+00:00\",\"dateModified\":\"2015-07-28T18:32:04+00:00\",\"author\":{\"@id\":\"\"},\"breadcrumb\":{\"@id\":\"https:\/\/medicina.udd.cl\/observatorio-bioetica-derecho\/noticias\/2015\/07\/27\/primeras-jornadas-internacionales-de-bioderecho\/#breadcrumb\"},\"inLanguage\":\"es\",\"potentialAction\":[{\"@type\":\"ReadAction\",\"target\":[\"https:\/\/medicina.udd.cl\/observatorio-bioetica-derecho\/noticias\/2015\/07\/27\/primeras-jornadas-internacionales-de-bioderecho\/\"]}]},{\"@type\":\"ImageObject\",\"inLanguage\":\"es\",\"@id\":\"https:\/\/medicina.udd.cl\/observatorio-bioetica-derecho\/noticias\/2015\/07\/27\/primeras-jornadas-internacionales-de-bioderecho\/#primaryimage\",\"url\":\"https:\/\/medicina.udd.cl\/observatorio-bioetica-derecho\/files\/2015\/07\/Jornadas-Bioderecho-Uruguay.jpg\",\"contentUrl\":\"https:\/\/medicina.udd.cl\/observatorio-bioetica-derecho\/files\/2015\/07\/Jornadas-Bioderecho-Uruguay.jpg\",\"width\":861,\"height\":645},{\"@type\":\"BreadcrumbList\",\"@id\":\"https:\/\/medicina.udd.cl\/observatorio-bioetica-derecho\/noticias\/2015\/07\/27\/primeras-jornadas-internacionales-de-bioderecho\/#breadcrumb\",\"itemListElement\":[{\"@type\":\"ListItem\",\"position\":1,\"name\":\"Home\",\"item\":\"https:\/\/medicina.udd.cl\/observatorio-bioetica-derecho\/\"},{\"@type\":\"ListItem\",\"position\":2,\"name\":\"Primeras Jornadas Internacionales de Bioderecho\"}]},{\"@type\":\"WebSite\",\"@id\":\"https:\/\/medicina.udd.cl\/observatorio-bioetica-derecho\/#website\",\"url\":\"https:\/\/medicina.udd.cl\/observatorio-bioetica-derecho\/\",\"name\":\"Observatorio de Bio\u00e9tica y Derecho\",\"description\":\"Observatorio de Bio\u00e9tica y Derecho\",\"inLanguage\":\"es\"},{\"@type\":\"Person\",\"@id\":\"\",\"url\":\"https:\/\/medicina.udd.cl\/observatorio-bioetica-derecho\/noticias\/author\/\"}]}<\/script>\n<!-- \/ Yoast SEO plugin. -->","yoast_head_json":{"title":"Primeras Jornadas Internacionales de Bioderecho  - Observatorio de Bio\u00e9tica y Derecho","robots":{"index":"index","follow":"follow","max-snippet":"max-snippet:-1","max-image-preview":"max-image-preview:large","max-video-preview":"max-video-preview:-1"},"canonical":"https:\/\/medicina.udd.cl\/observatorio-bioetica-derecho\/noticias\/2015\/07\/27\/primeras-jornadas-internacionales-de-bioderecho\/","og_locale":"es_ES","og_type":"article","og_title":"Primeras Jornadas Internacionales de Bioderecho  - Observatorio de Bio\u00e9tica y Derecho","og_description":"El director del Observatorio de Bio\u00e9tica y Derecho de la Universidad del Desarrollo, Juan Alberto Lecaros, fue parte del encuentro realizado en Uruguay que cont\u00f3 con la participaci\u00f3n de destacados expertos mundiales.","og_url":"https:\/\/medicina.udd.cl\/observatorio-bioetica-derecho\/noticias\/2015\/07\/27\/primeras-jornadas-internacionales-de-bioderecho\/","og_site_name":"Observatorio de Bio\u00e9tica y Derecho","article_published_time":"2015-07-27T19:46:11+00:00","article_modified_time":"2015-07-28T18:32:04+00:00","og_image":[{"width":861,"height":645,"url":"https:\/\/medicina.udd.cl\/observatorio-bioetica-derecho\/files\/2015\/07\/Jornadas-Bioderecho-Uruguay.jpg","type":"image\/jpeg"}],"twitter_misc":{"Escrito por":"","Tiempo de lectura":"1 minuto"},"schema":{"@context":"https:\/\/schema.org","@graph":[{"@type":"Article","@id":"https:\/\/medicina.udd.cl\/observatorio-bioetica-derecho\/noticias\/2015\/07\/27\/primeras-jornadas-internacionales-de-bioderecho\/#article","isPartOf":{"@id":"https:\/\/medicina.udd.cl\/observatorio-bioetica-derecho\/noticias\/2015\/07\/27\/primeras-jornadas-internacionales-de-bioderecho\/"},"author":{"name":"","@id":""},"headline":"Primeras Jornadas Internacionales de Bioderecho","datePublished":"2015-07-27T19:46:11+00:00","dateModified":"2015-07-28T18:32:04+00:00","mainEntityOfPage":{"@id":"https:\/\/medicina.udd.cl\/observatorio-bioetica-derecho\/noticias\/2015\/07\/27\/primeras-jornadas-internacionales-de-bioderecho\/"},"wordCount":244,"commentCount":0,"image":{"@id":"https:\/\/medicina.udd.cl\/observatorio-bioetica-derecho\/noticias\/2015\/07\/27\/primeras-jornadas-internacionales-de-bioderecho\/#primaryimage"},"thumbnailUrl":"https:\/\/medicina.udd.cl\/observatorio-bioetica-derecho\/files\/2015\/07\/Jornadas-Bioderecho-Uruguay.jpg","articleSection":["Noticias"],"inLanguage":"es","potentialAction":[{"@type":"CommentAction","name":"Comment","target":["https:\/\/medicina.udd.cl\/observatorio-bioetica-derecho\/noticias\/2015\/07\/27\/primeras-jornadas-internacionales-de-bioderecho\/#respond"]}]},{"@type":"WebPage","@id":"https:\/\/medicina.udd.cl\/observatorio-bioetica-derecho\/noticias\/2015\/07\/27\/primeras-jornadas-internacionales-de-bioderecho\/","url":"https:\/\/medicina.udd.cl\/observatorio-bioetica-derecho\/noticias\/2015\/07\/27\/primeras-jornadas-internacionales-de-bioderecho\/","name":"Primeras Jornadas Internacionales de Bioderecho - Observatorio de Bio\u00e9tica y Derecho","isPartOf":{"@id":"https:\/\/medicina.udd.cl\/observatorio-bioetica-derecho\/#website"},"primaryImageOfPage":{"@id":"https:\/\/medicina.udd.cl\/observatorio-bioetica-derecho\/noticias\/2015\/07\/27\/primeras-jornadas-internacionales-de-bioderecho\/#primaryimage"},"image":{"@id":"https:\/\/medicina.udd.cl\/observatorio-bioetica-derecho\/noticias\/2015\/07\/27\/primeras-jornadas-internacionales-de-bioderecho\/#primaryimage"},"thumbnailUrl":"https:\/\/medicina.udd.cl\/observatorio-bioetica-derecho\/files\/2015\/07\/Jornadas-Bioderecho-Uruguay.jpg","datePublished":"2015-07-27T19:46:11+00:00","dateModified":"2015-07-28T18:32:04+00:00","author":{"@id":""},"breadcrumb":{"@id":"https:\/\/medicina.udd.cl\/observatorio-bioetica-derecho\/noticias\/2015\/07\/27\/primeras-jornadas-internacionales-de-bioderecho\/#breadcrumb"},"inLanguage":"es","potentialAction":[{"@type":"ReadAction","target":["https:\/\/medicina.udd.cl\/observatorio-bioetica-derecho\/noticias\/2015\/07\/27\/primeras-jornadas-internacionales-de-bioderecho\/"]}]},{"@type":"ImageObject","inLanguage":"es","@id":"https:\/\/medicina.udd.cl\/observatorio-bioetica-derecho\/noticias\/2015\/07\/27\/primeras-jornadas-internacionales-de-bioderecho\/#primaryimage","url":"https:\/\/medicina.udd.cl\/observatorio-bioetica-derecho\/files\/2015\/07\/Jornadas-Bioderecho-Uruguay.jpg","contentUrl":"https:\/\/medicina.udd.cl\/observatorio-bioetica-derecho\/files\/2015\/07\/Jornadas-Bioderecho-Uruguay.jpg","width":861,"height":645},{"@type":"BreadcrumbList","@id":"https:\/\/medicina.udd.cl\/observatorio-bioetica-derecho\/noticias\/2015\/07\/27\/primeras-jornadas-internacionales-de-bioderecho\/#breadcrumb","itemListElement":[{"@type":"ListItem","position":1,"name":"Home","item":"https:\/\/medicina.udd.cl\/observatorio-bioetica-derecho\/"},{"@type":"ListItem","position":2,"name":"Primeras Jornadas Internacionales de Bioderecho"}]},{"@type":"WebSite","@id":"https:\/\/medicina.udd.cl\/observatorio-bioetica-derecho\/#website","url":"https:\/\/medicina.udd.cl\/observatorio-bioetica-derecho\/","name":"Observatorio de Bio\u00e9tica y Derecho","description":"Observatorio de Bio\u00e9tica y Derecho","inLanguage":"es"},{"@type":"Person","@id":"","url":"https:\/\/medicina.udd.cl\/observatorio-bioetica-derecho\/noticias\/author\/"}]}},"featured_image_url":"https:\/\/medicina.udd.cl\/observatorio-bioetica-derecho\/files\/2015\/07\/Jornadas-Bioderecho-Uruguay.jpg","_links":{"self":[{"href":"https:\/\/medicina.udd.cl\/observatorio-bioetica-derecho\/wp-json\/wp\/v2\/posts\/791","targetHints":{"allow":["GET"]}}],"collection":[{"href":"https:\/\/medicina.udd.cl\/observatorio-bioetica-derecho\/wp-json\/wp\/v2\/posts"}],"about":[{"href":"https:\/\/medicina.udd.cl\/observatorio-bioetica-derecho\/wp-json\/wp\/v2\/types\/post"}],"author":[{"embeddable":true,"href":"https:\/\/medicina.udd.cl\/observatorio-bioetica-derecho\/wp-json\/wp\/v2\/users\/42"}],"replies":[{"embeddable":true,"href":"https:\/\/medicina.udd.cl\/observatorio-bioetica-derecho\/wp-json\/wp\/v2\/comments?post=791"}],"version-history":[{"count":6,"href":"https:\/\/medicina.udd.cl\/observatorio-bioetica-derecho\/wp-json\/wp\/v2\/posts\/791\/revisions"}],"predecessor-version":[{"id":796,"href":"https:\/\/medicina.udd.cl\/observatorio-bioetica-derecho\/wp-json\/wp\/v2\/posts\/791\/revisions\/796"}],"wp:featuredmedia":[{"embeddable":true,"href":"https:\/\/medicina.udd.cl\/observatorio-bioetica-derecho\/wp-json\/wp\/v2\/media\/792"}],"wp:attachment":[{"href":"https:\/\/medicina.udd.cl\/observatorio-bioetica-derecho\/wp-json\/wp\/v2\/media?parent=791"}],"wp:term":[{"taxonomy":"category","embeddable":true,"href":"https:\/\/medicina.udd.cl\/observatorio-bioetica-derecho\/wp-json\/wp\/v2\/categories?post=791"},{"taxonomy":"post_tag","embeddable":true,"href":"https:\/\/medicina.udd.cl\/observatorio-bioetica-derecho\/wp-json\/wp\/v2\/tags?post=791"}],"curies":[{"name":"wp","href":"https:\/\/api.w.org\/{rel}","templated":true}]}}