{"id":818,"date":"2015-09-03T12:14:46","date_gmt":"2015-09-03T15:14:46","guid":{"rendered":"http:\/\/medicina.udd.cl\/observatorio-bioetica-derecho\/?p=818"},"modified":"2015-09-03T12:14:46","modified_gmt":"2015-09-03T15:14:46","slug":"foro-sobre-responsabilidad-ambiental-en-la-facultad-de-medicina","status":"publish","type":"post","link":"https:\/\/medicina.udd.cl\/observatorio-bioetica-derecho\/noticias\/2015\/09\/03\/foro-sobre-responsabilidad-ambiental-en-la-facultad-de-medicina\/","title":{"rendered":"Foro sobre responsabilidad ambiental en la Facultad de Medicina"},"content":{"rendered":"<p><strong><div id=\"gallery-1\" class=\"carousel slide carousel-gallery\" data-ride=\"false\" data-interval=\"false\"><div class=\"carousel-inner\" role=\"listbox\"><figure class=\"carousel-item active\"><img loading=\"lazy\" decoding=\"async\" width=\"675\" height=\"450\" src=\"https:\/\/medicina.udd.cl\/observatorio-bioetica-derecho\/files\/2015\/09\/Foro-Bio\u00e9tica-y-Derecho-Responsabilidad-Ambiental-1.jpg\" class=\"attachment-landscape_952 size-landscape_952 lazyload\" alt=\"\" sizes=\"auto, (max-width: 675px) 100vw, 675px\" data-src=\"https:\/\/medicina.udd.cl\/observatorio-bioetica-derecho\/files\/2015\/09\/Foro-Bio\u00e9tica-y-Derecho-Responsabilidad-Ambiental-1.jpg\" data-srcset=\"https:\/\/medicina.udd.cl\/observatorio-bioetica-derecho\/files\/2015\/09\/Foro-Bio\u00e9tica-y-Derecho-Responsabilidad-Ambiental-1.jpg 675w, https:\/\/medicina.udd.cl\/observatorio-bioetica-derecho\/files\/2015\/09\/Foro-Bio\u00e9tica-y-Derecho-Responsabilidad-Ambiental-1-300x200.jpg 300w\" \/><\/figure><figure class=\"carousel-item\"><img loading=\"lazy\" decoding=\"async\" width=\"675\" height=\"450\" src=\"https:\/\/medicina.udd.cl\/observatorio-bioetica-derecho\/files\/2015\/09\/Foro-Bio\u00e9tica-y-Derecho-Responsabilidad-Ambiental-2.jpg\" class=\"attachment-landscape_952 size-landscape_952 lazyload\" alt=\"\" sizes=\"auto, (max-width: 675px) 100vw, 675px\" data-src=\"https:\/\/medicina.udd.cl\/observatorio-bioetica-derecho\/files\/2015\/09\/Foro-Bio\u00e9tica-y-Derecho-Responsabilidad-Ambiental-2.jpg\" data-srcset=\"https:\/\/medicina.udd.cl\/observatorio-bioetica-derecho\/files\/2015\/09\/Foro-Bio\u00e9tica-y-Derecho-Responsabilidad-Ambiental-2.jpg 675w, https:\/\/medicina.udd.cl\/observatorio-bioetica-derecho\/files\/2015\/09\/Foro-Bio\u00e9tica-y-Derecho-Responsabilidad-Ambiental-2-300x200.jpg 300w\" \/><\/figure><figure class=\"carousel-item\"><img loading=\"lazy\" decoding=\"async\" width=\"675\" height=\"450\" src=\"https:\/\/medicina.udd.cl\/observatorio-bioetica-derecho\/files\/2015\/09\/Foro-Bio\u00e9tica-y-Derecho-Responsabilidad-Ambiental-3.jpg\" class=\"attachment-landscape_952 size-landscape_952 lazyload\" alt=\"\" sizes=\"auto, (max-width: 675px) 100vw, 675px\" data-src=\"https:\/\/medicina.udd.cl\/observatorio-bioetica-derecho\/files\/2015\/09\/Foro-Bio\u00e9tica-y-Derecho-Responsabilidad-Ambiental-3.jpg\" data-srcset=\"https:\/\/medicina.udd.cl\/observatorio-bioetica-derecho\/files\/2015\/09\/Foro-Bio\u00e9tica-y-Derecho-Responsabilidad-Ambiental-3.jpg 675w, https:\/\/medicina.udd.cl\/observatorio-bioetica-derecho\/files\/2015\/09\/Foro-Bio\u00e9tica-y-Derecho-Responsabilidad-Ambiental-3-300x200.jpg 300w\" \/><\/figure><figure class=\"carousel-item\"><img loading=\"lazy\" decoding=\"async\" width=\"675\" height=\"450\" src=\"https:\/\/medicina.udd.cl\/observatorio-bioetica-derecho\/files\/2015\/09\/Foro-Bio\u00e9tica-y-Derecho-Responsabilidad-Ambiental-4.jpg\" class=\"attachment-landscape_952 size-landscape_952 lazyload\" alt=\"\" sizes=\"auto, (max-width: 675px) 100vw, 675px\" data-src=\"https:\/\/medicina.udd.cl\/observatorio-bioetica-derecho\/files\/2015\/09\/Foro-Bio\u00e9tica-y-Derecho-Responsabilidad-Ambiental-4.jpg\" data-srcset=\"https:\/\/medicina.udd.cl\/observatorio-bioetica-derecho\/files\/2015\/09\/Foro-Bio\u00e9tica-y-Derecho-Responsabilidad-Ambiental-4.jpg 675w, https:\/\/medicina.udd.cl\/observatorio-bioetica-derecho\/files\/2015\/09\/Foro-Bio\u00e9tica-y-Derecho-Responsabilidad-Ambiental-4-300x200.jpg 300w\" \/><\/figure><figure class=\"carousel-item\"><img loading=\"lazy\" decoding=\"async\" width=\"675\" height=\"450\" src=\"https:\/\/medicina.udd.cl\/observatorio-bioetica-derecho\/files\/2015\/09\/Foro-Bio\u00e9tica-y-Derecho-Responsabilidad-Ambiental-5.jpg\" class=\"attachment-landscape_952 size-landscape_952 lazyload\" alt=\"\" sizes=\"auto, (max-width: 675px) 100vw, 675px\" data-src=\"https:\/\/medicina.udd.cl\/observatorio-bioetica-derecho\/files\/2015\/09\/Foro-Bio\u00e9tica-y-Derecho-Responsabilidad-Ambiental-5.jpg\" data-srcset=\"https:\/\/medicina.udd.cl\/observatorio-bioetica-derecho\/files\/2015\/09\/Foro-Bio\u00e9tica-y-Derecho-Responsabilidad-Ambiental-5.jpg 675w, https:\/\/medicina.udd.cl\/observatorio-bioetica-derecho\/files\/2015\/09\/Foro-Bio\u00e9tica-y-Derecho-Responsabilidad-Ambiental-5-300x200.jpg 300w\" \/><\/figure><figure class=\"carousel-item\"><img loading=\"lazy\" decoding=\"async\" width=\"801\" height=\"534\" src=\"https:\/\/medicina.udd.cl\/observatorio-bioetica-derecho\/files\/2015\/09\/Foro-Bio\u00e9tica-y-Derecho-Responsabilidad-Ambiental-6-800x450.jpg\" class=\"attachment-landscape_952 size-landscape_952 lazyload\" alt=\"\" sizes=\"auto, (max-width: 801px) 100vw, 801px\" data-src=\"https:\/\/medicina.udd.cl\/observatorio-bioetica-derecho\/files\/2015\/09\/Foro-Bio\u00e9tica-y-Derecho-Responsabilidad-Ambiental-6.jpg\" data-srcset=\"https:\/\/medicina.udd.cl\/observatorio-bioetica-derecho\/files\/2015\/09\/Foro-Bio\u00e9tica-y-Derecho-Responsabilidad-Ambiental-6.jpg 5184w, https:\/\/medicina.udd.cl\/observatorio-bioetica-derecho\/files\/2015\/09\/Foro-Bio\u00e9tica-y-Derecho-Responsabilidad-Ambiental-6-300x200.jpg 300w, https:\/\/medicina.udd.cl\/observatorio-bioetica-derecho\/files\/2015\/09\/Foro-Bio\u00e9tica-y-Derecho-Responsabilidad-Ambiental-6-768x512.jpg 768w, https:\/\/medicina.udd.cl\/observatorio-bioetica-derecho\/files\/2015\/09\/Foro-Bio\u00e9tica-y-Derecho-Responsabilidad-Ambiental-6-1024x683.jpg 1024w, https:\/\/medicina.udd.cl\/observatorio-bioetica-derecho\/files\/2015\/09\/Foro-Bio\u00e9tica-y-Derecho-Responsabilidad-Ambiental-6-960x640.jpg 960w\" \/><\/figure><\/div><footer class=\"carousel-footer\"><div class=\"carousel-counter\"><span class=\"carousel-counter-current\"><\/span> \/ <span class=\"carousel-counter-total\"><\/span><\/div><a class=\"carousel-control-prev\" href=\"#gallery-1\" role=\"button\" data-slide=\"prev\"><svg aria-hidden=\"true\" class=\"svg-chevron-left-dims\"><use xlink:href='https:\/\/medicina.udd.cl\/observatorio-bioetica-derecho\/wp-content\/themes\/facultades-2018\/assets\/img\/svg\/dist\/main.svg?version=1695853099#chevron-left'><\/use><\/svg><span class=\"sr-only\">Anterior<\/span><\/a><a class=\"carousel-control-next\" href=\"#gallery-1\" role=\"button\" data-slide=\"next\"><svg aria-hidden=\"true\" class=\"svg-chevron-right-dims\"><use xlink:href='https:\/\/medicina.udd.cl\/observatorio-bioetica-derecho\/wp-content\/themes\/facultades-2018\/assets\/img\/svg\/dist\/main.svg?version=1695853099#chevron-right'><\/use><\/svg><span class=\"sr-only\">Siguiente<\/span><\/a><\/footer><\/div><\/p>\n<p>\u201cResponsabilidad Ambiental\u201d fue el nombre de un nuevo Foro Interfacultades realizado por el Observatorio de Bio\u00e9tica y Derecho de la Universidad del Desarrollo.<\/strong><\/p>\n<p>El encuentro, organizado por los ayudantes alumnos del centro de investigaci\u00f3n, convoc\u00f3 a cerca de 50 asistentes y cont\u00f3 con las exposiciones de los docentes de la UDD, B\u00e1ltica Cabieses y Alexandra Obach, del Equipo de Estudios Sociales en Salud de Enfermer\u00eda UDD, y Ra\u00fal Campusano, de la Facultad de Derecho.<\/p>\n<p>El equipo de Estudios Sociales en Salud abord\u00f3 la tem\u00e1tica \u201cCiudad y Salud\u201d, se\u00f1alando que la salud es un proceso social y cultural, que se produce por la relaci\u00f3n entre las comunidades y c\u00f3mo \u00e9stas lo enfrentan.<\/p>\n<p>En este contexto, ahondaron en el concepto de salud urbana, en la interrogante de c\u00f3mo las ciudades afectan en la salud de las personas, la importancia de identificar las determinantes sociales, econ\u00f3micas y ambientales que juegan un rol en la salud de las personas y cu\u00e1les son los desaf\u00edos que hay en la actualidad.<\/p>\n<p>En la ocasi\u00f3n, a su vez, las investigadoras de Enfermer\u00eda plantearon a los alumnos y futuros profesionales la pregunta \u00bfc\u00f3mo transformar la salud para beneficio del bienestar y la salud?, generando una activa participaci\u00f3n por parte de los asistentes.<\/p>\n<p>Por su parte, el acad\u00e9mico de Derecho UDD, Ra\u00fal Campusano, profundiz\u00f3 en c\u00f3mo el tema medioambiental es un desaf\u00edo pol\u00edtico y de Estado, que va directamente ligado con la cosmovisi\u00f3n que tenemos c\u00f3mo pa\u00eds, se\u00f1alando que las decisiones que se tomen, depender\u00e1n \u201cde lo que nosotros como sociedad definamos\u201d, concluy\u00f3.<\/p>\n<p>Los Foros Interfacultades son actividades dirigidas principalmente a los alumnos de las Facultades de Derecho y Medicina, aunque tambi\u00e9n buscan llegar a estudiantes de otras \u00e1reas. Su objetivo es promover una formaci\u00f3n interdisciplinaria y el di\u00e1logo sobre temas val\u00f3ricos que exigen de esos futuros profesionales una opini\u00f3n responsable e informada.<\/p>\n<p>De este modo, buscan proponer temas complejos y de impacto social, que ser\u00e1n analizados desde una perspectiva multidisciplinaria.<\/p>\n","protected":false},"excerpt":{"rendered":"<p>Organizado por el Observatorio de Bio\u00e9tica y Derecho de la UDD y sus ayudantes alumnos, cont\u00f3 con la ponencia de especialistas y docentes de la Universidad del Desarrollo.<\/p>\n","protected":false},"author":42,"featured_media":820,"comment_status":"open","ping_status":"open","sticky":false,"template":"","format":"standard","meta":{"footnotes":""},"categories":[4],"tags":[],"class_list":["post-818","post","type-post","status-publish","format-standard","has-post-thumbnail","hentry","category-noticias"],"yoast_head":"<!-- This site is optimized with the Yoast SEO plugin v26.9 - https:\/\/yoast.com\/product\/yoast-seo-wordpress\/ -->\n<title>Foro sobre responsabilidad ambiental en la Facultad de Medicina<\/title>\n<meta name=\"description\" content=\"Organizado por el Observatorio de Bio\u00e9tica y Derecho de la UDD y sus ayudantes alumnos, cont\u00f3 con la ponencia de especialistas y docentes de la Universidad del Desarrollo.\" \/>\n<meta name=\"robots\" content=\"index, follow, max-snippet:-1, max-image-preview:large, max-video-preview:-1\" \/>\n<link rel=\"canonical\" href=\"https:\/\/medicina.udd.cl\/observatorio-bioetica-derecho\/noticias\/2015\/09\/03\/foro-sobre-responsabilidad-ambiental-en-la-facultad-de-medicina\/\" \/>\n<meta property=\"og:locale\" content=\"es_ES\" \/>\n<meta property=\"og:type\" content=\"article\" \/>\n<meta property=\"og:title\" content=\"Foro sobre responsabilidad ambiental en la Facultad de Medicina\" \/>\n<meta property=\"og:description\" content=\"Organizado por el Observatorio de Bio\u00e9tica y Derecho de la UDD y sus ayudantes alumnos, cont\u00f3 con la ponencia de especialistas y docentes de la Universidad del Desarrollo.\" \/>\n<meta property=\"og:url\" content=\"https:\/\/medicina.udd.cl\/observatorio-bioetica-derecho\/noticias\/2015\/09\/03\/foro-sobre-responsabilidad-ambiental-en-la-facultad-de-medicina\/\" \/>\n<meta property=\"og:site_name\" content=\"Observatorio de Bio\u00e9tica y Derecho\" \/>\n<meta property=\"article:published_time\" content=\"2015-09-03T15:14:46+00:00\" \/>\n<meta property=\"og:image\" content=\"https:\/\/medicina.udd.cl\/observatorio-bioetica-derecho\/files\/2015\/09\/Foro-Bio\u00e9tica-y-Derecho-Responsabilidad-Ambiental-2.jpg\" \/>\n\t<meta property=\"og:image:width\" content=\"675\" \/>\n\t<meta property=\"og:image:height\" content=\"450\" \/>\n\t<meta property=\"og:image:type\" content=\"image\/jpeg\" \/>\n<meta name=\"twitter:label1\" content=\"Escrito por\" \/>\n\t<meta name=\"twitter:data1\" content=\"\" \/>\n\t<meta name=\"twitter:label2\" content=\"Tiempo de lectura\" \/>\n\t<meta name=\"twitter:data2\" content=\"2 minutos\" \/>\n<script type=\"application\/ld+json\" class=\"yoast-schema-graph\">{\"@context\":\"https:\/\/schema.org\",\"@graph\":[{\"@type\":\"Article\",\"@id\":\"https:\/\/medicina.udd.cl\/observatorio-bioetica-derecho\/noticias\/2015\/09\/03\/foro-sobre-responsabilidad-ambiental-en-la-facultad-de-medicina\/#article\",\"isPartOf\":{\"@id\":\"https:\/\/medicina.udd.cl\/observatorio-bioetica-derecho\/noticias\/2015\/09\/03\/foro-sobre-responsabilidad-ambiental-en-la-facultad-de-medicina\/\"},\"author\":{\"name\":\"\",\"@id\":\"\"},\"headline\":\"Foro sobre responsabilidad ambiental en la Facultad de Medicina\",\"datePublished\":\"2015-09-03T15:14:46+00:00\",\"mainEntityOfPage\":{\"@id\":\"https:\/\/medicina.udd.cl\/observatorio-bioetica-derecho\/noticias\/2015\/09\/03\/foro-sobre-responsabilidad-ambiental-en-la-facultad-de-medicina\/\"},\"wordCount\":365,\"commentCount\":0,\"image\":{\"@id\":\"https:\/\/medicina.udd.cl\/observatorio-bioetica-derecho\/noticias\/2015\/09\/03\/foro-sobre-responsabilidad-ambiental-en-la-facultad-de-medicina\/#primaryimage\"},\"thumbnailUrl\":\"https:\/\/medicina.udd.cl\/observatorio-bioetica-derecho\/files\/2015\/09\/Foro-Bio\u00e9tica-y-Derecho-Responsabilidad-Ambiental-2.jpg\",\"articleSection\":[\"Noticias\"],\"inLanguage\":\"es\",\"potentialAction\":[{\"@type\":\"CommentAction\",\"name\":\"Comment\",\"target\":[\"https:\/\/medicina.udd.cl\/observatorio-bioetica-derecho\/noticias\/2015\/09\/03\/foro-sobre-responsabilidad-ambiental-en-la-facultad-de-medicina\/#respond\"]}]},{\"@type\":\"WebPage\",\"@id\":\"https:\/\/medicina.udd.cl\/observatorio-bioetica-derecho\/noticias\/2015\/09\/03\/foro-sobre-responsabilidad-ambiental-en-la-facultad-de-medicina\/\",\"url\":\"https:\/\/medicina.udd.cl\/observatorio-bioetica-derecho\/noticias\/2015\/09\/03\/foro-sobre-responsabilidad-ambiental-en-la-facultad-de-medicina\/\",\"name\":\"Foro sobre responsabilidad ambiental en la Facultad de Medicina\",\"isPartOf\":{\"@id\":\"https:\/\/medicina.udd.cl\/observatorio-bioetica-derecho\/#website\"},\"primaryImageOfPage\":{\"@id\":\"https:\/\/medicina.udd.cl\/observatorio-bioetica-derecho\/noticias\/2015\/09\/03\/foro-sobre-responsabilidad-ambiental-en-la-facultad-de-medicina\/#primaryimage\"},\"image\":{\"@id\":\"https:\/\/medicina.udd.cl\/observatorio-bioetica-derecho\/noticias\/2015\/09\/03\/foro-sobre-responsabilidad-ambiental-en-la-facultad-de-medicina\/#primaryimage\"},\"thumbnailUrl\":\"https:\/\/medicina.udd.cl\/observatorio-bioetica-derecho\/files\/2015\/09\/Foro-Bio\u00e9tica-y-Derecho-Responsabilidad-Ambiental-2.jpg\",\"datePublished\":\"2015-09-03T15:14:46+00:00\",\"author\":{\"@id\":\"\"},\"description\":\"Organizado por el Observatorio de Bio\u00e9tica y Derecho de la UDD y sus ayudantes alumnos, cont\u00f3 con la ponencia de especialistas y docentes de la Universidad del Desarrollo.\",\"breadcrumb\":{\"@id\":\"https:\/\/medicina.udd.cl\/observatorio-bioetica-derecho\/noticias\/2015\/09\/03\/foro-sobre-responsabilidad-ambiental-en-la-facultad-de-medicina\/#breadcrumb\"},\"inLanguage\":\"es\",\"potentialAction\":[{\"@type\":\"ReadAction\",\"target\":[\"https:\/\/medicina.udd.cl\/observatorio-bioetica-derecho\/noticias\/2015\/09\/03\/foro-sobre-responsabilidad-ambiental-en-la-facultad-de-medicina\/\"]}]},{\"@type\":\"ImageObject\",\"inLanguage\":\"es\",\"@id\":\"https:\/\/medicina.udd.cl\/observatorio-bioetica-derecho\/noticias\/2015\/09\/03\/foro-sobre-responsabilidad-ambiental-en-la-facultad-de-medicina\/#primaryimage\",\"url\":\"https:\/\/medicina.udd.cl\/observatorio-bioetica-derecho\/files\/2015\/09\/Foro-Bio\u00e9tica-y-Derecho-Responsabilidad-Ambiental-2.jpg\",\"contentUrl\":\"https:\/\/medicina.udd.cl\/observatorio-bioetica-derecho\/files\/2015\/09\/Foro-Bio\u00e9tica-y-Derecho-Responsabilidad-Ambiental-2.jpg\",\"width\":675,\"height\":450},{\"@type\":\"BreadcrumbList\",\"@id\":\"https:\/\/medicina.udd.cl\/observatorio-bioetica-derecho\/noticias\/2015\/09\/03\/foro-sobre-responsabilidad-ambiental-en-la-facultad-de-medicina\/#breadcrumb\",\"itemListElement\":[{\"@type\":\"ListItem\",\"position\":1,\"name\":\"Home\",\"item\":\"https:\/\/medicina.udd.cl\/observatorio-bioetica-derecho\/\"},{\"@type\":\"ListItem\",\"position\":2,\"name\":\"Foro sobre responsabilidad ambiental en la Facultad de Medicina\"}]},{\"@type\":\"WebSite\",\"@id\":\"https:\/\/medicina.udd.cl\/observatorio-bioetica-derecho\/#website\",\"url\":\"https:\/\/medicina.udd.cl\/observatorio-bioetica-derecho\/\",\"name\":\"Observatorio de Bio\u00e9tica y Derecho\",\"description\":\"Observatorio de Bio\u00e9tica y Derecho\",\"inLanguage\":\"es\"},{\"@type\":\"Person\",\"@id\":\"\",\"url\":\"https:\/\/medicina.udd.cl\/observatorio-bioetica-derecho\/noticias\/author\/\"}]}<\/script>\n<!-- \/ Yoast SEO plugin. -->","yoast_head_json":{"title":"Foro sobre responsabilidad ambiental en la Facultad de Medicina","description":"Organizado por el Observatorio de Bio\u00e9tica y Derecho de la UDD y sus ayudantes alumnos, cont\u00f3 con la ponencia de especialistas y docentes de la Universidad del Desarrollo.","robots":{"index":"index","follow":"follow","max-snippet":"max-snippet:-1","max-image-preview":"max-image-preview:large","max-video-preview":"max-video-preview:-1"},"canonical":"https:\/\/medicina.udd.cl\/observatorio-bioetica-derecho\/noticias\/2015\/09\/03\/foro-sobre-responsabilidad-ambiental-en-la-facultad-de-medicina\/","og_locale":"es_ES","og_type":"article","og_title":"Foro sobre responsabilidad ambiental en la Facultad de Medicina","og_description":"Organizado por el Observatorio de Bio\u00e9tica y Derecho de la UDD y sus ayudantes alumnos, cont\u00f3 con la ponencia de especialistas y docentes de la Universidad del Desarrollo.","og_url":"https:\/\/medicina.udd.cl\/observatorio-bioetica-derecho\/noticias\/2015\/09\/03\/foro-sobre-responsabilidad-ambiental-en-la-facultad-de-medicina\/","og_site_name":"Observatorio de Bio\u00e9tica y Derecho","article_published_time":"2015-09-03T15:14:46+00:00","og_image":[{"width":675,"height":450,"url":"https:\/\/medicina.udd.cl\/observatorio-bioetica-derecho\/files\/2015\/09\/Foro-Bio\u00e9tica-y-Derecho-Responsabilidad-Ambiental-2.jpg","type":"image\/jpeg"}],"twitter_misc":{"Escrito por":"","Tiempo de lectura":"2 minutos"},"schema":{"@context":"https:\/\/schema.org","@graph":[{"@type":"Article","@id":"https:\/\/medicina.udd.cl\/observatorio-bioetica-derecho\/noticias\/2015\/09\/03\/foro-sobre-responsabilidad-ambiental-en-la-facultad-de-medicina\/#article","isPartOf":{"@id":"https:\/\/medicina.udd.cl\/observatorio-bioetica-derecho\/noticias\/2015\/09\/03\/foro-sobre-responsabilidad-ambiental-en-la-facultad-de-medicina\/"},"author":{"name":"","@id":""},"headline":"Foro sobre responsabilidad ambiental en la Facultad de Medicina","datePublished":"2015-09-03T15:14:46+00:00","mainEntityOfPage":{"@id":"https:\/\/medicina.udd.cl\/observatorio-bioetica-derecho\/noticias\/2015\/09\/03\/foro-sobre-responsabilidad-ambiental-en-la-facultad-de-medicina\/"},"wordCount":365,"commentCount":0,"image":{"@id":"https:\/\/medicina.udd.cl\/observatorio-bioetica-derecho\/noticias\/2015\/09\/03\/foro-sobre-responsabilidad-ambiental-en-la-facultad-de-medicina\/#primaryimage"},"thumbnailUrl":"https:\/\/medicina.udd.cl\/observatorio-bioetica-derecho\/files\/2015\/09\/Foro-Bio\u00e9tica-y-Derecho-Responsabilidad-Ambiental-2.jpg","articleSection":["Noticias"],"inLanguage":"es","potentialAction":[{"@type":"CommentAction","name":"Comment","target":["https:\/\/medicina.udd.cl\/observatorio-bioetica-derecho\/noticias\/2015\/09\/03\/foro-sobre-responsabilidad-ambiental-en-la-facultad-de-medicina\/#respond"]}]},{"@type":"WebPage","@id":"https:\/\/medicina.udd.cl\/observatorio-bioetica-derecho\/noticias\/2015\/09\/03\/foro-sobre-responsabilidad-ambiental-en-la-facultad-de-medicina\/","url":"https:\/\/medicina.udd.cl\/observatorio-bioetica-derecho\/noticias\/2015\/09\/03\/foro-sobre-responsabilidad-ambiental-en-la-facultad-de-medicina\/","name":"Foro sobre responsabilidad ambiental en la Facultad de Medicina","isPartOf":{"@id":"https:\/\/medicina.udd.cl\/observatorio-bioetica-derecho\/#website"},"primaryImageOfPage":{"@id":"https:\/\/medicina.udd.cl\/observatorio-bioetica-derecho\/noticias\/2015\/09\/03\/foro-sobre-responsabilidad-ambiental-en-la-facultad-de-medicina\/#primaryimage"},"image":{"@id":"https:\/\/medicina.udd.cl\/observatorio-bioetica-derecho\/noticias\/2015\/09\/03\/foro-sobre-responsabilidad-ambiental-en-la-facultad-de-medicina\/#primaryimage"},"thumbnailUrl":"https:\/\/medicina.udd.cl\/observatorio-bioetica-derecho\/files\/2015\/09\/Foro-Bio\u00e9tica-y-Derecho-Responsabilidad-Ambiental-2.jpg","datePublished":"2015-09-03T15:14:46+00:00","author":{"@id":""},"description":"Organizado por el Observatorio de Bio\u00e9tica y Derecho de la UDD y sus ayudantes alumnos, cont\u00f3 con la ponencia de especialistas y docentes de la Universidad del Desarrollo.","breadcrumb":{"@id":"https:\/\/medicina.udd.cl\/observatorio-bioetica-derecho\/noticias\/2015\/09\/03\/foro-sobre-responsabilidad-ambiental-en-la-facultad-de-medicina\/#breadcrumb"},"inLanguage":"es","potentialAction":[{"@type":"ReadAction","target":["https:\/\/medicina.udd.cl\/observatorio-bioetica-derecho\/noticias\/2015\/09\/03\/foro-sobre-responsabilidad-ambiental-en-la-facultad-de-medicina\/"]}]},{"@type":"ImageObject","inLanguage":"es","@id":"https:\/\/medicina.udd.cl\/observatorio-bioetica-derecho\/noticias\/2015\/09\/03\/foro-sobre-responsabilidad-ambiental-en-la-facultad-de-medicina\/#primaryimage","url":"https:\/\/medicina.udd.cl\/observatorio-bioetica-derecho\/files\/2015\/09\/Foro-Bio\u00e9tica-y-Derecho-Responsabilidad-Ambiental-2.jpg","contentUrl":"https:\/\/medicina.udd.cl\/observatorio-bioetica-derecho\/files\/2015\/09\/Foro-Bio\u00e9tica-y-Derecho-Responsabilidad-Ambiental-2.jpg","width":675,"height":450},{"@type":"BreadcrumbList","@id":"https:\/\/medicina.udd.cl\/observatorio-bioetica-derecho\/noticias\/2015\/09\/03\/foro-sobre-responsabilidad-ambiental-en-la-facultad-de-medicina\/#breadcrumb","itemListElement":[{"@type":"ListItem","position":1,"name":"Home","item":"https:\/\/medicina.udd.cl\/observatorio-bioetica-derecho\/"},{"@type":"ListItem","position":2,"name":"Foro sobre responsabilidad ambiental en la Facultad de Medicina"}]},{"@type":"WebSite","@id":"https:\/\/medicina.udd.cl\/observatorio-bioetica-derecho\/#website","url":"https:\/\/medicina.udd.cl\/observatorio-bioetica-derecho\/","name":"Observatorio de Bio\u00e9tica y Derecho","description":"Observatorio de Bio\u00e9tica y Derecho","inLanguage":"es"},{"@type":"Person","@id":"","url":"https:\/\/medicina.udd.cl\/observatorio-bioetica-derecho\/noticias\/author\/"}]}},"featured_image_url":"https:\/\/medicina.udd.cl\/observatorio-bioetica-derecho\/files\/2015\/09\/Foro-Bio\u00e9tica-y-Derecho-Responsabilidad-Ambiental-2.jpg","_links":{"self":[{"href":"https:\/\/medicina.udd.cl\/observatorio-bioetica-derecho\/wp-json\/wp\/v2\/posts\/818","targetHints":{"allow":["GET"]}}],"collection":[{"href":"https:\/\/medicina.udd.cl\/observatorio-bioetica-derecho\/wp-json\/wp\/v2\/posts"}],"about":[{"href":"https:\/\/medicina.udd.cl\/observatorio-bioetica-derecho\/wp-json\/wp\/v2\/types\/post"}],"author":[{"embeddable":true,"href":"https:\/\/medicina.udd.cl\/observatorio-bioetica-derecho\/wp-json\/wp\/v2\/users\/42"}],"replies":[{"embeddable":true,"href":"https:\/\/medicina.udd.cl\/observatorio-bioetica-derecho\/wp-json\/wp\/v2\/comments?post=818"}],"version-history":[{"count":1,"href":"https:\/\/medicina.udd.cl\/observatorio-bioetica-derecho\/wp-json\/wp\/v2\/posts\/818\/revisions"}],"predecessor-version":[{"id":825,"href":"https:\/\/medicina.udd.cl\/observatorio-bioetica-derecho\/wp-json\/wp\/v2\/posts\/818\/revisions\/825"}],"wp:featuredmedia":[{"embeddable":true,"href":"https:\/\/medicina.udd.cl\/observatorio-bioetica-derecho\/wp-json\/wp\/v2\/media\/820"}],"wp:attachment":[{"href":"https:\/\/medicina.udd.cl\/observatorio-bioetica-derecho\/wp-json\/wp\/v2\/media?parent=818"}],"wp:term":[{"taxonomy":"category","embeddable":true,"href":"https:\/\/medicina.udd.cl\/observatorio-bioetica-derecho\/wp-json\/wp\/v2\/categories?post=818"},{"taxonomy":"post_tag","embeddable":true,"href":"https:\/\/medicina.udd.cl\/observatorio-bioetica-derecho\/wp-json\/wp\/v2\/tags?post=818"}],"curies":[{"name":"wp","href":"https:\/\/api.w.org\/{rel}","templated":true}]}}