{"id":82,"date":"2012-11-29T09:48:11","date_gmt":"2012-11-29T12:48:11","guid":{"rendered":"http:\/\/medicina.udd.cl\/obd\/?p=82"},"modified":"2013-10-21T15:30:02","modified_gmt":"2013-10-21T18:30:02","slug":"intenso-debate-marco-seminario-sobre-investigacion-y-acceso-a-medicamentos","status":"publish","type":"post","link":"https:\/\/medicina.udd.cl\/observatorio-bioetica-derecho\/noticias\/2012\/11\/29\/intenso-debate-marco-seminario-sobre-investigacion-y-acceso-a-medicamentos\/","title":{"rendered":"Intenso debate marc\u00f3 Seminario sobre Investigaci\u00f3n y Acceso a Medicamentos"},"content":{"rendered":"<p><a href=\"http:\/\/medicina.udd.cl\/observatorio-bioetica-derecho\/files\/2012\/11\/seminario-acceso-medicamentos.jpg\"><img loading=\"lazy\" decoding=\"async\" class=\"size-thumbnail wp-image-143 alignright\" title=\"seminario-acceso-medicamentos\" alt=\"\" src=\"http:\/\/medicina.udd.cl\/observatorio-bioetica-derecho\/files\/2012\/11\/seminario-acceso-medicamentos-150x150.jpg\" width=\"150\" height=\"150\" srcset=\"https:\/\/medicina.udd.cl\/observatorio-bioetica-derecho\/files\/2012\/11\/seminario-acceso-medicamentos-150x150.jpg 150w, https:\/\/medicina.udd.cl\/observatorio-bioetica-derecho\/files\/2012\/11\/seminario-acceso-medicamentos-62x62.jpg 62w, https:\/\/medicina.udd.cl\/observatorio-bioetica-derecho\/files\/2012\/11\/seminario-acceso-medicamentos-300x300.jpg 300w, https:\/\/medicina.udd.cl\/observatorio-bioetica-derecho\/files\/2012\/11\/seminario-acceso-medicamentos-126x126.jpg 126w\" sizes=\"auto, (max-width: 150px) 100vw, 150px\" \/><\/a>Un debate intenso en el \u00e1mbito jur\u00eddico, de la salud y desde la perspectiva de la industria farmac\u00e9utica se vivi\u00f3 durante el\u00a0 Seminario <strong>\u201c\u00c9tica de la Investigaci\u00f3n sobre Medicamentos y Acceso a los Medicamentos\u201d,<\/strong> organizado por el <strong>Observatorio de Bio\u00e9tica &amp; Derecho<\/strong> de la\u00a0<a href=\"http:\/\/medicina.udd.cl\/\"><strong>Facultad de Medicina Cl\u00ednica Alemana Universidad del Desarrollo<\/strong><\/a>.<\/p>\n<p>La actividad &#8211; que cont\u00f3 con una gran concurrencia entre estudiantes universitarios, abogados y m\u00e9dicos de Santiago y regiones- \u00a0se desarroll\u00f3 este mi\u00e9rcoles 28 de noviembre de 2012, en el Aula Magna de la\u00a0<a href=\"http:\/\/portal.alemana.cl\/wps\/wcm\/connect\/internet\/home\"><strong>Cl\u00ednica Alemana.<\/strong><\/a><\/p>\n<p>El seminario se hizo teniendo como pilares\u00a0la Ley 20.584 de Derechos y Deberes de los Pacientes, que entr\u00f3 en vigencia en octubre \u00faltimo, y la Ley 20.120, sobre la Investigaci\u00f3n Cient\u00edfica en Seres Humanos.<\/p>\n<p>El\u00a0decano de la Facultad de Medicina CAS UDD, doctor Pablo Vial,\u00a0plante\u00f3 que la expectativa del mundo cient\u00edfico-m\u00e9dico es que dichos cuerpos legales \u201cresulten en la facilitaci\u00f3n de la\u00a0 investigaci\u00f3n y la generaci\u00f3n de conocimiento\u201d.<\/p>\n<p>Por su parte, el\u00a0decano de la<a href=\"http:\/\/derecho-scl.udd.cl\/\"> <strong>Facultad de Derecho UDD<\/strong><\/a><strong>,<\/strong> abogado Pablo Rodr\u00edguez, se\u00f1al\u00f3 que en \u00a0materias bio\u00e9ticas el principal desaf\u00edo es \u201cque las ciencias sociales no se aparten de las ciencias naturales\u201d para que exista una armon\u00eda entre \u201cel trabajo cient\u00edfico y la moral y la \u00e9tica humana\u201d.<\/p>\n<p>Durante el seminario, el abogado\u00a0Alberto Lecaros, coordinador del Observatorio de Bio\u00e9tica &amp; Derecho, hizo ver que en la normativa actual del pa\u00eds, a\u00fan existe un vac\u00edo en cuanto a la regulaci\u00f3n para ensayos cl\u00ednicos que utilizan f\u00e1rmacos en seres humanos.<\/p>\n<p>A su vez, el doctor\u00a0Marcelo Mu\u00f1oz, jefe de la Oficina de Bio\u00e9tica del\u00a0<a href=\"http:\/\/www.minsal.cl\/portal\/url\/page\/minsalcl\/g_nuevo_home\/nuevo_home.html\"><strong>Ministerio de Salud<\/strong><\/a>, destac\u00f3 como una buena noticia el trabajo que est\u00e1 realizando la Comisi\u00f3n Ministerial de \u00c9tica de la Investigaci\u00f3n en Salud. Especialmente- dijo- porque su norte es \u201cla protecci\u00f3n de los derechos y el bienestar de los sujetos de investigaci\u00f3n\u201d.<\/p>\n<p>La bioequivalencia de los medicamentos\u00a0tambi\u00e9n fue\u00a0 abordada en el seminario, toda vez que el\u00a0<a href=\"http:\/\/www.ispch.cl\/\"><strong>Instituto de Salud P\u00fablica<\/strong><\/a>-que dirige la doctora Mar\u00eda Teresa Valenzuela-\u00a0est\u00e1 en un proceso de certificaci\u00f3n de la misma entre los distintos productos existentes en el mercado local. La mirada de los grandes laboratorios internacionales y la visi\u00f3n de los productores nacionales de gen\u00e9ricos matizaron la discusi\u00f3n.<\/p>\n","protected":false},"excerpt":{"rendered":"<p>Actividad fue organizada por Observatorio de Bio\u00e9tica &#038; Derecho de la Facultad, Minsal e ISP.<\/p>\n","protected":false},"author":9192194,"featured_media":247,"comment_status":"open","ping_status":"open","sticky":false,"template":"","format":"standard","meta":{"footnotes":""},"categories":[4],"tags":[],"class_list":["post-82","post","type-post","status-publish","format-standard","has-post-thumbnail","hentry","category-noticias"],"yoast_head":"<!-- This site is optimized with the Yoast SEO plugin v26.9 - https:\/\/yoast.com\/product\/yoast-seo-wordpress\/ -->\n<title>Seminario sobre investigaci\u00f3n y acceso a medicamentos<\/title>\n<meta name=\"description\" content=\"Organizado por el Observatorio de Bio\u00e9tica &amp; Derecho de la Facultad de Medicina Cl\u00ednica Alemana Universidad del Desarrollo.\" \/>\n<meta name=\"robots\" content=\"index, follow, max-snippet:-1, max-image-preview:large, max-video-preview:-1\" \/>\n<link rel=\"canonical\" href=\"https:\/\/medicina.udd.cl\/observatorio-bioetica-derecho\/noticias\/2012\/11\/29\/intenso-debate-marco-seminario-sobre-investigacion-y-acceso-a-medicamentos\/\" \/>\n<meta property=\"og:locale\" content=\"es_ES\" \/>\n<meta property=\"og:type\" content=\"article\" \/>\n<meta property=\"og:title\" content=\"Seminario sobre investigaci\u00f3n y acceso a medicamentos\" \/>\n<meta property=\"og:description\" content=\"Organizado por el Observatorio de Bio\u00e9tica &amp; Derecho de la Facultad de Medicina Cl\u00ednica Alemana Universidad del Desarrollo.\" \/>\n<meta property=\"og:url\" content=\"https:\/\/medicina.udd.cl\/observatorio-bioetica-derecho\/noticias\/2012\/11\/29\/intenso-debate-marco-seminario-sobre-investigacion-y-acceso-a-medicamentos\/\" \/>\n<meta property=\"og:site_name\" content=\"Observatorio de Bio\u00e9tica y Derecho\" \/>\n<meta property=\"article:published_time\" content=\"2012-11-29T12:48:11+00:00\" \/>\n<meta property=\"article:modified_time\" content=\"2013-10-21T18:30:02+00:00\" \/>\n<meta property=\"og:image\" content=\"https:\/\/medicina.udd.cl\/observatorio-bioetica-derecho\/files\/2012\/11\/seminario-acceso-medicamentos-257x3001.jpg\" \/>\n\t<meta property=\"og:image:width\" content=\"450\" \/>\n\t<meta property=\"og:image:height\" content=\"468\" \/>\n\t<meta property=\"og:image:type\" content=\"image\/jpeg\" \/>\n<meta name=\"author\" content=\"anaramirez\" \/>\n<meta name=\"twitter:label1\" content=\"Escrito por\" \/>\n\t<meta name=\"twitter:data1\" content=\"anaramirez\" \/>\n\t<meta name=\"twitter:label2\" content=\"Tiempo de lectura\" \/>\n\t<meta name=\"twitter:data2\" content=\"2 minutos\" \/>\n<script type=\"application\/ld+json\" class=\"yoast-schema-graph\">{\"@context\":\"https:\/\/schema.org\",\"@graph\":[{\"@type\":\"Article\",\"@id\":\"https:\/\/medicina.udd.cl\/observatorio-bioetica-derecho\/noticias\/2012\/11\/29\/intenso-debate-marco-seminario-sobre-investigacion-y-acceso-a-medicamentos\/#article\",\"isPartOf\":{\"@id\":\"https:\/\/medicina.udd.cl\/observatorio-bioetica-derecho\/noticias\/2012\/11\/29\/intenso-debate-marco-seminario-sobre-investigacion-y-acceso-a-medicamentos\/\"},\"author\":{\"name\":\"anaramirez\",\"@id\":\"https:\/\/medicina.udd.cl\/observatorio-bioetica-derecho\/#\/schema\/person\/a6153bcbec1af5c60ee9a54bf350e50e\"},\"headline\":\"Intenso debate marc\u00f3 Seminario sobre Investigaci\u00f3n y Acceso a Medicamentos\",\"datePublished\":\"2012-11-29T12:48:11+00:00\",\"dateModified\":\"2013-10-21T18:30:02+00:00\",\"mainEntityOfPage\":{\"@id\":\"https:\/\/medicina.udd.cl\/observatorio-bioetica-derecho\/noticias\/2012\/11\/29\/intenso-debate-marco-seminario-sobre-investigacion-y-acceso-a-medicamentos\/\"},\"wordCount\":417,\"commentCount\":0,\"image\":{\"@id\":\"https:\/\/medicina.udd.cl\/observatorio-bioetica-derecho\/noticias\/2012\/11\/29\/intenso-debate-marco-seminario-sobre-investigacion-y-acceso-a-medicamentos\/#primaryimage\"},\"thumbnailUrl\":\"https:\/\/medicina.udd.cl\/observatorio-bioetica-derecho\/files\/2012\/11\/seminario-acceso-medicamentos-257x3001.jpg\",\"articleSection\":[\"Noticias\"],\"inLanguage\":\"es\",\"potentialAction\":[{\"@type\":\"CommentAction\",\"name\":\"Comment\",\"target\":[\"https:\/\/medicina.udd.cl\/observatorio-bioetica-derecho\/noticias\/2012\/11\/29\/intenso-debate-marco-seminario-sobre-investigacion-y-acceso-a-medicamentos\/#respond\"]}]},{\"@type\":\"WebPage\",\"@id\":\"https:\/\/medicina.udd.cl\/observatorio-bioetica-derecho\/noticias\/2012\/11\/29\/intenso-debate-marco-seminario-sobre-investigacion-y-acceso-a-medicamentos\/\",\"url\":\"https:\/\/medicina.udd.cl\/observatorio-bioetica-derecho\/noticias\/2012\/11\/29\/intenso-debate-marco-seminario-sobre-investigacion-y-acceso-a-medicamentos\/\",\"name\":\"Seminario sobre investigaci\u00f3n y acceso a medicamentos\",\"isPartOf\":{\"@id\":\"https:\/\/medicina.udd.cl\/observatorio-bioetica-derecho\/#website\"},\"primaryImageOfPage\":{\"@id\":\"https:\/\/medicina.udd.cl\/observatorio-bioetica-derecho\/noticias\/2012\/11\/29\/intenso-debate-marco-seminario-sobre-investigacion-y-acceso-a-medicamentos\/#primaryimage\"},\"image\":{\"@id\":\"https:\/\/medicina.udd.cl\/observatorio-bioetica-derecho\/noticias\/2012\/11\/29\/intenso-debate-marco-seminario-sobre-investigacion-y-acceso-a-medicamentos\/#primaryimage\"},\"thumbnailUrl\":\"https:\/\/medicina.udd.cl\/observatorio-bioetica-derecho\/files\/2012\/11\/seminario-acceso-medicamentos-257x3001.jpg\",\"datePublished\":\"2012-11-29T12:48:11+00:00\",\"dateModified\":\"2013-10-21T18:30:02+00:00\",\"author\":{\"@id\":\"https:\/\/medicina.udd.cl\/observatorio-bioetica-derecho\/#\/schema\/person\/a6153bcbec1af5c60ee9a54bf350e50e\"},\"description\":\"Organizado por el Observatorio de Bio\u00e9tica & Derecho de la Facultad de Medicina Cl\u00ednica Alemana Universidad del Desarrollo.\",\"breadcrumb\":{\"@id\":\"https:\/\/medicina.udd.cl\/observatorio-bioetica-derecho\/noticias\/2012\/11\/29\/intenso-debate-marco-seminario-sobre-investigacion-y-acceso-a-medicamentos\/#breadcrumb\"},\"inLanguage\":\"es\",\"potentialAction\":[{\"@type\":\"ReadAction\",\"target\":[\"https:\/\/medicina.udd.cl\/observatorio-bioetica-derecho\/noticias\/2012\/11\/29\/intenso-debate-marco-seminario-sobre-investigacion-y-acceso-a-medicamentos\/\"]}]},{\"@type\":\"ImageObject\",\"inLanguage\":\"es\",\"@id\":\"https:\/\/medicina.udd.cl\/observatorio-bioetica-derecho\/noticias\/2012\/11\/29\/intenso-debate-marco-seminario-sobre-investigacion-y-acceso-a-medicamentos\/#primaryimage\",\"url\":\"https:\/\/medicina.udd.cl\/observatorio-bioetica-derecho\/files\/2012\/11\/seminario-acceso-medicamentos-257x3001.jpg\",\"contentUrl\":\"https:\/\/medicina.udd.cl\/observatorio-bioetica-derecho\/files\/2012\/11\/seminario-acceso-medicamentos-257x3001.jpg\",\"width\":450,\"height\":468},{\"@type\":\"BreadcrumbList\",\"@id\":\"https:\/\/medicina.udd.cl\/observatorio-bioetica-derecho\/noticias\/2012\/11\/29\/intenso-debate-marco-seminario-sobre-investigacion-y-acceso-a-medicamentos\/#breadcrumb\",\"itemListElement\":[{\"@type\":\"ListItem\",\"position\":1,\"name\":\"Home\",\"item\":\"https:\/\/medicina.udd.cl\/observatorio-bioetica-derecho\/\"},{\"@type\":\"ListItem\",\"position\":2,\"name\":\"Intenso debate marc\u00f3 Seminario sobre Investigaci\u00f3n y Acceso a Medicamentos\"}]},{\"@type\":\"WebSite\",\"@id\":\"https:\/\/medicina.udd.cl\/observatorio-bioetica-derecho\/#website\",\"url\":\"https:\/\/medicina.udd.cl\/observatorio-bioetica-derecho\/\",\"name\":\"Observatorio de Bio\u00e9tica y Derecho\",\"description\":\"Observatorio de Bio\u00e9tica y Derecho\",\"inLanguage\":\"es\"},{\"@type\":\"Person\",\"@id\":\"https:\/\/medicina.udd.cl\/observatorio-bioetica-derecho\/#\/schema\/person\/a6153bcbec1af5c60ee9a54bf350e50e\",\"name\":\"anaramirez\",\"image\":{\"@type\":\"ImageObject\",\"inLanguage\":\"es\",\"@id\":\"https:\/\/medicina.udd.cl\/observatorio-bioetica-derecho\/#\/schema\/person\/image\/\",\"url\":\"https:\/\/secure.gravatar.com\/avatar\/7951b2c13488540f5ce68d55abe3e023f8dff33769284143eb6d9863891b3b24?s=96&d=mm&r=g\",\"contentUrl\":\"https:\/\/secure.gravatar.com\/avatar\/7951b2c13488540f5ce68d55abe3e023f8dff33769284143eb6d9863891b3b24?s=96&d=mm&r=g\",\"caption\":\"anaramirez\"},\"url\":\"https:\/\/medicina.udd.cl\/observatorio-bioetica-derecho\/noticias\/author\/anaramirez\/\"}]}<\/script>\n<!-- \/ Yoast SEO plugin. -->","yoast_head_json":{"title":"Seminario sobre investigaci\u00f3n y acceso a medicamentos","description":"Organizado por el Observatorio de Bio\u00e9tica & Derecho de la Facultad de Medicina Cl\u00ednica Alemana Universidad del Desarrollo.","robots":{"index":"index","follow":"follow","max-snippet":"max-snippet:-1","max-image-preview":"max-image-preview:large","max-video-preview":"max-video-preview:-1"},"canonical":"https:\/\/medicina.udd.cl\/observatorio-bioetica-derecho\/noticias\/2012\/11\/29\/intenso-debate-marco-seminario-sobre-investigacion-y-acceso-a-medicamentos\/","og_locale":"es_ES","og_type":"article","og_title":"Seminario sobre investigaci\u00f3n y acceso a medicamentos","og_description":"Organizado por el Observatorio de Bio\u00e9tica & Derecho de la Facultad de Medicina Cl\u00ednica Alemana Universidad del Desarrollo.","og_url":"https:\/\/medicina.udd.cl\/observatorio-bioetica-derecho\/noticias\/2012\/11\/29\/intenso-debate-marco-seminario-sobre-investigacion-y-acceso-a-medicamentos\/","og_site_name":"Observatorio de Bio\u00e9tica y Derecho","article_published_time":"2012-11-29T12:48:11+00:00","article_modified_time":"2013-10-21T18:30:02+00:00","og_image":[{"width":450,"height":468,"url":"https:\/\/medicina.udd.cl\/observatorio-bioetica-derecho\/files\/2012\/11\/seminario-acceso-medicamentos-257x3001.jpg","type":"image\/jpeg"}],"author":"anaramirez","twitter_misc":{"Escrito por":"anaramirez","Tiempo de lectura":"2 minutos"},"schema":{"@context":"https:\/\/schema.org","@graph":[{"@type":"Article","@id":"https:\/\/medicina.udd.cl\/observatorio-bioetica-derecho\/noticias\/2012\/11\/29\/intenso-debate-marco-seminario-sobre-investigacion-y-acceso-a-medicamentos\/#article","isPartOf":{"@id":"https:\/\/medicina.udd.cl\/observatorio-bioetica-derecho\/noticias\/2012\/11\/29\/intenso-debate-marco-seminario-sobre-investigacion-y-acceso-a-medicamentos\/"},"author":{"name":"anaramirez","@id":"https:\/\/medicina.udd.cl\/observatorio-bioetica-derecho\/#\/schema\/person\/a6153bcbec1af5c60ee9a54bf350e50e"},"headline":"Intenso debate marc\u00f3 Seminario sobre Investigaci\u00f3n y Acceso a Medicamentos","datePublished":"2012-11-29T12:48:11+00:00","dateModified":"2013-10-21T18:30:02+00:00","mainEntityOfPage":{"@id":"https:\/\/medicina.udd.cl\/observatorio-bioetica-derecho\/noticias\/2012\/11\/29\/intenso-debate-marco-seminario-sobre-investigacion-y-acceso-a-medicamentos\/"},"wordCount":417,"commentCount":0,"image":{"@id":"https:\/\/medicina.udd.cl\/observatorio-bioetica-derecho\/noticias\/2012\/11\/29\/intenso-debate-marco-seminario-sobre-investigacion-y-acceso-a-medicamentos\/#primaryimage"},"thumbnailUrl":"https:\/\/medicina.udd.cl\/observatorio-bioetica-derecho\/files\/2012\/11\/seminario-acceso-medicamentos-257x3001.jpg","articleSection":["Noticias"],"inLanguage":"es","potentialAction":[{"@type":"CommentAction","name":"Comment","target":["https:\/\/medicina.udd.cl\/observatorio-bioetica-derecho\/noticias\/2012\/11\/29\/intenso-debate-marco-seminario-sobre-investigacion-y-acceso-a-medicamentos\/#respond"]}]},{"@type":"WebPage","@id":"https:\/\/medicina.udd.cl\/observatorio-bioetica-derecho\/noticias\/2012\/11\/29\/intenso-debate-marco-seminario-sobre-investigacion-y-acceso-a-medicamentos\/","url":"https:\/\/medicina.udd.cl\/observatorio-bioetica-derecho\/noticias\/2012\/11\/29\/intenso-debate-marco-seminario-sobre-investigacion-y-acceso-a-medicamentos\/","name":"Seminario sobre investigaci\u00f3n y acceso a medicamentos","isPartOf":{"@id":"https:\/\/medicina.udd.cl\/observatorio-bioetica-derecho\/#website"},"primaryImageOfPage":{"@id":"https:\/\/medicina.udd.cl\/observatorio-bioetica-derecho\/noticias\/2012\/11\/29\/intenso-debate-marco-seminario-sobre-investigacion-y-acceso-a-medicamentos\/#primaryimage"},"image":{"@id":"https:\/\/medicina.udd.cl\/observatorio-bioetica-derecho\/noticias\/2012\/11\/29\/intenso-debate-marco-seminario-sobre-investigacion-y-acceso-a-medicamentos\/#primaryimage"},"thumbnailUrl":"https:\/\/medicina.udd.cl\/observatorio-bioetica-derecho\/files\/2012\/11\/seminario-acceso-medicamentos-257x3001.jpg","datePublished":"2012-11-29T12:48:11+00:00","dateModified":"2013-10-21T18:30:02+00:00","author":{"@id":"https:\/\/medicina.udd.cl\/observatorio-bioetica-derecho\/#\/schema\/person\/a6153bcbec1af5c60ee9a54bf350e50e"},"description":"Organizado por el Observatorio de Bio\u00e9tica & Derecho de la Facultad de Medicina Cl\u00ednica Alemana Universidad del Desarrollo.","breadcrumb":{"@id":"https:\/\/medicina.udd.cl\/observatorio-bioetica-derecho\/noticias\/2012\/11\/29\/intenso-debate-marco-seminario-sobre-investigacion-y-acceso-a-medicamentos\/#breadcrumb"},"inLanguage":"es","potentialAction":[{"@type":"ReadAction","target":["https:\/\/medicina.udd.cl\/observatorio-bioetica-derecho\/noticias\/2012\/11\/29\/intenso-debate-marco-seminario-sobre-investigacion-y-acceso-a-medicamentos\/"]}]},{"@type":"ImageObject","inLanguage":"es","@id":"https:\/\/medicina.udd.cl\/observatorio-bioetica-derecho\/noticias\/2012\/11\/29\/intenso-debate-marco-seminario-sobre-investigacion-y-acceso-a-medicamentos\/#primaryimage","url":"https:\/\/medicina.udd.cl\/observatorio-bioetica-derecho\/files\/2012\/11\/seminario-acceso-medicamentos-257x3001.jpg","contentUrl":"https:\/\/medicina.udd.cl\/observatorio-bioetica-derecho\/files\/2012\/11\/seminario-acceso-medicamentos-257x3001.jpg","width":450,"height":468},{"@type":"BreadcrumbList","@id":"https:\/\/medicina.udd.cl\/observatorio-bioetica-derecho\/noticias\/2012\/11\/29\/intenso-debate-marco-seminario-sobre-investigacion-y-acceso-a-medicamentos\/#breadcrumb","itemListElement":[{"@type":"ListItem","position":1,"name":"Home","item":"https:\/\/medicina.udd.cl\/observatorio-bioetica-derecho\/"},{"@type":"ListItem","position":2,"name":"Intenso debate marc\u00f3 Seminario sobre Investigaci\u00f3n y Acceso a Medicamentos"}]},{"@type":"WebSite","@id":"https:\/\/medicina.udd.cl\/observatorio-bioetica-derecho\/#website","url":"https:\/\/medicina.udd.cl\/observatorio-bioetica-derecho\/","name":"Observatorio de Bio\u00e9tica y Derecho","description":"Observatorio de Bio\u00e9tica y Derecho","inLanguage":"es"},{"@type":"Person","@id":"https:\/\/medicina.udd.cl\/observatorio-bioetica-derecho\/#\/schema\/person\/a6153bcbec1af5c60ee9a54bf350e50e","name":"anaramirez","image":{"@type":"ImageObject","inLanguage":"es","@id":"https:\/\/medicina.udd.cl\/observatorio-bioetica-derecho\/#\/schema\/person\/image\/","url":"https:\/\/secure.gravatar.com\/avatar\/7951b2c13488540f5ce68d55abe3e023f8dff33769284143eb6d9863891b3b24?s=96&d=mm&r=g","contentUrl":"https:\/\/secure.gravatar.com\/avatar\/7951b2c13488540f5ce68d55abe3e023f8dff33769284143eb6d9863891b3b24?s=96&d=mm&r=g","caption":"anaramirez"},"url":"https:\/\/medicina.udd.cl\/observatorio-bioetica-derecho\/noticias\/author\/anaramirez\/"}]}},"featured_image_url":"https:\/\/medicina.udd.cl\/observatorio-bioetica-derecho\/files\/2012\/11\/seminario-acceso-medicamentos-257x3001.jpg","_links":{"self":[{"href":"https:\/\/medicina.udd.cl\/observatorio-bioetica-derecho\/wp-json\/wp\/v2\/posts\/82","targetHints":{"allow":["GET"]}}],"collection":[{"href":"https:\/\/medicina.udd.cl\/observatorio-bioetica-derecho\/wp-json\/wp\/v2\/posts"}],"about":[{"href":"https:\/\/medicina.udd.cl\/observatorio-bioetica-derecho\/wp-json\/wp\/v2\/types\/post"}],"author":[{"embeddable":true,"href":"https:\/\/medicina.udd.cl\/observatorio-bioetica-derecho\/wp-json\/wp\/v2\/users\/9192194"}],"replies":[{"embeddable":true,"href":"https:\/\/medicina.udd.cl\/observatorio-bioetica-derecho\/wp-json\/wp\/v2\/comments?post=82"}],"version-history":[{"count":7,"href":"https:\/\/medicina.udd.cl\/observatorio-bioetica-derecho\/wp-json\/wp\/v2\/posts\/82\/revisions"}],"predecessor-version":[{"id":248,"href":"https:\/\/medicina.udd.cl\/observatorio-bioetica-derecho\/wp-json\/wp\/v2\/posts\/82\/revisions\/248"}],"wp:featuredmedia":[{"embeddable":true,"href":"https:\/\/medicina.udd.cl\/observatorio-bioetica-derecho\/wp-json\/wp\/v2\/media\/247"}],"wp:attachment":[{"href":"https:\/\/medicina.udd.cl\/observatorio-bioetica-derecho\/wp-json\/wp\/v2\/media?parent=82"}],"wp:term":[{"taxonomy":"category","embeddable":true,"href":"https:\/\/medicina.udd.cl\/observatorio-bioetica-derecho\/wp-json\/wp\/v2\/categories?post=82"},{"taxonomy":"post_tag","embeddable":true,"href":"https:\/\/medicina.udd.cl\/observatorio-bioetica-derecho\/wp-json\/wp\/v2\/tags?post=82"}],"curies":[{"name":"wp","href":"https:\/\/api.w.org\/{rel}","templated":true}]}}