{"id":826,"date":"2015-09-08T09:04:07","date_gmt":"2015-09-08T12:04:07","guid":{"rendered":"http:\/\/medicina.udd.cl\/observatorio-bioetica-derecho\/?p=826"},"modified":"2015-09-08T09:09:51","modified_gmt":"2015-09-08T12:09:51","slug":"director-del-observatorio-expone-en-seminario-sobre-desafios-en-la-investigacion-biomedica-en-chile","status":"publish","type":"post","link":"https:\/\/medicina.udd.cl\/observatorio-bioetica-derecho\/noticias\/2015\/09\/08\/director-del-observatorio-expone-en-seminario-sobre-desafios-en-la-investigacion-biomedica-en-chile\/","title":{"rendered":"Director del Observatorio expone en seminario sobre desaf\u00edos en la investigaci\u00f3n biom\u00e9dica en Chile"},"content":{"rendered":"<p>\u201cDesaf\u00edos que plantean las nuevas regulaciones para la investigaci\u00f3n biom\u00e9dica en Chile\u201d fue el nombre del Seminario organizado por el Comit\u00e9 \u00c9tico Cient\u00edfico de la Facultad de Medicina de la Pontificia Universidad Cat\u00f3lica de Chile (CEC-MedUC).<\/p>\n<p>El encuentro, dirigido a miembros de Comit\u00e9s de \u00c9tica de Investigaci\u00f3n y \u00c9tica Cl\u00ednica, investigadores, industria farmac\u00e9utica, alumnos de postgrado y especialistas en Bio\u00e9tica, cont\u00f3 con la participaci\u00f3n del subsecretario de Salud, doctor Jaime Burrows, adem\u00e1s de las ponencias de expertos en el \u00e1rea.<\/p>\n<p>Entre ellos, se encuentra el director del Observatorio de Bio\u00e9tica y Derecho de la Universidad del Desarrollo, profesor Alberto Lecaros, quien realiz\u00f3 la charla \u201cNuevas regulaciones a la actividad cient\u00edfica en Chile: origen y estado actual\u201d.<\/p>\n<p>Otros de los temas abordados por los invitados fueron el impacto de la nueva regulaci\u00f3n sobre la investigaci\u00f3n en el \u00e1mbito acad\u00e9mico, las proyecciones de los estudios farmac\u00e9uticos en Chile, los derechos de los participantes en estudios cl\u00ednicos, las perspectivas del nuevo marco regulatorio.<\/p>\n<p>El encuentro se realiz\u00f3 el viernes 4 de septiembre en el Hospital Cl\u00ednico de la Pontificia Universidad Cat\u00f3lica de Chile.<\/p>\n","protected":false},"excerpt":{"rendered":"<p>Alberto Lecaros particip\u00f3 en el encuentro organizado por el Comit\u00e9 \u00c9tico Cient\u00edfico de la Facultad de Medicina de la PUC, donde se analizaron los retos que plantean las nuevas regulaciones para el \u00e1rea.<\/p>\n","protected":false},"author":42,"featured_media":0,"comment_status":"open","ping_status":"open","sticky":false,"template":"","format":"standard","meta":{"footnotes":""},"categories":[4],"tags":[],"class_list":["post-826","post","type-post","status-publish","format-standard","hentry","category-noticias"],"yoast_head":"<!-- This site is optimized with the Yoast SEO plugin v26.9 - https:\/\/yoast.com\/product\/yoast-seo-wordpress\/ -->\n<title>Seminario sobre desaf\u00edos en la investigaci\u00f3n biom\u00e9dica en Chile<\/title>\n<meta name=\"description\" content=\"Alberto Lecaros, expuso en el encuentro donde se analizaron los retos para la investigaci\u00f3n biom\u00e9dica, en el marco de la nueva regulaci\u00f3n para el \u00e1rea.\" \/>\n<meta name=\"robots\" content=\"index, follow, max-snippet:-1, max-image-preview:large, max-video-preview:-1\" \/>\n<link rel=\"canonical\" href=\"https:\/\/medicina.udd.cl\/observatorio-bioetica-derecho\/noticias\/2015\/09\/08\/director-del-observatorio-expone-en-seminario-sobre-desafios-en-la-investigacion-biomedica-en-chile\/\" \/>\n<meta property=\"og:locale\" content=\"es_ES\" \/>\n<meta property=\"og:type\" content=\"article\" \/>\n<meta property=\"og:title\" content=\"Seminario sobre desaf\u00edos en la investigaci\u00f3n biom\u00e9dica en Chile\" \/>\n<meta property=\"og:description\" content=\"Alberto Lecaros, expuso en el encuentro donde se analizaron los retos para la investigaci\u00f3n biom\u00e9dica, en el marco de la nueva regulaci\u00f3n para el \u00e1rea.\" \/>\n<meta property=\"og:url\" content=\"https:\/\/medicina.udd.cl\/observatorio-bioetica-derecho\/noticias\/2015\/09\/08\/director-del-observatorio-expone-en-seminario-sobre-desafios-en-la-investigacion-biomedica-en-chile\/\" \/>\n<meta property=\"og:site_name\" content=\"Observatorio de Bio\u00e9tica y Derecho\" \/>\n<meta property=\"article:published_time\" content=\"2015-09-08T12:04:07+00:00\" \/>\n<meta property=\"article:modified_time\" content=\"2015-09-08T12:09:51+00:00\" \/>\n<meta name=\"twitter:label1\" content=\"Escrito por\" \/>\n\t<meta name=\"twitter:data1\" content=\"\" \/>\n\t<meta name=\"twitter:label2\" content=\"Tiempo de lectura\" \/>\n\t<meta name=\"twitter:data2\" content=\"1 minuto\" \/>\n<script type=\"application\/ld+json\" class=\"yoast-schema-graph\">{\"@context\":\"https:\/\/schema.org\",\"@graph\":[{\"@type\":\"Article\",\"@id\":\"https:\/\/medicina.udd.cl\/observatorio-bioetica-derecho\/noticias\/2015\/09\/08\/director-del-observatorio-expone-en-seminario-sobre-desafios-en-la-investigacion-biomedica-en-chile\/#article\",\"isPartOf\":{\"@id\":\"https:\/\/medicina.udd.cl\/observatorio-bioetica-derecho\/noticias\/2015\/09\/08\/director-del-observatorio-expone-en-seminario-sobre-desafios-en-la-investigacion-biomedica-en-chile\/\"},\"author\":{\"name\":\"\",\"@id\":\"\"},\"headline\":\"Director del Observatorio expone en seminario sobre desaf\u00edos en la investigaci\u00f3n biom\u00e9dica en Chile\",\"datePublished\":\"2015-09-08T12:04:07+00:00\",\"dateModified\":\"2015-09-08T12:09:51+00:00\",\"mainEntityOfPage\":{\"@id\":\"https:\/\/medicina.udd.cl\/observatorio-bioetica-derecho\/noticias\/2015\/09\/08\/director-del-observatorio-expone-en-seminario-sobre-desafios-en-la-investigacion-biomedica-en-chile\/\"},\"wordCount\":217,\"commentCount\":0,\"articleSection\":[\"Noticias\"],\"inLanguage\":\"es\",\"potentialAction\":[{\"@type\":\"CommentAction\",\"name\":\"Comment\",\"target\":[\"https:\/\/medicina.udd.cl\/observatorio-bioetica-derecho\/noticias\/2015\/09\/08\/director-del-observatorio-expone-en-seminario-sobre-desafios-en-la-investigacion-biomedica-en-chile\/#respond\"]}]},{\"@type\":\"WebPage\",\"@id\":\"https:\/\/medicina.udd.cl\/observatorio-bioetica-derecho\/noticias\/2015\/09\/08\/director-del-observatorio-expone-en-seminario-sobre-desafios-en-la-investigacion-biomedica-en-chile\/\",\"url\":\"https:\/\/medicina.udd.cl\/observatorio-bioetica-derecho\/noticias\/2015\/09\/08\/director-del-observatorio-expone-en-seminario-sobre-desafios-en-la-investigacion-biomedica-en-chile\/\",\"name\":\"Seminario sobre desaf\u00edos en la investigaci\u00f3n biom\u00e9dica en Chile\",\"isPartOf\":{\"@id\":\"https:\/\/medicina.udd.cl\/observatorio-bioetica-derecho\/#website\"},\"datePublished\":\"2015-09-08T12:04:07+00:00\",\"dateModified\":\"2015-09-08T12:09:51+00:00\",\"author\":{\"@id\":\"\"},\"description\":\"Alberto Lecaros, expuso en el encuentro donde se analizaron los retos para la investigaci\u00f3n biom\u00e9dica, en el marco de la nueva regulaci\u00f3n para el \u00e1rea.\",\"breadcrumb\":{\"@id\":\"https:\/\/medicina.udd.cl\/observatorio-bioetica-derecho\/noticias\/2015\/09\/08\/director-del-observatorio-expone-en-seminario-sobre-desafios-en-la-investigacion-biomedica-en-chile\/#breadcrumb\"},\"inLanguage\":\"es\",\"potentialAction\":[{\"@type\":\"ReadAction\",\"target\":[\"https:\/\/medicina.udd.cl\/observatorio-bioetica-derecho\/noticias\/2015\/09\/08\/director-del-observatorio-expone-en-seminario-sobre-desafios-en-la-investigacion-biomedica-en-chile\/\"]}]},{\"@type\":\"BreadcrumbList\",\"@id\":\"https:\/\/medicina.udd.cl\/observatorio-bioetica-derecho\/noticias\/2015\/09\/08\/director-del-observatorio-expone-en-seminario-sobre-desafios-en-la-investigacion-biomedica-en-chile\/#breadcrumb\",\"itemListElement\":[{\"@type\":\"ListItem\",\"position\":1,\"name\":\"Home\",\"item\":\"https:\/\/medicina.udd.cl\/observatorio-bioetica-derecho\/\"},{\"@type\":\"ListItem\",\"position\":2,\"name\":\"Director del Observatorio expone en seminario sobre desaf\u00edos en la investigaci\u00f3n biom\u00e9dica en Chile\"}]},{\"@type\":\"WebSite\",\"@id\":\"https:\/\/medicina.udd.cl\/observatorio-bioetica-derecho\/#website\",\"url\":\"https:\/\/medicina.udd.cl\/observatorio-bioetica-derecho\/\",\"name\":\"Observatorio de Bio\u00e9tica y Derecho\",\"description\":\"Observatorio de Bio\u00e9tica y Derecho\",\"inLanguage\":\"es\"},{\"@type\":\"Person\",\"@id\":\"\",\"url\":\"https:\/\/medicina.udd.cl\/observatorio-bioetica-derecho\/noticias\/author\/\"}]}<\/script>\n<!-- \/ Yoast SEO plugin. -->","yoast_head_json":{"title":"Seminario sobre desaf\u00edos en la investigaci\u00f3n biom\u00e9dica en Chile","description":"Alberto Lecaros, expuso en el encuentro donde se analizaron los retos para la investigaci\u00f3n biom\u00e9dica, en el marco de la nueva regulaci\u00f3n para el \u00e1rea.","robots":{"index":"index","follow":"follow","max-snippet":"max-snippet:-1","max-image-preview":"max-image-preview:large","max-video-preview":"max-video-preview:-1"},"canonical":"https:\/\/medicina.udd.cl\/observatorio-bioetica-derecho\/noticias\/2015\/09\/08\/director-del-observatorio-expone-en-seminario-sobre-desafios-en-la-investigacion-biomedica-en-chile\/","og_locale":"es_ES","og_type":"article","og_title":"Seminario sobre desaf\u00edos en la investigaci\u00f3n biom\u00e9dica en Chile","og_description":"Alberto Lecaros, expuso en el encuentro donde se analizaron los retos para la investigaci\u00f3n biom\u00e9dica, en el marco de la nueva regulaci\u00f3n para el \u00e1rea.","og_url":"https:\/\/medicina.udd.cl\/observatorio-bioetica-derecho\/noticias\/2015\/09\/08\/director-del-observatorio-expone-en-seminario-sobre-desafios-en-la-investigacion-biomedica-en-chile\/","og_site_name":"Observatorio de Bio\u00e9tica y Derecho","article_published_time":"2015-09-08T12:04:07+00:00","article_modified_time":"2015-09-08T12:09:51+00:00","twitter_misc":{"Escrito por":"","Tiempo de lectura":"1 minuto"},"schema":{"@context":"https:\/\/schema.org","@graph":[{"@type":"Article","@id":"https:\/\/medicina.udd.cl\/observatorio-bioetica-derecho\/noticias\/2015\/09\/08\/director-del-observatorio-expone-en-seminario-sobre-desafios-en-la-investigacion-biomedica-en-chile\/#article","isPartOf":{"@id":"https:\/\/medicina.udd.cl\/observatorio-bioetica-derecho\/noticias\/2015\/09\/08\/director-del-observatorio-expone-en-seminario-sobre-desafios-en-la-investigacion-biomedica-en-chile\/"},"author":{"name":"","@id":""},"headline":"Director del Observatorio expone en seminario sobre desaf\u00edos en la investigaci\u00f3n biom\u00e9dica en Chile","datePublished":"2015-09-08T12:04:07+00:00","dateModified":"2015-09-08T12:09:51+00:00","mainEntityOfPage":{"@id":"https:\/\/medicina.udd.cl\/observatorio-bioetica-derecho\/noticias\/2015\/09\/08\/director-del-observatorio-expone-en-seminario-sobre-desafios-en-la-investigacion-biomedica-en-chile\/"},"wordCount":217,"commentCount":0,"articleSection":["Noticias"],"inLanguage":"es","potentialAction":[{"@type":"CommentAction","name":"Comment","target":["https:\/\/medicina.udd.cl\/observatorio-bioetica-derecho\/noticias\/2015\/09\/08\/director-del-observatorio-expone-en-seminario-sobre-desafios-en-la-investigacion-biomedica-en-chile\/#respond"]}]},{"@type":"WebPage","@id":"https:\/\/medicina.udd.cl\/observatorio-bioetica-derecho\/noticias\/2015\/09\/08\/director-del-observatorio-expone-en-seminario-sobre-desafios-en-la-investigacion-biomedica-en-chile\/","url":"https:\/\/medicina.udd.cl\/observatorio-bioetica-derecho\/noticias\/2015\/09\/08\/director-del-observatorio-expone-en-seminario-sobre-desafios-en-la-investigacion-biomedica-en-chile\/","name":"Seminario sobre desaf\u00edos en la investigaci\u00f3n biom\u00e9dica en Chile","isPartOf":{"@id":"https:\/\/medicina.udd.cl\/observatorio-bioetica-derecho\/#website"},"datePublished":"2015-09-08T12:04:07+00:00","dateModified":"2015-09-08T12:09:51+00:00","author":{"@id":""},"description":"Alberto Lecaros, expuso en el encuentro donde se analizaron los retos para la investigaci\u00f3n biom\u00e9dica, en el marco de la nueva regulaci\u00f3n para el \u00e1rea.","breadcrumb":{"@id":"https:\/\/medicina.udd.cl\/observatorio-bioetica-derecho\/noticias\/2015\/09\/08\/director-del-observatorio-expone-en-seminario-sobre-desafios-en-la-investigacion-biomedica-en-chile\/#breadcrumb"},"inLanguage":"es","potentialAction":[{"@type":"ReadAction","target":["https:\/\/medicina.udd.cl\/observatorio-bioetica-derecho\/noticias\/2015\/09\/08\/director-del-observatorio-expone-en-seminario-sobre-desafios-en-la-investigacion-biomedica-en-chile\/"]}]},{"@type":"BreadcrumbList","@id":"https:\/\/medicina.udd.cl\/observatorio-bioetica-derecho\/noticias\/2015\/09\/08\/director-del-observatorio-expone-en-seminario-sobre-desafios-en-la-investigacion-biomedica-en-chile\/#breadcrumb","itemListElement":[{"@type":"ListItem","position":1,"name":"Home","item":"https:\/\/medicina.udd.cl\/observatorio-bioetica-derecho\/"},{"@type":"ListItem","position":2,"name":"Director del Observatorio expone en seminario sobre desaf\u00edos en la investigaci\u00f3n biom\u00e9dica en Chile"}]},{"@type":"WebSite","@id":"https:\/\/medicina.udd.cl\/observatorio-bioetica-derecho\/#website","url":"https:\/\/medicina.udd.cl\/observatorio-bioetica-derecho\/","name":"Observatorio de Bio\u00e9tica y Derecho","description":"Observatorio de Bio\u00e9tica y Derecho","inLanguage":"es"},{"@type":"Person","@id":"","url":"https:\/\/medicina.udd.cl\/observatorio-bioetica-derecho\/noticias\/author\/"}]}},"featured_image_url":null,"_links":{"self":[{"href":"https:\/\/medicina.udd.cl\/observatorio-bioetica-derecho\/wp-json\/wp\/v2\/posts\/826","targetHints":{"allow":["GET"]}}],"collection":[{"href":"https:\/\/medicina.udd.cl\/observatorio-bioetica-derecho\/wp-json\/wp\/v2\/posts"}],"about":[{"href":"https:\/\/medicina.udd.cl\/observatorio-bioetica-derecho\/wp-json\/wp\/v2\/types\/post"}],"author":[{"embeddable":true,"href":"https:\/\/medicina.udd.cl\/observatorio-bioetica-derecho\/wp-json\/wp\/v2\/users\/42"}],"replies":[{"embeddable":true,"href":"https:\/\/medicina.udd.cl\/observatorio-bioetica-derecho\/wp-json\/wp\/v2\/comments?post=826"}],"version-history":[{"count":6,"href":"https:\/\/medicina.udd.cl\/observatorio-bioetica-derecho\/wp-json\/wp\/v2\/posts\/826\/revisions"}],"predecessor-version":[{"id":830,"href":"https:\/\/medicina.udd.cl\/observatorio-bioetica-derecho\/wp-json\/wp\/v2\/posts\/826\/revisions\/830"}],"wp:attachment":[{"href":"https:\/\/medicina.udd.cl\/observatorio-bioetica-derecho\/wp-json\/wp\/v2\/media?parent=826"}],"wp:term":[{"taxonomy":"category","embeddable":true,"href":"https:\/\/medicina.udd.cl\/observatorio-bioetica-derecho\/wp-json\/wp\/v2\/categories?post=826"},{"taxonomy":"post_tag","embeddable":true,"href":"https:\/\/medicina.udd.cl\/observatorio-bioetica-derecho\/wp-json\/wp\/v2\/tags?post=826"}],"curies":[{"name":"wp","href":"https:\/\/api.w.org\/{rel}","templated":true}]}}