{"id":836,"date":"2015-10-02T11:57:44","date_gmt":"2015-10-02T14:57:44","guid":{"rendered":"http:\/\/medicina.udd.cl\/observatorio-bioetica-derecho\/?p=836"},"modified":"2015-10-02T11:57:44","modified_gmt":"2015-10-02T14:57:44","slug":"docente-del-observatorio-de-bioetica-y-derecho-publica-en-prestigiosas-revistas-internacionales","status":"publish","type":"post","link":"https:\/\/medicina.udd.cl\/observatorio-bioetica-derecho\/noticias\/2015\/10\/02\/docente-del-observatorio-de-bioetica-y-derecho-publica-en-prestigiosas-revistas-internacionales\/","title":{"rendered":"Docente del Observatorio de Bio\u00e9tica y Derecho publica en prestigiosas revistas internacionales"},"content":{"rendered":"<figure id=\"attachment_837\" aria-describedby=\"caption-attachment-837\" style=\"width: 190px\" class=\"wp-caption alignright\"><a href=\"http:\/\/medicina.udd.cl\/observatorio-bioetica-derecho\/files\/2015\/10\/Erick-Vald\u00e9s-.jpg\"><img loading=\"lazy\" decoding=\"async\" class=\" wp-image-837 \" alt=\"\" src=\"http:\/\/medicina.udd.cl\/observatorio-bioetica-derecho\/files\/2015\/10\/Erick-Vald\u00e9s--271x300.jpg\" width=\"190\" height=\"210\" srcset=\"https:\/\/medicina.udd.cl\/observatorio-bioetica-derecho\/files\/2015\/10\/Erick-Vald\u00e9s--271x300.jpg 271w, https:\/\/medicina.udd.cl\/observatorio-bioetica-derecho\/files\/2015\/10\/Erick-Vald\u00e9s--768x850.jpg 768w, https:\/\/medicina.udd.cl\/observatorio-bioetica-derecho\/files\/2015\/10\/Erick-Vald\u00e9s--925x1024.jpg 925w, https:\/\/medicina.udd.cl\/observatorio-bioetica-derecho\/files\/2015\/10\/Erick-Vald\u00e9s--868x960.jpg 868w, https:\/\/medicina.udd.cl\/observatorio-bioetica-derecho\/files\/2015\/10\/Erick-Vald\u00e9s-.jpg 1775w\" sizes=\"auto, (max-width: 190px) 100vw, 190px\" \/><\/a><figcaption id=\"caption-attachment-837\" class=\"wp-caption-text\">Profesor Erick Vald\u00e9s, director de la C\u00e1tedra Internacional de Bioderecho<\/figcaption><\/figure>\n<p style=\"text-align: justify;\">El profesor Erick Vald\u00e9s, director de la C\u00e1tedra Internacional de Bioderecho del Observatorio de Bio\u00e9tica y Derecho UDD, public\u00f3 dos art\u00edculos en prestigiosas revistas internacionales.<\/p>\n<p style=\"text-align: justify;\">Uno de ellos, titulado \u201cHaciendo m\u00e1s pr\u00e1ctico el principialismo: La importancia de la especificaci\u00f3n en bio\u00e9tica\u201d, fue publicado por la Revista Bio\u00e9tica y Derecho de la Universidad de Barcelona.<\/p>\n<p style=\"text-align: justify;\">En el escrito, el profesor Vald\u00e9s examina las fortalezas y debilidades metodol\u00f3gicas del principialismo, concluyendo que una deliberaci\u00f3n eficaz debe estar sustentada en la correcta especificaci\u00f3n de normas generales dentro de normas particulares, proceso que conducir\u00e1 a acortar el alcance vago de los principios, haciendo as\u00ed m\u00e1s pr\u00e1ctico el principialismo.<\/p>\n<p style=\"text-align: justify;\">El segundo art\u00edculo, llamado \u201cBioderecho, da\u00f1o gen\u00e9tico y derechos humanos de cuarta generaci\u00f3n\u201d, fue publicado por el Bolet\u00edn Mexicano de Derecho Comparado de la Universidad Nacional Aut\u00f3noma de M\u00e9xico.<\/p>\n<p style=\"text-align: justify;\">En la publicaci\u00f3n, el profesor Vald\u00e9s se propone clarificar los alcances jur\u00eddicos del bioderecho, defini\u00e9ndolo como un derecho de principios que puede garantizar la identificaci\u00f3n y reconocimiento de bioderechos o derechos humanos de cuarta generaci\u00f3n, en los ordenamientos jur\u00eddicos latinoamericanos, a trav\u00e9s de la recepci\u00f3n constitucional de normas internacionales sobre derechos subjetivos individuales.<\/p>\n<p style=\"text-align: justify;\">Ambas revistas internacionales se encuentran indexadas en prestigiosas bases de datos internacionales, tales como Scielo y Scopus.<\/p>\n<p style=\"text-align: justify;\">Al anterior logro, se suman las invitaciones que Erick Vald\u00e9s ha recibido para dictar siete conferencias magistrales en el extranjero, durante los meses de octubre y noviembre.<\/p>\n<p style=\"text-align: justify;\">En este contexto, visitar\u00e1 la Universidad de La Habana en Cuba; las universidades Externado de Bogot\u00e1 y de Santiago de Cali, en Colombia, y Universidad de Buenos Aires, Argentina, donde abordar\u00e1 las tem\u00e1ticas del bioderecho, justicia transicional, bio\u00e9tica y pluralismo, y teor\u00edas de la justicia.<\/p>\n","protected":false},"excerpt":{"rendered":"<p>A su vez, el profesor Erick Vald\u00e9s fue invitado a dictar diversas conferencias en el extranjero, donde abordar\u00e1 tem\u00e1ticas como el bioderecho, la justicia transicional, bio\u00e9tica y pluralismo, y teor\u00edas de la justicia.<\/p>\n","protected":false},"author":42,"featured_media":837,"comment_status":"open","ping_status":"open","sticky":false,"template":"","format":"standard","meta":{"footnotes":""},"categories":[4],"tags":[],"class_list":["post-836","post","type-post","status-publish","format-standard","has-post-thumbnail","hentry","category-noticias"],"yoast_head":"<!-- This site is optimized with the Yoast SEO plugin v26.9 - https:\/\/yoast.com\/product\/yoast-seo-wordpress\/ -->\n<title>Docente del Observatorio de Bio\u00e9tica y Derecho publica en prestigiosas revistas internacionales<\/title>\n<meta name=\"description\" content=\"Adem\u00e1s, Erick Vald\u00e9s fue invitado a dictar conferencias en el extranjero, donde abordar\u00e1 como el bioderecho, la justicia transicional, bio\u00e9tica y pluralismo, y teor\u00edas de la justicia.\" \/>\n<meta name=\"robots\" content=\"index, follow, max-snippet:-1, max-image-preview:large, max-video-preview:-1\" \/>\n<link rel=\"canonical\" href=\"https:\/\/medicina.udd.cl\/observatorio-bioetica-derecho\/noticias\/2015\/10\/02\/docente-del-observatorio-de-bioetica-y-derecho-publica-en-prestigiosas-revistas-internacionales\/\" \/>\n<meta property=\"og:locale\" content=\"es_ES\" \/>\n<meta property=\"og:type\" content=\"article\" \/>\n<meta property=\"og:title\" content=\"Docente del Observatorio de Bio\u00e9tica y Derecho publica en prestigiosas revistas internacionales\" \/>\n<meta property=\"og:description\" content=\"Adem\u00e1s, Erick Vald\u00e9s fue invitado a dictar conferencias en el extranjero, donde abordar\u00e1 como el bioderecho, la justicia transicional, bio\u00e9tica y pluralismo, y teor\u00edas de la justicia.\" \/>\n<meta property=\"og:url\" content=\"https:\/\/medicina.udd.cl\/observatorio-bioetica-derecho\/noticias\/2015\/10\/02\/docente-del-observatorio-de-bioetica-y-derecho-publica-en-prestigiosas-revistas-internacionales\/\" \/>\n<meta property=\"og:site_name\" content=\"Observatorio de Bio\u00e9tica y Derecho\" \/>\n<meta property=\"article:published_time\" content=\"2015-10-02T14:57:44+00:00\" \/>\n<meta property=\"og:image\" content=\"https:\/\/medicina.udd.cl\/observatorio-bioetica-derecho\/files\/2015\/10\/Erick-Vald\u00e9s-.jpg\" \/>\n\t<meta property=\"og:image:width\" content=\"1775\" \/>\n\t<meta property=\"og:image:height\" content=\"1964\" \/>\n\t<meta property=\"og:image:type\" content=\"image\/jpeg\" \/>\n<meta name=\"twitter:label1\" content=\"Escrito por\" \/>\n\t<meta name=\"twitter:data1\" content=\"\" \/>\n\t<meta name=\"twitter:label2\" content=\"Tiempo de lectura\" \/>\n\t<meta name=\"twitter:data2\" content=\"2 minutos\" \/>\n<script type=\"application\/ld+json\" class=\"yoast-schema-graph\">{\"@context\":\"https:\/\/schema.org\",\"@graph\":[{\"@type\":\"Article\",\"@id\":\"https:\/\/medicina.udd.cl\/observatorio-bioetica-derecho\/noticias\/2015\/10\/02\/docente-del-observatorio-de-bioetica-y-derecho-publica-en-prestigiosas-revistas-internacionales\/#article\",\"isPartOf\":{\"@id\":\"https:\/\/medicina.udd.cl\/observatorio-bioetica-derecho\/noticias\/2015\/10\/02\/docente-del-observatorio-de-bioetica-y-derecho-publica-en-prestigiosas-revistas-internacionales\/\"},\"author\":{\"name\":\"\",\"@id\":\"\"},\"headline\":\"Docente del Observatorio de Bio\u00e9tica y Derecho publica en prestigiosas revistas internacionales\",\"datePublished\":\"2015-10-02T14:57:44+00:00\",\"mainEntityOfPage\":{\"@id\":\"https:\/\/medicina.udd.cl\/observatorio-bioetica-derecho\/noticias\/2015\/10\/02\/docente-del-observatorio-de-bioetica-y-derecho-publica-en-prestigiosas-revistas-internacionales\/\"},\"wordCount\":342,\"commentCount\":0,\"image\":{\"@id\":\"https:\/\/medicina.udd.cl\/observatorio-bioetica-derecho\/noticias\/2015\/10\/02\/docente-del-observatorio-de-bioetica-y-derecho-publica-en-prestigiosas-revistas-internacionales\/#primaryimage\"},\"thumbnailUrl\":\"https:\/\/medicina.udd.cl\/observatorio-bioetica-derecho\/files\/2015\/10\/Erick-Vald\u00e9s-.jpg\",\"articleSection\":[\"Noticias\"],\"inLanguage\":\"es\",\"potentialAction\":[{\"@type\":\"CommentAction\",\"name\":\"Comment\",\"target\":[\"https:\/\/medicina.udd.cl\/observatorio-bioetica-derecho\/noticias\/2015\/10\/02\/docente-del-observatorio-de-bioetica-y-derecho-publica-en-prestigiosas-revistas-internacionales\/#respond\"]}]},{\"@type\":\"WebPage\",\"@id\":\"https:\/\/medicina.udd.cl\/observatorio-bioetica-derecho\/noticias\/2015\/10\/02\/docente-del-observatorio-de-bioetica-y-derecho-publica-en-prestigiosas-revistas-internacionales\/\",\"url\":\"https:\/\/medicina.udd.cl\/observatorio-bioetica-derecho\/noticias\/2015\/10\/02\/docente-del-observatorio-de-bioetica-y-derecho-publica-en-prestigiosas-revistas-internacionales\/\",\"name\":\"Docente del Observatorio de Bio\u00e9tica y Derecho publica en prestigiosas revistas internacionales\",\"isPartOf\":{\"@id\":\"https:\/\/medicina.udd.cl\/observatorio-bioetica-derecho\/#website\"},\"primaryImageOfPage\":{\"@id\":\"https:\/\/medicina.udd.cl\/observatorio-bioetica-derecho\/noticias\/2015\/10\/02\/docente-del-observatorio-de-bioetica-y-derecho-publica-en-prestigiosas-revistas-internacionales\/#primaryimage\"},\"image\":{\"@id\":\"https:\/\/medicina.udd.cl\/observatorio-bioetica-derecho\/noticias\/2015\/10\/02\/docente-del-observatorio-de-bioetica-y-derecho-publica-en-prestigiosas-revistas-internacionales\/#primaryimage\"},\"thumbnailUrl\":\"https:\/\/medicina.udd.cl\/observatorio-bioetica-derecho\/files\/2015\/10\/Erick-Vald\u00e9s-.jpg\",\"datePublished\":\"2015-10-02T14:57:44+00:00\",\"author\":{\"@id\":\"\"},\"description\":\"Adem\u00e1s, Erick Vald\u00e9s fue invitado a dictar conferencias en el extranjero, donde abordar\u00e1 como el bioderecho, la justicia transicional, bio\u00e9tica y pluralismo, y teor\u00edas de la justicia.\",\"breadcrumb\":{\"@id\":\"https:\/\/medicina.udd.cl\/observatorio-bioetica-derecho\/noticias\/2015\/10\/02\/docente-del-observatorio-de-bioetica-y-derecho-publica-en-prestigiosas-revistas-internacionales\/#breadcrumb\"},\"inLanguage\":\"es\",\"potentialAction\":[{\"@type\":\"ReadAction\",\"target\":[\"https:\/\/medicina.udd.cl\/observatorio-bioetica-derecho\/noticias\/2015\/10\/02\/docente-del-observatorio-de-bioetica-y-derecho-publica-en-prestigiosas-revistas-internacionales\/\"]}]},{\"@type\":\"ImageObject\",\"inLanguage\":\"es\",\"@id\":\"https:\/\/medicina.udd.cl\/observatorio-bioetica-derecho\/noticias\/2015\/10\/02\/docente-del-observatorio-de-bioetica-y-derecho-publica-en-prestigiosas-revistas-internacionales\/#primaryimage\",\"url\":\"https:\/\/medicina.udd.cl\/observatorio-bioetica-derecho\/files\/2015\/10\/Erick-Vald\u00e9s-.jpg\",\"contentUrl\":\"https:\/\/medicina.udd.cl\/observatorio-bioetica-derecho\/files\/2015\/10\/Erick-Vald\u00e9s-.jpg\",\"width\":1775,\"height\":1964},{\"@type\":\"BreadcrumbList\",\"@id\":\"https:\/\/medicina.udd.cl\/observatorio-bioetica-derecho\/noticias\/2015\/10\/02\/docente-del-observatorio-de-bioetica-y-derecho-publica-en-prestigiosas-revistas-internacionales\/#breadcrumb\",\"itemListElement\":[{\"@type\":\"ListItem\",\"position\":1,\"name\":\"Home\",\"item\":\"https:\/\/medicina.udd.cl\/observatorio-bioetica-derecho\/\"},{\"@type\":\"ListItem\",\"position\":2,\"name\":\"Docente del Observatorio de Bio\u00e9tica y Derecho publica en prestigiosas revistas internacionales\"}]},{\"@type\":\"WebSite\",\"@id\":\"https:\/\/medicina.udd.cl\/observatorio-bioetica-derecho\/#website\",\"url\":\"https:\/\/medicina.udd.cl\/observatorio-bioetica-derecho\/\",\"name\":\"Observatorio de Bio\u00e9tica y Derecho\",\"description\":\"Observatorio de Bio\u00e9tica y Derecho\",\"inLanguage\":\"es\"},{\"@type\":\"Person\",\"@id\":\"\",\"url\":\"https:\/\/medicina.udd.cl\/observatorio-bioetica-derecho\/noticias\/author\/\"}]}<\/script>\n<!-- \/ Yoast SEO plugin. -->","yoast_head_json":{"title":"Docente del Observatorio de Bio\u00e9tica y Derecho publica en prestigiosas revistas internacionales","description":"Adem\u00e1s, Erick Vald\u00e9s fue invitado a dictar conferencias en el extranjero, donde abordar\u00e1 como el bioderecho, la justicia transicional, bio\u00e9tica y pluralismo, y teor\u00edas de la justicia.","robots":{"index":"index","follow":"follow","max-snippet":"max-snippet:-1","max-image-preview":"max-image-preview:large","max-video-preview":"max-video-preview:-1"},"canonical":"https:\/\/medicina.udd.cl\/observatorio-bioetica-derecho\/noticias\/2015\/10\/02\/docente-del-observatorio-de-bioetica-y-derecho-publica-en-prestigiosas-revistas-internacionales\/","og_locale":"es_ES","og_type":"article","og_title":"Docente del Observatorio de Bio\u00e9tica y Derecho publica en prestigiosas revistas internacionales","og_description":"Adem\u00e1s, Erick Vald\u00e9s fue invitado a dictar conferencias en el extranjero, donde abordar\u00e1 como el bioderecho, la justicia transicional, bio\u00e9tica y pluralismo, y teor\u00edas de la justicia.","og_url":"https:\/\/medicina.udd.cl\/observatorio-bioetica-derecho\/noticias\/2015\/10\/02\/docente-del-observatorio-de-bioetica-y-derecho-publica-en-prestigiosas-revistas-internacionales\/","og_site_name":"Observatorio de Bio\u00e9tica y Derecho","article_published_time":"2015-10-02T14:57:44+00:00","og_image":[{"width":1775,"height":1964,"url":"https:\/\/medicina.udd.cl\/observatorio-bioetica-derecho\/files\/2015\/10\/Erick-Vald\u00e9s-.jpg","type":"image\/jpeg"}],"twitter_misc":{"Escrito por":"","Tiempo de lectura":"2 minutos"},"schema":{"@context":"https:\/\/schema.org","@graph":[{"@type":"Article","@id":"https:\/\/medicina.udd.cl\/observatorio-bioetica-derecho\/noticias\/2015\/10\/02\/docente-del-observatorio-de-bioetica-y-derecho-publica-en-prestigiosas-revistas-internacionales\/#article","isPartOf":{"@id":"https:\/\/medicina.udd.cl\/observatorio-bioetica-derecho\/noticias\/2015\/10\/02\/docente-del-observatorio-de-bioetica-y-derecho-publica-en-prestigiosas-revistas-internacionales\/"},"author":{"name":"","@id":""},"headline":"Docente del Observatorio de Bio\u00e9tica y Derecho publica en prestigiosas revistas internacionales","datePublished":"2015-10-02T14:57:44+00:00","mainEntityOfPage":{"@id":"https:\/\/medicina.udd.cl\/observatorio-bioetica-derecho\/noticias\/2015\/10\/02\/docente-del-observatorio-de-bioetica-y-derecho-publica-en-prestigiosas-revistas-internacionales\/"},"wordCount":342,"commentCount":0,"image":{"@id":"https:\/\/medicina.udd.cl\/observatorio-bioetica-derecho\/noticias\/2015\/10\/02\/docente-del-observatorio-de-bioetica-y-derecho-publica-en-prestigiosas-revistas-internacionales\/#primaryimage"},"thumbnailUrl":"https:\/\/medicina.udd.cl\/observatorio-bioetica-derecho\/files\/2015\/10\/Erick-Vald\u00e9s-.jpg","articleSection":["Noticias"],"inLanguage":"es","potentialAction":[{"@type":"CommentAction","name":"Comment","target":["https:\/\/medicina.udd.cl\/observatorio-bioetica-derecho\/noticias\/2015\/10\/02\/docente-del-observatorio-de-bioetica-y-derecho-publica-en-prestigiosas-revistas-internacionales\/#respond"]}]},{"@type":"WebPage","@id":"https:\/\/medicina.udd.cl\/observatorio-bioetica-derecho\/noticias\/2015\/10\/02\/docente-del-observatorio-de-bioetica-y-derecho-publica-en-prestigiosas-revistas-internacionales\/","url":"https:\/\/medicina.udd.cl\/observatorio-bioetica-derecho\/noticias\/2015\/10\/02\/docente-del-observatorio-de-bioetica-y-derecho-publica-en-prestigiosas-revistas-internacionales\/","name":"Docente del Observatorio de Bio\u00e9tica y Derecho publica en prestigiosas revistas internacionales","isPartOf":{"@id":"https:\/\/medicina.udd.cl\/observatorio-bioetica-derecho\/#website"},"primaryImageOfPage":{"@id":"https:\/\/medicina.udd.cl\/observatorio-bioetica-derecho\/noticias\/2015\/10\/02\/docente-del-observatorio-de-bioetica-y-derecho-publica-en-prestigiosas-revistas-internacionales\/#primaryimage"},"image":{"@id":"https:\/\/medicina.udd.cl\/observatorio-bioetica-derecho\/noticias\/2015\/10\/02\/docente-del-observatorio-de-bioetica-y-derecho-publica-en-prestigiosas-revistas-internacionales\/#primaryimage"},"thumbnailUrl":"https:\/\/medicina.udd.cl\/observatorio-bioetica-derecho\/files\/2015\/10\/Erick-Vald\u00e9s-.jpg","datePublished":"2015-10-02T14:57:44+00:00","author":{"@id":""},"description":"Adem\u00e1s, Erick Vald\u00e9s fue invitado a dictar conferencias en el extranjero, donde abordar\u00e1 como el bioderecho, la justicia transicional, bio\u00e9tica y pluralismo, y teor\u00edas de la justicia.","breadcrumb":{"@id":"https:\/\/medicina.udd.cl\/observatorio-bioetica-derecho\/noticias\/2015\/10\/02\/docente-del-observatorio-de-bioetica-y-derecho-publica-en-prestigiosas-revistas-internacionales\/#breadcrumb"},"inLanguage":"es","potentialAction":[{"@type":"ReadAction","target":["https:\/\/medicina.udd.cl\/observatorio-bioetica-derecho\/noticias\/2015\/10\/02\/docente-del-observatorio-de-bioetica-y-derecho-publica-en-prestigiosas-revistas-internacionales\/"]}]},{"@type":"ImageObject","inLanguage":"es","@id":"https:\/\/medicina.udd.cl\/observatorio-bioetica-derecho\/noticias\/2015\/10\/02\/docente-del-observatorio-de-bioetica-y-derecho-publica-en-prestigiosas-revistas-internacionales\/#primaryimage","url":"https:\/\/medicina.udd.cl\/observatorio-bioetica-derecho\/files\/2015\/10\/Erick-Vald\u00e9s-.jpg","contentUrl":"https:\/\/medicina.udd.cl\/observatorio-bioetica-derecho\/files\/2015\/10\/Erick-Vald\u00e9s-.jpg","width":1775,"height":1964},{"@type":"BreadcrumbList","@id":"https:\/\/medicina.udd.cl\/observatorio-bioetica-derecho\/noticias\/2015\/10\/02\/docente-del-observatorio-de-bioetica-y-derecho-publica-en-prestigiosas-revistas-internacionales\/#breadcrumb","itemListElement":[{"@type":"ListItem","position":1,"name":"Home","item":"https:\/\/medicina.udd.cl\/observatorio-bioetica-derecho\/"},{"@type":"ListItem","position":2,"name":"Docente del Observatorio de Bio\u00e9tica y Derecho publica en prestigiosas revistas internacionales"}]},{"@type":"WebSite","@id":"https:\/\/medicina.udd.cl\/observatorio-bioetica-derecho\/#website","url":"https:\/\/medicina.udd.cl\/observatorio-bioetica-derecho\/","name":"Observatorio de Bio\u00e9tica y Derecho","description":"Observatorio de Bio\u00e9tica y Derecho","inLanguage":"es"},{"@type":"Person","@id":"","url":"https:\/\/medicina.udd.cl\/observatorio-bioetica-derecho\/noticias\/author\/"}]}},"featured_image_url":"https:\/\/medicina.udd.cl\/observatorio-bioetica-derecho\/files\/2015\/10\/Erick-Vald\u00e9s-.jpg","_links":{"self":[{"href":"https:\/\/medicina.udd.cl\/observatorio-bioetica-derecho\/wp-json\/wp\/v2\/posts\/836","targetHints":{"allow":["GET"]}}],"collection":[{"href":"https:\/\/medicina.udd.cl\/observatorio-bioetica-derecho\/wp-json\/wp\/v2\/posts"}],"about":[{"href":"https:\/\/medicina.udd.cl\/observatorio-bioetica-derecho\/wp-json\/wp\/v2\/types\/post"}],"author":[{"embeddable":true,"href":"https:\/\/medicina.udd.cl\/observatorio-bioetica-derecho\/wp-json\/wp\/v2\/users\/42"}],"replies":[{"embeddable":true,"href":"https:\/\/medicina.udd.cl\/observatorio-bioetica-derecho\/wp-json\/wp\/v2\/comments?post=836"}],"version-history":[{"count":1,"href":"https:\/\/medicina.udd.cl\/observatorio-bioetica-derecho\/wp-json\/wp\/v2\/posts\/836\/revisions"}],"predecessor-version":[{"id":838,"href":"https:\/\/medicina.udd.cl\/observatorio-bioetica-derecho\/wp-json\/wp\/v2\/posts\/836\/revisions\/838"}],"wp:featuredmedia":[{"embeddable":true,"href":"https:\/\/medicina.udd.cl\/observatorio-bioetica-derecho\/wp-json\/wp\/v2\/media\/837"}],"wp:attachment":[{"href":"https:\/\/medicina.udd.cl\/observatorio-bioetica-derecho\/wp-json\/wp\/v2\/media?parent=836"}],"wp:term":[{"taxonomy":"category","embeddable":true,"href":"https:\/\/medicina.udd.cl\/observatorio-bioetica-derecho\/wp-json\/wp\/v2\/categories?post=836"},{"taxonomy":"post_tag","embeddable":true,"href":"https:\/\/medicina.udd.cl\/observatorio-bioetica-derecho\/wp-json\/wp\/v2\/tags?post=836"}],"curies":[{"name":"wp","href":"https:\/\/api.w.org\/{rel}","templated":true}]}}