{"id":84,"date":"2012-11-29T09:58:53","date_gmt":"2012-11-29T12:58:53","guid":{"rendered":"http:\/\/medicina.udd.cl\/obd\/?p=84"},"modified":"2013-08-13T17:10:18","modified_gmt":"2013-08-13T21:10:18","slug":"seminario-sobre-reproduccion-humana-asistida","status":"publish","type":"post","link":"https:\/\/medicina.udd.cl\/observatorio-bioetica-derecho\/noticias\/2012\/11\/29\/seminario-sobre-reproduccion-humana-asistida\/","title":{"rendered":"Seminario sobre reproducci\u00f3n humana asistida"},"content":{"rendered":"<p><a href=\"http:\/\/medicina.udd.cl\/observatorio-bioetica-derecho\/files\/2013\/07\/Seminario-Reproducci\u00f3n-humana.jpg\"><img loading=\"lazy\" decoding=\"async\" class=\"aligncenter size-thumbnail wp-image-160\" alt=\"Seminario Reproducci\u00f3n humana\" src=\"http:\/\/medicina.udd.cl\/observatorio-bioetica-derecho\/files\/2013\/07\/Seminario-Reproducci\u00f3n-humana-150x118.jpg\" width=\"150\" height=\"118\" \/><\/a>Preguntas como \u00bfd\u00f3nde empieza la vida?, \u00bfun embri\u00f3n es sujeto de derecho?, \u00bfes la fertilizaci\u00f3n asistida privativa de parejas heterosexuales? fueron \u00a0el marco de la discusi\u00f3n planteada en el <strong>Seminario Acad\u00e9mico \u201cLos problemas \u00e9ticos y jur\u00eddicos de la reproducci\u00f3n humana asistida\u201d<\/strong>, organizado por el <strong>Observatorio de Bio\u00e9tica y Derecho de la Universidad del Desarrollo<\/strong>, en conjunto con las<strong> facultades de Medicina y Derecho<\/strong> del plantel.<\/p>\n<p>La actividad \u2013que cont\u00f3 con la participaci\u00f3n de destacados juristas y m\u00e9dicos del pa\u00eds- tuvo por objetivo central \u00a0analizar propuestas normativas para, como Observatorio, tener un rol activo en el debate de una futura ley de reproducci\u00f3n humana asistida en Chile, haciendo una \u201ccontribuci\u00f3n in\u00e9dita en el pa\u00eds en este di\u00e1logo entre el mundo acad\u00e9mico y el mundo de las pol\u00edticas p\u00fablicas que deber\u00eda darse para construir este cuerpo legal\u201d, seg\u00fan afirm\u00f3 el abogado Juan Alberto Lecaros, coordinador del Observatorio.<\/p>\n<p>En el mismo sentido, el <strong>decano de la Facultad de Derecho UDD, Pablo Rodr\u00edguez<\/strong>, destac\u00f3 la relevancia que tendr\u00e1n los aportes de este nuevo centro de la UDD \u00a0a la discusi\u00f3n legal, ya que \u00e9sta debiera centrarse en una \u201calianza entre el pensamiento jur\u00eddico y los avances cient\u00edficos\u201d y no en lo que \u00e9l denomin\u00f3 la \u201camenaza del b\u00e1rbaro ilustrado\u201d, donde podr\u00edan perderse de vista los valores y el aporte de las ciencias sociales por el predominio de las t\u00e9cnicas cient\u00edficas emergentes.<\/p>\n<p>Uno de los ejes de discusi\u00f3n planteados por el <strong>doctor Juan Pablo Beca, director del Centro de Bio\u00e9tica de la Facultad de Medicina Cl\u00ednica Alemana Universidad del Desarrollo<\/strong>,\u00a0 fue que \u201cel desarrollo del embri\u00f3n es un continuo, porque no existen l\u00edmites exactos\u00a0 o fijos entre las etapas\u201d y, por lo tanto, no es posible determinar cu\u00e1ndo comienza la vida. A la vez que desde su punto de vista el embri\u00f3n es \u201cuna entidad intermedia entre<em>algo<\/em> y\u00a0<em>alguien <\/em>y si bien el embri\u00f3n no tiene dignidad de persona, s\u00ed la tiene como dignidad conferida en cuanto algo\u201d.<\/p>\n<p>El origen de la fertilizaci\u00f3n asistida como posibilidad para que parejas inf\u00e9rtiles puedan tener hijos y la situaci\u00f3n actual donde parejas del mismo sexo, as\u00ed como mujeres \u00a0y\u00a0 hombres solteros est\u00e1n recurriendo a este m\u00e9todo para convertirse en padres tambi\u00e9n fueron parte de la discusi\u00f3n,\u00a0 tal como la injerencia que tendr\u00e1 la nueva Ley Antidiscriminaci\u00f3n de nuestro pa\u00eds en este aspecto.<\/p>\n","protected":false},"excerpt":{"rendered":"<p>Observatorio de Bio\u00e9tica y Derecho organiz\u00f3 esta actividad, con el fin de formular propuestas normativas para una futura ley<\/p>\n","protected":false},"author":9192194,"featured_media":0,"comment_status":"open","ping_status":"open","sticky":false,"template":"","format":"standard","meta":{"footnotes":""},"categories":[4,15],"tags":[],"class_list":["post-84","post","type-post","status-publish","format-standard","hentry","category-noticias","category-sin-categoria"],"yoast_head":"<!-- This site is optimized with the Yoast SEO plugin v26.9 - https:\/\/yoast.com\/product\/yoast-seo-wordpress\/ -->\n<title>Seminario sobre reproducci\u00f3n humana asistida<\/title>\n<meta name=\"description\" content=\"Organizado por el Observatorio de Bio\u00e9tica y Derecho de la Universidad del Desarrollo, en conjunto con las facultades de Medicina y Derecho\" \/>\n<meta name=\"robots\" content=\"index, follow, max-snippet:-1, max-image-preview:large, max-video-preview:-1\" \/>\n<link rel=\"canonical\" href=\"https:\/\/medicina.udd.cl\/observatorio-bioetica-derecho\/noticias\/2012\/11\/29\/seminario-sobre-reproduccion-humana-asistida\/\" \/>\n<meta property=\"og:locale\" content=\"es_ES\" \/>\n<meta property=\"og:type\" content=\"article\" \/>\n<meta property=\"og:title\" content=\"Seminario sobre reproducci\u00f3n humana asistida\" \/>\n<meta property=\"og:description\" content=\"Organizado por el Observatorio de Bio\u00e9tica y Derecho de la Universidad del Desarrollo, en conjunto con las facultades de Medicina y Derecho\" \/>\n<meta property=\"og:url\" content=\"https:\/\/medicina.udd.cl\/observatorio-bioetica-derecho\/noticias\/2012\/11\/29\/seminario-sobre-reproduccion-humana-asistida\/\" \/>\n<meta property=\"og:site_name\" content=\"Observatorio de Bio\u00e9tica y Derecho\" \/>\n<meta property=\"article:published_time\" content=\"2012-11-29T12:58:53+00:00\" \/>\n<meta property=\"article:modified_time\" content=\"2013-08-13T21:10:18+00:00\" \/>\n<meta name=\"author\" content=\"anaramirez\" \/>\n<meta name=\"twitter:label1\" content=\"Escrito por\" \/>\n\t<meta name=\"twitter:data1\" content=\"anaramirez\" \/>\n\t<meta name=\"twitter:label2\" content=\"Tiempo de lectura\" \/>\n\t<meta name=\"twitter:data2\" content=\"2 minutos\" \/>\n<script type=\"application\/ld+json\" class=\"yoast-schema-graph\">{\"@context\":\"https:\/\/schema.org\",\"@graph\":[{\"@type\":\"Article\",\"@id\":\"https:\/\/medicina.udd.cl\/observatorio-bioetica-derecho\/noticias\/2012\/11\/29\/seminario-sobre-reproduccion-humana-asistida\/#article\",\"isPartOf\":{\"@id\":\"https:\/\/medicina.udd.cl\/observatorio-bioetica-derecho\/noticias\/2012\/11\/29\/seminario-sobre-reproduccion-humana-asistida\/\"},\"author\":{\"name\":\"anaramirez\",\"@id\":\"https:\/\/medicina.udd.cl\/observatorio-bioetica-derecho\/#\/schema\/person\/a6153bcbec1af5c60ee9a54bf350e50e\"},\"headline\":\"Seminario sobre reproducci\u00f3n humana asistida\",\"datePublished\":\"2012-11-29T12:58:53+00:00\",\"dateModified\":\"2013-08-13T21:10:18+00:00\",\"mainEntityOfPage\":{\"@id\":\"https:\/\/medicina.udd.cl\/observatorio-bioetica-derecho\/noticias\/2012\/11\/29\/seminario-sobre-reproduccion-humana-asistida\/\"},\"wordCount\":437,\"commentCount\":0,\"articleSection\":[\"Noticias\"],\"inLanguage\":\"es\",\"potentialAction\":[{\"@type\":\"CommentAction\",\"name\":\"Comment\",\"target\":[\"https:\/\/medicina.udd.cl\/observatorio-bioetica-derecho\/noticias\/2012\/11\/29\/seminario-sobre-reproduccion-humana-asistida\/#respond\"]}]},{\"@type\":\"WebPage\",\"@id\":\"https:\/\/medicina.udd.cl\/observatorio-bioetica-derecho\/noticias\/2012\/11\/29\/seminario-sobre-reproduccion-humana-asistida\/\",\"url\":\"https:\/\/medicina.udd.cl\/observatorio-bioetica-derecho\/noticias\/2012\/11\/29\/seminario-sobre-reproduccion-humana-asistida\/\",\"name\":\"Seminario sobre reproducci\u00f3n humana asistida\",\"isPartOf\":{\"@id\":\"https:\/\/medicina.udd.cl\/observatorio-bioetica-derecho\/#website\"},\"datePublished\":\"2012-11-29T12:58:53+00:00\",\"dateModified\":\"2013-08-13T21:10:18+00:00\",\"author\":{\"@id\":\"https:\/\/medicina.udd.cl\/observatorio-bioetica-derecho\/#\/schema\/person\/a6153bcbec1af5c60ee9a54bf350e50e\"},\"description\":\"Organizado por el Observatorio de Bio\u00e9tica y Derecho de la Universidad del Desarrollo, en conjunto con las facultades de Medicina y Derecho\",\"breadcrumb\":{\"@id\":\"https:\/\/medicina.udd.cl\/observatorio-bioetica-derecho\/noticias\/2012\/11\/29\/seminario-sobre-reproduccion-humana-asistida\/#breadcrumb\"},\"inLanguage\":\"es\",\"potentialAction\":[{\"@type\":\"ReadAction\",\"target\":[\"https:\/\/medicina.udd.cl\/observatorio-bioetica-derecho\/noticias\/2012\/11\/29\/seminario-sobre-reproduccion-humana-asistida\/\"]}]},{\"@type\":\"BreadcrumbList\",\"@id\":\"https:\/\/medicina.udd.cl\/observatorio-bioetica-derecho\/noticias\/2012\/11\/29\/seminario-sobre-reproduccion-humana-asistida\/#breadcrumb\",\"itemListElement\":[{\"@type\":\"ListItem\",\"position\":1,\"name\":\"Home\",\"item\":\"https:\/\/medicina.udd.cl\/observatorio-bioetica-derecho\/\"},{\"@type\":\"ListItem\",\"position\":2,\"name\":\"Seminario sobre reproducci\u00f3n humana asistida\"}]},{\"@type\":\"WebSite\",\"@id\":\"https:\/\/medicina.udd.cl\/observatorio-bioetica-derecho\/#website\",\"url\":\"https:\/\/medicina.udd.cl\/observatorio-bioetica-derecho\/\",\"name\":\"Observatorio de Bio\u00e9tica y Derecho\",\"description\":\"Observatorio de Bio\u00e9tica y Derecho\",\"inLanguage\":\"es\"},{\"@type\":\"Person\",\"@id\":\"https:\/\/medicina.udd.cl\/observatorio-bioetica-derecho\/#\/schema\/person\/a6153bcbec1af5c60ee9a54bf350e50e\",\"name\":\"anaramirez\",\"image\":{\"@type\":\"ImageObject\",\"inLanguage\":\"es\",\"@id\":\"https:\/\/medicina.udd.cl\/observatorio-bioetica-derecho\/#\/schema\/person\/image\/\",\"url\":\"https:\/\/secure.gravatar.com\/avatar\/7951b2c13488540f5ce68d55abe3e023f8dff33769284143eb6d9863891b3b24?s=96&d=mm&r=g\",\"contentUrl\":\"https:\/\/secure.gravatar.com\/avatar\/7951b2c13488540f5ce68d55abe3e023f8dff33769284143eb6d9863891b3b24?s=96&d=mm&r=g\",\"caption\":\"anaramirez\"},\"url\":\"https:\/\/medicina.udd.cl\/observatorio-bioetica-derecho\/noticias\/author\/anaramirez\/\"}]}<\/script>\n<!-- \/ Yoast SEO plugin. -->","yoast_head_json":{"title":"Seminario sobre reproducci\u00f3n humana asistida","description":"Organizado por el Observatorio de Bio\u00e9tica y Derecho de la Universidad del Desarrollo, en conjunto con las facultades de Medicina y Derecho","robots":{"index":"index","follow":"follow","max-snippet":"max-snippet:-1","max-image-preview":"max-image-preview:large","max-video-preview":"max-video-preview:-1"},"canonical":"https:\/\/medicina.udd.cl\/observatorio-bioetica-derecho\/noticias\/2012\/11\/29\/seminario-sobre-reproduccion-humana-asistida\/","og_locale":"es_ES","og_type":"article","og_title":"Seminario sobre reproducci\u00f3n humana asistida","og_description":"Organizado por el Observatorio de Bio\u00e9tica y Derecho de la Universidad del Desarrollo, en conjunto con las facultades de Medicina y Derecho","og_url":"https:\/\/medicina.udd.cl\/observatorio-bioetica-derecho\/noticias\/2012\/11\/29\/seminario-sobre-reproduccion-humana-asistida\/","og_site_name":"Observatorio de Bio\u00e9tica y Derecho","article_published_time":"2012-11-29T12:58:53+00:00","article_modified_time":"2013-08-13T21:10:18+00:00","author":"anaramirez","twitter_misc":{"Escrito por":"anaramirez","Tiempo de lectura":"2 minutos"},"schema":{"@context":"https:\/\/schema.org","@graph":[{"@type":"Article","@id":"https:\/\/medicina.udd.cl\/observatorio-bioetica-derecho\/noticias\/2012\/11\/29\/seminario-sobre-reproduccion-humana-asistida\/#article","isPartOf":{"@id":"https:\/\/medicina.udd.cl\/observatorio-bioetica-derecho\/noticias\/2012\/11\/29\/seminario-sobre-reproduccion-humana-asistida\/"},"author":{"name":"anaramirez","@id":"https:\/\/medicina.udd.cl\/observatorio-bioetica-derecho\/#\/schema\/person\/a6153bcbec1af5c60ee9a54bf350e50e"},"headline":"Seminario sobre reproducci\u00f3n humana asistida","datePublished":"2012-11-29T12:58:53+00:00","dateModified":"2013-08-13T21:10:18+00:00","mainEntityOfPage":{"@id":"https:\/\/medicina.udd.cl\/observatorio-bioetica-derecho\/noticias\/2012\/11\/29\/seminario-sobre-reproduccion-humana-asistida\/"},"wordCount":437,"commentCount":0,"articleSection":["Noticias"],"inLanguage":"es","potentialAction":[{"@type":"CommentAction","name":"Comment","target":["https:\/\/medicina.udd.cl\/observatorio-bioetica-derecho\/noticias\/2012\/11\/29\/seminario-sobre-reproduccion-humana-asistida\/#respond"]}]},{"@type":"WebPage","@id":"https:\/\/medicina.udd.cl\/observatorio-bioetica-derecho\/noticias\/2012\/11\/29\/seminario-sobre-reproduccion-humana-asistida\/","url":"https:\/\/medicina.udd.cl\/observatorio-bioetica-derecho\/noticias\/2012\/11\/29\/seminario-sobre-reproduccion-humana-asistida\/","name":"Seminario sobre reproducci\u00f3n humana asistida","isPartOf":{"@id":"https:\/\/medicina.udd.cl\/observatorio-bioetica-derecho\/#website"},"datePublished":"2012-11-29T12:58:53+00:00","dateModified":"2013-08-13T21:10:18+00:00","author":{"@id":"https:\/\/medicina.udd.cl\/observatorio-bioetica-derecho\/#\/schema\/person\/a6153bcbec1af5c60ee9a54bf350e50e"},"description":"Organizado por el Observatorio de Bio\u00e9tica y Derecho de la Universidad del Desarrollo, en conjunto con las facultades de Medicina y Derecho","breadcrumb":{"@id":"https:\/\/medicina.udd.cl\/observatorio-bioetica-derecho\/noticias\/2012\/11\/29\/seminario-sobre-reproduccion-humana-asistida\/#breadcrumb"},"inLanguage":"es","potentialAction":[{"@type":"ReadAction","target":["https:\/\/medicina.udd.cl\/observatorio-bioetica-derecho\/noticias\/2012\/11\/29\/seminario-sobre-reproduccion-humana-asistida\/"]}]},{"@type":"BreadcrumbList","@id":"https:\/\/medicina.udd.cl\/observatorio-bioetica-derecho\/noticias\/2012\/11\/29\/seminario-sobre-reproduccion-humana-asistida\/#breadcrumb","itemListElement":[{"@type":"ListItem","position":1,"name":"Home","item":"https:\/\/medicina.udd.cl\/observatorio-bioetica-derecho\/"},{"@type":"ListItem","position":2,"name":"Seminario sobre reproducci\u00f3n humana asistida"}]},{"@type":"WebSite","@id":"https:\/\/medicina.udd.cl\/observatorio-bioetica-derecho\/#website","url":"https:\/\/medicina.udd.cl\/observatorio-bioetica-derecho\/","name":"Observatorio de Bio\u00e9tica y Derecho","description":"Observatorio de Bio\u00e9tica y Derecho","inLanguage":"es"},{"@type":"Person","@id":"https:\/\/medicina.udd.cl\/observatorio-bioetica-derecho\/#\/schema\/person\/a6153bcbec1af5c60ee9a54bf350e50e","name":"anaramirez","image":{"@type":"ImageObject","inLanguage":"es","@id":"https:\/\/medicina.udd.cl\/observatorio-bioetica-derecho\/#\/schema\/person\/image\/","url":"https:\/\/secure.gravatar.com\/avatar\/7951b2c13488540f5ce68d55abe3e023f8dff33769284143eb6d9863891b3b24?s=96&d=mm&r=g","contentUrl":"https:\/\/secure.gravatar.com\/avatar\/7951b2c13488540f5ce68d55abe3e023f8dff33769284143eb6d9863891b3b24?s=96&d=mm&r=g","caption":"anaramirez"},"url":"https:\/\/medicina.udd.cl\/observatorio-bioetica-derecho\/noticias\/author\/anaramirez\/"}]}},"featured_image_url":null,"_links":{"self":[{"href":"https:\/\/medicina.udd.cl\/observatorio-bioetica-derecho\/wp-json\/wp\/v2\/posts\/84","targetHints":{"allow":["GET"]}}],"collection":[{"href":"https:\/\/medicina.udd.cl\/observatorio-bioetica-derecho\/wp-json\/wp\/v2\/posts"}],"about":[{"href":"https:\/\/medicina.udd.cl\/observatorio-bioetica-derecho\/wp-json\/wp\/v2\/types\/post"}],"author":[{"embeddable":true,"href":"https:\/\/medicina.udd.cl\/observatorio-bioetica-derecho\/wp-json\/wp\/v2\/users\/9192194"}],"replies":[{"embeddable":true,"href":"https:\/\/medicina.udd.cl\/observatorio-bioetica-derecho\/wp-json\/wp\/v2\/comments?post=84"}],"version-history":[{"count":12,"href":"https:\/\/medicina.udd.cl\/observatorio-bioetica-derecho\/wp-json\/wp\/v2\/posts\/84\/revisions"}],"predecessor-version":[{"id":218,"href":"https:\/\/medicina.udd.cl\/observatorio-bioetica-derecho\/wp-json\/wp\/v2\/posts\/84\/revisions\/218"}],"wp:attachment":[{"href":"https:\/\/medicina.udd.cl\/observatorio-bioetica-derecho\/wp-json\/wp\/v2\/media?parent=84"}],"wp:term":[{"taxonomy":"category","embeddable":true,"href":"https:\/\/medicina.udd.cl\/observatorio-bioetica-derecho\/wp-json\/wp\/v2\/categories?post=84"},{"taxonomy":"post_tag","embeddable":true,"href":"https:\/\/medicina.udd.cl\/observatorio-bioetica-derecho\/wp-json\/wp\/v2\/tags?post=84"}],"curies":[{"name":"wp","href":"https:\/\/api.w.org\/{rel}","templated":true}]}}