{"id":841,"date":"2015-12-21T13:04:37","date_gmt":"2015-12-21T16:04:37","guid":{"rendered":"http:\/\/medicina.udd.cl\/observatorio-bioetica-derecho\/?p=841"},"modified":"2015-12-21T15:46:23","modified_gmt":"2015-12-21T18:46:23","slug":"docente-udd-recibe-premio-la-trayectoria-academica-internacional","status":"publish","type":"post","link":"https:\/\/medicina.udd.cl\/observatorio-bioetica-derecho\/noticias\/2015\/12\/21\/docente-udd-recibe-premio-la-trayectoria-academica-internacional\/","title":{"rendered":"Docente UDD recibe premio a la Trayectoria Acad\u00e9mica Internacional"},"content":{"rendered":"<div id=\"gallery-1\" class=\"carousel slide carousel-gallery\" data-ride=\"false\" data-interval=\"false\"><div class=\"carousel-inner\" role=\"listbox\"><figure class=\"carousel-item active\"><img loading=\"lazy\" decoding=\"async\" width=\"453\" height=\"450\" src=\"https:\/\/medicina.udd.cl\/observatorio-bioetica-derecho\/files\/2015\/12\/Premio-Erick-Vald\u00e9s-2.jpg\" class=\"attachment-landscape_952 size-landscape_952 lazyload\" alt=\"\" sizes=\"auto, (max-width: 453px) 100vw, 453px\" data-src=\"https:\/\/medicina.udd.cl\/observatorio-bioetica-derecho\/files\/2015\/12\/Premio-Erick-Vald\u00e9s-2.jpg\" data-srcset=\"https:\/\/medicina.udd.cl\/observatorio-bioetica-derecho\/files\/2015\/12\/Premio-Erick-Vald\u00e9s-2.jpg 453w, https:\/\/medicina.udd.cl\/observatorio-bioetica-derecho\/files\/2015\/12\/Premio-Erick-Vald\u00e9s-2-150x150.jpg 150w, https:\/\/medicina.udd.cl\/observatorio-bioetica-derecho\/files\/2015\/12\/Premio-Erick-Vald\u00e9s-2-300x298.jpg 300w, https:\/\/medicina.udd.cl\/observatorio-bioetica-derecho\/files\/2015\/12\/Premio-Erick-Vald\u00e9s-2-62x62.jpg 62w, https:\/\/medicina.udd.cl\/observatorio-bioetica-derecho\/files\/2015\/12\/Premio-Erick-Vald\u00e9s-2-126x126.jpg 126w\" \/><\/figure><figure class=\"carousel-item\"><img loading=\"lazy\" decoding=\"async\" width=\"575\" height=\"450\" src=\"https:\/\/medicina.udd.cl\/observatorio-bioetica-derecho\/files\/2015\/12\/Premio-Erick-Vald\u00e9s-1.jpg\" class=\"attachment-landscape_952 size-landscape_952 lazyload\" alt=\"\" sizes=\"auto, (max-width: 575px) 100vw, 575px\" data-src=\"https:\/\/medicina.udd.cl\/observatorio-bioetica-derecho\/files\/2015\/12\/Premio-Erick-Vald\u00e9s-1.jpg\" data-srcset=\"https:\/\/medicina.udd.cl\/observatorio-bioetica-derecho\/files\/2015\/12\/Premio-Erick-Vald\u00e9s-1.jpg 575w, https:\/\/medicina.udd.cl\/observatorio-bioetica-derecho\/files\/2015\/12\/Premio-Erick-Vald\u00e9s-1-300x235.jpg 300w\" \/><\/figure><figure class=\"carousel-item\"><img loading=\"lazy\" decoding=\"async\" width=\"551\" height=\"450\" src=\"https:\/\/medicina.udd.cl\/observatorio-bioetica-derecho\/files\/2015\/12\/Premio-Erick-Vald\u00e9s-3.jpg\" class=\"attachment-landscape_952 size-landscape_952 lazyload\" alt=\"\" sizes=\"auto, (max-width: 551px) 100vw, 551px\" data-src=\"https:\/\/medicina.udd.cl\/observatorio-bioetica-derecho\/files\/2015\/12\/Premio-Erick-Vald\u00e9s-3.jpg\" data-srcset=\"https:\/\/medicina.udd.cl\/observatorio-bioetica-derecho\/files\/2015\/12\/Premio-Erick-Vald\u00e9s-3.jpg 551w, https:\/\/medicina.udd.cl\/observatorio-bioetica-derecho\/files\/2015\/12\/Premio-Erick-Vald\u00e9s-3-300x245.jpg 300w\" \/><\/figure><\/div><footer class=\"carousel-footer\"><div class=\"carousel-counter\"><span class=\"carousel-counter-current\"><\/span> \/ <span class=\"carousel-counter-total\"><\/span><\/div><a class=\"carousel-control-prev\" href=\"#gallery-1\" role=\"button\" data-slide=\"prev\"><svg aria-hidden=\"true\" class=\"svg-chevron-left-dims\"><use xlink:href='https:\/\/medicina.udd.cl\/observatorio-bioetica-derecho\/wp-content\/themes\/facultades-2018\/assets\/img\/svg\/dist\/main.svg?version=1695853099#chevron-left'><\/use><\/svg><span class=\"sr-only\">Anterior<\/span><\/a><a class=\"carousel-control-next\" href=\"#gallery-1\" role=\"button\" data-slide=\"next\"><svg aria-hidden=\"true\" class=\"svg-chevron-right-dims\"><use xlink:href='https:\/\/medicina.udd.cl\/observatorio-bioetica-derecho\/wp-content\/themes\/facultades-2018\/assets\/img\/svg\/dist\/main.svg?version=1695853099#chevron-right'><\/use><\/svg><span class=\"sr-only\">Siguiente<\/span><\/a><\/footer><\/div>\n<p style=\"text-align: justify;\">Erick Vald\u00e9s, docente del Observatorio de Bio\u00e9tica y Derecho de la Universidad del Desarrollo y director de la C\u00e1tedra Internacional de Bioderecho, fue el primer chileno en recibir el Premio a la Trayectoria Acad\u00e9mica Internacional que entrega cada a\u00f1o la Universidad de Buenos Aires.<\/p>\n<p style=\"text-align: justify;\">Se trata de un reconocimiento que se otorga al acad\u00e9mico iberoamericano que haya realizado la contribuci\u00f3n m\u00e1s relevante en el \u00e1mbito del Bioderecho y el Derecho de la Salud durante el a\u00f1o, en este caso, 2015.<\/p>\n<p style=\"text-align: justify;\">Seg\u00fan cuenta el profesor Erick Vald\u00e9s, durante la ceremonia se destac\u00f3 que su trabajo ha aportado a la regulaci\u00f3n de las pr\u00e1cticas biom\u00e9dicas en la regi\u00f3n, \u201cintroduciendo nuevas tipolog\u00edas de perjuicios y ampliando el elenco categorial del rubro reparatorio inmaterial del da\u00f1o a la salud\u201d. Agrega que \u201cesta inclusi\u00f3n no obedece a una mirada subjetiva, sino que a una urgente necesidad conectada con los avances biotecnol\u00f3gicos que han modificado para siempre los alcances de la acci\u00f3n humana\u201d.<\/p>\n<p style=\"text-align: justify;\">El acto de premiaci\u00f3n se realiz\u00f3 el 17 de diciembre en el Sal\u00f3n Rojo de la Facultad de Derecho de la casa de estudios argentina, instancia en la que el acad\u00e9mico UDD recibi\u00f3 un diploma que acredita la distinci\u00f3n, adem\u00e1s de ofrecer un discurso de aceptaci\u00f3n del premio.<\/p>\n","protected":false},"excerpt":{"rendered":"<p>Erick Vald\u00e9s, director de la C\u00e1tedra Internacional de Bioderecho, es el primer chileno en recibir el reconocimiento que entrega cada a\u00f1o la Universidad de Buenos Aires.<\/p>\n","protected":false},"author":42,"featured_media":843,"comment_status":"open","ping_status":"open","sticky":false,"template":"","format":"standard","meta":{"footnotes":""},"categories":[4],"tags":[],"class_list":["post-841","post","type-post","status-publish","format-standard","has-post-thumbnail","hentry","category-noticias"],"yoast_head":"<!-- This site is optimized with the Yoast SEO plugin v26.9 - https:\/\/yoast.com\/product\/yoast-seo-wordpress\/ -->\n<title>Docente experto en Bioderecho recibe premio a la Trayectoria Acad\u00e9mica Internacional<\/title>\n<meta name=\"description\" content=\"Erick Vald\u00e9s, director de la C\u00e1tedra Internacional de Bioderecho de la Universidad del Desarrollo, es el primer chileno en recibir el reconocimiento que entrega cada a\u00f1o la Universidad de Buenos Aires.\" \/>\n<meta name=\"robots\" content=\"index, follow, max-snippet:-1, max-image-preview:large, max-video-preview:-1\" \/>\n<link rel=\"canonical\" href=\"https:\/\/medicina.udd.cl\/observatorio-bioetica-derecho\/noticias\/2015\/12\/21\/docente-udd-recibe-premio-la-trayectoria-academica-internacional\/\" \/>\n<meta property=\"og:locale\" content=\"es_ES\" \/>\n<meta property=\"og:type\" content=\"article\" \/>\n<meta property=\"og:title\" content=\"Docente experto en Bioderecho recibe premio a la Trayectoria Acad\u00e9mica Internacional\" \/>\n<meta property=\"og:description\" content=\"Erick Vald\u00e9s, director de la C\u00e1tedra Internacional de Bioderecho de la Universidad del Desarrollo, es el primer chileno en recibir el reconocimiento que entrega cada a\u00f1o la Universidad de Buenos Aires.\" \/>\n<meta property=\"og:url\" content=\"https:\/\/medicina.udd.cl\/observatorio-bioetica-derecho\/noticias\/2015\/12\/21\/docente-udd-recibe-premio-la-trayectoria-academica-internacional\/\" \/>\n<meta property=\"og:site_name\" content=\"Observatorio de Bio\u00e9tica y Derecho\" \/>\n<meta property=\"article:published_time\" content=\"2015-12-21T16:04:37+00:00\" \/>\n<meta property=\"article:modified_time\" content=\"2015-12-21T18:46:23+00:00\" \/>\n<meta property=\"og:image\" content=\"https:\/\/medicina.udd.cl\/observatorio-bioetica-derecho\/files\/2015\/12\/Premio-Erick-Vald\u00e9s-2.jpg\" \/>\n\t<meta property=\"og:image:width\" content=\"453\" \/>\n\t<meta property=\"og:image:height\" content=\"450\" \/>\n\t<meta property=\"og:image:type\" content=\"image\/jpeg\" \/>\n<meta name=\"twitter:label1\" content=\"Escrito por\" \/>\n\t<meta name=\"twitter:data1\" content=\"\" \/>\n\t<meta name=\"twitter:label2\" content=\"Tiempo de lectura\" \/>\n\t<meta name=\"twitter:data2\" content=\"1 minuto\" \/>\n<script type=\"application\/ld+json\" class=\"yoast-schema-graph\">{\"@context\":\"https:\/\/schema.org\",\"@graph\":[{\"@type\":\"Article\",\"@id\":\"https:\/\/medicina.udd.cl\/observatorio-bioetica-derecho\/noticias\/2015\/12\/21\/docente-udd-recibe-premio-la-trayectoria-academica-internacional\/#article\",\"isPartOf\":{\"@id\":\"https:\/\/medicina.udd.cl\/observatorio-bioetica-derecho\/noticias\/2015\/12\/21\/docente-udd-recibe-premio-la-trayectoria-academica-internacional\/\"},\"author\":{\"name\":\"\",\"@id\":\"\"},\"headline\":\"Docente UDD recibe premio a la Trayectoria Acad\u00e9mica Internacional\",\"datePublished\":\"2015-12-21T16:04:37+00:00\",\"dateModified\":\"2015-12-21T18:46:23+00:00\",\"mainEntityOfPage\":{\"@id\":\"https:\/\/medicina.udd.cl\/observatorio-bioetica-derecho\/noticias\/2015\/12\/21\/docente-udd-recibe-premio-la-trayectoria-academica-internacional\/\"},\"wordCount\":241,\"commentCount\":0,\"image\":{\"@id\":\"https:\/\/medicina.udd.cl\/observatorio-bioetica-derecho\/noticias\/2015\/12\/21\/docente-udd-recibe-premio-la-trayectoria-academica-internacional\/#primaryimage\"},\"thumbnailUrl\":\"https:\/\/medicina.udd.cl\/observatorio-bioetica-derecho\/files\/2015\/12\/Premio-Erick-Vald\u00e9s-2.jpg\",\"articleSection\":[\"Noticias\"],\"inLanguage\":\"es\",\"potentialAction\":[{\"@type\":\"CommentAction\",\"name\":\"Comment\",\"target\":[\"https:\/\/medicina.udd.cl\/observatorio-bioetica-derecho\/noticias\/2015\/12\/21\/docente-udd-recibe-premio-la-trayectoria-academica-internacional\/#respond\"]}]},{\"@type\":\"WebPage\",\"@id\":\"https:\/\/medicina.udd.cl\/observatorio-bioetica-derecho\/noticias\/2015\/12\/21\/docente-udd-recibe-premio-la-trayectoria-academica-internacional\/\",\"url\":\"https:\/\/medicina.udd.cl\/observatorio-bioetica-derecho\/noticias\/2015\/12\/21\/docente-udd-recibe-premio-la-trayectoria-academica-internacional\/\",\"name\":\"Docente experto en Bioderecho recibe premio a la Trayectoria Acad\u00e9mica Internacional\",\"isPartOf\":{\"@id\":\"https:\/\/medicina.udd.cl\/observatorio-bioetica-derecho\/#website\"},\"primaryImageOfPage\":{\"@id\":\"https:\/\/medicina.udd.cl\/observatorio-bioetica-derecho\/noticias\/2015\/12\/21\/docente-udd-recibe-premio-la-trayectoria-academica-internacional\/#primaryimage\"},\"image\":{\"@id\":\"https:\/\/medicina.udd.cl\/observatorio-bioetica-derecho\/noticias\/2015\/12\/21\/docente-udd-recibe-premio-la-trayectoria-academica-internacional\/#primaryimage\"},\"thumbnailUrl\":\"https:\/\/medicina.udd.cl\/observatorio-bioetica-derecho\/files\/2015\/12\/Premio-Erick-Vald\u00e9s-2.jpg\",\"datePublished\":\"2015-12-21T16:04:37+00:00\",\"dateModified\":\"2015-12-21T18:46:23+00:00\",\"author\":{\"@id\":\"\"},\"description\":\"Erick Vald\u00e9s, director de la C\u00e1tedra Internacional de Bioderecho de la Universidad del Desarrollo, es el primer chileno en recibir el reconocimiento que entrega cada a\u00f1o la Universidad de Buenos Aires.\",\"breadcrumb\":{\"@id\":\"https:\/\/medicina.udd.cl\/observatorio-bioetica-derecho\/noticias\/2015\/12\/21\/docente-udd-recibe-premio-la-trayectoria-academica-internacional\/#breadcrumb\"},\"inLanguage\":\"es\",\"potentialAction\":[{\"@type\":\"ReadAction\",\"target\":[\"https:\/\/medicina.udd.cl\/observatorio-bioetica-derecho\/noticias\/2015\/12\/21\/docente-udd-recibe-premio-la-trayectoria-academica-internacional\/\"]}]},{\"@type\":\"ImageObject\",\"inLanguage\":\"es\",\"@id\":\"https:\/\/medicina.udd.cl\/observatorio-bioetica-derecho\/noticias\/2015\/12\/21\/docente-udd-recibe-premio-la-trayectoria-academica-internacional\/#primaryimage\",\"url\":\"https:\/\/medicina.udd.cl\/observatorio-bioetica-derecho\/files\/2015\/12\/Premio-Erick-Vald\u00e9s-2.jpg\",\"contentUrl\":\"https:\/\/medicina.udd.cl\/observatorio-bioetica-derecho\/files\/2015\/12\/Premio-Erick-Vald\u00e9s-2.jpg\",\"width\":453,\"height\":450},{\"@type\":\"BreadcrumbList\",\"@id\":\"https:\/\/medicina.udd.cl\/observatorio-bioetica-derecho\/noticias\/2015\/12\/21\/docente-udd-recibe-premio-la-trayectoria-academica-internacional\/#breadcrumb\",\"itemListElement\":[{\"@type\":\"ListItem\",\"position\":1,\"name\":\"Home\",\"item\":\"https:\/\/medicina.udd.cl\/observatorio-bioetica-derecho\/\"},{\"@type\":\"ListItem\",\"position\":2,\"name\":\"Docente UDD recibe premio a la Trayectoria Acad\u00e9mica Internacional\"}]},{\"@type\":\"WebSite\",\"@id\":\"https:\/\/medicina.udd.cl\/observatorio-bioetica-derecho\/#website\",\"url\":\"https:\/\/medicina.udd.cl\/observatorio-bioetica-derecho\/\",\"name\":\"Observatorio de Bio\u00e9tica y Derecho\",\"description\":\"Observatorio de Bio\u00e9tica y Derecho\",\"inLanguage\":\"es\"},{\"@type\":\"Person\",\"@id\":\"\",\"url\":\"https:\/\/medicina.udd.cl\/observatorio-bioetica-derecho\/noticias\/author\/\"}]}<\/script>\n<!-- \/ Yoast SEO plugin. -->","yoast_head_json":{"title":"Docente experto en Bioderecho recibe premio a la Trayectoria Acad\u00e9mica Internacional","description":"Erick Vald\u00e9s, director de la C\u00e1tedra Internacional de Bioderecho de la Universidad del Desarrollo, es el primer chileno en recibir el reconocimiento que entrega cada a\u00f1o la Universidad de Buenos Aires.","robots":{"index":"index","follow":"follow","max-snippet":"max-snippet:-1","max-image-preview":"max-image-preview:large","max-video-preview":"max-video-preview:-1"},"canonical":"https:\/\/medicina.udd.cl\/observatorio-bioetica-derecho\/noticias\/2015\/12\/21\/docente-udd-recibe-premio-la-trayectoria-academica-internacional\/","og_locale":"es_ES","og_type":"article","og_title":"Docente experto en Bioderecho recibe premio a la Trayectoria Acad\u00e9mica Internacional","og_description":"Erick Vald\u00e9s, director de la C\u00e1tedra Internacional de Bioderecho de la Universidad del Desarrollo, es el primer chileno en recibir el reconocimiento que entrega cada a\u00f1o la Universidad de Buenos Aires.","og_url":"https:\/\/medicina.udd.cl\/observatorio-bioetica-derecho\/noticias\/2015\/12\/21\/docente-udd-recibe-premio-la-trayectoria-academica-internacional\/","og_site_name":"Observatorio de Bio\u00e9tica y Derecho","article_published_time":"2015-12-21T16:04:37+00:00","article_modified_time":"2015-12-21T18:46:23+00:00","og_image":[{"width":453,"height":450,"url":"https:\/\/medicina.udd.cl\/observatorio-bioetica-derecho\/files\/2015\/12\/Premio-Erick-Vald\u00e9s-2.jpg","type":"image\/jpeg"}],"twitter_misc":{"Escrito por":"","Tiempo de lectura":"1 minuto"},"schema":{"@context":"https:\/\/schema.org","@graph":[{"@type":"Article","@id":"https:\/\/medicina.udd.cl\/observatorio-bioetica-derecho\/noticias\/2015\/12\/21\/docente-udd-recibe-premio-la-trayectoria-academica-internacional\/#article","isPartOf":{"@id":"https:\/\/medicina.udd.cl\/observatorio-bioetica-derecho\/noticias\/2015\/12\/21\/docente-udd-recibe-premio-la-trayectoria-academica-internacional\/"},"author":{"name":"","@id":""},"headline":"Docente UDD recibe premio a la Trayectoria Acad\u00e9mica Internacional","datePublished":"2015-12-21T16:04:37+00:00","dateModified":"2015-12-21T18:46:23+00:00","mainEntityOfPage":{"@id":"https:\/\/medicina.udd.cl\/observatorio-bioetica-derecho\/noticias\/2015\/12\/21\/docente-udd-recibe-premio-la-trayectoria-academica-internacional\/"},"wordCount":241,"commentCount":0,"image":{"@id":"https:\/\/medicina.udd.cl\/observatorio-bioetica-derecho\/noticias\/2015\/12\/21\/docente-udd-recibe-premio-la-trayectoria-academica-internacional\/#primaryimage"},"thumbnailUrl":"https:\/\/medicina.udd.cl\/observatorio-bioetica-derecho\/files\/2015\/12\/Premio-Erick-Vald\u00e9s-2.jpg","articleSection":["Noticias"],"inLanguage":"es","potentialAction":[{"@type":"CommentAction","name":"Comment","target":["https:\/\/medicina.udd.cl\/observatorio-bioetica-derecho\/noticias\/2015\/12\/21\/docente-udd-recibe-premio-la-trayectoria-academica-internacional\/#respond"]}]},{"@type":"WebPage","@id":"https:\/\/medicina.udd.cl\/observatorio-bioetica-derecho\/noticias\/2015\/12\/21\/docente-udd-recibe-premio-la-trayectoria-academica-internacional\/","url":"https:\/\/medicina.udd.cl\/observatorio-bioetica-derecho\/noticias\/2015\/12\/21\/docente-udd-recibe-premio-la-trayectoria-academica-internacional\/","name":"Docente experto en Bioderecho recibe premio a la Trayectoria Acad\u00e9mica Internacional","isPartOf":{"@id":"https:\/\/medicina.udd.cl\/observatorio-bioetica-derecho\/#website"},"primaryImageOfPage":{"@id":"https:\/\/medicina.udd.cl\/observatorio-bioetica-derecho\/noticias\/2015\/12\/21\/docente-udd-recibe-premio-la-trayectoria-academica-internacional\/#primaryimage"},"image":{"@id":"https:\/\/medicina.udd.cl\/observatorio-bioetica-derecho\/noticias\/2015\/12\/21\/docente-udd-recibe-premio-la-trayectoria-academica-internacional\/#primaryimage"},"thumbnailUrl":"https:\/\/medicina.udd.cl\/observatorio-bioetica-derecho\/files\/2015\/12\/Premio-Erick-Vald\u00e9s-2.jpg","datePublished":"2015-12-21T16:04:37+00:00","dateModified":"2015-12-21T18:46:23+00:00","author":{"@id":""},"description":"Erick Vald\u00e9s, director de la C\u00e1tedra Internacional de Bioderecho de la Universidad del Desarrollo, es el primer chileno en recibir el reconocimiento que entrega cada a\u00f1o la Universidad de Buenos Aires.","breadcrumb":{"@id":"https:\/\/medicina.udd.cl\/observatorio-bioetica-derecho\/noticias\/2015\/12\/21\/docente-udd-recibe-premio-la-trayectoria-academica-internacional\/#breadcrumb"},"inLanguage":"es","potentialAction":[{"@type":"ReadAction","target":["https:\/\/medicina.udd.cl\/observatorio-bioetica-derecho\/noticias\/2015\/12\/21\/docente-udd-recibe-premio-la-trayectoria-academica-internacional\/"]}]},{"@type":"ImageObject","inLanguage":"es","@id":"https:\/\/medicina.udd.cl\/observatorio-bioetica-derecho\/noticias\/2015\/12\/21\/docente-udd-recibe-premio-la-trayectoria-academica-internacional\/#primaryimage","url":"https:\/\/medicina.udd.cl\/observatorio-bioetica-derecho\/files\/2015\/12\/Premio-Erick-Vald\u00e9s-2.jpg","contentUrl":"https:\/\/medicina.udd.cl\/observatorio-bioetica-derecho\/files\/2015\/12\/Premio-Erick-Vald\u00e9s-2.jpg","width":453,"height":450},{"@type":"BreadcrumbList","@id":"https:\/\/medicina.udd.cl\/observatorio-bioetica-derecho\/noticias\/2015\/12\/21\/docente-udd-recibe-premio-la-trayectoria-academica-internacional\/#breadcrumb","itemListElement":[{"@type":"ListItem","position":1,"name":"Home","item":"https:\/\/medicina.udd.cl\/observatorio-bioetica-derecho\/"},{"@type":"ListItem","position":2,"name":"Docente UDD recibe premio a la Trayectoria Acad\u00e9mica Internacional"}]},{"@type":"WebSite","@id":"https:\/\/medicina.udd.cl\/observatorio-bioetica-derecho\/#website","url":"https:\/\/medicina.udd.cl\/observatorio-bioetica-derecho\/","name":"Observatorio de Bio\u00e9tica y Derecho","description":"Observatorio de Bio\u00e9tica y Derecho","inLanguage":"es"},{"@type":"Person","@id":"","url":"https:\/\/medicina.udd.cl\/observatorio-bioetica-derecho\/noticias\/author\/"}]}},"featured_image_url":"https:\/\/medicina.udd.cl\/observatorio-bioetica-derecho\/files\/2015\/12\/Premio-Erick-Vald\u00e9s-2.jpg","_links":{"self":[{"href":"https:\/\/medicina.udd.cl\/observatorio-bioetica-derecho\/wp-json\/wp\/v2\/posts\/841","targetHints":{"allow":["GET"]}}],"collection":[{"href":"https:\/\/medicina.udd.cl\/observatorio-bioetica-derecho\/wp-json\/wp\/v2\/posts"}],"about":[{"href":"https:\/\/medicina.udd.cl\/observatorio-bioetica-derecho\/wp-json\/wp\/v2\/types\/post"}],"author":[{"embeddable":true,"href":"https:\/\/medicina.udd.cl\/observatorio-bioetica-derecho\/wp-json\/wp\/v2\/users\/42"}],"replies":[{"embeddable":true,"href":"https:\/\/medicina.udd.cl\/observatorio-bioetica-derecho\/wp-json\/wp\/v2\/comments?post=841"}],"version-history":[{"count":4,"href":"https:\/\/medicina.udd.cl\/observatorio-bioetica-derecho\/wp-json\/wp\/v2\/posts\/841\/revisions"}],"predecessor-version":[{"id":846,"href":"https:\/\/medicina.udd.cl\/observatorio-bioetica-derecho\/wp-json\/wp\/v2\/posts\/841\/revisions\/846"}],"wp:featuredmedia":[{"embeddable":true,"href":"https:\/\/medicina.udd.cl\/observatorio-bioetica-derecho\/wp-json\/wp\/v2\/media\/843"}],"wp:attachment":[{"href":"https:\/\/medicina.udd.cl\/observatorio-bioetica-derecho\/wp-json\/wp\/v2\/media?parent=841"}],"wp:term":[{"taxonomy":"category","embeddable":true,"href":"https:\/\/medicina.udd.cl\/observatorio-bioetica-derecho\/wp-json\/wp\/v2\/categories?post=841"},{"taxonomy":"post_tag","embeddable":true,"href":"https:\/\/medicina.udd.cl\/observatorio-bioetica-derecho\/wp-json\/wp\/v2\/tags?post=841"}],"curies":[{"name":"wp","href":"https:\/\/api.w.org\/{rel}","templated":true}]}}