{"id":849,"date":"2016-01-19T16:56:00","date_gmt":"2016-01-19T19:56:00","guid":{"rendered":"http:\/\/medicina.udd.cl\/observatorio-bioetica-derecho\/?p=849"},"modified":"2016-01-19T16:56:00","modified_gmt":"2016-01-19T19:56:00","slug":"academico-de-la-udd-participa-en-taller-de-bioetica-de-fondecyt","status":"publish","type":"post","link":"https:\/\/medicina.udd.cl\/observatorio-bioetica-derecho\/noticias\/2016\/01\/19\/academico-de-la-udd-participa-en-taller-de-bioetica-de-fondecyt\/","title":{"rendered":"Acad\u00e9mico de la UDD participa en Taller de Bio\u00e9tica de Fondecyt"},"content":{"rendered":"<p style=\"text-align: justify;\">\u201cRegulaci\u00f3n de la investigaci\u00f3n cient\u00edfica en Chile\u201d, fue el nombre del XI Taller de Bio\u00e9tica del Fondo Nacional de Investigaci\u00f3n Cient\u00edfica y Tecnol\u00f3gica (Fondecyt), que cont\u00f3 con la participaci\u00f3n de destacados especialistas en el tema, entre ellos, el profesor Juan Alberto Lecaros, director del Observatorio de Bio\u00e9tica y Derecho de la Universidad del Desarrollo.<\/p>\n<p style=\"text-align: justify;\">En el encuentro \u2013 organizado por el Comit\u00e9 Asesor de Bio\u00e9tica del organismo- el abogado y acad\u00e9mico de la UDD realiz\u00f3 una charla enfocada a presentar los principales desaf\u00edos y controversias en torno a la investigaci\u00f3n cient\u00edfica en Chile.<\/p>\n<p style=\"text-align: justify;\">Otros de los temas presentados durante el encuentro, tuvieron relaci\u00f3n con las posibilidades de modificar la ley vigente sobre investigaci\u00f3n biom\u00e9dica en el pa\u00eds, las autorizaciones para acceder a fichas cl\u00ednicas de pacientes y poder usar sus muestras, y la compatibilidad de las nuevas normas legales con los est\u00e1ndares \u00e9ticos internacionales, entre otros.<\/p>\n<p style=\"text-align: justify;\">Seg\u00fan cuenta Alberto Lecaros, la importancia del taller fue que se debati\u00f3 en torno a los principales problemas jur\u00eddicos que contiene nuestra legislaci\u00f3n relativa a la investigaci\u00f3n biom\u00e9dica y cl\u00ednica.<\/p>\n<p style=\"text-align: justify;\">Cuenta, adem\u00e1s, que la jornada se estructur\u00f3 en base a exposiciones que plantearan interpretaciones contrapuestas en algunos aspectos cr\u00edticos de nuestra regulaci\u00f3n y \u201ccuriosamente, quienes ten\u00edan posturas retr\u00f3gradas hace dos a\u00f1os, por lo visto gracias al debate p\u00fablico que se ha dado en cuestiones de bioderecho -al cual el Observatorio ha contribuido fuertemente- hoy est\u00e1n abiertos a generar cambios en la legislaci\u00f3n\u201d, afirma.<\/p>\n<p style=\"text-align: justify;\">De este modo, espera que \u201ceste consenso entre especialistas de la bio\u00e9tica y el bioderecho sea \u00a0escuchado por las autoridades regulatorias y parlamentarios para introducir en una nueva pol\u00edtica p\u00fablica de ciencia, tecnolog\u00eda e innovaci\u00f3n, herramientas regulatorias que fomenten las investigaciones biom\u00e9dicas y cl\u00ednicas, respetando adecuadamente los derechos de las personas que participan en ellas\u00bb.<\/p>\n","protected":false},"excerpt":{"rendered":"<p>Se trata del profesor Juan Alberto Lecaros, director del Observatorio de Bio\u00e9tica y Derecho, quien expuso sobre las controversias y desaf\u00edos en torno a la regulaci\u00f3n de la investigaci\u00f3n cient\u00edfica en Chile.<\/p>\n","protected":false},"author":42,"featured_media":850,"comment_status":"open","ping_status":"open","sticky":false,"template":"","format":"standard","meta":{"footnotes":""},"categories":[4],"tags":[],"class_list":["post-849","post","type-post","status-publish","format-standard","has-post-thumbnail","hentry","category-noticias"],"yoast_head":"<!-- This site is optimized with the Yoast SEO plugin v26.9 - https:\/\/yoast.com\/product\/yoast-seo-wordpress\/ -->\n<title>Acad\u00e9mico de la UDD participa en Taller de Bio\u00e9tica de Fondecyt<\/title>\n<meta name=\"description\" content=\"Se trata del profesor Juan Alberto Lecaros, director del Observatorio de Bio\u00e9tica y Derecho, quien expuso sobre las controversias y desaf\u00edos en torno a la regulaci\u00f3n de la investigaci\u00f3n cient\u00edfica en Chile.\" \/>\n<meta name=\"robots\" content=\"index, follow, max-snippet:-1, max-image-preview:large, max-video-preview:-1\" \/>\n<link rel=\"canonical\" href=\"https:\/\/medicina.udd.cl\/observatorio-bioetica-derecho\/noticias\/2016\/01\/19\/academico-de-la-udd-participa-en-taller-de-bioetica-de-fondecyt\/\" \/>\n<meta property=\"og:locale\" content=\"es_ES\" \/>\n<meta property=\"og:type\" content=\"article\" \/>\n<meta property=\"og:title\" content=\"Acad\u00e9mico de la UDD participa en Taller de Bio\u00e9tica de Fondecyt\" \/>\n<meta property=\"og:description\" content=\"Se trata del profesor Juan Alberto Lecaros, director del Observatorio de Bio\u00e9tica y Derecho, quien expuso sobre las controversias y desaf\u00edos en torno a la regulaci\u00f3n de la investigaci\u00f3n cient\u00edfica en Chile.\" \/>\n<meta property=\"og:url\" content=\"https:\/\/medicina.udd.cl\/observatorio-bioetica-derecho\/noticias\/2016\/01\/19\/academico-de-la-udd-participa-en-taller-de-bioetica-de-fondecyt\/\" \/>\n<meta property=\"og:site_name\" content=\"Observatorio de Bio\u00e9tica y Derecho\" \/>\n<meta property=\"article:published_time\" content=\"2016-01-19T19:56:00+00:00\" \/>\n<meta property=\"og:image\" content=\"https:\/\/medicina.udd.cl\/observatorio-bioetica-derecho\/files\/2016\/01\/alberto-1024x684.jpg\" \/>\n\t<meta property=\"og:image:width\" content=\"1024\" \/>\n\t<meta property=\"og:image:height\" content=\"684\" \/>\n\t<meta property=\"og:image:type\" content=\"image\/jpeg\" \/>\n<meta name=\"twitter:label1\" content=\"Escrito por\" \/>\n\t<meta name=\"twitter:data1\" content=\"\" \/>\n\t<meta name=\"twitter:label2\" content=\"Tiempo de lectura\" \/>\n\t<meta name=\"twitter:data2\" content=\"2 minutos\" \/>\n<script type=\"application\/ld+json\" class=\"yoast-schema-graph\">{\"@context\":\"https:\/\/schema.org\",\"@graph\":[{\"@type\":\"Article\",\"@id\":\"https:\/\/medicina.udd.cl\/observatorio-bioetica-derecho\/noticias\/2016\/01\/19\/academico-de-la-udd-participa-en-taller-de-bioetica-de-fondecyt\/#article\",\"isPartOf\":{\"@id\":\"https:\/\/medicina.udd.cl\/observatorio-bioetica-derecho\/noticias\/2016\/01\/19\/academico-de-la-udd-participa-en-taller-de-bioetica-de-fondecyt\/\"},\"author\":{\"name\":\"\",\"@id\":\"\"},\"headline\":\"Acad\u00e9mico de la UDD participa en Taller de Bio\u00e9tica de Fondecyt\",\"datePublished\":\"2016-01-19T19:56:00+00:00\",\"mainEntityOfPage\":{\"@id\":\"https:\/\/medicina.udd.cl\/observatorio-bioetica-derecho\/noticias\/2016\/01\/19\/academico-de-la-udd-participa-en-taller-de-bioetica-de-fondecyt\/\"},\"wordCount\":348,\"commentCount\":0,\"image\":{\"@id\":\"https:\/\/medicina.udd.cl\/observatorio-bioetica-derecho\/noticias\/2016\/01\/19\/academico-de-la-udd-participa-en-taller-de-bioetica-de-fondecyt\/#primaryimage\"},\"thumbnailUrl\":\"https:\/\/medicina.udd.cl\/observatorio-bioetica-derecho\/files\/2016\/01\/alberto.jpg\",\"articleSection\":[\"Noticias\"],\"inLanguage\":\"es\",\"potentialAction\":[{\"@type\":\"CommentAction\",\"name\":\"Comment\",\"target\":[\"https:\/\/medicina.udd.cl\/observatorio-bioetica-derecho\/noticias\/2016\/01\/19\/academico-de-la-udd-participa-en-taller-de-bioetica-de-fondecyt\/#respond\"]}]},{\"@type\":\"WebPage\",\"@id\":\"https:\/\/medicina.udd.cl\/observatorio-bioetica-derecho\/noticias\/2016\/01\/19\/academico-de-la-udd-participa-en-taller-de-bioetica-de-fondecyt\/\",\"url\":\"https:\/\/medicina.udd.cl\/observatorio-bioetica-derecho\/noticias\/2016\/01\/19\/academico-de-la-udd-participa-en-taller-de-bioetica-de-fondecyt\/\",\"name\":\"Acad\u00e9mico de la UDD participa en Taller de Bio\u00e9tica de Fondecyt\",\"isPartOf\":{\"@id\":\"https:\/\/medicina.udd.cl\/observatorio-bioetica-derecho\/#website\"},\"primaryImageOfPage\":{\"@id\":\"https:\/\/medicina.udd.cl\/observatorio-bioetica-derecho\/noticias\/2016\/01\/19\/academico-de-la-udd-participa-en-taller-de-bioetica-de-fondecyt\/#primaryimage\"},\"image\":{\"@id\":\"https:\/\/medicina.udd.cl\/observatorio-bioetica-derecho\/noticias\/2016\/01\/19\/academico-de-la-udd-participa-en-taller-de-bioetica-de-fondecyt\/#primaryimage\"},\"thumbnailUrl\":\"https:\/\/medicina.udd.cl\/observatorio-bioetica-derecho\/files\/2016\/01\/alberto.jpg\",\"datePublished\":\"2016-01-19T19:56:00+00:00\",\"author\":{\"@id\":\"\"},\"description\":\"Se trata del profesor Juan Alberto Lecaros, director del Observatorio de Bio\u00e9tica y Derecho, quien expuso sobre las controversias y desaf\u00edos en torno a la regulaci\u00f3n de la investigaci\u00f3n cient\u00edfica en Chile.\",\"breadcrumb\":{\"@id\":\"https:\/\/medicina.udd.cl\/observatorio-bioetica-derecho\/noticias\/2016\/01\/19\/academico-de-la-udd-participa-en-taller-de-bioetica-de-fondecyt\/#breadcrumb\"},\"inLanguage\":\"es\",\"potentialAction\":[{\"@type\":\"ReadAction\",\"target\":[\"https:\/\/medicina.udd.cl\/observatorio-bioetica-derecho\/noticias\/2016\/01\/19\/academico-de-la-udd-participa-en-taller-de-bioetica-de-fondecyt\/\"]}]},{\"@type\":\"ImageObject\",\"inLanguage\":\"es\",\"@id\":\"https:\/\/medicina.udd.cl\/observatorio-bioetica-derecho\/noticias\/2016\/01\/19\/academico-de-la-udd-participa-en-taller-de-bioetica-de-fondecyt\/#primaryimage\",\"url\":\"https:\/\/medicina.udd.cl\/observatorio-bioetica-derecho\/files\/2016\/01\/alberto.jpg\",\"contentUrl\":\"https:\/\/medicina.udd.cl\/observatorio-bioetica-derecho\/files\/2016\/01\/alberto.jpg\",\"width\":4616,\"height\":3083},{\"@type\":\"BreadcrumbList\",\"@id\":\"https:\/\/medicina.udd.cl\/observatorio-bioetica-derecho\/noticias\/2016\/01\/19\/academico-de-la-udd-participa-en-taller-de-bioetica-de-fondecyt\/#breadcrumb\",\"itemListElement\":[{\"@type\":\"ListItem\",\"position\":1,\"name\":\"Home\",\"item\":\"https:\/\/medicina.udd.cl\/observatorio-bioetica-derecho\/\"},{\"@type\":\"ListItem\",\"position\":2,\"name\":\"Acad\u00e9mico de la UDD participa en Taller de Bio\u00e9tica de Fondecyt\"}]},{\"@type\":\"WebSite\",\"@id\":\"https:\/\/medicina.udd.cl\/observatorio-bioetica-derecho\/#website\",\"url\":\"https:\/\/medicina.udd.cl\/observatorio-bioetica-derecho\/\",\"name\":\"Observatorio de Bio\u00e9tica y Derecho\",\"description\":\"Observatorio de Bio\u00e9tica y Derecho\",\"inLanguage\":\"es\"},{\"@type\":\"Person\",\"@id\":\"\",\"url\":\"https:\/\/medicina.udd.cl\/observatorio-bioetica-derecho\/noticias\/author\/\"}]}<\/script>\n<!-- \/ Yoast SEO plugin. -->","yoast_head_json":{"title":"Acad\u00e9mico de la UDD participa en Taller de Bio\u00e9tica de Fondecyt","description":"Se trata del profesor Juan Alberto Lecaros, director del Observatorio de Bio\u00e9tica y Derecho, quien expuso sobre las controversias y desaf\u00edos en torno a la regulaci\u00f3n de la investigaci\u00f3n cient\u00edfica en Chile.","robots":{"index":"index","follow":"follow","max-snippet":"max-snippet:-1","max-image-preview":"max-image-preview:large","max-video-preview":"max-video-preview:-1"},"canonical":"https:\/\/medicina.udd.cl\/observatorio-bioetica-derecho\/noticias\/2016\/01\/19\/academico-de-la-udd-participa-en-taller-de-bioetica-de-fondecyt\/","og_locale":"es_ES","og_type":"article","og_title":"Acad\u00e9mico de la UDD participa en Taller de Bio\u00e9tica de Fondecyt","og_description":"Se trata del profesor Juan Alberto Lecaros, director del Observatorio de Bio\u00e9tica y Derecho, quien expuso sobre las controversias y desaf\u00edos en torno a la regulaci\u00f3n de la investigaci\u00f3n cient\u00edfica en Chile.","og_url":"https:\/\/medicina.udd.cl\/observatorio-bioetica-derecho\/noticias\/2016\/01\/19\/academico-de-la-udd-participa-en-taller-de-bioetica-de-fondecyt\/","og_site_name":"Observatorio de Bio\u00e9tica y Derecho","article_published_time":"2016-01-19T19:56:00+00:00","og_image":[{"width":1024,"height":684,"url":"https:\/\/medicina.udd.cl\/observatorio-bioetica-derecho\/files\/2016\/01\/alberto-1024x684.jpg","type":"image\/jpeg"}],"twitter_misc":{"Escrito por":"","Tiempo de lectura":"2 minutos"},"schema":{"@context":"https:\/\/schema.org","@graph":[{"@type":"Article","@id":"https:\/\/medicina.udd.cl\/observatorio-bioetica-derecho\/noticias\/2016\/01\/19\/academico-de-la-udd-participa-en-taller-de-bioetica-de-fondecyt\/#article","isPartOf":{"@id":"https:\/\/medicina.udd.cl\/observatorio-bioetica-derecho\/noticias\/2016\/01\/19\/academico-de-la-udd-participa-en-taller-de-bioetica-de-fondecyt\/"},"author":{"name":"","@id":""},"headline":"Acad\u00e9mico de la UDD participa en Taller de Bio\u00e9tica de Fondecyt","datePublished":"2016-01-19T19:56:00+00:00","mainEntityOfPage":{"@id":"https:\/\/medicina.udd.cl\/observatorio-bioetica-derecho\/noticias\/2016\/01\/19\/academico-de-la-udd-participa-en-taller-de-bioetica-de-fondecyt\/"},"wordCount":348,"commentCount":0,"image":{"@id":"https:\/\/medicina.udd.cl\/observatorio-bioetica-derecho\/noticias\/2016\/01\/19\/academico-de-la-udd-participa-en-taller-de-bioetica-de-fondecyt\/#primaryimage"},"thumbnailUrl":"https:\/\/medicina.udd.cl\/observatorio-bioetica-derecho\/files\/2016\/01\/alberto.jpg","articleSection":["Noticias"],"inLanguage":"es","potentialAction":[{"@type":"CommentAction","name":"Comment","target":["https:\/\/medicina.udd.cl\/observatorio-bioetica-derecho\/noticias\/2016\/01\/19\/academico-de-la-udd-participa-en-taller-de-bioetica-de-fondecyt\/#respond"]}]},{"@type":"WebPage","@id":"https:\/\/medicina.udd.cl\/observatorio-bioetica-derecho\/noticias\/2016\/01\/19\/academico-de-la-udd-participa-en-taller-de-bioetica-de-fondecyt\/","url":"https:\/\/medicina.udd.cl\/observatorio-bioetica-derecho\/noticias\/2016\/01\/19\/academico-de-la-udd-participa-en-taller-de-bioetica-de-fondecyt\/","name":"Acad\u00e9mico de la UDD participa en Taller de Bio\u00e9tica de Fondecyt","isPartOf":{"@id":"https:\/\/medicina.udd.cl\/observatorio-bioetica-derecho\/#website"},"primaryImageOfPage":{"@id":"https:\/\/medicina.udd.cl\/observatorio-bioetica-derecho\/noticias\/2016\/01\/19\/academico-de-la-udd-participa-en-taller-de-bioetica-de-fondecyt\/#primaryimage"},"image":{"@id":"https:\/\/medicina.udd.cl\/observatorio-bioetica-derecho\/noticias\/2016\/01\/19\/academico-de-la-udd-participa-en-taller-de-bioetica-de-fondecyt\/#primaryimage"},"thumbnailUrl":"https:\/\/medicina.udd.cl\/observatorio-bioetica-derecho\/files\/2016\/01\/alberto.jpg","datePublished":"2016-01-19T19:56:00+00:00","author":{"@id":""},"description":"Se trata del profesor Juan Alberto Lecaros, director del Observatorio de Bio\u00e9tica y Derecho, quien expuso sobre las controversias y desaf\u00edos en torno a la regulaci\u00f3n de la investigaci\u00f3n cient\u00edfica en Chile.","breadcrumb":{"@id":"https:\/\/medicina.udd.cl\/observatorio-bioetica-derecho\/noticias\/2016\/01\/19\/academico-de-la-udd-participa-en-taller-de-bioetica-de-fondecyt\/#breadcrumb"},"inLanguage":"es","potentialAction":[{"@type":"ReadAction","target":["https:\/\/medicina.udd.cl\/observatorio-bioetica-derecho\/noticias\/2016\/01\/19\/academico-de-la-udd-participa-en-taller-de-bioetica-de-fondecyt\/"]}]},{"@type":"ImageObject","inLanguage":"es","@id":"https:\/\/medicina.udd.cl\/observatorio-bioetica-derecho\/noticias\/2016\/01\/19\/academico-de-la-udd-participa-en-taller-de-bioetica-de-fondecyt\/#primaryimage","url":"https:\/\/medicina.udd.cl\/observatorio-bioetica-derecho\/files\/2016\/01\/alberto.jpg","contentUrl":"https:\/\/medicina.udd.cl\/observatorio-bioetica-derecho\/files\/2016\/01\/alberto.jpg","width":4616,"height":3083},{"@type":"BreadcrumbList","@id":"https:\/\/medicina.udd.cl\/observatorio-bioetica-derecho\/noticias\/2016\/01\/19\/academico-de-la-udd-participa-en-taller-de-bioetica-de-fondecyt\/#breadcrumb","itemListElement":[{"@type":"ListItem","position":1,"name":"Home","item":"https:\/\/medicina.udd.cl\/observatorio-bioetica-derecho\/"},{"@type":"ListItem","position":2,"name":"Acad\u00e9mico de la UDD participa en Taller de Bio\u00e9tica de Fondecyt"}]},{"@type":"WebSite","@id":"https:\/\/medicina.udd.cl\/observatorio-bioetica-derecho\/#website","url":"https:\/\/medicina.udd.cl\/observatorio-bioetica-derecho\/","name":"Observatorio de Bio\u00e9tica y Derecho","description":"Observatorio de Bio\u00e9tica y Derecho","inLanguage":"es"},{"@type":"Person","@id":"","url":"https:\/\/medicina.udd.cl\/observatorio-bioetica-derecho\/noticias\/author\/"}]}},"featured_image_url":"https:\/\/medicina.udd.cl\/observatorio-bioetica-derecho\/files\/2016\/01\/alberto.jpg","_links":{"self":[{"href":"https:\/\/medicina.udd.cl\/observatorio-bioetica-derecho\/wp-json\/wp\/v2\/posts\/849","targetHints":{"allow":["GET"]}}],"collection":[{"href":"https:\/\/medicina.udd.cl\/observatorio-bioetica-derecho\/wp-json\/wp\/v2\/posts"}],"about":[{"href":"https:\/\/medicina.udd.cl\/observatorio-bioetica-derecho\/wp-json\/wp\/v2\/types\/post"}],"author":[{"embeddable":true,"href":"https:\/\/medicina.udd.cl\/observatorio-bioetica-derecho\/wp-json\/wp\/v2\/users\/42"}],"replies":[{"embeddable":true,"href":"https:\/\/medicina.udd.cl\/observatorio-bioetica-derecho\/wp-json\/wp\/v2\/comments?post=849"}],"version-history":[{"count":1,"href":"https:\/\/medicina.udd.cl\/observatorio-bioetica-derecho\/wp-json\/wp\/v2\/posts\/849\/revisions"}],"predecessor-version":[{"id":851,"href":"https:\/\/medicina.udd.cl\/observatorio-bioetica-derecho\/wp-json\/wp\/v2\/posts\/849\/revisions\/851"}],"wp:featuredmedia":[{"embeddable":true,"href":"https:\/\/medicina.udd.cl\/observatorio-bioetica-derecho\/wp-json\/wp\/v2\/media\/850"}],"wp:attachment":[{"href":"https:\/\/medicina.udd.cl\/observatorio-bioetica-derecho\/wp-json\/wp\/v2\/media?parent=849"}],"wp:term":[{"taxonomy":"category","embeddable":true,"href":"https:\/\/medicina.udd.cl\/observatorio-bioetica-derecho\/wp-json\/wp\/v2\/categories?post=849"},{"taxonomy":"post_tag","embeddable":true,"href":"https:\/\/medicina.udd.cl\/observatorio-bioetica-derecho\/wp-json\/wp\/v2\/tags?post=849"}],"curies":[{"name":"wp","href":"https:\/\/api.w.org\/{rel}","templated":true}]}}